{"id":22374,"date":"2020-10-02T08:36:41","date_gmt":"2020-10-02T06:36:41","guid":{"rendered":"https:\/\/www.immobilienbusiness.ch\/?p=22374"},"modified":"2020-10-02T08:36:41","modified_gmt":"2020-10-02T06:36:41","slug":"bund-will-weniger-parkplaetze-in-den-innenstaedten","status":"publish","type":"post","link":"https:\/\/www.immobilienbusiness.ch\/it\/retail\/2020-10-02\/bund-will-weniger-parkplaetze-in-den-innenstaedten\/","title":{"rendered":"Il governo federale vuole meno parcheggi nei centri citt\u00e0"},"content":{"rendered":"<figure id=\"attachment_22386\" aria-describedby=\"caption-attachment-22386\" style=\"width: 680px\" class=\"wp-caption alignnone\"><img loading=\"lazy\" decoding=\"async\" class=\"size-medium wp-image-22386\" src=\"https:\/\/www.immobilienbusiness.ch\/wp-content\/uploads\/2020\/09\/Depositphotos_120616276_s-2019.jpg\" alt=\"\" width=\"680\" height=\"453\" srcset=\"https:\/\/www.immobilienbusiness.ch\/wp-content\/uploads\/2020\/09\/Depositphotos_120616276_s-2019.jpg 999w, https:\/\/www.immobilienbusiness.ch\/wp-content\/uploads\/2020\/09\/Depositphotos_120616276_s-2019-300x200.jpg 300w, https:\/\/www.immobilienbusiness.ch\/wp-content\/uploads\/2020\/09\/Depositphotos_120616276_s-2019-768x511.jpg 768w, https:\/\/www.immobilienbusiness.ch\/wp-content\/uploads\/2020\/09\/Depositphotos_120616276_s-2019-16x12.jpg 16w, https:\/\/www.immobilienbusiness.ch\/wp-content\/uploads\/2020\/09\/Depositphotos_120616276_s-2019-263x175.jpg 263w, https:\/\/www.immobilienbusiness.ch\/wp-content\/uploads\/2020\/09\/Depositphotos_120616276_s-2019-526x350.jpg 526w, https:\/\/www.immobilienbusiness.ch\/wp-content\/uploads\/2020\/09\/Depositphotos_120616276_s-2019-920x612.jpg 920w\" sizes=\"auto, (max-width: 680px) 100vw, 680px\" \/><figcaption id=\"caption-attachment-22386\" class=\"wp-caption-text\">L'offerta di parcheggi nei centri citt\u00e0 sar\u00e0 ridotta (Immagine: joyfull - depositphotos)<\/figcaption><\/figure>\n<p>L'offerta di parcheggi nelle citt\u00e0 \u00e8 \"subordinata\" e deve essere \"ridotta selettivamente\", citano vari media dalla bozza dell'ultimo piano settoriale dei trasporti, che \u00e8 stato sviluppato sotto la direzione dell'Ufficio federale dello sviluppo territoriale (ARE). Il documento \u00e8 stato inviato per la consultazione, che durer\u00e0 fino al 15 dicembre 2020.<\/p>\n<p>Riducendo costantemente il numero di parcheggi a destinazione, il trasporto pubblico, gli spostamenti a piedi e in bicicletta devono essere promossi, afferma il progetto. Al posto dei parcheggi nei centri citt\u00e0, ci saranno \"hub di trasporto\". Questo si riferisce alle stazioni ferroviarie nelle conurbazioni che hanno molti parcheggi e un buon accesso stradale. In futuro, la gente dovrebbe passare al trasporto pubblico in queste stazioni. Nella sua versione finale, il piano settoriale sar\u00e0 vincolante, e le autorit\u00e0 a tutti i livelli dovranno rispettarlo.<\/p>\n<p>C'\u00e8 gi\u00e0 una resistenza a questo piano. L'associazione di categoria, per esempio, dice che la direzione della proposta non \u00e8 favorevole alle imprese. Da un lato, il commercio al dettaglio all'interno delle citt\u00e0 soffrir\u00e0 perch\u00e9 la gente in futuro tender\u00e0 a guidare verso i centri commerciali dove possono trovare facilmente dei parcheggi. Anche gli artigiani e i commercianti di fuori citt\u00e0 che dipendono dai parcheggi nelle citt\u00e0 sarebbero colpiti. <em>(ah)<\/em><\/p>","protected":false},"excerpt":{"rendered":"<p>Secondo la bozza del Piano settoriale dei trasporti, il numero di parcheggi nelle grandi citt\u00e0 deve essere ridotto. L'obiettivo \u00e8 quello di promuovere il trasporto pubblico, la bicicletta e gli spostamenti a piedi.<\/p>","protected":false},"author":3,"featured_media":22386,"comment_status":"closed","ping_status":"open","sticky":false,"template":"","format":"standard","meta":{"_acf_changed":false,"_yoast_wpseo_focuskw":"Parkpl\u00e4tze","_yoast_wpseo_title":"","_yoast_wpseo_metadesc":"Laut dem Entwurf des Sachplan Verkehr soll das Parkplatzangebot in grossen St\u00e4dten abgebaut werden. Damit will man \u00d6V, Velofahren und zu Fuss gehen f\u00f6rdern.","_yoast_wpseo_linkdex":47,"pgc_sgb_lightbox_settings":"","footnotes":""},"categories":[987],"tags":[1365,1579,1643],"class_list":["post-22374","post","type-post","status-publish","format-standard","has-post-thumbnail","hentry","category-retail","tag-infrastruktur","tag-politik","tag-retail"],"acf":[],"yoast_head":"<!-- This site is optimized with the Yoast SEO plugin v27.4 - https:\/\/yoast.com\/product\/yoast-seo-wordpress\/ -->\n<title>Bund will weniger Parkpl\u00e4tze in den Innenst\u00e4dten - IMMOBILIEN Business<\/title>\n<meta name=\"description\" content=\"Laut dem Entwurf des Sachplan Verkehr soll das Parkplatzangebot in grossen St\u00e4dten abgebaut werden. Damit will man \u00d6V, Velofahren und zu Fuss gehen f\u00f6rdern.\" \/>\n<meta name=\"robots\" content=\"index, follow, max-snippet:-1, max-image-preview:large, max-video-preview:-1\" \/>\n<link rel=\"canonical\" href=\"https:\/\/www.immobilienbusiness.ch\/it\/retail\/2020-10-02\/bund-will-weniger-parkplaetze-in-den-innenstaedten\/\" \/>\n<meta property=\"og:locale\" content=\"it_IT\" \/>\n<meta property=\"og:type\" content=\"article\" \/>\n<meta property=\"og:title\" content=\"Bund will weniger Parkpl\u00e4tze in den Innenst\u00e4dten - IMMOBILIEN Business\" \/>\n<meta property=\"og:description\" content=\"Laut dem Entwurf des Sachplan Verkehr soll das Parkplatzangebot in grossen St\u00e4dten abgebaut werden. Damit will man \u00d6V, Velofahren und zu Fuss gehen f\u00f6rdern.\" \/>\n<meta property=\"og:url\" content=\"https:\/\/www.immobilienbusiness.ch\/it\/retail\/2020-10-02\/bund-will-weniger-parkplaetze-in-den-innenstaedten\/\" \/>\n<meta property=\"og:site_name\" content=\"IMMOBILIEN Business\" \/>\n<meta property=\"article:publisher\" content=\"https:\/\/www.facebook.com\/immobilienbusiness\/\" \/>\n<meta property=\"article:published_time\" content=\"2020-10-02T06:36:41+00:00\" \/>\n<meta property=\"og:image\" content=\"https:\/\/www.immobilienbusiness.ch\/wp-content\/uploads\/2020\/09\/Depositphotos_120616276_s-2019.jpg\" \/>\n\t<meta property=\"og:image:width\" content=\"999\" \/>\n\t<meta property=\"og:image:height\" content=\"665\" \/>\n\t<meta property=\"og:image:type\" content=\"image\/jpeg\" \/>\n<meta name=\"author\" content=\"anja.hall\" \/>\n<meta name=\"twitter:card\" content=\"summary_large_image\" \/>\n<meta name=\"twitter:image\" content=\"https:\/\/www.immobilienbusiness.ch\/wp-content\/uploads\/2020\/09\/Depositphotos_120616276_s-2019.jpg\" \/>\n<script type=\"application\/ld+json\" class=\"yoast-schema-graph\">{\"@context\":\"https:\\\/\\\/schema.org\",\"@graph\":[{\"@type\":\"Article\",\"@id\":\"https:\\\/\\\/www.immobilienbusiness.ch\\\/fr\\\/retail\\\/2020-10-02\\\/bund-will-weniger-parkplaetze-in-den-innenstaedten\\\/#article\",\"isPartOf\":{\"@id\":\"https:\\\/\\\/www.immobilienbusiness.ch\\\/fr\\\/retail\\\/2020-10-02\\\/bund-will-weniger-parkplaetze-in-den-innenstaedten\\\/\"},\"author\":{\"name\":\"anja.hall\",\"@id\":\"https:\\\/\\\/www.immobilienbusiness.ch\\\/#\\\/schema\\\/person\\\/3fc036297b10b9f42d6db5ee932af8c8\"},\"headline\":\"Bund will weniger Parkpl\u00e4tze in den Innenst\u00e4dten\",\"datePublished\":\"2020-10-02T06:36:41+00:00\",\"mainEntityOfPage\":{\"@id\":\"https:\\\/\\\/www.immobilienbusiness.ch\\\/fr\\\/retail\\\/2020-10-02\\\/bund-will-weniger-parkplaetze-in-den-innenstaedten\\\/\"},\"wordCount\":218,\"publisher\":{\"@id\":\"https:\\\/\\\/www.immobilienbusiness.ch\\\/#organization\"},\"image\":{\"@id\":\"https:\\\/\\\/www.immobilienbusiness.ch\\\/fr\\\/retail\\\/2020-10-02\\\/bund-will-weniger-parkplaetze-in-den-innenstaedten\\\/#primaryimage\"},\"thumbnailUrl\":\"https:\\\/\\\/www.immobilienbusiness.ch\\\/wp-content\\\/uploads\\\/2020\\\/09\\\/Depositphotos_120616276_s-2019.jpg\",\"keywords\":[\"Infrastruktur\",\"Politik\",\"Retail\"],\"articleSection\":[\"RETAIL\"],\"inLanguage\":\"it-IT\"},{\"@type\":\"WebPage\",\"@id\":\"https:\\\/\\\/www.immobilienbusiness.ch\\\/fr\\\/retail\\\/2020-10-02\\\/bund-will-weniger-parkplaetze-in-den-innenstaedten\\\/\",\"url\":\"https:\\\/\\\/www.immobilienbusiness.ch\\\/fr\\\/retail\\\/2020-10-02\\\/bund-will-weniger-parkplaetze-in-den-innenstaedten\\\/\",\"name\":\"Bund will weniger Parkpl\u00e4tze in den Innenst\u00e4dten - IMMOBILIEN Business\",\"isPartOf\":{\"@id\":\"https:\\\/\\\/www.immobilienbusiness.ch\\\/#website\"},\"primaryImageOfPage\":{\"@id\":\"https:\\\/\\\/www.immobilienbusiness.ch\\\/fr\\\/retail\\\/2020-10-02\\\/bund-will-weniger-parkplaetze-in-den-innenstaedten\\\/#primaryimage\"},\"image\":{\"@id\":\"https:\\\/\\\/www.immobilienbusiness.ch\\\/fr\\\/retail\\\/2020-10-02\\\/bund-will-weniger-parkplaetze-in-den-innenstaedten\\\/#primaryimage\"},\"thumbnailUrl\":\"https:\\\/\\\/www.immobilienbusiness.ch\\\/wp-content\\\/uploads\\\/2020\\\/09\\\/Depositphotos_120616276_s-2019.jpg\",\"datePublished\":\"2020-10-02T06:36:41+00:00\",\"description\":\"Laut dem Entwurf des Sachplan Verkehr soll das Parkplatzangebot in grossen St\u00e4dten abgebaut werden. Damit will man \u00d6V, Velofahren und zu Fuss gehen f\u00f6rdern.\",\"breadcrumb\":{\"@id\":\"https:\\\/\\\/www.immobilienbusiness.ch\\\/fr\\\/retail\\\/2020-10-02\\\/bund-will-weniger-parkplaetze-in-den-innenstaedten\\\/#breadcrumb\"},\"inLanguage\":\"it-IT\",\"potentialAction\":[{\"@type\":\"ReadAction\",\"target\":[\"https:\\\/\\\/www.immobilienbusiness.ch\\\/fr\\\/retail\\\/2020-10-02\\\/bund-will-weniger-parkplaetze-in-den-innenstaedten\\\/\"]}]},{\"@type\":\"ImageObject\",\"inLanguage\":\"it-IT\",\"@id\":\"https:\\\/\\\/www.immobilienbusiness.ch\\\/fr\\\/retail\\\/2020-10-02\\\/bund-will-weniger-parkplaetze-in-den-innenstaedten\\\/#primaryimage\",\"url\":\"https:\\\/\\\/www.immobilienbusiness.ch\\\/wp-content\\\/uploads\\\/2020\\\/09\\\/Depositphotos_120616276_s-2019.jpg\",\"contentUrl\":\"https:\\\/\\\/www.immobilienbusiness.ch\\\/wp-content\\\/uploads\\\/2020\\\/09\\\/Depositphotos_120616276_s-2019.jpg\",\"width\":999,\"height\":665,\"caption\":\"Das Parkplatzangebot in den Innenst\u00e4dten soll reduziert werden (Bild: joyfull - depositphotos)\"},{\"@type\":\"BreadcrumbList\",\"@id\":\"https:\\\/\\\/www.immobilienbusiness.ch\\\/fr\\\/retail\\\/2020-10-02\\\/bund-will-weniger-parkplaetze-in-den-innenstaedten\\\/#breadcrumb\",\"itemListElement\":[{\"@type\":\"ListItem\",\"position\":1,\"name\":\"Home\",\"item\":\"https:\\\/\\\/www.immobilienbusiness.ch\\\/\"},{\"@type\":\"ListItem\",\"position\":2,\"name\":\"Bund will weniger Parkpl\u00e4tze in den Innenst\u00e4dten\"}]},{\"@type\":\"WebSite\",\"@id\":\"https:\\\/\\\/www.immobilienbusiness.ch\\\/#website\",\"url\":\"https:\\\/\\\/www.immobilienbusiness.ch\\\/\",\"name\":\"IMMOBILIEN Business\",\"description\":\"Unabh\u00e4ngiges Schweizer Wirtschaftsmagazin mit Fokus auf Immobilien, Architektur- und Bau sowie Investment- und Finanzierung.\",\"publisher\":{\"@id\":\"https:\\\/\\\/www.immobilienbusiness.ch\\\/#organization\"},\"potentialAction\":[{\"@type\":\"SearchAction\",\"target\":{\"@type\":\"EntryPoint\",\"urlTemplate\":\"https:\\\/\\\/www.immobilienbusiness.ch\\\/?s={search_term_string}\"},\"query-input\":{\"@type\":\"PropertyValueSpecification\",\"valueRequired\":true,\"valueName\":\"search_term_string\"}}],\"inLanguage\":\"it-IT\"},{\"@type\":\"Organization\",\"@id\":\"https:\\\/\\\/www.immobilienbusiness.ch\\\/#organization\",\"name\":\"IMMOBILIEN Business\",\"url\":\"https:\\\/\\\/www.immobilienbusiness.ch\\\/\",\"logo\":{\"@type\":\"ImageObject\",\"inLanguage\":\"it-IT\",\"@id\":\"https:\\\/\\\/www.immobilienbusiness.ch\\\/#\\\/schema\\\/logo\\\/image\\\/\",\"url\":\"https:\\\/\\\/www.immobilienbusiness.ch\\\/wp-content\\\/uploads\\\/2021\\\/07\\\/logo_ib.png\",\"contentUrl\":\"https:\\\/\\\/www.immobilienbusiness.ch\\\/wp-content\\\/uploads\\\/2021\\\/07\\\/logo_ib.png\",\"width\":800,\"height\":181,\"caption\":\"IMMOBILIEN Business\"},\"image\":{\"@id\":\"https:\\\/\\\/www.immobilienbusiness.ch\\\/#\\\/schema\\\/logo\\\/image\\\/\"},\"sameAs\":[\"https:\\\/\\\/www.facebook.com\\\/immobilienbusiness\\\/\"]},{\"@type\":\"Person\",\"@id\":\"https:\\\/\\\/www.immobilienbusiness.ch\\\/#\\\/schema\\\/person\\\/3fc036297b10b9f42d6db5ee932af8c8\",\"name\":\"anja.hall\",\"image\":{\"@type\":\"ImageObject\",\"inLanguage\":\"it-IT\",\"@id\":\"https:\\\/\\\/secure.gravatar.com\\\/avatar\\\/066b5a0d447013502c71a5782f4f3469f03cfe595cc2329fb94652fe47511bfb?s=96&d=mm&r=g\",\"url\":\"https:\\\/\\\/secure.gravatar.com\\\/avatar\\\/066b5a0d447013502c71a5782f4f3469f03cfe595cc2329fb94652fe47511bfb?s=96&d=mm&r=g\",\"contentUrl\":\"https:\\\/\\\/secure.gravatar.com\\\/avatar\\\/066b5a0d447013502c71a5782f4f3469f03cfe595cc2329fb94652fe47511bfb?s=96&d=mm&r=g\",\"caption\":\"anja.hall\"},\"url\":\"https:\\\/\\\/www.immobilienbusiness.ch\\\/it\\\/author\\\/anja-hall\\\/\"}]}<\/script>\n<!-- \/ Yoast SEO plugin. -->","yoast_head_json":{"title":"Bund will weniger Parkpl\u00e4tze in den Innenst\u00e4dten - IMMOBILIEN Business","description":"Laut dem Entwurf des Sachplan Verkehr soll das Parkplatzangebot in grossen St\u00e4dten abgebaut werden. Damit will man \u00d6V, Velofahren und zu Fuss gehen f\u00f6rdern.","robots":{"index":"index","follow":"follow","max-snippet":"max-snippet:-1","max-image-preview":"max-image-preview:large","max-video-preview":"max-video-preview:-1"},"canonical":"https:\/\/www.immobilienbusiness.ch\/it\/retail\/2020-10-02\/bund-will-weniger-parkplaetze-in-den-innenstaedten\/","og_locale":"it_IT","og_type":"article","og_title":"Bund will weniger Parkpl\u00e4tze in den Innenst\u00e4dten - IMMOBILIEN Business","og_description":"Laut dem Entwurf des Sachplan Verkehr soll das Parkplatzangebot in grossen St\u00e4dten abgebaut werden. Damit will man \u00d6V, Velofahren und zu Fuss gehen f\u00f6rdern.","og_url":"https:\/\/www.immobilienbusiness.ch\/it\/retail\/2020-10-02\/bund-will-weniger-parkplaetze-in-den-innenstaedten\/","og_site_name":"IMMOBILIEN Business","article_publisher":"https:\/\/www.facebook.com\/immobilienbusiness\/","article_published_time":"2020-10-02T06:36:41+00:00","og_image":[{"width":999,"height":665,"url":"https:\/\/www.immobilienbusiness.ch\/wp-content\/uploads\/2020\/09\/Depositphotos_120616276_s-2019.jpg","type":"image\/jpeg"}],"author":"anja.hall","twitter_card":"summary_large_image","twitter_image":"https:\/\/www.immobilienbusiness.ch\/wp-content\/uploads\/2020\/09\/Depositphotos_120616276_s-2019.jpg","schema":{"@context":"https:\/\/schema.org","@graph":[{"@type":"Article","@id":"https:\/\/www.immobilienbusiness.ch\/fr\/retail\/2020-10-02\/bund-will-weniger-parkplaetze-in-den-innenstaedten\/#article","isPartOf":{"@id":"https:\/\/www.immobilienbusiness.ch\/fr\/retail\/2020-10-02\/bund-will-weniger-parkplaetze-in-den-innenstaedten\/"},"author":{"name":"anja.hall","@id":"https:\/\/www.immobilienbusiness.ch\/#\/schema\/person\/3fc036297b10b9f42d6db5ee932af8c8"},"headline":"Bund will weniger Parkpl\u00e4tze in den Innenst\u00e4dten","datePublished":"2020-10-02T06:36:41+00:00","mainEntityOfPage":{"@id":"https:\/\/www.immobilienbusiness.ch\/fr\/retail\/2020-10-02\/bund-will-weniger-parkplaetze-in-den-innenstaedten\/"},"wordCount":218,"publisher":{"@id":"https:\/\/www.immobilienbusiness.ch\/#organization"},"image":{"@id":"https:\/\/www.immobilienbusiness.ch\/fr\/retail\/2020-10-02\/bund-will-weniger-parkplaetze-in-den-innenstaedten\/#primaryimage"},"thumbnailUrl":"https:\/\/www.immobilienbusiness.ch\/wp-content\/uploads\/2020\/09\/Depositphotos_120616276_s-2019.jpg","keywords":["Infrastruktur","Politik","Retail"],"articleSection":["RETAIL"],"inLanguage":"it-IT"},{"@type":"WebPage","@id":"https:\/\/www.immobilienbusiness.ch\/fr\/retail\/2020-10-02\/bund-will-weniger-parkplaetze-in-den-innenstaedten\/","url":"https:\/\/www.immobilienbusiness.ch\/fr\/retail\/2020-10-02\/bund-will-weniger-parkplaetze-in-den-innenstaedten\/","name":"Bund will weniger Parkpl\u00e4tze in den Innenst\u00e4dten - IMMOBILIEN Business","isPartOf":{"@id":"https:\/\/www.immobilienbusiness.ch\/#website"},"primaryImageOfPage":{"@id":"https:\/\/www.immobilienbusiness.ch\/fr\/retail\/2020-10-02\/bund-will-weniger-parkplaetze-in-den-innenstaedten\/#primaryimage"},"image":{"@id":"https:\/\/www.immobilienbusiness.ch\/fr\/retail\/2020-10-02\/bund-will-weniger-parkplaetze-in-den-innenstaedten\/#primaryimage"},"thumbnailUrl":"https:\/\/www.immobilienbusiness.ch\/wp-content\/uploads\/2020\/09\/Depositphotos_120616276_s-2019.jpg","datePublished":"2020-10-02T06:36:41+00:00","description":"Laut dem Entwurf des Sachplan Verkehr soll das Parkplatzangebot in grossen St\u00e4dten abgebaut werden. Damit will man \u00d6V, Velofahren und zu Fuss gehen f\u00f6rdern.","breadcrumb":{"@id":"https:\/\/www.immobilienbusiness.ch\/fr\/retail\/2020-10-02\/bund-will-weniger-parkplaetze-in-den-innenstaedten\/#breadcrumb"},"inLanguage":"it-IT","potentialAction":[{"@type":"ReadAction","target":["https:\/\/www.immobilienbusiness.ch\/fr\/retail\/2020-10-02\/bund-will-weniger-parkplaetze-in-den-innenstaedten\/"]}]},{"@type":"ImageObject","inLanguage":"it-IT","@id":"https:\/\/www.immobilienbusiness.ch\/fr\/retail\/2020-10-02\/bund-will-weniger-parkplaetze-in-den-innenstaedten\/#primaryimage","url":"https:\/\/www.immobilienbusiness.ch\/wp-content\/uploads\/2020\/09\/Depositphotos_120616276_s-2019.jpg","contentUrl":"https:\/\/www.immobilienbusiness.ch\/wp-content\/uploads\/2020\/09\/Depositphotos_120616276_s-2019.jpg","width":999,"height":665,"caption":"Das Parkplatzangebot in den Innenst\u00e4dten soll reduziert werden (Bild: joyfull - depositphotos)"},{"@type":"BreadcrumbList","@id":"https:\/\/www.immobilienbusiness.ch\/fr\/retail\/2020-10-02\/bund-will-weniger-parkplaetze-in-den-innenstaedten\/#breadcrumb","itemListElement":[{"@type":"ListItem","position":1,"name":"Home","item":"https:\/\/www.immobilienbusiness.ch\/"},{"@type":"ListItem","position":2,"name":"Bund will weniger Parkpl\u00e4tze in den Innenst\u00e4dten"}]},{"@type":"WebSite","@id":"https:\/\/www.immobilienbusiness.ch\/#website","url":"https:\/\/www.immobilienbusiness.ch\/","name":"Affari immobiliari","description":"Rivista economica indipendente svizzera che si concentra sul settore immobiliare, l'architettura e la costruzione, nonch\u00e9 sugli investimenti e i finanziamenti.","publisher":{"@id":"https:\/\/www.immobilienbusiness.ch\/#organization"},"potentialAction":[{"@type":"SearchAction","target":{"@type":"EntryPoint","urlTemplate":"https:\/\/www.immobilienbusiness.ch\/?s={search_term_string}"},"query-input":{"@type":"PropertyValueSpecification","valueRequired":true,"valueName":"search_term_string"}}],"inLanguage":"it-IT"},{"@type":"Organization","@id":"https:\/\/www.immobilienbusiness.ch\/#organization","name":"Affari immobiliari","url":"https:\/\/www.immobilienbusiness.ch\/","logo":{"@type":"ImageObject","inLanguage":"it-IT","@id":"https:\/\/www.immobilienbusiness.ch\/#\/schema\/logo\/image\/","url":"https:\/\/www.immobilienbusiness.ch\/wp-content\/uploads\/2021\/07\/logo_ib.png","contentUrl":"https:\/\/www.immobilienbusiness.ch\/wp-content\/uploads\/2021\/07\/logo_ib.png","width":800,"height":181,"caption":"IMMOBILIEN Business"},"image":{"@id":"https:\/\/www.immobilienbusiness.ch\/#\/schema\/logo\/image\/"},"sameAs":["https:\/\/www.facebook.com\/immobilienbusiness\/"]},{"@type":"Person","@id":"https:\/\/www.immobilienbusiness.ch\/#\/schema\/person\/3fc036297b10b9f42d6db5ee932af8c8","name":"anja.hall","image":{"@type":"ImageObject","inLanguage":"it-IT","@id":"https:\/\/secure.gravatar.com\/avatar\/066b5a0d447013502c71a5782f4f3469f03cfe595cc2329fb94652fe47511bfb?s=96&d=mm&r=g","url":"https:\/\/secure.gravatar.com\/avatar\/066b5a0d447013502c71a5782f4f3469f03cfe595cc2329fb94652fe47511bfb?s=96&d=mm&r=g","contentUrl":"https:\/\/secure.gravatar.com\/avatar\/066b5a0d447013502c71a5782f4f3469f03cfe595cc2329fb94652fe47511bfb?s=96&d=mm&r=g","caption":"anja.hall"},"url":"https:\/\/www.immobilienbusiness.ch\/it\/author\/anja-hall\/"}]}},"_links":{"self":[{"href":"https:\/\/www.immobilienbusiness.ch\/it\/wp-json\/wp\/v2\/posts\/22374","targetHints":{"allow":["GET"]}}],"collection":[{"href":"https:\/\/www.immobilienbusiness.ch\/it\/wp-json\/wp\/v2\/posts"}],"about":[{"href":"https:\/\/www.immobilienbusiness.ch\/it\/wp-json\/wp\/v2\/types\/post"}],"author":[{"embeddable":true,"href":"https:\/\/www.immobilienbusiness.ch\/it\/wp-json\/wp\/v2\/users\/3"}],"replies":[{"embeddable":true,"href":"https:\/\/www.immobilienbusiness.ch\/it\/wp-json\/wp\/v2\/comments?post=22374"}],"version-history":[{"count":0,"href":"https:\/\/www.immobilienbusiness.ch\/it\/wp-json\/wp\/v2\/posts\/22374\/revisions"}],"wp:featuredmedia":[{"embeddable":true,"href":"https:\/\/www.immobilienbusiness.ch\/it\/wp-json\/wp\/v2\/media\/22386"}],"wp:attachment":[{"href":"https:\/\/www.immobilienbusiness.ch\/it\/wp-json\/wp\/v2\/media?parent=22374"}],"wp:term":[{"taxonomy":"category","embeddable":true,"href":"https:\/\/www.immobilienbusiness.ch\/it\/wp-json\/wp\/v2\/categories?post=22374"},{"taxonomy":"post_tag","embeddable":true,"href":"https:\/\/www.immobilienbusiness.ch\/it\/wp-json\/wp\/v2\/tags?post=22374"}],"curies":[{"name":"wp","href":"https:\/\/api.w.org\/{rel}","templated":true}]}}