{"id":22372,"date":"2020-09-22T08:26:32","date_gmt":"2020-09-22T06:26:32","guid":{"rendered":"https:\/\/www.immobilienbusiness.ch\/?p=22372"},"modified":"2020-09-22T08:26:32","modified_gmt":"2020-09-22T06:26:32","slug":"peach-property-ares-fonds-wird-neuer-ankeraktionaer","status":"publish","type":"post","link":"https:\/\/www.immobilienbusiness.ch\/it\/unternehmen\/2020-09-22\/peach-property-ares-fonds-wird-neuer-ankeraktionaer\/","title":{"rendered":"Peach Property: il fondo Ares diventa un nuovo azionista di riferimento"},"content":{"rendered":"<figure id=\"attachment_19010\" aria-describedby=\"caption-attachment-19010\" style=\"width: 680px\" class=\"wp-caption alignnone\"><img loading=\"lazy\" decoding=\"async\" class=\"size-medium wp-image-19010\" src=\"https:\/\/www.immobilienbusiness.ch\/wp-content\/uploads\/2019\/10\/Depositphotos_10731136_m-2015.jpg\" alt=\"\" width=\"680\" height=\"454\" srcset=\"https:\/\/www.immobilienbusiness.ch\/wp-content\/uploads\/2019\/10\/Depositphotos_10731136_m-2015.jpg 1000w, https:\/\/www.immobilienbusiness.ch\/wp-content\/uploads\/2019\/10\/Depositphotos_10731136_m-2015-300x200.jpg 300w, https:\/\/www.immobilienbusiness.ch\/wp-content\/uploads\/2019\/10\/Depositphotos_10731136_m-2015-768x512.jpg 768w, https:\/\/www.immobilienbusiness.ch\/wp-content\/uploads\/2019\/10\/Depositphotos_10731136_m-2015-16x12.jpg 16w, https:\/\/www.immobilienbusiness.ch\/wp-content\/uploads\/2019\/10\/Depositphotos_10731136_m-2015-262x175.jpg 262w, https:\/\/www.immobilienbusiness.ch\/wp-content\/uploads\/2019\/10\/Depositphotos_10731136_m-2015-525x350.jpg 525w, https:\/\/www.immobilienbusiness.ch\/wp-content\/uploads\/2019\/10\/Depositphotos_10731136_m-2015-920x614.jpg 920w\" sizes=\"auto, (max-width: 680px) 100vw, 680px\" \/><figcaption id=\"caption-attachment-19010\" class=\"wp-caption-text\">Un fondo Ares entra in Peach Property (Immagine: depositphotos)<\/figcaption><\/figure>\n<p>Il Peach Property Group, specializzato in immobili residenziali tedeschi, intende rafforzare la sua base di capitale per finanziare le acquisizioni di portafoglio recentemente annunciate, emettendo un'obbligazione convertibile obbligatoria con un volume di circa 200 milioni di franchi. Di questi, 150 milioni saranno sottoscritti da Ares.<\/p>\n<p>La cedola d'interesse sar\u00e0 pari a 2,5% all'anno e il prezzo di conversione sar\u00e0 di CHF 42,50 per azione. L'obbligazione convertibile obbligatoria sar\u00e0 convertita in nuove azioni nominative il 30 giugno 2021, a meno che non sia stata precedentemente convertita volontariamente. Dopo la conversione dell'obbligazione, Ares sar\u00e0 il maggiore azionista singolo di Peach Property Group AG con una quota di circa 30%.<\/p>\n<p>\"Vediamo l'investimento in Peach Property Group come un'eccellente opportunit\u00e0 di investire in una delle classi di attivit\u00e0 pi\u00f9 difensive in Europa, beneficiando al contempo dell'attraente crescita di Peach Property Group\", afferma John Ruane, Co-Head di Ares European Real Estate Group.<\/p>\n<h2>Peach vuole aprirsi agli investitori stranieri<\/h2>\n<p>Un'assemblea generale straordinaria il 12 ottobre 2020 aprir\u00e0 la strada all'ingresso di Ares. Il punto centrale dell'ordine del giorno sar\u00e0 la creazione di un nuovo capitale autorizzato per un importo nominale di 3,3 milioni, secondo Peach. Un altro punto all'ordine del giorno \u00e8 l'elezione di Klaus Schmitz al consiglio di amministrazione. In questo modo, il consiglio sar\u00e0 ampliato dagli attuali quattro a cinque membri. Schmitz \u00e8 amministratore delegato di Ares Real Estate Group ed \u00e8 specializzato nel finanziamento azionario nel settore immobiliare europeo.<\/p>\n<p>Inoltre, Peach propone una modifica parziale dello statuto per rimuovere le restrizioni di registrazione per gli investitori non svizzeri. Questo permetterebbe agli investitori stranieri di diventare azionisti di Peach Property Group senza restrizioni in futuro.<\/p>\n<h2>Acquisto di portafoglio rinnovato<\/h2>\n<p>Pochi giorni fa, Peach ha annunciato l'acquisizione di 4.800 appartamenti in Germania. Questo aumenta il portafoglio di 26% a pi\u00f9 di 23.000 unit\u00e0 residenziali e un valore di pi\u00f9 di 2 miliardi di CHF. Il venditore e il prezzo di acquisto non sono stati resi noti, ha detto la societ\u00e0.<\/p>\n<p>Il portafoglio ora acquisito ha un'area residenziale totale di 295.000 mq e genera un reddito locativo effettivo annualizzato di circa 19,9 milioni (18,7 milioni di euro). Il tasso di posti vacanti \u00e8 10,8%. Il potenziale di apprezzamento del valore deriverebbe, tra l'altro, dall'affitto degli appartamenti attualmente liberi e dal fatto che gli affitti attuali sono al di sotto dell'attuale livello di mercato nelle rispettive localit\u00e0, ha detto Peach.<\/p>\n<p>Circa 2.100 appartamenti o 44% del portafoglio si trovano nel triangolo tra Wolfsburg, Braunschweig e Magdeburg, dove il gruppo ha attualmente un portafoglio di circa 100 appartamenti. Circa 35% si trovano nella Renania Settentrionale-Vestfalia, con un'ulteriore attenzione a Ludwigshafen nella Renania-Palatinato. <em>(ah)<\/em><\/p>","protected":false},"excerpt":{"rendered":"<p>Un fondo dell'investitore Ares Management vuole unirsi a Peach Property nel contesto di un aumento di capitale. <\/p>","protected":false},"author":3,"featured_media":19010,"comment_status":"closed","ping_status":"open","sticky":false,"template":"","format":"standard","meta":{"_acf_changed":false,"_yoast_wpseo_focuskw":"Peach","_yoast_wpseo_title":"","_yoast_wpseo_metadesc":"Ein Fonds des Investors Ares Management will im Rahmen einer Kapitalerh\u00f6hung bei Peach Property einsteigen.","_yoast_wpseo_linkdex":61,"pgc_sgb_lightbox_settings":"","footnotes":""},"categories":[988],"tags":[1166,1412,1558,1863],"class_list":["post-22372","post","type-post","status-publish","format-standard","has-post-thumbnail","hentry","category-unternehmen","tag-deutschland","tag-kapitalerhoehung","tag-peach-property","tag-wohnimmobilien"],"acf":[],"yoast_head":"<!-- This site is optimized with the Yoast SEO plugin v27.4 - https:\/\/yoast.com\/product\/yoast-seo-wordpress\/ -->\n<title>Peach Property: Ares-Fonds wird neuer Ankeraktion\u00e4r - IMMOBILIEN Business<\/title>\n<meta name=\"description\" content=\"Ein Fonds des Investors Ares Management will im Rahmen einer Kapitalerh\u00f6hung bei Peach Property einsteigen.\" \/>\n<meta name=\"robots\" content=\"index, follow, max-snippet:-1, max-image-preview:large, max-video-preview:-1\" \/>\n<link rel=\"canonical\" href=\"https:\/\/www.immobilienbusiness.ch\/it\/unternehmen\/2020-09-22\/peach-property-ares-fonds-wird-neuer-ankeraktionaer\/\" \/>\n<meta property=\"og:locale\" content=\"it_IT\" \/>\n<meta property=\"og:type\" content=\"article\" \/>\n<meta property=\"og:title\" content=\"Peach Property: Ares-Fonds wird neuer Ankeraktion\u00e4r - IMMOBILIEN Business\" \/>\n<meta property=\"og:description\" content=\"Ein Fonds des Investors Ares Management will im Rahmen einer Kapitalerh\u00f6hung bei Peach Property einsteigen.\" \/>\n<meta property=\"og:url\" content=\"https:\/\/www.immobilienbusiness.ch\/it\/unternehmen\/2020-09-22\/peach-property-ares-fonds-wird-neuer-ankeraktionaer\/\" \/>\n<meta property=\"og:site_name\" content=\"IMMOBILIEN Business\" \/>\n<meta property=\"article:publisher\" content=\"https:\/\/www.facebook.com\/immobilienbusiness\/\" \/>\n<meta property=\"article:published_time\" content=\"2020-09-22T06:26:32+00:00\" \/>\n<meta property=\"og:image\" content=\"https:\/\/www.immobilienbusiness.ch\/wp-content\/uploads\/2019\/10\/Depositphotos_10731136_m-2015.jpg\" \/>\n\t<meta property=\"og:image:width\" content=\"1000\" \/>\n\t<meta property=\"og:image:height\" content=\"667\" \/>\n\t<meta property=\"og:image:type\" content=\"image\/jpeg\" \/>\n<meta name=\"author\" content=\"anja.hall\" \/>\n<meta name=\"twitter:card\" content=\"summary_large_image\" \/>\n<meta name=\"twitter:image\" content=\"https:\/\/www.immobilienbusiness.ch\/wp-content\/uploads\/2019\/10\/Depositphotos_10731136_m-2015.jpg\" \/>\n<script type=\"application\/ld+json\" class=\"yoast-schema-graph\">{\"@context\":\"https:\\\/\\\/schema.org\",\"@graph\":[{\"@type\":\"Article\",\"@id\":\"https:\\\/\\\/www.immobilienbusiness.ch\\\/de\\\/unternehmen\\\/2020-09-22\\\/peach-property-ares-fonds-wird-neuer-ankeraktionaer\\\/#article\",\"isPartOf\":{\"@id\":\"https:\\\/\\\/www.immobilienbusiness.ch\\\/de\\\/unternehmen\\\/2020-09-22\\\/peach-property-ares-fonds-wird-neuer-ankeraktionaer\\\/\"},\"author\":{\"name\":\"anja.hall\",\"@id\":\"https:\\\/\\\/www.immobilienbusiness.ch\\\/#\\\/schema\\\/person\\\/3fc036297b10b9f42d6db5ee932af8c8\"},\"headline\":\"Peach Property: Ares-Fonds wird neuer Ankeraktion\u00e4r\",\"datePublished\":\"2020-09-22T06:26:32+00:00\",\"mainEntityOfPage\":{\"@id\":\"https:\\\/\\\/www.immobilienbusiness.ch\\\/de\\\/unternehmen\\\/2020-09-22\\\/peach-property-ares-fonds-wird-neuer-ankeraktionaer\\\/\"},\"wordCount\":428,\"publisher\":{\"@id\":\"https:\\\/\\\/www.immobilienbusiness.ch\\\/#organization\"},\"image\":{\"@id\":\"https:\\\/\\\/www.immobilienbusiness.ch\\\/de\\\/unternehmen\\\/2020-09-22\\\/peach-property-ares-fonds-wird-neuer-ankeraktionaer\\\/#primaryimage\"},\"thumbnailUrl\":\"https:\\\/\\\/www.immobilienbusiness.ch\\\/wp-content\\\/uploads\\\/2019\\\/10\\\/Depositphotos_10731136_m-2015.jpg\",\"keywords\":[\"Deutschland\",\"Kapitalerh\u00f6hung\",\"Peach Property\",\"Wohnimmobilien\"],\"articleSection\":[\"UNTERNEHMEN\"],\"inLanguage\":\"it-IT\"},{\"@type\":\"WebPage\",\"@id\":\"https:\\\/\\\/www.immobilienbusiness.ch\\\/de\\\/unternehmen\\\/2020-09-22\\\/peach-property-ares-fonds-wird-neuer-ankeraktionaer\\\/\",\"url\":\"https:\\\/\\\/www.immobilienbusiness.ch\\\/de\\\/unternehmen\\\/2020-09-22\\\/peach-property-ares-fonds-wird-neuer-ankeraktionaer\\\/\",\"name\":\"Peach Property: Ares-Fonds wird neuer Ankeraktion\u00e4r - IMMOBILIEN Business\",\"isPartOf\":{\"@id\":\"https:\\\/\\\/www.immobilienbusiness.ch\\\/#website\"},\"primaryImageOfPage\":{\"@id\":\"https:\\\/\\\/www.immobilienbusiness.ch\\\/de\\\/unternehmen\\\/2020-09-22\\\/peach-property-ares-fonds-wird-neuer-ankeraktionaer\\\/#primaryimage\"},\"image\":{\"@id\":\"https:\\\/\\\/www.immobilienbusiness.ch\\\/de\\\/unternehmen\\\/2020-09-22\\\/peach-property-ares-fonds-wird-neuer-ankeraktionaer\\\/#primaryimage\"},\"thumbnailUrl\":\"https:\\\/\\\/www.immobilienbusiness.ch\\\/wp-content\\\/uploads\\\/2019\\\/10\\\/Depositphotos_10731136_m-2015.jpg\",\"datePublished\":\"2020-09-22T06:26:32+00:00\",\"description\":\"Ein Fonds des Investors Ares Management will im Rahmen einer Kapitalerh\u00f6hung bei Peach Property einsteigen.\",\"breadcrumb\":{\"@id\":\"https:\\\/\\\/www.immobilienbusiness.ch\\\/de\\\/unternehmen\\\/2020-09-22\\\/peach-property-ares-fonds-wird-neuer-ankeraktionaer\\\/#breadcrumb\"},\"inLanguage\":\"it-IT\",\"potentialAction\":[{\"@type\":\"ReadAction\",\"target\":[\"https:\\\/\\\/www.immobilienbusiness.ch\\\/de\\\/unternehmen\\\/2020-09-22\\\/peach-property-ares-fonds-wird-neuer-ankeraktionaer\\\/\"]}]},{\"@type\":\"ImageObject\",\"inLanguage\":\"it-IT\",\"@id\":\"https:\\\/\\\/www.immobilienbusiness.ch\\\/de\\\/unternehmen\\\/2020-09-22\\\/peach-property-ares-fonds-wird-neuer-ankeraktionaer\\\/#primaryimage\",\"url\":\"https:\\\/\\\/www.immobilienbusiness.ch\\\/wp-content\\\/uploads\\\/2019\\\/10\\\/Depositphotos_10731136_m-2015.jpg\",\"contentUrl\":\"https:\\\/\\\/www.immobilienbusiness.ch\\\/wp-content\\\/uploads\\\/2019\\\/10\\\/Depositphotos_10731136_m-2015.jpg\",\"width\":1000,\"height\":667,\"caption\":\"Investis hat eine bereits angek\u00fcndigte Gross-Transaktion nun finalisiert (Bild: Depositphotos)\"},{\"@type\":\"BreadcrumbList\",\"@id\":\"https:\\\/\\\/www.immobilienbusiness.ch\\\/de\\\/unternehmen\\\/2020-09-22\\\/peach-property-ares-fonds-wird-neuer-ankeraktionaer\\\/#breadcrumb\",\"itemListElement\":[{\"@type\":\"ListItem\",\"position\":1,\"name\":\"Home\",\"item\":\"https:\\\/\\\/www.immobilienbusiness.ch\\\/\"},{\"@type\":\"ListItem\",\"position\":2,\"name\":\"Peach Property: Ares-Fonds wird neuer Ankeraktion\u00e4r\"}]},{\"@type\":\"WebSite\",\"@id\":\"https:\\\/\\\/www.immobilienbusiness.ch\\\/#website\",\"url\":\"https:\\\/\\\/www.immobilienbusiness.ch\\\/\",\"name\":\"IMMOBILIEN Business\",\"description\":\"Unabh\u00e4ngiges Schweizer Wirtschaftsmagazin mit Fokus auf Immobilien, Architektur- und Bau sowie Investment- und Finanzierung.\",\"publisher\":{\"@id\":\"https:\\\/\\\/www.immobilienbusiness.ch\\\/#organization\"},\"potentialAction\":[{\"@type\":\"SearchAction\",\"target\":{\"@type\":\"EntryPoint\",\"urlTemplate\":\"https:\\\/\\\/www.immobilienbusiness.ch\\\/?s={search_term_string}\"},\"query-input\":{\"@type\":\"PropertyValueSpecification\",\"valueRequired\":true,\"valueName\":\"search_term_string\"}}],\"inLanguage\":\"it-IT\"},{\"@type\":\"Organization\",\"@id\":\"https:\\\/\\\/www.immobilienbusiness.ch\\\/#organization\",\"name\":\"IMMOBILIEN Business\",\"url\":\"https:\\\/\\\/www.immobilienbusiness.ch\\\/\",\"logo\":{\"@type\":\"ImageObject\",\"inLanguage\":\"it-IT\",\"@id\":\"https:\\\/\\\/www.immobilienbusiness.ch\\\/#\\\/schema\\\/logo\\\/image\\\/\",\"url\":\"https:\\\/\\\/www.immobilienbusiness.ch\\\/wp-content\\\/uploads\\\/2021\\\/07\\\/logo_ib.png\",\"contentUrl\":\"https:\\\/\\\/www.immobilienbusiness.ch\\\/wp-content\\\/uploads\\\/2021\\\/07\\\/logo_ib.png\",\"width\":800,\"height\":181,\"caption\":\"IMMOBILIEN Business\"},\"image\":{\"@id\":\"https:\\\/\\\/www.immobilienbusiness.ch\\\/#\\\/schema\\\/logo\\\/image\\\/\"},\"sameAs\":[\"https:\\\/\\\/www.facebook.com\\\/immobilienbusiness\\\/\"]},{\"@type\":\"Person\",\"@id\":\"https:\\\/\\\/www.immobilienbusiness.ch\\\/#\\\/schema\\\/person\\\/3fc036297b10b9f42d6db5ee932af8c8\",\"name\":\"anja.hall\",\"image\":{\"@type\":\"ImageObject\",\"inLanguage\":\"it-IT\",\"@id\":\"https:\\\/\\\/secure.gravatar.com\\\/avatar\\\/066b5a0d447013502c71a5782f4f3469f03cfe595cc2329fb94652fe47511bfb?s=96&d=mm&r=g\",\"url\":\"https:\\\/\\\/secure.gravatar.com\\\/avatar\\\/066b5a0d447013502c71a5782f4f3469f03cfe595cc2329fb94652fe47511bfb?s=96&d=mm&r=g\",\"contentUrl\":\"https:\\\/\\\/secure.gravatar.com\\\/avatar\\\/066b5a0d447013502c71a5782f4f3469f03cfe595cc2329fb94652fe47511bfb?s=96&d=mm&r=g\",\"caption\":\"anja.hall\"},\"url\":\"https:\\\/\\\/www.immobilienbusiness.ch\\\/it\\\/author\\\/anja-hall\\\/\"}]}<\/script>\n<!-- \/ Yoast SEO plugin. -->","yoast_head_json":{"title":"Peach Property: Ares-Fonds wird neuer Ankeraktion\u00e4r - IMMOBILIEN Business","description":"Un fondo dell'investitore Ares Management vuole unirsi a Peach Property nel contesto di un aumento di capitale.","robots":{"index":"index","follow":"follow","max-snippet":"max-snippet:-1","max-image-preview":"max-image-preview:large","max-video-preview":"max-video-preview:-1"},"canonical":"https:\/\/www.immobilienbusiness.ch\/it\/unternehmen\/2020-09-22\/peach-property-ares-fonds-wird-neuer-ankeraktionaer\/","og_locale":"it_IT","og_type":"article","og_title":"Peach Property: Ares-Fonds wird neuer Ankeraktion\u00e4r - IMMOBILIEN Business","og_description":"Ein Fonds des Investors Ares Management will im Rahmen einer Kapitalerh\u00f6hung bei Peach Property einsteigen.","og_url":"https:\/\/www.immobilienbusiness.ch\/it\/unternehmen\/2020-09-22\/peach-property-ares-fonds-wird-neuer-ankeraktionaer\/","og_site_name":"IMMOBILIEN Business","article_publisher":"https:\/\/www.facebook.com\/immobilienbusiness\/","article_published_time":"2020-09-22T06:26:32+00:00","og_image":[{"width":1000,"height":667,"url":"https:\/\/www.immobilienbusiness.ch\/wp-content\/uploads\/2019\/10\/Depositphotos_10731136_m-2015.jpg","type":"image\/jpeg"}],"author":"anja.hall","twitter_card":"summary_large_image","twitter_image":"https:\/\/www.immobilienbusiness.ch\/wp-content\/uploads\/2019\/10\/Depositphotos_10731136_m-2015.jpg","schema":{"@context":"https:\/\/schema.org","@graph":[{"@type":"Article","@id":"https:\/\/www.immobilienbusiness.ch\/de\/unternehmen\/2020-09-22\/peach-property-ares-fonds-wird-neuer-ankeraktionaer\/#article","isPartOf":{"@id":"https:\/\/www.immobilienbusiness.ch\/de\/unternehmen\/2020-09-22\/peach-property-ares-fonds-wird-neuer-ankeraktionaer\/"},"author":{"name":"anja.hall","@id":"https:\/\/www.immobilienbusiness.ch\/#\/schema\/person\/3fc036297b10b9f42d6db5ee932af8c8"},"headline":"Peach Property: Ares-Fonds wird neuer Ankeraktion\u00e4r","datePublished":"2020-09-22T06:26:32+00:00","mainEntityOfPage":{"@id":"https:\/\/www.immobilienbusiness.ch\/de\/unternehmen\/2020-09-22\/peach-property-ares-fonds-wird-neuer-ankeraktionaer\/"},"wordCount":428,"publisher":{"@id":"https:\/\/www.immobilienbusiness.ch\/#organization"},"image":{"@id":"https:\/\/www.immobilienbusiness.ch\/de\/unternehmen\/2020-09-22\/peach-property-ares-fonds-wird-neuer-ankeraktionaer\/#primaryimage"},"thumbnailUrl":"https:\/\/www.immobilienbusiness.ch\/wp-content\/uploads\/2019\/10\/Depositphotos_10731136_m-2015.jpg","keywords":["Deutschland","Kapitalerh\u00f6hung","Peach Property","Wohnimmobilien"],"articleSection":["UNTERNEHMEN"],"inLanguage":"it-IT"},{"@type":"WebPage","@id":"https:\/\/www.immobilienbusiness.ch\/de\/unternehmen\/2020-09-22\/peach-property-ares-fonds-wird-neuer-ankeraktionaer\/","url":"https:\/\/www.immobilienbusiness.ch\/de\/unternehmen\/2020-09-22\/peach-property-ares-fonds-wird-neuer-ankeraktionaer\/","name":"Peach Property: Ares-Fonds wird neuer Ankeraktion\u00e4r - IMMOBILIEN Business","isPartOf":{"@id":"https:\/\/www.immobilienbusiness.ch\/#website"},"primaryImageOfPage":{"@id":"https:\/\/www.immobilienbusiness.ch\/de\/unternehmen\/2020-09-22\/peach-property-ares-fonds-wird-neuer-ankeraktionaer\/#primaryimage"},"image":{"@id":"https:\/\/www.immobilienbusiness.ch\/de\/unternehmen\/2020-09-22\/peach-property-ares-fonds-wird-neuer-ankeraktionaer\/#primaryimage"},"thumbnailUrl":"https:\/\/www.immobilienbusiness.ch\/wp-content\/uploads\/2019\/10\/Depositphotos_10731136_m-2015.jpg","datePublished":"2020-09-22T06:26:32+00:00","description":"Un fondo dell'investitore Ares Management vuole unirsi a Peach Property nel contesto di un aumento di capitale.","breadcrumb":{"@id":"https:\/\/www.immobilienbusiness.ch\/de\/unternehmen\/2020-09-22\/peach-property-ares-fonds-wird-neuer-ankeraktionaer\/#breadcrumb"},"inLanguage":"it-IT","potentialAction":[{"@type":"ReadAction","target":["https:\/\/www.immobilienbusiness.ch\/de\/unternehmen\/2020-09-22\/peach-property-ares-fonds-wird-neuer-ankeraktionaer\/"]}]},{"@type":"ImageObject","inLanguage":"it-IT","@id":"https:\/\/www.immobilienbusiness.ch\/de\/unternehmen\/2020-09-22\/peach-property-ares-fonds-wird-neuer-ankeraktionaer\/#primaryimage","url":"https:\/\/www.immobilienbusiness.ch\/wp-content\/uploads\/2019\/10\/Depositphotos_10731136_m-2015.jpg","contentUrl":"https:\/\/www.immobilienbusiness.ch\/wp-content\/uploads\/2019\/10\/Depositphotos_10731136_m-2015.jpg","width":1000,"height":667,"caption":"Investis hat eine bereits angek\u00fcndigte Gross-Transaktion nun finalisiert (Bild: Depositphotos)"},{"@type":"BreadcrumbList","@id":"https:\/\/www.immobilienbusiness.ch\/de\/unternehmen\/2020-09-22\/peach-property-ares-fonds-wird-neuer-ankeraktionaer\/#breadcrumb","itemListElement":[{"@type":"ListItem","position":1,"name":"Home","item":"https:\/\/www.immobilienbusiness.ch\/"},{"@type":"ListItem","position":2,"name":"Peach Property: Ares-Fonds wird neuer Ankeraktion\u00e4r"}]},{"@type":"WebSite","@id":"https:\/\/www.immobilienbusiness.ch\/#website","url":"https:\/\/www.immobilienbusiness.ch\/","name":"Affari immobiliari","description":"Rivista economica indipendente svizzera che si concentra sul settore immobiliare, l'architettura e la costruzione, nonch\u00e9 sugli investimenti e i finanziamenti.","publisher":{"@id":"https:\/\/www.immobilienbusiness.ch\/#organization"},"potentialAction":[{"@type":"SearchAction","target":{"@type":"EntryPoint","urlTemplate":"https:\/\/www.immobilienbusiness.ch\/?s={search_term_string}"},"query-input":{"@type":"PropertyValueSpecification","valueRequired":true,"valueName":"search_term_string"}}],"inLanguage":"it-IT"},{"@type":"Organization","@id":"https:\/\/www.immobilienbusiness.ch\/#organization","name":"Affari immobiliari","url":"https:\/\/www.immobilienbusiness.ch\/","logo":{"@type":"ImageObject","inLanguage":"it-IT","@id":"https:\/\/www.immobilienbusiness.ch\/#\/schema\/logo\/image\/","url":"https:\/\/www.immobilienbusiness.ch\/wp-content\/uploads\/2021\/07\/logo_ib.png","contentUrl":"https:\/\/www.immobilienbusiness.ch\/wp-content\/uploads\/2021\/07\/logo_ib.png","width":800,"height":181,"caption":"IMMOBILIEN Business"},"image":{"@id":"https:\/\/www.immobilienbusiness.ch\/#\/schema\/logo\/image\/"},"sameAs":["https:\/\/www.facebook.com\/immobilienbusiness\/"]},{"@type":"Person","@id":"https:\/\/www.immobilienbusiness.ch\/#\/schema\/person\/3fc036297b10b9f42d6db5ee932af8c8","name":"anja.hall","image":{"@type":"ImageObject","inLanguage":"it-IT","@id":"https:\/\/secure.gravatar.com\/avatar\/066b5a0d447013502c71a5782f4f3469f03cfe595cc2329fb94652fe47511bfb?s=96&d=mm&r=g","url":"https:\/\/secure.gravatar.com\/avatar\/066b5a0d447013502c71a5782f4f3469f03cfe595cc2329fb94652fe47511bfb?s=96&d=mm&r=g","contentUrl":"https:\/\/secure.gravatar.com\/avatar\/066b5a0d447013502c71a5782f4f3469f03cfe595cc2329fb94652fe47511bfb?s=96&d=mm&r=g","caption":"anja.hall"},"url":"https:\/\/www.immobilienbusiness.ch\/it\/author\/anja-hall\/"}]}},"_links":{"self":[{"href":"https:\/\/www.immobilienbusiness.ch\/it\/wp-json\/wp\/v2\/posts\/22372","targetHints":{"allow":["GET"]}}],"collection":[{"href":"https:\/\/www.immobilienbusiness.ch\/it\/wp-json\/wp\/v2\/posts"}],"about":[{"href":"https:\/\/www.immobilienbusiness.ch\/it\/wp-json\/wp\/v2\/types\/post"}],"author":[{"embeddable":true,"href":"https:\/\/www.immobilienbusiness.ch\/it\/wp-json\/wp\/v2\/users\/3"}],"replies":[{"embeddable":true,"href":"https:\/\/www.immobilienbusiness.ch\/it\/wp-json\/wp\/v2\/comments?post=22372"}],"version-history":[{"count":0,"href":"https:\/\/www.immobilienbusiness.ch\/it\/wp-json\/wp\/v2\/posts\/22372\/revisions"}],"wp:featuredmedia":[{"embeddable":true,"href":"https:\/\/www.immobilienbusiness.ch\/it\/wp-json\/wp\/v2\/media\/19010"}],"wp:attachment":[{"href":"https:\/\/www.immobilienbusiness.ch\/it\/wp-json\/wp\/v2\/media?parent=22372"}],"wp:term":[{"taxonomy":"category","embeddable":true,"href":"https:\/\/www.immobilienbusiness.ch\/it\/wp-json\/wp\/v2\/categories?post=22372"},{"taxonomy":"post_tag","embeddable":true,"href":"https:\/\/www.immobilienbusiness.ch\/it\/wp-json\/wp\/v2\/tags?post=22372"}],"curies":[{"name":"wp","href":"https:\/\/api.w.org\/{rel}","templated":true}]}}