{"id":2231,"date":"2016-02-05T12:35:46","date_gmt":"2016-02-05T11:35:46","guid":{"rendered":"http:\/\/dev.immobilienbusiness.ch\/?p=2231"},"modified":"2016-02-05T12:35:46","modified_gmt":"2016-02-05T11:35:46","slug":"detailhandel-umsatzrueckgang-von-2-milliarden","status":"publish","type":"post","link":"https:\/\/www.immobilienbusiness.ch\/it\/retail\/2016-02-05\/detailhandel-umsatzrueckgang-von-2-milliarden\/","title":{"rendered":"Commercio al dettaglio: calo delle vendite di 2 miliardi"},"content":{"rendered":"<figure id=\"attachment_2232\" aria-describedby=\"caption-attachment-2232\" style=\"width: 680px\" class=\"wp-caption alignnone\"><img loading=\"lazy\" decoding=\"async\" class=\"size-medium wp-image-2232\" src=\"https:\/\/immobilienbusiness.ch\/wp-content\/uploads\/2016\/12\/Detailhandel-Umsatzr\u00fcckgang-von-2-Milliarden-immobilien-business.jpg\" alt=\"Schweizer Detailhandel leidet unter hohen Umsatzr\u00fcckg\u00e4ngen (Foto: Pixabay)\" width=\"680\" height=\"453\" \/><figcaption id=\"caption-attachment-2232\" class=\"wp-caption-text\">Il commercio al dettaglio svizzero soffre di un forte calo delle vendite (Foto: Pixabay)<\/figcaption><\/figure>\n<p>I fattori decisivi del calo sono stati la diminuzione della domanda e le significative riduzioni dei prezzi. L'apprezzamento del franco svizzero all'inizio del 2015 ha avuto un impatto significativo sul fatturato del commercio al dettaglio. Le differenze di prezzo rispetto ai Paesi esteri vicini si sono accentuate bruscamente con l'abbandono del tasso di cambio minimo il 15 gennaio. A ci\u00f2 ha fatto seguito un ulteriore aumento del deflusso di potere d'acquisto verso i Paesi limitrofi. Da parte loro, i rivenditori locali hanno reagito con ulteriori riduzioni dei prezzi.<\/p>\n<p>Secondo il BAK Basel, gli effetti dell'aumento dei prezzi minimi saranno ancora visibili nell'anno in corso. Anche se non si prevedono ulteriori aumenti significativi del turismo dello shopping e il crollo dei prezzi dovrebbe indebolirsi un po'. Tuttavia, nel contesto degli sviluppi economici, si prevede un deterioramento della situazione del mercato del lavoro e un significativo indebolimento della dinamica dei redditi. Di conseguenza, l'andamento della domanda nell'anno in corso 2016 sar\u00e0 probabilmente significativamente inferiore alla media rispetto agli ultimi dieci anni.<\/p>\n<p>Il BAK Basel prevede un ulteriore calo del fatturato nominale per il 2016 (-0,4% p.a.). Mentre il livello dei prezzi dovrebbe essere inferiore dell'1,2% rispetto al 2015, lo sviluppo del fatturato reale dovrebbe aumentare di un piccolo 0,8%. (ah)<\/p>","protected":false},"excerpt":{"rendered":"<p>Il 2015 entra nella storia recente del commercio al dettaglio svizzero come l'anno con il maggior calo delle vendite. Secondo i calcoli del BAK Basel, i rivenditori hanno registrato un fatturato inferiore di oltre due miliardi di CHF rispetto al 2014.<\/p>","protected":false},"author":1,"featured_media":2232,"comment_status":"open","ping_status":"open","sticky":false,"template":"","format":"standard","meta":{"_acf_changed":false,"_yoast_wpseo_focuskw":"Detailhandel Umsatzr\u00fcckgang","_yoast_wpseo_title":"Detailhandel Umsatzr\u00fcckgang: 2 Milliarden im Visier","_yoast_wpseo_metadesc":"Angesichts der Frankenaufwertung 2015 verzeichnet der Detailhandel einen Umsatzr\u00fcckgang von 2 Milliarden Franken. Die Folgen sind noch sichtbar.","_yoast_wpseo_linkdex":53,"pgc_sgb_lightbox_settings":"","footnotes":""},"categories":[987],"tags":[1643],"class_list":["post-2231","post","type-post","status-publish","format-standard","has-post-thumbnail","hentry","category-retail","tag-retail"],"acf":[],"yoast_head":"<!-- This site is optimized with the Yoast SEO plugin v27.4 - https:\/\/yoast.com\/product\/yoast-seo-wordpress\/ -->\n<title>Detailhandel Umsatzr\u00fcckgang: 2 Milliarden im Visier<\/title>\n<meta name=\"description\" content=\"Angesichts der Frankenaufwertung 2015 verzeichnet der Detailhandel einen Umsatzr\u00fcckgang von 2 Milliarden Franken. Die Folgen sind noch sichtbar.\" \/>\n<meta name=\"robots\" content=\"index, follow, max-snippet:-1, max-image-preview:large, max-video-preview:-1\" \/>\n<link rel=\"canonical\" href=\"https:\/\/www.immobilienbusiness.ch\/it\/retail\/2016-02-05\/detailhandel-umsatzrueckgang-von-2-milliarden\/\" \/>\n<meta property=\"og:locale\" content=\"it_IT\" \/>\n<meta property=\"og:type\" content=\"article\" \/>\n<meta property=\"og:title\" content=\"Detailhandel: Umsatzr\u00fcckgang von 2 Milliarden\" \/>\n<meta property=\"og:description\" content=\"Das Jahr 2015 geht als das Jahr mit dem gr\u00f6ssten Umsatzr\u00fcckgang in die j\u00fcngere Detailhandelsgeschichte der Schweiz ein. Nach Berechnungen von BAK Basel hatten die Detaillisten \u00fcber zwei Milliarden CHF weniger Umsatz verzeichnet als 2014.\" \/>\n<meta property=\"og:url\" content=\"https:\/\/www.immobilienbusiness.ch\/it\/retail\/2016-02-05\/detailhandel-umsatzrueckgang-von-2-milliarden\/\" \/>\n<meta property=\"og:site_name\" content=\"IMMOBILIEN Business\" \/>\n<meta property=\"article:publisher\" content=\"https:\/\/www.facebook.com\/immobilienbusiness\/\" \/>\n<meta property=\"article:published_time\" content=\"2016-02-05T11:35:46+00:00\" \/>\n<meta name=\"author\" content=\"Redaktion\" \/>\n<meta name=\"twitter:card\" content=\"summary_large_image\" \/>\n<meta name=\"twitter:image\" content=\"https:\/\/www.immobilienbusiness.ch\/wp-content\/uploads\/2016\/12\/Detailhandel-Umsatzrueckgang-von-2-Milliarden-immobilien-business.jpg\" \/>\n<script type=\"application\/ld+json\" class=\"yoast-schema-graph\">{\"@context\":\"https:\\\/\\\/schema.org\",\"@graph\":[{\"@type\":\"Article\",\"@id\":\"https:\\\/\\\/www.immobilienbusiness.ch\\\/en\\\/retail\\\/2016-02-05\\\/detailhandel-umsatzrueckgang-von-2-milliarden\\\/#article\",\"isPartOf\":{\"@id\":\"https:\\\/\\\/www.immobilienbusiness.ch\\\/en\\\/retail\\\/2016-02-05\\\/detailhandel-umsatzrueckgang-von-2-milliarden\\\/\"},\"author\":{\"name\":\"Redaktion\",\"@id\":\"https:\\\/\\\/www.immobilienbusiness.ch\\\/#\\\/schema\\\/person\\\/aa2bace6c5c5aad60102004a50c4eb1c\"},\"headline\":\"Detailhandel: Umsatzr\u00fcckgang von 2 Milliarden\",\"datePublished\":\"2016-02-05T11:35:46+00:00\",\"mainEntityOfPage\":{\"@id\":\"https:\\\/\\\/www.immobilienbusiness.ch\\\/en\\\/retail\\\/2016-02-05\\\/detailhandel-umsatzrueckgang-von-2-milliarden\\\/\"},\"wordCount\":207,\"commentCount\":0,\"publisher\":{\"@id\":\"https:\\\/\\\/www.immobilienbusiness.ch\\\/#organization\"},\"image\":{\"@id\":\"https:\\\/\\\/www.immobilienbusiness.ch\\\/en\\\/retail\\\/2016-02-05\\\/detailhandel-umsatzrueckgang-von-2-milliarden\\\/#primaryimage\"},\"thumbnailUrl\":\"https:\\\/\\\/www.immobilienbusiness.ch\\\/wp-content\\\/uploads\\\/2016\\\/12\\\/Detailhandel-Umsatzrueckgang-von-2-Milliarden-immobilien-business.jpg\",\"keywords\":[\"Retail\"],\"articleSection\":[\"RETAIL\"],\"inLanguage\":\"it-IT\"},{\"@type\":\"WebPage\",\"@id\":\"https:\\\/\\\/www.immobilienbusiness.ch\\\/en\\\/retail\\\/2016-02-05\\\/detailhandel-umsatzrueckgang-von-2-milliarden\\\/\",\"url\":\"https:\\\/\\\/www.immobilienbusiness.ch\\\/en\\\/retail\\\/2016-02-05\\\/detailhandel-umsatzrueckgang-von-2-milliarden\\\/\",\"name\":\"Detailhandel Umsatzr\u00fcckgang: 2 Milliarden im Visier\",\"isPartOf\":{\"@id\":\"https:\\\/\\\/www.immobilienbusiness.ch\\\/#website\"},\"primaryImageOfPage\":{\"@id\":\"https:\\\/\\\/www.immobilienbusiness.ch\\\/en\\\/retail\\\/2016-02-05\\\/detailhandel-umsatzrueckgang-von-2-milliarden\\\/#primaryimage\"},\"image\":{\"@id\":\"https:\\\/\\\/www.immobilienbusiness.ch\\\/en\\\/retail\\\/2016-02-05\\\/detailhandel-umsatzrueckgang-von-2-milliarden\\\/#primaryimage\"},\"thumbnailUrl\":\"https:\\\/\\\/www.immobilienbusiness.ch\\\/wp-content\\\/uploads\\\/2016\\\/12\\\/Detailhandel-Umsatzrueckgang-von-2-Milliarden-immobilien-business.jpg\",\"datePublished\":\"2016-02-05T11:35:46+00:00\",\"description\":\"Angesichts der Frankenaufwertung 2015 verzeichnet der Detailhandel einen Umsatzr\u00fcckgang von 2 Milliarden Franken. Die Folgen sind noch sichtbar.\",\"breadcrumb\":{\"@id\":\"https:\\\/\\\/www.immobilienbusiness.ch\\\/en\\\/retail\\\/2016-02-05\\\/detailhandel-umsatzrueckgang-von-2-milliarden\\\/#breadcrumb\"},\"inLanguage\":\"it-IT\",\"potentialAction\":[{\"@type\":\"ReadAction\",\"target\":[\"https:\\\/\\\/www.immobilienbusiness.ch\\\/en\\\/retail\\\/2016-02-05\\\/detailhandel-umsatzrueckgang-von-2-milliarden\\\/\"]}]},{\"@type\":\"ImageObject\",\"inLanguage\":\"it-IT\",\"@id\":\"https:\\\/\\\/www.immobilienbusiness.ch\\\/en\\\/retail\\\/2016-02-05\\\/detailhandel-umsatzrueckgang-von-2-milliarden\\\/#primaryimage\",\"url\":\"https:\\\/\\\/www.immobilienbusiness.ch\\\/wp-content\\\/uploads\\\/2016\\\/12\\\/Detailhandel-Umsatzrueckgang-von-2-Milliarden-immobilien-business.jpg\",\"contentUrl\":\"https:\\\/\\\/www.immobilienbusiness.ch\\\/wp-content\\\/uploads\\\/2016\\\/12\\\/Detailhandel-Umsatzrueckgang-von-2-Milliarden-immobilien-business.jpg\",\"width\":1280,\"height\":853,\"caption\":\"Schweizer Detailhandel leidet unter hohen Umsatzr\u00fcckg\u00e4ngen (Foto: Pixabay)\"},{\"@type\":\"BreadcrumbList\",\"@id\":\"https:\\\/\\\/www.immobilienbusiness.ch\\\/en\\\/retail\\\/2016-02-05\\\/detailhandel-umsatzrueckgang-von-2-milliarden\\\/#breadcrumb\",\"itemListElement\":[{\"@type\":\"ListItem\",\"position\":1,\"name\":\"Home\",\"item\":\"https:\\\/\\\/www.immobilienbusiness.ch\\\/\"},{\"@type\":\"ListItem\",\"position\":2,\"name\":\"Detailhandel: Umsatzr\u00fcckgang von 2 Milliarden\"}]},{\"@type\":\"WebSite\",\"@id\":\"https:\\\/\\\/www.immobilienbusiness.ch\\\/#website\",\"url\":\"https:\\\/\\\/www.immobilienbusiness.ch\\\/\",\"name\":\"IMMOBILIEN Business\",\"description\":\"Unabh\u00e4ngiges Schweizer Wirtschaftsmagazin mit Fokus auf Immobilien, Architektur- und Bau sowie Investment- und Finanzierung.\",\"publisher\":{\"@id\":\"https:\\\/\\\/www.immobilienbusiness.ch\\\/#organization\"},\"potentialAction\":[{\"@type\":\"SearchAction\",\"target\":{\"@type\":\"EntryPoint\",\"urlTemplate\":\"https:\\\/\\\/www.immobilienbusiness.ch\\\/?s={search_term_string}\"},\"query-input\":{\"@type\":\"PropertyValueSpecification\",\"valueRequired\":true,\"valueName\":\"search_term_string\"}}],\"inLanguage\":\"it-IT\"},{\"@type\":\"Organization\",\"@id\":\"https:\\\/\\\/www.immobilienbusiness.ch\\\/#organization\",\"name\":\"IMMOBILIEN Business\",\"url\":\"https:\\\/\\\/www.immobilienbusiness.ch\\\/\",\"logo\":{\"@type\":\"ImageObject\",\"inLanguage\":\"it-IT\",\"@id\":\"https:\\\/\\\/www.immobilienbusiness.ch\\\/#\\\/schema\\\/logo\\\/image\\\/\",\"url\":\"https:\\\/\\\/www.immobilienbusiness.ch\\\/wp-content\\\/uploads\\\/2021\\\/07\\\/logo_ib.png\",\"contentUrl\":\"https:\\\/\\\/www.immobilienbusiness.ch\\\/wp-content\\\/uploads\\\/2021\\\/07\\\/logo_ib.png\",\"width\":800,\"height\":181,\"caption\":\"IMMOBILIEN Business\"},\"image\":{\"@id\":\"https:\\\/\\\/www.immobilienbusiness.ch\\\/#\\\/schema\\\/logo\\\/image\\\/\"},\"sameAs\":[\"https:\\\/\\\/www.facebook.com\\\/immobilienbusiness\\\/\"]},{\"@type\":\"Person\",\"@id\":\"https:\\\/\\\/www.immobilienbusiness.ch\\\/#\\\/schema\\\/person\\\/aa2bace6c5c5aad60102004a50c4eb1c\",\"name\":\"Redaktion\",\"image\":{\"@type\":\"ImageObject\",\"inLanguage\":\"it-IT\",\"@id\":\"https:\\\/\\\/secure.gravatar.com\\\/avatar\\\/ae2f4d718e6c49043e314ce431e7e645d646302a24a5ef5a8bc8e3f5a032e319?s=96&d=mm&r=g\",\"url\":\"https:\\\/\\\/secure.gravatar.com\\\/avatar\\\/ae2f4d718e6c49043e314ce431e7e645d646302a24a5ef5a8bc8e3f5a032e319?s=96&d=mm&r=g\",\"contentUrl\":\"https:\\\/\\\/secure.gravatar.com\\\/avatar\\\/ae2f4d718e6c49043e314ce431e7e645d646302a24a5ef5a8bc8e3f5a032e319?s=96&d=mm&r=g\",\"caption\":\"Redaktion\"},\"sameAs\":[\"http:\\\/\\\/develop.organisator.galledia.ch\"],\"url\":\"https:\\\/\\\/www.immobilienbusiness.ch\\\/it\\\/author\\\/admin\\\/\"}]}<\/script>\n<!-- \/ Yoast SEO plugin. -->","yoast_head_json":{"title":"Detailhandel Umsatzr\u00fcckgang: 2 Milliarden im Visier","description":"Angesichts der Frankenaufwertung 2015 verzeichnet der Detailhandel einen Umsatzr\u00fcckgang von 2 Milliarden Franken. Die Folgen sind noch sichtbar.","robots":{"index":"index","follow":"follow","max-snippet":"max-snippet:-1","max-image-preview":"max-image-preview:large","max-video-preview":"max-video-preview:-1"},"canonical":"https:\/\/www.immobilienbusiness.ch\/it\/retail\/2016-02-05\/detailhandel-umsatzrueckgang-von-2-milliarden\/","og_locale":"it_IT","og_type":"article","og_title":"Detailhandel: Umsatzr\u00fcckgang von 2 Milliarden","og_description":"Das Jahr 2015 geht als das Jahr mit dem gr\u00f6ssten Umsatzr\u00fcckgang in die j\u00fcngere Detailhandelsgeschichte der Schweiz ein. Nach Berechnungen von BAK Basel hatten die Detaillisten \u00fcber zwei Milliarden CHF weniger Umsatz verzeichnet als 2014.","og_url":"https:\/\/www.immobilienbusiness.ch\/it\/retail\/2016-02-05\/detailhandel-umsatzrueckgang-von-2-milliarden\/","og_site_name":"IMMOBILIEN Business","article_publisher":"https:\/\/www.facebook.com\/immobilienbusiness\/","article_published_time":"2016-02-05T11:35:46+00:00","author":"Redaktion","twitter_card":"summary_large_image","twitter_image":"https:\/\/www.immobilienbusiness.ch\/wp-content\/uploads\/2016\/12\/Detailhandel-Umsatzrueckgang-von-2-Milliarden-immobilien-business.jpg","schema":{"@context":"https:\/\/schema.org","@graph":[{"@type":"Article","@id":"https:\/\/www.immobilienbusiness.ch\/en\/retail\/2016-02-05\/detailhandel-umsatzrueckgang-von-2-milliarden\/#article","isPartOf":{"@id":"https:\/\/www.immobilienbusiness.ch\/en\/retail\/2016-02-05\/detailhandel-umsatzrueckgang-von-2-milliarden\/"},"author":{"name":"Redaktion","@id":"https:\/\/www.immobilienbusiness.ch\/#\/schema\/person\/aa2bace6c5c5aad60102004a50c4eb1c"},"headline":"Detailhandel: Umsatzr\u00fcckgang von 2 Milliarden","datePublished":"2016-02-05T11:35:46+00:00","mainEntityOfPage":{"@id":"https:\/\/www.immobilienbusiness.ch\/en\/retail\/2016-02-05\/detailhandel-umsatzrueckgang-von-2-milliarden\/"},"wordCount":207,"commentCount":0,"publisher":{"@id":"https:\/\/www.immobilienbusiness.ch\/#organization"},"image":{"@id":"https:\/\/www.immobilienbusiness.ch\/en\/retail\/2016-02-05\/detailhandel-umsatzrueckgang-von-2-milliarden\/#primaryimage"},"thumbnailUrl":"https:\/\/www.immobilienbusiness.ch\/wp-content\/uploads\/2016\/12\/Detailhandel-Umsatzrueckgang-von-2-Milliarden-immobilien-business.jpg","keywords":["Retail"],"articleSection":["RETAIL"],"inLanguage":"it-IT"},{"@type":"WebPage","@id":"https:\/\/www.immobilienbusiness.ch\/en\/retail\/2016-02-05\/detailhandel-umsatzrueckgang-von-2-milliarden\/","url":"https:\/\/www.immobilienbusiness.ch\/en\/retail\/2016-02-05\/detailhandel-umsatzrueckgang-von-2-milliarden\/","name":"Detailhandel Umsatzr\u00fcckgang: 2 Milliarden im Visier","isPartOf":{"@id":"https:\/\/www.immobilienbusiness.ch\/#website"},"primaryImageOfPage":{"@id":"https:\/\/www.immobilienbusiness.ch\/en\/retail\/2016-02-05\/detailhandel-umsatzrueckgang-von-2-milliarden\/#primaryimage"},"image":{"@id":"https:\/\/www.immobilienbusiness.ch\/en\/retail\/2016-02-05\/detailhandel-umsatzrueckgang-von-2-milliarden\/#primaryimage"},"thumbnailUrl":"https:\/\/www.immobilienbusiness.ch\/wp-content\/uploads\/2016\/12\/Detailhandel-Umsatzrueckgang-von-2-Milliarden-immobilien-business.jpg","datePublished":"2016-02-05T11:35:46+00:00","description":"Angesichts der Frankenaufwertung 2015 verzeichnet der Detailhandel einen Umsatzr\u00fcckgang von 2 Milliarden Franken. Die Folgen sind noch sichtbar.","breadcrumb":{"@id":"https:\/\/www.immobilienbusiness.ch\/en\/retail\/2016-02-05\/detailhandel-umsatzrueckgang-von-2-milliarden\/#breadcrumb"},"inLanguage":"it-IT","potentialAction":[{"@type":"ReadAction","target":["https:\/\/www.immobilienbusiness.ch\/en\/retail\/2016-02-05\/detailhandel-umsatzrueckgang-von-2-milliarden\/"]}]},{"@type":"ImageObject","inLanguage":"it-IT","@id":"https:\/\/www.immobilienbusiness.ch\/en\/retail\/2016-02-05\/detailhandel-umsatzrueckgang-von-2-milliarden\/#primaryimage","url":"https:\/\/www.immobilienbusiness.ch\/wp-content\/uploads\/2016\/12\/Detailhandel-Umsatzrueckgang-von-2-Milliarden-immobilien-business.jpg","contentUrl":"https:\/\/www.immobilienbusiness.ch\/wp-content\/uploads\/2016\/12\/Detailhandel-Umsatzrueckgang-von-2-Milliarden-immobilien-business.jpg","width":1280,"height":853,"caption":"Schweizer Detailhandel leidet unter hohen Umsatzr\u00fcckg\u00e4ngen (Foto: Pixabay)"},{"@type":"BreadcrumbList","@id":"https:\/\/www.immobilienbusiness.ch\/en\/retail\/2016-02-05\/detailhandel-umsatzrueckgang-von-2-milliarden\/#breadcrumb","itemListElement":[{"@type":"ListItem","position":1,"name":"Home","item":"https:\/\/www.immobilienbusiness.ch\/"},{"@type":"ListItem","position":2,"name":"Detailhandel: Umsatzr\u00fcckgang von 2 Milliarden"}]},{"@type":"WebSite","@id":"https:\/\/www.immobilienbusiness.ch\/#website","url":"https:\/\/www.immobilienbusiness.ch\/","name":"Affari immobiliari","description":"Rivista economica indipendente svizzera che si concentra sul settore immobiliare, l'architettura e la costruzione, nonch\u00e9 sugli investimenti e i finanziamenti.","publisher":{"@id":"https:\/\/www.immobilienbusiness.ch\/#organization"},"potentialAction":[{"@type":"SearchAction","target":{"@type":"EntryPoint","urlTemplate":"https:\/\/www.immobilienbusiness.ch\/?s={search_term_string}"},"query-input":{"@type":"PropertyValueSpecification","valueRequired":true,"valueName":"search_term_string"}}],"inLanguage":"it-IT"},{"@type":"Organization","@id":"https:\/\/www.immobilienbusiness.ch\/#organization","name":"Affari immobiliari","url":"https:\/\/www.immobilienbusiness.ch\/","logo":{"@type":"ImageObject","inLanguage":"it-IT","@id":"https:\/\/www.immobilienbusiness.ch\/#\/schema\/logo\/image\/","url":"https:\/\/www.immobilienbusiness.ch\/wp-content\/uploads\/2021\/07\/logo_ib.png","contentUrl":"https:\/\/www.immobilienbusiness.ch\/wp-content\/uploads\/2021\/07\/logo_ib.png","width":800,"height":181,"caption":"IMMOBILIEN Business"},"image":{"@id":"https:\/\/www.immobilienbusiness.ch\/#\/schema\/logo\/image\/"},"sameAs":["https:\/\/www.facebook.com\/immobilienbusiness\/"]},{"@type":"Person","@id":"https:\/\/www.immobilienbusiness.ch\/#\/schema\/person\/aa2bace6c5c5aad60102004a50c4eb1c","name":"Editoriale","image":{"@type":"ImageObject","inLanguage":"it-IT","@id":"https:\/\/secure.gravatar.com\/avatar\/ae2f4d718e6c49043e314ce431e7e645d646302a24a5ef5a8bc8e3f5a032e319?s=96&d=mm&r=g","url":"https:\/\/secure.gravatar.com\/avatar\/ae2f4d718e6c49043e314ce431e7e645d646302a24a5ef5a8bc8e3f5a032e319?s=96&d=mm&r=g","contentUrl":"https:\/\/secure.gravatar.com\/avatar\/ae2f4d718e6c49043e314ce431e7e645d646302a24a5ef5a8bc8e3f5a032e319?s=96&d=mm&r=g","caption":"Redaktion"},"sameAs":["http:\/\/develop.organisator.galledia.ch"],"url":"https:\/\/www.immobilienbusiness.ch\/it\/author\/admin\/"}]}},"_links":{"self":[{"href":"https:\/\/www.immobilienbusiness.ch\/it\/wp-json\/wp\/v2\/posts\/2231","targetHints":{"allow":["GET"]}}],"collection":[{"href":"https:\/\/www.immobilienbusiness.ch\/it\/wp-json\/wp\/v2\/posts"}],"about":[{"href":"https:\/\/www.immobilienbusiness.ch\/it\/wp-json\/wp\/v2\/types\/post"}],"author":[{"embeddable":true,"href":"https:\/\/www.immobilienbusiness.ch\/it\/wp-json\/wp\/v2\/users\/1"}],"replies":[{"embeddable":true,"href":"https:\/\/www.immobilienbusiness.ch\/it\/wp-json\/wp\/v2\/comments?post=2231"}],"version-history":[{"count":0,"href":"https:\/\/www.immobilienbusiness.ch\/it\/wp-json\/wp\/v2\/posts\/2231\/revisions"}],"wp:featuredmedia":[{"embeddable":true,"href":"https:\/\/www.immobilienbusiness.ch\/it\/wp-json\/wp\/v2\/media\/2232"}],"wp:attachment":[{"href":"https:\/\/www.immobilienbusiness.ch\/it\/wp-json\/wp\/v2\/media?parent=2231"}],"wp:term":[{"taxonomy":"category","embeddable":true,"href":"https:\/\/www.immobilienbusiness.ch\/it\/wp-json\/wp\/v2\/categories?post=2231"},{"taxonomy":"post_tag","embeddable":true,"href":"https:\/\/www.immobilienbusiness.ch\/it\/wp-json\/wp\/v2\/tags?post=2231"}],"curies":[{"name":"wp","href":"https:\/\/api.w.org\/{rel}","templated":true}]}}