{"id":22126,"date":"2020-08-19T08:31:32","date_gmt":"2020-08-19T06:31:32","guid":{"rendered":"https:\/\/www.immobilienbusiness.ch\/?p=22126"},"modified":"2020-08-19T08:31:32","modified_gmt":"2020-08-19T06:31:32","slug":"implenia-ebitda-steigt-umsatz-sinkt","status":"publish","type":"post","link":"https:\/\/www.immobilienbusiness.ch\/it\/unternehmen\/2020-08-19\/implenia-ebitda-steigt-umsatz-sinkt\/","title":{"rendered":"Implenia: l'Ebitda sale, il fatturato scende"},"content":{"rendered":"<figure id=\"attachment_4675\" aria-describedby=\"caption-attachment-4675\" style=\"width: 680px\" class=\"wp-caption alignnone\"><img loading=\"lazy\" decoding=\"async\" class=\"size-medium wp-image-4675\" src=\"https:\/\/www.immobilienbusiness.ch\/wp-content\/uploads\/2015\/08\/Implenia-macht-mehr-Umsatz-aber-weniger-Gewinn-immobilien-business.jpg\" alt=\"\" width=\"680\" height=\"383\" srcset=\"https:\/\/www.immobilienbusiness.ch\/wp-content\/uploads\/2015\/08\/Implenia-macht-mehr-Umsatz-aber-weniger-Gewinn-immobilien-business.jpg 2560w, https:\/\/www.immobilienbusiness.ch\/wp-content\/uploads\/2015\/08\/Implenia-macht-mehr-Umsatz-aber-weniger-Gewinn-immobilien-business-300x169.jpg 300w, https:\/\/www.immobilienbusiness.ch\/wp-content\/uploads\/2015\/08\/Implenia-macht-mehr-Umsatz-aber-weniger-Gewinn-immobilien-business-1024x576.jpg 1024w, https:\/\/www.immobilienbusiness.ch\/wp-content\/uploads\/2015\/08\/Implenia-macht-mehr-Umsatz-aber-weniger-Gewinn-immobilien-business-768x432.jpg 768w, https:\/\/www.immobilienbusiness.ch\/wp-content\/uploads\/2015\/08\/Implenia-macht-mehr-Umsatz-aber-weniger-Gewinn-immobilien-business-1536x864.jpg 1536w, https:\/\/www.immobilienbusiness.ch\/wp-content\/uploads\/2015\/08\/Implenia-macht-mehr-Umsatz-aber-weniger-Gewinn-immobilien-business-2048x1152.jpg 2048w, https:\/\/www.immobilienbusiness.ch\/wp-content\/uploads\/2015\/08\/Implenia-macht-mehr-Umsatz-aber-weniger-Gewinn-immobilien-business-16x9.jpg 16w, https:\/\/www.immobilienbusiness.ch\/wp-content\/uploads\/2015\/08\/Implenia-macht-mehr-Umsatz-aber-weniger-Gewinn-immobilien-business-311x175.jpg 311w, https:\/\/www.immobilienbusiness.ch\/wp-content\/uploads\/2015\/08\/Implenia-macht-mehr-Umsatz-aber-weniger-Gewinn-immobilien-business-622x350.jpg 622w, https:\/\/www.immobilienbusiness.ch\/wp-content\/uploads\/2015\/08\/Implenia-macht-mehr-Umsatz-aber-weniger-Gewinn-immobilien-business-1422x800.jpg 1422w, https:\/\/www.immobilienbusiness.ch\/wp-content\/uploads\/2015\/08\/Implenia-macht-mehr-Umsatz-aber-weniger-Gewinn-immobilien-business-920x518.jpg 920w, https:\/\/www.immobilienbusiness.ch\/wp-content\/uploads\/2015\/08\/Implenia-macht-mehr-Umsatz-aber-weniger-Gewinn-immobilien-business-1400x788.jpg 1400w\" sizes=\"auto, (max-width: 680px) 100vw, 680px\" \/><figcaption id=\"caption-attachment-4675\" class=\"wp-caption-text\">Implenia riporta un calo delle vendite per la prima met\u00e0 del 2020 a causa della pandemia di Covid 19 (Immagine: Implenia AG)<\/figcaption><\/figure>\n<p>L'effetto positivo dello spin-off di Ina Invest ha superato l'impatto negativo di Covid-19, ha scritto Implenia nel pubblicare i suoi risultati semestrali. Il gruppo ha aumentato Ebita di 39% da 72,9 a 101,6 milioni - anche grazie allo spin-off di parte del portafoglio di sviluppo nella nuova Ina Invest. Questa transazione ha comportato un guadagno di rivalutazione una tantum di 107,1 milioni.<\/p>\n<p>Il fatturato \u00e8 sceso dell'11,8% a 1,93 miliardi di franchi nella prima met\u00e0 del 2020 (anno precedente: 2,18 miliardi di franchi) a causa della pandemia. Il portafoglio ordini ammonta a 6,2 miliardi, continua il rapporto. Il risultato finale \u00e8 un risultato consolidato di 53,61 milioni (anno precedente: 0,5 milioni).<\/p>\n<p>Da Covid-19, l'unit\u00e0 di business civile della divisione di ingegneria civile \u00e8 stata pi\u00f9 colpita dalla chiusura temporanea dei cantieri e dalla minore produttivit\u00e0, ha detto Implenia. L'Ebitda della divisione \u00e8 stato di -16,2 milioni (anno precedente: 18,4 milioni) e il fatturato di 926,7 milioni (anno precedente: 1,12 miliardi).<\/p>\n<p>Nella divisione Edifici, l'impresa di costruzioni cita anche la pandemia di Corona e le relative chiusure di cantieri come la ragione principale del calo delle entrate. \u00c8 sceso da 1,1 miliardi nella prima met\u00e0 del 2019 a 1,0 miliardi.<\/p>\n<p>Per l'intero anno, Implenia conferma la guidance a livello di Gruppo prima degli effetti della pandemia. L'azienda si attiene anche al suo margine target a medio termine dell'Ebitda di circa 6,5%. <em>(ah)<\/em><\/p>","protected":false},"excerpt":{"rendered":"<p>La societ\u00e0 di costruzioni Implenia ha aumentato l'Ebitda di 39% nella prima met\u00e0 del 2020. Tuttavia, a causa della pandemia di Corona, le vendite sono diminuite di circa 12% rispetto allo stesso periodo dell'anno scorso.<\/p>","protected":false},"author":3,"featured_media":6428,"comment_status":"closed","ping_status":"open","sticky":false,"template":"","format":"standard","meta":{"_acf_changed":false,"_yoast_wpseo_focuskw":"Implenia","_yoast_wpseo_title":"","_yoast_wpseo_metadesc":"Implenia hat im ersten Halbjahr 2020 das Ebitda um 39% gesteigert. Aufgrund von Covid-19 ging der Umsatz jedoch um etwa 12% zur\u00fcck.","_yoast_wpseo_linkdex":61,"pgc_sgb_lightbox_settings":"","footnotes":""},"categories":[988],"tags":[1290,1359],"class_list":["post-22126","post","type-post","status-publish","format-standard","has-post-thumbnail","hentry","category-unternehmen","tag-halbjahresergebnis","tag-implenia"],"acf":[],"yoast_head":"<!-- This site is optimized with the Yoast SEO plugin v27.5 - https:\/\/yoast.com\/product\/yoast-seo-wordpress\/ -->\n<title>Implenia: Ebitda steigt, Umsatz sinkt - IMMOBILIEN Business<\/title>\n<meta name=\"description\" content=\"Implenia hat im ersten Halbjahr 2020 das Ebitda um 39% gesteigert. Aufgrund von Covid-19 ging der Umsatz jedoch um etwa 12% zur\u00fcck.\" \/>\n<meta name=\"robots\" content=\"index, follow, max-snippet:-1, max-image-preview:large, max-video-preview:-1\" \/>\n<link rel=\"canonical\" href=\"https:\/\/www.immobilienbusiness.ch\/it\/unternehmen\/2020-08-19\/implenia-ebitda-steigt-umsatz-sinkt\/\" \/>\n<meta property=\"og:locale\" content=\"it_IT\" \/>\n<meta property=\"og:type\" content=\"article\" \/>\n<meta property=\"og:title\" content=\"Implenia: Ebitda steigt, Umsatz sinkt - IMMOBILIEN Business\" \/>\n<meta property=\"og:description\" content=\"Implenia hat im ersten Halbjahr 2020 das Ebitda um 39% gesteigert. Aufgrund von Covid-19 ging der Umsatz jedoch um etwa 12% zur\u00fcck.\" \/>\n<meta property=\"og:url\" content=\"https:\/\/www.immobilienbusiness.ch\/it\/unternehmen\/2020-08-19\/implenia-ebitda-steigt-umsatz-sinkt\/\" \/>\n<meta property=\"og:site_name\" content=\"IMMOBILIEN Business\" \/>\n<meta property=\"article:publisher\" content=\"https:\/\/www.facebook.com\/immobilienbusiness\/\" \/>\n<meta property=\"article:published_time\" content=\"2020-08-19T06:31:32+00:00\" \/>\n<meta property=\"og:image\" content=\"https:\/\/www.immobilienbusiness.ch\/wp-content\/uploads\/2017\/02\/swissmill-kran_1-1024x576.jpg\" \/>\n\t<meta property=\"og:image:width\" content=\"1024\" \/>\n\t<meta property=\"og:image:height\" content=\"576\" \/>\n\t<meta property=\"og:image:type\" content=\"image\/jpeg\" \/>\n<meta name=\"author\" content=\"anja.hall\" \/>\n<meta name=\"twitter:card\" content=\"summary_large_image\" \/>\n<meta name=\"twitter:image\" content=\"https:\/\/www.immobilienbusiness.ch\/wp-content\/uploads\/2017\/02\/swissmill-kran_1.jpg\" \/>\n<script type=\"application\/ld+json\" class=\"yoast-schema-graph\">{\"@context\":\"https:\\\/\\\/schema.org\",\"@graph\":[{\"@type\":\"Article\",\"@id\":\"https:\\\/\\\/www.immobilienbusiness.ch\\\/unternehmen\\\/2020-08-19\\\/implenia-ebitda-steigt-umsatz-sinkt\\\/#article\",\"isPartOf\":{\"@id\":\"https:\\\/\\\/www.immobilienbusiness.ch\\\/unternehmen\\\/2020-08-19\\\/implenia-ebitda-steigt-umsatz-sinkt\\\/\"},\"author\":{\"name\":\"anja.hall\",\"@id\":\"https:\\\/\\\/www.immobilienbusiness.ch\\\/#\\\/schema\\\/person\\\/3fc036297b10b9f42d6db5ee932af8c8\"},\"headline\":\"Implenia: Ebitda steigt, Umsatz sinkt\",\"datePublished\":\"2020-08-19T06:31:32+00:00\",\"mainEntityOfPage\":{\"@id\":\"https:\\\/\\\/www.immobilienbusiness.ch\\\/unternehmen\\\/2020-08-19\\\/implenia-ebitda-steigt-umsatz-sinkt\\\/\"},\"wordCount\":222,\"publisher\":{\"@id\":\"https:\\\/\\\/www.immobilienbusiness.ch\\\/#organization\"},\"image\":{\"@id\":\"https:\\\/\\\/www.immobilienbusiness.ch\\\/unternehmen\\\/2020-08-19\\\/implenia-ebitda-steigt-umsatz-sinkt\\\/#primaryimage\"},\"thumbnailUrl\":\"https:\\\/\\\/www.immobilienbusiness.ch\\\/wp-content\\\/uploads\\\/2017\\\/02\\\/swissmill-kran_1.jpg\",\"keywords\":[\"Halbjahresergebnis\",\"Implenia\"],\"articleSection\":[\"UNTERNEHMEN\"],\"inLanguage\":\"it-IT\"},{\"@type\":\"WebPage\",\"@id\":\"https:\\\/\\\/www.immobilienbusiness.ch\\\/unternehmen\\\/2020-08-19\\\/implenia-ebitda-steigt-umsatz-sinkt\\\/\",\"url\":\"https:\\\/\\\/www.immobilienbusiness.ch\\\/unternehmen\\\/2020-08-19\\\/implenia-ebitda-steigt-umsatz-sinkt\\\/\",\"name\":\"Implenia: Ebitda steigt, Umsatz sinkt - IMMOBILIEN Business\",\"isPartOf\":{\"@id\":\"https:\\\/\\\/www.immobilienbusiness.ch\\\/#website\"},\"primaryImageOfPage\":{\"@id\":\"https:\\\/\\\/www.immobilienbusiness.ch\\\/unternehmen\\\/2020-08-19\\\/implenia-ebitda-steigt-umsatz-sinkt\\\/#primaryimage\"},\"image\":{\"@id\":\"https:\\\/\\\/www.immobilienbusiness.ch\\\/unternehmen\\\/2020-08-19\\\/implenia-ebitda-steigt-umsatz-sinkt\\\/#primaryimage\"},\"thumbnailUrl\":\"https:\\\/\\\/www.immobilienbusiness.ch\\\/wp-content\\\/uploads\\\/2017\\\/02\\\/swissmill-kran_1.jpg\",\"datePublished\":\"2020-08-19T06:31:32+00:00\",\"description\":\"Implenia hat im ersten Halbjahr 2020 das Ebitda um 39% gesteigert. Aufgrund von Covid-19 ging der Umsatz jedoch um etwa 12% zur\u00fcck.\",\"breadcrumb\":{\"@id\":\"https:\\\/\\\/www.immobilienbusiness.ch\\\/unternehmen\\\/2020-08-19\\\/implenia-ebitda-steigt-umsatz-sinkt\\\/#breadcrumb\"},\"inLanguage\":\"it-IT\",\"potentialAction\":[{\"@type\":\"ReadAction\",\"target\":[\"https:\\\/\\\/www.immobilienbusiness.ch\\\/unternehmen\\\/2020-08-19\\\/implenia-ebitda-steigt-umsatz-sinkt\\\/\"]}]},{\"@type\":\"ImageObject\",\"inLanguage\":\"it-IT\",\"@id\":\"https:\\\/\\\/www.immobilienbusiness.ch\\\/unternehmen\\\/2020-08-19\\\/implenia-ebitda-steigt-umsatz-sinkt\\\/#primaryimage\",\"url\":\"https:\\\/\\\/www.immobilienbusiness.ch\\\/wp-content\\\/uploads\\\/2017\\\/02\\\/swissmill-kran_1.jpg\",\"contentUrl\":\"https:\\\/\\\/www.immobilienbusiness.ch\\\/wp-content\\\/uploads\\\/2017\\\/02\\\/swissmill-kran_1.jpg\",\"width\":2560,\"height\":1440,\"caption\":\"Der gr\u00f6sste Schweizer Baukonzern sieht sich f\u00fcr das Jahr 2023 auf Kurs (Bild: Depositphotos) (Foto: Implenia)\"},{\"@type\":\"BreadcrumbList\",\"@id\":\"https:\\\/\\\/www.immobilienbusiness.ch\\\/unternehmen\\\/2020-08-19\\\/implenia-ebitda-steigt-umsatz-sinkt\\\/#breadcrumb\",\"itemListElement\":[{\"@type\":\"ListItem\",\"position\":1,\"name\":\"Home\",\"item\":\"https:\\\/\\\/www.immobilienbusiness.ch\\\/\"},{\"@type\":\"ListItem\",\"position\":2,\"name\":\"Implenia: Ebitda steigt, Umsatz sinkt\"}]},{\"@type\":\"WebSite\",\"@id\":\"https:\\\/\\\/www.immobilienbusiness.ch\\\/#website\",\"url\":\"https:\\\/\\\/www.immobilienbusiness.ch\\\/\",\"name\":\"IMMOBILIEN Business\",\"description\":\"Unabh\u00e4ngiges Schweizer Wirtschaftsmagazin mit Fokus auf Immobilien, Architektur- und Bau sowie Investment- und Finanzierung.\",\"publisher\":{\"@id\":\"https:\\\/\\\/www.immobilienbusiness.ch\\\/#organization\"},\"potentialAction\":[{\"@type\":\"SearchAction\",\"target\":{\"@type\":\"EntryPoint\",\"urlTemplate\":\"https:\\\/\\\/www.immobilienbusiness.ch\\\/?s={search_term_string}\"},\"query-input\":{\"@type\":\"PropertyValueSpecification\",\"valueRequired\":true,\"valueName\":\"search_term_string\"}}],\"inLanguage\":\"it-IT\"},{\"@type\":\"Organization\",\"@id\":\"https:\\\/\\\/www.immobilienbusiness.ch\\\/#organization\",\"name\":\"IMMOBILIEN Business\",\"url\":\"https:\\\/\\\/www.immobilienbusiness.ch\\\/\",\"logo\":{\"@type\":\"ImageObject\",\"inLanguage\":\"it-IT\",\"@id\":\"https:\\\/\\\/www.immobilienbusiness.ch\\\/#\\\/schema\\\/logo\\\/image\\\/\",\"url\":\"https:\\\/\\\/www.immobilienbusiness.ch\\\/wp-content\\\/uploads\\\/2021\\\/07\\\/logo_ib.png\",\"contentUrl\":\"https:\\\/\\\/www.immobilienbusiness.ch\\\/wp-content\\\/uploads\\\/2021\\\/07\\\/logo_ib.png\",\"width\":800,\"height\":181,\"caption\":\"IMMOBILIEN Business\"},\"image\":{\"@id\":\"https:\\\/\\\/www.immobilienbusiness.ch\\\/#\\\/schema\\\/logo\\\/image\\\/\"},\"sameAs\":[\"https:\\\/\\\/www.facebook.com\\\/immobilienbusiness\\\/\"]},{\"@type\":\"Person\",\"@id\":\"https:\\\/\\\/www.immobilienbusiness.ch\\\/#\\\/schema\\\/person\\\/3fc036297b10b9f42d6db5ee932af8c8\",\"name\":\"anja.hall\",\"image\":{\"@type\":\"ImageObject\",\"inLanguage\":\"it-IT\",\"@id\":\"https:\\\/\\\/secure.gravatar.com\\\/avatar\\\/066b5a0d447013502c71a5782f4f3469f03cfe595cc2329fb94652fe47511bfb?s=96&d=mm&r=g\",\"url\":\"https:\\\/\\\/secure.gravatar.com\\\/avatar\\\/066b5a0d447013502c71a5782f4f3469f03cfe595cc2329fb94652fe47511bfb?s=96&d=mm&r=g\",\"contentUrl\":\"https:\\\/\\\/secure.gravatar.com\\\/avatar\\\/066b5a0d447013502c71a5782f4f3469f03cfe595cc2329fb94652fe47511bfb?s=96&d=mm&r=g\",\"caption\":\"anja.hall\"},\"url\":\"https:\\\/\\\/www.immobilienbusiness.ch\\\/it\\\/author\\\/anja-hall\\\/\"}]}<\/script>\n<!-- \/ Yoast SEO plugin. -->","yoast_head_json":{"title":"Implenia: EBITDA in aumento, vendite in calo - IMMOBILIEN Business","description":"Implenia hat im ersten Halbjahr 2020 das Ebitda um 39% gesteigert. Aufgrund von Covid-19 ging der Umsatz jedoch um etwa 12% zur\u00fcck.","robots":{"index":"index","follow":"follow","max-snippet":"max-snippet:-1","max-image-preview":"max-image-preview:large","max-video-preview":"max-video-preview:-1"},"canonical":"https:\/\/www.immobilienbusiness.ch\/it\/unternehmen\/2020-08-19\/implenia-ebitda-steigt-umsatz-sinkt\/","og_locale":"it_IT","og_type":"article","og_title":"Implenia: Ebitda steigt, Umsatz sinkt - IMMOBILIEN Business","og_description":"Implenia hat im ersten Halbjahr 2020 das Ebitda um 39% gesteigert. Aufgrund von Covid-19 ging der Umsatz jedoch um etwa 12% zur\u00fcck.","og_url":"https:\/\/www.immobilienbusiness.ch\/it\/unternehmen\/2020-08-19\/implenia-ebitda-steigt-umsatz-sinkt\/","og_site_name":"IMMOBILIEN Business","article_publisher":"https:\/\/www.facebook.com\/immobilienbusiness\/","article_published_time":"2020-08-19T06:31:32+00:00","og_image":[{"width":1024,"height":576,"url":"https:\/\/www.immobilienbusiness.ch\/wp-content\/uploads\/2017\/02\/swissmill-kran_1-1024x576.jpg","type":"image\/jpeg"}],"author":"anja.hall","twitter_card":"summary_large_image","twitter_image":"https:\/\/www.immobilienbusiness.ch\/wp-content\/uploads\/2017\/02\/swissmill-kran_1.jpg","schema":{"@context":"https:\/\/schema.org","@graph":[{"@type":"Article","@id":"https:\/\/www.immobilienbusiness.ch\/unternehmen\/2020-08-19\/implenia-ebitda-steigt-umsatz-sinkt\/#article","isPartOf":{"@id":"https:\/\/www.immobilienbusiness.ch\/unternehmen\/2020-08-19\/implenia-ebitda-steigt-umsatz-sinkt\/"},"author":{"name":"anja.hall","@id":"https:\/\/www.immobilienbusiness.ch\/#\/schema\/person\/3fc036297b10b9f42d6db5ee932af8c8"},"headline":"Implenia: Ebitda steigt, Umsatz sinkt","datePublished":"2020-08-19T06:31:32+00:00","mainEntityOfPage":{"@id":"https:\/\/www.immobilienbusiness.ch\/unternehmen\/2020-08-19\/implenia-ebitda-steigt-umsatz-sinkt\/"},"wordCount":222,"publisher":{"@id":"https:\/\/www.immobilienbusiness.ch\/#organization"},"image":{"@id":"https:\/\/www.immobilienbusiness.ch\/unternehmen\/2020-08-19\/implenia-ebitda-steigt-umsatz-sinkt\/#primaryimage"},"thumbnailUrl":"https:\/\/www.immobilienbusiness.ch\/wp-content\/uploads\/2017\/02\/swissmill-kran_1.jpg","keywords":["Halbjahresergebnis","Implenia"],"articleSection":["UNTERNEHMEN"],"inLanguage":"it-IT"},{"@type":"WebPage","@id":"https:\/\/www.immobilienbusiness.ch\/unternehmen\/2020-08-19\/implenia-ebitda-steigt-umsatz-sinkt\/","url":"https:\/\/www.immobilienbusiness.ch\/unternehmen\/2020-08-19\/implenia-ebitda-steigt-umsatz-sinkt\/","name":"Implenia: EBITDA in aumento, vendite in calo - IMMOBILIEN Business","isPartOf":{"@id":"https:\/\/www.immobilienbusiness.ch\/#website"},"primaryImageOfPage":{"@id":"https:\/\/www.immobilienbusiness.ch\/unternehmen\/2020-08-19\/implenia-ebitda-steigt-umsatz-sinkt\/#primaryimage"},"image":{"@id":"https:\/\/www.immobilienbusiness.ch\/unternehmen\/2020-08-19\/implenia-ebitda-steigt-umsatz-sinkt\/#primaryimage"},"thumbnailUrl":"https:\/\/www.immobilienbusiness.ch\/wp-content\/uploads\/2017\/02\/swissmill-kran_1.jpg","datePublished":"2020-08-19T06:31:32+00:00","description":"Implenia hat im ersten Halbjahr 2020 das Ebitda um 39% gesteigert. Aufgrund von Covid-19 ging der Umsatz jedoch um etwa 12% zur\u00fcck.","breadcrumb":{"@id":"https:\/\/www.immobilienbusiness.ch\/unternehmen\/2020-08-19\/implenia-ebitda-steigt-umsatz-sinkt\/#breadcrumb"},"inLanguage":"it-IT","potentialAction":[{"@type":"ReadAction","target":["https:\/\/www.immobilienbusiness.ch\/unternehmen\/2020-08-19\/implenia-ebitda-steigt-umsatz-sinkt\/"]}]},{"@type":"ImageObject","inLanguage":"it-IT","@id":"https:\/\/www.immobilienbusiness.ch\/unternehmen\/2020-08-19\/implenia-ebitda-steigt-umsatz-sinkt\/#primaryimage","url":"https:\/\/www.immobilienbusiness.ch\/wp-content\/uploads\/2017\/02\/swissmill-kran_1.jpg","contentUrl":"https:\/\/www.immobilienbusiness.ch\/wp-content\/uploads\/2017\/02\/swissmill-kran_1.jpg","width":2560,"height":1440,"caption":"Der gr\u00f6sste Schweizer Baukonzern sieht sich f\u00fcr das Jahr 2023 auf Kurs (Bild: Depositphotos) (Foto: Implenia)"},{"@type":"BreadcrumbList","@id":"https:\/\/www.immobilienbusiness.ch\/unternehmen\/2020-08-19\/implenia-ebitda-steigt-umsatz-sinkt\/#breadcrumb","itemListElement":[{"@type":"ListItem","position":1,"name":"Home","item":"https:\/\/www.immobilienbusiness.ch\/"},{"@type":"ListItem","position":2,"name":"Implenia: Ebitda steigt, Umsatz sinkt"}]},{"@type":"WebSite","@id":"https:\/\/www.immobilienbusiness.ch\/#website","url":"https:\/\/www.immobilienbusiness.ch\/","name":"Affari immobiliari","description":"Rivista economica indipendente svizzera che si concentra sul settore immobiliare, l'architettura e la costruzione, nonch\u00e9 sugli investimenti e i finanziamenti.","publisher":{"@id":"https:\/\/www.immobilienbusiness.ch\/#organization"},"potentialAction":[{"@type":"SearchAction","target":{"@type":"EntryPoint","urlTemplate":"https:\/\/www.immobilienbusiness.ch\/?s={search_term_string}"},"query-input":{"@type":"PropertyValueSpecification","valueRequired":true,"valueName":"search_term_string"}}],"inLanguage":"it-IT"},{"@type":"Organization","@id":"https:\/\/www.immobilienbusiness.ch\/#organization","name":"Affari immobiliari","url":"https:\/\/www.immobilienbusiness.ch\/","logo":{"@type":"ImageObject","inLanguage":"it-IT","@id":"https:\/\/www.immobilienbusiness.ch\/#\/schema\/logo\/image\/","url":"https:\/\/www.immobilienbusiness.ch\/wp-content\/uploads\/2021\/07\/logo_ib.png","contentUrl":"https:\/\/www.immobilienbusiness.ch\/wp-content\/uploads\/2021\/07\/logo_ib.png","width":800,"height":181,"caption":"IMMOBILIEN Business"},"image":{"@id":"https:\/\/www.immobilienbusiness.ch\/#\/schema\/logo\/image\/"},"sameAs":["https:\/\/www.facebook.com\/immobilienbusiness\/"]},{"@type":"Person","@id":"https:\/\/www.immobilienbusiness.ch\/#\/schema\/person\/3fc036297b10b9f42d6db5ee932af8c8","name":"anja.hall","image":{"@type":"ImageObject","inLanguage":"it-IT","@id":"https:\/\/secure.gravatar.com\/avatar\/066b5a0d447013502c71a5782f4f3469f03cfe595cc2329fb94652fe47511bfb?s=96&d=mm&r=g","url":"https:\/\/secure.gravatar.com\/avatar\/066b5a0d447013502c71a5782f4f3469f03cfe595cc2329fb94652fe47511bfb?s=96&d=mm&r=g","contentUrl":"https:\/\/secure.gravatar.com\/avatar\/066b5a0d447013502c71a5782f4f3469f03cfe595cc2329fb94652fe47511bfb?s=96&d=mm&r=g","caption":"anja.hall"},"url":"https:\/\/www.immobilienbusiness.ch\/it\/author\/anja-hall\/"}]}},"_links":{"self":[{"href":"https:\/\/www.immobilienbusiness.ch\/it\/wp-json\/wp\/v2\/posts\/22126","targetHints":{"allow":["GET"]}}],"collection":[{"href":"https:\/\/www.immobilienbusiness.ch\/it\/wp-json\/wp\/v2\/posts"}],"about":[{"href":"https:\/\/www.immobilienbusiness.ch\/it\/wp-json\/wp\/v2\/types\/post"}],"author":[{"embeddable":true,"href":"https:\/\/www.immobilienbusiness.ch\/it\/wp-json\/wp\/v2\/users\/3"}],"replies":[{"embeddable":true,"href":"https:\/\/www.immobilienbusiness.ch\/it\/wp-json\/wp\/v2\/comments?post=22126"}],"version-history":[{"count":0,"href":"https:\/\/www.immobilienbusiness.ch\/it\/wp-json\/wp\/v2\/posts\/22126\/revisions"}],"wp:featuredmedia":[{"embeddable":true,"href":"https:\/\/www.immobilienbusiness.ch\/it\/wp-json\/wp\/v2\/media\/6428"}],"wp:attachment":[{"href":"https:\/\/www.immobilienbusiness.ch\/it\/wp-json\/wp\/v2\/media?parent=22126"}],"wp:term":[{"taxonomy":"category","embeddable":true,"href":"https:\/\/www.immobilienbusiness.ch\/it\/wp-json\/wp\/v2\/categories?post=22126"},{"taxonomy":"post_tag","embeddable":true,"href":"https:\/\/www.immobilienbusiness.ch\/it\/wp-json\/wp\/v2\/tags?post=22126"}],"curies":[{"name":"wp","href":"https:\/\/api.w.org\/{rel}","templated":true}]}}