{"id":22087,"date":"2020-08-13T08:10:45","date_gmt":"2020-08-13T06:10:45","guid":{"rendered":"https:\/\/www.immobilienbusiness.ch\/?p=22087"},"modified":"2020-08-13T08:10:45","modified_gmt":"2020-08-13T06:10:45","slug":"st-gallen-baubeginn-fuer-ueberbauung-waldacker","status":"publish","type":"post","link":"https:\/\/www.immobilienbusiness.ch\/it\/unternehmen\/2020-08-13\/st-gallen-baubeginn-fuer-ueberbauung-waldacker\/","title":{"rendered":"San Gallo: Inizio della costruzione per lo sviluppo Waldacker"},"content":{"rendered":"<figure id=\"attachment_22089\" aria-describedby=\"caption-attachment-22089\" style=\"width: 680px\" class=\"wp-caption alignnone\"><img loading=\"lazy\" decoding=\"async\" class=\"size-medium wp-image-22089\" src=\"https:\/\/www.immobilienbusiness.ch\/wp-content\/uploads\/2020\/08\/previs.jpg\" alt=\"\" width=\"680\" height=\"382\" srcset=\"https:\/\/www.immobilienbusiness.ch\/wp-content\/uploads\/2020\/08\/previs.jpg 952w, https:\/\/www.immobilienbusiness.ch\/wp-content\/uploads\/2020\/08\/previs-300x169.jpg 300w, https:\/\/www.immobilienbusiness.ch\/wp-content\/uploads\/2020\/08\/previs-768x432.jpg 768w, https:\/\/www.immobilienbusiness.ch\/wp-content\/uploads\/2020\/08\/previs-16x9.jpg 16w, https:\/\/www.immobilienbusiness.ch\/wp-content\/uploads\/2020\/08\/previs-311x175.jpg 311w, https:\/\/www.immobilienbusiness.ch\/wp-content\/uploads\/2020\/08\/previs-623x350.jpg 623w, https:\/\/www.immobilienbusiness.ch\/wp-content\/uploads\/2020\/08\/previs-920x517.jpg 920w\" sizes=\"auto, (max-width: 680px) 100vw, 680px\" \/><figcaption id=\"caption-attachment-22089\" class=\"wp-caption-text\">Lo sviluppo del \"Waldacker\" (visualizzazione: Previs Vorsorge)<\/figcaption><\/figure>\n<p>Dal febbraio 2020, nella zona ovest di San Gallo \u00e8 in costruzione un'area residenziale moderna e orientata al futuro, Previs Vorsorge. Il complesso \"Waldacker\" \u00e8 composto da due edifici con un totale di 110 appartamenti in affitto. Secondo l'azienda, come materiali da costruzione per i due edifici verranno utilizzati legno certificato e cemento riciclato, rispettando cos\u00ec i criteri dello Standard per l'edilizia sostenibile (SNBS). Grazie agli elementi prefabbricati, i tempi di costruzione saranno ridotti e l'occupazione sar\u00e0 possibile gi\u00e0 nell'autunno del 2021.<\/p>\n<p>Secondo le informazioni, gli edifici sono caratterizzati da un'elevata qualit\u00e0 architettonica. Il mix di appartamenti \u00e8 ampio e va dai monolocali agli appartamenti da 5,5 stanze, tutti accessibili attraverso i portici. Tutti gli appartamenti sono dotati di un sistema di smart home che visualizza il proprio consumo energetico in tempo reale. Lo sviluppo \u00e8 conforme allo standard edilizio Minergie (impianto solare sul tetto, riscaldamento tramite teleriscaldamento da energia rinnovabile 75%). Ci sono anche parcheggi sotterranei e un servizio di car-sharing con stazioni di ricarica per auto elettriche.<\/p>\n<p>Tra le due lunghe file di edifici che si fronteggiano, \u00e8 stata creata una zona di incontro simile a un parco che offre una vista sulla torre \"Tr\u00f6ckneturm\" in legno, vecchia di quasi 200 anni. Tra i due edifici \u00e8 stata creata un'area verde che contribuir\u00e0 alla biodiversit\u00e0 con casette per uccelli e hotel per insetti. Il complesso \u00e8 direttamente collegato ai trasporti pubblici e l'asilo, le scuole e i negozi sono raggiungibili a piedi. <em>(bw)<\/em><\/p>","protected":false},"excerpt":{"rendered":"<p>Dal febbraio 2020, il progetto \"Waldacker\" sta prendendo forma nel quartiere Lachen della citt\u00e0 di San Gallo. All'inizio di agosto, Previs Vorsorge ha posato la prima pietra ufficiale del complesso residenziale in legno e cemento riciclato.<\/p>","protected":false},"author":3,"featured_media":22089,"comment_status":"closed","ping_status":"open","sticky":false,"template":"","format":"standard","meta":{"_acf_changed":false,"_yoast_wpseo_focuskw":"Waldacker","_yoast_wpseo_title":"","_yoast_wpseo_metadesc":"Im Lachen-Quartier von St. Gallen nimmt das Projekt \u00abWaldacker\u00bb Gestalt an. Anfang August legte die Previs Vorsorge den Grundstein f\u00fcr die Wohn\u00fcberbauung.","_yoast_wpseo_linkdex":65,"pgc_sgb_lightbox_settings":"","footnotes":""},"categories":[988],"tags":[1599,1722,1863],"class_list":["post-22087","post","type-post","status-publish","format-standard","has-post-thumbnail","hentry","category-unternehmen","tag-projekt-in-bau","tag-st-gallen","tag-wohnimmobilien"],"acf":[],"yoast_head":"<!-- This site is optimized with the Yoast SEO plugin v27.5 - https:\/\/yoast.com\/product\/yoast-seo-wordpress\/ -->\n<title>St. Gallen: Baubeginn f\u00fcr \u00dcberbauung Waldacker - IMMOBILIEN Business<\/title>\n<meta name=\"description\" content=\"Im Lachen-Quartier von St. Gallen nimmt das Projekt \u00abWaldacker\u00bb Gestalt an. Anfang August legte die Previs Vorsorge den Grundstein f\u00fcr die Wohn\u00fcberbauung.\" \/>\n<meta name=\"robots\" content=\"index, follow, max-snippet:-1, max-image-preview:large, max-video-preview:-1\" \/>\n<link rel=\"canonical\" href=\"https:\/\/www.immobilienbusiness.ch\/it\/unternehmen\/2020-08-13\/st-gallen-baubeginn-fuer-ueberbauung-waldacker\/\" \/>\n<meta property=\"og:locale\" content=\"it_IT\" \/>\n<meta property=\"og:type\" content=\"article\" \/>\n<meta property=\"og:title\" content=\"St. Gallen: Baubeginn f\u00fcr \u00dcberbauung Waldacker - IMMOBILIEN Business\" \/>\n<meta property=\"og:description\" content=\"Im Lachen-Quartier von St. Gallen nimmt das Projekt \u00abWaldacker\u00bb Gestalt an. Anfang August legte die Previs Vorsorge den Grundstein f\u00fcr die Wohn\u00fcberbauung.\" \/>\n<meta property=\"og:url\" content=\"https:\/\/www.immobilienbusiness.ch\/it\/unternehmen\/2020-08-13\/st-gallen-baubeginn-fuer-ueberbauung-waldacker\/\" \/>\n<meta property=\"og:site_name\" content=\"IMMOBILIEN Business\" \/>\n<meta property=\"article:publisher\" content=\"https:\/\/www.facebook.com\/immobilienbusiness\/\" \/>\n<meta property=\"article:published_time\" content=\"2020-08-13T06:10:45+00:00\" \/>\n<meta property=\"og:image\" content=\"https:\/\/www.immobilienbusiness.ch\/wp-content\/uploads\/2020\/08\/previs.jpg\" \/>\n\t<meta property=\"og:image:width\" content=\"952\" \/>\n\t<meta property=\"og:image:height\" content=\"535\" \/>\n\t<meta property=\"og:image:type\" content=\"image\/jpeg\" \/>\n<meta name=\"author\" content=\"anja.hall\" \/>\n<meta name=\"twitter:card\" content=\"summary_large_image\" \/>\n<meta name=\"twitter:image\" content=\"https:\/\/www.immobilienbusiness.ch\/wp-content\/uploads\/2020\/08\/previs.jpg\" \/>\n<script type=\"application\/ld+json\" class=\"yoast-schema-graph\">{\"@context\":\"https:\\\/\\\/schema.org\",\"@graph\":[{\"@type\":\"Article\",\"@id\":\"https:\\\/\\\/www.immobilienbusiness.ch\\\/unternehmen\\\/2020-08-13\\\/st-gallen-baubeginn-fuer-ueberbauung-waldacker\\\/#article\",\"isPartOf\":{\"@id\":\"https:\\\/\\\/www.immobilienbusiness.ch\\\/unternehmen\\\/2020-08-13\\\/st-gallen-baubeginn-fuer-ueberbauung-waldacker\\\/\"},\"author\":{\"name\":\"anja.hall\",\"@id\":\"https:\\\/\\\/www.immobilienbusiness.ch\\\/#\\\/schema\\\/person\\\/3fc036297b10b9f42d6db5ee932af8c8\"},\"headline\":\"St. Gallen: Baubeginn f\u00fcr \u00dcberbauung Waldacker\",\"datePublished\":\"2020-08-13T06:10:45+00:00\",\"mainEntityOfPage\":{\"@id\":\"https:\\\/\\\/www.immobilienbusiness.ch\\\/unternehmen\\\/2020-08-13\\\/st-gallen-baubeginn-fuer-ueberbauung-waldacker\\\/\"},\"wordCount\":243,\"publisher\":{\"@id\":\"https:\\\/\\\/www.immobilienbusiness.ch\\\/#organization\"},\"image\":{\"@id\":\"https:\\\/\\\/www.immobilienbusiness.ch\\\/unternehmen\\\/2020-08-13\\\/st-gallen-baubeginn-fuer-ueberbauung-waldacker\\\/#primaryimage\"},\"thumbnailUrl\":\"https:\\\/\\\/www.immobilienbusiness.ch\\\/wp-content\\\/uploads\\\/2020\\\/08\\\/previs.jpg\",\"keywords\":[\"Projekt in Bau\",\"St. Gallen\",\"Wohnimmobilien\"],\"articleSection\":[\"UNTERNEHMEN\"],\"inLanguage\":\"it-IT\"},{\"@type\":\"WebPage\",\"@id\":\"https:\\\/\\\/www.immobilienbusiness.ch\\\/unternehmen\\\/2020-08-13\\\/st-gallen-baubeginn-fuer-ueberbauung-waldacker\\\/\",\"url\":\"https:\\\/\\\/www.immobilienbusiness.ch\\\/unternehmen\\\/2020-08-13\\\/st-gallen-baubeginn-fuer-ueberbauung-waldacker\\\/\",\"name\":\"St. Gallen: Baubeginn f\u00fcr \u00dcberbauung Waldacker - IMMOBILIEN Business\",\"isPartOf\":{\"@id\":\"https:\\\/\\\/www.immobilienbusiness.ch\\\/#website\"},\"primaryImageOfPage\":{\"@id\":\"https:\\\/\\\/www.immobilienbusiness.ch\\\/unternehmen\\\/2020-08-13\\\/st-gallen-baubeginn-fuer-ueberbauung-waldacker\\\/#primaryimage\"},\"image\":{\"@id\":\"https:\\\/\\\/www.immobilienbusiness.ch\\\/unternehmen\\\/2020-08-13\\\/st-gallen-baubeginn-fuer-ueberbauung-waldacker\\\/#primaryimage\"},\"thumbnailUrl\":\"https:\\\/\\\/www.immobilienbusiness.ch\\\/wp-content\\\/uploads\\\/2020\\\/08\\\/previs.jpg\",\"datePublished\":\"2020-08-13T06:10:45+00:00\",\"description\":\"Im Lachen-Quartier von St. Gallen nimmt das Projekt \u00abWaldacker\u00bb Gestalt an. Anfang August legte die Previs Vorsorge den Grundstein f\u00fcr die Wohn\u00fcberbauung.\",\"breadcrumb\":{\"@id\":\"https:\\\/\\\/www.immobilienbusiness.ch\\\/unternehmen\\\/2020-08-13\\\/st-gallen-baubeginn-fuer-ueberbauung-waldacker\\\/#breadcrumb\"},\"inLanguage\":\"it-IT\",\"potentialAction\":[{\"@type\":\"ReadAction\",\"target\":[\"https:\\\/\\\/www.immobilienbusiness.ch\\\/unternehmen\\\/2020-08-13\\\/st-gallen-baubeginn-fuer-ueberbauung-waldacker\\\/\"]}]},{\"@type\":\"ImageObject\",\"inLanguage\":\"it-IT\",\"@id\":\"https:\\\/\\\/www.immobilienbusiness.ch\\\/unternehmen\\\/2020-08-13\\\/st-gallen-baubeginn-fuer-ueberbauung-waldacker\\\/#primaryimage\",\"url\":\"https:\\\/\\\/www.immobilienbusiness.ch\\\/wp-content\\\/uploads\\\/2020\\\/08\\\/previs.jpg\",\"contentUrl\":\"https:\\\/\\\/www.immobilienbusiness.ch\\\/wp-content\\\/uploads\\\/2020\\\/08\\\/previs.jpg\",\"width\":952,\"height\":535,\"caption\":\"Die \u00dcberbauung Wald\u00e4cker (Visualisierung: Previs Vorsorge)\"},{\"@type\":\"BreadcrumbList\",\"@id\":\"https:\\\/\\\/www.immobilienbusiness.ch\\\/unternehmen\\\/2020-08-13\\\/st-gallen-baubeginn-fuer-ueberbauung-waldacker\\\/#breadcrumb\",\"itemListElement\":[{\"@type\":\"ListItem\",\"position\":1,\"name\":\"Home\",\"item\":\"https:\\\/\\\/www.immobilienbusiness.ch\\\/\"},{\"@type\":\"ListItem\",\"position\":2,\"name\":\"St. Gallen: Baubeginn f\u00fcr \u00dcberbauung Waldacker\"}]},{\"@type\":\"WebSite\",\"@id\":\"https:\\\/\\\/www.immobilienbusiness.ch\\\/#website\",\"url\":\"https:\\\/\\\/www.immobilienbusiness.ch\\\/\",\"name\":\"IMMOBILIEN Business\",\"description\":\"Unabh\u00e4ngiges Schweizer Wirtschaftsmagazin mit Fokus auf Immobilien, Architektur- und Bau sowie Investment- und Finanzierung.\",\"publisher\":{\"@id\":\"https:\\\/\\\/www.immobilienbusiness.ch\\\/#organization\"},\"potentialAction\":[{\"@type\":\"SearchAction\",\"target\":{\"@type\":\"EntryPoint\",\"urlTemplate\":\"https:\\\/\\\/www.immobilienbusiness.ch\\\/?s={search_term_string}\"},\"query-input\":{\"@type\":\"PropertyValueSpecification\",\"valueRequired\":true,\"valueName\":\"search_term_string\"}}],\"inLanguage\":\"it-IT\"},{\"@type\":\"Organization\",\"@id\":\"https:\\\/\\\/www.immobilienbusiness.ch\\\/#organization\",\"name\":\"IMMOBILIEN Business\",\"url\":\"https:\\\/\\\/www.immobilienbusiness.ch\\\/\",\"logo\":{\"@type\":\"ImageObject\",\"inLanguage\":\"it-IT\",\"@id\":\"https:\\\/\\\/www.immobilienbusiness.ch\\\/#\\\/schema\\\/logo\\\/image\\\/\",\"url\":\"https:\\\/\\\/www.immobilienbusiness.ch\\\/wp-content\\\/uploads\\\/2021\\\/07\\\/logo_ib.png\",\"contentUrl\":\"https:\\\/\\\/www.immobilienbusiness.ch\\\/wp-content\\\/uploads\\\/2021\\\/07\\\/logo_ib.png\",\"width\":800,\"height\":181,\"caption\":\"IMMOBILIEN Business\"},\"image\":{\"@id\":\"https:\\\/\\\/www.immobilienbusiness.ch\\\/#\\\/schema\\\/logo\\\/image\\\/\"},\"sameAs\":[\"https:\\\/\\\/www.facebook.com\\\/immobilienbusiness\\\/\"]},{\"@type\":\"Person\",\"@id\":\"https:\\\/\\\/www.immobilienbusiness.ch\\\/#\\\/schema\\\/person\\\/3fc036297b10b9f42d6db5ee932af8c8\",\"name\":\"anja.hall\",\"image\":{\"@type\":\"ImageObject\",\"inLanguage\":\"it-IT\",\"@id\":\"https:\\\/\\\/secure.gravatar.com\\\/avatar\\\/066b5a0d447013502c71a5782f4f3469f03cfe595cc2329fb94652fe47511bfb?s=96&d=mm&r=g\",\"url\":\"https:\\\/\\\/secure.gravatar.com\\\/avatar\\\/066b5a0d447013502c71a5782f4f3469f03cfe595cc2329fb94652fe47511bfb?s=96&d=mm&r=g\",\"contentUrl\":\"https:\\\/\\\/secure.gravatar.com\\\/avatar\\\/066b5a0d447013502c71a5782f4f3469f03cfe595cc2329fb94652fe47511bfb?s=96&d=mm&r=g\",\"caption\":\"anja.hall\"},\"url\":\"https:\\\/\\\/www.immobilienbusiness.ch\\\/it\\\/author\\\/anja-hall\\\/\"}]}<\/script>\n<!-- \/ Yoast SEO plugin. -->","yoast_head_json":{"title":"St. Gallen: Baubeginn f\u00fcr \u00dcberbauung Waldacker - IMMOBILIEN Business","description":"Im Lachen-Quartier von St. Gallen nimmt das Projekt \u00abWaldacker\u00bb Gestalt an. Anfang August legte die Previs Vorsorge den Grundstein f\u00fcr die Wohn\u00fcberbauung.","robots":{"index":"index","follow":"follow","max-snippet":"max-snippet:-1","max-image-preview":"max-image-preview:large","max-video-preview":"max-video-preview:-1"},"canonical":"https:\/\/www.immobilienbusiness.ch\/it\/unternehmen\/2020-08-13\/st-gallen-baubeginn-fuer-ueberbauung-waldacker\/","og_locale":"it_IT","og_type":"article","og_title":"St. Gallen: Baubeginn f\u00fcr \u00dcberbauung Waldacker - IMMOBILIEN Business","og_description":"Im Lachen-Quartier von St. Gallen nimmt das Projekt \u00abWaldacker\u00bb Gestalt an. Anfang August legte die Previs Vorsorge den Grundstein f\u00fcr die Wohn\u00fcberbauung.","og_url":"https:\/\/www.immobilienbusiness.ch\/it\/unternehmen\/2020-08-13\/st-gallen-baubeginn-fuer-ueberbauung-waldacker\/","og_site_name":"IMMOBILIEN Business","article_publisher":"https:\/\/www.facebook.com\/immobilienbusiness\/","article_published_time":"2020-08-13T06:10:45+00:00","og_image":[{"width":952,"height":535,"url":"https:\/\/www.immobilienbusiness.ch\/wp-content\/uploads\/2020\/08\/previs.jpg","type":"image\/jpeg"}],"author":"anja.hall","twitter_card":"summary_large_image","twitter_image":"https:\/\/www.immobilienbusiness.ch\/wp-content\/uploads\/2020\/08\/previs.jpg","schema":{"@context":"https:\/\/schema.org","@graph":[{"@type":"Article","@id":"https:\/\/www.immobilienbusiness.ch\/unternehmen\/2020-08-13\/st-gallen-baubeginn-fuer-ueberbauung-waldacker\/#article","isPartOf":{"@id":"https:\/\/www.immobilienbusiness.ch\/unternehmen\/2020-08-13\/st-gallen-baubeginn-fuer-ueberbauung-waldacker\/"},"author":{"name":"anja.hall","@id":"https:\/\/www.immobilienbusiness.ch\/#\/schema\/person\/3fc036297b10b9f42d6db5ee932af8c8"},"headline":"St. Gallen: Baubeginn f\u00fcr \u00dcberbauung Waldacker","datePublished":"2020-08-13T06:10:45+00:00","mainEntityOfPage":{"@id":"https:\/\/www.immobilienbusiness.ch\/unternehmen\/2020-08-13\/st-gallen-baubeginn-fuer-ueberbauung-waldacker\/"},"wordCount":243,"publisher":{"@id":"https:\/\/www.immobilienbusiness.ch\/#organization"},"image":{"@id":"https:\/\/www.immobilienbusiness.ch\/unternehmen\/2020-08-13\/st-gallen-baubeginn-fuer-ueberbauung-waldacker\/#primaryimage"},"thumbnailUrl":"https:\/\/www.immobilienbusiness.ch\/wp-content\/uploads\/2020\/08\/previs.jpg","keywords":["Projekt in Bau","St. Gallen","Wohnimmobilien"],"articleSection":["UNTERNEHMEN"],"inLanguage":"it-IT"},{"@type":"WebPage","@id":"https:\/\/www.immobilienbusiness.ch\/unternehmen\/2020-08-13\/st-gallen-baubeginn-fuer-ueberbauung-waldacker\/","url":"https:\/\/www.immobilienbusiness.ch\/unternehmen\/2020-08-13\/st-gallen-baubeginn-fuer-ueberbauung-waldacker\/","name":"St. Gallen: Baubeginn f\u00fcr \u00dcberbauung Waldacker - IMMOBILIEN Business","isPartOf":{"@id":"https:\/\/www.immobilienbusiness.ch\/#website"},"primaryImageOfPage":{"@id":"https:\/\/www.immobilienbusiness.ch\/unternehmen\/2020-08-13\/st-gallen-baubeginn-fuer-ueberbauung-waldacker\/#primaryimage"},"image":{"@id":"https:\/\/www.immobilienbusiness.ch\/unternehmen\/2020-08-13\/st-gallen-baubeginn-fuer-ueberbauung-waldacker\/#primaryimage"},"thumbnailUrl":"https:\/\/www.immobilienbusiness.ch\/wp-content\/uploads\/2020\/08\/previs.jpg","datePublished":"2020-08-13T06:10:45+00:00","description":"Im Lachen-Quartier von St. Gallen nimmt das Projekt \u00abWaldacker\u00bb Gestalt an. Anfang August legte die Previs Vorsorge den Grundstein f\u00fcr die Wohn\u00fcberbauung.","breadcrumb":{"@id":"https:\/\/www.immobilienbusiness.ch\/unternehmen\/2020-08-13\/st-gallen-baubeginn-fuer-ueberbauung-waldacker\/#breadcrumb"},"inLanguage":"it-IT","potentialAction":[{"@type":"ReadAction","target":["https:\/\/www.immobilienbusiness.ch\/unternehmen\/2020-08-13\/st-gallen-baubeginn-fuer-ueberbauung-waldacker\/"]}]},{"@type":"ImageObject","inLanguage":"it-IT","@id":"https:\/\/www.immobilienbusiness.ch\/unternehmen\/2020-08-13\/st-gallen-baubeginn-fuer-ueberbauung-waldacker\/#primaryimage","url":"https:\/\/www.immobilienbusiness.ch\/wp-content\/uploads\/2020\/08\/previs.jpg","contentUrl":"https:\/\/www.immobilienbusiness.ch\/wp-content\/uploads\/2020\/08\/previs.jpg","width":952,"height":535,"caption":"Die \u00dcberbauung Wald\u00e4cker (Visualisierung: Previs Vorsorge)"},{"@type":"BreadcrumbList","@id":"https:\/\/www.immobilienbusiness.ch\/unternehmen\/2020-08-13\/st-gallen-baubeginn-fuer-ueberbauung-waldacker\/#breadcrumb","itemListElement":[{"@type":"ListItem","position":1,"name":"Home","item":"https:\/\/www.immobilienbusiness.ch\/"},{"@type":"ListItem","position":2,"name":"St. Gallen: Baubeginn f\u00fcr \u00dcberbauung Waldacker"}]},{"@type":"WebSite","@id":"https:\/\/www.immobilienbusiness.ch\/#website","url":"https:\/\/www.immobilienbusiness.ch\/","name":"Affari immobiliari","description":"Rivista economica indipendente svizzera che si concentra sul settore immobiliare, l'architettura e la costruzione, nonch\u00e9 sugli investimenti e i finanziamenti.","publisher":{"@id":"https:\/\/www.immobilienbusiness.ch\/#organization"},"potentialAction":[{"@type":"SearchAction","target":{"@type":"EntryPoint","urlTemplate":"https:\/\/www.immobilienbusiness.ch\/?s={search_term_string}"},"query-input":{"@type":"PropertyValueSpecification","valueRequired":true,"valueName":"search_term_string"}}],"inLanguage":"it-IT"},{"@type":"Organization","@id":"https:\/\/www.immobilienbusiness.ch\/#organization","name":"Affari immobiliari","url":"https:\/\/www.immobilienbusiness.ch\/","logo":{"@type":"ImageObject","inLanguage":"it-IT","@id":"https:\/\/www.immobilienbusiness.ch\/#\/schema\/logo\/image\/","url":"https:\/\/www.immobilienbusiness.ch\/wp-content\/uploads\/2021\/07\/logo_ib.png","contentUrl":"https:\/\/www.immobilienbusiness.ch\/wp-content\/uploads\/2021\/07\/logo_ib.png","width":800,"height":181,"caption":"IMMOBILIEN Business"},"image":{"@id":"https:\/\/www.immobilienbusiness.ch\/#\/schema\/logo\/image\/"},"sameAs":["https:\/\/www.facebook.com\/immobilienbusiness\/"]},{"@type":"Person","@id":"https:\/\/www.immobilienbusiness.ch\/#\/schema\/person\/3fc036297b10b9f42d6db5ee932af8c8","name":"anja.hall","image":{"@type":"ImageObject","inLanguage":"it-IT","@id":"https:\/\/secure.gravatar.com\/avatar\/066b5a0d447013502c71a5782f4f3469f03cfe595cc2329fb94652fe47511bfb?s=96&d=mm&r=g","url":"https:\/\/secure.gravatar.com\/avatar\/066b5a0d447013502c71a5782f4f3469f03cfe595cc2329fb94652fe47511bfb?s=96&d=mm&r=g","contentUrl":"https:\/\/secure.gravatar.com\/avatar\/066b5a0d447013502c71a5782f4f3469f03cfe595cc2329fb94652fe47511bfb?s=96&d=mm&r=g","caption":"anja.hall"},"url":"https:\/\/www.immobilienbusiness.ch\/it\/author\/anja-hall\/"}]}},"_links":{"self":[{"href":"https:\/\/www.immobilienbusiness.ch\/it\/wp-json\/wp\/v2\/posts\/22087","targetHints":{"allow":["GET"]}}],"collection":[{"href":"https:\/\/www.immobilienbusiness.ch\/it\/wp-json\/wp\/v2\/posts"}],"about":[{"href":"https:\/\/www.immobilienbusiness.ch\/it\/wp-json\/wp\/v2\/types\/post"}],"author":[{"embeddable":true,"href":"https:\/\/www.immobilienbusiness.ch\/it\/wp-json\/wp\/v2\/users\/3"}],"replies":[{"embeddable":true,"href":"https:\/\/www.immobilienbusiness.ch\/it\/wp-json\/wp\/v2\/comments?post=22087"}],"version-history":[{"count":0,"href":"https:\/\/www.immobilienbusiness.ch\/it\/wp-json\/wp\/v2\/posts\/22087\/revisions"}],"wp:featuredmedia":[{"embeddable":true,"href":"https:\/\/www.immobilienbusiness.ch\/it\/wp-json\/wp\/v2\/media\/22089"}],"wp:attachment":[{"href":"https:\/\/www.immobilienbusiness.ch\/it\/wp-json\/wp\/v2\/media?parent=22087"}],"wp:term":[{"taxonomy":"category","embeddable":true,"href":"https:\/\/www.immobilienbusiness.ch\/it\/wp-json\/wp\/v2\/categories?post=22087"},{"taxonomy":"post_tag","embeddable":true,"href":"https:\/\/www.immobilienbusiness.ch\/it\/wp-json\/wp\/v2\/tags?post=22087"}],"curies":[{"name":"wp","href":"https:\/\/api.w.org\/{rel}","templated":true}]}}