{"id":22021,"date":"2020-08-03T08:35:25","date_gmt":"2020-08-03T06:35:25","guid":{"rendered":"https:\/\/www.immobilienbusiness.ch\/?p=22021"},"modified":"2020-08-03T08:35:25","modified_gmt":"2020-08-03T06:35:25","slug":"credit-suisse-will-bueroflaechen-reduzieren","status":"publish","type":"post","link":"https:\/\/www.immobilienbusiness.ch\/it\/unternehmen\/2020-08-03\/credit-suisse-will-bueroflaechen-reduzieren\/","title":{"rendered":"Il Credit Suisse vuole ridurre lo spazio degli uffici"},"content":{"rendered":"<figure id=\"attachment_19572\" aria-describedby=\"caption-attachment-19572\" style=\"width: 680px\" class=\"wp-caption alignnone\"><img loading=\"lazy\" decoding=\"async\" class=\"size-medium wp-image-19572\" src=\"https:\/\/www.immobilienbusiness.ch\/wp-content\/uploads\/2019\/12\/Unbenannt-1.png\" alt=\"\" width=\"680\" height=\"297\" srcset=\"https:\/\/www.immobilienbusiness.ch\/wp-content\/uploads\/2019\/12\/Unbenannt-1.png 775w, https:\/\/www.immobilienbusiness.ch\/wp-content\/uploads\/2019\/12\/Unbenannt-1-300x131.png 300w, https:\/\/www.immobilienbusiness.ch\/wp-content\/uploads\/2019\/12\/Unbenannt-1-768x335.png 768w, https:\/\/www.immobilienbusiness.ch\/wp-content\/uploads\/2019\/12\/Unbenannt-1-16x7.png 16w, https:\/\/www.immobilienbusiness.ch\/wp-content\/uploads\/2019\/12\/Unbenannt-1-375x164.png 375w, https:\/\/www.immobilienbusiness.ch\/wp-content\/uploads\/2019\/12\/Unbenannt-1-760x331.png 760w\" sizes=\"auto, (max-width: 680px) 100vw, 680px\" \/><figcaption id=\"caption-attachment-19572\" class=\"wp-caption-text\">Il Credit Suisse vuole ridurre gli spazi per gli uffici, secondo quanto riportato dai media (Immagine: depositphotos)<\/figcaption><\/figure>\n<p><a href=\"https:\/\/www.tagesanzeiger.ch\/die-cs-will-ein-fuenftel-der-bueroflaechen-einsparen-170557792136\">In conversazione con il <em>Tages Anzeiger<\/em> <\/a>L'amministratore delegato del Credit Suisse Thomas Gottstein ha dichiarato che attualmente circa 80% del personale si trova in uffici domestici a causa della pandemia di Corona. \"Prevediamo che in futuro il 10-20% del personale lavorer\u00e0 da casa\", ha dichiarato Gottstein. La banca potrebbe risparmiare circa un quinto dei suoi uffici, ha aggiunto. Il Credit Suisse impiega attualmente circa 48.500 persone.<\/p>\n<p>Qualcosa di simile si pu\u00f2 sentire da UBS: Si prevede che a medio termine un terzo dei dipendenti lavorer\u00e0 a casa. <a href=\"https:\/\/www.immobilienbusiness.ch\/it\/basel-novartis-koennte-campus-verkleinern\/\">L'azienda farmaceutica Novartis ha recentemente annunciato che offrir\u00e0 ai dipendenti l'opportunit\u00e0 di lavorare permanentemente in un ufficio a domicilio anche dopo la fine della pandemia Covid 19.<\/a> \u00c8 ipotizzabile che il grande campus di Basilea possa essere sempre pi\u00f9 affittato a terzi.<\/p>\n<p>Il Credit Suisse ha inoltre annunciato la chiusura di 20 delle sue 120 filiali in tutta la Svizzera. Nel complesso, la grande banca vuole risparmiare 400 milioni di franchi svizzeri all'anno a partire dal 2022 con un programma di risparmio. <em>(ah)<\/em><\/p>","protected":false},"excerpt":{"rendered":"<p>Secondo quanto riportato dai media, il Credit Suisse prevede che in futuro da 10% a 20% dei suoi dipendenti lavoreranno in uffici domestici. La grande banca vuole quindi risparmiare circa un quinto dei suoi uffici.<\/p>","protected":false},"author":3,"featured_media":19572,"comment_status":"closed","ping_status":"open","sticky":false,"template":"","format":"standard","meta":{"_acf_changed":false,"_yoast_wpseo_focuskw":"Credit Suisse","_yoast_wpseo_title":"","_yoast_wpseo_metadesc":"Die Credit Suisse davon aus, dass k\u00fcnftig 10% bis 20% der Mitarbeitenden im Homeoffice arbeiten. Die Grossbank will deshalb B\u00fcrofl\u00e4chen einsparen.","_yoast_wpseo_linkdex":47,"pgc_sgb_lightbox_settings":"","footnotes":""},"categories":[988],"tags":[1119,1146,1827],"class_list":["post-22021","post","type-post","status-publish","format-standard","has-post-thumbnail","hentry","category-unternehmen","tag-bueroimmobilien","tag-credit-suisse","tag-verfuegbare-flaechen"],"acf":[],"yoast_head":"<!-- This site is optimized with the Yoast SEO plugin v27.4 - https:\/\/yoast.com\/product\/yoast-seo-wordpress\/ -->\n<title>Credit Suisse will B\u00fcrofl\u00e4chen reduzieren - IMMOBILIEN Business<\/title>\n<meta name=\"description\" content=\"Die Credit Suisse davon aus, dass k\u00fcnftig 10% bis 20% der Mitarbeitenden im Homeoffice arbeiten. Die Grossbank will deshalb B\u00fcrofl\u00e4chen einsparen.\" \/>\n<meta name=\"robots\" content=\"index, follow, max-snippet:-1, max-image-preview:large, max-video-preview:-1\" \/>\n<link rel=\"canonical\" href=\"https:\/\/www.immobilienbusiness.ch\/it\/unternehmen\/2020-08-03\/credit-suisse-will-bueroflaechen-reduzieren\/\" \/>\n<meta property=\"og:locale\" content=\"it_IT\" \/>\n<meta property=\"og:type\" content=\"article\" \/>\n<meta property=\"og:title\" content=\"Credit Suisse will B\u00fcrofl\u00e4chen reduzieren - IMMOBILIEN Business\" \/>\n<meta property=\"og:description\" content=\"Die Credit Suisse davon aus, dass k\u00fcnftig 10% bis 20% der Mitarbeitenden im Homeoffice arbeiten. Die Grossbank will deshalb B\u00fcrofl\u00e4chen einsparen.\" \/>\n<meta property=\"og:url\" content=\"https:\/\/www.immobilienbusiness.ch\/it\/unternehmen\/2020-08-03\/credit-suisse-will-bueroflaechen-reduzieren\/\" \/>\n<meta property=\"og:site_name\" content=\"IMMOBILIEN Business\" \/>\n<meta property=\"article:publisher\" content=\"https:\/\/www.facebook.com\/immobilienbusiness\/\" \/>\n<meta property=\"article:published_time\" content=\"2020-08-03T06:35:25+00:00\" \/>\n<meta property=\"og:image\" content=\"https:\/\/www.immobilienbusiness.ch\/wp-content\/uploads\/2019\/12\/Unbenannt-1.png\" \/>\n\t<meta property=\"og:image:width\" content=\"775\" \/>\n\t<meta property=\"og:image:height\" content=\"338\" \/>\n\t<meta property=\"og:image:type\" content=\"image\/png\" \/>\n<meta name=\"author\" content=\"anja.hall\" \/>\n<meta name=\"twitter:card\" content=\"summary_large_image\" \/>\n<meta name=\"twitter:image\" content=\"https:\/\/www.immobilienbusiness.ch\/wp-content\/uploads\/2019\/12\/Unbenannt-1.png\" \/>\n<script type=\"application\/ld+json\" class=\"yoast-schema-graph\">{\"@context\":\"https:\\\/\\\/schema.org\",\"@graph\":[{\"@type\":\"Article\",\"@id\":\"https:\\\/\\\/www.immobilienbusiness.ch\\\/en\\\/unternehmen\\\/2020-08-03\\\/credit-suisse-will-bueroflaechen-reduzieren\\\/#article\",\"isPartOf\":{\"@id\":\"https:\\\/\\\/www.immobilienbusiness.ch\\\/en\\\/unternehmen\\\/2020-08-03\\\/credit-suisse-will-bueroflaechen-reduzieren\\\/\"},\"author\":{\"name\":\"anja.hall\",\"@id\":\"https:\\\/\\\/www.immobilienbusiness.ch\\\/#\\\/schema\\\/person\\\/3fc036297b10b9f42d6db5ee932af8c8\"},\"headline\":\"Credit Suisse will B\u00fcrofl\u00e4chen reduzieren\",\"datePublished\":\"2020-08-03T06:35:25+00:00\",\"mainEntityOfPage\":{\"@id\":\"https:\\\/\\\/www.immobilienbusiness.ch\\\/en\\\/unternehmen\\\/2020-08-03\\\/credit-suisse-will-bueroflaechen-reduzieren\\\/\"},\"wordCount\":173,\"publisher\":{\"@id\":\"https:\\\/\\\/www.immobilienbusiness.ch\\\/#organization\"},\"image\":{\"@id\":\"https:\\\/\\\/www.immobilienbusiness.ch\\\/en\\\/unternehmen\\\/2020-08-03\\\/credit-suisse-will-bueroflaechen-reduzieren\\\/#primaryimage\"},\"thumbnailUrl\":\"https:\\\/\\\/www.immobilienbusiness.ch\\\/wp-content\\\/uploads\\\/2019\\\/12\\\/Unbenannt-1.png\",\"keywords\":[\"B\u00fcroimmobilien\",\"Credit Suisse\",\"Verf\u00fcgbare Fl\u00e4chen\"],\"articleSection\":[\"UNTERNEHMEN\"],\"inLanguage\":\"it-IT\"},{\"@type\":\"WebPage\",\"@id\":\"https:\\\/\\\/www.immobilienbusiness.ch\\\/en\\\/unternehmen\\\/2020-08-03\\\/credit-suisse-will-bueroflaechen-reduzieren\\\/\",\"url\":\"https:\\\/\\\/www.immobilienbusiness.ch\\\/en\\\/unternehmen\\\/2020-08-03\\\/credit-suisse-will-bueroflaechen-reduzieren\\\/\",\"name\":\"Credit Suisse will B\u00fcrofl\u00e4chen reduzieren - IMMOBILIEN Business\",\"isPartOf\":{\"@id\":\"https:\\\/\\\/www.immobilienbusiness.ch\\\/#website\"},\"primaryImageOfPage\":{\"@id\":\"https:\\\/\\\/www.immobilienbusiness.ch\\\/en\\\/unternehmen\\\/2020-08-03\\\/credit-suisse-will-bueroflaechen-reduzieren\\\/#primaryimage\"},\"image\":{\"@id\":\"https:\\\/\\\/www.immobilienbusiness.ch\\\/en\\\/unternehmen\\\/2020-08-03\\\/credit-suisse-will-bueroflaechen-reduzieren\\\/#primaryimage\"},\"thumbnailUrl\":\"https:\\\/\\\/www.immobilienbusiness.ch\\\/wp-content\\\/uploads\\\/2019\\\/12\\\/Unbenannt-1.png\",\"datePublished\":\"2020-08-03T06:35:25+00:00\",\"description\":\"Die Credit Suisse davon aus, dass k\u00fcnftig 10% bis 20% der Mitarbeitenden im Homeoffice arbeiten. Die Grossbank will deshalb B\u00fcrofl\u00e4chen einsparen.\",\"breadcrumb\":{\"@id\":\"https:\\\/\\\/www.immobilienbusiness.ch\\\/en\\\/unternehmen\\\/2020-08-03\\\/credit-suisse-will-bueroflaechen-reduzieren\\\/#breadcrumb\"},\"inLanguage\":\"it-IT\",\"potentialAction\":[{\"@type\":\"ReadAction\",\"target\":[\"https:\\\/\\\/www.immobilienbusiness.ch\\\/en\\\/unternehmen\\\/2020-08-03\\\/credit-suisse-will-bueroflaechen-reduzieren\\\/\"]}]},{\"@type\":\"ImageObject\",\"inLanguage\":\"it-IT\",\"@id\":\"https:\\\/\\\/www.immobilienbusiness.ch\\\/en\\\/unternehmen\\\/2020-08-03\\\/credit-suisse-will-bueroflaechen-reduzieren\\\/#primaryimage\",\"url\":\"https:\\\/\\\/www.immobilienbusiness.ch\\\/wp-content\\\/uploads\\\/2019\\\/12\\\/Unbenannt-1.png\",\"contentUrl\":\"https:\\\/\\\/www.immobilienbusiness.ch\\\/wp-content\\\/uploads\\\/2019\\\/12\\\/Unbenannt-1.png\",\"width\":775,\"height\":338,\"caption\":\"Der Anteil flexibler B\u00fcrofl\u00e4chen am Gesamtb\u00fcrofl\u00e4chenbestand steigt.\"},{\"@type\":\"BreadcrumbList\",\"@id\":\"https:\\\/\\\/www.immobilienbusiness.ch\\\/en\\\/unternehmen\\\/2020-08-03\\\/credit-suisse-will-bueroflaechen-reduzieren\\\/#breadcrumb\",\"itemListElement\":[{\"@type\":\"ListItem\",\"position\":1,\"name\":\"Home\",\"item\":\"https:\\\/\\\/www.immobilienbusiness.ch\\\/\"},{\"@type\":\"ListItem\",\"position\":2,\"name\":\"Credit Suisse will B\u00fcrofl\u00e4chen reduzieren\"}]},{\"@type\":\"WebSite\",\"@id\":\"https:\\\/\\\/www.immobilienbusiness.ch\\\/#website\",\"url\":\"https:\\\/\\\/www.immobilienbusiness.ch\\\/\",\"name\":\"IMMOBILIEN Business\",\"description\":\"Unabh\u00e4ngiges Schweizer Wirtschaftsmagazin mit Fokus auf Immobilien, Architektur- und Bau sowie Investment- und Finanzierung.\",\"publisher\":{\"@id\":\"https:\\\/\\\/www.immobilienbusiness.ch\\\/#organization\"},\"potentialAction\":[{\"@type\":\"SearchAction\",\"target\":{\"@type\":\"EntryPoint\",\"urlTemplate\":\"https:\\\/\\\/www.immobilienbusiness.ch\\\/?s={search_term_string}\"},\"query-input\":{\"@type\":\"PropertyValueSpecification\",\"valueRequired\":true,\"valueName\":\"search_term_string\"}}],\"inLanguage\":\"it-IT\"},{\"@type\":\"Organization\",\"@id\":\"https:\\\/\\\/www.immobilienbusiness.ch\\\/#organization\",\"name\":\"IMMOBILIEN Business\",\"url\":\"https:\\\/\\\/www.immobilienbusiness.ch\\\/\",\"logo\":{\"@type\":\"ImageObject\",\"inLanguage\":\"it-IT\",\"@id\":\"https:\\\/\\\/www.immobilienbusiness.ch\\\/#\\\/schema\\\/logo\\\/image\\\/\",\"url\":\"https:\\\/\\\/www.immobilienbusiness.ch\\\/wp-content\\\/uploads\\\/2021\\\/07\\\/logo_ib.png\",\"contentUrl\":\"https:\\\/\\\/www.immobilienbusiness.ch\\\/wp-content\\\/uploads\\\/2021\\\/07\\\/logo_ib.png\",\"width\":800,\"height\":181,\"caption\":\"IMMOBILIEN Business\"},\"image\":{\"@id\":\"https:\\\/\\\/www.immobilienbusiness.ch\\\/#\\\/schema\\\/logo\\\/image\\\/\"},\"sameAs\":[\"https:\\\/\\\/www.facebook.com\\\/immobilienbusiness\\\/\"]},{\"@type\":\"Person\",\"@id\":\"https:\\\/\\\/www.immobilienbusiness.ch\\\/#\\\/schema\\\/person\\\/3fc036297b10b9f42d6db5ee932af8c8\",\"name\":\"anja.hall\",\"image\":{\"@type\":\"ImageObject\",\"inLanguage\":\"it-IT\",\"@id\":\"https:\\\/\\\/secure.gravatar.com\\\/avatar\\\/066b5a0d447013502c71a5782f4f3469f03cfe595cc2329fb94652fe47511bfb?s=96&d=mm&r=g\",\"url\":\"https:\\\/\\\/secure.gravatar.com\\\/avatar\\\/066b5a0d447013502c71a5782f4f3469f03cfe595cc2329fb94652fe47511bfb?s=96&d=mm&r=g\",\"contentUrl\":\"https:\\\/\\\/secure.gravatar.com\\\/avatar\\\/066b5a0d447013502c71a5782f4f3469f03cfe595cc2329fb94652fe47511bfb?s=96&d=mm&r=g\",\"caption\":\"anja.hall\"},\"url\":\"https:\\\/\\\/www.immobilienbusiness.ch\\\/it\\\/author\\\/anja-hall\\\/\"}]}<\/script>\n<!-- \/ Yoast SEO plugin. -->","yoast_head_json":{"title":"Credit Suisse will B\u00fcrofl\u00e4chen reduzieren - IMMOBILIEN Business","description":"Die Credit Suisse davon aus, dass k\u00fcnftig 10% bis 20% der Mitarbeitenden im Homeoffice arbeiten. Die Grossbank will deshalb B\u00fcrofl\u00e4chen einsparen.","robots":{"index":"index","follow":"follow","max-snippet":"max-snippet:-1","max-image-preview":"max-image-preview:large","max-video-preview":"max-video-preview:-1"},"canonical":"https:\/\/www.immobilienbusiness.ch\/it\/unternehmen\/2020-08-03\/credit-suisse-will-bueroflaechen-reduzieren\/","og_locale":"it_IT","og_type":"article","og_title":"Credit Suisse will B\u00fcrofl\u00e4chen reduzieren - IMMOBILIEN Business","og_description":"Die Credit Suisse davon aus, dass k\u00fcnftig 10% bis 20% der Mitarbeitenden im Homeoffice arbeiten. Die Grossbank will deshalb B\u00fcrofl\u00e4chen einsparen.","og_url":"https:\/\/www.immobilienbusiness.ch\/it\/unternehmen\/2020-08-03\/credit-suisse-will-bueroflaechen-reduzieren\/","og_site_name":"IMMOBILIEN Business","article_publisher":"https:\/\/www.facebook.com\/immobilienbusiness\/","article_published_time":"2020-08-03T06:35:25+00:00","og_image":[{"width":775,"height":338,"url":"https:\/\/www.immobilienbusiness.ch\/wp-content\/uploads\/2019\/12\/Unbenannt-1.png","type":"image\/png"}],"author":"anja.hall","twitter_card":"summary_large_image","twitter_image":"https:\/\/www.immobilienbusiness.ch\/wp-content\/uploads\/2019\/12\/Unbenannt-1.png","schema":{"@context":"https:\/\/schema.org","@graph":[{"@type":"Article","@id":"https:\/\/www.immobilienbusiness.ch\/en\/unternehmen\/2020-08-03\/credit-suisse-will-bueroflaechen-reduzieren\/#article","isPartOf":{"@id":"https:\/\/www.immobilienbusiness.ch\/en\/unternehmen\/2020-08-03\/credit-suisse-will-bueroflaechen-reduzieren\/"},"author":{"name":"anja.hall","@id":"https:\/\/www.immobilienbusiness.ch\/#\/schema\/person\/3fc036297b10b9f42d6db5ee932af8c8"},"headline":"Credit Suisse will B\u00fcrofl\u00e4chen reduzieren","datePublished":"2020-08-03T06:35:25+00:00","mainEntityOfPage":{"@id":"https:\/\/www.immobilienbusiness.ch\/en\/unternehmen\/2020-08-03\/credit-suisse-will-bueroflaechen-reduzieren\/"},"wordCount":173,"publisher":{"@id":"https:\/\/www.immobilienbusiness.ch\/#organization"},"image":{"@id":"https:\/\/www.immobilienbusiness.ch\/en\/unternehmen\/2020-08-03\/credit-suisse-will-bueroflaechen-reduzieren\/#primaryimage"},"thumbnailUrl":"https:\/\/www.immobilienbusiness.ch\/wp-content\/uploads\/2019\/12\/Unbenannt-1.png","keywords":["B\u00fcroimmobilien","Credit Suisse","Verf\u00fcgbare Fl\u00e4chen"],"articleSection":["UNTERNEHMEN"],"inLanguage":"it-IT"},{"@type":"WebPage","@id":"https:\/\/www.immobilienbusiness.ch\/en\/unternehmen\/2020-08-03\/credit-suisse-will-bueroflaechen-reduzieren\/","url":"https:\/\/www.immobilienbusiness.ch\/en\/unternehmen\/2020-08-03\/credit-suisse-will-bueroflaechen-reduzieren\/","name":"Credit Suisse will B\u00fcrofl\u00e4chen reduzieren - IMMOBILIEN Business","isPartOf":{"@id":"https:\/\/www.immobilienbusiness.ch\/#website"},"primaryImageOfPage":{"@id":"https:\/\/www.immobilienbusiness.ch\/en\/unternehmen\/2020-08-03\/credit-suisse-will-bueroflaechen-reduzieren\/#primaryimage"},"image":{"@id":"https:\/\/www.immobilienbusiness.ch\/en\/unternehmen\/2020-08-03\/credit-suisse-will-bueroflaechen-reduzieren\/#primaryimage"},"thumbnailUrl":"https:\/\/www.immobilienbusiness.ch\/wp-content\/uploads\/2019\/12\/Unbenannt-1.png","datePublished":"2020-08-03T06:35:25+00:00","description":"Die Credit Suisse davon aus, dass k\u00fcnftig 10% bis 20% der Mitarbeitenden im Homeoffice arbeiten. Die Grossbank will deshalb B\u00fcrofl\u00e4chen einsparen.","breadcrumb":{"@id":"https:\/\/www.immobilienbusiness.ch\/en\/unternehmen\/2020-08-03\/credit-suisse-will-bueroflaechen-reduzieren\/#breadcrumb"},"inLanguage":"it-IT","potentialAction":[{"@type":"ReadAction","target":["https:\/\/www.immobilienbusiness.ch\/en\/unternehmen\/2020-08-03\/credit-suisse-will-bueroflaechen-reduzieren\/"]}]},{"@type":"ImageObject","inLanguage":"it-IT","@id":"https:\/\/www.immobilienbusiness.ch\/en\/unternehmen\/2020-08-03\/credit-suisse-will-bueroflaechen-reduzieren\/#primaryimage","url":"https:\/\/www.immobilienbusiness.ch\/wp-content\/uploads\/2019\/12\/Unbenannt-1.png","contentUrl":"https:\/\/www.immobilienbusiness.ch\/wp-content\/uploads\/2019\/12\/Unbenannt-1.png","width":775,"height":338,"caption":"Der Anteil flexibler B\u00fcrofl\u00e4chen am Gesamtb\u00fcrofl\u00e4chenbestand steigt."},{"@type":"BreadcrumbList","@id":"https:\/\/www.immobilienbusiness.ch\/en\/unternehmen\/2020-08-03\/credit-suisse-will-bueroflaechen-reduzieren\/#breadcrumb","itemListElement":[{"@type":"ListItem","position":1,"name":"Home","item":"https:\/\/www.immobilienbusiness.ch\/"},{"@type":"ListItem","position":2,"name":"Credit Suisse will B\u00fcrofl\u00e4chen reduzieren"}]},{"@type":"WebSite","@id":"https:\/\/www.immobilienbusiness.ch\/#website","url":"https:\/\/www.immobilienbusiness.ch\/","name":"Affari immobiliari","description":"Rivista economica indipendente svizzera che si concentra sul settore immobiliare, l'architettura e la costruzione, nonch\u00e9 sugli investimenti e i finanziamenti.","publisher":{"@id":"https:\/\/www.immobilienbusiness.ch\/#organization"},"potentialAction":[{"@type":"SearchAction","target":{"@type":"EntryPoint","urlTemplate":"https:\/\/www.immobilienbusiness.ch\/?s={search_term_string}"},"query-input":{"@type":"PropertyValueSpecification","valueRequired":true,"valueName":"search_term_string"}}],"inLanguage":"it-IT"},{"@type":"Organization","@id":"https:\/\/www.immobilienbusiness.ch\/#organization","name":"Affari immobiliari","url":"https:\/\/www.immobilienbusiness.ch\/","logo":{"@type":"ImageObject","inLanguage":"it-IT","@id":"https:\/\/www.immobilienbusiness.ch\/#\/schema\/logo\/image\/","url":"https:\/\/www.immobilienbusiness.ch\/wp-content\/uploads\/2021\/07\/logo_ib.png","contentUrl":"https:\/\/www.immobilienbusiness.ch\/wp-content\/uploads\/2021\/07\/logo_ib.png","width":800,"height":181,"caption":"IMMOBILIEN Business"},"image":{"@id":"https:\/\/www.immobilienbusiness.ch\/#\/schema\/logo\/image\/"},"sameAs":["https:\/\/www.facebook.com\/immobilienbusiness\/"]},{"@type":"Person","@id":"https:\/\/www.immobilienbusiness.ch\/#\/schema\/person\/3fc036297b10b9f42d6db5ee932af8c8","name":"anja.hall","image":{"@type":"ImageObject","inLanguage":"it-IT","@id":"https:\/\/secure.gravatar.com\/avatar\/066b5a0d447013502c71a5782f4f3469f03cfe595cc2329fb94652fe47511bfb?s=96&d=mm&r=g","url":"https:\/\/secure.gravatar.com\/avatar\/066b5a0d447013502c71a5782f4f3469f03cfe595cc2329fb94652fe47511bfb?s=96&d=mm&r=g","contentUrl":"https:\/\/secure.gravatar.com\/avatar\/066b5a0d447013502c71a5782f4f3469f03cfe595cc2329fb94652fe47511bfb?s=96&d=mm&r=g","caption":"anja.hall"},"url":"https:\/\/www.immobilienbusiness.ch\/it\/author\/anja-hall\/"}]}},"_links":{"self":[{"href":"https:\/\/www.immobilienbusiness.ch\/it\/wp-json\/wp\/v2\/posts\/22021","targetHints":{"allow":["GET"]}}],"collection":[{"href":"https:\/\/www.immobilienbusiness.ch\/it\/wp-json\/wp\/v2\/posts"}],"about":[{"href":"https:\/\/www.immobilienbusiness.ch\/it\/wp-json\/wp\/v2\/types\/post"}],"author":[{"embeddable":true,"href":"https:\/\/www.immobilienbusiness.ch\/it\/wp-json\/wp\/v2\/users\/3"}],"replies":[{"embeddable":true,"href":"https:\/\/www.immobilienbusiness.ch\/it\/wp-json\/wp\/v2\/comments?post=22021"}],"version-history":[{"count":0,"href":"https:\/\/www.immobilienbusiness.ch\/it\/wp-json\/wp\/v2\/posts\/22021\/revisions"}],"wp:featuredmedia":[{"embeddable":true,"href":"https:\/\/www.immobilienbusiness.ch\/it\/wp-json\/wp\/v2\/media\/19572"}],"wp:attachment":[{"href":"https:\/\/www.immobilienbusiness.ch\/it\/wp-json\/wp\/v2\/media?parent=22021"}],"wp:term":[{"taxonomy":"category","embeddable":true,"href":"https:\/\/www.immobilienbusiness.ch\/it\/wp-json\/wp\/v2\/categories?post=22021"},{"taxonomy":"post_tag","embeddable":true,"href":"https:\/\/www.immobilienbusiness.ch\/it\/wp-json\/wp\/v2\/tags?post=22021"}],"curies":[{"name":"wp","href":"https:\/\/api.w.org\/{rel}","templated":true}]}}