{"id":22006,"date":"2020-07-31T08:45:27","date_gmt":"2020-07-31T06:45:27","guid":{"rendered":"https:\/\/www.immobilienbusiness.ch\/?p=22006"},"modified":"2020-07-31T08:45:27","modified_gmt":"2020-07-31T06:45:27","slug":"mobimo-mit-solidem-halbjahresergebnis","status":"publish","type":"post","link":"https:\/\/www.immobilienbusiness.ch\/it\/unternehmen\/2020-07-31\/mobimo-mit-solidem-halbjahresergebnis\/","title":{"rendered":"Mobimo con un solido risultato semestrale"},"content":{"rendered":"<figure id=\"attachment_21859\" aria-describedby=\"caption-attachment-21859\" style=\"width: 680px\" class=\"wp-caption alignnone\"><img loading=\"lazy\" decoding=\"async\" class=\"size-medium wp-image-21859\" src=\"https:\/\/www.immobilienbusiness.ch\/wp-content\/uploads\/2020\/07\/Grace@Mobimo.jpg\" alt=\"\" width=\"680\" height=\"481\" srcset=\"https:\/\/www.immobilienbusiness.ch\/wp-content\/uploads\/2020\/07\/Grace@Mobimo.jpg 1592w, https:\/\/www.immobilienbusiness.ch\/wp-content\/uploads\/2020\/07\/Grace@Mobimo-300x212.jpg 300w, https:\/\/www.immobilienbusiness.ch\/wp-content\/uploads\/2020\/07\/Grace@Mobimo-1024x724.jpg 1024w, https:\/\/www.immobilienbusiness.ch\/wp-content\/uploads\/2020\/07\/Grace@Mobimo-768x543.jpg 768w, https:\/\/www.immobilienbusiness.ch\/wp-content\/uploads\/2020\/07\/Grace@Mobimo-1536x1085.jpg 1536w, https:\/\/www.immobilienbusiness.ch\/wp-content\/uploads\/2020\/07\/Grace@Mobimo-16x12.jpg 16w, https:\/\/www.immobilienbusiness.ch\/wp-content\/uploads\/2020\/07\/Grace@Mobimo-248x175.jpg 248w, https:\/\/www.immobilienbusiness.ch\/wp-content\/uploads\/2020\/07\/Grace@Mobimo-495x350.jpg 495w, https:\/\/www.immobilienbusiness.ch\/wp-content\/uploads\/2020\/07\/Grace@Mobimo-1132x800.jpg 1132w, https:\/\/www.immobilienbusiness.ch\/wp-content\/uploads\/2020\/07\/Grace@Mobimo-920x650.jpg 920w, https:\/\/www.immobilienbusiness.ch\/wp-content\/uploads\/2020\/07\/Grace@Mobimo-1400x989.jpg 1400w\" sizes=\"auto, (max-width: 680px) 100vw, 680px\" \/><figcaption id=\"caption-attachment-21859\" class=\"wp-caption-text\">Mobimo sta costruendo un complesso residenziale e commerciale a Meggen (Fonte: Mobimo)<\/figcaption><\/figure>\n<p>Nonostante le sfide, Mobimo ha superato gli ultimi mesi in modo relativamente positivo, secondo la presentazione dei risultati semestrali. La societ\u00e0 immobiliare ha registrato un risultato operativo (EBIT) di 65,8 milioni di franchi svizzeri per il primo semestre del 2020, rispetto ai 55,4 milioni di franchi svizzeri dello stesso periodo dell'anno precedente, ovvero 40,8 milioni di franchi svizzeri esclusa la rivalutazione (anno precedente: 36,6 milioni di franchi svizzeri).<\/p>\n<p>L'utile comprensivo della rivalutazione \u00e8 sceso dai 43,5 milioni dell'anno precedente a 41,7 milioni; escludendo la rivalutazione, l'utile \u00e8 stato di 21,5 milioni dopo i 28,5 milioni dell'anno precedente. Il reddito da rivalutazione \u00e8 stato di 25,1 milioni (anno precedente: 18,8 milioni). A differenza dell'anno precedente, il risultato non include praticamente alcun effetto speciale positivo nel settore delle imposte differite, secondo Mobimo.<\/p>\n<h2>Redditi da locazione inferiori al piano<\/h2>\n<p>A causa della pandemia di coronavirus, i ricavi da locazione sono stati inferiori al piano, pari a 60,1 milioni (anno precedente: 60,9 milioni). A causa delle misure di sostegno agli inquilini colpiti dalla serrata, al 30 giugno 2020 i ricavi da locazione erano inferiori di 4,4 milioni rispetto all'importo dovuto per contratto.<\/p>\n<p>Il tasso di sfitto nel portafoglio \u00e8 aumentato da 3,8% a 5,5%, in particolare perch\u00e9 Mattenhof a Kriens \u00e8 stato trasferito al portafoglio di investimenti all'inizio del 2020. Mobimo \u00e8 generalmente fiduciosa sull'ulteriore sviluppo del tasso di sfitto, in quanto ritiene che la domanda sia in gran parte intatta.<\/p>\n<p>Il valore del portafoglio complessivo era di poco inferiore a 3,4 miliardi di franchi al 30 giugno 2020 (31 dicembre 2019: 3,3 miliardi di franchi). Il rendimento medio lordo del portafoglio d'investimento \u00e8 stimato a 4,5%.<\/p>\n<h2>Altri progetti condominiali in fase di pianificazione e costruzione<\/h2>\n<p>Con 2,7 milioni di euro, i ricavi delle attivit\u00e0 di sviluppo e promozione sono rimasti al livello dell'anno precedente (2,4 milioni). Tuttavia, secondo Mobimo, il contributo agli utili derivante dalle attivit\u00e0 di sviluppo per conto terzi aumenter\u00e0, in quanto la pipeline di sviluppo comprende immobili di investimento per conto terzi per un totale di circa 800 milioni.<\/p>\n<p>Di recente sono stati lanciati nuovamente diversi progetti nel mercato immobiliare dei condomini, <a href=\"https:\/\/www.immobilienbusiness.ch\/it\/baustart-fuer-ueberbauung-grace-in-meggen\/\">Ad esempio, a Meggen, sul Lago dei Quattro Cantoni, si sta costruendo un complesso di 30 appartamenti.<\/a> L'anno prossimo inizieranno i lavori di costruzione intorno alla citt\u00e0 di Zurigo - a Maur, Horgen e D\u00fcbendorf - e sono previsti due progetti di condominio nella citt\u00e0 di Zurigo e un altro a Ober\u00e4geri (ZG).<\/p>\n<p>La pipeline del portafoglio della societ\u00e0 comprende attualmente tre immobili in costruzione e otto immobili in fase di progettazione, per un volume di investimenti complessivo di 520 milioni.<\/p>\n<p>Mobimo non rilascia una previsione specifica per l'intero 2020. \"Il mondo nell'estate 2020 \u00e8 caratterizzato dalla crisi del coronavirus e da una grande incertezza sul futuro sociale ed economico\", scrive la societ\u00e0. Tuttavia, la societ\u00e0 \u00e8 convinta che il mercato immobiliare rimanga fondamentalmente interessante per gli investitori. \"Seguiamo con attenzione gli ulteriori sviluppi economici e, se necessario, apporteremo modifiche individuali e mirate al portafoglio\", ha dichiarato la societ\u00e0 immobiliare nel suo comunicato stampa. <em>(ah)<\/em><\/p>","protected":false},"excerpt":{"rendered":"<p>Mobimo ha registrato un calo degli utili nella prima met\u00e0 del 2020, ma finora ha superato bene la crisi del coronavirus.<\/p>","protected":false},"author":3,"featured_media":21859,"comment_status":"closed","ping_status":"open","sticky":false,"template":"","format":"standard","meta":{"_acf_changed":false,"_yoast_wpseo_focuskw":"Mobimo","_yoast_wpseo_title":"","_yoast_wpseo_metadesc":"Mobimo hat im ersten Halbjahr 2020 einen Gewinnr\u00fcckgang verzeichnet, ist bislang jedoch insgesamt gut durch die Coronakrise gekommen.","_yoast_wpseo_linkdex":67,"pgc_sgb_lightbox_settings":"","footnotes":""},"categories":[988],"tags":[1290,1503],"class_list":["post-22006","post","type-post","status-publish","format-standard","has-post-thumbnail","hentry","category-unternehmen","tag-halbjahresergebnis","tag-mobimo"],"acf":[],"yoast_head":"<!-- This site is optimized with the Yoast SEO plugin v27.4 - https:\/\/yoast.com\/product\/yoast-seo-wordpress\/ -->\n<title>Mobimo mit solidem Halbjahresergebnis - IMMOBILIEN Business<\/title>\n<meta name=\"description\" content=\"Mobimo hat im ersten Halbjahr 2020 einen Gewinnr\u00fcckgang verzeichnet, ist bislang jedoch insgesamt gut durch die Coronakrise gekommen.\" \/>\n<meta name=\"robots\" content=\"index, follow, max-snippet:-1, max-image-preview:large, max-video-preview:-1\" \/>\n<link rel=\"canonical\" href=\"https:\/\/www.immobilienbusiness.ch\/it\/unternehmen\/2020-07-31\/mobimo-mit-solidem-halbjahresergebnis\/\" \/>\n<meta property=\"og:locale\" content=\"it_IT\" \/>\n<meta property=\"og:type\" content=\"article\" \/>\n<meta property=\"og:title\" content=\"Mobimo mit solidem Halbjahresergebnis - IMMOBILIEN Business\" \/>\n<meta property=\"og:description\" content=\"Mobimo hat im ersten Halbjahr 2020 einen Gewinnr\u00fcckgang verzeichnet, ist bislang jedoch insgesamt gut durch die Coronakrise gekommen.\" \/>\n<meta property=\"og:url\" content=\"https:\/\/www.immobilienbusiness.ch\/it\/unternehmen\/2020-07-31\/mobimo-mit-solidem-halbjahresergebnis\/\" \/>\n<meta property=\"og:site_name\" content=\"IMMOBILIEN Business\" \/>\n<meta property=\"article:publisher\" content=\"https:\/\/www.facebook.com\/immobilienbusiness\/\" \/>\n<meta property=\"article:published_time\" content=\"2020-07-31T06:45:27+00:00\" \/>\n<meta property=\"og:image\" content=\"https:\/\/www.immobilienbusiness.ch\/wp-content\/uploads\/2020\/07\/Grace@Mobimo.jpg\" \/>\n\t<meta property=\"og:image:width\" content=\"1592\" \/>\n\t<meta property=\"og:image:height\" content=\"1125\" \/>\n\t<meta property=\"og:image:type\" content=\"image\/jpeg\" \/>\n<meta name=\"author\" content=\"anja.hall\" \/>\n<meta name=\"twitter:card\" content=\"summary_large_image\" \/>\n<meta name=\"twitter:image\" content=\"https:\/\/www.immobilienbusiness.ch\/wp-content\/uploads\/2020\/07\/Grace@Mobimo.jpg\" \/>\n<script type=\"application\/ld+json\" class=\"yoast-schema-graph\">{\"@context\":\"https:\\\/\\\/schema.org\",\"@graph\":[{\"@type\":\"Article\",\"@id\":\"https:\\\/\\\/www.immobilienbusiness.ch\\\/unternehmen\\\/2020-07-31\\\/mobimo-mit-solidem-halbjahresergebnis\\\/#article\",\"isPartOf\":{\"@id\":\"https:\\\/\\\/www.immobilienbusiness.ch\\\/unternehmen\\\/2020-07-31\\\/mobimo-mit-solidem-halbjahresergebnis\\\/\"},\"author\":{\"name\":\"anja.hall\",\"@id\":\"https:\\\/\\\/www.immobilienbusiness.ch\\\/#\\\/schema\\\/person\\\/3fc036297b10b9f42d6db5ee932af8c8\"},\"headline\":\"Mobimo mit solidem Halbjahresergebnis\",\"datePublished\":\"2020-07-31T06:45:27+00:00\",\"mainEntityOfPage\":{\"@id\":\"https:\\\/\\\/www.immobilienbusiness.ch\\\/unternehmen\\\/2020-07-31\\\/mobimo-mit-solidem-halbjahresergebnis\\\/\"},\"wordCount\":437,\"publisher\":{\"@id\":\"https:\\\/\\\/www.immobilienbusiness.ch\\\/#organization\"},\"image\":{\"@id\":\"https:\\\/\\\/www.immobilienbusiness.ch\\\/unternehmen\\\/2020-07-31\\\/mobimo-mit-solidem-halbjahresergebnis\\\/#primaryimage\"},\"thumbnailUrl\":\"https:\\\/\\\/www.immobilienbusiness.ch\\\/wp-content\\\/uploads\\\/2020\\\/07\\\/Grace@Mobimo.jpg\",\"keywords\":[\"Halbjahresergebnis\",\"Mobimo\"],\"articleSection\":[\"UNTERNEHMEN\"],\"inLanguage\":\"it-IT\"},{\"@type\":\"WebPage\",\"@id\":\"https:\\\/\\\/www.immobilienbusiness.ch\\\/unternehmen\\\/2020-07-31\\\/mobimo-mit-solidem-halbjahresergebnis\\\/\",\"url\":\"https:\\\/\\\/www.immobilienbusiness.ch\\\/unternehmen\\\/2020-07-31\\\/mobimo-mit-solidem-halbjahresergebnis\\\/\",\"name\":\"Mobimo mit solidem Halbjahresergebnis - IMMOBILIEN Business\",\"isPartOf\":{\"@id\":\"https:\\\/\\\/www.immobilienbusiness.ch\\\/#website\"},\"primaryImageOfPage\":{\"@id\":\"https:\\\/\\\/www.immobilienbusiness.ch\\\/unternehmen\\\/2020-07-31\\\/mobimo-mit-solidem-halbjahresergebnis\\\/#primaryimage\"},\"image\":{\"@id\":\"https:\\\/\\\/www.immobilienbusiness.ch\\\/unternehmen\\\/2020-07-31\\\/mobimo-mit-solidem-halbjahresergebnis\\\/#primaryimage\"},\"thumbnailUrl\":\"https:\\\/\\\/www.immobilienbusiness.ch\\\/wp-content\\\/uploads\\\/2020\\\/07\\\/Grace@Mobimo.jpg\",\"datePublished\":\"2020-07-31T06:45:27+00:00\",\"description\":\"Mobimo hat im ersten Halbjahr 2020 einen Gewinnr\u00fcckgang verzeichnet, ist bislang jedoch insgesamt gut durch die Coronakrise gekommen.\",\"breadcrumb\":{\"@id\":\"https:\\\/\\\/www.immobilienbusiness.ch\\\/unternehmen\\\/2020-07-31\\\/mobimo-mit-solidem-halbjahresergebnis\\\/#breadcrumb\"},\"inLanguage\":\"it-IT\",\"potentialAction\":[{\"@type\":\"ReadAction\",\"target\":[\"https:\\\/\\\/www.immobilienbusiness.ch\\\/unternehmen\\\/2020-07-31\\\/mobimo-mit-solidem-halbjahresergebnis\\\/\"]}]},{\"@type\":\"ImageObject\",\"inLanguage\":\"it-IT\",\"@id\":\"https:\\\/\\\/www.immobilienbusiness.ch\\\/unternehmen\\\/2020-07-31\\\/mobimo-mit-solidem-halbjahresergebnis\\\/#primaryimage\",\"url\":\"https:\\\/\\\/www.immobilienbusiness.ch\\\/wp-content\\\/uploads\\\/2020\\\/07\\\/Grace@Mobimo.jpg\",\"contentUrl\":\"https:\\\/\\\/www.immobilienbusiness.ch\\\/wp-content\\\/uploads\\\/2020\\\/07\\\/Grace@Mobimo.jpg\",\"width\":1592,\"height\":1125,\"caption\":\"Die Wohn- und Gewerbe\u00fcberbauung Grace in Meggen (Quelle: Mobimo)\"},{\"@type\":\"BreadcrumbList\",\"@id\":\"https:\\\/\\\/www.immobilienbusiness.ch\\\/unternehmen\\\/2020-07-31\\\/mobimo-mit-solidem-halbjahresergebnis\\\/#breadcrumb\",\"itemListElement\":[{\"@type\":\"ListItem\",\"position\":1,\"name\":\"Home\",\"item\":\"https:\\\/\\\/www.immobilienbusiness.ch\\\/\"},{\"@type\":\"ListItem\",\"position\":2,\"name\":\"Mobimo mit solidem Halbjahresergebnis\"}]},{\"@type\":\"WebSite\",\"@id\":\"https:\\\/\\\/www.immobilienbusiness.ch\\\/#website\",\"url\":\"https:\\\/\\\/www.immobilienbusiness.ch\\\/\",\"name\":\"IMMOBILIEN Business\",\"description\":\"Unabh\u00e4ngiges Schweizer Wirtschaftsmagazin mit Fokus auf Immobilien, Architektur- und Bau sowie Investment- und Finanzierung.\",\"publisher\":{\"@id\":\"https:\\\/\\\/www.immobilienbusiness.ch\\\/#organization\"},\"potentialAction\":[{\"@type\":\"SearchAction\",\"target\":{\"@type\":\"EntryPoint\",\"urlTemplate\":\"https:\\\/\\\/www.immobilienbusiness.ch\\\/?s={search_term_string}\"},\"query-input\":{\"@type\":\"PropertyValueSpecification\",\"valueRequired\":true,\"valueName\":\"search_term_string\"}}],\"inLanguage\":\"it-IT\"},{\"@type\":\"Organization\",\"@id\":\"https:\\\/\\\/www.immobilienbusiness.ch\\\/#organization\",\"name\":\"IMMOBILIEN Business\",\"url\":\"https:\\\/\\\/www.immobilienbusiness.ch\\\/\",\"logo\":{\"@type\":\"ImageObject\",\"inLanguage\":\"it-IT\",\"@id\":\"https:\\\/\\\/www.immobilienbusiness.ch\\\/#\\\/schema\\\/logo\\\/image\\\/\",\"url\":\"https:\\\/\\\/www.immobilienbusiness.ch\\\/wp-content\\\/uploads\\\/2021\\\/07\\\/logo_ib.png\",\"contentUrl\":\"https:\\\/\\\/www.immobilienbusiness.ch\\\/wp-content\\\/uploads\\\/2021\\\/07\\\/logo_ib.png\",\"width\":800,\"height\":181,\"caption\":\"IMMOBILIEN Business\"},\"image\":{\"@id\":\"https:\\\/\\\/www.immobilienbusiness.ch\\\/#\\\/schema\\\/logo\\\/image\\\/\"},\"sameAs\":[\"https:\\\/\\\/www.facebook.com\\\/immobilienbusiness\\\/\"]},{\"@type\":\"Person\",\"@id\":\"https:\\\/\\\/www.immobilienbusiness.ch\\\/#\\\/schema\\\/person\\\/3fc036297b10b9f42d6db5ee932af8c8\",\"name\":\"anja.hall\",\"image\":{\"@type\":\"ImageObject\",\"inLanguage\":\"it-IT\",\"@id\":\"https:\\\/\\\/secure.gravatar.com\\\/avatar\\\/066b5a0d447013502c71a5782f4f3469f03cfe595cc2329fb94652fe47511bfb?s=96&d=mm&r=g\",\"url\":\"https:\\\/\\\/secure.gravatar.com\\\/avatar\\\/066b5a0d447013502c71a5782f4f3469f03cfe595cc2329fb94652fe47511bfb?s=96&d=mm&r=g\",\"contentUrl\":\"https:\\\/\\\/secure.gravatar.com\\\/avatar\\\/066b5a0d447013502c71a5782f4f3469f03cfe595cc2329fb94652fe47511bfb?s=96&d=mm&r=g\",\"caption\":\"anja.hall\"},\"url\":\"https:\\\/\\\/www.immobilienbusiness.ch\\\/it\\\/author\\\/anja-hall\\\/\"}]}<\/script>\n<!-- \/ Yoast SEO plugin. -->","yoast_head_json":{"title":"Mobimo mit solidem Halbjahresergebnis - IMMOBILIEN Business","description":"Mobimo ha registrato un calo degli utili nella prima met\u00e0 del 2020, ma finora ha superato bene la crisi del coronavirus.","robots":{"index":"index","follow":"follow","max-snippet":"max-snippet:-1","max-image-preview":"max-image-preview:large","max-video-preview":"max-video-preview:-1"},"canonical":"https:\/\/www.immobilienbusiness.ch\/it\/unternehmen\/2020-07-31\/mobimo-mit-solidem-halbjahresergebnis\/","og_locale":"it_IT","og_type":"article","og_title":"Mobimo mit solidem Halbjahresergebnis - IMMOBILIEN Business","og_description":"Mobimo hat im ersten Halbjahr 2020 einen Gewinnr\u00fcckgang verzeichnet, ist bislang jedoch insgesamt gut durch die Coronakrise gekommen.","og_url":"https:\/\/www.immobilienbusiness.ch\/it\/unternehmen\/2020-07-31\/mobimo-mit-solidem-halbjahresergebnis\/","og_site_name":"IMMOBILIEN Business","article_publisher":"https:\/\/www.facebook.com\/immobilienbusiness\/","article_published_time":"2020-07-31T06:45:27+00:00","og_image":[{"width":1592,"height":1125,"url":"https:\/\/www.immobilienbusiness.ch\/wp-content\/uploads\/2020\/07\/Grace@Mobimo.jpg","type":"image\/jpeg"}],"author":"anja.hall","twitter_card":"summary_large_image","twitter_image":"https:\/\/www.immobilienbusiness.ch\/wp-content\/uploads\/2020\/07\/Grace@Mobimo.jpg","schema":{"@context":"https:\/\/schema.org","@graph":[{"@type":"Article","@id":"https:\/\/www.immobilienbusiness.ch\/unternehmen\/2020-07-31\/mobimo-mit-solidem-halbjahresergebnis\/#article","isPartOf":{"@id":"https:\/\/www.immobilienbusiness.ch\/unternehmen\/2020-07-31\/mobimo-mit-solidem-halbjahresergebnis\/"},"author":{"name":"anja.hall","@id":"https:\/\/www.immobilienbusiness.ch\/#\/schema\/person\/3fc036297b10b9f42d6db5ee932af8c8"},"headline":"Mobimo mit solidem Halbjahresergebnis","datePublished":"2020-07-31T06:45:27+00:00","mainEntityOfPage":{"@id":"https:\/\/www.immobilienbusiness.ch\/unternehmen\/2020-07-31\/mobimo-mit-solidem-halbjahresergebnis\/"},"wordCount":437,"publisher":{"@id":"https:\/\/www.immobilienbusiness.ch\/#organization"},"image":{"@id":"https:\/\/www.immobilienbusiness.ch\/unternehmen\/2020-07-31\/mobimo-mit-solidem-halbjahresergebnis\/#primaryimage"},"thumbnailUrl":"https:\/\/www.immobilienbusiness.ch\/wp-content\/uploads\/2020\/07\/Grace@Mobimo.jpg","keywords":["Halbjahresergebnis","Mobimo"],"articleSection":["UNTERNEHMEN"],"inLanguage":"it-IT"},{"@type":"WebPage","@id":"https:\/\/www.immobilienbusiness.ch\/unternehmen\/2020-07-31\/mobimo-mit-solidem-halbjahresergebnis\/","url":"https:\/\/www.immobilienbusiness.ch\/unternehmen\/2020-07-31\/mobimo-mit-solidem-halbjahresergebnis\/","name":"Mobimo mit solidem Halbjahresergebnis - IMMOBILIEN Business","isPartOf":{"@id":"https:\/\/www.immobilienbusiness.ch\/#website"},"primaryImageOfPage":{"@id":"https:\/\/www.immobilienbusiness.ch\/unternehmen\/2020-07-31\/mobimo-mit-solidem-halbjahresergebnis\/#primaryimage"},"image":{"@id":"https:\/\/www.immobilienbusiness.ch\/unternehmen\/2020-07-31\/mobimo-mit-solidem-halbjahresergebnis\/#primaryimage"},"thumbnailUrl":"https:\/\/www.immobilienbusiness.ch\/wp-content\/uploads\/2020\/07\/Grace@Mobimo.jpg","datePublished":"2020-07-31T06:45:27+00:00","description":"Mobimo ha registrato un calo degli utili nella prima met\u00e0 del 2020, ma finora ha superato bene la crisi del coronavirus.","breadcrumb":{"@id":"https:\/\/www.immobilienbusiness.ch\/unternehmen\/2020-07-31\/mobimo-mit-solidem-halbjahresergebnis\/#breadcrumb"},"inLanguage":"it-IT","potentialAction":[{"@type":"ReadAction","target":["https:\/\/www.immobilienbusiness.ch\/unternehmen\/2020-07-31\/mobimo-mit-solidem-halbjahresergebnis\/"]}]},{"@type":"ImageObject","inLanguage":"it-IT","@id":"https:\/\/www.immobilienbusiness.ch\/unternehmen\/2020-07-31\/mobimo-mit-solidem-halbjahresergebnis\/#primaryimage","url":"https:\/\/www.immobilienbusiness.ch\/wp-content\/uploads\/2020\/07\/Grace@Mobimo.jpg","contentUrl":"https:\/\/www.immobilienbusiness.ch\/wp-content\/uploads\/2020\/07\/Grace@Mobimo.jpg","width":1592,"height":1125,"caption":"Die Wohn- und Gewerbe\u00fcberbauung Grace in Meggen (Quelle: Mobimo)"},{"@type":"BreadcrumbList","@id":"https:\/\/www.immobilienbusiness.ch\/unternehmen\/2020-07-31\/mobimo-mit-solidem-halbjahresergebnis\/#breadcrumb","itemListElement":[{"@type":"ListItem","position":1,"name":"Home","item":"https:\/\/www.immobilienbusiness.ch\/"},{"@type":"ListItem","position":2,"name":"Mobimo mit solidem Halbjahresergebnis"}]},{"@type":"WebSite","@id":"https:\/\/www.immobilienbusiness.ch\/#website","url":"https:\/\/www.immobilienbusiness.ch\/","name":"Affari immobiliari","description":"Rivista economica indipendente svizzera che si concentra sul settore immobiliare, l'architettura e la costruzione, nonch\u00e9 sugli investimenti e i finanziamenti.","publisher":{"@id":"https:\/\/www.immobilienbusiness.ch\/#organization"},"potentialAction":[{"@type":"SearchAction","target":{"@type":"EntryPoint","urlTemplate":"https:\/\/www.immobilienbusiness.ch\/?s={search_term_string}"},"query-input":{"@type":"PropertyValueSpecification","valueRequired":true,"valueName":"search_term_string"}}],"inLanguage":"it-IT"},{"@type":"Organization","@id":"https:\/\/www.immobilienbusiness.ch\/#organization","name":"Affari immobiliari","url":"https:\/\/www.immobilienbusiness.ch\/","logo":{"@type":"ImageObject","inLanguage":"it-IT","@id":"https:\/\/www.immobilienbusiness.ch\/#\/schema\/logo\/image\/","url":"https:\/\/www.immobilienbusiness.ch\/wp-content\/uploads\/2021\/07\/logo_ib.png","contentUrl":"https:\/\/www.immobilienbusiness.ch\/wp-content\/uploads\/2021\/07\/logo_ib.png","width":800,"height":181,"caption":"IMMOBILIEN Business"},"image":{"@id":"https:\/\/www.immobilienbusiness.ch\/#\/schema\/logo\/image\/"},"sameAs":["https:\/\/www.facebook.com\/immobilienbusiness\/"]},{"@type":"Person","@id":"https:\/\/www.immobilienbusiness.ch\/#\/schema\/person\/3fc036297b10b9f42d6db5ee932af8c8","name":"anja.hall","image":{"@type":"ImageObject","inLanguage":"it-IT","@id":"https:\/\/secure.gravatar.com\/avatar\/066b5a0d447013502c71a5782f4f3469f03cfe595cc2329fb94652fe47511bfb?s=96&d=mm&r=g","url":"https:\/\/secure.gravatar.com\/avatar\/066b5a0d447013502c71a5782f4f3469f03cfe595cc2329fb94652fe47511bfb?s=96&d=mm&r=g","contentUrl":"https:\/\/secure.gravatar.com\/avatar\/066b5a0d447013502c71a5782f4f3469f03cfe595cc2329fb94652fe47511bfb?s=96&d=mm&r=g","caption":"anja.hall"},"url":"https:\/\/www.immobilienbusiness.ch\/it\/author\/anja-hall\/"}]}},"_links":{"self":[{"href":"https:\/\/www.immobilienbusiness.ch\/it\/wp-json\/wp\/v2\/posts\/22006","targetHints":{"allow":["GET"]}}],"collection":[{"href":"https:\/\/www.immobilienbusiness.ch\/it\/wp-json\/wp\/v2\/posts"}],"about":[{"href":"https:\/\/www.immobilienbusiness.ch\/it\/wp-json\/wp\/v2\/types\/post"}],"author":[{"embeddable":true,"href":"https:\/\/www.immobilienbusiness.ch\/it\/wp-json\/wp\/v2\/users\/3"}],"replies":[{"embeddable":true,"href":"https:\/\/www.immobilienbusiness.ch\/it\/wp-json\/wp\/v2\/comments?post=22006"}],"version-history":[{"count":0,"href":"https:\/\/www.immobilienbusiness.ch\/it\/wp-json\/wp\/v2\/posts\/22006\/revisions"}],"wp:featuredmedia":[{"embeddable":true,"href":"https:\/\/www.immobilienbusiness.ch\/it\/wp-json\/wp\/v2\/media\/21859"}],"wp:attachment":[{"href":"https:\/\/www.immobilienbusiness.ch\/it\/wp-json\/wp\/v2\/media?parent=22006"}],"wp:term":[{"taxonomy":"category","embeddable":true,"href":"https:\/\/www.immobilienbusiness.ch\/it\/wp-json\/wp\/v2\/categories?post=22006"},{"taxonomy":"post_tag","embeddable":true,"href":"https:\/\/www.immobilienbusiness.ch\/it\/wp-json\/wp\/v2\/tags?post=22006"}],"curies":[{"name":"wp","href":"https:\/\/api.w.org\/{rel}","templated":true}]}}