{"id":21974,"date":"2020-07-28T08:25:44","date_gmt":"2020-07-28T06:25:44","guid":{"rendered":"https:\/\/www.immobilienbusiness.ch\/?p=21974"},"modified":"2020-07-28T08:25:44","modified_gmt":"2020-07-28T06:25:44","slug":"zuerich-hair-skin-mietet-am-limmatquai","status":"publish","type":"post","link":"https:\/\/www.immobilienbusiness.ch\/it\/regionen\/2020-07-28\/zuerich-hair-skin-mietet-am-limmatquai\/","title":{"rendered":"Zurigo: affitti per capelli e pelle al Limmatquai"},"content":{"rendered":"<figure id=\"attachment_21975\" aria-describedby=\"caption-attachment-21975\" style=\"width: 680px\" class=\"wp-caption alignnone\"><img loading=\"lazy\" decoding=\"async\" class=\"size-medium wp-image-21975\" src=\"https:\/\/www.immobilienbusiness.ch\/wp-content\/uploads\/2020\/07\/MM_SPG-IC_Limmatquai-Zuerich1.jpg\" alt=\"\" width=\"680\" height=\"453\" srcset=\"https:\/\/www.immobilienbusiness.ch\/wp-content\/uploads\/2020\/07\/MM_SPG-IC_Limmatquai-Zuerich1.jpg 1275w, https:\/\/www.immobilienbusiness.ch\/wp-content\/uploads\/2020\/07\/MM_SPG-IC_Limmatquai-Zuerich1-300x200.jpg 300w, https:\/\/www.immobilienbusiness.ch\/wp-content\/uploads\/2020\/07\/MM_SPG-IC_Limmatquai-Zuerich1-1024x682.jpg 1024w, https:\/\/www.immobilienbusiness.ch\/wp-content\/uploads\/2020\/07\/MM_SPG-IC_Limmatquai-Zuerich1-768x511.jpg 768w, https:\/\/www.immobilienbusiness.ch\/wp-content\/uploads\/2020\/07\/MM_SPG-IC_Limmatquai-Zuerich1-16x12.jpg 16w, https:\/\/www.immobilienbusiness.ch\/wp-content\/uploads\/2020\/07\/MM_SPG-IC_Limmatquai-Zuerich1-263x175.jpg 263w, https:\/\/www.immobilienbusiness.ch\/wp-content\/uploads\/2020\/07\/MM_SPG-IC_Limmatquai-Zuerich1-526x350.jpg 526w, https:\/\/www.immobilienbusiness.ch\/wp-content\/uploads\/2020\/07\/MM_SPG-IC_Limmatquai-Zuerich1-1201x800.jpg 1201w, https:\/\/www.immobilienbusiness.ch\/wp-content\/uploads\/2020\/07\/MM_SPG-IC_Limmatquai-Zuerich1-920x613.jpg 920w\" sizes=\"auto, (max-width: 680px) 100vw, 680px\" \/><figcaption id=\"caption-attachment-21975\" class=\"wp-caption-text\">Hair &amp; Skin apre una sede a Limmatquai (Immagine: SPG Intercity Zurich)<\/figcaption><\/figure>\n<p>Secondo il fornitore di servizi immobiliari SPG Intercity Zurich, \u00e8 stato incaricato dal precedente affittuario, l'azienda di moda TFG London, di trovare un nuovo inquilino per lo spazio commerciale di 181 mq al Limmatquai 26 di Zurigo.<\/p>\n<p>Hair &amp; Skin, specializzata tra l'altro in trapianti di capelli, ha ora deciso la sede nel centro storico di Zurigo. L'apertura della filiale \u00e8 prevista per l'estate. Secondo la societ\u00e0 di intermediazione, l'azienda aveva gi\u00e0 una sede a Winterthur e offre trattamenti medici e trapianti di capelli a prezzi accessibili. La propriet\u00e0 sul Limmatquai shopping mile ha convinto per la sua posizione centrale e ben visibile, direttamente ai piedi del Grossm\u00fcnster.<\/p>\n<p>Robert Hauri, co-proprietario e CEO di SPG Intercity Zurich, afferma che i fornitori di servizi innovativi, ad esempio con concetti di salute, benessere e bellezza, si stanno posizionando in luoghi molto frequentati invece che nei classici negozi al dettaglio per attirare nuovi clienti. <em>(ah)<\/em><\/p>","protected":false},"excerpt":{"rendered":"<p>Das Winterthurer Unternehmen Hair &#038; Skin wird am Limmatquai 26 einen Standort er\u00f6ffnen. Die Firma wird Nachmieter von TFG London.<\/p>","protected":false},"author":3,"featured_media":21975,"comment_status":"closed","ping_status":"open","sticky":false,"template":"","format":"standard","meta":{"_acf_changed":false,"_yoast_wpseo_focuskw":"Limmatquai","_yoast_wpseo_title":"","_yoast_wpseo_metadesc":"Das Winterthurer Unternehmen Hair & Skin wird am Limmatquai 26 einen Standort er\u00f6ffnen. Die Firma wird Nachmieter von TFG London.","_yoast_wpseo_linkdex":58,"pgc_sgb_lightbox_settings":"","footnotes":""},"categories":[985],"tags":[1645,1717,1832,1888],"class_list":["post-21974","post","type-post","status-publish","format-standard","has-post-thumbnail","hentry","category-regionen","tag-retailflaechen","tag-spg-intercity","tag-vermietung","tag-zuerich"],"acf":[],"yoast_head":"<!-- This site is optimized with the Yoast SEO plugin v27.4 - https:\/\/yoast.com\/product\/yoast-seo-wordpress\/ -->\n<title>Z\u00fcrich: Hair &amp; Skin mietet am Limmatquai - IMMOBILIEN Business<\/title>\n<meta name=\"description\" content=\"Das Winterthurer Unternehmen Hair &amp; Skin wird am Limmatquai 26 einen Standort er\u00f6ffnen. Die Firma wird Nachmieter von TFG London.\" \/>\n<meta name=\"robots\" content=\"index, follow, max-snippet:-1, max-image-preview:large, max-video-preview:-1\" \/>\n<link rel=\"canonical\" href=\"https:\/\/www.immobilienbusiness.ch\/it\/regionen\/2020-07-28\/zuerich-hair-skin-mietet-am-limmatquai\/\" \/>\n<meta property=\"og:locale\" content=\"it_IT\" \/>\n<meta property=\"og:type\" content=\"article\" \/>\n<meta property=\"og:title\" content=\"Z\u00fcrich: Hair &amp; Skin mietet am Limmatquai - IMMOBILIEN Business\" \/>\n<meta property=\"og:description\" content=\"Das Winterthurer Unternehmen Hair &amp; Skin wird am Limmatquai 26 einen Standort er\u00f6ffnen. Die Firma wird Nachmieter von TFG London.\" \/>\n<meta property=\"og:url\" content=\"https:\/\/www.immobilienbusiness.ch\/it\/regionen\/2020-07-28\/zuerich-hair-skin-mietet-am-limmatquai\/\" \/>\n<meta property=\"og:site_name\" content=\"IMMOBILIEN Business\" \/>\n<meta property=\"article:publisher\" content=\"https:\/\/www.facebook.com\/immobilienbusiness\/\" \/>\n<meta property=\"article:published_time\" content=\"2020-07-28T06:25:44+00:00\" \/>\n<meta property=\"og:image\" content=\"https:\/\/www.immobilienbusiness.ch\/wp-content\/uploads\/2020\/07\/MM_SPG-IC_Limmatquai-Zuerich1.jpg\" \/>\n\t<meta property=\"og:image:width\" content=\"1275\" \/>\n\t<meta property=\"og:image:height\" content=\"849\" \/>\n\t<meta property=\"og:image:type\" content=\"image\/jpeg\" \/>\n<meta name=\"author\" content=\"anja.hall\" \/>\n<meta name=\"twitter:card\" content=\"summary_large_image\" \/>\n<meta name=\"twitter:image\" content=\"https:\/\/www.immobilienbusiness.ch\/wp-content\/uploads\/2020\/07\/MM_SPG-IC_Limmatquai-Zuerich1.jpg\" \/>\n<script type=\"application\/ld+json\" class=\"yoast-schema-graph\">{\"@context\":\"https:\\\/\\\/schema.org\",\"@graph\":[{\"@type\":\"Article\",\"@id\":\"https:\\\/\\\/www.immobilienbusiness.ch\\\/en\\\/regionen\\\/2020-07-28\\\/zuerich-hair-skin-mietet-am-limmatquai\\\/#article\",\"isPartOf\":{\"@id\":\"https:\\\/\\\/www.immobilienbusiness.ch\\\/en\\\/regionen\\\/2020-07-28\\\/zuerich-hair-skin-mietet-am-limmatquai\\\/\"},\"author\":{\"name\":\"anja.hall\",\"@id\":\"https:\\\/\\\/www.immobilienbusiness.ch\\\/#\\\/schema\\\/person\\\/3fc036297b10b9f42d6db5ee932af8c8\"},\"headline\":\"Z\u00fcrich: Hair &#038; Skin mietet am Limmatquai\",\"datePublished\":\"2020-07-28T06:25:44+00:00\",\"mainEntityOfPage\":{\"@id\":\"https:\\\/\\\/www.immobilienbusiness.ch\\\/en\\\/regionen\\\/2020-07-28\\\/zuerich-hair-skin-mietet-am-limmatquai\\\/\"},\"wordCount\":185,\"publisher\":{\"@id\":\"https:\\\/\\\/www.immobilienbusiness.ch\\\/#organization\"},\"image\":{\"@id\":\"https:\\\/\\\/www.immobilienbusiness.ch\\\/en\\\/regionen\\\/2020-07-28\\\/zuerich-hair-skin-mietet-am-limmatquai\\\/#primaryimage\"},\"thumbnailUrl\":\"https:\\\/\\\/www.immobilienbusiness.ch\\\/wp-content\\\/uploads\\\/2020\\\/07\\\/MM_SPG-IC_Limmatquai-Zuerich1.jpg\",\"keywords\":[\"Retailfl\u00e4chen\",\"SPG Intercity\",\"Vermietung\",\"Z\u00fcrich\"],\"articleSection\":[\"REGIONEN\"],\"inLanguage\":\"it-IT\"},{\"@type\":\"WebPage\",\"@id\":\"https:\\\/\\\/www.immobilienbusiness.ch\\\/en\\\/regionen\\\/2020-07-28\\\/zuerich-hair-skin-mietet-am-limmatquai\\\/\",\"url\":\"https:\\\/\\\/www.immobilienbusiness.ch\\\/en\\\/regionen\\\/2020-07-28\\\/zuerich-hair-skin-mietet-am-limmatquai\\\/\",\"name\":\"Z\u00fcrich: Hair & Skin mietet am Limmatquai - IMMOBILIEN Business\",\"isPartOf\":{\"@id\":\"https:\\\/\\\/www.immobilienbusiness.ch\\\/#website\"},\"primaryImageOfPage\":{\"@id\":\"https:\\\/\\\/www.immobilienbusiness.ch\\\/en\\\/regionen\\\/2020-07-28\\\/zuerich-hair-skin-mietet-am-limmatquai\\\/#primaryimage\"},\"image\":{\"@id\":\"https:\\\/\\\/www.immobilienbusiness.ch\\\/en\\\/regionen\\\/2020-07-28\\\/zuerich-hair-skin-mietet-am-limmatquai\\\/#primaryimage\"},\"thumbnailUrl\":\"https:\\\/\\\/www.immobilienbusiness.ch\\\/wp-content\\\/uploads\\\/2020\\\/07\\\/MM_SPG-IC_Limmatquai-Zuerich1.jpg\",\"datePublished\":\"2020-07-28T06:25:44+00:00\",\"description\":\"Das Winterthurer Unternehmen Hair & Skin wird am Limmatquai 26 einen Standort er\u00f6ffnen. Die Firma wird Nachmieter von TFG London.\",\"breadcrumb\":{\"@id\":\"https:\\\/\\\/www.immobilienbusiness.ch\\\/en\\\/regionen\\\/2020-07-28\\\/zuerich-hair-skin-mietet-am-limmatquai\\\/#breadcrumb\"},\"inLanguage\":\"it-IT\",\"potentialAction\":[{\"@type\":\"ReadAction\",\"target\":[\"https:\\\/\\\/www.immobilienbusiness.ch\\\/en\\\/regionen\\\/2020-07-28\\\/zuerich-hair-skin-mietet-am-limmatquai\\\/\"]}]},{\"@type\":\"ImageObject\",\"inLanguage\":\"it-IT\",\"@id\":\"https:\\\/\\\/www.immobilienbusiness.ch\\\/en\\\/regionen\\\/2020-07-28\\\/zuerich-hair-skin-mietet-am-limmatquai\\\/#primaryimage\",\"url\":\"https:\\\/\\\/www.immobilienbusiness.ch\\\/wp-content\\\/uploads\\\/2020\\\/07\\\/MM_SPG-IC_Limmatquai-Zuerich1.jpg\",\"contentUrl\":\"https:\\\/\\\/www.immobilienbusiness.ch\\\/wp-content\\\/uploads\\\/2020\\\/07\\\/MM_SPG-IC_Limmatquai-Zuerich1.jpg\",\"width\":1275,\"height\":849,\"caption\":\"Hair & Skin er\u00f6ffnet einen Standort am Limmatquai (Bild: SPG Intercity Zurich)\"},{\"@type\":\"BreadcrumbList\",\"@id\":\"https:\\\/\\\/www.immobilienbusiness.ch\\\/en\\\/regionen\\\/2020-07-28\\\/zuerich-hair-skin-mietet-am-limmatquai\\\/#breadcrumb\",\"itemListElement\":[{\"@type\":\"ListItem\",\"position\":1,\"name\":\"Home\",\"item\":\"https:\\\/\\\/www.immobilienbusiness.ch\\\/\"},{\"@type\":\"ListItem\",\"position\":2,\"name\":\"Z\u00fcrich: Hair &#038; Skin mietet am Limmatquai\"}]},{\"@type\":\"WebSite\",\"@id\":\"https:\\\/\\\/www.immobilienbusiness.ch\\\/#website\",\"url\":\"https:\\\/\\\/www.immobilienbusiness.ch\\\/\",\"name\":\"IMMOBILIEN Business\",\"description\":\"Unabh\u00e4ngiges Schweizer Wirtschaftsmagazin mit Fokus auf Immobilien, Architektur- und Bau sowie Investment- und Finanzierung.\",\"publisher\":{\"@id\":\"https:\\\/\\\/www.immobilienbusiness.ch\\\/#organization\"},\"potentialAction\":[{\"@type\":\"SearchAction\",\"target\":{\"@type\":\"EntryPoint\",\"urlTemplate\":\"https:\\\/\\\/www.immobilienbusiness.ch\\\/?s={search_term_string}\"},\"query-input\":{\"@type\":\"PropertyValueSpecification\",\"valueRequired\":true,\"valueName\":\"search_term_string\"}}],\"inLanguage\":\"it-IT\"},{\"@type\":\"Organization\",\"@id\":\"https:\\\/\\\/www.immobilienbusiness.ch\\\/#organization\",\"name\":\"IMMOBILIEN Business\",\"url\":\"https:\\\/\\\/www.immobilienbusiness.ch\\\/\",\"logo\":{\"@type\":\"ImageObject\",\"inLanguage\":\"it-IT\",\"@id\":\"https:\\\/\\\/www.immobilienbusiness.ch\\\/#\\\/schema\\\/logo\\\/image\\\/\",\"url\":\"https:\\\/\\\/www.immobilienbusiness.ch\\\/wp-content\\\/uploads\\\/2021\\\/07\\\/logo_ib.png\",\"contentUrl\":\"https:\\\/\\\/www.immobilienbusiness.ch\\\/wp-content\\\/uploads\\\/2021\\\/07\\\/logo_ib.png\",\"width\":800,\"height\":181,\"caption\":\"IMMOBILIEN Business\"},\"image\":{\"@id\":\"https:\\\/\\\/www.immobilienbusiness.ch\\\/#\\\/schema\\\/logo\\\/image\\\/\"},\"sameAs\":[\"https:\\\/\\\/www.facebook.com\\\/immobilienbusiness\\\/\"]},{\"@type\":\"Person\",\"@id\":\"https:\\\/\\\/www.immobilienbusiness.ch\\\/#\\\/schema\\\/person\\\/3fc036297b10b9f42d6db5ee932af8c8\",\"name\":\"anja.hall\",\"image\":{\"@type\":\"ImageObject\",\"inLanguage\":\"it-IT\",\"@id\":\"https:\\\/\\\/secure.gravatar.com\\\/avatar\\\/066b5a0d447013502c71a5782f4f3469f03cfe595cc2329fb94652fe47511bfb?s=96&d=mm&r=g\",\"url\":\"https:\\\/\\\/secure.gravatar.com\\\/avatar\\\/066b5a0d447013502c71a5782f4f3469f03cfe595cc2329fb94652fe47511bfb?s=96&d=mm&r=g\",\"contentUrl\":\"https:\\\/\\\/secure.gravatar.com\\\/avatar\\\/066b5a0d447013502c71a5782f4f3469f03cfe595cc2329fb94652fe47511bfb?s=96&d=mm&r=g\",\"caption\":\"anja.hall\"},\"url\":\"https:\\\/\\\/www.immobilienbusiness.ch\\\/it\\\/author\\\/anja-hall\\\/\"}]}<\/script>\n<!-- \/ Yoast SEO plugin. -->","yoast_head_json":{"title":"Z\u00fcrich: Hair & Skin mietet am Limmatquai - IMMOBILIEN Business","description":"Hair &amp; Skin, con sede a Winterthur, aprir\u00e0 una sede al Limmatquai 26. L'azienda sar\u00e0 il prossimo inquilino di TFG London.","robots":{"index":"index","follow":"follow","max-snippet":"max-snippet:-1","max-image-preview":"max-image-preview:large","max-video-preview":"max-video-preview:-1"},"canonical":"https:\/\/www.immobilienbusiness.ch\/it\/regionen\/2020-07-28\/zuerich-hair-skin-mietet-am-limmatquai\/","og_locale":"it_IT","og_type":"article","og_title":"Z\u00fcrich: Hair & Skin mietet am Limmatquai - IMMOBILIEN Business","og_description":"Das Winterthurer Unternehmen Hair & Skin wird am Limmatquai 26 einen Standort er\u00f6ffnen. Die Firma wird Nachmieter von TFG London.","og_url":"https:\/\/www.immobilienbusiness.ch\/it\/regionen\/2020-07-28\/zuerich-hair-skin-mietet-am-limmatquai\/","og_site_name":"IMMOBILIEN Business","article_publisher":"https:\/\/www.facebook.com\/immobilienbusiness\/","article_published_time":"2020-07-28T06:25:44+00:00","og_image":[{"width":1275,"height":849,"url":"https:\/\/www.immobilienbusiness.ch\/wp-content\/uploads\/2020\/07\/MM_SPG-IC_Limmatquai-Zuerich1.jpg","type":"image\/jpeg"}],"author":"anja.hall","twitter_card":"summary_large_image","twitter_image":"https:\/\/www.immobilienbusiness.ch\/wp-content\/uploads\/2020\/07\/MM_SPG-IC_Limmatquai-Zuerich1.jpg","schema":{"@context":"https:\/\/schema.org","@graph":[{"@type":"Article","@id":"https:\/\/www.immobilienbusiness.ch\/en\/regionen\/2020-07-28\/zuerich-hair-skin-mietet-am-limmatquai\/#article","isPartOf":{"@id":"https:\/\/www.immobilienbusiness.ch\/en\/regionen\/2020-07-28\/zuerich-hair-skin-mietet-am-limmatquai\/"},"author":{"name":"anja.hall","@id":"https:\/\/www.immobilienbusiness.ch\/#\/schema\/person\/3fc036297b10b9f42d6db5ee932af8c8"},"headline":"Z\u00fcrich: Hair &#038; Skin mietet am Limmatquai","datePublished":"2020-07-28T06:25:44+00:00","mainEntityOfPage":{"@id":"https:\/\/www.immobilienbusiness.ch\/en\/regionen\/2020-07-28\/zuerich-hair-skin-mietet-am-limmatquai\/"},"wordCount":185,"publisher":{"@id":"https:\/\/www.immobilienbusiness.ch\/#organization"},"image":{"@id":"https:\/\/www.immobilienbusiness.ch\/en\/regionen\/2020-07-28\/zuerich-hair-skin-mietet-am-limmatquai\/#primaryimage"},"thumbnailUrl":"https:\/\/www.immobilienbusiness.ch\/wp-content\/uploads\/2020\/07\/MM_SPG-IC_Limmatquai-Zuerich1.jpg","keywords":["Retailfl\u00e4chen","SPG Intercity","Vermietung","Z\u00fcrich"],"articleSection":["REGIONEN"],"inLanguage":"it-IT"},{"@type":"WebPage","@id":"https:\/\/www.immobilienbusiness.ch\/en\/regionen\/2020-07-28\/zuerich-hair-skin-mietet-am-limmatquai\/","url":"https:\/\/www.immobilienbusiness.ch\/en\/regionen\/2020-07-28\/zuerich-hair-skin-mietet-am-limmatquai\/","name":"Z\u00fcrich: Hair & Skin mietet am Limmatquai - IMMOBILIEN Business","isPartOf":{"@id":"https:\/\/www.immobilienbusiness.ch\/#website"},"primaryImageOfPage":{"@id":"https:\/\/www.immobilienbusiness.ch\/en\/regionen\/2020-07-28\/zuerich-hair-skin-mietet-am-limmatquai\/#primaryimage"},"image":{"@id":"https:\/\/www.immobilienbusiness.ch\/en\/regionen\/2020-07-28\/zuerich-hair-skin-mietet-am-limmatquai\/#primaryimage"},"thumbnailUrl":"https:\/\/www.immobilienbusiness.ch\/wp-content\/uploads\/2020\/07\/MM_SPG-IC_Limmatquai-Zuerich1.jpg","datePublished":"2020-07-28T06:25:44+00:00","description":"Hair &amp; Skin, con sede a Winterthur, aprir\u00e0 una sede al Limmatquai 26. L'azienda sar\u00e0 il prossimo inquilino di TFG London.","breadcrumb":{"@id":"https:\/\/www.immobilienbusiness.ch\/en\/regionen\/2020-07-28\/zuerich-hair-skin-mietet-am-limmatquai\/#breadcrumb"},"inLanguage":"it-IT","potentialAction":[{"@type":"ReadAction","target":["https:\/\/www.immobilienbusiness.ch\/en\/regionen\/2020-07-28\/zuerich-hair-skin-mietet-am-limmatquai\/"]}]},{"@type":"ImageObject","inLanguage":"it-IT","@id":"https:\/\/www.immobilienbusiness.ch\/en\/regionen\/2020-07-28\/zuerich-hair-skin-mietet-am-limmatquai\/#primaryimage","url":"https:\/\/www.immobilienbusiness.ch\/wp-content\/uploads\/2020\/07\/MM_SPG-IC_Limmatquai-Zuerich1.jpg","contentUrl":"https:\/\/www.immobilienbusiness.ch\/wp-content\/uploads\/2020\/07\/MM_SPG-IC_Limmatquai-Zuerich1.jpg","width":1275,"height":849,"caption":"Hair & Skin er\u00f6ffnet einen Standort am Limmatquai (Bild: SPG Intercity Zurich)"},{"@type":"BreadcrumbList","@id":"https:\/\/www.immobilienbusiness.ch\/en\/regionen\/2020-07-28\/zuerich-hair-skin-mietet-am-limmatquai\/#breadcrumb","itemListElement":[{"@type":"ListItem","position":1,"name":"Home","item":"https:\/\/www.immobilienbusiness.ch\/"},{"@type":"ListItem","position":2,"name":"Z\u00fcrich: Hair &#038; Skin mietet am Limmatquai"}]},{"@type":"WebSite","@id":"https:\/\/www.immobilienbusiness.ch\/#website","url":"https:\/\/www.immobilienbusiness.ch\/","name":"Affari immobiliari","description":"Rivista economica indipendente svizzera che si concentra sul settore immobiliare, l'architettura e la costruzione, nonch\u00e9 sugli investimenti e i finanziamenti.","publisher":{"@id":"https:\/\/www.immobilienbusiness.ch\/#organization"},"potentialAction":[{"@type":"SearchAction","target":{"@type":"EntryPoint","urlTemplate":"https:\/\/www.immobilienbusiness.ch\/?s={search_term_string}"},"query-input":{"@type":"PropertyValueSpecification","valueRequired":true,"valueName":"search_term_string"}}],"inLanguage":"it-IT"},{"@type":"Organization","@id":"https:\/\/www.immobilienbusiness.ch\/#organization","name":"Affari immobiliari","url":"https:\/\/www.immobilienbusiness.ch\/","logo":{"@type":"ImageObject","inLanguage":"it-IT","@id":"https:\/\/www.immobilienbusiness.ch\/#\/schema\/logo\/image\/","url":"https:\/\/www.immobilienbusiness.ch\/wp-content\/uploads\/2021\/07\/logo_ib.png","contentUrl":"https:\/\/www.immobilienbusiness.ch\/wp-content\/uploads\/2021\/07\/logo_ib.png","width":800,"height":181,"caption":"IMMOBILIEN Business"},"image":{"@id":"https:\/\/www.immobilienbusiness.ch\/#\/schema\/logo\/image\/"},"sameAs":["https:\/\/www.facebook.com\/immobilienbusiness\/"]},{"@type":"Person","@id":"https:\/\/www.immobilienbusiness.ch\/#\/schema\/person\/3fc036297b10b9f42d6db5ee932af8c8","name":"anja.hall","image":{"@type":"ImageObject","inLanguage":"it-IT","@id":"https:\/\/secure.gravatar.com\/avatar\/066b5a0d447013502c71a5782f4f3469f03cfe595cc2329fb94652fe47511bfb?s=96&d=mm&r=g","url":"https:\/\/secure.gravatar.com\/avatar\/066b5a0d447013502c71a5782f4f3469f03cfe595cc2329fb94652fe47511bfb?s=96&d=mm&r=g","contentUrl":"https:\/\/secure.gravatar.com\/avatar\/066b5a0d447013502c71a5782f4f3469f03cfe595cc2329fb94652fe47511bfb?s=96&d=mm&r=g","caption":"anja.hall"},"url":"https:\/\/www.immobilienbusiness.ch\/it\/author\/anja-hall\/"}]}},"_links":{"self":[{"href":"https:\/\/www.immobilienbusiness.ch\/it\/wp-json\/wp\/v2\/posts\/21974","targetHints":{"allow":["GET"]}}],"collection":[{"href":"https:\/\/www.immobilienbusiness.ch\/it\/wp-json\/wp\/v2\/posts"}],"about":[{"href":"https:\/\/www.immobilienbusiness.ch\/it\/wp-json\/wp\/v2\/types\/post"}],"author":[{"embeddable":true,"href":"https:\/\/www.immobilienbusiness.ch\/it\/wp-json\/wp\/v2\/users\/3"}],"replies":[{"embeddable":true,"href":"https:\/\/www.immobilienbusiness.ch\/it\/wp-json\/wp\/v2\/comments?post=21974"}],"version-history":[{"count":0,"href":"https:\/\/www.immobilienbusiness.ch\/it\/wp-json\/wp\/v2\/posts\/21974\/revisions"}],"wp:featuredmedia":[{"embeddable":true,"href":"https:\/\/www.immobilienbusiness.ch\/it\/wp-json\/wp\/v2\/media\/21975"}],"wp:attachment":[{"href":"https:\/\/www.immobilienbusiness.ch\/it\/wp-json\/wp\/v2\/media?parent=21974"}],"wp:term":[{"taxonomy":"category","embeddable":true,"href":"https:\/\/www.immobilienbusiness.ch\/it\/wp-json\/wp\/v2\/categories?post=21974"},{"taxonomy":"post_tag","embeddable":true,"href":"https:\/\/www.immobilienbusiness.ch\/it\/wp-json\/wp\/v2\/tags?post=21974"}],"curies":[{"name":"wp","href":"https:\/\/api.w.org\/{rel}","templated":true}]}}