{"id":21718,"date":"2020-07-02T08:38:56","date_gmt":"2020-07-02T06:38:56","guid":{"rendered":"https:\/\/www.immobilienbusiness.ch\/?p=21718"},"modified":"2020-07-02T08:38:56","modified_gmt":"2020-07-02T06:38:56","slug":"winterthur-schluesseluebergabe-fuer-haus-adeline-favre","status":"publish","type":"post","link":"https:\/\/www.immobilienbusiness.ch\/it\/regionen\/2020-07-02\/winterthur-schluesseluebergabe-fuer-haus-adeline-favre\/","title":{"rendered":"Winterthur: consegna delle chiavi della casa Adeline Favre"},"content":{"rendered":"<p>&nbsp;<\/p>\n<figure id=\"attachment_21719\" aria-describedby=\"caption-attachment-21719\" style=\"width: 680px\" class=\"wp-caption alignnone\"><img loading=\"lazy\" decoding=\"async\" class=\"wp-image-21719 size-medium\" src=\"https:\/\/www.immobilienbusiness.ch\/wp-content\/uploads\/2020\/07\/20200630_HAF_Uebergabe_Event_Aussen.jpg\" alt=\"\" width=\"680\" height=\"453\" srcset=\"https:\/\/www.immobilienbusiness.ch\/wp-content\/uploads\/2020\/07\/20200630_HAF_Uebergabe_Event_Aussen.jpg 2046w, https:\/\/www.immobilienbusiness.ch\/wp-content\/uploads\/2020\/07\/20200630_HAF_Uebergabe_Event_Aussen-300x200.jpg 300w, https:\/\/www.immobilienbusiness.ch\/wp-content\/uploads\/2020\/07\/20200630_HAF_Uebergabe_Event_Aussen-1024x683.jpg 1024w, https:\/\/www.immobilienbusiness.ch\/wp-content\/uploads\/2020\/07\/20200630_HAF_Uebergabe_Event_Aussen-768x512.jpg 768w, https:\/\/www.immobilienbusiness.ch\/wp-content\/uploads\/2020\/07\/20200630_HAF_Uebergabe_Event_Aussen-1536x1024.jpg 1536w, https:\/\/www.immobilienbusiness.ch\/wp-content\/uploads\/2020\/07\/20200630_HAF_Uebergabe_Event_Aussen-16x12.jpg 16w, https:\/\/www.immobilienbusiness.ch\/wp-content\/uploads\/2020\/07\/20200630_HAF_Uebergabe_Event_Aussen-263x175.jpg 263w, https:\/\/www.immobilienbusiness.ch\/wp-content\/uploads\/2020\/07\/20200630_HAF_Uebergabe_Event_Aussen-525x350.jpg 525w, https:\/\/www.immobilienbusiness.ch\/wp-content\/uploads\/2020\/07\/20200630_HAF_Uebergabe_Event_Aussen-1200x800.jpg 1200w, https:\/\/www.immobilienbusiness.ch\/wp-content\/uploads\/2020\/07\/20200630_HAF_Uebergabe_Event_Aussen-920x613.jpg 920w, https:\/\/www.immobilienbusiness.ch\/wp-content\/uploads\/2020\/07\/20200630_HAF_Uebergabe_Event_Aussen-1400x933.jpg 1400w\" sizes=\"auto, (max-width: 680px) 100vw, 680px\" \/><figcaption id=\"caption-attachment-21719\" class=\"wp-caption-text\">La casa di Adeline Favre a Winterthur, appena completata (Immagine: Implenia)<\/figcaption><\/figure>\n<p>Pietra miliare per la Casa Adeline Favre di Winterthur, il nuovo campus del Dipartimento di Sanit\u00e0 della ZHAW: alla fine di giugno Impleni, in qualit\u00e0 di committente e appaltatore generale, ha consegnato al proprietario Siska Immobilien AG il nuovo edificio, situato nelle immediate vicinanze della biblioteca universitaria. \"Desideriamo ringraziare tutti coloro che sono stati coinvolti nel progetto e che, con il loro grande impegno e i loro instancabili sforzi, hanno contribuito a trasformare questo impegnativo sviluppo immobiliare ad uso universitario nel nuovo campus del Dipartimento della Salute della ZHAW nel corso di un progetto durato quasi dieci anni\", ha dichiarato Adrian Wyss, Head Division Development di Implenia.<\/p>\n<p>Dal 1\u00b0 luglio, l'Universit\u00e0 di Scienze Applicate di Zurigo ZHAW \u00e8 pronta a trasferirsi nell'edificio di Katharina-Sulzer-Platz, intitolato all'ostetrica vallesana Adeline Favre, che rimarr\u00e0 chiuso al pubblico fino alla fine di luglio 2020. La ZHAW aprir\u00e0 in agosto il pi\u00f9 grande centro di formazione e ricerca della Svizzera per la fisioterapia, l'ostetricia e l'infermieristica.<\/p>\n<p>Secondo i progetti dello studio Pool Architekten di Zurigo, l'intera area del sito \u00e8 stata edificata; il programma delle stanze, con sei piani fuori terra e due interrati, comprende aule per l'insegnamento e la pratica, uffici per il personale, un ambulatorio e un centro di simulazione, oltre a una caffetteria. Gli architetti hanno disposto le stanze intorno a un cortile interno in un anello compatto di strati. I volumi sfalsati trasformano l'area interna in una scultura spaziale che si estende sotto il tetto di vetro onnicomprensivo. Il carattere industriale originale, compresa la pista per le gru, \u00e8 stato mantenuto, la facciata in mattoni \u00e8 stata ricostruita e le nuove finestre formano un'unit\u00e0 visiva con le finestre dell'ex fonderia.<\/p>\n<p>Il nuovo edificio, costruito secondo lo standard Minergie e dotato di 19.200 metri quadrati di superficie affittabile, \u00e8 progettato per ospitare in futuro pi\u00f9 di 2.000 studenti e circa 300 dipendenti. Il 26 settembre 2020 si terr\u00e0 una giornata di porte aperte; la cerimonia di inaugurazione ufficiale \u00e8 prevista per il 28 agosto 2020. <em>(bw)<\/em><\/p>","protected":false},"excerpt":{"rendered":"<p>All'inizio di luglio, la Casa Adeline Favre di Winterthur, il nuovo campus del Dipartimento della Salute della ZHAW, \u00e8 stata consegnata al proprietario Siska Immobilien AG nei tempi previsti. <\/p>","protected":false},"author":3,"featured_media":21719,"comment_status":"closed","ping_status":"open","sticky":false,"template":"","format":"standard","meta":{"_acf_changed":false,"_yoast_wpseo_focuskw":"Winterthur","_yoast_wpseo_title":"","_yoast_wpseo_metadesc":"Anfang Juli wurde in Winterthur das Haus Adeline Favre, der neue Campus des ZHAW Departements Gesundheit, an die Eigent\u00fcmerin Siska Immobilien AG \u00fcbergeben.","_yoast_wpseo_linkdex":61,"pgc_sgb_lightbox_settings":"","footnotes":""},"categories":[985],"tags":[1219,1359,1858],"class_list":["post-21718","post","type-post","status-publish","format-standard","has-post-thumbnail","hentry","category-regionen","tag-fertigstellung","tag-implenia","tag-winterthur"],"acf":[],"yoast_head":"<!-- This site is optimized with the Yoast SEO plugin v27.4 - https:\/\/yoast.com\/product\/yoast-seo-wordpress\/ -->\n<title>Winterthur: Schl\u00fcssel\u00fcbergabe f\u00fcr Haus Adeline Favre - IMMOBILIEN Business<\/title>\n<meta name=\"description\" content=\"Anfang Juli wurde in Winterthur das Haus Adeline Favre, der neue Campus des ZHAW Departements Gesundheit, an die Eigent\u00fcmerin Siska Immobilien AG \u00fcbergeben.\" \/>\n<meta name=\"robots\" content=\"index, follow, max-snippet:-1, max-image-preview:large, max-video-preview:-1\" \/>\n<link rel=\"canonical\" href=\"https:\/\/www.immobilienbusiness.ch\/it\/regionen\/2020-07-02\/winterthur-schluesseluebergabe-fuer-haus-adeline-favre\/\" \/>\n<meta property=\"og:locale\" content=\"it_IT\" \/>\n<meta property=\"og:type\" content=\"article\" \/>\n<meta property=\"og:title\" content=\"Winterthur: Schl\u00fcssel\u00fcbergabe f\u00fcr Haus Adeline Favre - IMMOBILIEN Business\" \/>\n<meta property=\"og:description\" content=\"Anfang Juli wurde in Winterthur das Haus Adeline Favre, der neue Campus des ZHAW Departements Gesundheit, an die Eigent\u00fcmerin Siska Immobilien AG \u00fcbergeben.\" \/>\n<meta property=\"og:url\" content=\"https:\/\/www.immobilienbusiness.ch\/it\/regionen\/2020-07-02\/winterthur-schluesseluebergabe-fuer-haus-adeline-favre\/\" \/>\n<meta property=\"og:site_name\" content=\"IMMOBILIEN Business\" \/>\n<meta property=\"article:publisher\" content=\"https:\/\/www.facebook.com\/immobilienbusiness\/\" \/>\n<meta property=\"article:published_time\" content=\"2020-07-02T06:38:56+00:00\" \/>\n<meta property=\"og:image\" content=\"https:\/\/www.immobilienbusiness.ch\/wp-content\/uploads\/2020\/07\/20200630_HAF_Uebergabe_Event_Aussen.jpg\" \/>\n\t<meta property=\"og:image:width\" content=\"2046\" \/>\n\t<meta property=\"og:image:height\" content=\"1364\" \/>\n\t<meta property=\"og:image:type\" content=\"image\/jpeg\" \/>\n<meta name=\"author\" content=\"anja.hall\" \/>\n<meta name=\"twitter:card\" content=\"summary_large_image\" \/>\n<meta name=\"twitter:image\" content=\"https:\/\/www.immobilienbusiness.ch\/wp-content\/uploads\/2020\/07\/20200630_HAF_Uebergabe_Event_Aussen.jpg\" \/>\n<script type=\"application\/ld+json\" class=\"yoast-schema-graph\">{\"@context\":\"https:\\\/\\\/schema.org\",\"@graph\":[{\"@type\":\"Article\",\"@id\":\"https:\\\/\\\/www.immobilienbusiness.ch\\\/en\\\/regionen\\\/2020-07-02\\\/winterthur-schluesseluebergabe-fuer-haus-adeline-favre\\\/#article\",\"isPartOf\":{\"@id\":\"https:\\\/\\\/www.immobilienbusiness.ch\\\/en\\\/regionen\\\/2020-07-02\\\/winterthur-schluesseluebergabe-fuer-haus-adeline-favre\\\/\"},\"author\":{\"name\":\"anja.hall\",\"@id\":\"https:\\\/\\\/www.immobilienbusiness.ch\\\/#\\\/schema\\\/person\\\/3fc036297b10b9f42d6db5ee932af8c8\"},\"headline\":\"Winterthur: Schl\u00fcssel\u00fcbergabe f\u00fcr Haus Adeline Favre\",\"datePublished\":\"2020-07-02T06:38:56+00:00\",\"mainEntityOfPage\":{\"@id\":\"https:\\\/\\\/www.immobilienbusiness.ch\\\/en\\\/regionen\\\/2020-07-02\\\/winterthur-schluesseluebergabe-fuer-haus-adeline-favre\\\/\"},\"wordCount\":318,\"publisher\":{\"@id\":\"https:\\\/\\\/www.immobilienbusiness.ch\\\/#organization\"},\"image\":{\"@id\":\"https:\\\/\\\/www.immobilienbusiness.ch\\\/en\\\/regionen\\\/2020-07-02\\\/winterthur-schluesseluebergabe-fuer-haus-adeline-favre\\\/#primaryimage\"},\"thumbnailUrl\":\"https:\\\/\\\/www.immobilienbusiness.ch\\\/wp-content\\\/uploads\\\/2020\\\/07\\\/20200630_HAF_Uebergabe_Event_Aussen.jpg\",\"keywords\":[\"Fertigstellung\",\"Implenia\",\"Winterthur\"],\"articleSection\":[\"REGIONEN\"],\"inLanguage\":\"it-IT\"},{\"@type\":\"WebPage\",\"@id\":\"https:\\\/\\\/www.immobilienbusiness.ch\\\/en\\\/regionen\\\/2020-07-02\\\/winterthur-schluesseluebergabe-fuer-haus-adeline-favre\\\/\",\"url\":\"https:\\\/\\\/www.immobilienbusiness.ch\\\/en\\\/regionen\\\/2020-07-02\\\/winterthur-schluesseluebergabe-fuer-haus-adeline-favre\\\/\",\"name\":\"Winterthur: Schl\u00fcssel\u00fcbergabe f\u00fcr Haus Adeline Favre - IMMOBILIEN Business\",\"isPartOf\":{\"@id\":\"https:\\\/\\\/www.immobilienbusiness.ch\\\/#website\"},\"primaryImageOfPage\":{\"@id\":\"https:\\\/\\\/www.immobilienbusiness.ch\\\/en\\\/regionen\\\/2020-07-02\\\/winterthur-schluesseluebergabe-fuer-haus-adeline-favre\\\/#primaryimage\"},\"image\":{\"@id\":\"https:\\\/\\\/www.immobilienbusiness.ch\\\/en\\\/regionen\\\/2020-07-02\\\/winterthur-schluesseluebergabe-fuer-haus-adeline-favre\\\/#primaryimage\"},\"thumbnailUrl\":\"https:\\\/\\\/www.immobilienbusiness.ch\\\/wp-content\\\/uploads\\\/2020\\\/07\\\/20200630_HAF_Uebergabe_Event_Aussen.jpg\",\"datePublished\":\"2020-07-02T06:38:56+00:00\",\"description\":\"Anfang Juli wurde in Winterthur das Haus Adeline Favre, der neue Campus des ZHAW Departements Gesundheit, an die Eigent\u00fcmerin Siska Immobilien AG \u00fcbergeben.\",\"breadcrumb\":{\"@id\":\"https:\\\/\\\/www.immobilienbusiness.ch\\\/en\\\/regionen\\\/2020-07-02\\\/winterthur-schluesseluebergabe-fuer-haus-adeline-favre\\\/#breadcrumb\"},\"inLanguage\":\"it-IT\",\"potentialAction\":[{\"@type\":\"ReadAction\",\"target\":[\"https:\\\/\\\/www.immobilienbusiness.ch\\\/en\\\/regionen\\\/2020-07-02\\\/winterthur-schluesseluebergabe-fuer-haus-adeline-favre\\\/\"]}]},{\"@type\":\"ImageObject\",\"inLanguage\":\"it-IT\",\"@id\":\"https:\\\/\\\/www.immobilienbusiness.ch\\\/en\\\/regionen\\\/2020-07-02\\\/winterthur-schluesseluebergabe-fuer-haus-adeline-favre\\\/#primaryimage\",\"url\":\"https:\\\/\\\/www.immobilienbusiness.ch\\\/wp-content\\\/uploads\\\/2020\\\/07\\\/20200630_HAF_Uebergabe_Event_Aussen.jpg\",\"contentUrl\":\"https:\\\/\\\/www.immobilienbusiness.ch\\\/wp-content\\\/uploads\\\/2020\\\/07\\\/20200630_HAF_Uebergabe_Event_Aussen.jpg\",\"width\":2046,\"height\":1364},{\"@type\":\"BreadcrumbList\",\"@id\":\"https:\\\/\\\/www.immobilienbusiness.ch\\\/en\\\/regionen\\\/2020-07-02\\\/winterthur-schluesseluebergabe-fuer-haus-adeline-favre\\\/#breadcrumb\",\"itemListElement\":[{\"@type\":\"ListItem\",\"position\":1,\"name\":\"Home\",\"item\":\"https:\\\/\\\/www.immobilienbusiness.ch\\\/\"},{\"@type\":\"ListItem\",\"position\":2,\"name\":\"Winterthur: Schl\u00fcssel\u00fcbergabe f\u00fcr Haus Adeline Favre\"}]},{\"@type\":\"WebSite\",\"@id\":\"https:\\\/\\\/www.immobilienbusiness.ch\\\/#website\",\"url\":\"https:\\\/\\\/www.immobilienbusiness.ch\\\/\",\"name\":\"IMMOBILIEN Business\",\"description\":\"Unabh\u00e4ngiges Schweizer Wirtschaftsmagazin mit Fokus auf Immobilien, Architektur- und Bau sowie Investment- und Finanzierung.\",\"publisher\":{\"@id\":\"https:\\\/\\\/www.immobilienbusiness.ch\\\/#organization\"},\"potentialAction\":[{\"@type\":\"SearchAction\",\"target\":{\"@type\":\"EntryPoint\",\"urlTemplate\":\"https:\\\/\\\/www.immobilienbusiness.ch\\\/?s={search_term_string}\"},\"query-input\":{\"@type\":\"PropertyValueSpecification\",\"valueRequired\":true,\"valueName\":\"search_term_string\"}}],\"inLanguage\":\"it-IT\"},{\"@type\":\"Organization\",\"@id\":\"https:\\\/\\\/www.immobilienbusiness.ch\\\/#organization\",\"name\":\"IMMOBILIEN Business\",\"url\":\"https:\\\/\\\/www.immobilienbusiness.ch\\\/\",\"logo\":{\"@type\":\"ImageObject\",\"inLanguage\":\"it-IT\",\"@id\":\"https:\\\/\\\/www.immobilienbusiness.ch\\\/#\\\/schema\\\/logo\\\/image\\\/\",\"url\":\"https:\\\/\\\/www.immobilienbusiness.ch\\\/wp-content\\\/uploads\\\/2021\\\/07\\\/logo_ib.png\",\"contentUrl\":\"https:\\\/\\\/www.immobilienbusiness.ch\\\/wp-content\\\/uploads\\\/2021\\\/07\\\/logo_ib.png\",\"width\":800,\"height\":181,\"caption\":\"IMMOBILIEN Business\"},\"image\":{\"@id\":\"https:\\\/\\\/www.immobilienbusiness.ch\\\/#\\\/schema\\\/logo\\\/image\\\/\"},\"sameAs\":[\"https:\\\/\\\/www.facebook.com\\\/immobilienbusiness\\\/\"]},{\"@type\":\"Person\",\"@id\":\"https:\\\/\\\/www.immobilienbusiness.ch\\\/#\\\/schema\\\/person\\\/3fc036297b10b9f42d6db5ee932af8c8\",\"name\":\"anja.hall\",\"image\":{\"@type\":\"ImageObject\",\"inLanguage\":\"it-IT\",\"@id\":\"https:\\\/\\\/secure.gravatar.com\\\/avatar\\\/066b5a0d447013502c71a5782f4f3469f03cfe595cc2329fb94652fe47511bfb?s=96&d=mm&r=g\",\"url\":\"https:\\\/\\\/secure.gravatar.com\\\/avatar\\\/066b5a0d447013502c71a5782f4f3469f03cfe595cc2329fb94652fe47511bfb?s=96&d=mm&r=g\",\"contentUrl\":\"https:\\\/\\\/secure.gravatar.com\\\/avatar\\\/066b5a0d447013502c71a5782f4f3469f03cfe595cc2329fb94652fe47511bfb?s=96&d=mm&r=g\",\"caption\":\"anja.hall\"},\"url\":\"https:\\\/\\\/www.immobilienbusiness.ch\\\/it\\\/author\\\/anja-hall\\\/\"}]}<\/script>\n<!-- \/ Yoast SEO plugin. -->","yoast_head_json":{"title":"Winterthur: Schl\u00fcssel\u00fcbergabe f\u00fcr Haus Adeline Favre - IMMOBILIEN Business","description":"Anfang Juli wurde in Winterthur das Haus Adeline Favre, der neue Campus des ZHAW Departements Gesundheit, an die Eigent\u00fcmerin Siska Immobilien AG \u00fcbergeben.","robots":{"index":"index","follow":"follow","max-snippet":"max-snippet:-1","max-image-preview":"max-image-preview:large","max-video-preview":"max-video-preview:-1"},"canonical":"https:\/\/www.immobilienbusiness.ch\/it\/regionen\/2020-07-02\/winterthur-schluesseluebergabe-fuer-haus-adeline-favre\/","og_locale":"it_IT","og_type":"article","og_title":"Winterthur: Schl\u00fcssel\u00fcbergabe f\u00fcr Haus Adeline Favre - IMMOBILIEN Business","og_description":"Anfang Juli wurde in Winterthur das Haus Adeline Favre, der neue Campus des ZHAW Departements Gesundheit, an die Eigent\u00fcmerin Siska Immobilien AG \u00fcbergeben.","og_url":"https:\/\/www.immobilienbusiness.ch\/it\/regionen\/2020-07-02\/winterthur-schluesseluebergabe-fuer-haus-adeline-favre\/","og_site_name":"IMMOBILIEN Business","article_publisher":"https:\/\/www.facebook.com\/immobilienbusiness\/","article_published_time":"2020-07-02T06:38:56+00:00","og_image":[{"width":2046,"height":1364,"url":"https:\/\/www.immobilienbusiness.ch\/wp-content\/uploads\/2020\/07\/20200630_HAF_Uebergabe_Event_Aussen.jpg","type":"image\/jpeg"}],"author":"anja.hall","twitter_card":"summary_large_image","twitter_image":"https:\/\/www.immobilienbusiness.ch\/wp-content\/uploads\/2020\/07\/20200630_HAF_Uebergabe_Event_Aussen.jpg","schema":{"@context":"https:\/\/schema.org","@graph":[{"@type":"Article","@id":"https:\/\/www.immobilienbusiness.ch\/en\/regionen\/2020-07-02\/winterthur-schluesseluebergabe-fuer-haus-adeline-favre\/#article","isPartOf":{"@id":"https:\/\/www.immobilienbusiness.ch\/en\/regionen\/2020-07-02\/winterthur-schluesseluebergabe-fuer-haus-adeline-favre\/"},"author":{"name":"anja.hall","@id":"https:\/\/www.immobilienbusiness.ch\/#\/schema\/person\/3fc036297b10b9f42d6db5ee932af8c8"},"headline":"Winterthur: Schl\u00fcssel\u00fcbergabe f\u00fcr Haus Adeline Favre","datePublished":"2020-07-02T06:38:56+00:00","mainEntityOfPage":{"@id":"https:\/\/www.immobilienbusiness.ch\/en\/regionen\/2020-07-02\/winterthur-schluesseluebergabe-fuer-haus-adeline-favre\/"},"wordCount":318,"publisher":{"@id":"https:\/\/www.immobilienbusiness.ch\/#organization"},"image":{"@id":"https:\/\/www.immobilienbusiness.ch\/en\/regionen\/2020-07-02\/winterthur-schluesseluebergabe-fuer-haus-adeline-favre\/#primaryimage"},"thumbnailUrl":"https:\/\/www.immobilienbusiness.ch\/wp-content\/uploads\/2020\/07\/20200630_HAF_Uebergabe_Event_Aussen.jpg","keywords":["Fertigstellung","Implenia","Winterthur"],"articleSection":["REGIONEN"],"inLanguage":"it-IT"},{"@type":"WebPage","@id":"https:\/\/www.immobilienbusiness.ch\/en\/regionen\/2020-07-02\/winterthur-schluesseluebergabe-fuer-haus-adeline-favre\/","url":"https:\/\/www.immobilienbusiness.ch\/en\/regionen\/2020-07-02\/winterthur-schluesseluebergabe-fuer-haus-adeline-favre\/","name":"Winterthur: Schl\u00fcssel\u00fcbergabe f\u00fcr Haus Adeline Favre - IMMOBILIEN Business","isPartOf":{"@id":"https:\/\/www.immobilienbusiness.ch\/#website"},"primaryImageOfPage":{"@id":"https:\/\/www.immobilienbusiness.ch\/en\/regionen\/2020-07-02\/winterthur-schluesseluebergabe-fuer-haus-adeline-favre\/#primaryimage"},"image":{"@id":"https:\/\/www.immobilienbusiness.ch\/en\/regionen\/2020-07-02\/winterthur-schluesseluebergabe-fuer-haus-adeline-favre\/#primaryimage"},"thumbnailUrl":"https:\/\/www.immobilienbusiness.ch\/wp-content\/uploads\/2020\/07\/20200630_HAF_Uebergabe_Event_Aussen.jpg","datePublished":"2020-07-02T06:38:56+00:00","description":"Anfang Juli wurde in Winterthur das Haus Adeline Favre, der neue Campus des ZHAW Departements Gesundheit, an die Eigent\u00fcmerin Siska Immobilien AG \u00fcbergeben.","breadcrumb":{"@id":"https:\/\/www.immobilienbusiness.ch\/en\/regionen\/2020-07-02\/winterthur-schluesseluebergabe-fuer-haus-adeline-favre\/#breadcrumb"},"inLanguage":"it-IT","potentialAction":[{"@type":"ReadAction","target":["https:\/\/www.immobilienbusiness.ch\/en\/regionen\/2020-07-02\/winterthur-schluesseluebergabe-fuer-haus-adeline-favre\/"]}]},{"@type":"ImageObject","inLanguage":"it-IT","@id":"https:\/\/www.immobilienbusiness.ch\/en\/regionen\/2020-07-02\/winterthur-schluesseluebergabe-fuer-haus-adeline-favre\/#primaryimage","url":"https:\/\/www.immobilienbusiness.ch\/wp-content\/uploads\/2020\/07\/20200630_HAF_Uebergabe_Event_Aussen.jpg","contentUrl":"https:\/\/www.immobilienbusiness.ch\/wp-content\/uploads\/2020\/07\/20200630_HAF_Uebergabe_Event_Aussen.jpg","width":2046,"height":1364},{"@type":"BreadcrumbList","@id":"https:\/\/www.immobilienbusiness.ch\/en\/regionen\/2020-07-02\/winterthur-schluesseluebergabe-fuer-haus-adeline-favre\/#breadcrumb","itemListElement":[{"@type":"ListItem","position":1,"name":"Home","item":"https:\/\/www.immobilienbusiness.ch\/"},{"@type":"ListItem","position":2,"name":"Winterthur: Schl\u00fcssel\u00fcbergabe f\u00fcr Haus Adeline Favre"}]},{"@type":"WebSite","@id":"https:\/\/www.immobilienbusiness.ch\/#website","url":"https:\/\/www.immobilienbusiness.ch\/","name":"Affari immobiliari","description":"Rivista economica indipendente svizzera che si concentra sul settore immobiliare, l'architettura e la costruzione, nonch\u00e9 sugli investimenti e i finanziamenti.","publisher":{"@id":"https:\/\/www.immobilienbusiness.ch\/#organization"},"potentialAction":[{"@type":"SearchAction","target":{"@type":"EntryPoint","urlTemplate":"https:\/\/www.immobilienbusiness.ch\/?s={search_term_string}"},"query-input":{"@type":"PropertyValueSpecification","valueRequired":true,"valueName":"search_term_string"}}],"inLanguage":"it-IT"},{"@type":"Organization","@id":"https:\/\/www.immobilienbusiness.ch\/#organization","name":"Affari immobiliari","url":"https:\/\/www.immobilienbusiness.ch\/","logo":{"@type":"ImageObject","inLanguage":"it-IT","@id":"https:\/\/www.immobilienbusiness.ch\/#\/schema\/logo\/image\/","url":"https:\/\/www.immobilienbusiness.ch\/wp-content\/uploads\/2021\/07\/logo_ib.png","contentUrl":"https:\/\/www.immobilienbusiness.ch\/wp-content\/uploads\/2021\/07\/logo_ib.png","width":800,"height":181,"caption":"IMMOBILIEN Business"},"image":{"@id":"https:\/\/www.immobilienbusiness.ch\/#\/schema\/logo\/image\/"},"sameAs":["https:\/\/www.facebook.com\/immobilienbusiness\/"]},{"@type":"Person","@id":"https:\/\/www.immobilienbusiness.ch\/#\/schema\/person\/3fc036297b10b9f42d6db5ee932af8c8","name":"anja.hall","image":{"@type":"ImageObject","inLanguage":"it-IT","@id":"https:\/\/secure.gravatar.com\/avatar\/066b5a0d447013502c71a5782f4f3469f03cfe595cc2329fb94652fe47511bfb?s=96&d=mm&r=g","url":"https:\/\/secure.gravatar.com\/avatar\/066b5a0d447013502c71a5782f4f3469f03cfe595cc2329fb94652fe47511bfb?s=96&d=mm&r=g","contentUrl":"https:\/\/secure.gravatar.com\/avatar\/066b5a0d447013502c71a5782f4f3469f03cfe595cc2329fb94652fe47511bfb?s=96&d=mm&r=g","caption":"anja.hall"},"url":"https:\/\/www.immobilienbusiness.ch\/it\/author\/anja-hall\/"}]}},"_links":{"self":[{"href":"https:\/\/www.immobilienbusiness.ch\/it\/wp-json\/wp\/v2\/posts\/21718","targetHints":{"allow":["GET"]}}],"collection":[{"href":"https:\/\/www.immobilienbusiness.ch\/it\/wp-json\/wp\/v2\/posts"}],"about":[{"href":"https:\/\/www.immobilienbusiness.ch\/it\/wp-json\/wp\/v2\/types\/post"}],"author":[{"embeddable":true,"href":"https:\/\/www.immobilienbusiness.ch\/it\/wp-json\/wp\/v2\/users\/3"}],"replies":[{"embeddable":true,"href":"https:\/\/www.immobilienbusiness.ch\/it\/wp-json\/wp\/v2\/comments?post=21718"}],"version-history":[{"count":0,"href":"https:\/\/www.immobilienbusiness.ch\/it\/wp-json\/wp\/v2\/posts\/21718\/revisions"}],"wp:featuredmedia":[{"embeddable":true,"href":"https:\/\/www.immobilienbusiness.ch\/it\/wp-json\/wp\/v2\/media\/21719"}],"wp:attachment":[{"href":"https:\/\/www.immobilienbusiness.ch\/it\/wp-json\/wp\/v2\/media?parent=21718"}],"wp:term":[{"taxonomy":"category","embeddable":true,"href":"https:\/\/www.immobilienbusiness.ch\/it\/wp-json\/wp\/v2\/categories?post=21718"},{"taxonomy":"post_tag","embeddable":true,"href":"https:\/\/www.immobilienbusiness.ch\/it\/wp-json\/wp\/v2\/tags?post=21718"}],"curies":[{"name":"wp","href":"https:\/\/api.w.org\/{rel}","templated":true}]}}