{"id":21558,"date":"2020-06-18T08:43:27","date_gmt":"2020-06-18T06:43:27","guid":{"rendered":"https:\/\/www.immobilienbusiness.ch\/?p=21558"},"modified":"2020-06-18T08:43:27","modified_gmt":"2020-06-18T06:43:27","slug":"dekotierung-der-bfw-liegenschaften-ist-bewilligt","status":"publish","type":"post","link":"https:\/\/www.immobilienbusiness.ch\/it\/unternehmen\/2020-06-18\/dekotierung-der-bfw-liegenschaften-ist-bewilligt\/","title":{"rendered":"La cancellazione delle propriet\u00e0 BFW \u00e8 approvata"},"content":{"rendered":"<figure id=\"attachment_7170\" aria-describedby=\"caption-attachment-7170\" style=\"width: 680px\" class=\"wp-caption alignnone\"><img loading=\"lazy\" decoding=\"async\" class=\"size-medium wp-image-7170\" src=\"https:\/\/www.immobilienbusiness.ch\/wp-content\/uploads\/2017\/04\/IB-News-13042017-bfw-liegenschaften-aktienr\u00fcckkaufprogramm.jpg\" alt=\"\" width=\"680\" height=\"451\" \/><figcaption id=\"caption-attachment-7170\" class=\"wp-caption-text\">L'autorit\u00e0 di vigilanza della borsa ha approvato il delisting di BFW Liegenschaften (Immagine: Pixabay)<\/figcaption><\/figure>\n<p>Il regolatore di borsa SIX Exchange Regulation ha concesso a BFW Liegenschaften AG un'esenzione temporanea dagli obblighi di mantenimento della sua quotazione. Tra le altre cose, l'azienda non deve pubblicare un rapporto semestrale o annunci ad hoc.<\/p>\n<p>Inoltre, l'autorit\u00e0 di vigilanza della borsa ha approvato la domanda di Immobilien AG per il delisting di tutte le azioni nominative di classe A. L'ultimo giorno di negoziazione delle azioni e la data effettiva di delisting saranno determinati non appena sar\u00e0 disponibile la decisione giuridicamente vincolante nel procedimento di cancellazione delle azioni ancora in circolazione. BFW Holding ha presentato l'azione corrispondente alla Corte Suprema del Cantone di Turgovia il 28 aprile 2020. <em>(ah)<\/em><\/p>","protected":false},"excerpt":{"rendered":"<p>L'autorit\u00e0 di vigilanza della borsa ha approvato il delisting di BFW Liegenschaften e ha esentato la societ\u00e0 da vari obblighi di quotazione.<\/p>","protected":false},"author":3,"featured_media":7170,"comment_status":"closed","ping_status":"open","sticky":false,"template":"","format":"standard","meta":{"_acf_changed":false,"_yoast_wpseo_focuskw":"BFW Liegenschaften","_yoast_wpseo_title":"","_yoast_wpseo_metadesc":"Die B\u00f6rsenaufsicht hat die Dekotierung der BFW Liegenschaften bewilligt und das Unternehmen von verschiedenen Kotierungspflichten befreit.","_yoast_wpseo_linkdex":52,"pgc_sgb_lightbox_settings":"","footnotes":""},"categories":[988],"tags":[1096,1162],"class_list":["post-21558","post","type-post","status-publish","format-standard","has-post-thumbnail","hentry","category-unternehmen","tag-bfw-liegenschaften-ag","tag-dekotierung"],"acf":[],"yoast_head":"<!-- This site is optimized with the Yoast SEO plugin v27.4 - https:\/\/yoast.com\/product\/yoast-seo-wordpress\/ -->\n<title>Dekotierung der BFW Liegenschaften ist bewilligt - IMMOBILIEN Business<\/title>\n<meta name=\"description\" content=\"Die B\u00f6rsenaufsicht hat die Dekotierung der BFW Liegenschaften bewilligt und das Unternehmen von verschiedenen Kotierungspflichten befreit.\" \/>\n<meta name=\"robots\" content=\"index, follow, max-snippet:-1, max-image-preview:large, max-video-preview:-1\" \/>\n<link rel=\"canonical\" href=\"https:\/\/www.immobilienbusiness.ch\/it\/unternehmen\/2020-06-18\/dekotierung-der-bfw-liegenschaften-ist-bewilligt\/\" \/>\n<meta property=\"og:locale\" content=\"it_IT\" \/>\n<meta property=\"og:type\" content=\"article\" \/>\n<meta property=\"og:title\" content=\"Dekotierung der BFW Liegenschaften ist bewilligt - IMMOBILIEN Business\" \/>\n<meta property=\"og:description\" content=\"Die B\u00f6rsenaufsicht hat die Dekotierung der BFW Liegenschaften bewilligt und das Unternehmen von verschiedenen Kotierungspflichten befreit.\" \/>\n<meta property=\"og:url\" content=\"https:\/\/www.immobilienbusiness.ch\/it\/unternehmen\/2020-06-18\/dekotierung-der-bfw-liegenschaften-ist-bewilligt\/\" \/>\n<meta property=\"og:site_name\" content=\"IMMOBILIEN Business\" \/>\n<meta property=\"article:publisher\" content=\"https:\/\/www.facebook.com\/immobilienbusiness\/\" \/>\n<meta property=\"article:published_time\" content=\"2020-06-18T06:43:27+00:00\" \/>\n<meta property=\"og:image\" content=\"https:\/\/www.immobilienbusiness.ch\/wp-content\/uploads\/2017\/04\/IB-News-13042017-bfw-liegenschaften-aktienrueckkaufprogramm.jpg\" \/>\n\t<meta property=\"og:image:width\" content=\"1082\" \/>\n\t<meta property=\"og:image:height\" content=\"718\" \/>\n\t<meta property=\"og:image:type\" content=\"image\/jpeg\" \/>\n<meta name=\"author\" content=\"anja.hall\" \/>\n<meta name=\"twitter:card\" content=\"summary_large_image\" \/>\n<meta name=\"twitter:image\" content=\"https:\/\/www.immobilienbusiness.ch\/wp-content\/uploads\/2017\/04\/IB-News-13042017-bfw-liegenschaften-aktienrueckkaufprogramm.jpg\" \/>\n<script type=\"application\/ld+json\" class=\"yoast-schema-graph\">{\"@context\":\"https:\\\/\\\/schema.org\",\"@graph\":[{\"@type\":\"Article\",\"@id\":\"https:\\\/\\\/www.immobilienbusiness.ch\\\/unternehmen\\\/2020-06-18\\\/dekotierung-der-bfw-liegenschaften-ist-bewilligt\\\/#article\",\"isPartOf\":{\"@id\":\"https:\\\/\\\/www.immobilienbusiness.ch\\\/unternehmen\\\/2020-06-18\\\/dekotierung-der-bfw-liegenschaften-ist-bewilligt\\\/\"},\"author\":{\"name\":\"anja.hall\",\"@id\":\"https:\\\/\\\/www.immobilienbusiness.ch\\\/#\\\/schema\\\/person\\\/3fc036297b10b9f42d6db5ee932af8c8\"},\"headline\":\"Dekotierung der BFW Liegenschaften ist bewilligt\",\"datePublished\":\"2020-06-18T06:43:27+00:00\",\"mainEntityOfPage\":{\"@id\":\"https:\\\/\\\/www.immobilienbusiness.ch\\\/unternehmen\\\/2020-06-18\\\/dekotierung-der-bfw-liegenschaften-ist-bewilligt\\\/\"},\"wordCount\":122,\"publisher\":{\"@id\":\"https:\\\/\\\/www.immobilienbusiness.ch\\\/#organization\"},\"image\":{\"@id\":\"https:\\\/\\\/www.immobilienbusiness.ch\\\/unternehmen\\\/2020-06-18\\\/dekotierung-der-bfw-liegenschaften-ist-bewilligt\\\/#primaryimage\"},\"thumbnailUrl\":\"https:\\\/\\\/www.immobilienbusiness.ch\\\/wp-content\\\/uploads\\\/2017\\\/04\\\/IB-News-13042017-bfw-liegenschaften-aktienrueckkaufprogramm.jpg\",\"keywords\":[\"bfw liegenschaften ag\",\"Dekotierung\"],\"articleSection\":[\"UNTERNEHMEN\"],\"inLanguage\":\"it-IT\"},{\"@type\":\"WebPage\",\"@id\":\"https:\\\/\\\/www.immobilienbusiness.ch\\\/unternehmen\\\/2020-06-18\\\/dekotierung-der-bfw-liegenschaften-ist-bewilligt\\\/\",\"url\":\"https:\\\/\\\/www.immobilienbusiness.ch\\\/unternehmen\\\/2020-06-18\\\/dekotierung-der-bfw-liegenschaften-ist-bewilligt\\\/\",\"name\":\"Dekotierung der BFW Liegenschaften ist bewilligt - IMMOBILIEN Business\",\"isPartOf\":{\"@id\":\"https:\\\/\\\/www.immobilienbusiness.ch\\\/#website\"},\"primaryImageOfPage\":{\"@id\":\"https:\\\/\\\/www.immobilienbusiness.ch\\\/unternehmen\\\/2020-06-18\\\/dekotierung-der-bfw-liegenschaften-ist-bewilligt\\\/#primaryimage\"},\"image\":{\"@id\":\"https:\\\/\\\/www.immobilienbusiness.ch\\\/unternehmen\\\/2020-06-18\\\/dekotierung-der-bfw-liegenschaften-ist-bewilligt\\\/#primaryimage\"},\"thumbnailUrl\":\"https:\\\/\\\/www.immobilienbusiness.ch\\\/wp-content\\\/uploads\\\/2017\\\/04\\\/IB-News-13042017-bfw-liegenschaften-aktienrueckkaufprogramm.jpg\",\"datePublished\":\"2020-06-18T06:43:27+00:00\",\"description\":\"Die B\u00f6rsenaufsicht hat die Dekotierung der BFW Liegenschaften bewilligt und das Unternehmen von verschiedenen Kotierungspflichten befreit.\",\"breadcrumb\":{\"@id\":\"https:\\\/\\\/www.immobilienbusiness.ch\\\/unternehmen\\\/2020-06-18\\\/dekotierung-der-bfw-liegenschaften-ist-bewilligt\\\/#breadcrumb\"},\"inLanguage\":\"it-IT\",\"potentialAction\":[{\"@type\":\"ReadAction\",\"target\":[\"https:\\\/\\\/www.immobilienbusiness.ch\\\/unternehmen\\\/2020-06-18\\\/dekotierung-der-bfw-liegenschaften-ist-bewilligt\\\/\"]}]},{\"@type\":\"ImageObject\",\"inLanguage\":\"it-IT\",\"@id\":\"https:\\\/\\\/www.immobilienbusiness.ch\\\/unternehmen\\\/2020-06-18\\\/dekotierung-der-bfw-liegenschaften-ist-bewilligt\\\/#primaryimage\",\"url\":\"https:\\\/\\\/www.immobilienbusiness.ch\\\/wp-content\\\/uploads\\\/2017\\\/04\\\/IB-News-13042017-bfw-liegenschaften-aktienrueckkaufprogramm.jpg\",\"contentUrl\":\"https:\\\/\\\/www.immobilienbusiness.ch\\\/wp-content\\\/uploads\\\/2017\\\/04\\\/IB-News-13042017-bfw-liegenschaften-aktienrueckkaufprogramm.jpg\",\"width\":1082,\"height\":718,\"caption\":\"Espace Real Estate hat seinen Gesch\u00e4ftsbericht f\u00fcr 2025 publiziert (Bild: Pixabay)\"},{\"@type\":\"BreadcrumbList\",\"@id\":\"https:\\\/\\\/www.immobilienbusiness.ch\\\/unternehmen\\\/2020-06-18\\\/dekotierung-der-bfw-liegenschaften-ist-bewilligt\\\/#breadcrumb\",\"itemListElement\":[{\"@type\":\"ListItem\",\"position\":1,\"name\":\"Home\",\"item\":\"https:\\\/\\\/www.immobilienbusiness.ch\\\/\"},{\"@type\":\"ListItem\",\"position\":2,\"name\":\"Dekotierung der BFW Liegenschaften ist bewilligt\"}]},{\"@type\":\"WebSite\",\"@id\":\"https:\\\/\\\/www.immobilienbusiness.ch\\\/#website\",\"url\":\"https:\\\/\\\/www.immobilienbusiness.ch\\\/\",\"name\":\"IMMOBILIEN Business\",\"description\":\"Unabh\u00e4ngiges Schweizer Wirtschaftsmagazin mit Fokus auf Immobilien, Architektur- und Bau sowie Investment- und Finanzierung.\",\"publisher\":{\"@id\":\"https:\\\/\\\/www.immobilienbusiness.ch\\\/#organization\"},\"potentialAction\":[{\"@type\":\"SearchAction\",\"target\":{\"@type\":\"EntryPoint\",\"urlTemplate\":\"https:\\\/\\\/www.immobilienbusiness.ch\\\/?s={search_term_string}\"},\"query-input\":{\"@type\":\"PropertyValueSpecification\",\"valueRequired\":true,\"valueName\":\"search_term_string\"}}],\"inLanguage\":\"it-IT\"},{\"@type\":\"Organization\",\"@id\":\"https:\\\/\\\/www.immobilienbusiness.ch\\\/#organization\",\"name\":\"IMMOBILIEN Business\",\"url\":\"https:\\\/\\\/www.immobilienbusiness.ch\\\/\",\"logo\":{\"@type\":\"ImageObject\",\"inLanguage\":\"it-IT\",\"@id\":\"https:\\\/\\\/www.immobilienbusiness.ch\\\/#\\\/schema\\\/logo\\\/image\\\/\",\"url\":\"https:\\\/\\\/www.immobilienbusiness.ch\\\/wp-content\\\/uploads\\\/2021\\\/07\\\/logo_ib.png\",\"contentUrl\":\"https:\\\/\\\/www.immobilienbusiness.ch\\\/wp-content\\\/uploads\\\/2021\\\/07\\\/logo_ib.png\",\"width\":800,\"height\":181,\"caption\":\"IMMOBILIEN Business\"},\"image\":{\"@id\":\"https:\\\/\\\/www.immobilienbusiness.ch\\\/#\\\/schema\\\/logo\\\/image\\\/\"},\"sameAs\":[\"https:\\\/\\\/www.facebook.com\\\/immobilienbusiness\\\/\"]},{\"@type\":\"Person\",\"@id\":\"https:\\\/\\\/www.immobilienbusiness.ch\\\/#\\\/schema\\\/person\\\/3fc036297b10b9f42d6db5ee932af8c8\",\"name\":\"anja.hall\",\"image\":{\"@type\":\"ImageObject\",\"inLanguage\":\"it-IT\",\"@id\":\"https:\\\/\\\/secure.gravatar.com\\\/avatar\\\/066b5a0d447013502c71a5782f4f3469f03cfe595cc2329fb94652fe47511bfb?s=96&d=mm&r=g\",\"url\":\"https:\\\/\\\/secure.gravatar.com\\\/avatar\\\/066b5a0d447013502c71a5782f4f3469f03cfe595cc2329fb94652fe47511bfb?s=96&d=mm&r=g\",\"contentUrl\":\"https:\\\/\\\/secure.gravatar.com\\\/avatar\\\/066b5a0d447013502c71a5782f4f3469f03cfe595cc2329fb94652fe47511bfb?s=96&d=mm&r=g\",\"caption\":\"anja.hall\"},\"url\":\"https:\\\/\\\/www.immobilienbusiness.ch\\\/it\\\/author\\\/anja-hall\\\/\"}]}<\/script>\n<!-- \/ Yoast SEO plugin. -->","yoast_head_json":{"title":"Approvata la quotazione delle propriet\u00e0 di BFW - IMMOBILIEN Business","description":"L'autorit\u00e0 di vigilanza della borsa ha approvato il delisting di BFW Liegenschaften e ha esentato la societ\u00e0 da vari obblighi di quotazione.","robots":{"index":"index","follow":"follow","max-snippet":"max-snippet:-1","max-image-preview":"max-image-preview:large","max-video-preview":"max-video-preview:-1"},"canonical":"https:\/\/www.immobilienbusiness.ch\/it\/unternehmen\/2020-06-18\/dekotierung-der-bfw-liegenschaften-ist-bewilligt\/","og_locale":"it_IT","og_type":"article","og_title":"Dekotierung der BFW Liegenschaften ist bewilligt - IMMOBILIEN Business","og_description":"Die B\u00f6rsenaufsicht hat die Dekotierung der BFW Liegenschaften bewilligt und das Unternehmen von verschiedenen Kotierungspflichten befreit.","og_url":"https:\/\/www.immobilienbusiness.ch\/it\/unternehmen\/2020-06-18\/dekotierung-der-bfw-liegenschaften-ist-bewilligt\/","og_site_name":"IMMOBILIEN Business","article_publisher":"https:\/\/www.facebook.com\/immobilienbusiness\/","article_published_time":"2020-06-18T06:43:27+00:00","og_image":[{"width":1082,"height":718,"url":"https:\/\/www.immobilienbusiness.ch\/wp-content\/uploads\/2017\/04\/IB-News-13042017-bfw-liegenschaften-aktienrueckkaufprogramm.jpg","type":"image\/jpeg"}],"author":"anja.hall","twitter_card":"summary_large_image","twitter_image":"https:\/\/www.immobilienbusiness.ch\/wp-content\/uploads\/2017\/04\/IB-News-13042017-bfw-liegenschaften-aktienrueckkaufprogramm.jpg","schema":{"@context":"https:\/\/schema.org","@graph":[{"@type":"Article","@id":"https:\/\/www.immobilienbusiness.ch\/unternehmen\/2020-06-18\/dekotierung-der-bfw-liegenschaften-ist-bewilligt\/#article","isPartOf":{"@id":"https:\/\/www.immobilienbusiness.ch\/unternehmen\/2020-06-18\/dekotierung-der-bfw-liegenschaften-ist-bewilligt\/"},"author":{"name":"anja.hall","@id":"https:\/\/www.immobilienbusiness.ch\/#\/schema\/person\/3fc036297b10b9f42d6db5ee932af8c8"},"headline":"Dekotierung der BFW Liegenschaften ist bewilligt","datePublished":"2020-06-18T06:43:27+00:00","mainEntityOfPage":{"@id":"https:\/\/www.immobilienbusiness.ch\/unternehmen\/2020-06-18\/dekotierung-der-bfw-liegenschaften-ist-bewilligt\/"},"wordCount":122,"publisher":{"@id":"https:\/\/www.immobilienbusiness.ch\/#organization"},"image":{"@id":"https:\/\/www.immobilienbusiness.ch\/unternehmen\/2020-06-18\/dekotierung-der-bfw-liegenschaften-ist-bewilligt\/#primaryimage"},"thumbnailUrl":"https:\/\/www.immobilienbusiness.ch\/wp-content\/uploads\/2017\/04\/IB-News-13042017-bfw-liegenschaften-aktienrueckkaufprogramm.jpg","keywords":["bfw liegenschaften ag","Dekotierung"],"articleSection":["UNTERNEHMEN"],"inLanguage":"it-IT"},{"@type":"WebPage","@id":"https:\/\/www.immobilienbusiness.ch\/unternehmen\/2020-06-18\/dekotierung-der-bfw-liegenschaften-ist-bewilligt\/","url":"https:\/\/www.immobilienbusiness.ch\/unternehmen\/2020-06-18\/dekotierung-der-bfw-liegenschaften-ist-bewilligt\/","name":"Approvata la quotazione delle propriet\u00e0 di BFW - IMMOBILIEN Business","isPartOf":{"@id":"https:\/\/www.immobilienbusiness.ch\/#website"},"primaryImageOfPage":{"@id":"https:\/\/www.immobilienbusiness.ch\/unternehmen\/2020-06-18\/dekotierung-der-bfw-liegenschaften-ist-bewilligt\/#primaryimage"},"image":{"@id":"https:\/\/www.immobilienbusiness.ch\/unternehmen\/2020-06-18\/dekotierung-der-bfw-liegenschaften-ist-bewilligt\/#primaryimage"},"thumbnailUrl":"https:\/\/www.immobilienbusiness.ch\/wp-content\/uploads\/2017\/04\/IB-News-13042017-bfw-liegenschaften-aktienrueckkaufprogramm.jpg","datePublished":"2020-06-18T06:43:27+00:00","description":"L'autorit\u00e0 di vigilanza della borsa ha approvato il delisting di BFW Liegenschaften e ha esentato la societ\u00e0 da vari obblighi di quotazione.","breadcrumb":{"@id":"https:\/\/www.immobilienbusiness.ch\/unternehmen\/2020-06-18\/dekotierung-der-bfw-liegenschaften-ist-bewilligt\/#breadcrumb"},"inLanguage":"it-IT","potentialAction":[{"@type":"ReadAction","target":["https:\/\/www.immobilienbusiness.ch\/unternehmen\/2020-06-18\/dekotierung-der-bfw-liegenschaften-ist-bewilligt\/"]}]},{"@type":"ImageObject","inLanguage":"it-IT","@id":"https:\/\/www.immobilienbusiness.ch\/unternehmen\/2020-06-18\/dekotierung-der-bfw-liegenschaften-ist-bewilligt\/#primaryimage","url":"https:\/\/www.immobilienbusiness.ch\/wp-content\/uploads\/2017\/04\/IB-News-13042017-bfw-liegenschaften-aktienrueckkaufprogramm.jpg","contentUrl":"https:\/\/www.immobilienbusiness.ch\/wp-content\/uploads\/2017\/04\/IB-News-13042017-bfw-liegenschaften-aktienrueckkaufprogramm.jpg","width":1082,"height":718,"caption":"Espace Real Estate hat seinen Gesch\u00e4ftsbericht f\u00fcr 2025 publiziert (Bild: Pixabay)"},{"@type":"BreadcrumbList","@id":"https:\/\/www.immobilienbusiness.ch\/unternehmen\/2020-06-18\/dekotierung-der-bfw-liegenschaften-ist-bewilligt\/#breadcrumb","itemListElement":[{"@type":"ListItem","position":1,"name":"Home","item":"https:\/\/www.immobilienbusiness.ch\/"},{"@type":"ListItem","position":2,"name":"Dekotierung der BFW Liegenschaften ist bewilligt"}]},{"@type":"WebSite","@id":"https:\/\/www.immobilienbusiness.ch\/#website","url":"https:\/\/www.immobilienbusiness.ch\/","name":"Affari immobiliari","description":"Rivista economica indipendente svizzera che si concentra sul settore immobiliare, l'architettura e la costruzione, nonch\u00e9 sugli investimenti e i finanziamenti.","publisher":{"@id":"https:\/\/www.immobilienbusiness.ch\/#organization"},"potentialAction":[{"@type":"SearchAction","target":{"@type":"EntryPoint","urlTemplate":"https:\/\/www.immobilienbusiness.ch\/?s={search_term_string}"},"query-input":{"@type":"PropertyValueSpecification","valueRequired":true,"valueName":"search_term_string"}}],"inLanguage":"it-IT"},{"@type":"Organization","@id":"https:\/\/www.immobilienbusiness.ch\/#organization","name":"Affari immobiliari","url":"https:\/\/www.immobilienbusiness.ch\/","logo":{"@type":"ImageObject","inLanguage":"it-IT","@id":"https:\/\/www.immobilienbusiness.ch\/#\/schema\/logo\/image\/","url":"https:\/\/www.immobilienbusiness.ch\/wp-content\/uploads\/2021\/07\/logo_ib.png","contentUrl":"https:\/\/www.immobilienbusiness.ch\/wp-content\/uploads\/2021\/07\/logo_ib.png","width":800,"height":181,"caption":"IMMOBILIEN Business"},"image":{"@id":"https:\/\/www.immobilienbusiness.ch\/#\/schema\/logo\/image\/"},"sameAs":["https:\/\/www.facebook.com\/immobilienbusiness\/"]},{"@type":"Person","@id":"https:\/\/www.immobilienbusiness.ch\/#\/schema\/person\/3fc036297b10b9f42d6db5ee932af8c8","name":"anja.hall","image":{"@type":"ImageObject","inLanguage":"it-IT","@id":"https:\/\/secure.gravatar.com\/avatar\/066b5a0d447013502c71a5782f4f3469f03cfe595cc2329fb94652fe47511bfb?s=96&d=mm&r=g","url":"https:\/\/secure.gravatar.com\/avatar\/066b5a0d447013502c71a5782f4f3469f03cfe595cc2329fb94652fe47511bfb?s=96&d=mm&r=g","contentUrl":"https:\/\/secure.gravatar.com\/avatar\/066b5a0d447013502c71a5782f4f3469f03cfe595cc2329fb94652fe47511bfb?s=96&d=mm&r=g","caption":"anja.hall"},"url":"https:\/\/www.immobilienbusiness.ch\/it\/author\/anja-hall\/"}]}},"_links":{"self":[{"href":"https:\/\/www.immobilienbusiness.ch\/it\/wp-json\/wp\/v2\/posts\/21558","targetHints":{"allow":["GET"]}}],"collection":[{"href":"https:\/\/www.immobilienbusiness.ch\/it\/wp-json\/wp\/v2\/posts"}],"about":[{"href":"https:\/\/www.immobilienbusiness.ch\/it\/wp-json\/wp\/v2\/types\/post"}],"author":[{"embeddable":true,"href":"https:\/\/www.immobilienbusiness.ch\/it\/wp-json\/wp\/v2\/users\/3"}],"replies":[{"embeddable":true,"href":"https:\/\/www.immobilienbusiness.ch\/it\/wp-json\/wp\/v2\/comments?post=21558"}],"version-history":[{"count":0,"href":"https:\/\/www.immobilienbusiness.ch\/it\/wp-json\/wp\/v2\/posts\/21558\/revisions"}],"wp:featuredmedia":[{"embeddable":true,"href":"https:\/\/www.immobilienbusiness.ch\/it\/wp-json\/wp\/v2\/media\/7170"}],"wp:attachment":[{"href":"https:\/\/www.immobilienbusiness.ch\/it\/wp-json\/wp\/v2\/media?parent=21558"}],"wp:term":[{"taxonomy":"category","embeddable":true,"href":"https:\/\/www.immobilienbusiness.ch\/it\/wp-json\/wp\/v2\/categories?post=21558"},{"taxonomy":"post_tag","embeddable":true,"href":"https:\/\/www.immobilienbusiness.ch\/it\/wp-json\/wp\/v2\/tags?post=21558"}],"curies":[{"name":"wp","href":"https:\/\/api.w.org\/{rel}","templated":true}]}}