{"id":21136,"date":"2020-05-08T08:33:36","date_gmt":"2020-05-08T06:33:36","guid":{"rendered":"https:\/\/www.immobilienbusiness.ch\/?p=21136"},"modified":"2020-05-08T08:33:36","modified_gmt":"2020-05-08T06:33:36","slug":"zuerich-265-neue-wohnungen-fuer-altstetten","status":"publish","type":"post","link":"https:\/\/www.immobilienbusiness.ch\/it\/regionen\/2020-05-08\/zuerich-265-neue-wohnungen-fuer-altstetten\/","title":{"rendered":"Zurigo: 265 nuovi appartamenti per Altstetten"},"content":{"rendered":"<figure id=\"attachment_12186\" aria-describedby=\"caption-attachment-12186\" style=\"width: 680px\" class=\"wp-caption alignnone\"><img loading=\"lazy\" decoding=\"async\" class=\"size-medium wp-image-12186\" src=\"https:\/\/www.immobilienbusiness.ch\/wp-content\/uploads\/2018\/04\/Depositphotos_2662023_m-2015.jpg\" alt=\"\" width=\"680\" height=\"442\" srcset=\"https:\/\/www.immobilienbusiness.ch\/wp-content\/uploads\/2018\/04\/Depositphotos_2662023_m-2015.jpg 1000w, https:\/\/www.immobilienbusiness.ch\/wp-content\/uploads\/2018\/04\/Depositphotos_2662023_m-2015-300x195.jpg 300w, https:\/\/www.immobilienbusiness.ch\/wp-content\/uploads\/2018\/04\/Depositphotos_2662023_m-2015-768x499.jpg 768w, https:\/\/www.immobilienbusiness.ch\/wp-content\/uploads\/2018\/04\/Depositphotos_2662023_m-2015-16x10.jpg 16w, https:\/\/www.immobilienbusiness.ch\/wp-content\/uploads\/2018\/04\/Depositphotos_2662023_m-2015-269x175.jpg 269w, https:\/\/www.immobilienbusiness.ch\/wp-content\/uploads\/2018\/04\/Depositphotos_2662023_m-2015-538x350.jpg 538w, https:\/\/www.immobilienbusiness.ch\/wp-content\/uploads\/2018\/04\/Depositphotos_2662023_m-2015-920x598.jpg 920w\" sizes=\"auto, (max-width: 680px) 100vw, 680px\" \/><figcaption id=\"caption-attachment-12186\" class=\"wp-caption-text\">A Zurigo-Altstetten verr\u00e0 costruito un complesso residenziale urbano (Fonte: davincidig - depositphotos)<\/figcaption><\/figure>\n<p>Il progetto sar\u00e0 realizzato sul sito di Letzibach D, in Hohlstrasse 444-456, che la citt\u00e0 ha acquisito dalle FFS nel 2013. Il progetto, denominato \"Letzi\", comprender\u00e0 265 appartamenti, spazi commerciali, un doppio asilo, un parcheggio sotterraneo con 64 posti auto, oltre 400 posti bici e un percorso pedonale e ciclabile lungo la pista.<\/p>\n<p>Le Liegenschaften Stadt Z\u00fcrich (LSZ), la Stiftung Alterswohnungen (SAW) e la Stiftung Wohnungen f\u00fcr kinderreiche Familien (SWkF) stanno costruendo insieme il complesso. Le fondazioni rileveranno i terreni per le loro parti del progetto in diritti di costruzione. Secondo la Citt\u00e0 di Zurigo, i costi totali dell'investimento, compresi i terreni, le riserve e l'IVA, ammontano a 133,9 milioni di franchi svizzeri.<\/p>\n<p>Il progetto \"Mira\" del team Gut&amp;Schoep Architekten e Neuland ArchitekturLandschaft \u00e8 in fase di realizzazione. Una struttura coerente ospiter\u00e0 81 appartamenti LSZ e 53 appartamenti SWkF, mentre all'estremit\u00e0 del complesso, verso l'incrocio Hohlstrasse\/Flurstrasse, sorger\u00e0 un grattacielo alto 70 metri con 131 appartamenti SAW. L'edificio sar\u00e0 conforme allo standard Minergie-P-Eco.<\/p>\n<p>Nella parte LSZ dell'insediamento, la maggior parte degli appartamenti \u00e8 costituita da 3 e 4,5 stanze, mentre nel grattacielo SAW sono previsti piccoli appartamenti adatti agli anziani, quasi la met\u00e0 dei quali avr\u00e0 2,5 stanze. SWkF costruir\u00e0 appartamenti da 4,5 a 6,5 stanze nel complesso residenziale. Secondo i calcoli attuali, l'affitto netto per un appartamento medio di 95 mq e 4,5 stanze, autosufficiente, nella parte LSZ sar\u00e0 di 1.560 franchi; gli affitti delle due fondazioni sarebbero compresi in un intervallo comparabile. Poich\u00e9 le due fondazioni puntano a una percentuale molto elevata di appartamenti sovvenzionati nei progetti di nuova costruzione (SAW: 80%, SWkF: 65%), non \u00e8 previsto alcun appartamento LSZ sovvenzionato. Considerando l'intero insediamento, la quota di appartamenti sovvenzionati \u00e8 di 42%.<\/p>\n<p>Se il Consiglio comunale approver\u00e0 il prestito immobiliare di 57,76 milioni, questo sar\u00e0 probabilmente sottoposto agli elettori nel novembre di quest'anno. I lavori di costruzione potrebbero iniziare nell'estate del 2021; la prima occupazione \u00e8 prevista per la primavera del 2025. Secondo la citt\u00e0 di Zurigo, gli spazi commerciali dovrebbero essere messi in affitto nell'autunno del 2023 e gli appartamenti nell'autunno del 2024. <em>(ah)<\/em><\/p>","protected":false},"excerpt":{"rendered":"<p>Liegenschaften Stadt Z\u00fcrich e due fondazioni comunali stanno progettando un complesso residenziale ad Altstetten con un totale di 265 appartamenti. I costi di costruzione ammontano a poco meno di 134 milioni di franchi.<\/p>","protected":false},"author":3,"featured_media":12186,"comment_status":"closed","ping_status":"open","sticky":false,"template":"","format":"standard","meta":{"_acf_changed":false,"_yoast_wpseo_focuskw":"Altstetten","_yoast_wpseo_title":"","_yoast_wpseo_metadesc":"","_yoast_wpseo_linkdex":51,"pgc_sgb_lightbox_settings":"","footnotes":""},"categories":[985],"tags":[1600,1863,1888],"class_list":["post-21136","post","type-post","status-publish","format-standard","has-post-thumbnail","hentry","category-regionen","tag-projekt-in-planung","tag-wohnimmobilien","tag-zuerich"],"acf":[],"yoast_head":"<!-- This site is optimized with the Yoast SEO plugin v27.4 - https:\/\/yoast.com\/product\/yoast-seo-wordpress\/ -->\n<title>Z\u00fcrich: 265 neue Wohnungen f\u00fcr Altstetten - IMMOBILIEN Business<\/title>\n<meta name=\"robots\" content=\"index, follow, max-snippet:-1, max-image-preview:large, max-video-preview:-1\" \/>\n<link rel=\"canonical\" href=\"https:\/\/www.immobilienbusiness.ch\/it\/regionen\/2020-05-08\/zuerich-265-neue-wohnungen-fuer-altstetten\/\" \/>\n<meta property=\"og:locale\" content=\"it_IT\" \/>\n<meta property=\"og:type\" content=\"article\" \/>\n<meta property=\"og:title\" content=\"Z\u00fcrich: 265 neue Wohnungen f\u00fcr Altstetten - IMMOBILIEN Business\" \/>\n<meta property=\"og:description\" content=\"Liegenschaften Stadt Z\u00fcrich und zwei st\u00e4dtische Stiftungen planen in Altstetten eine Wohnsiedlung mit insgesamt 265 Wohnungen. Die Erstellungskosten belaufen sich auf knapp 134 Millionen CHF.\" \/>\n<meta property=\"og:url\" content=\"https:\/\/www.immobilienbusiness.ch\/it\/regionen\/2020-05-08\/zuerich-265-neue-wohnungen-fuer-altstetten\/\" \/>\n<meta property=\"og:site_name\" content=\"IMMOBILIEN Business\" \/>\n<meta property=\"article:publisher\" content=\"https:\/\/www.facebook.com\/immobilienbusiness\/\" \/>\n<meta property=\"article:published_time\" content=\"2020-05-08T06:33:36+00:00\" \/>\n<meta property=\"og:image\" content=\"https:\/\/www.immobilienbusiness.ch\/wp-content\/uploads\/2018\/04\/Depositphotos_2662023_m-2015.jpg\" \/>\n\t<meta property=\"og:image:width\" content=\"1000\" \/>\n\t<meta property=\"og:image:height\" content=\"650\" \/>\n\t<meta property=\"og:image:type\" content=\"image\/jpeg\" \/>\n<meta name=\"author\" content=\"anja.hall\" \/>\n<meta name=\"twitter:card\" content=\"summary_large_image\" \/>\n<meta name=\"twitter:image\" content=\"https:\/\/www.immobilienbusiness.ch\/wp-content\/uploads\/2018\/04\/Depositphotos_2662023_m-2015.jpg\" \/>\n<script type=\"application\/ld+json\" class=\"yoast-schema-graph\">{\"@context\":\"https:\\\/\\\/schema.org\",\"@graph\":[{\"@type\":\"Article\",\"@id\":\"https:\\\/\\\/www.immobilienbusiness.ch\\\/it\\\/regionen\\\/2020-05-08\\\/zuerich-265-neue-wohnungen-fuer-altstetten\\\/#article\",\"isPartOf\":{\"@id\":\"https:\\\/\\\/www.immobilienbusiness.ch\\\/it\\\/regionen\\\/2020-05-08\\\/zuerich-265-neue-wohnungen-fuer-altstetten\\\/\"},\"author\":{\"name\":\"anja.hall\",\"@id\":\"https:\\\/\\\/www.immobilienbusiness.ch\\\/#\\\/schema\\\/person\\\/3fc036297b10b9f42d6db5ee932af8c8\"},\"headline\":\"Z\u00fcrich: 265 neue Wohnungen f\u00fcr Altstetten\",\"datePublished\":\"2020-05-08T06:33:36+00:00\",\"mainEntityOfPage\":{\"@id\":\"https:\\\/\\\/www.immobilienbusiness.ch\\\/it\\\/regionen\\\/2020-05-08\\\/zuerich-265-neue-wohnungen-fuer-altstetten\\\/\"},\"wordCount\":341,\"publisher\":{\"@id\":\"https:\\\/\\\/www.immobilienbusiness.ch\\\/#organization\"},\"image\":{\"@id\":\"https:\\\/\\\/www.immobilienbusiness.ch\\\/it\\\/regionen\\\/2020-05-08\\\/zuerich-265-neue-wohnungen-fuer-altstetten\\\/#primaryimage\"},\"thumbnailUrl\":\"https:\\\/\\\/www.immobilienbusiness.ch\\\/wp-content\\\/uploads\\\/2018\\\/04\\\/Depositphotos_2662023_m-2015.jpg\",\"keywords\":[\"Projekt in Planung\",\"Wohnimmobilien\",\"Z\u00fcrich\"],\"articleSection\":[\"REGIONEN\"],\"inLanguage\":\"it-IT\"},{\"@type\":\"WebPage\",\"@id\":\"https:\\\/\\\/www.immobilienbusiness.ch\\\/it\\\/regionen\\\/2020-05-08\\\/zuerich-265-neue-wohnungen-fuer-altstetten\\\/\",\"url\":\"https:\\\/\\\/www.immobilienbusiness.ch\\\/it\\\/regionen\\\/2020-05-08\\\/zuerich-265-neue-wohnungen-fuer-altstetten\\\/\",\"name\":\"Z\u00fcrich: 265 neue Wohnungen f\u00fcr Altstetten - IMMOBILIEN Business\",\"isPartOf\":{\"@id\":\"https:\\\/\\\/www.immobilienbusiness.ch\\\/#website\"},\"primaryImageOfPage\":{\"@id\":\"https:\\\/\\\/www.immobilienbusiness.ch\\\/it\\\/regionen\\\/2020-05-08\\\/zuerich-265-neue-wohnungen-fuer-altstetten\\\/#primaryimage\"},\"image\":{\"@id\":\"https:\\\/\\\/www.immobilienbusiness.ch\\\/it\\\/regionen\\\/2020-05-08\\\/zuerich-265-neue-wohnungen-fuer-altstetten\\\/#primaryimage\"},\"thumbnailUrl\":\"https:\\\/\\\/www.immobilienbusiness.ch\\\/wp-content\\\/uploads\\\/2018\\\/04\\\/Depositphotos_2662023_m-2015.jpg\",\"datePublished\":\"2020-05-08T06:33:36+00:00\",\"breadcrumb\":{\"@id\":\"https:\\\/\\\/www.immobilienbusiness.ch\\\/it\\\/regionen\\\/2020-05-08\\\/zuerich-265-neue-wohnungen-fuer-altstetten\\\/#breadcrumb\"},\"inLanguage\":\"it-IT\",\"potentialAction\":[{\"@type\":\"ReadAction\",\"target\":[\"https:\\\/\\\/www.immobilienbusiness.ch\\\/it\\\/regionen\\\/2020-05-08\\\/zuerich-265-neue-wohnungen-fuer-altstetten\\\/\"]}]},{\"@type\":\"ImageObject\",\"inLanguage\":\"it-IT\",\"@id\":\"https:\\\/\\\/www.immobilienbusiness.ch\\\/it\\\/regionen\\\/2020-05-08\\\/zuerich-265-neue-wohnungen-fuer-altstetten\\\/#primaryimage\",\"url\":\"https:\\\/\\\/www.immobilienbusiness.ch\\\/wp-content\\\/uploads\\\/2018\\\/04\\\/Depositphotos_2662023_m-2015.jpg\",\"contentUrl\":\"https:\\\/\\\/www.immobilienbusiness.ch\\\/wp-content\\\/uploads\\\/2018\\\/04\\\/Depositphotos_2662023_m-2015.jpg\",\"width\":1000,\"height\":650,\"caption\":\"(Quelle: davincidig - depositphotos)\"},{\"@type\":\"BreadcrumbList\",\"@id\":\"https:\\\/\\\/www.immobilienbusiness.ch\\\/it\\\/regionen\\\/2020-05-08\\\/zuerich-265-neue-wohnungen-fuer-altstetten\\\/#breadcrumb\",\"itemListElement\":[{\"@type\":\"ListItem\",\"position\":1,\"name\":\"Home\",\"item\":\"https:\\\/\\\/www.immobilienbusiness.ch\\\/\"},{\"@type\":\"ListItem\",\"position\":2,\"name\":\"Z\u00fcrich: 265 neue Wohnungen f\u00fcr Altstetten\"}]},{\"@type\":\"WebSite\",\"@id\":\"https:\\\/\\\/www.immobilienbusiness.ch\\\/#website\",\"url\":\"https:\\\/\\\/www.immobilienbusiness.ch\\\/\",\"name\":\"IMMOBILIEN Business\",\"description\":\"Unabh\u00e4ngiges Schweizer Wirtschaftsmagazin mit Fokus auf Immobilien, Architektur- und Bau sowie Investment- und Finanzierung.\",\"publisher\":{\"@id\":\"https:\\\/\\\/www.immobilienbusiness.ch\\\/#organization\"},\"potentialAction\":[{\"@type\":\"SearchAction\",\"target\":{\"@type\":\"EntryPoint\",\"urlTemplate\":\"https:\\\/\\\/www.immobilienbusiness.ch\\\/?s={search_term_string}\"},\"query-input\":{\"@type\":\"PropertyValueSpecification\",\"valueRequired\":true,\"valueName\":\"search_term_string\"}}],\"inLanguage\":\"it-IT\"},{\"@type\":\"Organization\",\"@id\":\"https:\\\/\\\/www.immobilienbusiness.ch\\\/#organization\",\"name\":\"IMMOBILIEN Business\",\"url\":\"https:\\\/\\\/www.immobilienbusiness.ch\\\/\",\"logo\":{\"@type\":\"ImageObject\",\"inLanguage\":\"it-IT\",\"@id\":\"https:\\\/\\\/www.immobilienbusiness.ch\\\/#\\\/schema\\\/logo\\\/image\\\/\",\"url\":\"https:\\\/\\\/www.immobilienbusiness.ch\\\/wp-content\\\/uploads\\\/2021\\\/07\\\/logo_ib.png\",\"contentUrl\":\"https:\\\/\\\/www.immobilienbusiness.ch\\\/wp-content\\\/uploads\\\/2021\\\/07\\\/logo_ib.png\",\"width\":800,\"height\":181,\"caption\":\"IMMOBILIEN Business\"},\"image\":{\"@id\":\"https:\\\/\\\/www.immobilienbusiness.ch\\\/#\\\/schema\\\/logo\\\/image\\\/\"},\"sameAs\":[\"https:\\\/\\\/www.facebook.com\\\/immobilienbusiness\\\/\"]},{\"@type\":\"Person\",\"@id\":\"https:\\\/\\\/www.immobilienbusiness.ch\\\/#\\\/schema\\\/person\\\/3fc036297b10b9f42d6db5ee932af8c8\",\"name\":\"anja.hall\",\"image\":{\"@type\":\"ImageObject\",\"inLanguage\":\"it-IT\",\"@id\":\"https:\\\/\\\/secure.gravatar.com\\\/avatar\\\/066b5a0d447013502c71a5782f4f3469f03cfe595cc2329fb94652fe47511bfb?s=96&d=mm&r=g\",\"url\":\"https:\\\/\\\/secure.gravatar.com\\\/avatar\\\/066b5a0d447013502c71a5782f4f3469f03cfe595cc2329fb94652fe47511bfb?s=96&d=mm&r=g\",\"contentUrl\":\"https:\\\/\\\/secure.gravatar.com\\\/avatar\\\/066b5a0d447013502c71a5782f4f3469f03cfe595cc2329fb94652fe47511bfb?s=96&d=mm&r=g\",\"caption\":\"anja.hall\"},\"url\":\"https:\\\/\\\/www.immobilienbusiness.ch\\\/it\\\/author\\\/anja-hall\\\/\"}]}<\/script>\n<!-- \/ Yoast SEO plugin. -->","yoast_head_json":{"title":"Z\u00fcrich: 265 neue Wohnungen f\u00fcr Altstetten - IMMOBILIEN Business","robots":{"index":"index","follow":"follow","max-snippet":"max-snippet:-1","max-image-preview":"max-image-preview:large","max-video-preview":"max-video-preview:-1"},"canonical":"https:\/\/www.immobilienbusiness.ch\/it\/regionen\/2020-05-08\/zuerich-265-neue-wohnungen-fuer-altstetten\/","og_locale":"it_IT","og_type":"article","og_title":"Z\u00fcrich: 265 neue Wohnungen f\u00fcr Altstetten - IMMOBILIEN Business","og_description":"Liegenschaften Stadt Z\u00fcrich und zwei st\u00e4dtische Stiftungen planen in Altstetten eine Wohnsiedlung mit insgesamt 265 Wohnungen. Die Erstellungskosten belaufen sich auf knapp 134 Millionen CHF.","og_url":"https:\/\/www.immobilienbusiness.ch\/it\/regionen\/2020-05-08\/zuerich-265-neue-wohnungen-fuer-altstetten\/","og_site_name":"IMMOBILIEN Business","article_publisher":"https:\/\/www.facebook.com\/immobilienbusiness\/","article_published_time":"2020-05-08T06:33:36+00:00","og_image":[{"width":1000,"height":650,"url":"https:\/\/www.immobilienbusiness.ch\/wp-content\/uploads\/2018\/04\/Depositphotos_2662023_m-2015.jpg","type":"image\/jpeg"}],"author":"anja.hall","twitter_card":"summary_large_image","twitter_image":"https:\/\/www.immobilienbusiness.ch\/wp-content\/uploads\/2018\/04\/Depositphotos_2662023_m-2015.jpg","schema":{"@context":"https:\/\/schema.org","@graph":[{"@type":"Article","@id":"https:\/\/www.immobilienbusiness.ch\/it\/regionen\/2020-05-08\/zuerich-265-neue-wohnungen-fuer-altstetten\/#article","isPartOf":{"@id":"https:\/\/www.immobilienbusiness.ch\/it\/regionen\/2020-05-08\/zuerich-265-neue-wohnungen-fuer-altstetten\/"},"author":{"name":"anja.hall","@id":"https:\/\/www.immobilienbusiness.ch\/#\/schema\/person\/3fc036297b10b9f42d6db5ee932af8c8"},"headline":"Z\u00fcrich: 265 neue Wohnungen f\u00fcr Altstetten","datePublished":"2020-05-08T06:33:36+00:00","mainEntityOfPage":{"@id":"https:\/\/www.immobilienbusiness.ch\/it\/regionen\/2020-05-08\/zuerich-265-neue-wohnungen-fuer-altstetten\/"},"wordCount":341,"publisher":{"@id":"https:\/\/www.immobilienbusiness.ch\/#organization"},"image":{"@id":"https:\/\/www.immobilienbusiness.ch\/it\/regionen\/2020-05-08\/zuerich-265-neue-wohnungen-fuer-altstetten\/#primaryimage"},"thumbnailUrl":"https:\/\/www.immobilienbusiness.ch\/wp-content\/uploads\/2018\/04\/Depositphotos_2662023_m-2015.jpg","keywords":["Projekt in Planung","Wohnimmobilien","Z\u00fcrich"],"articleSection":["REGIONEN"],"inLanguage":"it-IT"},{"@type":"WebPage","@id":"https:\/\/www.immobilienbusiness.ch\/it\/regionen\/2020-05-08\/zuerich-265-neue-wohnungen-fuer-altstetten\/","url":"https:\/\/www.immobilienbusiness.ch\/it\/regionen\/2020-05-08\/zuerich-265-neue-wohnungen-fuer-altstetten\/","name":"Z\u00fcrich: 265 neue Wohnungen f\u00fcr Altstetten - IMMOBILIEN Business","isPartOf":{"@id":"https:\/\/www.immobilienbusiness.ch\/#website"},"primaryImageOfPage":{"@id":"https:\/\/www.immobilienbusiness.ch\/it\/regionen\/2020-05-08\/zuerich-265-neue-wohnungen-fuer-altstetten\/#primaryimage"},"image":{"@id":"https:\/\/www.immobilienbusiness.ch\/it\/regionen\/2020-05-08\/zuerich-265-neue-wohnungen-fuer-altstetten\/#primaryimage"},"thumbnailUrl":"https:\/\/www.immobilienbusiness.ch\/wp-content\/uploads\/2018\/04\/Depositphotos_2662023_m-2015.jpg","datePublished":"2020-05-08T06:33:36+00:00","breadcrumb":{"@id":"https:\/\/www.immobilienbusiness.ch\/it\/regionen\/2020-05-08\/zuerich-265-neue-wohnungen-fuer-altstetten\/#breadcrumb"},"inLanguage":"it-IT","potentialAction":[{"@type":"ReadAction","target":["https:\/\/www.immobilienbusiness.ch\/it\/regionen\/2020-05-08\/zuerich-265-neue-wohnungen-fuer-altstetten\/"]}]},{"@type":"ImageObject","inLanguage":"it-IT","@id":"https:\/\/www.immobilienbusiness.ch\/it\/regionen\/2020-05-08\/zuerich-265-neue-wohnungen-fuer-altstetten\/#primaryimage","url":"https:\/\/www.immobilienbusiness.ch\/wp-content\/uploads\/2018\/04\/Depositphotos_2662023_m-2015.jpg","contentUrl":"https:\/\/www.immobilienbusiness.ch\/wp-content\/uploads\/2018\/04\/Depositphotos_2662023_m-2015.jpg","width":1000,"height":650,"caption":"(Quelle: davincidig - depositphotos)"},{"@type":"BreadcrumbList","@id":"https:\/\/www.immobilienbusiness.ch\/it\/regionen\/2020-05-08\/zuerich-265-neue-wohnungen-fuer-altstetten\/#breadcrumb","itemListElement":[{"@type":"ListItem","position":1,"name":"Home","item":"https:\/\/www.immobilienbusiness.ch\/"},{"@type":"ListItem","position":2,"name":"Z\u00fcrich: 265 neue Wohnungen f\u00fcr Altstetten"}]},{"@type":"WebSite","@id":"https:\/\/www.immobilienbusiness.ch\/#website","url":"https:\/\/www.immobilienbusiness.ch\/","name":"Affari immobiliari","description":"Rivista economica indipendente svizzera che si concentra sul settore immobiliare, l'architettura e la costruzione, nonch\u00e9 sugli investimenti e i finanziamenti.","publisher":{"@id":"https:\/\/www.immobilienbusiness.ch\/#organization"},"potentialAction":[{"@type":"SearchAction","target":{"@type":"EntryPoint","urlTemplate":"https:\/\/www.immobilienbusiness.ch\/?s={search_term_string}"},"query-input":{"@type":"PropertyValueSpecification","valueRequired":true,"valueName":"search_term_string"}}],"inLanguage":"it-IT"},{"@type":"Organization","@id":"https:\/\/www.immobilienbusiness.ch\/#organization","name":"Affari immobiliari","url":"https:\/\/www.immobilienbusiness.ch\/","logo":{"@type":"ImageObject","inLanguage":"it-IT","@id":"https:\/\/www.immobilienbusiness.ch\/#\/schema\/logo\/image\/","url":"https:\/\/www.immobilienbusiness.ch\/wp-content\/uploads\/2021\/07\/logo_ib.png","contentUrl":"https:\/\/www.immobilienbusiness.ch\/wp-content\/uploads\/2021\/07\/logo_ib.png","width":800,"height":181,"caption":"IMMOBILIEN Business"},"image":{"@id":"https:\/\/www.immobilienbusiness.ch\/#\/schema\/logo\/image\/"},"sameAs":["https:\/\/www.facebook.com\/immobilienbusiness\/"]},{"@type":"Person","@id":"https:\/\/www.immobilienbusiness.ch\/#\/schema\/person\/3fc036297b10b9f42d6db5ee932af8c8","name":"anja.hall","image":{"@type":"ImageObject","inLanguage":"it-IT","@id":"https:\/\/secure.gravatar.com\/avatar\/066b5a0d447013502c71a5782f4f3469f03cfe595cc2329fb94652fe47511bfb?s=96&d=mm&r=g","url":"https:\/\/secure.gravatar.com\/avatar\/066b5a0d447013502c71a5782f4f3469f03cfe595cc2329fb94652fe47511bfb?s=96&d=mm&r=g","contentUrl":"https:\/\/secure.gravatar.com\/avatar\/066b5a0d447013502c71a5782f4f3469f03cfe595cc2329fb94652fe47511bfb?s=96&d=mm&r=g","caption":"anja.hall"},"url":"https:\/\/www.immobilienbusiness.ch\/it\/author\/anja-hall\/"}]}},"_links":{"self":[{"href":"https:\/\/www.immobilienbusiness.ch\/it\/wp-json\/wp\/v2\/posts\/21136","targetHints":{"allow":["GET"]}}],"collection":[{"href":"https:\/\/www.immobilienbusiness.ch\/it\/wp-json\/wp\/v2\/posts"}],"about":[{"href":"https:\/\/www.immobilienbusiness.ch\/it\/wp-json\/wp\/v2\/types\/post"}],"author":[{"embeddable":true,"href":"https:\/\/www.immobilienbusiness.ch\/it\/wp-json\/wp\/v2\/users\/3"}],"replies":[{"embeddable":true,"href":"https:\/\/www.immobilienbusiness.ch\/it\/wp-json\/wp\/v2\/comments?post=21136"}],"version-history":[{"count":0,"href":"https:\/\/www.immobilienbusiness.ch\/it\/wp-json\/wp\/v2\/posts\/21136\/revisions"}],"wp:featuredmedia":[{"embeddable":true,"href":"https:\/\/www.immobilienbusiness.ch\/it\/wp-json\/wp\/v2\/media\/12186"}],"wp:attachment":[{"href":"https:\/\/www.immobilienbusiness.ch\/it\/wp-json\/wp\/v2\/media?parent=21136"}],"wp:term":[{"taxonomy":"category","embeddable":true,"href":"https:\/\/www.immobilienbusiness.ch\/it\/wp-json\/wp\/v2\/categories?post=21136"},{"taxonomy":"post_tag","embeddable":true,"href":"https:\/\/www.immobilienbusiness.ch\/it\/wp-json\/wp\/v2\/tags?post=21136"}],"curies":[{"name":"wp","href":"https:\/\/api.w.org\/{rel}","templated":true}]}}