{"id":21093,"date":"2020-05-05T09:05:17","date_gmt":"2020-05-05T07:05:17","guid":{"rendered":"https:\/\/www.immobilienbusiness.ch\/?p=21093"},"modified":"2020-05-05T09:05:17","modified_gmt":"2020-05-05T07:05:17","slug":"kapitalerhoehung-fuer-den-akara-diversity-pk-2","status":"publish","type":"post","link":"https:\/\/www.immobilienbusiness.ch\/it\/unternehmen\/2020-05-05\/kapitalerhoehung-fuer-den-akara-diversity-pk-2\/","title":{"rendered":"Aumento di capitale per il PK Akara Diversity"},"content":{"rendered":"<figure id=\"attachment_9635\" aria-describedby=\"caption-attachment-9635\" style=\"width: 680px\" class=\"wp-caption alignnone\"><img loading=\"lazy\" decoding=\"async\" class=\"size-medium wp-image-9635\" src=\"https:\/\/www.immobilienbusiness.ch\/wp-content\/uploads\/2017\/10\/IB-News-20171019-Kapitalerh\u00f6hung-Swiss-Commercial-Properties-Fund.jpg\" alt=\"\" width=\"680\" height=\"492\" \/><figcaption id=\"caption-attachment-9635\" class=\"wp-caption-text\">Akara Diversity PK aumenta il suo capitale (Immagine: Rangizzz - depositphotos)<\/figcaption><\/figure>\n<p>Akara Funds AG annuncia l'emissione di un massimo di 180.642 nuove quote del fondo a un prezzo di emissione di 1.101 franchi svizzeri netti ciascuna, con cinque quote esistenti che danno diritto alla sottoscrizione di una nuova quota. L'emissione sar\u00e0 effettuata \"al meglio delle possibilit\u00e0\" nell'ambito di un'offerta di sottoscrizione. Il periodo di sottoscrizione \u00e8 iniziato il 4 maggio 2020 e durer\u00e0 fino al 12 giugno.<\/p>\n<p>La societ\u00e0 di gestione del fondo intende comunicare agli investitori il numero definitivo di nuove quote da emettere entro il 19 giugno. Il pagamento sar\u00e0 effettuato il 26 giugno. Il fondo intende utilizzare i proventi dell'emissione per investire in attivit\u00e0 e progetti immobiliari in tutta la Svizzera e per rimborsare il capitale di debito a breve termine. <em>(ah)<\/em><\/p>","protected":false},"excerpt":{"rendered":"<p>Akara Funds sta effettuando il sesto aumento di capitale per il fondo Akara Swiss Diversity Property Fund PK; l'emissione ha un volume massimo di 200 milioni di franchi svizzeri.<\/p>","protected":false},"author":3,"featured_media":9635,"comment_status":"closed","ping_status":"open","sticky":false,"template":"","format":"standard","meta":{"_acf_changed":false,"_yoast_wpseo_focuskw":"Akara","_yoast_wpseo_title":"","_yoast_wpseo_metadesc":"Akara Funds f\u00fchrt die 6. Kapitalerh\u00f6hung f\u00fcr den Akara Swiss Diversity Property Fund PK durch; die Emission hat ein Volumen von bis zu 200 Millionen CHF.","_yoast_wpseo_linkdex":50,"pgc_sgb_lightbox_settings":"","footnotes":""},"categories":[988],"tags":[1009,1344,1412],"class_list":["post-21093","post","type-post","status-publish","format-standard","has-post-thumbnail","hentry","category-unternehmen","tag-akara-funds","tag-immobilienfonds","tag-kapitalerhoehung"],"acf":[],"yoast_head":"<!-- This site is optimized with the Yoast SEO plugin v27.4 - https:\/\/yoast.com\/product\/yoast-seo-wordpress\/ -->\n<title>Kapitalerh\u00f6hung f\u00fcr den Akara Diversity PK - IMMOBILIEN Business<\/title>\n<meta name=\"description\" content=\"Akara Funds f\u00fchrt die 6. Kapitalerh\u00f6hung f\u00fcr den Akara Swiss Diversity Property Fund PK durch; die Emission hat ein Volumen von bis zu 200 Millionen CHF.\" \/>\n<meta name=\"robots\" content=\"index, follow, max-snippet:-1, max-image-preview:large, max-video-preview:-1\" \/>\n<link rel=\"canonical\" href=\"https:\/\/www.immobilienbusiness.ch\/it\/unternehmen\/2020-05-05\/kapitalerhoehung-fuer-den-akara-diversity-pk-2\/\" \/>\n<meta property=\"og:locale\" content=\"it_IT\" \/>\n<meta property=\"og:type\" content=\"article\" \/>\n<meta property=\"og:title\" content=\"Kapitalerh\u00f6hung f\u00fcr den Akara Diversity PK - IMMOBILIEN Business\" \/>\n<meta property=\"og:description\" content=\"Akara Funds f\u00fchrt die 6. Kapitalerh\u00f6hung f\u00fcr den Akara Swiss Diversity Property Fund PK durch; die Emission hat ein Volumen von bis zu 200 Millionen CHF.\" \/>\n<meta property=\"og:url\" content=\"https:\/\/www.immobilienbusiness.ch\/it\/unternehmen\/2020-05-05\/kapitalerhoehung-fuer-den-akara-diversity-pk-2\/\" \/>\n<meta property=\"og:site_name\" content=\"IMMOBILIEN Business\" \/>\n<meta property=\"article:publisher\" content=\"https:\/\/www.facebook.com\/immobilienbusiness\/\" \/>\n<meta property=\"article:published_time\" content=\"2020-05-05T07:05:17+00:00\" \/>\n<meta property=\"og:image\" content=\"https:\/\/www.immobilienbusiness.ch\/wp-content\/uploads\/2017\/10\/IB-News-20171019-Kapitalerhoehung-Swiss-Commercial-Properties-Fund-e1637933228234.jpg\" \/>\n\t<meta property=\"og:image:width\" content=\"680\" \/>\n\t<meta property=\"og:image:height\" content=\"450\" \/>\n\t<meta property=\"og:image:type\" content=\"image\/jpeg\" \/>\n<meta name=\"author\" content=\"anja.hall\" \/>\n<meta name=\"twitter:card\" content=\"summary_large_image\" \/>\n<meta name=\"twitter:image\" content=\"https:\/\/www.immobilienbusiness.ch\/wp-content\/uploads\/2017\/10\/IB-News-20171019-Kapitalerhoehung-Swiss-Commercial-Properties-Fund-e1637933228234.jpg\" \/>\n<script type=\"application\/ld+json\" class=\"yoast-schema-graph\">{\"@context\":\"https:\\\/\\\/schema.org\",\"@graph\":[{\"@type\":\"Article\",\"@id\":\"https:\\\/\\\/www.immobilienbusiness.ch\\\/unternehmen\\\/2020-05-05\\\/kapitalerhoehung-fuer-den-akara-diversity-pk-2\\\/#article\",\"isPartOf\":{\"@id\":\"https:\\\/\\\/www.immobilienbusiness.ch\\\/unternehmen\\\/2020-05-05\\\/kapitalerhoehung-fuer-den-akara-diversity-pk-2\\\/\"},\"author\":{\"name\":\"anja.hall\",\"@id\":\"https:\\\/\\\/www.immobilienbusiness.ch\\\/#\\\/schema\\\/person\\\/3fc036297b10b9f42d6db5ee932af8c8\"},\"headline\":\"Kapitalerh\u00f6hung f\u00fcr den Akara Diversity PK\",\"datePublished\":\"2020-05-05T07:05:17+00:00\",\"mainEntityOfPage\":{\"@id\":\"https:\\\/\\\/www.immobilienbusiness.ch\\\/unternehmen\\\/2020-05-05\\\/kapitalerhoehung-fuer-den-akara-diversity-pk-2\\\/\"},\"wordCount\":129,\"publisher\":{\"@id\":\"https:\\\/\\\/www.immobilienbusiness.ch\\\/#organization\"},\"image\":{\"@id\":\"https:\\\/\\\/www.immobilienbusiness.ch\\\/unternehmen\\\/2020-05-05\\\/kapitalerhoehung-fuer-den-akara-diversity-pk-2\\\/#primaryimage\"},\"thumbnailUrl\":\"https:\\\/\\\/www.immobilienbusiness.ch\\\/wp-content\\\/uploads\\\/2017\\\/10\\\/IB-News-20171019-Kapitalerhoehung-Swiss-Commercial-Properties-Fund-e1637933228234.jpg\",\"keywords\":[\"Akara Funds\",\"Immobilienfonds\",\"Kapitalerh\u00f6hung\"],\"articleSection\":[\"UNTERNEHMEN\"],\"inLanguage\":\"it-IT\"},{\"@type\":\"WebPage\",\"@id\":\"https:\\\/\\\/www.immobilienbusiness.ch\\\/unternehmen\\\/2020-05-05\\\/kapitalerhoehung-fuer-den-akara-diversity-pk-2\\\/\",\"url\":\"https:\\\/\\\/www.immobilienbusiness.ch\\\/unternehmen\\\/2020-05-05\\\/kapitalerhoehung-fuer-den-akara-diversity-pk-2\\\/\",\"name\":\"Kapitalerh\u00f6hung f\u00fcr den Akara Diversity PK - IMMOBILIEN Business\",\"isPartOf\":{\"@id\":\"https:\\\/\\\/www.immobilienbusiness.ch\\\/#website\"},\"primaryImageOfPage\":{\"@id\":\"https:\\\/\\\/www.immobilienbusiness.ch\\\/unternehmen\\\/2020-05-05\\\/kapitalerhoehung-fuer-den-akara-diversity-pk-2\\\/#primaryimage\"},\"image\":{\"@id\":\"https:\\\/\\\/www.immobilienbusiness.ch\\\/unternehmen\\\/2020-05-05\\\/kapitalerhoehung-fuer-den-akara-diversity-pk-2\\\/#primaryimage\"},\"thumbnailUrl\":\"https:\\\/\\\/www.immobilienbusiness.ch\\\/wp-content\\\/uploads\\\/2017\\\/10\\\/IB-News-20171019-Kapitalerhoehung-Swiss-Commercial-Properties-Fund-e1637933228234.jpg\",\"datePublished\":\"2020-05-05T07:05:17+00:00\",\"description\":\"Akara Funds f\u00fchrt die 6. Kapitalerh\u00f6hung f\u00fcr den Akara Swiss Diversity Property Fund PK durch; die Emission hat ein Volumen von bis zu 200 Millionen CHF.\",\"breadcrumb\":{\"@id\":\"https:\\\/\\\/www.immobilienbusiness.ch\\\/unternehmen\\\/2020-05-05\\\/kapitalerhoehung-fuer-den-akara-diversity-pk-2\\\/#breadcrumb\"},\"inLanguage\":\"it-IT\",\"potentialAction\":[{\"@type\":\"ReadAction\",\"target\":[\"https:\\\/\\\/www.immobilienbusiness.ch\\\/unternehmen\\\/2020-05-05\\\/kapitalerhoehung-fuer-den-akara-diversity-pk-2\\\/\"]}]},{\"@type\":\"ImageObject\",\"inLanguage\":\"it-IT\",\"@id\":\"https:\\\/\\\/www.immobilienbusiness.ch\\\/unternehmen\\\/2020-05-05\\\/kapitalerhoehung-fuer-den-akara-diversity-pk-2\\\/#primaryimage\",\"url\":\"https:\\\/\\\/www.immobilienbusiness.ch\\\/wp-content\\\/uploads\\\/2017\\\/10\\\/IB-News-20171019-Kapitalerhoehung-Swiss-Commercial-Properties-Fund-e1637933228234.jpg\",\"contentUrl\":\"https:\\\/\\\/www.immobilienbusiness.ch\\\/wp-content\\\/uploads\\\/2017\\\/10\\\/IB-News-20171019-Kapitalerhoehung-Swiss-Commercial-Properties-Fund-e1637933228234.jpg\",\"width\":680,\"height\":450,\"caption\":\"Frisches Kapital (Bild: Rangizzz \u2013 depositphotos)\"},{\"@type\":\"BreadcrumbList\",\"@id\":\"https:\\\/\\\/www.immobilienbusiness.ch\\\/unternehmen\\\/2020-05-05\\\/kapitalerhoehung-fuer-den-akara-diversity-pk-2\\\/#breadcrumb\",\"itemListElement\":[{\"@type\":\"ListItem\",\"position\":1,\"name\":\"Home\",\"item\":\"https:\\\/\\\/www.immobilienbusiness.ch\\\/\"},{\"@type\":\"ListItem\",\"position\":2,\"name\":\"Kapitalerh\u00f6hung f\u00fcr den Akara Diversity PK\"}]},{\"@type\":\"WebSite\",\"@id\":\"https:\\\/\\\/www.immobilienbusiness.ch\\\/#website\",\"url\":\"https:\\\/\\\/www.immobilienbusiness.ch\\\/\",\"name\":\"IMMOBILIEN Business\",\"description\":\"Unabh\u00e4ngiges Schweizer Wirtschaftsmagazin mit Fokus auf Immobilien, Architektur- und Bau sowie Investment- und Finanzierung.\",\"publisher\":{\"@id\":\"https:\\\/\\\/www.immobilienbusiness.ch\\\/#organization\"},\"potentialAction\":[{\"@type\":\"SearchAction\",\"target\":{\"@type\":\"EntryPoint\",\"urlTemplate\":\"https:\\\/\\\/www.immobilienbusiness.ch\\\/?s={search_term_string}\"},\"query-input\":{\"@type\":\"PropertyValueSpecification\",\"valueRequired\":true,\"valueName\":\"search_term_string\"}}],\"inLanguage\":\"it-IT\"},{\"@type\":\"Organization\",\"@id\":\"https:\\\/\\\/www.immobilienbusiness.ch\\\/#organization\",\"name\":\"IMMOBILIEN Business\",\"url\":\"https:\\\/\\\/www.immobilienbusiness.ch\\\/\",\"logo\":{\"@type\":\"ImageObject\",\"inLanguage\":\"it-IT\",\"@id\":\"https:\\\/\\\/www.immobilienbusiness.ch\\\/#\\\/schema\\\/logo\\\/image\\\/\",\"url\":\"https:\\\/\\\/www.immobilienbusiness.ch\\\/wp-content\\\/uploads\\\/2021\\\/07\\\/logo_ib.png\",\"contentUrl\":\"https:\\\/\\\/www.immobilienbusiness.ch\\\/wp-content\\\/uploads\\\/2021\\\/07\\\/logo_ib.png\",\"width\":800,\"height\":181,\"caption\":\"IMMOBILIEN Business\"},\"image\":{\"@id\":\"https:\\\/\\\/www.immobilienbusiness.ch\\\/#\\\/schema\\\/logo\\\/image\\\/\"},\"sameAs\":[\"https:\\\/\\\/www.facebook.com\\\/immobilienbusiness\\\/\"]},{\"@type\":\"Person\",\"@id\":\"https:\\\/\\\/www.immobilienbusiness.ch\\\/#\\\/schema\\\/person\\\/3fc036297b10b9f42d6db5ee932af8c8\",\"name\":\"anja.hall\",\"image\":{\"@type\":\"ImageObject\",\"inLanguage\":\"it-IT\",\"@id\":\"https:\\\/\\\/secure.gravatar.com\\\/avatar\\\/066b5a0d447013502c71a5782f4f3469f03cfe595cc2329fb94652fe47511bfb?s=96&d=mm&r=g\",\"url\":\"https:\\\/\\\/secure.gravatar.com\\\/avatar\\\/066b5a0d447013502c71a5782f4f3469f03cfe595cc2329fb94652fe47511bfb?s=96&d=mm&r=g\",\"contentUrl\":\"https:\\\/\\\/secure.gravatar.com\\\/avatar\\\/066b5a0d447013502c71a5782f4f3469f03cfe595cc2329fb94652fe47511bfb?s=96&d=mm&r=g\",\"caption\":\"anja.hall\"},\"url\":\"https:\\\/\\\/www.immobilienbusiness.ch\\\/it\\\/author\\\/anja-hall\\\/\"}]}<\/script>\n<!-- \/ Yoast SEO plugin. -->","yoast_head_json":{"title":"Aumento di capitale per Akara Diversity PK - IMMOBILIEN Business","description":"Akara Funds f\u00fchrt die 6. Kapitalerh\u00f6hung f\u00fcr den Akara Swiss Diversity Property Fund PK durch; die Emission hat ein Volumen von bis zu 200 Millionen CHF.","robots":{"index":"index","follow":"follow","max-snippet":"max-snippet:-1","max-image-preview":"max-image-preview:large","max-video-preview":"max-video-preview:-1"},"canonical":"https:\/\/www.immobilienbusiness.ch\/it\/unternehmen\/2020-05-05\/kapitalerhoehung-fuer-den-akara-diversity-pk-2\/","og_locale":"it_IT","og_type":"article","og_title":"Kapitalerh\u00f6hung f\u00fcr den Akara Diversity PK - IMMOBILIEN Business","og_description":"Akara Funds f\u00fchrt die 6. Kapitalerh\u00f6hung f\u00fcr den Akara Swiss Diversity Property Fund PK durch; die Emission hat ein Volumen von bis zu 200 Millionen CHF.","og_url":"https:\/\/www.immobilienbusiness.ch\/it\/unternehmen\/2020-05-05\/kapitalerhoehung-fuer-den-akara-diversity-pk-2\/","og_site_name":"IMMOBILIEN Business","article_publisher":"https:\/\/www.facebook.com\/immobilienbusiness\/","article_published_time":"2020-05-05T07:05:17+00:00","og_image":[{"width":680,"height":450,"url":"https:\/\/www.immobilienbusiness.ch\/wp-content\/uploads\/2017\/10\/IB-News-20171019-Kapitalerhoehung-Swiss-Commercial-Properties-Fund-e1637933228234.jpg","type":"image\/jpeg"}],"author":"anja.hall","twitter_card":"summary_large_image","twitter_image":"https:\/\/www.immobilienbusiness.ch\/wp-content\/uploads\/2017\/10\/IB-News-20171019-Kapitalerhoehung-Swiss-Commercial-Properties-Fund-e1637933228234.jpg","schema":{"@context":"https:\/\/schema.org","@graph":[{"@type":"Article","@id":"https:\/\/www.immobilienbusiness.ch\/unternehmen\/2020-05-05\/kapitalerhoehung-fuer-den-akara-diversity-pk-2\/#article","isPartOf":{"@id":"https:\/\/www.immobilienbusiness.ch\/unternehmen\/2020-05-05\/kapitalerhoehung-fuer-den-akara-diversity-pk-2\/"},"author":{"name":"anja.hall","@id":"https:\/\/www.immobilienbusiness.ch\/#\/schema\/person\/3fc036297b10b9f42d6db5ee932af8c8"},"headline":"Kapitalerh\u00f6hung f\u00fcr den Akara Diversity PK","datePublished":"2020-05-05T07:05:17+00:00","mainEntityOfPage":{"@id":"https:\/\/www.immobilienbusiness.ch\/unternehmen\/2020-05-05\/kapitalerhoehung-fuer-den-akara-diversity-pk-2\/"},"wordCount":129,"publisher":{"@id":"https:\/\/www.immobilienbusiness.ch\/#organization"},"image":{"@id":"https:\/\/www.immobilienbusiness.ch\/unternehmen\/2020-05-05\/kapitalerhoehung-fuer-den-akara-diversity-pk-2\/#primaryimage"},"thumbnailUrl":"https:\/\/www.immobilienbusiness.ch\/wp-content\/uploads\/2017\/10\/IB-News-20171019-Kapitalerhoehung-Swiss-Commercial-Properties-Fund-e1637933228234.jpg","keywords":["Akara Funds","Immobilienfonds","Kapitalerh\u00f6hung"],"articleSection":["UNTERNEHMEN"],"inLanguage":"it-IT"},{"@type":"WebPage","@id":"https:\/\/www.immobilienbusiness.ch\/unternehmen\/2020-05-05\/kapitalerhoehung-fuer-den-akara-diversity-pk-2\/","url":"https:\/\/www.immobilienbusiness.ch\/unternehmen\/2020-05-05\/kapitalerhoehung-fuer-den-akara-diversity-pk-2\/","name":"Aumento di capitale per Akara Diversity PK - IMMOBILIEN Business","isPartOf":{"@id":"https:\/\/www.immobilienbusiness.ch\/#website"},"primaryImageOfPage":{"@id":"https:\/\/www.immobilienbusiness.ch\/unternehmen\/2020-05-05\/kapitalerhoehung-fuer-den-akara-diversity-pk-2\/#primaryimage"},"image":{"@id":"https:\/\/www.immobilienbusiness.ch\/unternehmen\/2020-05-05\/kapitalerhoehung-fuer-den-akara-diversity-pk-2\/#primaryimage"},"thumbnailUrl":"https:\/\/www.immobilienbusiness.ch\/wp-content\/uploads\/2017\/10\/IB-News-20171019-Kapitalerhoehung-Swiss-Commercial-Properties-Fund-e1637933228234.jpg","datePublished":"2020-05-05T07:05:17+00:00","description":"Akara Funds f\u00fchrt die 6. Kapitalerh\u00f6hung f\u00fcr den Akara Swiss Diversity Property Fund PK durch; die Emission hat ein Volumen von bis zu 200 Millionen CHF.","breadcrumb":{"@id":"https:\/\/www.immobilienbusiness.ch\/unternehmen\/2020-05-05\/kapitalerhoehung-fuer-den-akara-diversity-pk-2\/#breadcrumb"},"inLanguage":"it-IT","potentialAction":[{"@type":"ReadAction","target":["https:\/\/www.immobilienbusiness.ch\/unternehmen\/2020-05-05\/kapitalerhoehung-fuer-den-akara-diversity-pk-2\/"]}]},{"@type":"ImageObject","inLanguage":"it-IT","@id":"https:\/\/www.immobilienbusiness.ch\/unternehmen\/2020-05-05\/kapitalerhoehung-fuer-den-akara-diversity-pk-2\/#primaryimage","url":"https:\/\/www.immobilienbusiness.ch\/wp-content\/uploads\/2017\/10\/IB-News-20171019-Kapitalerhoehung-Swiss-Commercial-Properties-Fund-e1637933228234.jpg","contentUrl":"https:\/\/www.immobilienbusiness.ch\/wp-content\/uploads\/2017\/10\/IB-News-20171019-Kapitalerhoehung-Swiss-Commercial-Properties-Fund-e1637933228234.jpg","width":680,"height":450,"caption":"Frisches Kapital (Bild: Rangizzz \u2013 depositphotos)"},{"@type":"BreadcrumbList","@id":"https:\/\/www.immobilienbusiness.ch\/unternehmen\/2020-05-05\/kapitalerhoehung-fuer-den-akara-diversity-pk-2\/#breadcrumb","itemListElement":[{"@type":"ListItem","position":1,"name":"Home","item":"https:\/\/www.immobilienbusiness.ch\/"},{"@type":"ListItem","position":2,"name":"Kapitalerh\u00f6hung f\u00fcr den Akara Diversity PK"}]},{"@type":"WebSite","@id":"https:\/\/www.immobilienbusiness.ch\/#website","url":"https:\/\/www.immobilienbusiness.ch\/","name":"Affari immobiliari","description":"Rivista economica indipendente svizzera che si concentra sul settore immobiliare, l'architettura e la costruzione, nonch\u00e9 sugli investimenti e i finanziamenti.","publisher":{"@id":"https:\/\/www.immobilienbusiness.ch\/#organization"},"potentialAction":[{"@type":"SearchAction","target":{"@type":"EntryPoint","urlTemplate":"https:\/\/www.immobilienbusiness.ch\/?s={search_term_string}"},"query-input":{"@type":"PropertyValueSpecification","valueRequired":true,"valueName":"search_term_string"}}],"inLanguage":"it-IT"},{"@type":"Organization","@id":"https:\/\/www.immobilienbusiness.ch\/#organization","name":"Affari immobiliari","url":"https:\/\/www.immobilienbusiness.ch\/","logo":{"@type":"ImageObject","inLanguage":"it-IT","@id":"https:\/\/www.immobilienbusiness.ch\/#\/schema\/logo\/image\/","url":"https:\/\/www.immobilienbusiness.ch\/wp-content\/uploads\/2021\/07\/logo_ib.png","contentUrl":"https:\/\/www.immobilienbusiness.ch\/wp-content\/uploads\/2021\/07\/logo_ib.png","width":800,"height":181,"caption":"IMMOBILIEN Business"},"image":{"@id":"https:\/\/www.immobilienbusiness.ch\/#\/schema\/logo\/image\/"},"sameAs":["https:\/\/www.facebook.com\/immobilienbusiness\/"]},{"@type":"Person","@id":"https:\/\/www.immobilienbusiness.ch\/#\/schema\/person\/3fc036297b10b9f42d6db5ee932af8c8","name":"anja.hall","image":{"@type":"ImageObject","inLanguage":"it-IT","@id":"https:\/\/secure.gravatar.com\/avatar\/066b5a0d447013502c71a5782f4f3469f03cfe595cc2329fb94652fe47511bfb?s=96&d=mm&r=g","url":"https:\/\/secure.gravatar.com\/avatar\/066b5a0d447013502c71a5782f4f3469f03cfe595cc2329fb94652fe47511bfb?s=96&d=mm&r=g","contentUrl":"https:\/\/secure.gravatar.com\/avatar\/066b5a0d447013502c71a5782f4f3469f03cfe595cc2329fb94652fe47511bfb?s=96&d=mm&r=g","caption":"anja.hall"},"url":"https:\/\/www.immobilienbusiness.ch\/it\/author\/anja-hall\/"}]}},"_links":{"self":[{"href":"https:\/\/www.immobilienbusiness.ch\/it\/wp-json\/wp\/v2\/posts\/21093","targetHints":{"allow":["GET"]}}],"collection":[{"href":"https:\/\/www.immobilienbusiness.ch\/it\/wp-json\/wp\/v2\/posts"}],"about":[{"href":"https:\/\/www.immobilienbusiness.ch\/it\/wp-json\/wp\/v2\/types\/post"}],"author":[{"embeddable":true,"href":"https:\/\/www.immobilienbusiness.ch\/it\/wp-json\/wp\/v2\/users\/3"}],"replies":[{"embeddable":true,"href":"https:\/\/www.immobilienbusiness.ch\/it\/wp-json\/wp\/v2\/comments?post=21093"}],"version-history":[{"count":0,"href":"https:\/\/www.immobilienbusiness.ch\/it\/wp-json\/wp\/v2\/posts\/21093\/revisions"}],"wp:featuredmedia":[{"embeddable":true,"href":"https:\/\/www.immobilienbusiness.ch\/it\/wp-json\/wp\/v2\/media\/9635"}],"wp:attachment":[{"href":"https:\/\/www.immobilienbusiness.ch\/it\/wp-json\/wp\/v2\/media?parent=21093"}],"wp:term":[{"taxonomy":"category","embeddable":true,"href":"https:\/\/www.immobilienbusiness.ch\/it\/wp-json\/wp\/v2\/categories?post=21093"},{"taxonomy":"post_tag","embeddable":true,"href":"https:\/\/www.immobilienbusiness.ch\/it\/wp-json\/wp\/v2\/tags?post=21093"}],"curies":[{"name":"wp","href":"https:\/\/api.w.org\/{rel}","templated":true}]}}