{"id":20945,"date":"2020-04-20T08:02:40","date_gmt":"2020-04-20T06:02:40","guid":{"rendered":"https:\/\/www.immobilienbusiness.ch\/?p=20945"},"modified":"2023-08-09T21:33:51","modified_gmt":"2023-08-09T19:33:51","slug":"zuerich-microsoft-mietet-weitere-bueroflaeche-in-der-city","status":"publish","type":"post","link":"https:\/\/www.immobilienbusiness.ch\/it\/regionen\/2020-04-20\/zuerich-microsoft-mietet-weitere-bueroflaeche-in-der-city\/","title":{"rendered":"Zurigo: Microsoft affitta un altro spazio per uffici nel centro della citt\u00e0"},"content":{"rendered":"<figure id=\"attachment_20946\" aria-describedby=\"caption-attachment-20946\" style=\"width: 300px\" class=\"wp-caption alignnone\"><img loading=\"lazy\" decoding=\"async\" class=\"wp-image-20946 size-medium\" src=\"https:\/\/www.immobilienbusiness.ch\/wp-content\/uploads\/2020\/04\/MM_SPG-IC_Talstrasse-300x199.jpg\" alt=\"Microsoft\" width=\"300\" height=\"199\" srcset=\"https:\/\/www.immobilienbusiness.ch\/wp-content\/uploads\/2020\/04\/MM_SPG-IC_Talstrasse-300x199.jpg 300w, https:\/\/www.immobilienbusiness.ch\/wp-content\/uploads\/2020\/04\/MM_SPG-IC_Talstrasse-1024x678.jpg 1024w, https:\/\/www.immobilienbusiness.ch\/wp-content\/uploads\/2020\/04\/MM_SPG-IC_Talstrasse-768x509.jpg 768w, https:\/\/www.immobilienbusiness.ch\/wp-content\/uploads\/2020\/04\/MM_SPG-IC_Talstrasse-1536x1017.jpg 1536w, https:\/\/www.immobilienbusiness.ch\/wp-content\/uploads\/2020\/04\/MM_SPG-IC_Talstrasse-2048x1356.jpg 2048w, https:\/\/www.immobilienbusiness.ch\/wp-content\/uploads\/2020\/04\/MM_SPG-IC_Talstrasse-16x12.jpg 16w, https:\/\/www.immobilienbusiness.ch\/wp-content\/uploads\/2020\/04\/MM_SPG-IC_Talstrasse-264x175.jpg 264w, https:\/\/www.immobilienbusiness.ch\/wp-content\/uploads\/2020\/04\/MM_SPG-IC_Talstrasse-528x350.jpg 528w, https:\/\/www.immobilienbusiness.ch\/wp-content\/uploads\/2020\/04\/MM_SPG-IC_Talstrasse-1208x800.jpg 1208w, https:\/\/www.immobilienbusiness.ch\/wp-content\/uploads\/2020\/04\/MM_SPG-IC_Talstrasse-920x609.jpg 920w, https:\/\/www.immobilienbusiness.ch\/wp-content\/uploads\/2020\/04\/MM_SPG-IC_Talstrasse-1400x927.jpg 1400w\" sizes=\"auto, (max-width: 300px) 100vw, 300px\" \/><figcaption id=\"caption-attachment-20946\" class=\"wp-caption-text\">La sede Microsoft nella citt\u00e0 di Zurigo (Immagine: SPG Intercity Zurich)<\/figcaption><\/figure>\n<p>Microsoft Svizzera, che attualmente ha sede a Wallisellen e che dal 2021 avr\u00e0 il suo quartier generale nel nuovo edificio dell'aeroporto \"The Circle\", nel 2019 ha incaricato SPG Intercity Zurich AG di cercare uno spazio per uffici centrali a Zurigo. Criteri importanti per l'azienda tecnologica in rapido sviluppo erano la vicinanza alle universit\u00e0 di Zurigo e la possibilit\u00e0 di crescere in modo flessibile nella nuova sede.<\/p>\n<p>In Talstrasse 9, nel cuore del quartiere centrale degli affari di Zurigo, SPG Intercity \u00e8 riuscita ad affittare uno spazio adatto al cliente. Durante le trattative di locazione, SPG Intercity ha ottenuto anche un diritto di priorit\u00e0 per l'affitto di uno spazio aggiuntivo. Microsoft Svizzera \u00e8 stata in grado di rilevarlo, il che significa che la sede Microsoft di Talstrasse 9 copre ora un totale di circa 600 mq. <em>(bw)<\/em><\/p>\n<p>&nbsp;<\/p>","protected":false},"excerpt":{"rendered":"<p> Grazie a un contratto di locazione flessibile, Microsoft Svizzera ha potuto ampliare la propria presenza in Talstrasse 9 a Zurigo. SPG Intercity Zurich ha negoziato il contratto di locazione per conto dell'azienda informatica.   <\/p>","protected":false},"author":3,"featured_media":20946,"comment_status":"closed","ping_status":"closed","sticky":false,"template":"","format":"standard","meta":{"_acf_changed":false,"_yoast_wpseo_focuskw":"Microsoft","_yoast_wpseo_title":"","_yoast_wpseo_metadesc":"Dank flexiblem Mietvertrag konnte Microsoft Schweiz ihre B\u00fcropr\u00e4senz am Standort Talstrasse 9 in Z\u00fcrich erweitern.","_yoast_wpseo_linkdex":48,"pgc_sgb_lightbox_settings":"","footnotes":""},"categories":[985],"tags":[1119,1717,1832,1888],"class_list":["post-20945","post","type-post","status-publish","format-standard","has-post-thumbnail","hentry","category-regionen","tag-bueroimmobilien","tag-spg-intercity","tag-vermietung","tag-zuerich"],"acf":[],"yoast_head":"<!-- This site is optimized with the Yoast SEO plugin v27.4 - https:\/\/yoast.com\/product\/yoast-seo-wordpress\/ -->\n<title>Z\u00fcrich: Microsoft mietet weitere B\u00fcrofl\u00e4che in der City - IMMOBILIEN Business<\/title>\n<meta name=\"description\" content=\"Dank flexiblem Mietvertrag konnte Microsoft Schweiz ihre B\u00fcropr\u00e4senz am Standort Talstrasse 9 in Z\u00fcrich erweitern.\" \/>\n<meta name=\"robots\" content=\"index, follow, max-snippet:-1, max-image-preview:large, max-video-preview:-1\" \/>\n<link rel=\"canonical\" href=\"https:\/\/www.immobilienbusiness.ch\/it\/regionen\/2020-04-20\/zuerich-microsoft-mietet-weitere-bueroflaeche-in-der-city\/\" \/>\n<meta property=\"og:locale\" content=\"it_IT\" \/>\n<meta property=\"og:type\" content=\"article\" \/>\n<meta property=\"og:title\" content=\"Z\u00fcrich: Microsoft mietet weitere B\u00fcrofl\u00e4che in der City - IMMOBILIEN Business\" \/>\n<meta property=\"og:description\" content=\"Dank flexiblem Mietvertrag konnte Microsoft Schweiz ihre B\u00fcropr\u00e4senz am Standort Talstrasse 9 in Z\u00fcrich erweitern.\" \/>\n<meta property=\"og:url\" content=\"https:\/\/www.immobilienbusiness.ch\/it\/regionen\/2020-04-20\/zuerich-microsoft-mietet-weitere-bueroflaeche-in-der-city\/\" \/>\n<meta property=\"og:site_name\" content=\"IMMOBILIEN Business\" \/>\n<meta property=\"article:publisher\" content=\"https:\/\/www.facebook.com\/immobilienbusiness\/\" \/>\n<meta property=\"article:published_time\" content=\"2020-04-20T06:02:40+00:00\" \/>\n<meta property=\"article:modified_time\" content=\"2023-08-09T19:33:51+00:00\" \/>\n<meta property=\"og:image\" content=\"https:\/\/www.immobilienbusiness.ch\/wp-content\/uploads\/2020\/04\/MM_SPG-IC_Talstrasse-1024x678.jpg\" \/>\n\t<meta property=\"og:image:width\" content=\"1024\" \/>\n\t<meta property=\"og:image:height\" content=\"678\" \/>\n\t<meta property=\"og:image:type\" content=\"image\/jpeg\" \/>\n<meta name=\"author\" content=\"anja.hall\" \/>\n<meta name=\"twitter:card\" content=\"summary_large_image\" \/>\n<meta name=\"twitter:image\" content=\"https:\/\/www.immobilienbusiness.ch\/wp-content\/uploads\/2020\/04\/MM_SPG-IC_Talstrasse.jpg\" \/>\n<script type=\"application\/ld+json\" class=\"yoast-schema-graph\">{\"@context\":\"https:\\\/\\\/schema.org\",\"@graph\":[{\"@type\":\"Article\",\"@id\":\"https:\\\/\\\/www.immobilienbusiness.ch\\\/regionen\\\/2020-04-20\\\/zuerich-microsoft-mietet-weitere-bueroflaeche-in-der-city\\\/#article\",\"isPartOf\":{\"@id\":\"https:\\\/\\\/www.immobilienbusiness.ch\\\/regionen\\\/2020-04-20\\\/zuerich-microsoft-mietet-weitere-bueroflaeche-in-der-city\\\/\"},\"author\":{\"name\":\"anja.hall\",\"@id\":\"https:\\\/\\\/www.immobilienbusiness.ch\\\/#\\\/schema\\\/person\\\/3fc036297b10b9f42d6db5ee932af8c8\"},\"headline\":\"Z\u00fcrich: Microsoft mietet weitere B\u00fcrofl\u00e4che in der City\",\"datePublished\":\"2020-04-20T06:02:40+00:00\",\"dateModified\":\"2023-08-09T19:33:51+00:00\",\"mainEntityOfPage\":{\"@id\":\"https:\\\/\\\/www.immobilienbusiness.ch\\\/regionen\\\/2020-04-20\\\/zuerich-microsoft-mietet-weitere-bueroflaeche-in-der-city\\\/\"},\"wordCount\":148,\"publisher\":{\"@id\":\"https:\\\/\\\/www.immobilienbusiness.ch\\\/#organization\"},\"image\":{\"@id\":\"https:\\\/\\\/www.immobilienbusiness.ch\\\/regionen\\\/2020-04-20\\\/zuerich-microsoft-mietet-weitere-bueroflaeche-in-der-city\\\/#primaryimage\"},\"thumbnailUrl\":\"https:\\\/\\\/www.immobilienbusiness.ch\\\/wp-content\\\/uploads\\\/2020\\\/04\\\/MM_SPG-IC_Talstrasse.jpg\",\"keywords\":[\"B\u00fcroimmobilien\",\"SPG Intercity\",\"Vermietung\",\"Z\u00fcrich\"],\"articleSection\":[\"REGIONEN\"],\"inLanguage\":\"it-IT\"},{\"@type\":\"WebPage\",\"@id\":\"https:\\\/\\\/www.immobilienbusiness.ch\\\/regionen\\\/2020-04-20\\\/zuerich-microsoft-mietet-weitere-bueroflaeche-in-der-city\\\/\",\"url\":\"https:\\\/\\\/www.immobilienbusiness.ch\\\/regionen\\\/2020-04-20\\\/zuerich-microsoft-mietet-weitere-bueroflaeche-in-der-city\\\/\",\"name\":\"Z\u00fcrich: Microsoft mietet weitere B\u00fcrofl\u00e4che in der City - IMMOBILIEN Business\",\"isPartOf\":{\"@id\":\"https:\\\/\\\/www.immobilienbusiness.ch\\\/#website\"},\"primaryImageOfPage\":{\"@id\":\"https:\\\/\\\/www.immobilienbusiness.ch\\\/regionen\\\/2020-04-20\\\/zuerich-microsoft-mietet-weitere-bueroflaeche-in-der-city\\\/#primaryimage\"},\"image\":{\"@id\":\"https:\\\/\\\/www.immobilienbusiness.ch\\\/regionen\\\/2020-04-20\\\/zuerich-microsoft-mietet-weitere-bueroflaeche-in-der-city\\\/#primaryimage\"},\"thumbnailUrl\":\"https:\\\/\\\/www.immobilienbusiness.ch\\\/wp-content\\\/uploads\\\/2020\\\/04\\\/MM_SPG-IC_Talstrasse.jpg\",\"datePublished\":\"2020-04-20T06:02:40+00:00\",\"dateModified\":\"2023-08-09T19:33:51+00:00\",\"description\":\"Dank flexiblem Mietvertrag konnte Microsoft Schweiz ihre B\u00fcropr\u00e4senz am Standort Talstrasse 9 in Z\u00fcrich erweitern.\",\"breadcrumb\":{\"@id\":\"https:\\\/\\\/www.immobilienbusiness.ch\\\/regionen\\\/2020-04-20\\\/zuerich-microsoft-mietet-weitere-bueroflaeche-in-der-city\\\/#breadcrumb\"},\"inLanguage\":\"it-IT\",\"potentialAction\":[{\"@type\":\"ReadAction\",\"target\":[\"https:\\\/\\\/www.immobilienbusiness.ch\\\/regionen\\\/2020-04-20\\\/zuerich-microsoft-mietet-weitere-bueroflaeche-in-der-city\\\/\"]}]},{\"@type\":\"ImageObject\",\"inLanguage\":\"it-IT\",\"@id\":\"https:\\\/\\\/www.immobilienbusiness.ch\\\/regionen\\\/2020-04-20\\\/zuerich-microsoft-mietet-weitere-bueroflaeche-in-der-city\\\/#primaryimage\",\"url\":\"https:\\\/\\\/www.immobilienbusiness.ch\\\/wp-content\\\/uploads\\\/2020\\\/04\\\/MM_SPG-IC_Talstrasse.jpg\",\"contentUrl\":\"https:\\\/\\\/www.immobilienbusiness.ch\\\/wp-content\\\/uploads\\\/2020\\\/04\\\/MM_SPG-IC_Talstrasse.jpg\",\"width\":2560,\"height\":1696,\"caption\":\"Der Microsoft-Standort in der Z\u00fcrcher City (Bild: SPG Intercity Zurich)\"},{\"@type\":\"BreadcrumbList\",\"@id\":\"https:\\\/\\\/www.immobilienbusiness.ch\\\/regionen\\\/2020-04-20\\\/zuerich-microsoft-mietet-weitere-bueroflaeche-in-der-city\\\/#breadcrumb\",\"itemListElement\":[{\"@type\":\"ListItem\",\"position\":1,\"name\":\"Home\",\"item\":\"https:\\\/\\\/www.immobilienbusiness.ch\\\/\"},{\"@type\":\"ListItem\",\"position\":2,\"name\":\"Z\u00fcrich: Microsoft mietet weitere B\u00fcrofl\u00e4che in der City\"}]},{\"@type\":\"WebSite\",\"@id\":\"https:\\\/\\\/www.immobilienbusiness.ch\\\/#website\",\"url\":\"https:\\\/\\\/www.immobilienbusiness.ch\\\/\",\"name\":\"IMMOBILIEN Business\",\"description\":\"Unabh\u00e4ngiges Schweizer Wirtschaftsmagazin mit Fokus auf Immobilien, Architektur- und Bau sowie Investment- und Finanzierung.\",\"publisher\":{\"@id\":\"https:\\\/\\\/www.immobilienbusiness.ch\\\/#organization\"},\"potentialAction\":[{\"@type\":\"SearchAction\",\"target\":{\"@type\":\"EntryPoint\",\"urlTemplate\":\"https:\\\/\\\/www.immobilienbusiness.ch\\\/?s={search_term_string}\"},\"query-input\":{\"@type\":\"PropertyValueSpecification\",\"valueRequired\":true,\"valueName\":\"search_term_string\"}}],\"inLanguage\":\"it-IT\"},{\"@type\":\"Organization\",\"@id\":\"https:\\\/\\\/www.immobilienbusiness.ch\\\/#organization\",\"name\":\"IMMOBILIEN Business\",\"url\":\"https:\\\/\\\/www.immobilienbusiness.ch\\\/\",\"logo\":{\"@type\":\"ImageObject\",\"inLanguage\":\"it-IT\",\"@id\":\"https:\\\/\\\/www.immobilienbusiness.ch\\\/#\\\/schema\\\/logo\\\/image\\\/\",\"url\":\"https:\\\/\\\/www.immobilienbusiness.ch\\\/wp-content\\\/uploads\\\/2021\\\/07\\\/logo_ib.png\",\"contentUrl\":\"https:\\\/\\\/www.immobilienbusiness.ch\\\/wp-content\\\/uploads\\\/2021\\\/07\\\/logo_ib.png\",\"width\":800,\"height\":181,\"caption\":\"IMMOBILIEN Business\"},\"image\":{\"@id\":\"https:\\\/\\\/www.immobilienbusiness.ch\\\/#\\\/schema\\\/logo\\\/image\\\/\"},\"sameAs\":[\"https:\\\/\\\/www.facebook.com\\\/immobilienbusiness\\\/\"]},{\"@type\":\"Person\",\"@id\":\"https:\\\/\\\/www.immobilienbusiness.ch\\\/#\\\/schema\\\/person\\\/3fc036297b10b9f42d6db5ee932af8c8\",\"name\":\"anja.hall\",\"image\":{\"@type\":\"ImageObject\",\"inLanguage\":\"it-IT\",\"@id\":\"https:\\\/\\\/secure.gravatar.com\\\/avatar\\\/066b5a0d447013502c71a5782f4f3469f03cfe595cc2329fb94652fe47511bfb?s=96&d=mm&r=g\",\"url\":\"https:\\\/\\\/secure.gravatar.com\\\/avatar\\\/066b5a0d447013502c71a5782f4f3469f03cfe595cc2329fb94652fe47511bfb?s=96&d=mm&r=g\",\"contentUrl\":\"https:\\\/\\\/secure.gravatar.com\\\/avatar\\\/066b5a0d447013502c71a5782f4f3469f03cfe595cc2329fb94652fe47511bfb?s=96&d=mm&r=g\",\"caption\":\"anja.hall\"},\"url\":\"https:\\\/\\\/www.immobilienbusiness.ch\\\/it\\\/author\\\/anja-hall\\\/\"}]}<\/script>\n<!-- \/ Yoast SEO plugin. -->","yoast_head_json":{"title":"Z\u00fcrich: Microsoft mietet weitere B\u00fcrofl\u00e4che in der City - IMMOBILIEN Business","description":"Dank flexiblem Mietvertrag konnte Microsoft Schweiz ihre B\u00fcropr\u00e4senz am Standort Talstrasse 9 in Z\u00fcrich erweitern.","robots":{"index":"index","follow":"follow","max-snippet":"max-snippet:-1","max-image-preview":"max-image-preview:large","max-video-preview":"max-video-preview:-1"},"canonical":"https:\/\/www.immobilienbusiness.ch\/it\/regionen\/2020-04-20\/zuerich-microsoft-mietet-weitere-bueroflaeche-in-der-city\/","og_locale":"it_IT","og_type":"article","og_title":"Z\u00fcrich: Microsoft mietet weitere B\u00fcrofl\u00e4che in der City - IMMOBILIEN Business","og_description":"Dank flexiblem Mietvertrag konnte Microsoft Schweiz ihre B\u00fcropr\u00e4senz am Standort Talstrasse 9 in Z\u00fcrich erweitern.","og_url":"https:\/\/www.immobilienbusiness.ch\/it\/regionen\/2020-04-20\/zuerich-microsoft-mietet-weitere-bueroflaeche-in-der-city\/","og_site_name":"IMMOBILIEN Business","article_publisher":"https:\/\/www.facebook.com\/immobilienbusiness\/","article_published_time":"2020-04-20T06:02:40+00:00","article_modified_time":"2023-08-09T19:33:51+00:00","og_image":[{"width":1024,"height":678,"url":"https:\/\/www.immobilienbusiness.ch\/wp-content\/uploads\/2020\/04\/MM_SPG-IC_Talstrasse-1024x678.jpg","type":"image\/jpeg"}],"author":"anja.hall","twitter_card":"summary_large_image","twitter_image":"https:\/\/www.immobilienbusiness.ch\/wp-content\/uploads\/2020\/04\/MM_SPG-IC_Talstrasse.jpg","schema":{"@context":"https:\/\/schema.org","@graph":[{"@type":"Article","@id":"https:\/\/www.immobilienbusiness.ch\/regionen\/2020-04-20\/zuerich-microsoft-mietet-weitere-bueroflaeche-in-der-city\/#article","isPartOf":{"@id":"https:\/\/www.immobilienbusiness.ch\/regionen\/2020-04-20\/zuerich-microsoft-mietet-weitere-bueroflaeche-in-der-city\/"},"author":{"name":"anja.hall","@id":"https:\/\/www.immobilienbusiness.ch\/#\/schema\/person\/3fc036297b10b9f42d6db5ee932af8c8"},"headline":"Z\u00fcrich: Microsoft mietet weitere B\u00fcrofl\u00e4che in der City","datePublished":"2020-04-20T06:02:40+00:00","dateModified":"2023-08-09T19:33:51+00:00","mainEntityOfPage":{"@id":"https:\/\/www.immobilienbusiness.ch\/regionen\/2020-04-20\/zuerich-microsoft-mietet-weitere-bueroflaeche-in-der-city\/"},"wordCount":148,"publisher":{"@id":"https:\/\/www.immobilienbusiness.ch\/#organization"},"image":{"@id":"https:\/\/www.immobilienbusiness.ch\/regionen\/2020-04-20\/zuerich-microsoft-mietet-weitere-bueroflaeche-in-der-city\/#primaryimage"},"thumbnailUrl":"https:\/\/www.immobilienbusiness.ch\/wp-content\/uploads\/2020\/04\/MM_SPG-IC_Talstrasse.jpg","keywords":["B\u00fcroimmobilien","SPG Intercity","Vermietung","Z\u00fcrich"],"articleSection":["REGIONEN"],"inLanguage":"it-IT"},{"@type":"WebPage","@id":"https:\/\/www.immobilienbusiness.ch\/regionen\/2020-04-20\/zuerich-microsoft-mietet-weitere-bueroflaeche-in-der-city\/","url":"https:\/\/www.immobilienbusiness.ch\/regionen\/2020-04-20\/zuerich-microsoft-mietet-weitere-bueroflaeche-in-der-city\/","name":"Z\u00fcrich: Microsoft mietet weitere B\u00fcrofl\u00e4che in der City - IMMOBILIEN Business","isPartOf":{"@id":"https:\/\/www.immobilienbusiness.ch\/#website"},"primaryImageOfPage":{"@id":"https:\/\/www.immobilienbusiness.ch\/regionen\/2020-04-20\/zuerich-microsoft-mietet-weitere-bueroflaeche-in-der-city\/#primaryimage"},"image":{"@id":"https:\/\/www.immobilienbusiness.ch\/regionen\/2020-04-20\/zuerich-microsoft-mietet-weitere-bueroflaeche-in-der-city\/#primaryimage"},"thumbnailUrl":"https:\/\/www.immobilienbusiness.ch\/wp-content\/uploads\/2020\/04\/MM_SPG-IC_Talstrasse.jpg","datePublished":"2020-04-20T06:02:40+00:00","dateModified":"2023-08-09T19:33:51+00:00","description":"Dank flexiblem Mietvertrag konnte Microsoft Schweiz ihre B\u00fcropr\u00e4senz am Standort Talstrasse 9 in Z\u00fcrich erweitern.","breadcrumb":{"@id":"https:\/\/www.immobilienbusiness.ch\/regionen\/2020-04-20\/zuerich-microsoft-mietet-weitere-bueroflaeche-in-der-city\/#breadcrumb"},"inLanguage":"it-IT","potentialAction":[{"@type":"ReadAction","target":["https:\/\/www.immobilienbusiness.ch\/regionen\/2020-04-20\/zuerich-microsoft-mietet-weitere-bueroflaeche-in-der-city\/"]}]},{"@type":"ImageObject","inLanguage":"it-IT","@id":"https:\/\/www.immobilienbusiness.ch\/regionen\/2020-04-20\/zuerich-microsoft-mietet-weitere-bueroflaeche-in-der-city\/#primaryimage","url":"https:\/\/www.immobilienbusiness.ch\/wp-content\/uploads\/2020\/04\/MM_SPG-IC_Talstrasse.jpg","contentUrl":"https:\/\/www.immobilienbusiness.ch\/wp-content\/uploads\/2020\/04\/MM_SPG-IC_Talstrasse.jpg","width":2560,"height":1696,"caption":"Der Microsoft-Standort in der Z\u00fcrcher City (Bild: SPG Intercity Zurich)"},{"@type":"BreadcrumbList","@id":"https:\/\/www.immobilienbusiness.ch\/regionen\/2020-04-20\/zuerich-microsoft-mietet-weitere-bueroflaeche-in-der-city\/#breadcrumb","itemListElement":[{"@type":"ListItem","position":1,"name":"Home","item":"https:\/\/www.immobilienbusiness.ch\/"},{"@type":"ListItem","position":2,"name":"Z\u00fcrich: Microsoft mietet weitere B\u00fcrofl\u00e4che in der City"}]},{"@type":"WebSite","@id":"https:\/\/www.immobilienbusiness.ch\/#website","url":"https:\/\/www.immobilienbusiness.ch\/","name":"Affari immobiliari","description":"Rivista economica indipendente svizzera che si concentra sul settore immobiliare, l'architettura e la costruzione, nonch\u00e9 sugli investimenti e i finanziamenti.","publisher":{"@id":"https:\/\/www.immobilienbusiness.ch\/#organization"},"potentialAction":[{"@type":"SearchAction","target":{"@type":"EntryPoint","urlTemplate":"https:\/\/www.immobilienbusiness.ch\/?s={search_term_string}"},"query-input":{"@type":"PropertyValueSpecification","valueRequired":true,"valueName":"search_term_string"}}],"inLanguage":"it-IT"},{"@type":"Organization","@id":"https:\/\/www.immobilienbusiness.ch\/#organization","name":"Affari immobiliari","url":"https:\/\/www.immobilienbusiness.ch\/","logo":{"@type":"ImageObject","inLanguage":"it-IT","@id":"https:\/\/www.immobilienbusiness.ch\/#\/schema\/logo\/image\/","url":"https:\/\/www.immobilienbusiness.ch\/wp-content\/uploads\/2021\/07\/logo_ib.png","contentUrl":"https:\/\/www.immobilienbusiness.ch\/wp-content\/uploads\/2021\/07\/logo_ib.png","width":800,"height":181,"caption":"IMMOBILIEN Business"},"image":{"@id":"https:\/\/www.immobilienbusiness.ch\/#\/schema\/logo\/image\/"},"sameAs":["https:\/\/www.facebook.com\/immobilienbusiness\/"]},{"@type":"Person","@id":"https:\/\/www.immobilienbusiness.ch\/#\/schema\/person\/3fc036297b10b9f42d6db5ee932af8c8","name":"anja.hall","image":{"@type":"ImageObject","inLanguage":"it-IT","@id":"https:\/\/secure.gravatar.com\/avatar\/066b5a0d447013502c71a5782f4f3469f03cfe595cc2329fb94652fe47511bfb?s=96&d=mm&r=g","url":"https:\/\/secure.gravatar.com\/avatar\/066b5a0d447013502c71a5782f4f3469f03cfe595cc2329fb94652fe47511bfb?s=96&d=mm&r=g","contentUrl":"https:\/\/secure.gravatar.com\/avatar\/066b5a0d447013502c71a5782f4f3469f03cfe595cc2329fb94652fe47511bfb?s=96&d=mm&r=g","caption":"anja.hall"},"url":"https:\/\/www.immobilienbusiness.ch\/it\/author\/anja-hall\/"}]}},"_links":{"self":[{"href":"https:\/\/www.immobilienbusiness.ch\/it\/wp-json\/wp\/v2\/posts\/20945","targetHints":{"allow":["GET"]}}],"collection":[{"href":"https:\/\/www.immobilienbusiness.ch\/it\/wp-json\/wp\/v2\/posts"}],"about":[{"href":"https:\/\/www.immobilienbusiness.ch\/it\/wp-json\/wp\/v2\/types\/post"}],"author":[{"embeddable":true,"href":"https:\/\/www.immobilienbusiness.ch\/it\/wp-json\/wp\/v2\/users\/3"}],"replies":[{"embeddable":true,"href":"https:\/\/www.immobilienbusiness.ch\/it\/wp-json\/wp\/v2\/comments?post=20945"}],"version-history":[{"count":2,"href":"https:\/\/www.immobilienbusiness.ch\/it\/wp-json\/wp\/v2\/posts\/20945\/revisions"}],"predecessor-version":[{"id":51857,"href":"https:\/\/www.immobilienbusiness.ch\/it\/wp-json\/wp\/v2\/posts\/20945\/revisions\/51857"}],"wp:featuredmedia":[{"embeddable":true,"href":"https:\/\/www.immobilienbusiness.ch\/it\/wp-json\/wp\/v2\/media\/20946"}],"wp:attachment":[{"href":"https:\/\/www.immobilienbusiness.ch\/it\/wp-json\/wp\/v2\/media?parent=20945"}],"wp:term":[{"taxonomy":"category","embeddable":true,"href":"https:\/\/www.immobilienbusiness.ch\/it\/wp-json\/wp\/v2\/categories?post=20945"},{"taxonomy":"post_tag","embeddable":true,"href":"https:\/\/www.immobilienbusiness.ch\/it\/wp-json\/wp\/v2\/tags?post=20945"}],"curies":[{"name":"wp","href":"https:\/\/api.w.org\/{rel}","templated":true}]}}