{"id":20886,"date":"2020-04-14T10:17:52","date_gmt":"2020-04-14T08:17:52","guid":{"rendered":"https:\/\/www.immobilienbusiness.ch\/?p=20886"},"modified":"2022-12-12T08:34:03","modified_gmt":"2022-12-12T07:34:03","slug":"stuehleruecken-in-der-geschaeftsleitung-von-admicasa","status":"publish","type":"post","link":"https:\/\/www.immobilienbusiness.ch\/it\/unternehmen\/2020-04-14\/stuehleruecken-in-der-geschaeftsleitung-von-admicasa\/","title":{"rendered":"Cambiamenti nella gestione di Admicasa"},"content":{"rendered":"<figure id=\"attachment_18544\" aria-describedby=\"caption-attachment-18544\" style=\"width: 680px\" class=\"wp-caption alignnone\"><img loading=\"lazy\" decoding=\"async\" class=\"size-medium wp-image-18544\" src=\"https:\/\/www.immobilienbusiness.ch\/wp-content\/uploads\/2019\/09\/Depositphotos_52470619_l-2015-1024x793.jpg\" alt=\"\" width=\"680\" height=\"527\" \/><figcaption id=\"caption-attachment-18544\" class=\"wp-caption-text\">Riorganizzazione nella gestione di Admicasa (Immagine: rawpixel - depositphotos)<\/figcaption><\/figure>\n<p>Come annunciato da Admicasa Holding in occasione della pubblicazione dei risultati annuali del 2019, Serge Aerne si dimetter\u00e0 da tutte le funzioni della societ\u00e0 a partire dalla data dell'assemblea generale annuale del 13 maggio 2020. \u00c8 amministratore delegato di Admicasa Holding e presidente del consiglio di amministrazione di tutte le filiali. L'antefatto \u00e8 che l'azionista principale SJA Holding, una holding familiare fondata da Arne, desidera porre maggiore enfasi sulla corporate governance, informa Admicasa.<\/p>\n<p>Aerne aveva ricoperto nuovamente le posizioni dal novembre 2019, dopo che nel frattempo era stato sospeso per sette mesi a causa delle accuse di frode relative al fondo pensione Phoenix. Il tribunale distrettuale di Schwyz lo ha scagionato dalle accuse nel settembre 2019. Tuttavia, l'incertezza nel mercato non \u00e8 ancora stata completamente dissipata e sta ostacolando lo sviluppo del business del gruppo Admicasa, dice la societ\u00e0.<\/p>\n<p>Inoltre, Adrian Diener, Chief Financial Officer (CFO) e membro del comitato esecutivo, lascer\u00e0 l'azienda alla fine di giugno 2020. Il suo successore sar\u00e0 Christoph Bruhin. Bruhin (nato nel 1983) \u00e8 stato dal 2016 al 2019 amministratore delegato e membro del comitato esecutivo dell'impresa generale BaseBau AG e della societ\u00e0 immobiliare Raif Immo AG a Wollerau. Le due aziende fanno parte del gruppo Raif. All'inizio della sua carriera, ha lavorato per Schwyzer Kantonalbank, UBS, Allianz Suisse e Glarner Kantonalbank.<\/p>\n<p>L'Executive Board di Admicasa Holding sar\u00e0 quindi composto dal Chief Investment Officer Urs R\u00fcdin, dal Chief Operating Officer Johann Candrian e dal CFO Adrian Diener dal 14 maggio 2020 e da Christoph Bruhin dal 1\u00b0 luglio 2020. Beat Langenbach diventer\u00e0 presidente della direzione generale in qualit\u00e0 di delegato del consiglio d'amministrazione; sieder\u00e0 anche nei consigli d'amministrazione delle filiali.<\/p>\n<p>Ci saranno anche dei cambiamenti nel consiglio di amministrazione: I membri del consiglio di amministrazione Prof. Dr. Dr. Christian Wunderlin e Dr. Wolfgang Maute non sono pi\u00f9 disponibili per la rielezione. In futuro, il consiglio sar\u00e0 composto da Markus Alder, che sar\u00e0 proposto anche come presidente del consiglio, Beat Langenbach come membro e delegato del consiglio di amministrazione, e Daniel Nipkow.<\/p>\n<h2>Anno commerciale misto 2019<\/h2>\n<p>Admicasa Holding ha chiuso l'esercizio 2019 con un risultato operativo EBIT di 0,27 milioni di franchi (2018: 1,36 milioni) e un risultato netto, tenuto conto dei minori oneri fiscali, di -0,18 milioni (2018: 0,86 milioni). La seconda met\u00e0 dell'anno era stata significativamente pi\u00f9 forte della prima met\u00e0. Il risultato operativo (EBIT) ha raggiunto 0,57 milioni (1st HY 2019: -0,27 milioni) e il risultato netto \u00e8 stato di 0,28 milioni (1st HY 2019: -0,55 milioni).<\/p>\n<p>A livello di bilancio individuale di Admicasa Holding \u00e8 emerso un risultato operativo (EBIT) di 1,6 milioni (2018: 0,3 milioni) e un risultato netto di 1,4 milioni (2018: 0,3 milioni), dovuto principalmente alla plusvalenza da rivalutazione per la vendita di Admicasa Invest. <a href=\"https:\/\/www.immobilienbusiness.ch\/it\/admicasa-plant-neubauprojekt-in-waltenschwil\/\">Il progetto di sviluppo a Waltenschwil (AG)<\/a> viene continuato nella filiale Admicasa Totalunternehmung. Da gennaio 2019, due condomini e dieci case unifamiliari sono in costruzione l\u00ec, con un volume totale di investimenti di circa 24 milioni.<\/p>\n<p>Il Consiglio di amministrazione propone all'Assemblea generale una distribuzione totale di 0,20 franchi per azione nominativa. <em>(ah)<\/em><\/p>","protected":false},"excerpt":{"rendered":"<p>Nel Consiglio di amministrazione e nella Direzione generale di Admicasa Holding si sono verificati cambiamenti di personale, tra cui le dimissioni di Serge Aerne dalla carica di Amministratore delegato.<\/p>","protected":false},"author":3,"featured_media":18544,"comment_status":"closed","ping_status":"closed","sticky":false,"template":"","format":"standard","meta":{"_acf_changed":false,"_yoast_wpseo_focuskw":"Admicasa","_yoast_wpseo_title":"","_yoast_wpseo_metadesc":"Bei der Admicasa Holding kommt es zu Ver\u00e4nderungen im Verwaltungsrat und in der Gesch\u00e4ftsleitung, unter anderem tritt Serce Aerne als CEO zur\u00fcck.","_yoast_wpseo_linkdex":62,"pgc_sgb_lightbox_settings":"","footnotes":""},"categories":[988],"tags":[1389,1563],"class_list":["post-20886","post","type-post","status-publish","format-standard","has-post-thumbnail","hentry","category-unternehmen","tag-jahresergebnis","tag-personalia"],"acf":[],"yoast_head":"<!-- This site is optimized with the Yoast SEO plugin v27.4 - https:\/\/yoast.com\/product\/yoast-seo-wordpress\/ -->\n<title>St\u00fchler\u00fccken in der Gesch\u00e4ftsleitung von Admicasa - IMMOBILIEN Business<\/title>\n<meta name=\"description\" content=\"Bei der Admicasa Holding kommt es zu Ver\u00e4nderungen im Verwaltungsrat und in der Gesch\u00e4ftsleitung, unter anderem tritt Serce Aerne als CEO zur\u00fcck.\" \/>\n<meta name=\"robots\" content=\"index, follow, max-snippet:-1, max-image-preview:large, max-video-preview:-1\" \/>\n<link rel=\"canonical\" href=\"https:\/\/www.immobilienbusiness.ch\/it\/unternehmen\/2020-04-14\/stuehleruecken-in-der-geschaeftsleitung-von-admicasa\/\" \/>\n<meta property=\"og:locale\" content=\"it_IT\" \/>\n<meta property=\"og:type\" content=\"article\" \/>\n<meta property=\"og:title\" content=\"St\u00fchler\u00fccken in der Gesch\u00e4ftsleitung von Admicasa - IMMOBILIEN Business\" \/>\n<meta property=\"og:description\" content=\"Bei der Admicasa Holding kommt es zu Ver\u00e4nderungen im Verwaltungsrat und in der Gesch\u00e4ftsleitung, unter anderem tritt Serce Aerne als CEO zur\u00fcck.\" \/>\n<meta property=\"og:url\" content=\"https:\/\/www.immobilienbusiness.ch\/it\/unternehmen\/2020-04-14\/stuehleruecken-in-der-geschaeftsleitung-von-admicasa\/\" \/>\n<meta property=\"og:site_name\" content=\"IMMOBILIEN Business\" \/>\n<meta property=\"article:publisher\" content=\"https:\/\/www.facebook.com\/immobilienbusiness\/\" \/>\n<meta property=\"article:published_time\" content=\"2020-04-14T08:17:52+00:00\" \/>\n<meta property=\"article:modified_time\" content=\"2022-12-12T07:34:03+00:00\" \/>\n<meta property=\"og:image\" content=\"https:\/\/www.immobilienbusiness.ch\/wp-content\/uploads\/2019\/09\/Depositphotos_52470619_l-2015-1024x793-1.jpg\" \/>\n\t<meta property=\"og:image:width\" content=\"1024\" \/>\n\t<meta property=\"og:image:height\" content=\"793\" \/>\n\t<meta property=\"og:image:type\" content=\"image\/jpeg\" \/>\n<meta name=\"author\" content=\"anja.hall\" \/>\n<meta name=\"twitter:card\" content=\"summary_large_image\" \/>\n<meta name=\"twitter:image\" content=\"https:\/\/www.immobilienbusiness.ch\/wp-content\/uploads\/2019\/09\/Depositphotos_52470619_l-2015-1024x793-1.jpg\" \/>\n<script type=\"application\/ld+json\" class=\"yoast-schema-graph\">{\"@context\":\"https:\\\/\\\/schema.org\",\"@graph\":[{\"@type\":\"Article\",\"@id\":\"https:\\\/\\\/www.immobilienbusiness.ch\\\/de\\\/unternehmen\\\/2020-04-14\\\/stuehleruecken-in-der-geschaeftsleitung-von-admicasa\\\/#article\",\"isPartOf\":{\"@id\":\"https:\\\/\\\/www.immobilienbusiness.ch\\\/de\\\/unternehmen\\\/2020-04-14\\\/stuehleruecken-in-der-geschaeftsleitung-von-admicasa\\\/\"},\"author\":{\"name\":\"anja.hall\",\"@id\":\"https:\\\/\\\/www.immobilienbusiness.ch\\\/#\\\/schema\\\/person\\\/3fc036297b10b9f42d6db5ee932af8c8\"},\"headline\":\"St\u00fchler\u00fccken in der Gesch\u00e4ftsleitung von Admicasa\",\"datePublished\":\"2020-04-14T08:17:52+00:00\",\"dateModified\":\"2022-12-12T07:34:03+00:00\",\"mainEntityOfPage\":{\"@id\":\"https:\\\/\\\/www.immobilienbusiness.ch\\\/de\\\/unternehmen\\\/2020-04-14\\\/stuehleruecken-in-der-geschaeftsleitung-von-admicasa\\\/\"},\"wordCount\":489,\"publisher\":{\"@id\":\"https:\\\/\\\/www.immobilienbusiness.ch\\\/#organization\"},\"image\":{\"@id\":\"https:\\\/\\\/www.immobilienbusiness.ch\\\/de\\\/unternehmen\\\/2020-04-14\\\/stuehleruecken-in-der-geschaeftsleitung-von-admicasa\\\/#primaryimage\"},\"thumbnailUrl\":\"https:\\\/\\\/www.immobilienbusiness.ch\\\/wp-content\\\/uploads\\\/2019\\\/09\\\/Depositphotos_52470619_l-2015-1024x793-1.jpg\",\"keywords\":[\"Jahresergebnis\",\"Personalia\"],\"articleSection\":[\"UNTERNEHMEN\"],\"inLanguage\":\"it-IT\"},{\"@type\":\"WebPage\",\"@id\":\"https:\\\/\\\/www.immobilienbusiness.ch\\\/de\\\/unternehmen\\\/2020-04-14\\\/stuehleruecken-in-der-geschaeftsleitung-von-admicasa\\\/\",\"url\":\"https:\\\/\\\/www.immobilienbusiness.ch\\\/de\\\/unternehmen\\\/2020-04-14\\\/stuehleruecken-in-der-geschaeftsleitung-von-admicasa\\\/\",\"name\":\"St\u00fchler\u00fccken in der Gesch\u00e4ftsleitung von Admicasa - IMMOBILIEN Business\",\"isPartOf\":{\"@id\":\"https:\\\/\\\/www.immobilienbusiness.ch\\\/#website\"},\"primaryImageOfPage\":{\"@id\":\"https:\\\/\\\/www.immobilienbusiness.ch\\\/de\\\/unternehmen\\\/2020-04-14\\\/stuehleruecken-in-der-geschaeftsleitung-von-admicasa\\\/#primaryimage\"},\"image\":{\"@id\":\"https:\\\/\\\/www.immobilienbusiness.ch\\\/de\\\/unternehmen\\\/2020-04-14\\\/stuehleruecken-in-der-geschaeftsleitung-von-admicasa\\\/#primaryimage\"},\"thumbnailUrl\":\"https:\\\/\\\/www.immobilienbusiness.ch\\\/wp-content\\\/uploads\\\/2019\\\/09\\\/Depositphotos_52470619_l-2015-1024x793-1.jpg\",\"datePublished\":\"2020-04-14T08:17:52+00:00\",\"dateModified\":\"2022-12-12T07:34:03+00:00\",\"description\":\"Bei der Admicasa Holding kommt es zu Ver\u00e4nderungen im Verwaltungsrat und in der Gesch\u00e4ftsleitung, unter anderem tritt Serce Aerne als CEO zur\u00fcck.\",\"breadcrumb\":{\"@id\":\"https:\\\/\\\/www.immobilienbusiness.ch\\\/de\\\/unternehmen\\\/2020-04-14\\\/stuehleruecken-in-der-geschaeftsleitung-von-admicasa\\\/#breadcrumb\"},\"inLanguage\":\"it-IT\",\"potentialAction\":[{\"@type\":\"ReadAction\",\"target\":[\"https:\\\/\\\/www.immobilienbusiness.ch\\\/de\\\/unternehmen\\\/2020-04-14\\\/stuehleruecken-in-der-geschaeftsleitung-von-admicasa\\\/\"]}]},{\"@type\":\"ImageObject\",\"inLanguage\":\"it-IT\",\"@id\":\"https:\\\/\\\/www.immobilienbusiness.ch\\\/de\\\/unternehmen\\\/2020-04-14\\\/stuehleruecken-in-der-geschaeftsleitung-von-admicasa\\\/#primaryimage\",\"url\":\"https:\\\/\\\/www.immobilienbusiness.ch\\\/wp-content\\\/uploads\\\/2019\\\/09\\\/Depositphotos_52470619_l-2015-1024x793-1.jpg\",\"contentUrl\":\"https:\\\/\\\/www.immobilienbusiness.ch\\\/wp-content\\\/uploads\\\/2019\\\/09\\\/Depositphotos_52470619_l-2015-1024x793-1.jpg\",\"width\":1024,\"height\":793,\"caption\":\"Walter Eberle \u00fcbernimmt bei Investis die Verantwortung f\u00fcr die Facility Service (Bild: rawpixel - depositphotos)\"},{\"@type\":\"BreadcrumbList\",\"@id\":\"https:\\\/\\\/www.immobilienbusiness.ch\\\/de\\\/unternehmen\\\/2020-04-14\\\/stuehleruecken-in-der-geschaeftsleitung-von-admicasa\\\/#breadcrumb\",\"itemListElement\":[{\"@type\":\"ListItem\",\"position\":1,\"name\":\"Home\",\"item\":\"https:\\\/\\\/www.immobilienbusiness.ch\\\/\"},{\"@type\":\"ListItem\",\"position\":2,\"name\":\"St\u00fchler\u00fccken in der Gesch\u00e4ftsleitung von Admicasa\"}]},{\"@type\":\"WebSite\",\"@id\":\"https:\\\/\\\/www.immobilienbusiness.ch\\\/#website\",\"url\":\"https:\\\/\\\/www.immobilienbusiness.ch\\\/\",\"name\":\"IMMOBILIEN Business\",\"description\":\"Unabh\u00e4ngiges Schweizer Wirtschaftsmagazin mit Fokus auf Immobilien, Architektur- und Bau sowie Investment- und Finanzierung.\",\"publisher\":{\"@id\":\"https:\\\/\\\/www.immobilienbusiness.ch\\\/#organization\"},\"potentialAction\":[{\"@type\":\"SearchAction\",\"target\":{\"@type\":\"EntryPoint\",\"urlTemplate\":\"https:\\\/\\\/www.immobilienbusiness.ch\\\/?s={search_term_string}\"},\"query-input\":{\"@type\":\"PropertyValueSpecification\",\"valueRequired\":true,\"valueName\":\"search_term_string\"}}],\"inLanguage\":\"it-IT\"},{\"@type\":\"Organization\",\"@id\":\"https:\\\/\\\/www.immobilienbusiness.ch\\\/#organization\",\"name\":\"IMMOBILIEN Business\",\"url\":\"https:\\\/\\\/www.immobilienbusiness.ch\\\/\",\"logo\":{\"@type\":\"ImageObject\",\"inLanguage\":\"it-IT\",\"@id\":\"https:\\\/\\\/www.immobilienbusiness.ch\\\/#\\\/schema\\\/logo\\\/image\\\/\",\"url\":\"https:\\\/\\\/www.immobilienbusiness.ch\\\/wp-content\\\/uploads\\\/2021\\\/07\\\/logo_ib.png\",\"contentUrl\":\"https:\\\/\\\/www.immobilienbusiness.ch\\\/wp-content\\\/uploads\\\/2021\\\/07\\\/logo_ib.png\",\"width\":800,\"height\":181,\"caption\":\"IMMOBILIEN Business\"},\"image\":{\"@id\":\"https:\\\/\\\/www.immobilienbusiness.ch\\\/#\\\/schema\\\/logo\\\/image\\\/\"},\"sameAs\":[\"https:\\\/\\\/www.facebook.com\\\/immobilienbusiness\\\/\"]},{\"@type\":\"Person\",\"@id\":\"https:\\\/\\\/www.immobilienbusiness.ch\\\/#\\\/schema\\\/person\\\/3fc036297b10b9f42d6db5ee932af8c8\",\"name\":\"anja.hall\",\"image\":{\"@type\":\"ImageObject\",\"inLanguage\":\"it-IT\",\"@id\":\"https:\\\/\\\/secure.gravatar.com\\\/avatar\\\/066b5a0d447013502c71a5782f4f3469f03cfe595cc2329fb94652fe47511bfb?s=96&d=mm&r=g\",\"url\":\"https:\\\/\\\/secure.gravatar.com\\\/avatar\\\/066b5a0d447013502c71a5782f4f3469f03cfe595cc2329fb94652fe47511bfb?s=96&d=mm&r=g\",\"contentUrl\":\"https:\\\/\\\/secure.gravatar.com\\\/avatar\\\/066b5a0d447013502c71a5782f4f3469f03cfe595cc2329fb94652fe47511bfb?s=96&d=mm&r=g\",\"caption\":\"anja.hall\"},\"url\":\"https:\\\/\\\/www.immobilienbusiness.ch\\\/it\\\/author\\\/anja-hall\\\/\"}]}<\/script>\n<!-- \/ Yoast SEO plugin. -->","yoast_head_json":{"title":"St\u00fchler\u00fccken in der Gesch\u00e4ftsleitung von Admicasa - IMMOBILIEN Business","description":"Bei der Admicasa Holding kommt es zu Ver\u00e4nderungen im Verwaltungsrat und in der Gesch\u00e4ftsleitung, unter anderem tritt Serce Aerne als CEO zur\u00fcck.","robots":{"index":"index","follow":"follow","max-snippet":"max-snippet:-1","max-image-preview":"max-image-preview:large","max-video-preview":"max-video-preview:-1"},"canonical":"https:\/\/www.immobilienbusiness.ch\/it\/unternehmen\/2020-04-14\/stuehleruecken-in-der-geschaeftsleitung-von-admicasa\/","og_locale":"it_IT","og_type":"article","og_title":"St\u00fchler\u00fccken in der Gesch\u00e4ftsleitung von Admicasa - IMMOBILIEN Business","og_description":"Bei der Admicasa Holding kommt es zu Ver\u00e4nderungen im Verwaltungsrat und in der Gesch\u00e4ftsleitung, unter anderem tritt Serce Aerne als CEO zur\u00fcck.","og_url":"https:\/\/www.immobilienbusiness.ch\/it\/unternehmen\/2020-04-14\/stuehleruecken-in-der-geschaeftsleitung-von-admicasa\/","og_site_name":"IMMOBILIEN Business","article_publisher":"https:\/\/www.facebook.com\/immobilienbusiness\/","article_published_time":"2020-04-14T08:17:52+00:00","article_modified_time":"2022-12-12T07:34:03+00:00","og_image":[{"width":1024,"height":793,"url":"https:\/\/www.immobilienbusiness.ch\/wp-content\/uploads\/2019\/09\/Depositphotos_52470619_l-2015-1024x793-1.jpg","type":"image\/jpeg"}],"author":"anja.hall","twitter_card":"summary_large_image","twitter_image":"https:\/\/www.immobilienbusiness.ch\/wp-content\/uploads\/2019\/09\/Depositphotos_52470619_l-2015-1024x793-1.jpg","schema":{"@context":"https:\/\/schema.org","@graph":[{"@type":"Article","@id":"https:\/\/www.immobilienbusiness.ch\/de\/unternehmen\/2020-04-14\/stuehleruecken-in-der-geschaeftsleitung-von-admicasa\/#article","isPartOf":{"@id":"https:\/\/www.immobilienbusiness.ch\/de\/unternehmen\/2020-04-14\/stuehleruecken-in-der-geschaeftsleitung-von-admicasa\/"},"author":{"name":"anja.hall","@id":"https:\/\/www.immobilienbusiness.ch\/#\/schema\/person\/3fc036297b10b9f42d6db5ee932af8c8"},"headline":"St\u00fchler\u00fccken in der Gesch\u00e4ftsleitung von Admicasa","datePublished":"2020-04-14T08:17:52+00:00","dateModified":"2022-12-12T07:34:03+00:00","mainEntityOfPage":{"@id":"https:\/\/www.immobilienbusiness.ch\/de\/unternehmen\/2020-04-14\/stuehleruecken-in-der-geschaeftsleitung-von-admicasa\/"},"wordCount":489,"publisher":{"@id":"https:\/\/www.immobilienbusiness.ch\/#organization"},"image":{"@id":"https:\/\/www.immobilienbusiness.ch\/de\/unternehmen\/2020-04-14\/stuehleruecken-in-der-geschaeftsleitung-von-admicasa\/#primaryimage"},"thumbnailUrl":"https:\/\/www.immobilienbusiness.ch\/wp-content\/uploads\/2019\/09\/Depositphotos_52470619_l-2015-1024x793-1.jpg","keywords":["Jahresergebnis","Personalia"],"articleSection":["UNTERNEHMEN"],"inLanguage":"it-IT"},{"@type":"WebPage","@id":"https:\/\/www.immobilienbusiness.ch\/de\/unternehmen\/2020-04-14\/stuehleruecken-in-der-geschaeftsleitung-von-admicasa\/","url":"https:\/\/www.immobilienbusiness.ch\/de\/unternehmen\/2020-04-14\/stuehleruecken-in-der-geschaeftsleitung-von-admicasa\/","name":"St\u00fchler\u00fccken in der Gesch\u00e4ftsleitung von Admicasa - IMMOBILIEN Business","isPartOf":{"@id":"https:\/\/www.immobilienbusiness.ch\/#website"},"primaryImageOfPage":{"@id":"https:\/\/www.immobilienbusiness.ch\/de\/unternehmen\/2020-04-14\/stuehleruecken-in-der-geschaeftsleitung-von-admicasa\/#primaryimage"},"image":{"@id":"https:\/\/www.immobilienbusiness.ch\/de\/unternehmen\/2020-04-14\/stuehleruecken-in-der-geschaeftsleitung-von-admicasa\/#primaryimage"},"thumbnailUrl":"https:\/\/www.immobilienbusiness.ch\/wp-content\/uploads\/2019\/09\/Depositphotos_52470619_l-2015-1024x793-1.jpg","datePublished":"2020-04-14T08:17:52+00:00","dateModified":"2022-12-12T07:34:03+00:00","description":"Bei der Admicasa Holding kommt es zu Ver\u00e4nderungen im Verwaltungsrat und in der Gesch\u00e4ftsleitung, unter anderem tritt Serce Aerne als CEO zur\u00fcck.","breadcrumb":{"@id":"https:\/\/www.immobilienbusiness.ch\/de\/unternehmen\/2020-04-14\/stuehleruecken-in-der-geschaeftsleitung-von-admicasa\/#breadcrumb"},"inLanguage":"it-IT","potentialAction":[{"@type":"ReadAction","target":["https:\/\/www.immobilienbusiness.ch\/de\/unternehmen\/2020-04-14\/stuehleruecken-in-der-geschaeftsleitung-von-admicasa\/"]}]},{"@type":"ImageObject","inLanguage":"it-IT","@id":"https:\/\/www.immobilienbusiness.ch\/de\/unternehmen\/2020-04-14\/stuehleruecken-in-der-geschaeftsleitung-von-admicasa\/#primaryimage","url":"https:\/\/www.immobilienbusiness.ch\/wp-content\/uploads\/2019\/09\/Depositphotos_52470619_l-2015-1024x793-1.jpg","contentUrl":"https:\/\/www.immobilienbusiness.ch\/wp-content\/uploads\/2019\/09\/Depositphotos_52470619_l-2015-1024x793-1.jpg","width":1024,"height":793,"caption":"Walter Eberle \u00fcbernimmt bei Investis die Verantwortung f\u00fcr die Facility Service (Bild: rawpixel - depositphotos)"},{"@type":"BreadcrumbList","@id":"https:\/\/www.immobilienbusiness.ch\/de\/unternehmen\/2020-04-14\/stuehleruecken-in-der-geschaeftsleitung-von-admicasa\/#breadcrumb","itemListElement":[{"@type":"ListItem","position":1,"name":"Home","item":"https:\/\/www.immobilienbusiness.ch\/"},{"@type":"ListItem","position":2,"name":"St\u00fchler\u00fccken in der Gesch\u00e4ftsleitung von Admicasa"}]},{"@type":"WebSite","@id":"https:\/\/www.immobilienbusiness.ch\/#website","url":"https:\/\/www.immobilienbusiness.ch\/","name":"Affari immobiliari","description":"Rivista economica indipendente svizzera che si concentra sul settore immobiliare, l'architettura e la costruzione, nonch\u00e9 sugli investimenti e i finanziamenti.","publisher":{"@id":"https:\/\/www.immobilienbusiness.ch\/#organization"},"potentialAction":[{"@type":"SearchAction","target":{"@type":"EntryPoint","urlTemplate":"https:\/\/www.immobilienbusiness.ch\/?s={search_term_string}"},"query-input":{"@type":"PropertyValueSpecification","valueRequired":true,"valueName":"search_term_string"}}],"inLanguage":"it-IT"},{"@type":"Organization","@id":"https:\/\/www.immobilienbusiness.ch\/#organization","name":"Affari immobiliari","url":"https:\/\/www.immobilienbusiness.ch\/","logo":{"@type":"ImageObject","inLanguage":"it-IT","@id":"https:\/\/www.immobilienbusiness.ch\/#\/schema\/logo\/image\/","url":"https:\/\/www.immobilienbusiness.ch\/wp-content\/uploads\/2021\/07\/logo_ib.png","contentUrl":"https:\/\/www.immobilienbusiness.ch\/wp-content\/uploads\/2021\/07\/logo_ib.png","width":800,"height":181,"caption":"IMMOBILIEN Business"},"image":{"@id":"https:\/\/www.immobilienbusiness.ch\/#\/schema\/logo\/image\/"},"sameAs":["https:\/\/www.facebook.com\/immobilienbusiness\/"]},{"@type":"Person","@id":"https:\/\/www.immobilienbusiness.ch\/#\/schema\/person\/3fc036297b10b9f42d6db5ee932af8c8","name":"anja.hall","image":{"@type":"ImageObject","inLanguage":"it-IT","@id":"https:\/\/secure.gravatar.com\/avatar\/066b5a0d447013502c71a5782f4f3469f03cfe595cc2329fb94652fe47511bfb?s=96&d=mm&r=g","url":"https:\/\/secure.gravatar.com\/avatar\/066b5a0d447013502c71a5782f4f3469f03cfe595cc2329fb94652fe47511bfb?s=96&d=mm&r=g","contentUrl":"https:\/\/secure.gravatar.com\/avatar\/066b5a0d447013502c71a5782f4f3469f03cfe595cc2329fb94652fe47511bfb?s=96&d=mm&r=g","caption":"anja.hall"},"url":"https:\/\/www.immobilienbusiness.ch\/it\/author\/anja-hall\/"}]}},"_links":{"self":[{"href":"https:\/\/www.immobilienbusiness.ch\/it\/wp-json\/wp\/v2\/posts\/20886","targetHints":{"allow":["GET"]}}],"collection":[{"href":"https:\/\/www.immobilienbusiness.ch\/it\/wp-json\/wp\/v2\/posts"}],"about":[{"href":"https:\/\/www.immobilienbusiness.ch\/it\/wp-json\/wp\/v2\/types\/post"}],"author":[{"embeddable":true,"href":"https:\/\/www.immobilienbusiness.ch\/it\/wp-json\/wp\/v2\/users\/3"}],"replies":[{"embeddable":true,"href":"https:\/\/www.immobilienbusiness.ch\/it\/wp-json\/wp\/v2\/comments?post=20886"}],"version-history":[{"count":1,"href":"https:\/\/www.immobilienbusiness.ch\/it\/wp-json\/wp\/v2\/posts\/20886\/revisions"}],"predecessor-version":[{"id":45085,"href":"https:\/\/www.immobilienbusiness.ch\/it\/wp-json\/wp\/v2\/posts\/20886\/revisions\/45085"}],"wp:featuredmedia":[{"embeddable":true,"href":"https:\/\/www.immobilienbusiness.ch\/it\/wp-json\/wp\/v2\/media\/18544"}],"wp:attachment":[{"href":"https:\/\/www.immobilienbusiness.ch\/it\/wp-json\/wp\/v2\/media?parent=20886"}],"wp:term":[{"taxonomy":"category","embeddable":true,"href":"https:\/\/www.immobilienbusiness.ch\/it\/wp-json\/wp\/v2\/categories?post=20886"},{"taxonomy":"post_tag","embeddable":true,"href":"https:\/\/www.immobilienbusiness.ch\/it\/wp-json\/wp\/v2\/tags?post=20886"}],"curies":[{"name":"wp","href":"https:\/\/api.w.org\/{rel}","templated":true}]}}