{"id":20877,"date":"2020-04-14T08:22:34","date_gmt":"2020-04-14T06:22:34","guid":{"rendered":"https:\/\/www.immobilienbusiness.ch\/?p=20877"},"modified":"2020-04-14T08:22:34","modified_gmt":"2020-04-14T06:22:34","slug":"neupositionierung-fuer-liegenschaft-nidaugasse-48-in-biel","status":"publish","type":"post","link":"https:\/\/www.immobilienbusiness.ch\/it\/regionen\/2020-04-14\/neupositionierung-fuer-liegenschaft-nidaugasse-48-in-biel\/","title":{"rendered":"Riposizionamento per la propriet\u00e0 in Nidaugasse 48 a Biel\/Bienne"},"content":{"rendered":"<figure id=\"attachment_20878\" aria-describedby=\"caption-attachment-20878\" style=\"width: 680px\" class=\"wp-caption alignnone\"><img loading=\"lazy\" decoding=\"async\" class=\"size-medium wp-image-20878\" src=\"https:\/\/www.immobilienbusiness.ch\/wp-content\/uploads\/2020\/04\/MM_SPG-IC_Neuengasse-Biel.jpeg\" alt=\"\" width=\"680\" height=\"510\" \/><figcaption id=\"caption-attachment-20878\" class=\"wp-caption-text\">La propriet\u00e0 sulla Nidaugasse a Biel (Immagine: SPG Intercity Zurich)<\/figcaption><\/figure>\n<p>SPG Intercity Zurich ha ricevuto due mandati per l'immobile di Nidaugasse 48, situato nella principale via commerciale di Biel: dal precedente proprietario, che voleva vendere l'edificio, e successivamente dal nuovo proprietario. In primo luogo, la societ\u00e0 di consulenza immobiliare \u00e8 stata incaricata della vendita dell'importante propriet\u00e0 ed \u00e8 riuscita a venderla alla societ\u00e0 immobiliare bernese Hess Real Estates AG in un co-mandato. Successivamente, l'acquirente ha commissionato in esclusiva a SPG Intercity il riposizionamento e la commercializzazione della propriet\u00e0.<\/p>\n<p>Dopo la partenza della catena di moda Schild, che \u00e8 ora l'unico inquilino dell'edificio ad eccezione di alcuni spazi per uffici, prevista per l'estate 2020, sono ora previsti spazi commerciali al piano terra cos\u00ec come spazi per uffici e appartamenti di 2,5 stanze. All'inizio dell'anno, SPG Intercity Zurich \u00e8 riuscita ad attirare una societ\u00e0 di telecomunicazioni per il piano terra; la superficie totale in affitto \u00e8 di circa 330 mq. (bw)<\/p>","protected":false},"excerpt":{"rendered":"<p>La catena di moda Schild, l'inquilino principale dell'edificio di Nidaugasse 48, lascer\u00e0 i locali nell'estate 2020. In seguito, l'edificio sar\u00e0 utilizzato per nuovi scopi.<\/p>","protected":false},"author":3,"featured_media":20878,"comment_status":"closed","ping_status":"open","sticky":false,"template":"","format":"standard","meta":{"_acf_changed":false,"_yoast_wpseo_focuskw":"Biel","_yoast_wpseo_title":"","_yoast_wpseo_metadesc":"","_yoast_wpseo_linkdex":42,"pgc_sgb_lightbox_settings":"","footnotes":""},"categories":[985],"tags":[1097,1643,1717,1800],"class_list":["post-20877","post","type-post","status-publish","format-standard","has-post-thumbnail","hentry","category-regionen","tag-biel","tag-retail","tag-spg-intercity","tag-umnutzung"],"acf":[],"yoast_head":"<!-- This site is optimized with the Yoast SEO plugin v27.5 - https:\/\/yoast.com\/product\/yoast-seo-wordpress\/ -->\n<title>Neupositionierung f\u00fcr Liegenschaft Nidaugasse 48 in Biel - IMMOBILIEN Business<\/title>\n<meta name=\"robots\" content=\"index, follow, max-snippet:-1, max-image-preview:large, max-video-preview:-1\" \/>\n<link rel=\"canonical\" href=\"https:\/\/www.immobilienbusiness.ch\/it\/regionen\/2020-04-14\/neupositionierung-fuer-liegenschaft-nidaugasse-48-in-biel\/\" \/>\n<meta property=\"og:locale\" content=\"it_IT\" \/>\n<meta property=\"og:type\" content=\"article\" \/>\n<meta property=\"og:title\" content=\"Neupositionierung f\u00fcr Liegenschaft Nidaugasse 48 in Biel - IMMOBILIEN Business\" \/>\n<meta property=\"og:description\" content=\"Die Modekette Schild, Hauptmieterin des Geb\u00e4udes Nidaugasse 48, wird die R\u00e4umlichkeiten im Sommer 2020 verlassen. Anschliessend soll das Geb\u00e4ude neuen Nutzungen zugef\u00fchrt werden.\" \/>\n<meta property=\"og:url\" content=\"https:\/\/www.immobilienbusiness.ch\/it\/regionen\/2020-04-14\/neupositionierung-fuer-liegenschaft-nidaugasse-48-in-biel\/\" \/>\n<meta property=\"og:site_name\" content=\"IMMOBILIEN Business\" \/>\n<meta property=\"article:publisher\" content=\"https:\/\/www.facebook.com\/immobilienbusiness\/\" \/>\n<meta property=\"article:published_time\" content=\"2020-04-14T06:22:34+00:00\" \/>\n<meta property=\"og:image\" content=\"https:\/\/www.immobilienbusiness.ch\/wp-content\/uploads\/2020\/04\/MM_SPG-IC_Neuengasse-Biel-scaled.jpeg\" \/>\n\t<meta property=\"og:image:width\" content=\"2560\" \/>\n\t<meta property=\"og:image:height\" content=\"1920\" \/>\n\t<meta property=\"og:image:type\" content=\"image\/jpeg\" \/>\n<meta name=\"author\" content=\"anja.hall\" \/>\n<meta name=\"twitter:card\" content=\"summary_large_image\" \/>\n<meta name=\"twitter:image\" content=\"https:\/\/www.immobilienbusiness.ch\/wp-content\/uploads\/2020\/04\/MM_SPG-IC_Neuengasse-Biel-scaled.jpeg\" \/>\n<script type=\"application\/ld+json\" class=\"yoast-schema-graph\">{\"@context\":\"https:\\\/\\\/schema.org\",\"@graph\":[{\"@type\":\"Article\",\"@id\":\"https:\\\/\\\/www.immobilienbusiness.ch\\\/en\\\/regionen\\\/2020-04-14\\\/neupositionierung-fuer-liegenschaft-nidaugasse-48-in-biel\\\/#article\",\"isPartOf\":{\"@id\":\"https:\\\/\\\/www.immobilienbusiness.ch\\\/en\\\/regionen\\\/2020-04-14\\\/neupositionierung-fuer-liegenschaft-nidaugasse-48-in-biel\\\/\"},\"author\":{\"name\":\"anja.hall\",\"@id\":\"https:\\\/\\\/www.immobilienbusiness.ch\\\/#\\\/schema\\\/person\\\/3fc036297b10b9f42d6db5ee932af8c8\"},\"headline\":\"Neupositionierung f\u00fcr Liegenschaft Nidaugasse 48 in Biel\",\"datePublished\":\"2020-04-14T06:22:34+00:00\",\"mainEntityOfPage\":{\"@id\":\"https:\\\/\\\/www.immobilienbusiness.ch\\\/en\\\/regionen\\\/2020-04-14\\\/neupositionierung-fuer-liegenschaft-nidaugasse-48-in-biel\\\/\"},\"wordCount\":163,\"publisher\":{\"@id\":\"https:\\\/\\\/www.immobilienbusiness.ch\\\/#organization\"},\"image\":{\"@id\":\"https:\\\/\\\/www.immobilienbusiness.ch\\\/en\\\/regionen\\\/2020-04-14\\\/neupositionierung-fuer-liegenschaft-nidaugasse-48-in-biel\\\/#primaryimage\"},\"thumbnailUrl\":\"https:\\\/\\\/www.immobilienbusiness.ch\\\/wp-content\\\/uploads\\\/2020\\\/04\\\/MM_SPG-IC_Neuengasse-Biel-scaled.jpeg\",\"keywords\":[\"Biel\",\"Retail\",\"SPG Intercity\",\"Umnutzung\"],\"articleSection\":[\"REGIONEN\"],\"inLanguage\":\"it-IT\"},{\"@type\":\"WebPage\",\"@id\":\"https:\\\/\\\/www.immobilienbusiness.ch\\\/en\\\/regionen\\\/2020-04-14\\\/neupositionierung-fuer-liegenschaft-nidaugasse-48-in-biel\\\/\",\"url\":\"https:\\\/\\\/www.immobilienbusiness.ch\\\/en\\\/regionen\\\/2020-04-14\\\/neupositionierung-fuer-liegenschaft-nidaugasse-48-in-biel\\\/\",\"name\":\"Neupositionierung f\u00fcr Liegenschaft Nidaugasse 48 in Biel - IMMOBILIEN Business\",\"isPartOf\":{\"@id\":\"https:\\\/\\\/www.immobilienbusiness.ch\\\/#website\"},\"primaryImageOfPage\":{\"@id\":\"https:\\\/\\\/www.immobilienbusiness.ch\\\/en\\\/regionen\\\/2020-04-14\\\/neupositionierung-fuer-liegenschaft-nidaugasse-48-in-biel\\\/#primaryimage\"},\"image\":{\"@id\":\"https:\\\/\\\/www.immobilienbusiness.ch\\\/en\\\/regionen\\\/2020-04-14\\\/neupositionierung-fuer-liegenschaft-nidaugasse-48-in-biel\\\/#primaryimage\"},\"thumbnailUrl\":\"https:\\\/\\\/www.immobilienbusiness.ch\\\/wp-content\\\/uploads\\\/2020\\\/04\\\/MM_SPG-IC_Neuengasse-Biel-scaled.jpeg\",\"datePublished\":\"2020-04-14T06:22:34+00:00\",\"breadcrumb\":{\"@id\":\"https:\\\/\\\/www.immobilienbusiness.ch\\\/en\\\/regionen\\\/2020-04-14\\\/neupositionierung-fuer-liegenschaft-nidaugasse-48-in-biel\\\/#breadcrumb\"},\"inLanguage\":\"it-IT\",\"potentialAction\":[{\"@type\":\"ReadAction\",\"target\":[\"https:\\\/\\\/www.immobilienbusiness.ch\\\/en\\\/regionen\\\/2020-04-14\\\/neupositionierung-fuer-liegenschaft-nidaugasse-48-in-biel\\\/\"]}]},{\"@type\":\"ImageObject\",\"inLanguage\":\"it-IT\",\"@id\":\"https:\\\/\\\/www.immobilienbusiness.ch\\\/en\\\/regionen\\\/2020-04-14\\\/neupositionierung-fuer-liegenschaft-nidaugasse-48-in-biel\\\/#primaryimage\",\"url\":\"https:\\\/\\\/www.immobilienbusiness.ch\\\/wp-content\\\/uploads\\\/2020\\\/04\\\/MM_SPG-IC_Neuengasse-Biel-scaled.jpeg\",\"contentUrl\":\"https:\\\/\\\/www.immobilienbusiness.ch\\\/wp-content\\\/uploads\\\/2020\\\/04\\\/MM_SPG-IC_Neuengasse-Biel-scaled.jpeg\",\"width\":2560,\"height\":1920,\"caption\":\"MM_SPG-IC_Neuengasse-Biel\"},{\"@type\":\"BreadcrumbList\",\"@id\":\"https:\\\/\\\/www.immobilienbusiness.ch\\\/en\\\/regionen\\\/2020-04-14\\\/neupositionierung-fuer-liegenschaft-nidaugasse-48-in-biel\\\/#breadcrumb\",\"itemListElement\":[{\"@type\":\"ListItem\",\"position\":1,\"name\":\"Home\",\"item\":\"https:\\\/\\\/www.immobilienbusiness.ch\\\/\"},{\"@type\":\"ListItem\",\"position\":2,\"name\":\"Neupositionierung f\u00fcr Liegenschaft Nidaugasse 48 in Biel\"}]},{\"@type\":\"WebSite\",\"@id\":\"https:\\\/\\\/www.immobilienbusiness.ch\\\/#website\",\"url\":\"https:\\\/\\\/www.immobilienbusiness.ch\\\/\",\"name\":\"IMMOBILIEN Business\",\"description\":\"Unabh\u00e4ngiges Schweizer Wirtschaftsmagazin mit Fokus auf Immobilien, Architektur- und Bau sowie Investment- und Finanzierung.\",\"publisher\":{\"@id\":\"https:\\\/\\\/www.immobilienbusiness.ch\\\/#organization\"},\"potentialAction\":[{\"@type\":\"SearchAction\",\"target\":{\"@type\":\"EntryPoint\",\"urlTemplate\":\"https:\\\/\\\/www.immobilienbusiness.ch\\\/?s={search_term_string}\"},\"query-input\":{\"@type\":\"PropertyValueSpecification\",\"valueRequired\":true,\"valueName\":\"search_term_string\"}}],\"inLanguage\":\"it-IT\"},{\"@type\":\"Organization\",\"@id\":\"https:\\\/\\\/www.immobilienbusiness.ch\\\/#organization\",\"name\":\"IMMOBILIEN Business\",\"url\":\"https:\\\/\\\/www.immobilienbusiness.ch\\\/\",\"logo\":{\"@type\":\"ImageObject\",\"inLanguage\":\"it-IT\",\"@id\":\"https:\\\/\\\/www.immobilienbusiness.ch\\\/#\\\/schema\\\/logo\\\/image\\\/\",\"url\":\"https:\\\/\\\/www.immobilienbusiness.ch\\\/wp-content\\\/uploads\\\/2021\\\/07\\\/logo_ib.png\",\"contentUrl\":\"https:\\\/\\\/www.immobilienbusiness.ch\\\/wp-content\\\/uploads\\\/2021\\\/07\\\/logo_ib.png\",\"width\":800,\"height\":181,\"caption\":\"IMMOBILIEN Business\"},\"image\":{\"@id\":\"https:\\\/\\\/www.immobilienbusiness.ch\\\/#\\\/schema\\\/logo\\\/image\\\/\"},\"sameAs\":[\"https:\\\/\\\/www.facebook.com\\\/immobilienbusiness\\\/\"]},{\"@type\":\"Person\",\"@id\":\"https:\\\/\\\/www.immobilienbusiness.ch\\\/#\\\/schema\\\/person\\\/3fc036297b10b9f42d6db5ee932af8c8\",\"name\":\"anja.hall\",\"image\":{\"@type\":\"ImageObject\",\"inLanguage\":\"it-IT\",\"@id\":\"https:\\\/\\\/secure.gravatar.com\\\/avatar\\\/066b5a0d447013502c71a5782f4f3469f03cfe595cc2329fb94652fe47511bfb?s=96&d=mm&r=g\",\"url\":\"https:\\\/\\\/secure.gravatar.com\\\/avatar\\\/066b5a0d447013502c71a5782f4f3469f03cfe595cc2329fb94652fe47511bfb?s=96&d=mm&r=g\",\"contentUrl\":\"https:\\\/\\\/secure.gravatar.com\\\/avatar\\\/066b5a0d447013502c71a5782f4f3469f03cfe595cc2329fb94652fe47511bfb?s=96&d=mm&r=g\",\"caption\":\"anja.hall\"},\"url\":\"https:\\\/\\\/www.immobilienbusiness.ch\\\/it\\\/author\\\/anja-hall\\\/\"}]}<\/script>\n<!-- \/ Yoast SEO plugin. -->","yoast_head_json":{"title":"Neupositionierung f\u00fcr Liegenschaft Nidaugasse 48 in Biel - IMMOBILIEN Business","robots":{"index":"index","follow":"follow","max-snippet":"max-snippet:-1","max-image-preview":"max-image-preview:large","max-video-preview":"max-video-preview:-1"},"canonical":"https:\/\/www.immobilienbusiness.ch\/it\/regionen\/2020-04-14\/neupositionierung-fuer-liegenschaft-nidaugasse-48-in-biel\/","og_locale":"it_IT","og_type":"article","og_title":"Neupositionierung f\u00fcr Liegenschaft Nidaugasse 48 in Biel - IMMOBILIEN Business","og_description":"Die Modekette Schild, Hauptmieterin des Geb\u00e4udes Nidaugasse 48, wird die R\u00e4umlichkeiten im Sommer 2020 verlassen. Anschliessend soll das Geb\u00e4ude neuen Nutzungen zugef\u00fchrt werden.","og_url":"https:\/\/www.immobilienbusiness.ch\/it\/regionen\/2020-04-14\/neupositionierung-fuer-liegenschaft-nidaugasse-48-in-biel\/","og_site_name":"IMMOBILIEN Business","article_publisher":"https:\/\/www.facebook.com\/immobilienbusiness\/","article_published_time":"2020-04-14T06:22:34+00:00","og_image":[{"width":2560,"height":1920,"url":"https:\/\/www.immobilienbusiness.ch\/wp-content\/uploads\/2020\/04\/MM_SPG-IC_Neuengasse-Biel-scaled.jpeg","type":"image\/jpeg"}],"author":"anja.hall","twitter_card":"summary_large_image","twitter_image":"https:\/\/www.immobilienbusiness.ch\/wp-content\/uploads\/2020\/04\/MM_SPG-IC_Neuengasse-Biel-scaled.jpeg","schema":{"@context":"https:\/\/schema.org","@graph":[{"@type":"Article","@id":"https:\/\/www.immobilienbusiness.ch\/en\/regionen\/2020-04-14\/neupositionierung-fuer-liegenschaft-nidaugasse-48-in-biel\/#article","isPartOf":{"@id":"https:\/\/www.immobilienbusiness.ch\/en\/regionen\/2020-04-14\/neupositionierung-fuer-liegenschaft-nidaugasse-48-in-biel\/"},"author":{"name":"anja.hall","@id":"https:\/\/www.immobilienbusiness.ch\/#\/schema\/person\/3fc036297b10b9f42d6db5ee932af8c8"},"headline":"Neupositionierung f\u00fcr Liegenschaft Nidaugasse 48 in Biel","datePublished":"2020-04-14T06:22:34+00:00","mainEntityOfPage":{"@id":"https:\/\/www.immobilienbusiness.ch\/en\/regionen\/2020-04-14\/neupositionierung-fuer-liegenschaft-nidaugasse-48-in-biel\/"},"wordCount":163,"publisher":{"@id":"https:\/\/www.immobilienbusiness.ch\/#organization"},"image":{"@id":"https:\/\/www.immobilienbusiness.ch\/en\/regionen\/2020-04-14\/neupositionierung-fuer-liegenschaft-nidaugasse-48-in-biel\/#primaryimage"},"thumbnailUrl":"https:\/\/www.immobilienbusiness.ch\/wp-content\/uploads\/2020\/04\/MM_SPG-IC_Neuengasse-Biel-scaled.jpeg","keywords":["Biel","Retail","SPG Intercity","Umnutzung"],"articleSection":["REGIONEN"],"inLanguage":"it-IT"},{"@type":"WebPage","@id":"https:\/\/www.immobilienbusiness.ch\/en\/regionen\/2020-04-14\/neupositionierung-fuer-liegenschaft-nidaugasse-48-in-biel\/","url":"https:\/\/www.immobilienbusiness.ch\/en\/regionen\/2020-04-14\/neupositionierung-fuer-liegenschaft-nidaugasse-48-in-biel\/","name":"Neupositionierung f\u00fcr Liegenschaft Nidaugasse 48 in Biel - IMMOBILIEN Business","isPartOf":{"@id":"https:\/\/www.immobilienbusiness.ch\/#website"},"primaryImageOfPage":{"@id":"https:\/\/www.immobilienbusiness.ch\/en\/regionen\/2020-04-14\/neupositionierung-fuer-liegenschaft-nidaugasse-48-in-biel\/#primaryimage"},"image":{"@id":"https:\/\/www.immobilienbusiness.ch\/en\/regionen\/2020-04-14\/neupositionierung-fuer-liegenschaft-nidaugasse-48-in-biel\/#primaryimage"},"thumbnailUrl":"https:\/\/www.immobilienbusiness.ch\/wp-content\/uploads\/2020\/04\/MM_SPG-IC_Neuengasse-Biel-scaled.jpeg","datePublished":"2020-04-14T06:22:34+00:00","breadcrumb":{"@id":"https:\/\/www.immobilienbusiness.ch\/en\/regionen\/2020-04-14\/neupositionierung-fuer-liegenschaft-nidaugasse-48-in-biel\/#breadcrumb"},"inLanguage":"it-IT","potentialAction":[{"@type":"ReadAction","target":["https:\/\/www.immobilienbusiness.ch\/en\/regionen\/2020-04-14\/neupositionierung-fuer-liegenschaft-nidaugasse-48-in-biel\/"]}]},{"@type":"ImageObject","inLanguage":"it-IT","@id":"https:\/\/www.immobilienbusiness.ch\/en\/regionen\/2020-04-14\/neupositionierung-fuer-liegenschaft-nidaugasse-48-in-biel\/#primaryimage","url":"https:\/\/www.immobilienbusiness.ch\/wp-content\/uploads\/2020\/04\/MM_SPG-IC_Neuengasse-Biel-scaled.jpeg","contentUrl":"https:\/\/www.immobilienbusiness.ch\/wp-content\/uploads\/2020\/04\/MM_SPG-IC_Neuengasse-Biel-scaled.jpeg","width":2560,"height":1920,"caption":"MM_SPG-IC_Neuengasse-Biel"},{"@type":"BreadcrumbList","@id":"https:\/\/www.immobilienbusiness.ch\/en\/regionen\/2020-04-14\/neupositionierung-fuer-liegenschaft-nidaugasse-48-in-biel\/#breadcrumb","itemListElement":[{"@type":"ListItem","position":1,"name":"Home","item":"https:\/\/www.immobilienbusiness.ch\/"},{"@type":"ListItem","position":2,"name":"Neupositionierung f\u00fcr Liegenschaft Nidaugasse 48 in Biel"}]},{"@type":"WebSite","@id":"https:\/\/www.immobilienbusiness.ch\/#website","url":"https:\/\/www.immobilienbusiness.ch\/","name":"Affari immobiliari","description":"Rivista economica indipendente svizzera che si concentra sul settore immobiliare, l'architettura e la costruzione, nonch\u00e9 sugli investimenti e i finanziamenti.","publisher":{"@id":"https:\/\/www.immobilienbusiness.ch\/#organization"},"potentialAction":[{"@type":"SearchAction","target":{"@type":"EntryPoint","urlTemplate":"https:\/\/www.immobilienbusiness.ch\/?s={search_term_string}"},"query-input":{"@type":"PropertyValueSpecification","valueRequired":true,"valueName":"search_term_string"}}],"inLanguage":"it-IT"},{"@type":"Organization","@id":"https:\/\/www.immobilienbusiness.ch\/#organization","name":"Affari immobiliari","url":"https:\/\/www.immobilienbusiness.ch\/","logo":{"@type":"ImageObject","inLanguage":"it-IT","@id":"https:\/\/www.immobilienbusiness.ch\/#\/schema\/logo\/image\/","url":"https:\/\/www.immobilienbusiness.ch\/wp-content\/uploads\/2021\/07\/logo_ib.png","contentUrl":"https:\/\/www.immobilienbusiness.ch\/wp-content\/uploads\/2021\/07\/logo_ib.png","width":800,"height":181,"caption":"IMMOBILIEN Business"},"image":{"@id":"https:\/\/www.immobilienbusiness.ch\/#\/schema\/logo\/image\/"},"sameAs":["https:\/\/www.facebook.com\/immobilienbusiness\/"]},{"@type":"Person","@id":"https:\/\/www.immobilienbusiness.ch\/#\/schema\/person\/3fc036297b10b9f42d6db5ee932af8c8","name":"anja.hall","image":{"@type":"ImageObject","inLanguage":"it-IT","@id":"https:\/\/secure.gravatar.com\/avatar\/066b5a0d447013502c71a5782f4f3469f03cfe595cc2329fb94652fe47511bfb?s=96&d=mm&r=g","url":"https:\/\/secure.gravatar.com\/avatar\/066b5a0d447013502c71a5782f4f3469f03cfe595cc2329fb94652fe47511bfb?s=96&d=mm&r=g","contentUrl":"https:\/\/secure.gravatar.com\/avatar\/066b5a0d447013502c71a5782f4f3469f03cfe595cc2329fb94652fe47511bfb?s=96&d=mm&r=g","caption":"anja.hall"},"url":"https:\/\/www.immobilienbusiness.ch\/it\/author\/anja-hall\/"}]}},"_links":{"self":[{"href":"https:\/\/www.immobilienbusiness.ch\/it\/wp-json\/wp\/v2\/posts\/20877","targetHints":{"allow":["GET"]}}],"collection":[{"href":"https:\/\/www.immobilienbusiness.ch\/it\/wp-json\/wp\/v2\/posts"}],"about":[{"href":"https:\/\/www.immobilienbusiness.ch\/it\/wp-json\/wp\/v2\/types\/post"}],"author":[{"embeddable":true,"href":"https:\/\/www.immobilienbusiness.ch\/it\/wp-json\/wp\/v2\/users\/3"}],"replies":[{"embeddable":true,"href":"https:\/\/www.immobilienbusiness.ch\/it\/wp-json\/wp\/v2\/comments?post=20877"}],"version-history":[{"count":0,"href":"https:\/\/www.immobilienbusiness.ch\/it\/wp-json\/wp\/v2\/posts\/20877\/revisions"}],"wp:featuredmedia":[{"embeddable":true,"href":"https:\/\/www.immobilienbusiness.ch\/it\/wp-json\/wp\/v2\/media\/20878"}],"wp:attachment":[{"href":"https:\/\/www.immobilienbusiness.ch\/it\/wp-json\/wp\/v2\/media?parent=20877"}],"wp:term":[{"taxonomy":"category","embeddable":true,"href":"https:\/\/www.immobilienbusiness.ch\/it\/wp-json\/wp\/v2\/categories?post=20877"},{"taxonomy":"post_tag","embeddable":true,"href":"https:\/\/www.immobilienbusiness.ch\/it\/wp-json\/wp\/v2\/tags?post=20877"}],"curies":[{"name":"wp","href":"https:\/\/api.w.org\/{rel}","templated":true}]}}