{"id":20841,"date":"2020-04-09T08:56:01","date_gmt":"2020-04-09T06:56:01","guid":{"rendered":"https:\/\/www.immobilienbusiness.ch\/?p=20841"},"modified":"2020-04-09T08:56:01","modified_gmt":"2020-04-09T06:56:01","slug":"luzern-projektwettbewerb-fuer-pilatusplatz-ist-entschieden","status":"publish","type":"post","link":"https:\/\/www.immobilienbusiness.ch\/it\/regionen\/2020-04-09\/luzern-projektwettbewerb-fuer-pilatusplatz-ist-entschieden\/","title":{"rendered":"Lucerna: deciso il concorso per il progetto Pilatusplatz"},"content":{"rendered":"<figure id=\"attachment_20851\" aria-describedby=\"caption-attachment-20851\" style=\"width: 680px\" class=\"wp-caption alignnone\"><img loading=\"lazy\" decoding=\"async\" class=\"size-medium wp-image-20851\" src=\"https:\/\/www.immobilienbusiness.ch\/wp-content\/uploads\/2020\/04\/pilatusplatz.jpg\" alt=\"\" width=\"680\" height=\"466\" srcset=\"https:\/\/www.immobilienbusiness.ch\/wp-content\/uploads\/2020\/04\/pilatusplatz.jpg 732w, https:\/\/www.immobilienbusiness.ch\/wp-content\/uploads\/2020\/04\/pilatusplatz-300x206.jpg 300w, https:\/\/www.immobilienbusiness.ch\/wp-content\/uploads\/2020\/04\/pilatusplatz-16x12.jpg 16w, https:\/\/www.immobilienbusiness.ch\/wp-content\/uploads\/2020\/04\/pilatusplatz-255x175.jpg 255w, https:\/\/www.immobilienbusiness.ch\/wp-content\/uploads\/2020\/04\/pilatusplatz-510x350.jpg 510w\" sizes=\"auto, (max-width: 680px) 100vw, 680px\" \/><figcaption id=\"caption-attachment-20851\" class=\"wp-caption-text\">Visualizzazione del progetto vincitore Lu Two per Pilatusplatz (Fonte: Joos&amp;Mathys Architekten, Citt\u00e0 di Lucerna)<\/figcaption><\/figure>\n<p>Secondo la giuria, il consorzio offerente Senda Immobilien e Joos &amp; Mathys Architekten hanno presentato con Lu Two un progetto architettonicamente riuscito, che si adatta all'ambiente circostante, cattura bene la complessa situazione della Pilatusplatz e pone nuovi accenti urbani. Prevede una propriet\u00e0 con cinque piani di spazio commerciale e unit\u00e0 residenziali ai piani superiori sul sito comunale a Pilatusplatz.<\/p>\n<p>Usi commerciali e gastronomici sono previsti per i passaggi al piano terra, lo spazio del cortile e il piano sottotetto; il piano sottotetto sar\u00e0 aperto al pubblico. La casa a graticcio in M\u00fchlebachweg 8 deve essere usata come \"coffee house\" e diventare un luogo di incontro per il quartiere.<\/p>\n<p>Il Consiglio comunale di Lucerna intende ora preparare il contratto di locazione dell'edificio e presentarlo al Consiglio comunale per l'approvazione, probabilmente nell'autunno 2020. Con la firma del contratto, il consorzio offerente si impegna a iniziare immediatamente la progettazione e la realizzazione della sovrastruttura. La domanda di costruzione potrebbe essere presentata nel 2022 e l'edificio potrebbe essere occupato nel 2025.<\/p>\n<p>Secondo un comunicato, l'obiettivo della citt\u00e0 di Lucerna con la consegna del terreno in affitto \u00e8 di fare in modo che la Pilatusplatz in futuro non sia pi\u00f9 percepita solo come un incrocio di traffico, ma si sviluppi in un luogo di incontro per la popolazione e in un luogo attraente per le imprese. <em>(ah)<\/em><\/p>","protected":false},"excerpt":{"rendered":"<p>Die Bietergemeinschaft Senda Immobilien und Joos &#038; Mathys Architekten hat mit dem Projekt Lu Two den Wettbewerb f\u00fcr das Entwicklungsareal am Pilatusplatz in Luzern gewonnen.<\/p>","protected":false},"author":3,"featured_media":20851,"comment_status":"closed","ping_status":"open","sticky":false,"template":"","format":"standard","meta":{"_acf_changed":false,"_yoast_wpseo_focuskw":"Pilatusplatz","_yoast_wpseo_title":"","_yoast_wpseo_metadesc":"Die Bietergemeinschaft Senda Immobilien und Joos & Mathys Architekten hat den Wettbewerb f\u00fcr das Entwicklungsareal am Pilatusplatz in Luzern gewonnen.","_yoast_wpseo_linkdex":51,"pgc_sgb_lightbox_settings":"","footnotes":""},"categories":[985],"tags":[1119,1459,1600,1645,1863],"class_list":["post-20841","post","type-post","status-publish","format-standard","has-post-thumbnail","hentry","category-regionen","tag-bueroimmobilien","tag-luzern","tag-projekt-in-planung","tag-retailflaechen","tag-wohnimmobilien"],"acf":[],"yoast_head":"<!-- This site is optimized with the Yoast SEO plugin v27.4 - https:\/\/yoast.com\/product\/yoast-seo-wordpress\/ -->\n<title>Luzern: Projektwettbewerb f\u00fcr Pilatusplatz ist entschieden - IMMOBILIEN Business<\/title>\n<meta name=\"description\" content=\"Die Bietergemeinschaft Senda Immobilien und Joos &amp; Mathys Architekten hat den Wettbewerb f\u00fcr das Entwicklungsareal am Pilatusplatz in Luzern gewonnen.\" \/>\n<meta name=\"robots\" content=\"index, follow, max-snippet:-1, max-image-preview:large, max-video-preview:-1\" \/>\n<link rel=\"canonical\" href=\"https:\/\/www.immobilienbusiness.ch\/it\/regionen\/2020-04-09\/luzern-projektwettbewerb-fuer-pilatusplatz-ist-entschieden\/\" \/>\n<meta property=\"og:locale\" content=\"it_IT\" \/>\n<meta property=\"og:type\" content=\"article\" \/>\n<meta property=\"og:title\" content=\"Luzern: Projektwettbewerb f\u00fcr Pilatusplatz ist entschieden - IMMOBILIEN Business\" \/>\n<meta property=\"og:description\" content=\"Die Bietergemeinschaft Senda Immobilien und Joos &amp; Mathys Architekten hat den Wettbewerb f\u00fcr das Entwicklungsareal am Pilatusplatz in Luzern gewonnen.\" \/>\n<meta property=\"og:url\" content=\"https:\/\/www.immobilienbusiness.ch\/it\/regionen\/2020-04-09\/luzern-projektwettbewerb-fuer-pilatusplatz-ist-entschieden\/\" \/>\n<meta property=\"og:site_name\" content=\"IMMOBILIEN Business\" \/>\n<meta property=\"article:publisher\" content=\"https:\/\/www.facebook.com\/immobilienbusiness\/\" \/>\n<meta property=\"article:published_time\" content=\"2020-04-09T06:56:01+00:00\" \/>\n<meta property=\"og:image\" content=\"https:\/\/www.immobilienbusiness.ch\/wp-content\/uploads\/2020\/04\/pilatusplatz.jpg\" \/>\n\t<meta property=\"og:image:width\" content=\"732\" \/>\n\t<meta property=\"og:image:height\" content=\"502\" \/>\n\t<meta property=\"og:image:type\" content=\"image\/jpeg\" \/>\n<meta name=\"author\" content=\"anja.hall\" \/>\n<meta name=\"twitter:card\" content=\"summary_large_image\" \/>\n<meta name=\"twitter:image\" content=\"https:\/\/www.immobilienbusiness.ch\/wp-content\/uploads\/2020\/04\/pilatusplatz.jpg\" \/>\n<script type=\"application\/ld+json\" class=\"yoast-schema-graph\">{\"@context\":\"https:\\\/\\\/schema.org\",\"@graph\":[{\"@type\":\"Article\",\"@id\":\"https:\\\/\\\/www.immobilienbusiness.ch\\\/regionen\\\/2020-04-09\\\/luzern-projektwettbewerb-fuer-pilatusplatz-ist-entschieden\\\/#article\",\"isPartOf\":{\"@id\":\"https:\\\/\\\/www.immobilienbusiness.ch\\\/regionen\\\/2020-04-09\\\/luzern-projektwettbewerb-fuer-pilatusplatz-ist-entschieden\\\/\"},\"author\":{\"name\":\"anja.hall\",\"@id\":\"https:\\\/\\\/www.immobilienbusiness.ch\\\/#\\\/schema\\\/person\\\/3fc036297b10b9f42d6db5ee932af8c8\"},\"headline\":\"Luzern: Projektwettbewerb f\u00fcr Pilatusplatz ist entschieden\",\"datePublished\":\"2020-04-09T06:56:01+00:00\",\"mainEntityOfPage\":{\"@id\":\"https:\\\/\\\/www.immobilienbusiness.ch\\\/regionen\\\/2020-04-09\\\/luzern-projektwettbewerb-fuer-pilatusplatz-ist-entschieden\\\/\"},\"wordCount\":230,\"publisher\":{\"@id\":\"https:\\\/\\\/www.immobilienbusiness.ch\\\/#organization\"},\"image\":{\"@id\":\"https:\\\/\\\/www.immobilienbusiness.ch\\\/regionen\\\/2020-04-09\\\/luzern-projektwettbewerb-fuer-pilatusplatz-ist-entschieden\\\/#primaryimage\"},\"thumbnailUrl\":\"https:\\\/\\\/www.immobilienbusiness.ch\\\/wp-content\\\/uploads\\\/2020\\\/04\\\/pilatusplatz.jpg\",\"keywords\":[\"B\u00fcroimmobilien\",\"Luzern\",\"Projekt in Planung\",\"Retailfl\u00e4chen\",\"Wohnimmobilien\"],\"articleSection\":[\"REGIONEN\"],\"inLanguage\":\"it-IT\"},{\"@type\":\"WebPage\",\"@id\":\"https:\\\/\\\/www.immobilienbusiness.ch\\\/regionen\\\/2020-04-09\\\/luzern-projektwettbewerb-fuer-pilatusplatz-ist-entschieden\\\/\",\"url\":\"https:\\\/\\\/www.immobilienbusiness.ch\\\/regionen\\\/2020-04-09\\\/luzern-projektwettbewerb-fuer-pilatusplatz-ist-entschieden\\\/\",\"name\":\"Luzern: Projektwettbewerb f\u00fcr Pilatusplatz ist entschieden - IMMOBILIEN Business\",\"isPartOf\":{\"@id\":\"https:\\\/\\\/www.immobilienbusiness.ch\\\/#website\"},\"primaryImageOfPage\":{\"@id\":\"https:\\\/\\\/www.immobilienbusiness.ch\\\/regionen\\\/2020-04-09\\\/luzern-projektwettbewerb-fuer-pilatusplatz-ist-entschieden\\\/#primaryimage\"},\"image\":{\"@id\":\"https:\\\/\\\/www.immobilienbusiness.ch\\\/regionen\\\/2020-04-09\\\/luzern-projektwettbewerb-fuer-pilatusplatz-ist-entschieden\\\/#primaryimage\"},\"thumbnailUrl\":\"https:\\\/\\\/www.immobilienbusiness.ch\\\/wp-content\\\/uploads\\\/2020\\\/04\\\/pilatusplatz.jpg\",\"datePublished\":\"2020-04-09T06:56:01+00:00\",\"description\":\"Die Bietergemeinschaft Senda Immobilien und Joos & Mathys Architekten hat den Wettbewerb f\u00fcr das Entwicklungsareal am Pilatusplatz in Luzern gewonnen.\",\"breadcrumb\":{\"@id\":\"https:\\\/\\\/www.immobilienbusiness.ch\\\/regionen\\\/2020-04-09\\\/luzern-projektwettbewerb-fuer-pilatusplatz-ist-entschieden\\\/#breadcrumb\"},\"inLanguage\":\"it-IT\",\"potentialAction\":[{\"@type\":\"ReadAction\",\"target\":[\"https:\\\/\\\/www.immobilienbusiness.ch\\\/regionen\\\/2020-04-09\\\/luzern-projektwettbewerb-fuer-pilatusplatz-ist-entschieden\\\/\"]}]},{\"@type\":\"ImageObject\",\"inLanguage\":\"it-IT\",\"@id\":\"https:\\\/\\\/www.immobilienbusiness.ch\\\/regionen\\\/2020-04-09\\\/luzern-projektwettbewerb-fuer-pilatusplatz-ist-entschieden\\\/#primaryimage\",\"url\":\"https:\\\/\\\/www.immobilienbusiness.ch\\\/wp-content\\\/uploads\\\/2020\\\/04\\\/pilatusplatz.jpg\",\"contentUrl\":\"https:\\\/\\\/www.immobilienbusiness.ch\\\/wp-content\\\/uploads\\\/2020\\\/04\\\/pilatusplatz.jpg\",\"width\":732,\"height\":502,\"caption\":\"Visualisierung des Siegerprojekts \\\"Lu Two\\\". (Quelle: Joos&Mathys Architekten)\"},{\"@type\":\"BreadcrumbList\",\"@id\":\"https:\\\/\\\/www.immobilienbusiness.ch\\\/regionen\\\/2020-04-09\\\/luzern-projektwettbewerb-fuer-pilatusplatz-ist-entschieden\\\/#breadcrumb\",\"itemListElement\":[{\"@type\":\"ListItem\",\"position\":1,\"name\":\"Home\",\"item\":\"https:\\\/\\\/www.immobilienbusiness.ch\\\/\"},{\"@type\":\"ListItem\",\"position\":2,\"name\":\"Luzern: Projektwettbewerb f\u00fcr Pilatusplatz ist entschieden\"}]},{\"@type\":\"WebSite\",\"@id\":\"https:\\\/\\\/www.immobilienbusiness.ch\\\/#website\",\"url\":\"https:\\\/\\\/www.immobilienbusiness.ch\\\/\",\"name\":\"IMMOBILIEN Business\",\"description\":\"Unabh\u00e4ngiges Schweizer Wirtschaftsmagazin mit Fokus auf Immobilien, Architektur- und Bau sowie Investment- und Finanzierung.\",\"publisher\":{\"@id\":\"https:\\\/\\\/www.immobilienbusiness.ch\\\/#organization\"},\"potentialAction\":[{\"@type\":\"SearchAction\",\"target\":{\"@type\":\"EntryPoint\",\"urlTemplate\":\"https:\\\/\\\/www.immobilienbusiness.ch\\\/?s={search_term_string}\"},\"query-input\":{\"@type\":\"PropertyValueSpecification\",\"valueRequired\":true,\"valueName\":\"search_term_string\"}}],\"inLanguage\":\"it-IT\"},{\"@type\":\"Organization\",\"@id\":\"https:\\\/\\\/www.immobilienbusiness.ch\\\/#organization\",\"name\":\"IMMOBILIEN Business\",\"url\":\"https:\\\/\\\/www.immobilienbusiness.ch\\\/\",\"logo\":{\"@type\":\"ImageObject\",\"inLanguage\":\"it-IT\",\"@id\":\"https:\\\/\\\/www.immobilienbusiness.ch\\\/#\\\/schema\\\/logo\\\/image\\\/\",\"url\":\"https:\\\/\\\/www.immobilienbusiness.ch\\\/wp-content\\\/uploads\\\/2021\\\/07\\\/logo_ib.png\",\"contentUrl\":\"https:\\\/\\\/www.immobilienbusiness.ch\\\/wp-content\\\/uploads\\\/2021\\\/07\\\/logo_ib.png\",\"width\":800,\"height\":181,\"caption\":\"IMMOBILIEN Business\"},\"image\":{\"@id\":\"https:\\\/\\\/www.immobilienbusiness.ch\\\/#\\\/schema\\\/logo\\\/image\\\/\"},\"sameAs\":[\"https:\\\/\\\/www.facebook.com\\\/immobilienbusiness\\\/\"]},{\"@type\":\"Person\",\"@id\":\"https:\\\/\\\/www.immobilienbusiness.ch\\\/#\\\/schema\\\/person\\\/3fc036297b10b9f42d6db5ee932af8c8\",\"name\":\"anja.hall\",\"image\":{\"@type\":\"ImageObject\",\"inLanguage\":\"it-IT\",\"@id\":\"https:\\\/\\\/secure.gravatar.com\\\/avatar\\\/066b5a0d447013502c71a5782f4f3469f03cfe595cc2329fb94652fe47511bfb?s=96&d=mm&r=g\",\"url\":\"https:\\\/\\\/secure.gravatar.com\\\/avatar\\\/066b5a0d447013502c71a5782f4f3469f03cfe595cc2329fb94652fe47511bfb?s=96&d=mm&r=g\",\"contentUrl\":\"https:\\\/\\\/secure.gravatar.com\\\/avatar\\\/066b5a0d447013502c71a5782f4f3469f03cfe595cc2329fb94652fe47511bfb?s=96&d=mm&r=g\",\"caption\":\"anja.hall\"},\"url\":\"https:\\\/\\\/www.immobilienbusiness.ch\\\/it\\\/author\\\/anja-hall\\\/\"}]}<\/script>\n<!-- \/ Yoast SEO plugin. -->","yoast_head_json":{"title":"Luzern: Projektwettbewerb f\u00fcr Pilatusplatz ist entschieden - IMMOBILIEN Business","description":"Die Bietergemeinschaft Senda Immobilien und Joos & Mathys Architekten hat den Wettbewerb f\u00fcr das Entwicklungsareal am Pilatusplatz in Luzern gewonnen.","robots":{"index":"index","follow":"follow","max-snippet":"max-snippet:-1","max-image-preview":"max-image-preview:large","max-video-preview":"max-video-preview:-1"},"canonical":"https:\/\/www.immobilienbusiness.ch\/it\/regionen\/2020-04-09\/luzern-projektwettbewerb-fuer-pilatusplatz-ist-entschieden\/","og_locale":"it_IT","og_type":"article","og_title":"Luzern: Projektwettbewerb f\u00fcr Pilatusplatz ist entschieden - IMMOBILIEN Business","og_description":"Die Bietergemeinschaft Senda Immobilien und Joos & Mathys Architekten hat den Wettbewerb f\u00fcr das Entwicklungsareal am Pilatusplatz in Luzern gewonnen.","og_url":"https:\/\/www.immobilienbusiness.ch\/it\/regionen\/2020-04-09\/luzern-projektwettbewerb-fuer-pilatusplatz-ist-entschieden\/","og_site_name":"IMMOBILIEN Business","article_publisher":"https:\/\/www.facebook.com\/immobilienbusiness\/","article_published_time":"2020-04-09T06:56:01+00:00","og_image":[{"width":732,"height":502,"url":"https:\/\/www.immobilienbusiness.ch\/wp-content\/uploads\/2020\/04\/pilatusplatz.jpg","type":"image\/jpeg"}],"author":"anja.hall","twitter_card":"summary_large_image","twitter_image":"https:\/\/www.immobilienbusiness.ch\/wp-content\/uploads\/2020\/04\/pilatusplatz.jpg","schema":{"@context":"https:\/\/schema.org","@graph":[{"@type":"Article","@id":"https:\/\/www.immobilienbusiness.ch\/regionen\/2020-04-09\/luzern-projektwettbewerb-fuer-pilatusplatz-ist-entschieden\/#article","isPartOf":{"@id":"https:\/\/www.immobilienbusiness.ch\/regionen\/2020-04-09\/luzern-projektwettbewerb-fuer-pilatusplatz-ist-entschieden\/"},"author":{"name":"anja.hall","@id":"https:\/\/www.immobilienbusiness.ch\/#\/schema\/person\/3fc036297b10b9f42d6db5ee932af8c8"},"headline":"Luzern: Projektwettbewerb f\u00fcr Pilatusplatz ist entschieden","datePublished":"2020-04-09T06:56:01+00:00","mainEntityOfPage":{"@id":"https:\/\/www.immobilienbusiness.ch\/regionen\/2020-04-09\/luzern-projektwettbewerb-fuer-pilatusplatz-ist-entschieden\/"},"wordCount":230,"publisher":{"@id":"https:\/\/www.immobilienbusiness.ch\/#organization"},"image":{"@id":"https:\/\/www.immobilienbusiness.ch\/regionen\/2020-04-09\/luzern-projektwettbewerb-fuer-pilatusplatz-ist-entschieden\/#primaryimage"},"thumbnailUrl":"https:\/\/www.immobilienbusiness.ch\/wp-content\/uploads\/2020\/04\/pilatusplatz.jpg","keywords":["B\u00fcroimmobilien","Luzern","Projekt in Planung","Retailfl\u00e4chen","Wohnimmobilien"],"articleSection":["REGIONEN"],"inLanguage":"it-IT"},{"@type":"WebPage","@id":"https:\/\/www.immobilienbusiness.ch\/regionen\/2020-04-09\/luzern-projektwettbewerb-fuer-pilatusplatz-ist-entschieden\/","url":"https:\/\/www.immobilienbusiness.ch\/regionen\/2020-04-09\/luzern-projektwettbewerb-fuer-pilatusplatz-ist-entschieden\/","name":"Luzern: Projektwettbewerb f\u00fcr Pilatusplatz ist entschieden - IMMOBILIEN Business","isPartOf":{"@id":"https:\/\/www.immobilienbusiness.ch\/#website"},"primaryImageOfPage":{"@id":"https:\/\/www.immobilienbusiness.ch\/regionen\/2020-04-09\/luzern-projektwettbewerb-fuer-pilatusplatz-ist-entschieden\/#primaryimage"},"image":{"@id":"https:\/\/www.immobilienbusiness.ch\/regionen\/2020-04-09\/luzern-projektwettbewerb-fuer-pilatusplatz-ist-entschieden\/#primaryimage"},"thumbnailUrl":"https:\/\/www.immobilienbusiness.ch\/wp-content\/uploads\/2020\/04\/pilatusplatz.jpg","datePublished":"2020-04-09T06:56:01+00:00","description":"Die Bietergemeinschaft Senda Immobilien und Joos & Mathys Architekten hat den Wettbewerb f\u00fcr das Entwicklungsareal am Pilatusplatz in Luzern gewonnen.","breadcrumb":{"@id":"https:\/\/www.immobilienbusiness.ch\/regionen\/2020-04-09\/luzern-projektwettbewerb-fuer-pilatusplatz-ist-entschieden\/#breadcrumb"},"inLanguage":"it-IT","potentialAction":[{"@type":"ReadAction","target":["https:\/\/www.immobilienbusiness.ch\/regionen\/2020-04-09\/luzern-projektwettbewerb-fuer-pilatusplatz-ist-entschieden\/"]}]},{"@type":"ImageObject","inLanguage":"it-IT","@id":"https:\/\/www.immobilienbusiness.ch\/regionen\/2020-04-09\/luzern-projektwettbewerb-fuer-pilatusplatz-ist-entschieden\/#primaryimage","url":"https:\/\/www.immobilienbusiness.ch\/wp-content\/uploads\/2020\/04\/pilatusplatz.jpg","contentUrl":"https:\/\/www.immobilienbusiness.ch\/wp-content\/uploads\/2020\/04\/pilatusplatz.jpg","width":732,"height":502,"caption":"Visualisierung des Siegerprojekts \"Lu Two\". (Quelle: Joos&Mathys Architekten)"},{"@type":"BreadcrumbList","@id":"https:\/\/www.immobilienbusiness.ch\/regionen\/2020-04-09\/luzern-projektwettbewerb-fuer-pilatusplatz-ist-entschieden\/#breadcrumb","itemListElement":[{"@type":"ListItem","position":1,"name":"Home","item":"https:\/\/www.immobilienbusiness.ch\/"},{"@type":"ListItem","position":2,"name":"Luzern: Projektwettbewerb f\u00fcr Pilatusplatz ist entschieden"}]},{"@type":"WebSite","@id":"https:\/\/www.immobilienbusiness.ch\/#website","url":"https:\/\/www.immobilienbusiness.ch\/","name":"Affari immobiliari","description":"Rivista economica indipendente svizzera che si concentra sul settore immobiliare, l'architettura e la costruzione, nonch\u00e9 sugli investimenti e i finanziamenti.","publisher":{"@id":"https:\/\/www.immobilienbusiness.ch\/#organization"},"potentialAction":[{"@type":"SearchAction","target":{"@type":"EntryPoint","urlTemplate":"https:\/\/www.immobilienbusiness.ch\/?s={search_term_string}"},"query-input":{"@type":"PropertyValueSpecification","valueRequired":true,"valueName":"search_term_string"}}],"inLanguage":"it-IT"},{"@type":"Organization","@id":"https:\/\/www.immobilienbusiness.ch\/#organization","name":"Affari immobiliari","url":"https:\/\/www.immobilienbusiness.ch\/","logo":{"@type":"ImageObject","inLanguage":"it-IT","@id":"https:\/\/www.immobilienbusiness.ch\/#\/schema\/logo\/image\/","url":"https:\/\/www.immobilienbusiness.ch\/wp-content\/uploads\/2021\/07\/logo_ib.png","contentUrl":"https:\/\/www.immobilienbusiness.ch\/wp-content\/uploads\/2021\/07\/logo_ib.png","width":800,"height":181,"caption":"IMMOBILIEN Business"},"image":{"@id":"https:\/\/www.immobilienbusiness.ch\/#\/schema\/logo\/image\/"},"sameAs":["https:\/\/www.facebook.com\/immobilienbusiness\/"]},{"@type":"Person","@id":"https:\/\/www.immobilienbusiness.ch\/#\/schema\/person\/3fc036297b10b9f42d6db5ee932af8c8","name":"anja.hall","image":{"@type":"ImageObject","inLanguage":"it-IT","@id":"https:\/\/secure.gravatar.com\/avatar\/066b5a0d447013502c71a5782f4f3469f03cfe595cc2329fb94652fe47511bfb?s=96&d=mm&r=g","url":"https:\/\/secure.gravatar.com\/avatar\/066b5a0d447013502c71a5782f4f3469f03cfe595cc2329fb94652fe47511bfb?s=96&d=mm&r=g","contentUrl":"https:\/\/secure.gravatar.com\/avatar\/066b5a0d447013502c71a5782f4f3469f03cfe595cc2329fb94652fe47511bfb?s=96&d=mm&r=g","caption":"anja.hall"},"url":"https:\/\/www.immobilienbusiness.ch\/it\/author\/anja-hall\/"}]}},"_links":{"self":[{"href":"https:\/\/www.immobilienbusiness.ch\/it\/wp-json\/wp\/v2\/posts\/20841","targetHints":{"allow":["GET"]}}],"collection":[{"href":"https:\/\/www.immobilienbusiness.ch\/it\/wp-json\/wp\/v2\/posts"}],"about":[{"href":"https:\/\/www.immobilienbusiness.ch\/it\/wp-json\/wp\/v2\/types\/post"}],"author":[{"embeddable":true,"href":"https:\/\/www.immobilienbusiness.ch\/it\/wp-json\/wp\/v2\/users\/3"}],"replies":[{"embeddable":true,"href":"https:\/\/www.immobilienbusiness.ch\/it\/wp-json\/wp\/v2\/comments?post=20841"}],"version-history":[{"count":0,"href":"https:\/\/www.immobilienbusiness.ch\/it\/wp-json\/wp\/v2\/posts\/20841\/revisions"}],"wp:featuredmedia":[{"embeddable":true,"href":"https:\/\/www.immobilienbusiness.ch\/it\/wp-json\/wp\/v2\/media\/20851"}],"wp:attachment":[{"href":"https:\/\/www.immobilienbusiness.ch\/it\/wp-json\/wp\/v2\/media?parent=20841"}],"wp:term":[{"taxonomy":"category","embeddable":true,"href":"https:\/\/www.immobilienbusiness.ch\/it\/wp-json\/wp\/v2\/categories?post=20841"},{"taxonomy":"post_tag","embeddable":true,"href":"https:\/\/www.immobilienbusiness.ch\/it\/wp-json\/wp\/v2\/tags?post=20841"}],"curies":[{"name":"wp","href":"https:\/\/api.w.org\/{rel}","templated":true}]}}