{"id":20781,"date":"2020-04-08T08:37:05","date_gmt":"2020-04-08T06:37:05","guid":{"rendered":"https:\/\/www.immobilienbusiness.ch\/?p=20781"},"modified":"2020-04-08T08:37:05","modified_gmt":"2020-04-08T06:37:05","slug":"rorschach-loewengarten-quartier-ist-bezugsbereit","status":"publish","type":"post","link":"https:\/\/www.immobilienbusiness.ch\/it\/regionen\/2020-04-08\/rorschach-loewengarten-quartier-ist-bezugsbereit\/","title":{"rendered":"Rorschach: il quartiere L\u00f6wengarten \u00e8 pronto per essere occupato"},"content":{"rendered":"<figure id=\"attachment_20782\" aria-describedby=\"caption-attachment-20782\" style=\"width: 680px\" class=\"wp-caption alignnone\"><img loading=\"lazy\" decoding=\"async\" class=\"size-medium wp-image-20782\" src=\"https:\/\/www.immobilienbusiness.ch\/wp-content\/uploads\/2020\/04\/L\u00f6Ga_Seesicht.jpg\" alt=\"\" width=\"680\" height=\"453\" \/><figcaption id=\"caption-attachment-20782\" class=\"wp-caption-text\">Il quartiere L\u00f6wengarten \u00e8 pronto per essere occupato (Immagine: Uze AG)<\/figcaption><\/figure>\n<p>Dopo tre anni di costruzione, i primi inquilini e negozi si trasferiranno nel quartiere L\u00f6wengarten in aprile, ha annunciato la Uze AG. Il 2 aprile, Denner ha aperto una filiale nel trimestre, seguita dalla catena di discount Aldi con una nuova apertura alla fine di aprile. Sempre in aprile, \u00e8 prevista l'apertura del Rockstar Caf\u00e9 nella Haus Nord.<\/p>\n<p>GSP Treuhand e B+S Invest si trasferiranno nella West House. Secondo Uze AG, c'\u00e8 ancora spazio commerciale disponibile nello sviluppo che pu\u00f2 essere sviluppato individualmente. Inoltre, sono stati costruiti quasi 90 appartamenti di 2,5, 3,5 e 4,5 stanze con grandi balconi coperti e logge, alcuni con vista sul lago o giardino privato.<\/p>\n<p>L'inaugurazione ufficiale del nuovo quartiere \u00e8 prevista per l'autunno 2020, quando \u00e8 prevista anche l'apertura del ristorante L\u00f6wengarten. <em>(ah)<\/em><\/p>","protected":false},"excerpt":{"rendered":"<p>Il quartiere L\u00f6wengarten a Rorschach (SG), un progetto di Uze e Rosenberg Invest, \u00e8 in gran parte completato. I primi inquilini e negozi si stanno trasferendo.<\/p>","protected":false},"author":3,"featured_media":20782,"comment_status":"closed","ping_status":"open","sticky":false,"template":"","format":"standard","meta":{"_acf_changed":false,"_yoast_wpseo_focuskw":"L\u00f6wengarten","_yoast_wpseo_title":"","_yoast_wpseo_metadesc":"Das L\u00f6wengarten-Quartier in Rorschach (SG), ein Projekt von Uze und Rosenberg Invest, ist weitgehend fertiggestellt. Erste Mieter und Gesch\u00e4fte ziehen ein.","_yoast_wpseo_linkdex":51,"pgc_sgb_lightbox_settings":"","footnotes":""},"categories":[985],"tags":[1119,1219,1405,1645,1863],"class_list":["post-20781","post","type-post","status-publish","format-standard","has-post-thumbnail","hentry","category-regionen","tag-bueroimmobilien","tag-fertigstellung","tag-kanton-st-gallen","tag-retailflaechen","tag-wohnimmobilien"],"acf":[],"yoast_head":"<!-- This site is optimized with the Yoast SEO plugin v27.4 - https:\/\/yoast.com\/product\/yoast-seo-wordpress\/ -->\n<title>Rorschach: L\u00f6wengarten-Quartier ist bezugsbereit - IMMOBILIEN Business<\/title>\n<meta name=\"description\" content=\"Das L\u00f6wengarten-Quartier in Rorschach (SG), ein Projekt von Uze und Rosenberg Invest, ist weitgehend fertiggestellt. Erste Mieter und Gesch\u00e4fte ziehen ein.\" \/>\n<meta name=\"robots\" content=\"index, follow, max-snippet:-1, max-image-preview:large, max-video-preview:-1\" \/>\n<link rel=\"canonical\" href=\"https:\/\/www.immobilienbusiness.ch\/it\/regionen\/2020-04-08\/rorschach-loewengarten-quartier-ist-bezugsbereit\/\" \/>\n<meta property=\"og:locale\" content=\"it_IT\" \/>\n<meta property=\"og:type\" content=\"article\" \/>\n<meta property=\"og:title\" content=\"Rorschach: L\u00f6wengarten-Quartier ist bezugsbereit - IMMOBILIEN Business\" \/>\n<meta property=\"og:description\" content=\"Das L\u00f6wengarten-Quartier in Rorschach (SG), ein Projekt von Uze und Rosenberg Invest, ist weitgehend fertiggestellt. Erste Mieter und Gesch\u00e4fte ziehen ein.\" \/>\n<meta property=\"og:url\" content=\"https:\/\/www.immobilienbusiness.ch\/it\/regionen\/2020-04-08\/rorschach-loewengarten-quartier-ist-bezugsbereit\/\" \/>\n<meta property=\"og:site_name\" content=\"IMMOBILIEN Business\" \/>\n<meta property=\"article:publisher\" content=\"https:\/\/www.facebook.com\/immobilienbusiness\/\" \/>\n<meta property=\"article:published_time\" content=\"2020-04-08T06:37:05+00:00\" \/>\n<meta property=\"og:image\" content=\"https:\/\/www.immobilienbusiness.ch\/wp-content\/uploads\/2020\/04\/LoeGa_Seesicht.jpg\" \/>\n\t<meta property=\"og:image:width\" content=\"1500\" \/>\n\t<meta property=\"og:image:height\" content=\"999\" \/>\n\t<meta property=\"og:image:type\" content=\"image\/jpeg\" \/>\n<meta name=\"author\" content=\"anja.hall\" \/>\n<meta name=\"twitter:card\" content=\"summary_large_image\" \/>\n<meta name=\"twitter:image\" content=\"https:\/\/www.immobilienbusiness.ch\/wp-content\/uploads\/2020\/04\/LoeGa_Seesicht.jpg\" \/>\n<script type=\"application\/ld+json\" class=\"yoast-schema-graph\">{\"@context\":\"https:\\\/\\\/schema.org\",\"@graph\":[{\"@type\":\"Article\",\"@id\":\"https:\\\/\\\/www.immobilienbusiness.ch\\\/regionen\\\/2020-04-08\\\/rorschach-loewengarten-quartier-ist-bezugsbereit\\\/#article\",\"isPartOf\":{\"@id\":\"https:\\\/\\\/www.immobilienbusiness.ch\\\/regionen\\\/2020-04-08\\\/rorschach-loewengarten-quartier-ist-bezugsbereit\\\/\"},\"author\":{\"name\":\"anja.hall\",\"@id\":\"https:\\\/\\\/www.immobilienbusiness.ch\\\/#\\\/schema\\\/person\\\/3fc036297b10b9f42d6db5ee932af8c8\"},\"headline\":\"Rorschach: L\u00f6wengarten-Quartier ist bezugsbereit\",\"datePublished\":\"2020-04-08T06:37:05+00:00\",\"mainEntityOfPage\":{\"@id\":\"https:\\\/\\\/www.immobilienbusiness.ch\\\/regionen\\\/2020-04-08\\\/rorschach-loewengarten-quartier-ist-bezugsbereit\\\/\"},\"wordCount\":151,\"publisher\":{\"@id\":\"https:\\\/\\\/www.immobilienbusiness.ch\\\/#organization\"},\"image\":{\"@id\":\"https:\\\/\\\/www.immobilienbusiness.ch\\\/regionen\\\/2020-04-08\\\/rorschach-loewengarten-quartier-ist-bezugsbereit\\\/#primaryimage\"},\"thumbnailUrl\":\"https:\\\/\\\/www.immobilienbusiness.ch\\\/wp-content\\\/uploads\\\/2020\\\/04\\\/LoeGa_Seesicht.jpg\",\"keywords\":[\"B\u00fcroimmobilien\",\"Fertigstellung\",\"Kanton St. Gallen\",\"Retailfl\u00e4chen\",\"Wohnimmobilien\"],\"articleSection\":[\"REGIONEN\"],\"inLanguage\":\"it-IT\"},{\"@type\":\"WebPage\",\"@id\":\"https:\\\/\\\/www.immobilienbusiness.ch\\\/regionen\\\/2020-04-08\\\/rorschach-loewengarten-quartier-ist-bezugsbereit\\\/\",\"url\":\"https:\\\/\\\/www.immobilienbusiness.ch\\\/regionen\\\/2020-04-08\\\/rorschach-loewengarten-quartier-ist-bezugsbereit\\\/\",\"name\":\"Rorschach: L\u00f6wengarten-Quartier ist bezugsbereit - IMMOBILIEN Business\",\"isPartOf\":{\"@id\":\"https:\\\/\\\/www.immobilienbusiness.ch\\\/#website\"},\"primaryImageOfPage\":{\"@id\":\"https:\\\/\\\/www.immobilienbusiness.ch\\\/regionen\\\/2020-04-08\\\/rorschach-loewengarten-quartier-ist-bezugsbereit\\\/#primaryimage\"},\"image\":{\"@id\":\"https:\\\/\\\/www.immobilienbusiness.ch\\\/regionen\\\/2020-04-08\\\/rorschach-loewengarten-quartier-ist-bezugsbereit\\\/#primaryimage\"},\"thumbnailUrl\":\"https:\\\/\\\/www.immobilienbusiness.ch\\\/wp-content\\\/uploads\\\/2020\\\/04\\\/LoeGa_Seesicht.jpg\",\"datePublished\":\"2020-04-08T06:37:05+00:00\",\"description\":\"Das L\u00f6wengarten-Quartier in Rorschach (SG), ein Projekt von Uze und Rosenberg Invest, ist weitgehend fertiggestellt. Erste Mieter und Gesch\u00e4fte ziehen ein.\",\"breadcrumb\":{\"@id\":\"https:\\\/\\\/www.immobilienbusiness.ch\\\/regionen\\\/2020-04-08\\\/rorschach-loewengarten-quartier-ist-bezugsbereit\\\/#breadcrumb\"},\"inLanguage\":\"it-IT\",\"potentialAction\":[{\"@type\":\"ReadAction\",\"target\":[\"https:\\\/\\\/www.immobilienbusiness.ch\\\/regionen\\\/2020-04-08\\\/rorschach-loewengarten-quartier-ist-bezugsbereit\\\/\"]}]},{\"@type\":\"ImageObject\",\"inLanguage\":\"it-IT\",\"@id\":\"https:\\\/\\\/www.immobilienbusiness.ch\\\/regionen\\\/2020-04-08\\\/rorschach-loewengarten-quartier-ist-bezugsbereit\\\/#primaryimage\",\"url\":\"https:\\\/\\\/www.immobilienbusiness.ch\\\/wp-content\\\/uploads\\\/2020\\\/04\\\/LoeGa_Seesicht.jpg\",\"contentUrl\":\"https:\\\/\\\/www.immobilienbusiness.ch\\\/wp-content\\\/uploads\\\/2020\\\/04\\\/LoeGa_Seesicht.jpg\",\"width\":1500,\"height\":999,\"caption\":\"(Bild: Uze AG)\"},{\"@type\":\"BreadcrumbList\",\"@id\":\"https:\\\/\\\/www.immobilienbusiness.ch\\\/regionen\\\/2020-04-08\\\/rorschach-loewengarten-quartier-ist-bezugsbereit\\\/#breadcrumb\",\"itemListElement\":[{\"@type\":\"ListItem\",\"position\":1,\"name\":\"Home\",\"item\":\"https:\\\/\\\/www.immobilienbusiness.ch\\\/\"},{\"@type\":\"ListItem\",\"position\":2,\"name\":\"Rorschach: L\u00f6wengarten-Quartier ist bezugsbereit\"}]},{\"@type\":\"WebSite\",\"@id\":\"https:\\\/\\\/www.immobilienbusiness.ch\\\/#website\",\"url\":\"https:\\\/\\\/www.immobilienbusiness.ch\\\/\",\"name\":\"IMMOBILIEN Business\",\"description\":\"Unabh\u00e4ngiges Schweizer Wirtschaftsmagazin mit Fokus auf Immobilien, Architektur- und Bau sowie Investment- und Finanzierung.\",\"publisher\":{\"@id\":\"https:\\\/\\\/www.immobilienbusiness.ch\\\/#organization\"},\"potentialAction\":[{\"@type\":\"SearchAction\",\"target\":{\"@type\":\"EntryPoint\",\"urlTemplate\":\"https:\\\/\\\/www.immobilienbusiness.ch\\\/?s={search_term_string}\"},\"query-input\":{\"@type\":\"PropertyValueSpecification\",\"valueRequired\":true,\"valueName\":\"search_term_string\"}}],\"inLanguage\":\"it-IT\"},{\"@type\":\"Organization\",\"@id\":\"https:\\\/\\\/www.immobilienbusiness.ch\\\/#organization\",\"name\":\"IMMOBILIEN Business\",\"url\":\"https:\\\/\\\/www.immobilienbusiness.ch\\\/\",\"logo\":{\"@type\":\"ImageObject\",\"inLanguage\":\"it-IT\",\"@id\":\"https:\\\/\\\/www.immobilienbusiness.ch\\\/#\\\/schema\\\/logo\\\/image\\\/\",\"url\":\"https:\\\/\\\/www.immobilienbusiness.ch\\\/wp-content\\\/uploads\\\/2021\\\/07\\\/logo_ib.png\",\"contentUrl\":\"https:\\\/\\\/www.immobilienbusiness.ch\\\/wp-content\\\/uploads\\\/2021\\\/07\\\/logo_ib.png\",\"width\":800,\"height\":181,\"caption\":\"IMMOBILIEN Business\"},\"image\":{\"@id\":\"https:\\\/\\\/www.immobilienbusiness.ch\\\/#\\\/schema\\\/logo\\\/image\\\/\"},\"sameAs\":[\"https:\\\/\\\/www.facebook.com\\\/immobilienbusiness\\\/\"]},{\"@type\":\"Person\",\"@id\":\"https:\\\/\\\/www.immobilienbusiness.ch\\\/#\\\/schema\\\/person\\\/3fc036297b10b9f42d6db5ee932af8c8\",\"name\":\"anja.hall\",\"image\":{\"@type\":\"ImageObject\",\"inLanguage\":\"it-IT\",\"@id\":\"https:\\\/\\\/secure.gravatar.com\\\/avatar\\\/066b5a0d447013502c71a5782f4f3469f03cfe595cc2329fb94652fe47511bfb?s=96&d=mm&r=g\",\"url\":\"https:\\\/\\\/secure.gravatar.com\\\/avatar\\\/066b5a0d447013502c71a5782f4f3469f03cfe595cc2329fb94652fe47511bfb?s=96&d=mm&r=g\",\"contentUrl\":\"https:\\\/\\\/secure.gravatar.com\\\/avatar\\\/066b5a0d447013502c71a5782f4f3469f03cfe595cc2329fb94652fe47511bfb?s=96&d=mm&r=g\",\"caption\":\"anja.hall\"},\"url\":\"https:\\\/\\\/www.immobilienbusiness.ch\\\/it\\\/author\\\/anja-hall\\\/\"}]}<\/script>\n<!-- \/ Yoast SEO plugin. -->","yoast_head_json":{"title":"Rorschach: L\u00f6wengarten-Quartier ist bezugsbereit - IMMOBILIEN Business","description":"Il quartiere L\u00f6wengarten a Rorschach (SG), un progetto di Uze e Rosenberg Invest, \u00e8 in gran parte completato. I primi inquilini e negozi si stanno trasferendo.","robots":{"index":"index","follow":"follow","max-snippet":"max-snippet:-1","max-image-preview":"max-image-preview:large","max-video-preview":"max-video-preview:-1"},"canonical":"https:\/\/www.immobilienbusiness.ch\/it\/regionen\/2020-04-08\/rorschach-loewengarten-quartier-ist-bezugsbereit\/","og_locale":"it_IT","og_type":"article","og_title":"Rorschach: L\u00f6wengarten-Quartier ist bezugsbereit - IMMOBILIEN Business","og_description":"Das L\u00f6wengarten-Quartier in Rorschach (SG), ein Projekt von Uze und Rosenberg Invest, ist weitgehend fertiggestellt. Erste Mieter und Gesch\u00e4fte ziehen ein.","og_url":"https:\/\/www.immobilienbusiness.ch\/it\/regionen\/2020-04-08\/rorschach-loewengarten-quartier-ist-bezugsbereit\/","og_site_name":"IMMOBILIEN Business","article_publisher":"https:\/\/www.facebook.com\/immobilienbusiness\/","article_published_time":"2020-04-08T06:37:05+00:00","og_image":[{"width":1500,"height":999,"url":"https:\/\/www.immobilienbusiness.ch\/wp-content\/uploads\/2020\/04\/LoeGa_Seesicht.jpg","type":"image\/jpeg"}],"author":"anja.hall","twitter_card":"summary_large_image","twitter_image":"https:\/\/www.immobilienbusiness.ch\/wp-content\/uploads\/2020\/04\/LoeGa_Seesicht.jpg","schema":{"@context":"https:\/\/schema.org","@graph":[{"@type":"Article","@id":"https:\/\/www.immobilienbusiness.ch\/regionen\/2020-04-08\/rorschach-loewengarten-quartier-ist-bezugsbereit\/#article","isPartOf":{"@id":"https:\/\/www.immobilienbusiness.ch\/regionen\/2020-04-08\/rorschach-loewengarten-quartier-ist-bezugsbereit\/"},"author":{"name":"anja.hall","@id":"https:\/\/www.immobilienbusiness.ch\/#\/schema\/person\/3fc036297b10b9f42d6db5ee932af8c8"},"headline":"Rorschach: L\u00f6wengarten-Quartier ist bezugsbereit","datePublished":"2020-04-08T06:37:05+00:00","mainEntityOfPage":{"@id":"https:\/\/www.immobilienbusiness.ch\/regionen\/2020-04-08\/rorschach-loewengarten-quartier-ist-bezugsbereit\/"},"wordCount":151,"publisher":{"@id":"https:\/\/www.immobilienbusiness.ch\/#organization"},"image":{"@id":"https:\/\/www.immobilienbusiness.ch\/regionen\/2020-04-08\/rorschach-loewengarten-quartier-ist-bezugsbereit\/#primaryimage"},"thumbnailUrl":"https:\/\/www.immobilienbusiness.ch\/wp-content\/uploads\/2020\/04\/LoeGa_Seesicht.jpg","keywords":["B\u00fcroimmobilien","Fertigstellung","Kanton St. Gallen","Retailfl\u00e4chen","Wohnimmobilien"],"articleSection":["REGIONEN"],"inLanguage":"it-IT"},{"@type":"WebPage","@id":"https:\/\/www.immobilienbusiness.ch\/regionen\/2020-04-08\/rorschach-loewengarten-quartier-ist-bezugsbereit\/","url":"https:\/\/www.immobilienbusiness.ch\/regionen\/2020-04-08\/rorschach-loewengarten-quartier-ist-bezugsbereit\/","name":"Rorschach: L\u00f6wengarten-Quartier ist bezugsbereit - IMMOBILIEN Business","isPartOf":{"@id":"https:\/\/www.immobilienbusiness.ch\/#website"},"primaryImageOfPage":{"@id":"https:\/\/www.immobilienbusiness.ch\/regionen\/2020-04-08\/rorschach-loewengarten-quartier-ist-bezugsbereit\/#primaryimage"},"image":{"@id":"https:\/\/www.immobilienbusiness.ch\/regionen\/2020-04-08\/rorschach-loewengarten-quartier-ist-bezugsbereit\/#primaryimage"},"thumbnailUrl":"https:\/\/www.immobilienbusiness.ch\/wp-content\/uploads\/2020\/04\/LoeGa_Seesicht.jpg","datePublished":"2020-04-08T06:37:05+00:00","description":"Il quartiere L\u00f6wengarten a Rorschach (SG), un progetto di Uze e Rosenberg Invest, \u00e8 in gran parte completato. I primi inquilini e negozi si stanno trasferendo.","breadcrumb":{"@id":"https:\/\/www.immobilienbusiness.ch\/regionen\/2020-04-08\/rorschach-loewengarten-quartier-ist-bezugsbereit\/#breadcrumb"},"inLanguage":"it-IT","potentialAction":[{"@type":"ReadAction","target":["https:\/\/www.immobilienbusiness.ch\/regionen\/2020-04-08\/rorschach-loewengarten-quartier-ist-bezugsbereit\/"]}]},{"@type":"ImageObject","inLanguage":"it-IT","@id":"https:\/\/www.immobilienbusiness.ch\/regionen\/2020-04-08\/rorschach-loewengarten-quartier-ist-bezugsbereit\/#primaryimage","url":"https:\/\/www.immobilienbusiness.ch\/wp-content\/uploads\/2020\/04\/LoeGa_Seesicht.jpg","contentUrl":"https:\/\/www.immobilienbusiness.ch\/wp-content\/uploads\/2020\/04\/LoeGa_Seesicht.jpg","width":1500,"height":999,"caption":"(Bild: Uze AG)"},{"@type":"BreadcrumbList","@id":"https:\/\/www.immobilienbusiness.ch\/regionen\/2020-04-08\/rorschach-loewengarten-quartier-ist-bezugsbereit\/#breadcrumb","itemListElement":[{"@type":"ListItem","position":1,"name":"Home","item":"https:\/\/www.immobilienbusiness.ch\/"},{"@type":"ListItem","position":2,"name":"Rorschach: L\u00f6wengarten-Quartier ist bezugsbereit"}]},{"@type":"WebSite","@id":"https:\/\/www.immobilienbusiness.ch\/#website","url":"https:\/\/www.immobilienbusiness.ch\/","name":"Affari immobiliari","description":"Rivista economica indipendente svizzera che si concentra sul settore immobiliare, l'architettura e la costruzione, nonch\u00e9 sugli investimenti e i finanziamenti.","publisher":{"@id":"https:\/\/www.immobilienbusiness.ch\/#organization"},"potentialAction":[{"@type":"SearchAction","target":{"@type":"EntryPoint","urlTemplate":"https:\/\/www.immobilienbusiness.ch\/?s={search_term_string}"},"query-input":{"@type":"PropertyValueSpecification","valueRequired":true,"valueName":"search_term_string"}}],"inLanguage":"it-IT"},{"@type":"Organization","@id":"https:\/\/www.immobilienbusiness.ch\/#organization","name":"Affari immobiliari","url":"https:\/\/www.immobilienbusiness.ch\/","logo":{"@type":"ImageObject","inLanguage":"it-IT","@id":"https:\/\/www.immobilienbusiness.ch\/#\/schema\/logo\/image\/","url":"https:\/\/www.immobilienbusiness.ch\/wp-content\/uploads\/2021\/07\/logo_ib.png","contentUrl":"https:\/\/www.immobilienbusiness.ch\/wp-content\/uploads\/2021\/07\/logo_ib.png","width":800,"height":181,"caption":"IMMOBILIEN Business"},"image":{"@id":"https:\/\/www.immobilienbusiness.ch\/#\/schema\/logo\/image\/"},"sameAs":["https:\/\/www.facebook.com\/immobilienbusiness\/"]},{"@type":"Person","@id":"https:\/\/www.immobilienbusiness.ch\/#\/schema\/person\/3fc036297b10b9f42d6db5ee932af8c8","name":"anja.hall","image":{"@type":"ImageObject","inLanguage":"it-IT","@id":"https:\/\/secure.gravatar.com\/avatar\/066b5a0d447013502c71a5782f4f3469f03cfe595cc2329fb94652fe47511bfb?s=96&d=mm&r=g","url":"https:\/\/secure.gravatar.com\/avatar\/066b5a0d447013502c71a5782f4f3469f03cfe595cc2329fb94652fe47511bfb?s=96&d=mm&r=g","contentUrl":"https:\/\/secure.gravatar.com\/avatar\/066b5a0d447013502c71a5782f4f3469f03cfe595cc2329fb94652fe47511bfb?s=96&d=mm&r=g","caption":"anja.hall"},"url":"https:\/\/www.immobilienbusiness.ch\/it\/author\/anja-hall\/"}]}},"_links":{"self":[{"href":"https:\/\/www.immobilienbusiness.ch\/it\/wp-json\/wp\/v2\/posts\/20781","targetHints":{"allow":["GET"]}}],"collection":[{"href":"https:\/\/www.immobilienbusiness.ch\/it\/wp-json\/wp\/v2\/posts"}],"about":[{"href":"https:\/\/www.immobilienbusiness.ch\/it\/wp-json\/wp\/v2\/types\/post"}],"author":[{"embeddable":true,"href":"https:\/\/www.immobilienbusiness.ch\/it\/wp-json\/wp\/v2\/users\/3"}],"replies":[{"embeddable":true,"href":"https:\/\/www.immobilienbusiness.ch\/it\/wp-json\/wp\/v2\/comments?post=20781"}],"version-history":[{"count":0,"href":"https:\/\/www.immobilienbusiness.ch\/it\/wp-json\/wp\/v2\/posts\/20781\/revisions"}],"wp:featuredmedia":[{"embeddable":true,"href":"https:\/\/www.immobilienbusiness.ch\/it\/wp-json\/wp\/v2\/media\/20782"}],"wp:attachment":[{"href":"https:\/\/www.immobilienbusiness.ch\/it\/wp-json\/wp\/v2\/media?parent=20781"}],"wp:term":[{"taxonomy":"category","embeddable":true,"href":"https:\/\/www.immobilienbusiness.ch\/it\/wp-json\/wp\/v2\/categories?post=20781"},{"taxonomy":"post_tag","embeddable":true,"href":"https:\/\/www.immobilienbusiness.ch\/it\/wp-json\/wp\/v2\/tags?post=20781"}],"curies":[{"name":"wp","href":"https:\/\/api.w.org\/{rel}","templated":true}]}}