{"id":20778,"date":"2020-04-06T08:24:36","date_gmt":"2020-04-06T06:24:36","guid":{"rendered":"https:\/\/www.immobilienbusiness.ch\/?p=20778"},"modified":"2020-04-06T08:24:36","modified_gmt":"2020-04-06T06:24:36","slug":"uznach-grundsteinlegung-fuer-den-ahornpark","status":"publish","type":"post","link":"https:\/\/www.immobilienbusiness.ch\/it\/regionen\/2020-04-06\/uznach-grundsteinlegung-fuer-den-ahornpark\/","title":{"rendered":"Uznach: Posa della prima pietra dell'Ahornpark"},"content":{"rendered":"<figure id=\"attachment_20779\" aria-describedby=\"caption-attachment-20779\" style=\"width: 680px\" class=\"wp-caption alignnone\"><img loading=\"lazy\" decoding=\"async\" class=\"size-medium wp-image-20779\" src=\"https:\/\/www.immobilienbusiness.ch\/wp-content\/uploads\/2020\/04\/5741_Ahornpark_Uznach_Aussen_K04_030719.jpg\" alt=\"\" width=\"680\" height=\"453\" srcset=\"https:\/\/www.immobilienbusiness.ch\/wp-content\/uploads\/2020\/04\/5741_Ahornpark_Uznach_Aussen_K04_030719.jpg 2560w, https:\/\/www.immobilienbusiness.ch\/wp-content\/uploads\/2020\/04\/5741_Ahornpark_Uznach_Aussen_K04_030719-300x200.jpg 300w, https:\/\/www.immobilienbusiness.ch\/wp-content\/uploads\/2020\/04\/5741_Ahornpark_Uznach_Aussen_K04_030719-1024x683.jpg 1024w, https:\/\/www.immobilienbusiness.ch\/wp-content\/uploads\/2020\/04\/5741_Ahornpark_Uznach_Aussen_K04_030719-768x512.jpg 768w, https:\/\/www.immobilienbusiness.ch\/wp-content\/uploads\/2020\/04\/5741_Ahornpark_Uznach_Aussen_K04_030719-1536x1024.jpg 1536w, https:\/\/www.immobilienbusiness.ch\/wp-content\/uploads\/2020\/04\/5741_Ahornpark_Uznach_Aussen_K04_030719-2048x1365.jpg 2048w, https:\/\/www.immobilienbusiness.ch\/wp-content\/uploads\/2020\/04\/5741_Ahornpark_Uznach_Aussen_K04_030719-16x12.jpg 16w, https:\/\/www.immobilienbusiness.ch\/wp-content\/uploads\/2020\/04\/5741_Ahornpark_Uznach_Aussen_K04_030719-263x175.jpg 263w, https:\/\/www.immobilienbusiness.ch\/wp-content\/uploads\/2020\/04\/5741_Ahornpark_Uznach_Aussen_K04_030719-525x350.jpg 525w, https:\/\/www.immobilienbusiness.ch\/wp-content\/uploads\/2020\/04\/5741_Ahornpark_Uznach_Aussen_K04_030719-1200x800.jpg 1200w, https:\/\/www.immobilienbusiness.ch\/wp-content\/uploads\/2020\/04\/5741_Ahornpark_Uznach_Aussen_K04_030719-920x613.jpg 920w, https:\/\/www.immobilienbusiness.ch\/wp-content\/uploads\/2020\/04\/5741_Ahornpark_Uznach_Aussen_K04_030719-1400x933.jpg 1400w\" sizes=\"auto, (max-width: 680px) 100vw, 680px\" \/><figcaption id=\"caption-attachment-20779\" class=\"wp-caption-text\">L'Ahornpark di Uznach (Visualizzazione: Lifestyle Immobilien AG)<\/figcaption><\/figure>\n<p>L'Ahornpark \u00e8 stato costruito su un pendio esposto a sud-ovest nella zona di Bifang, a Uznach. In totale verranno costruiti 52 appartamenti in cinque condomini. Negli edifici di Ahornstrasse 8, 10 e 12 verranno costruiti 27 appartamenti ad uso abitativo, oltre a due condomini con un totale di 25 appartamenti in affitto. Il complesso avr\u00e0 un ampio spazio aperto con aree verdi, posti a sedere, un pergolato e un parco giochi.<\/p>\n<p>Secondo la Lifestyle Immobilien AG di Lachen, che si occupa della commercializzazione, le vendite dei condomini sono iniziate bene. Gli appartamenti sono dotati, tra l'altro, di cucine a vista con sistema Bora, piano cottura a induzione con aspiratore downdraft integrato e riscaldamento a sonda geotermica con supporto al raffreddamento estivo. Gli appartamenti dovrebbero essere pronti per essere occupati a partire da novembre 2021. <em>(ah)<\/em><\/p>","protected":false},"excerpt":{"rendered":"<p>In Uznach (SG) wurde der Grundstein f\u00fcr die Wohn\u00fcberbauung Ahornpark gelegt &#8211; wegen der Covid-19-Pandemie fand allerdings keine Feier statt.<\/p>","protected":false},"author":3,"featured_media":20779,"comment_status":"closed","ping_status":"open","sticky":false,"template":"","format":"standard","meta":{"_acf_changed":false,"_yoast_wpseo_focuskw":"Uznach","_yoast_wpseo_title":"","_yoast_wpseo_metadesc":"In Uznach (SG) wurde der Grundstein f\u00fcr die Wohn\u00fcberbauung Ahornpark gelegt - wegen der Covid-19-Pandemie fand allerdings keine Feier statt.","_yoast_wpseo_linkdex":58,"pgc_sgb_lightbox_settings":"","footnotes":""},"categories":[985],"tags":[1405,1599,1735,1863],"class_list":["post-20778","post","type-post","status-publish","format-standard","has-post-thumbnail","hentry","category-regionen","tag-kanton-st-gallen","tag-projekt-in-bau","tag-stockwerkeigentum","tag-wohnimmobilien"],"acf":[],"yoast_head":"<!-- This site is optimized with the Yoast SEO plugin v27.4 - https:\/\/yoast.com\/product\/yoast-seo-wordpress\/ -->\n<title>Uznach: Grundsteinlegung f\u00fcr den Ahornpark - IMMOBILIEN Business<\/title>\n<meta name=\"description\" content=\"In Uznach (SG) wurde der Grundstein f\u00fcr die Wohn\u00fcberbauung Ahornpark gelegt - wegen der Covid-19-Pandemie fand allerdings keine Feier statt.\" \/>\n<meta name=\"robots\" content=\"index, follow, max-snippet:-1, max-image-preview:large, max-video-preview:-1\" \/>\n<link rel=\"canonical\" href=\"https:\/\/www.immobilienbusiness.ch\/it\/regionen\/2020-04-06\/uznach-grundsteinlegung-fuer-den-ahornpark\/\" \/>\n<meta property=\"og:locale\" content=\"it_IT\" \/>\n<meta property=\"og:type\" content=\"article\" \/>\n<meta property=\"og:title\" content=\"Uznach: Grundsteinlegung f\u00fcr den Ahornpark - IMMOBILIEN Business\" \/>\n<meta property=\"og:description\" content=\"In Uznach (SG) wurde der Grundstein f\u00fcr die Wohn\u00fcberbauung Ahornpark gelegt - wegen der Covid-19-Pandemie fand allerdings keine Feier statt.\" \/>\n<meta property=\"og:url\" content=\"https:\/\/www.immobilienbusiness.ch\/it\/regionen\/2020-04-06\/uznach-grundsteinlegung-fuer-den-ahornpark\/\" \/>\n<meta property=\"og:site_name\" content=\"IMMOBILIEN Business\" \/>\n<meta property=\"article:publisher\" content=\"https:\/\/www.facebook.com\/immobilienbusiness\/\" \/>\n<meta property=\"article:published_time\" content=\"2020-04-06T06:24:36+00:00\" \/>\n<meta property=\"og:image\" content=\"https:\/\/www.immobilienbusiness.ch\/wp-content\/uploads\/2020\/04\/5741_Ahornpark_Uznach_Aussen_K04_030719-1024x683.jpg\" \/>\n\t<meta property=\"og:image:width\" content=\"1024\" \/>\n\t<meta property=\"og:image:height\" content=\"683\" \/>\n\t<meta property=\"og:image:type\" content=\"image\/jpeg\" \/>\n<meta name=\"author\" content=\"anja.hall\" \/>\n<meta name=\"twitter:card\" content=\"summary_large_image\" \/>\n<meta name=\"twitter:image\" content=\"https:\/\/www.immobilienbusiness.ch\/wp-content\/uploads\/2020\/04\/5741_Ahornpark_Uznach_Aussen_K04_030719.jpg\" \/>\n<script type=\"application\/ld+json\" class=\"yoast-schema-graph\">{\"@context\":\"https:\\\/\\\/schema.org\",\"@graph\":[{\"@type\":\"Article\",\"@id\":\"https:\\\/\\\/www.immobilienbusiness.ch\\\/regionen\\\/2020-04-06\\\/uznach-grundsteinlegung-fuer-den-ahornpark\\\/#article\",\"isPartOf\":{\"@id\":\"https:\\\/\\\/www.immobilienbusiness.ch\\\/regionen\\\/2020-04-06\\\/uznach-grundsteinlegung-fuer-den-ahornpark\\\/\"},\"author\":{\"name\":\"anja.hall\",\"@id\":\"https:\\\/\\\/www.immobilienbusiness.ch\\\/#\\\/schema\\\/person\\\/3fc036297b10b9f42d6db5ee932af8c8\"},\"headline\":\"Uznach: Grundsteinlegung f\u00fcr den Ahornpark\",\"datePublished\":\"2020-04-06T06:24:36+00:00\",\"mainEntityOfPage\":{\"@id\":\"https:\\\/\\\/www.immobilienbusiness.ch\\\/regionen\\\/2020-04-06\\\/uznach-grundsteinlegung-fuer-den-ahornpark\\\/\"},\"wordCount\":133,\"publisher\":{\"@id\":\"https:\\\/\\\/www.immobilienbusiness.ch\\\/#organization\"},\"image\":{\"@id\":\"https:\\\/\\\/www.immobilienbusiness.ch\\\/regionen\\\/2020-04-06\\\/uznach-grundsteinlegung-fuer-den-ahornpark\\\/#primaryimage\"},\"thumbnailUrl\":\"https:\\\/\\\/www.immobilienbusiness.ch\\\/wp-content\\\/uploads\\\/2020\\\/04\\\/5741_Ahornpark_Uznach_Aussen_K04_030719.jpg\",\"keywords\":[\"Kanton St. Gallen\",\"Projekt in Bau\",\"Stockwerkeigentum\",\"Wohnimmobilien\"],\"articleSection\":[\"REGIONEN\"],\"inLanguage\":\"it-IT\"},{\"@type\":\"WebPage\",\"@id\":\"https:\\\/\\\/www.immobilienbusiness.ch\\\/regionen\\\/2020-04-06\\\/uznach-grundsteinlegung-fuer-den-ahornpark\\\/\",\"url\":\"https:\\\/\\\/www.immobilienbusiness.ch\\\/regionen\\\/2020-04-06\\\/uznach-grundsteinlegung-fuer-den-ahornpark\\\/\",\"name\":\"Uznach: Grundsteinlegung f\u00fcr den Ahornpark - IMMOBILIEN Business\",\"isPartOf\":{\"@id\":\"https:\\\/\\\/www.immobilienbusiness.ch\\\/#website\"},\"primaryImageOfPage\":{\"@id\":\"https:\\\/\\\/www.immobilienbusiness.ch\\\/regionen\\\/2020-04-06\\\/uznach-grundsteinlegung-fuer-den-ahornpark\\\/#primaryimage\"},\"image\":{\"@id\":\"https:\\\/\\\/www.immobilienbusiness.ch\\\/regionen\\\/2020-04-06\\\/uznach-grundsteinlegung-fuer-den-ahornpark\\\/#primaryimage\"},\"thumbnailUrl\":\"https:\\\/\\\/www.immobilienbusiness.ch\\\/wp-content\\\/uploads\\\/2020\\\/04\\\/5741_Ahornpark_Uznach_Aussen_K04_030719.jpg\",\"datePublished\":\"2020-04-06T06:24:36+00:00\",\"description\":\"In Uznach (SG) wurde der Grundstein f\u00fcr die Wohn\u00fcberbauung Ahornpark gelegt - wegen der Covid-19-Pandemie fand allerdings keine Feier statt.\",\"breadcrumb\":{\"@id\":\"https:\\\/\\\/www.immobilienbusiness.ch\\\/regionen\\\/2020-04-06\\\/uznach-grundsteinlegung-fuer-den-ahornpark\\\/#breadcrumb\"},\"inLanguage\":\"it-IT\",\"potentialAction\":[{\"@type\":\"ReadAction\",\"target\":[\"https:\\\/\\\/www.immobilienbusiness.ch\\\/regionen\\\/2020-04-06\\\/uznach-grundsteinlegung-fuer-den-ahornpark\\\/\"]}]},{\"@type\":\"ImageObject\",\"inLanguage\":\"it-IT\",\"@id\":\"https:\\\/\\\/www.immobilienbusiness.ch\\\/regionen\\\/2020-04-06\\\/uznach-grundsteinlegung-fuer-den-ahornpark\\\/#primaryimage\",\"url\":\"https:\\\/\\\/www.immobilienbusiness.ch\\\/wp-content\\\/uploads\\\/2020\\\/04\\\/5741_Ahornpark_Uznach_Aussen_K04_030719.jpg\",\"contentUrl\":\"https:\\\/\\\/www.immobilienbusiness.ch\\\/wp-content\\\/uploads\\\/2020\\\/04\\\/5741_Ahornpark_Uznach_Aussen_K04_030719.jpg\",\"width\":2560,\"height\":1706,\"caption\":\"5741_Ahornpark_Uznach_Aussen_K04_030719\"},{\"@type\":\"BreadcrumbList\",\"@id\":\"https:\\\/\\\/www.immobilienbusiness.ch\\\/regionen\\\/2020-04-06\\\/uznach-grundsteinlegung-fuer-den-ahornpark\\\/#breadcrumb\",\"itemListElement\":[{\"@type\":\"ListItem\",\"position\":1,\"name\":\"Home\",\"item\":\"https:\\\/\\\/www.immobilienbusiness.ch\\\/\"},{\"@type\":\"ListItem\",\"position\":2,\"name\":\"Uznach: Grundsteinlegung f\u00fcr den Ahornpark\"}]},{\"@type\":\"WebSite\",\"@id\":\"https:\\\/\\\/www.immobilienbusiness.ch\\\/#website\",\"url\":\"https:\\\/\\\/www.immobilienbusiness.ch\\\/\",\"name\":\"IMMOBILIEN Business\",\"description\":\"Unabh\u00e4ngiges Schweizer Wirtschaftsmagazin mit Fokus auf Immobilien, Architektur- und Bau sowie Investment- und Finanzierung.\",\"publisher\":{\"@id\":\"https:\\\/\\\/www.immobilienbusiness.ch\\\/#organization\"},\"potentialAction\":[{\"@type\":\"SearchAction\",\"target\":{\"@type\":\"EntryPoint\",\"urlTemplate\":\"https:\\\/\\\/www.immobilienbusiness.ch\\\/?s={search_term_string}\"},\"query-input\":{\"@type\":\"PropertyValueSpecification\",\"valueRequired\":true,\"valueName\":\"search_term_string\"}}],\"inLanguage\":\"it-IT\"},{\"@type\":\"Organization\",\"@id\":\"https:\\\/\\\/www.immobilienbusiness.ch\\\/#organization\",\"name\":\"IMMOBILIEN Business\",\"url\":\"https:\\\/\\\/www.immobilienbusiness.ch\\\/\",\"logo\":{\"@type\":\"ImageObject\",\"inLanguage\":\"it-IT\",\"@id\":\"https:\\\/\\\/www.immobilienbusiness.ch\\\/#\\\/schema\\\/logo\\\/image\\\/\",\"url\":\"https:\\\/\\\/www.immobilienbusiness.ch\\\/wp-content\\\/uploads\\\/2021\\\/07\\\/logo_ib.png\",\"contentUrl\":\"https:\\\/\\\/www.immobilienbusiness.ch\\\/wp-content\\\/uploads\\\/2021\\\/07\\\/logo_ib.png\",\"width\":800,\"height\":181,\"caption\":\"IMMOBILIEN Business\"},\"image\":{\"@id\":\"https:\\\/\\\/www.immobilienbusiness.ch\\\/#\\\/schema\\\/logo\\\/image\\\/\"},\"sameAs\":[\"https:\\\/\\\/www.facebook.com\\\/immobilienbusiness\\\/\"]},{\"@type\":\"Person\",\"@id\":\"https:\\\/\\\/www.immobilienbusiness.ch\\\/#\\\/schema\\\/person\\\/3fc036297b10b9f42d6db5ee932af8c8\",\"name\":\"anja.hall\",\"image\":{\"@type\":\"ImageObject\",\"inLanguage\":\"it-IT\",\"@id\":\"https:\\\/\\\/secure.gravatar.com\\\/avatar\\\/066b5a0d447013502c71a5782f4f3469f03cfe595cc2329fb94652fe47511bfb?s=96&d=mm&r=g\",\"url\":\"https:\\\/\\\/secure.gravatar.com\\\/avatar\\\/066b5a0d447013502c71a5782f4f3469f03cfe595cc2329fb94652fe47511bfb?s=96&d=mm&r=g\",\"contentUrl\":\"https:\\\/\\\/secure.gravatar.com\\\/avatar\\\/066b5a0d447013502c71a5782f4f3469f03cfe595cc2329fb94652fe47511bfb?s=96&d=mm&r=g\",\"caption\":\"anja.hall\"},\"url\":\"https:\\\/\\\/www.immobilienbusiness.ch\\\/it\\\/author\\\/anja-hall\\\/\"}]}<\/script>\n<!-- \/ Yoast SEO plugin. -->","yoast_head_json":{"title":"Uznach: Grundsteinlegung f\u00fcr den Ahornpark - IMMOBILIEN Business","description":"La prima pietra del complesso residenziale Ahornpark \u00e8 stata posata a Uznach (SG), ma non c'\u00e8 stata alcuna celebrazione a causa della pandemia Covid-19.","robots":{"index":"index","follow":"follow","max-snippet":"max-snippet:-1","max-image-preview":"max-image-preview:large","max-video-preview":"max-video-preview:-1"},"canonical":"https:\/\/www.immobilienbusiness.ch\/it\/regionen\/2020-04-06\/uznach-grundsteinlegung-fuer-den-ahornpark\/","og_locale":"it_IT","og_type":"article","og_title":"Uznach: Grundsteinlegung f\u00fcr den Ahornpark - IMMOBILIEN Business","og_description":"In Uznach (SG) wurde der Grundstein f\u00fcr die Wohn\u00fcberbauung Ahornpark gelegt - wegen der Covid-19-Pandemie fand allerdings keine Feier statt.","og_url":"https:\/\/www.immobilienbusiness.ch\/it\/regionen\/2020-04-06\/uznach-grundsteinlegung-fuer-den-ahornpark\/","og_site_name":"IMMOBILIEN Business","article_publisher":"https:\/\/www.facebook.com\/immobilienbusiness\/","article_published_time":"2020-04-06T06:24:36+00:00","og_image":[{"width":1024,"height":683,"url":"https:\/\/www.immobilienbusiness.ch\/wp-content\/uploads\/2020\/04\/5741_Ahornpark_Uznach_Aussen_K04_030719-1024x683.jpg","type":"image\/jpeg"}],"author":"anja.hall","twitter_card":"summary_large_image","twitter_image":"https:\/\/www.immobilienbusiness.ch\/wp-content\/uploads\/2020\/04\/5741_Ahornpark_Uznach_Aussen_K04_030719.jpg","schema":{"@context":"https:\/\/schema.org","@graph":[{"@type":"Article","@id":"https:\/\/www.immobilienbusiness.ch\/regionen\/2020-04-06\/uznach-grundsteinlegung-fuer-den-ahornpark\/#article","isPartOf":{"@id":"https:\/\/www.immobilienbusiness.ch\/regionen\/2020-04-06\/uznach-grundsteinlegung-fuer-den-ahornpark\/"},"author":{"name":"anja.hall","@id":"https:\/\/www.immobilienbusiness.ch\/#\/schema\/person\/3fc036297b10b9f42d6db5ee932af8c8"},"headline":"Uznach: Grundsteinlegung f\u00fcr den Ahornpark","datePublished":"2020-04-06T06:24:36+00:00","mainEntityOfPage":{"@id":"https:\/\/www.immobilienbusiness.ch\/regionen\/2020-04-06\/uznach-grundsteinlegung-fuer-den-ahornpark\/"},"wordCount":133,"publisher":{"@id":"https:\/\/www.immobilienbusiness.ch\/#organization"},"image":{"@id":"https:\/\/www.immobilienbusiness.ch\/regionen\/2020-04-06\/uznach-grundsteinlegung-fuer-den-ahornpark\/#primaryimage"},"thumbnailUrl":"https:\/\/www.immobilienbusiness.ch\/wp-content\/uploads\/2020\/04\/5741_Ahornpark_Uznach_Aussen_K04_030719.jpg","keywords":["Kanton St. Gallen","Projekt in Bau","Stockwerkeigentum","Wohnimmobilien"],"articleSection":["REGIONEN"],"inLanguage":"it-IT"},{"@type":"WebPage","@id":"https:\/\/www.immobilienbusiness.ch\/regionen\/2020-04-06\/uznach-grundsteinlegung-fuer-den-ahornpark\/","url":"https:\/\/www.immobilienbusiness.ch\/regionen\/2020-04-06\/uznach-grundsteinlegung-fuer-den-ahornpark\/","name":"Uznach: Grundsteinlegung f\u00fcr den Ahornpark - IMMOBILIEN Business","isPartOf":{"@id":"https:\/\/www.immobilienbusiness.ch\/#website"},"primaryImageOfPage":{"@id":"https:\/\/www.immobilienbusiness.ch\/regionen\/2020-04-06\/uznach-grundsteinlegung-fuer-den-ahornpark\/#primaryimage"},"image":{"@id":"https:\/\/www.immobilienbusiness.ch\/regionen\/2020-04-06\/uznach-grundsteinlegung-fuer-den-ahornpark\/#primaryimage"},"thumbnailUrl":"https:\/\/www.immobilienbusiness.ch\/wp-content\/uploads\/2020\/04\/5741_Ahornpark_Uznach_Aussen_K04_030719.jpg","datePublished":"2020-04-06T06:24:36+00:00","description":"La prima pietra del complesso residenziale Ahornpark \u00e8 stata posata a Uznach (SG), ma non c'\u00e8 stata alcuna celebrazione a causa della pandemia Covid-19.","breadcrumb":{"@id":"https:\/\/www.immobilienbusiness.ch\/regionen\/2020-04-06\/uznach-grundsteinlegung-fuer-den-ahornpark\/#breadcrumb"},"inLanguage":"it-IT","potentialAction":[{"@type":"ReadAction","target":["https:\/\/www.immobilienbusiness.ch\/regionen\/2020-04-06\/uznach-grundsteinlegung-fuer-den-ahornpark\/"]}]},{"@type":"ImageObject","inLanguage":"it-IT","@id":"https:\/\/www.immobilienbusiness.ch\/regionen\/2020-04-06\/uznach-grundsteinlegung-fuer-den-ahornpark\/#primaryimage","url":"https:\/\/www.immobilienbusiness.ch\/wp-content\/uploads\/2020\/04\/5741_Ahornpark_Uznach_Aussen_K04_030719.jpg","contentUrl":"https:\/\/www.immobilienbusiness.ch\/wp-content\/uploads\/2020\/04\/5741_Ahornpark_Uznach_Aussen_K04_030719.jpg","width":2560,"height":1706,"caption":"5741_Ahornpark_Uznach_Aussen_K04_030719"},{"@type":"BreadcrumbList","@id":"https:\/\/www.immobilienbusiness.ch\/regionen\/2020-04-06\/uznach-grundsteinlegung-fuer-den-ahornpark\/#breadcrumb","itemListElement":[{"@type":"ListItem","position":1,"name":"Home","item":"https:\/\/www.immobilienbusiness.ch\/"},{"@type":"ListItem","position":2,"name":"Uznach: Grundsteinlegung f\u00fcr den Ahornpark"}]},{"@type":"WebSite","@id":"https:\/\/www.immobilienbusiness.ch\/#website","url":"https:\/\/www.immobilienbusiness.ch\/","name":"Affari immobiliari","description":"Rivista economica indipendente svizzera che si concentra sul settore immobiliare, l'architettura e la costruzione, nonch\u00e9 sugli investimenti e i finanziamenti.","publisher":{"@id":"https:\/\/www.immobilienbusiness.ch\/#organization"},"potentialAction":[{"@type":"SearchAction","target":{"@type":"EntryPoint","urlTemplate":"https:\/\/www.immobilienbusiness.ch\/?s={search_term_string}"},"query-input":{"@type":"PropertyValueSpecification","valueRequired":true,"valueName":"search_term_string"}}],"inLanguage":"it-IT"},{"@type":"Organization","@id":"https:\/\/www.immobilienbusiness.ch\/#organization","name":"Affari immobiliari","url":"https:\/\/www.immobilienbusiness.ch\/","logo":{"@type":"ImageObject","inLanguage":"it-IT","@id":"https:\/\/www.immobilienbusiness.ch\/#\/schema\/logo\/image\/","url":"https:\/\/www.immobilienbusiness.ch\/wp-content\/uploads\/2021\/07\/logo_ib.png","contentUrl":"https:\/\/www.immobilienbusiness.ch\/wp-content\/uploads\/2021\/07\/logo_ib.png","width":800,"height":181,"caption":"IMMOBILIEN Business"},"image":{"@id":"https:\/\/www.immobilienbusiness.ch\/#\/schema\/logo\/image\/"},"sameAs":["https:\/\/www.facebook.com\/immobilienbusiness\/"]},{"@type":"Person","@id":"https:\/\/www.immobilienbusiness.ch\/#\/schema\/person\/3fc036297b10b9f42d6db5ee932af8c8","name":"anja.hall","image":{"@type":"ImageObject","inLanguage":"it-IT","@id":"https:\/\/secure.gravatar.com\/avatar\/066b5a0d447013502c71a5782f4f3469f03cfe595cc2329fb94652fe47511bfb?s=96&d=mm&r=g","url":"https:\/\/secure.gravatar.com\/avatar\/066b5a0d447013502c71a5782f4f3469f03cfe595cc2329fb94652fe47511bfb?s=96&d=mm&r=g","contentUrl":"https:\/\/secure.gravatar.com\/avatar\/066b5a0d447013502c71a5782f4f3469f03cfe595cc2329fb94652fe47511bfb?s=96&d=mm&r=g","caption":"anja.hall"},"url":"https:\/\/www.immobilienbusiness.ch\/it\/author\/anja-hall\/"}]}},"_links":{"self":[{"href":"https:\/\/www.immobilienbusiness.ch\/it\/wp-json\/wp\/v2\/posts\/20778","targetHints":{"allow":["GET"]}}],"collection":[{"href":"https:\/\/www.immobilienbusiness.ch\/it\/wp-json\/wp\/v2\/posts"}],"about":[{"href":"https:\/\/www.immobilienbusiness.ch\/it\/wp-json\/wp\/v2\/types\/post"}],"author":[{"embeddable":true,"href":"https:\/\/www.immobilienbusiness.ch\/it\/wp-json\/wp\/v2\/users\/3"}],"replies":[{"embeddable":true,"href":"https:\/\/www.immobilienbusiness.ch\/it\/wp-json\/wp\/v2\/comments?post=20778"}],"version-history":[{"count":0,"href":"https:\/\/www.immobilienbusiness.ch\/it\/wp-json\/wp\/v2\/posts\/20778\/revisions"}],"wp:featuredmedia":[{"embeddable":true,"href":"https:\/\/www.immobilienbusiness.ch\/it\/wp-json\/wp\/v2\/media\/20779"}],"wp:attachment":[{"href":"https:\/\/www.immobilienbusiness.ch\/it\/wp-json\/wp\/v2\/media?parent=20778"}],"wp:term":[{"taxonomy":"category","embeddable":true,"href":"https:\/\/www.immobilienbusiness.ch\/it\/wp-json\/wp\/v2\/categories?post=20778"},{"taxonomy":"post_tag","embeddable":true,"href":"https:\/\/www.immobilienbusiness.ch\/it\/wp-json\/wp\/v2\/tags?post=20778"}],"curies":[{"name":"wp","href":"https:\/\/api.w.org\/{rel}","templated":true}]}}