{"id":20734,"date":"2020-04-01T08:53:07","date_gmt":"2020-04-01T06:53:07","guid":{"rendered":"https:\/\/www.immobilienbusiness.ch\/?p=20734"},"modified":"2020-04-01T08:53:07","modified_gmt":"2020-04-01T06:53:07","slug":"pscf-ii-schliesst-kapitalerhoehung-ab-und-kauft-zu","status":"publish","type":"post","link":"https:\/\/www.immobilienbusiness.ch\/it\/unternehmen\/2020-04-01\/pscf-ii-schliesst-kapitalerhoehung-ab-und-kauft-zu\/","title":{"rendered":"PSCF II completa l'aumento di capitale e acquista"},"content":{"rendered":"<figure id=\"attachment_17084\" aria-describedby=\"caption-attachment-17084\" style=\"width: 500px\" class=\"wp-caption alignnone\"><img loading=\"lazy\" decoding=\"async\" class=\"size-full wp-image-17084\" src=\"https:\/\/www.immobilienbusiness.ch\/wp-content\/uploads\/2019\/05\/Depositphotos_5645748_s-2015.jpg\" alt=\"\" width=\"500\" height=\"333\" srcset=\"https:\/\/www.immobilienbusiness.ch\/wp-content\/uploads\/2019\/05\/Depositphotos_5645748_s-2015.jpg 500w, https:\/\/www.immobilienbusiness.ch\/wp-content\/uploads\/2019\/05\/Depositphotos_5645748_s-2015-300x200.jpg 300w, https:\/\/www.immobilienbusiness.ch\/wp-content\/uploads\/2019\/05\/Depositphotos_5645748_s-2015-16x12.jpg 16w, https:\/\/www.immobilienbusiness.ch\/wp-content\/uploads\/2019\/05\/Depositphotos_5645748_s-2015-263x175.jpg 263w\" sizes=\"auto, (max-width: 500px) 100vw, 500px\" \/><figcaption id=\"caption-attachment-17084\" class=\"wp-caption-text\">PSCF II ha completato il suo aumento di capitale e ha fatto ulteriori acquisti a Interlaken e Regensdorf (Immagine: depositphotos)<\/figcaption><\/figure>\n<p>Durante il periodo di sottoscrizione dell'aumento di capitale dal 10 al 24 marzo, i mercati finanziari di tutto il mondo sono stati colpiti da una forte correzione dovuta alla pandemia di Corona. Ciononostante, Procimmo Swiss Commercial Fund II ha emesso circa 456.000 nuove quote del fondo e ha raccolto nuovi fondi per pi\u00f9 di 55 milioni di CHF. Sullo sfondo dell'attuale situazione di incertezza sui mercati finanziari, l'emissione pu\u00f2 essere vista come un segnale di successo, dice Procimmo.<\/p>\n<p>Due propriet\u00e0 con un valore di mercato di circa 43,1 milioni a Interlaken (BE) e Regensdorf (ZH) sono appena state acquisite per PSCF II, aggiunge la societ\u00e0 di gestione del fondo. La propriet\u00e0 a Interlaken si trova nella Kammistrasse, ha un valore di mercato di circa 25,5 milioni e comprende due edifici: un edificio per uffici completato nel 2016 con circa 3.100 mq di spazio affittabile e un edificio commerciale con spazio affittabile di oltre 11.400 mq. Procimmo mette l'obiettivo di rendimento lordo sul prezzo di costo a 6,1%.<\/p>\n<p>La seconda propriet\u00e0 a Regensdorf sulla Bahnstrasse \u00e8 una propriet\u00e0 con poco meno di 8.000 mq di spazio affittabile utilizzato principalmente per scopi commerciali e di ufficio. Secondo Procimmo, il valore di mercato \u00e8 di circa 17,6 milioni, l'obiettivo di rendimento lordo sui costi primi \u00e8 di 6,8%.<\/p>\n<p>Al 31 marzo 2020, il fondo immobiliare possedeva 30 immobili nei cantoni di Argovia, Basilea Campagna, Berna, Friburgo, Grigioni, Lucerna, Soletta e Zurigo. Altre acquisizioni di immobili commerciali e industriali nella Svizzera tedesca sono previste, e anche il potenziale del portafoglio deve essere sfruttato, aggiunge Procimmo. Nell'esercizio 2020\/2021 si prevede di convertire il fondo in un fondo comune e di quotarlo alla SIX Swiss Exchange. <em>(ah)<\/em><\/p>","protected":false},"excerpt":{"rendered":"<p>Il fondo immobiliare Procimmo Swiss Commercial Fund II (PSCF II) ha raccolto 55 milioni di franchi svizzeri nel suo aumento di capitale nonostante la crisi di Corona e ha acquistato due immobili per un valore di 43,1 milioni di franchi.<\/p>","protected":false},"author":3,"featured_media":17084,"comment_status":"closed","ping_status":"open","sticky":false,"template":"","format":"standard","meta":{"_acf_changed":false,"_yoast_wpseo_focuskw":"PSCF II","_yoast_wpseo_title":"","_yoast_wpseo_metadesc":"Der Immobilienfonds Procimmo Swiss Commercial Fund II (PSCF II) hat bei seiner Kapitalerh\u00f6hung trotz der Corona-Krise 55 Millionen CHF aufgenommen.","_yoast_wpseo_linkdex":65,"pgc_sgb_lightbox_settings":"","footnotes":""},"categories":[988],"tags":[1344,1348,1396,1410,1412,1597],"class_list":["post-20734","post","type-post","status-publish","format-standard","has-post-thumbnail","hentry","category-unternehmen","tag-immobilienfonds","tag-immobilienkauf","tag-kanton-bern","tag-kanton-zuerich","tag-kapitalerhoehung","tag-procimmo"],"acf":[],"yoast_head":"<!-- This site is optimized with the Yoast SEO plugin v27.4 - https:\/\/yoast.com\/product\/yoast-seo-wordpress\/ -->\n<title>PSCF II schliesst Kapitalerh\u00f6hung ab und kauft zu - IMMOBILIEN Business<\/title>\n<meta name=\"description\" content=\"Der Immobilienfonds Procimmo Swiss Commercial Fund II (PSCF II) hat bei seiner Kapitalerh\u00f6hung trotz der Corona-Krise 55 Millionen CHF aufgenommen.\" \/>\n<meta name=\"robots\" content=\"index, follow, max-snippet:-1, max-image-preview:large, max-video-preview:-1\" \/>\n<link rel=\"canonical\" href=\"https:\/\/www.immobilienbusiness.ch\/it\/unternehmen\/2020-04-01\/pscf-ii-schliesst-kapitalerhoehung-ab-und-kauft-zu\/\" \/>\n<meta property=\"og:locale\" content=\"it_IT\" \/>\n<meta property=\"og:type\" content=\"article\" \/>\n<meta property=\"og:title\" content=\"PSCF II schliesst Kapitalerh\u00f6hung ab und kauft zu - IMMOBILIEN Business\" \/>\n<meta property=\"og:description\" content=\"Der Immobilienfonds Procimmo Swiss Commercial Fund II (PSCF II) hat bei seiner Kapitalerh\u00f6hung trotz der Corona-Krise 55 Millionen CHF aufgenommen.\" \/>\n<meta property=\"og:url\" content=\"https:\/\/www.immobilienbusiness.ch\/it\/unternehmen\/2020-04-01\/pscf-ii-schliesst-kapitalerhoehung-ab-und-kauft-zu\/\" \/>\n<meta property=\"og:site_name\" content=\"IMMOBILIEN Business\" \/>\n<meta property=\"article:publisher\" content=\"https:\/\/www.facebook.com\/immobilienbusiness\/\" \/>\n<meta property=\"article:published_time\" content=\"2020-04-01T06:53:07+00:00\" \/>\n<meta property=\"og:image\" content=\"https:\/\/www.immobilienbusiness.ch\/wp-content\/uploads\/2019\/05\/Depositphotos_5645748_s-2015.jpg\" \/>\n\t<meta property=\"og:image:width\" content=\"500\" \/>\n\t<meta property=\"og:image:height\" content=\"333\" \/>\n\t<meta property=\"og:image:type\" content=\"image\/jpeg\" \/>\n<meta name=\"author\" content=\"anja.hall\" \/>\n<meta name=\"twitter:card\" content=\"summary_large_image\" \/>\n<meta name=\"twitter:image\" content=\"https:\/\/www.immobilienbusiness.ch\/wp-content\/uploads\/2019\/05\/Depositphotos_5645748_s-2015.jpg\" \/>\n<script type=\"application\/ld+json\" class=\"yoast-schema-graph\">{\"@context\":\"https:\\\/\\\/schema.org\",\"@graph\":[{\"@type\":\"Article\",\"@id\":\"https:\\\/\\\/www.immobilienbusiness.ch\\\/en\\\/unternehmen\\\/2020-04-01\\\/pscf-ii-schliesst-kapitalerhoehung-ab-und-kauft-zu\\\/#article\",\"isPartOf\":{\"@id\":\"https:\\\/\\\/www.immobilienbusiness.ch\\\/en\\\/unternehmen\\\/2020-04-01\\\/pscf-ii-schliesst-kapitalerhoehung-ab-und-kauft-zu\\\/\"},\"author\":{\"name\":\"anja.hall\",\"@id\":\"https:\\\/\\\/www.immobilienbusiness.ch\\\/#\\\/schema\\\/person\\\/3fc036297b10b9f42d6db5ee932af8c8\"},\"headline\":\"PSCF II schliesst Kapitalerh\u00f6hung ab und kauft zu\",\"datePublished\":\"2020-04-01T06:53:07+00:00\",\"mainEntityOfPage\":{\"@id\":\"https:\\\/\\\/www.immobilienbusiness.ch\\\/en\\\/unternehmen\\\/2020-04-01\\\/pscf-ii-schliesst-kapitalerhoehung-ab-und-kauft-zu\\\/\"},\"wordCount\":295,\"publisher\":{\"@id\":\"https:\\\/\\\/www.immobilienbusiness.ch\\\/#organization\"},\"image\":{\"@id\":\"https:\\\/\\\/www.immobilienbusiness.ch\\\/en\\\/unternehmen\\\/2020-04-01\\\/pscf-ii-schliesst-kapitalerhoehung-ab-und-kauft-zu\\\/#primaryimage\"},\"thumbnailUrl\":\"https:\\\/\\\/www.immobilienbusiness.ch\\\/wp-content\\\/uploads\\\/2019\\\/05\\\/Depositphotos_5645748_s-2015.jpg\",\"keywords\":[\"Immobilienfonds\",\"Immobilienkauf\",\"Kanton Bern\",\"Kanton Z\u00fcrich\",\"Kapitalerh\u00f6hung\",\"Procimmo\"],\"articleSection\":[\"UNTERNEHMEN\"],\"inLanguage\":\"it-IT\"},{\"@type\":\"WebPage\",\"@id\":\"https:\\\/\\\/www.immobilienbusiness.ch\\\/en\\\/unternehmen\\\/2020-04-01\\\/pscf-ii-schliesst-kapitalerhoehung-ab-und-kauft-zu\\\/\",\"url\":\"https:\\\/\\\/www.immobilienbusiness.ch\\\/en\\\/unternehmen\\\/2020-04-01\\\/pscf-ii-schliesst-kapitalerhoehung-ab-und-kauft-zu\\\/\",\"name\":\"PSCF II schliesst Kapitalerh\u00f6hung ab und kauft zu - IMMOBILIEN Business\",\"isPartOf\":{\"@id\":\"https:\\\/\\\/www.immobilienbusiness.ch\\\/#website\"},\"primaryImageOfPage\":{\"@id\":\"https:\\\/\\\/www.immobilienbusiness.ch\\\/en\\\/unternehmen\\\/2020-04-01\\\/pscf-ii-schliesst-kapitalerhoehung-ab-und-kauft-zu\\\/#primaryimage\"},\"image\":{\"@id\":\"https:\\\/\\\/www.immobilienbusiness.ch\\\/en\\\/unternehmen\\\/2020-04-01\\\/pscf-ii-schliesst-kapitalerhoehung-ab-und-kauft-zu\\\/#primaryimage\"},\"thumbnailUrl\":\"https:\\\/\\\/www.immobilienbusiness.ch\\\/wp-content\\\/uploads\\\/2019\\\/05\\\/Depositphotos_5645748_s-2015.jpg\",\"datePublished\":\"2020-04-01T06:53:07+00:00\",\"description\":\"Der Immobilienfonds Procimmo Swiss Commercial Fund II (PSCF II) hat bei seiner Kapitalerh\u00f6hung trotz der Corona-Krise 55 Millionen CHF aufgenommen.\",\"breadcrumb\":{\"@id\":\"https:\\\/\\\/www.immobilienbusiness.ch\\\/en\\\/unternehmen\\\/2020-04-01\\\/pscf-ii-schliesst-kapitalerhoehung-ab-und-kauft-zu\\\/#breadcrumb\"},\"inLanguage\":\"it-IT\",\"potentialAction\":[{\"@type\":\"ReadAction\",\"target\":[\"https:\\\/\\\/www.immobilienbusiness.ch\\\/en\\\/unternehmen\\\/2020-04-01\\\/pscf-ii-schliesst-kapitalerhoehung-ab-und-kauft-zu\\\/\"]}]},{\"@type\":\"ImageObject\",\"inLanguage\":\"it-IT\",\"@id\":\"https:\\\/\\\/www.immobilienbusiness.ch\\\/en\\\/unternehmen\\\/2020-04-01\\\/pscf-ii-schliesst-kapitalerhoehung-ab-und-kauft-zu\\\/#primaryimage\",\"url\":\"https:\\\/\\\/www.immobilienbusiness.ch\\\/wp-content\\\/uploads\\\/2019\\\/05\\\/Depositphotos_5645748_s-2015.jpg\",\"contentUrl\":\"https:\\\/\\\/www.immobilienbusiness.ch\\\/wp-content\\\/uploads\\\/2019\\\/05\\\/Depositphotos_5645748_s-2015.jpg\",\"width\":500,\"height\":333,\"caption\":\"Procimmo hat Gesch\u00e4ftszahlen f\u00fcr ein Teilverm\u00f6gen seines SICAV vorgelegt (Bild: Depositphotos)\"},{\"@type\":\"BreadcrumbList\",\"@id\":\"https:\\\/\\\/www.immobilienbusiness.ch\\\/en\\\/unternehmen\\\/2020-04-01\\\/pscf-ii-schliesst-kapitalerhoehung-ab-und-kauft-zu\\\/#breadcrumb\",\"itemListElement\":[{\"@type\":\"ListItem\",\"position\":1,\"name\":\"Home\",\"item\":\"https:\\\/\\\/www.immobilienbusiness.ch\\\/\"},{\"@type\":\"ListItem\",\"position\":2,\"name\":\"PSCF II schliesst Kapitalerh\u00f6hung ab und kauft zu\"}]},{\"@type\":\"WebSite\",\"@id\":\"https:\\\/\\\/www.immobilienbusiness.ch\\\/#website\",\"url\":\"https:\\\/\\\/www.immobilienbusiness.ch\\\/\",\"name\":\"IMMOBILIEN Business\",\"description\":\"Unabh\u00e4ngiges Schweizer Wirtschaftsmagazin mit Fokus auf Immobilien, Architektur- und Bau sowie Investment- und Finanzierung.\",\"publisher\":{\"@id\":\"https:\\\/\\\/www.immobilienbusiness.ch\\\/#organization\"},\"potentialAction\":[{\"@type\":\"SearchAction\",\"target\":{\"@type\":\"EntryPoint\",\"urlTemplate\":\"https:\\\/\\\/www.immobilienbusiness.ch\\\/?s={search_term_string}\"},\"query-input\":{\"@type\":\"PropertyValueSpecification\",\"valueRequired\":true,\"valueName\":\"search_term_string\"}}],\"inLanguage\":\"it-IT\"},{\"@type\":\"Organization\",\"@id\":\"https:\\\/\\\/www.immobilienbusiness.ch\\\/#organization\",\"name\":\"IMMOBILIEN Business\",\"url\":\"https:\\\/\\\/www.immobilienbusiness.ch\\\/\",\"logo\":{\"@type\":\"ImageObject\",\"inLanguage\":\"it-IT\",\"@id\":\"https:\\\/\\\/www.immobilienbusiness.ch\\\/#\\\/schema\\\/logo\\\/image\\\/\",\"url\":\"https:\\\/\\\/www.immobilienbusiness.ch\\\/wp-content\\\/uploads\\\/2021\\\/07\\\/logo_ib.png\",\"contentUrl\":\"https:\\\/\\\/www.immobilienbusiness.ch\\\/wp-content\\\/uploads\\\/2021\\\/07\\\/logo_ib.png\",\"width\":800,\"height\":181,\"caption\":\"IMMOBILIEN Business\"},\"image\":{\"@id\":\"https:\\\/\\\/www.immobilienbusiness.ch\\\/#\\\/schema\\\/logo\\\/image\\\/\"},\"sameAs\":[\"https:\\\/\\\/www.facebook.com\\\/immobilienbusiness\\\/\"]},{\"@type\":\"Person\",\"@id\":\"https:\\\/\\\/www.immobilienbusiness.ch\\\/#\\\/schema\\\/person\\\/3fc036297b10b9f42d6db5ee932af8c8\",\"name\":\"anja.hall\",\"image\":{\"@type\":\"ImageObject\",\"inLanguage\":\"it-IT\",\"@id\":\"https:\\\/\\\/secure.gravatar.com\\\/avatar\\\/066b5a0d447013502c71a5782f4f3469f03cfe595cc2329fb94652fe47511bfb?s=96&d=mm&r=g\",\"url\":\"https:\\\/\\\/secure.gravatar.com\\\/avatar\\\/066b5a0d447013502c71a5782f4f3469f03cfe595cc2329fb94652fe47511bfb?s=96&d=mm&r=g\",\"contentUrl\":\"https:\\\/\\\/secure.gravatar.com\\\/avatar\\\/066b5a0d447013502c71a5782f4f3469f03cfe595cc2329fb94652fe47511bfb?s=96&d=mm&r=g\",\"caption\":\"anja.hall\"},\"url\":\"https:\\\/\\\/www.immobilienbusiness.ch\\\/it\\\/author\\\/anja-hall\\\/\"}]}<\/script>\n<!-- \/ Yoast SEO plugin. -->","yoast_head_json":{"title":"PSCF II schliesst Kapitalerh\u00f6hung ab und kauft zu - IMMOBILIEN Business","description":"Der Immobilienfonds Procimmo Swiss Commercial Fund II (PSCF II) hat bei seiner Kapitalerh\u00f6hung trotz der Corona-Krise 55 Millionen CHF aufgenommen.","robots":{"index":"index","follow":"follow","max-snippet":"max-snippet:-1","max-image-preview":"max-image-preview:large","max-video-preview":"max-video-preview:-1"},"canonical":"https:\/\/www.immobilienbusiness.ch\/it\/unternehmen\/2020-04-01\/pscf-ii-schliesst-kapitalerhoehung-ab-und-kauft-zu\/","og_locale":"it_IT","og_type":"article","og_title":"PSCF II schliesst Kapitalerh\u00f6hung ab und kauft zu - IMMOBILIEN Business","og_description":"Der Immobilienfonds Procimmo Swiss Commercial Fund II (PSCF II) hat bei seiner Kapitalerh\u00f6hung trotz der Corona-Krise 55 Millionen CHF aufgenommen.","og_url":"https:\/\/www.immobilienbusiness.ch\/it\/unternehmen\/2020-04-01\/pscf-ii-schliesst-kapitalerhoehung-ab-und-kauft-zu\/","og_site_name":"IMMOBILIEN Business","article_publisher":"https:\/\/www.facebook.com\/immobilienbusiness\/","article_published_time":"2020-04-01T06:53:07+00:00","og_image":[{"width":500,"height":333,"url":"https:\/\/www.immobilienbusiness.ch\/wp-content\/uploads\/2019\/05\/Depositphotos_5645748_s-2015.jpg","type":"image\/jpeg"}],"author":"anja.hall","twitter_card":"summary_large_image","twitter_image":"https:\/\/www.immobilienbusiness.ch\/wp-content\/uploads\/2019\/05\/Depositphotos_5645748_s-2015.jpg","schema":{"@context":"https:\/\/schema.org","@graph":[{"@type":"Article","@id":"https:\/\/www.immobilienbusiness.ch\/en\/unternehmen\/2020-04-01\/pscf-ii-schliesst-kapitalerhoehung-ab-und-kauft-zu\/#article","isPartOf":{"@id":"https:\/\/www.immobilienbusiness.ch\/en\/unternehmen\/2020-04-01\/pscf-ii-schliesst-kapitalerhoehung-ab-und-kauft-zu\/"},"author":{"name":"anja.hall","@id":"https:\/\/www.immobilienbusiness.ch\/#\/schema\/person\/3fc036297b10b9f42d6db5ee932af8c8"},"headline":"PSCF II schliesst Kapitalerh\u00f6hung ab und kauft zu","datePublished":"2020-04-01T06:53:07+00:00","mainEntityOfPage":{"@id":"https:\/\/www.immobilienbusiness.ch\/en\/unternehmen\/2020-04-01\/pscf-ii-schliesst-kapitalerhoehung-ab-und-kauft-zu\/"},"wordCount":295,"publisher":{"@id":"https:\/\/www.immobilienbusiness.ch\/#organization"},"image":{"@id":"https:\/\/www.immobilienbusiness.ch\/en\/unternehmen\/2020-04-01\/pscf-ii-schliesst-kapitalerhoehung-ab-und-kauft-zu\/#primaryimage"},"thumbnailUrl":"https:\/\/www.immobilienbusiness.ch\/wp-content\/uploads\/2019\/05\/Depositphotos_5645748_s-2015.jpg","keywords":["Immobilienfonds","Immobilienkauf","Kanton Bern","Kanton Z\u00fcrich","Kapitalerh\u00f6hung","Procimmo"],"articleSection":["UNTERNEHMEN"],"inLanguage":"it-IT"},{"@type":"WebPage","@id":"https:\/\/www.immobilienbusiness.ch\/en\/unternehmen\/2020-04-01\/pscf-ii-schliesst-kapitalerhoehung-ab-und-kauft-zu\/","url":"https:\/\/www.immobilienbusiness.ch\/en\/unternehmen\/2020-04-01\/pscf-ii-schliesst-kapitalerhoehung-ab-und-kauft-zu\/","name":"PSCF II schliesst Kapitalerh\u00f6hung ab und kauft zu - IMMOBILIEN Business","isPartOf":{"@id":"https:\/\/www.immobilienbusiness.ch\/#website"},"primaryImageOfPage":{"@id":"https:\/\/www.immobilienbusiness.ch\/en\/unternehmen\/2020-04-01\/pscf-ii-schliesst-kapitalerhoehung-ab-und-kauft-zu\/#primaryimage"},"image":{"@id":"https:\/\/www.immobilienbusiness.ch\/en\/unternehmen\/2020-04-01\/pscf-ii-schliesst-kapitalerhoehung-ab-und-kauft-zu\/#primaryimage"},"thumbnailUrl":"https:\/\/www.immobilienbusiness.ch\/wp-content\/uploads\/2019\/05\/Depositphotos_5645748_s-2015.jpg","datePublished":"2020-04-01T06:53:07+00:00","description":"Der Immobilienfonds Procimmo Swiss Commercial Fund II (PSCF II) hat bei seiner Kapitalerh\u00f6hung trotz der Corona-Krise 55 Millionen CHF aufgenommen.","breadcrumb":{"@id":"https:\/\/www.immobilienbusiness.ch\/en\/unternehmen\/2020-04-01\/pscf-ii-schliesst-kapitalerhoehung-ab-und-kauft-zu\/#breadcrumb"},"inLanguage":"it-IT","potentialAction":[{"@type":"ReadAction","target":["https:\/\/www.immobilienbusiness.ch\/en\/unternehmen\/2020-04-01\/pscf-ii-schliesst-kapitalerhoehung-ab-und-kauft-zu\/"]}]},{"@type":"ImageObject","inLanguage":"it-IT","@id":"https:\/\/www.immobilienbusiness.ch\/en\/unternehmen\/2020-04-01\/pscf-ii-schliesst-kapitalerhoehung-ab-und-kauft-zu\/#primaryimage","url":"https:\/\/www.immobilienbusiness.ch\/wp-content\/uploads\/2019\/05\/Depositphotos_5645748_s-2015.jpg","contentUrl":"https:\/\/www.immobilienbusiness.ch\/wp-content\/uploads\/2019\/05\/Depositphotos_5645748_s-2015.jpg","width":500,"height":333,"caption":"Procimmo hat Gesch\u00e4ftszahlen f\u00fcr ein Teilverm\u00f6gen seines SICAV vorgelegt (Bild: Depositphotos)"},{"@type":"BreadcrumbList","@id":"https:\/\/www.immobilienbusiness.ch\/en\/unternehmen\/2020-04-01\/pscf-ii-schliesst-kapitalerhoehung-ab-und-kauft-zu\/#breadcrumb","itemListElement":[{"@type":"ListItem","position":1,"name":"Home","item":"https:\/\/www.immobilienbusiness.ch\/"},{"@type":"ListItem","position":2,"name":"PSCF II schliesst Kapitalerh\u00f6hung ab und kauft zu"}]},{"@type":"WebSite","@id":"https:\/\/www.immobilienbusiness.ch\/#website","url":"https:\/\/www.immobilienbusiness.ch\/","name":"Affari immobiliari","description":"Rivista economica indipendente svizzera che si concentra sul settore immobiliare, l'architettura e la costruzione, nonch\u00e9 sugli investimenti e i finanziamenti.","publisher":{"@id":"https:\/\/www.immobilienbusiness.ch\/#organization"},"potentialAction":[{"@type":"SearchAction","target":{"@type":"EntryPoint","urlTemplate":"https:\/\/www.immobilienbusiness.ch\/?s={search_term_string}"},"query-input":{"@type":"PropertyValueSpecification","valueRequired":true,"valueName":"search_term_string"}}],"inLanguage":"it-IT"},{"@type":"Organization","@id":"https:\/\/www.immobilienbusiness.ch\/#organization","name":"Affari immobiliari","url":"https:\/\/www.immobilienbusiness.ch\/","logo":{"@type":"ImageObject","inLanguage":"it-IT","@id":"https:\/\/www.immobilienbusiness.ch\/#\/schema\/logo\/image\/","url":"https:\/\/www.immobilienbusiness.ch\/wp-content\/uploads\/2021\/07\/logo_ib.png","contentUrl":"https:\/\/www.immobilienbusiness.ch\/wp-content\/uploads\/2021\/07\/logo_ib.png","width":800,"height":181,"caption":"IMMOBILIEN Business"},"image":{"@id":"https:\/\/www.immobilienbusiness.ch\/#\/schema\/logo\/image\/"},"sameAs":["https:\/\/www.facebook.com\/immobilienbusiness\/"]},{"@type":"Person","@id":"https:\/\/www.immobilienbusiness.ch\/#\/schema\/person\/3fc036297b10b9f42d6db5ee932af8c8","name":"anja.hall","image":{"@type":"ImageObject","inLanguage":"it-IT","@id":"https:\/\/secure.gravatar.com\/avatar\/066b5a0d447013502c71a5782f4f3469f03cfe595cc2329fb94652fe47511bfb?s=96&d=mm&r=g","url":"https:\/\/secure.gravatar.com\/avatar\/066b5a0d447013502c71a5782f4f3469f03cfe595cc2329fb94652fe47511bfb?s=96&d=mm&r=g","contentUrl":"https:\/\/secure.gravatar.com\/avatar\/066b5a0d447013502c71a5782f4f3469f03cfe595cc2329fb94652fe47511bfb?s=96&d=mm&r=g","caption":"anja.hall"},"url":"https:\/\/www.immobilienbusiness.ch\/it\/author\/anja-hall\/"}]}},"_links":{"self":[{"href":"https:\/\/www.immobilienbusiness.ch\/it\/wp-json\/wp\/v2\/posts\/20734","targetHints":{"allow":["GET"]}}],"collection":[{"href":"https:\/\/www.immobilienbusiness.ch\/it\/wp-json\/wp\/v2\/posts"}],"about":[{"href":"https:\/\/www.immobilienbusiness.ch\/it\/wp-json\/wp\/v2\/types\/post"}],"author":[{"embeddable":true,"href":"https:\/\/www.immobilienbusiness.ch\/it\/wp-json\/wp\/v2\/users\/3"}],"replies":[{"embeddable":true,"href":"https:\/\/www.immobilienbusiness.ch\/it\/wp-json\/wp\/v2\/comments?post=20734"}],"version-history":[{"count":0,"href":"https:\/\/www.immobilienbusiness.ch\/it\/wp-json\/wp\/v2\/posts\/20734\/revisions"}],"wp:featuredmedia":[{"embeddable":true,"href":"https:\/\/www.immobilienbusiness.ch\/it\/wp-json\/wp\/v2\/media\/17084"}],"wp:attachment":[{"href":"https:\/\/www.immobilienbusiness.ch\/it\/wp-json\/wp\/v2\/media?parent=20734"}],"wp:term":[{"taxonomy":"category","embeddable":true,"href":"https:\/\/www.immobilienbusiness.ch\/it\/wp-json\/wp\/v2\/categories?post=20734"},{"taxonomy":"post_tag","embeddable":true,"href":"https:\/\/www.immobilienbusiness.ch\/it\/wp-json\/wp\/v2\/tags?post=20734"}],"curies":[{"name":"wp","href":"https:\/\/api.w.org\/{rel}","templated":true}]}}