{"id":20239,"date":"2020-02-14T08:32:24","date_gmt":"2020-02-14T07:32:24","guid":{"rendered":"https:\/\/www.immobilienbusiness.ch\/?p=20239"},"modified":"2020-02-14T08:32:24","modified_gmt":"2020-02-14T07:32:24","slug":"zuerich-grundsteinlegung-fuer-manufakt8048","status":"publish","type":"post","link":"https:\/\/www.immobilienbusiness.ch\/it\/regionen\/2020-02-14\/zuerich-grundsteinlegung-fuer-manufakt8048\/","title":{"rendered":"Zurigo: posa della prima pietra di Manufakt8048"},"content":{"rendered":"<figure id=\"attachment_20240\" aria-describedby=\"caption-attachment-20240\" style=\"width: 680px\" class=\"wp-caption alignnone\"><img loading=\"lazy\" decoding=\"async\" class=\"size-medium wp-image-20240\" src=\"https:\/\/www.immobilienbusiness.ch\/wp-content\/uploads\/2020\/02\/MANUFAKT8048_Steiner_AG.jpg\" alt=\"\" width=\"680\" height=\"453\" srcset=\"https:\/\/www.immobilienbusiness.ch\/wp-content\/uploads\/2020\/02\/MANUFAKT8048_Steiner_AG.jpg 2210w, https:\/\/www.immobilienbusiness.ch\/wp-content\/uploads\/2020\/02\/MANUFAKT8048_Steiner_AG-300x200.jpg 300w, https:\/\/www.immobilienbusiness.ch\/wp-content\/uploads\/2020\/02\/MANUFAKT8048_Steiner_AG-1024x683.jpg 1024w, https:\/\/www.immobilienbusiness.ch\/wp-content\/uploads\/2020\/02\/MANUFAKT8048_Steiner_AG-768x512.jpg 768w, https:\/\/www.immobilienbusiness.ch\/wp-content\/uploads\/2020\/02\/MANUFAKT8048_Steiner_AG-1536x1024.jpg 1536w, https:\/\/www.immobilienbusiness.ch\/wp-content\/uploads\/2020\/02\/MANUFAKT8048_Steiner_AG-2048x1365.jpg 2048w, https:\/\/www.immobilienbusiness.ch\/wp-content\/uploads\/2020\/02\/MANUFAKT8048_Steiner_AG-16x12.jpg 16w, https:\/\/www.immobilienbusiness.ch\/wp-content\/uploads\/2020\/02\/MANUFAKT8048_Steiner_AG-263x175.jpg 263w, https:\/\/www.immobilienbusiness.ch\/wp-content\/uploads\/2020\/02\/MANUFAKT8048_Steiner_AG-525x350.jpg 525w, https:\/\/www.immobilienbusiness.ch\/wp-content\/uploads\/2020\/02\/MANUFAKT8048_Steiner_AG-1200x800.jpg 1200w, https:\/\/www.immobilienbusiness.ch\/wp-content\/uploads\/2020\/02\/MANUFAKT8048_Steiner_AG-920x613.jpg 920w, https:\/\/www.immobilienbusiness.ch\/wp-content\/uploads\/2020\/02\/MANUFAKT8048_Steiner_AG-1400x933.jpg 1400w\" sizes=\"auto, (max-width: 680px) 100vw, 680px\" \/><figcaption id=\"caption-attachment-20240\" class=\"wp-caption-text\">A Zurigo Altstetten, il business park Manufakt8048 \u00e8 in costruzione (Visualizzazione: Steiner AG)<\/figcaption><\/figure>\n<p>Manufakt8048 \u00e8 in costruzione in Vulkanstrasse 112 a Zurigo Altstetten, a pochi passi dalla stazione ferroviaria di Altstetten e con accesso diretto all'autostrada A1. Dopo il completamento, l'edificio comprender\u00e0 circa 14.500 mq di spazio utilizzabile su sei piani. Gli spazi possono essere utilizzati come uffici, sale di produzione, fabbriche, laboratori o showroom.<\/p>\n<p>Secondo la Fondazione d'investimento Swisscanto, che ha acquistato la propriet\u00e0 nel 2019, circa 70% dell'immobile \u00e8 stato pre-affittato. L'inquilino principale con un contratto d'affitto a lungo termine per la maggior parte dello spazio \u00e8 \"una societ\u00e0 tecnologica svizzera in rapida crescita che \u00e8 stata fondata nel 2001 come spin-off dell'ETH\", aggiunge la fondazione d'investimento.<\/p>\n<p>Mentre la facciata dell'edificio \u00e8 vetrata, l'interno, con stanze alte fino a 4,50 metri, \u00e8 caratterizzato da materiali industriali come l'acciaio, superfici di cemento a vista e pavimenti industriali senza soluzione di continuit\u00e0. Un atrio funge da cortile interno aperto. Manufakt8048 \u00e8 stato progettato da Theo Hotz Partner Architekten. La costruzione di base del business park dovrebbe essere pronta per l'occupazione dalla met\u00e0 del 2021.<\/p>\n<p>In considerazione della posizione privilegiata e dell'uso versatile e flessibile dello spazio, l'immobile \u00e8 ideale per il portafoglio di circa 7,8 miliardi di franchi del gruppo d'investimento Swisscanto AST Real Estate Switzerland, secondo la Fondazione d'investimento Swisscanto. <em>(ah)<\/em><\/p>","protected":false},"excerpt":{"rendered":"<p>La prima pietra del business park Manufakt8048 \u00e8 stata posata a Zurigo Altstetten. Il proprietario \u00e8 la Swisscanto Investment Foundation, e Steiner agisce come impresa generale.<\/p>","protected":false},"author":3,"featured_media":20240,"comment_status":"closed","ping_status":"open","sticky":false,"template":"","format":"standard","meta":{"_acf_changed":false,"_yoast_wpseo_focuskw":"Manufakt8048","_yoast_wpseo_title":"","_yoast_wpseo_metadesc":"In Z\u00fcrich Altstetten ist der Grundstein f\u00fcr den Gewerbepark Manufakt8048 gelegt worden. Bauherrin ist die Swisscanto Anlagestiftung.","_yoast_wpseo_linkdex":56,"pgc_sgb_lightbox_settings":"","footnotes":""},"categories":[985],"tags":[1119,1599,1731,1765,1888],"class_list":["post-20239","post","type-post","status-publish","format-standard","has-post-thumbnail","hentry","category-regionen","tag-bueroimmobilien","tag-projekt-in-bau","tag-steiner-ag","tag-swisscanto","tag-zuerich"],"acf":[],"yoast_head":"<!-- This site is optimized with the Yoast SEO plugin v27.4 - https:\/\/yoast.com\/product\/yoast-seo-wordpress\/ -->\n<title>Z\u00fcrich: Grundsteinlegung f\u00fcr Manufakt8048 - IMMOBILIEN Business<\/title>\n<meta name=\"description\" content=\"In Z\u00fcrich Altstetten ist der Grundstein f\u00fcr den Gewerbepark Manufakt8048 gelegt worden. Bauherrin ist die Swisscanto Anlagestiftung.\" \/>\n<meta name=\"robots\" content=\"index, follow, max-snippet:-1, max-image-preview:large, max-video-preview:-1\" \/>\n<link rel=\"canonical\" href=\"https:\/\/www.immobilienbusiness.ch\/it\/regionen\/2020-02-14\/zuerich-grundsteinlegung-fuer-manufakt8048\/\" \/>\n<meta property=\"og:locale\" content=\"it_IT\" \/>\n<meta property=\"og:type\" content=\"article\" \/>\n<meta property=\"og:title\" content=\"Z\u00fcrich: Grundsteinlegung f\u00fcr Manufakt8048 - IMMOBILIEN Business\" \/>\n<meta property=\"og:description\" content=\"In Z\u00fcrich Altstetten ist der Grundstein f\u00fcr den Gewerbepark Manufakt8048 gelegt worden. Bauherrin ist die Swisscanto Anlagestiftung.\" \/>\n<meta property=\"og:url\" content=\"https:\/\/www.immobilienbusiness.ch\/it\/regionen\/2020-02-14\/zuerich-grundsteinlegung-fuer-manufakt8048\/\" \/>\n<meta property=\"og:site_name\" content=\"IMMOBILIEN Business\" \/>\n<meta property=\"article:publisher\" content=\"https:\/\/www.facebook.com\/immobilienbusiness\/\" \/>\n<meta property=\"article:published_time\" content=\"2020-02-14T07:32:24+00:00\" \/>\n<meta property=\"og:image\" content=\"https:\/\/www.immobilienbusiness.ch\/wp-content\/uploads\/2020\/02\/MANUFAKT8048_Steiner_AG.jpg\" \/>\n\t<meta property=\"og:image:width\" content=\"2210\" \/>\n\t<meta property=\"og:image:height\" content=\"1473\" \/>\n\t<meta property=\"og:image:type\" content=\"image\/jpeg\" \/>\n<meta name=\"author\" content=\"anja.hall\" \/>\n<meta name=\"twitter:card\" content=\"summary_large_image\" \/>\n<meta name=\"twitter:image\" content=\"https:\/\/www.immobilienbusiness.ch\/wp-content\/uploads\/2020\/02\/MANUFAKT8048_Steiner_AG.jpg\" \/>\n<script type=\"application\/ld+json\" class=\"yoast-schema-graph\">{\"@context\":\"https:\\\/\\\/schema.org\",\"@graph\":[{\"@type\":\"Article\",\"@id\":\"https:\\\/\\\/www.immobilienbusiness.ch\\\/en\\\/regionen\\\/2020-02-14\\\/zuerich-grundsteinlegung-fuer-manufakt8048\\\/#article\",\"isPartOf\":{\"@id\":\"https:\\\/\\\/www.immobilienbusiness.ch\\\/en\\\/regionen\\\/2020-02-14\\\/zuerich-grundsteinlegung-fuer-manufakt8048\\\/\"},\"author\":{\"name\":\"anja.hall\",\"@id\":\"https:\\\/\\\/www.immobilienbusiness.ch\\\/#\\\/schema\\\/person\\\/3fc036297b10b9f42d6db5ee932af8c8\"},\"headline\":\"Z\u00fcrich: Grundsteinlegung f\u00fcr Manufakt8048\",\"datePublished\":\"2020-02-14T07:32:24+00:00\",\"mainEntityOfPage\":{\"@id\":\"https:\\\/\\\/www.immobilienbusiness.ch\\\/en\\\/regionen\\\/2020-02-14\\\/zuerich-grundsteinlegung-fuer-manufakt8048\\\/\"},\"wordCount\":214,\"publisher\":{\"@id\":\"https:\\\/\\\/www.immobilienbusiness.ch\\\/#organization\"},\"image\":{\"@id\":\"https:\\\/\\\/www.immobilienbusiness.ch\\\/en\\\/regionen\\\/2020-02-14\\\/zuerich-grundsteinlegung-fuer-manufakt8048\\\/#primaryimage\"},\"thumbnailUrl\":\"https:\\\/\\\/www.immobilienbusiness.ch\\\/wp-content\\\/uploads\\\/2020\\\/02\\\/MANUFAKT8048_Steiner_AG.jpg\",\"keywords\":[\"B\u00fcroimmobilien\",\"Projekt in Bau\",\"Steiner AG\",\"Swisscanto\",\"Z\u00fcrich\"],\"articleSection\":[\"REGIONEN\"],\"inLanguage\":\"it-IT\"},{\"@type\":\"WebPage\",\"@id\":\"https:\\\/\\\/www.immobilienbusiness.ch\\\/en\\\/regionen\\\/2020-02-14\\\/zuerich-grundsteinlegung-fuer-manufakt8048\\\/\",\"url\":\"https:\\\/\\\/www.immobilienbusiness.ch\\\/en\\\/regionen\\\/2020-02-14\\\/zuerich-grundsteinlegung-fuer-manufakt8048\\\/\",\"name\":\"Z\u00fcrich: Grundsteinlegung f\u00fcr Manufakt8048 - IMMOBILIEN Business\",\"isPartOf\":{\"@id\":\"https:\\\/\\\/www.immobilienbusiness.ch\\\/#website\"},\"primaryImageOfPage\":{\"@id\":\"https:\\\/\\\/www.immobilienbusiness.ch\\\/en\\\/regionen\\\/2020-02-14\\\/zuerich-grundsteinlegung-fuer-manufakt8048\\\/#primaryimage\"},\"image\":{\"@id\":\"https:\\\/\\\/www.immobilienbusiness.ch\\\/en\\\/regionen\\\/2020-02-14\\\/zuerich-grundsteinlegung-fuer-manufakt8048\\\/#primaryimage\"},\"thumbnailUrl\":\"https:\\\/\\\/www.immobilienbusiness.ch\\\/wp-content\\\/uploads\\\/2020\\\/02\\\/MANUFAKT8048_Steiner_AG.jpg\",\"datePublished\":\"2020-02-14T07:32:24+00:00\",\"description\":\"In Z\u00fcrich Altstetten ist der Grundstein f\u00fcr den Gewerbepark Manufakt8048 gelegt worden. Bauherrin ist die Swisscanto Anlagestiftung.\",\"breadcrumb\":{\"@id\":\"https:\\\/\\\/www.immobilienbusiness.ch\\\/en\\\/regionen\\\/2020-02-14\\\/zuerich-grundsteinlegung-fuer-manufakt8048\\\/#breadcrumb\"},\"inLanguage\":\"it-IT\",\"potentialAction\":[{\"@type\":\"ReadAction\",\"target\":[\"https:\\\/\\\/www.immobilienbusiness.ch\\\/en\\\/regionen\\\/2020-02-14\\\/zuerich-grundsteinlegung-fuer-manufakt8048\\\/\"]}]},{\"@type\":\"ImageObject\",\"inLanguage\":\"it-IT\",\"@id\":\"https:\\\/\\\/www.immobilienbusiness.ch\\\/en\\\/regionen\\\/2020-02-14\\\/zuerich-grundsteinlegung-fuer-manufakt8048\\\/#primaryimage\",\"url\":\"https:\\\/\\\/www.immobilienbusiness.ch\\\/wp-content\\\/uploads\\\/2020\\\/02\\\/MANUFAKT8048_Steiner_AG.jpg\",\"contentUrl\":\"https:\\\/\\\/www.immobilienbusiness.ch\\\/wp-content\\\/uploads\\\/2020\\\/02\\\/MANUFAKT8048_Steiner_AG.jpg\",\"width\":2210,\"height\":1473,\"caption\":\"(Visualisierung: Steiner AG)\"},{\"@type\":\"BreadcrumbList\",\"@id\":\"https:\\\/\\\/www.immobilienbusiness.ch\\\/en\\\/regionen\\\/2020-02-14\\\/zuerich-grundsteinlegung-fuer-manufakt8048\\\/#breadcrumb\",\"itemListElement\":[{\"@type\":\"ListItem\",\"position\":1,\"name\":\"Home\",\"item\":\"https:\\\/\\\/www.immobilienbusiness.ch\\\/\"},{\"@type\":\"ListItem\",\"position\":2,\"name\":\"Z\u00fcrich: Grundsteinlegung f\u00fcr Manufakt8048\"}]},{\"@type\":\"WebSite\",\"@id\":\"https:\\\/\\\/www.immobilienbusiness.ch\\\/#website\",\"url\":\"https:\\\/\\\/www.immobilienbusiness.ch\\\/\",\"name\":\"IMMOBILIEN Business\",\"description\":\"Unabh\u00e4ngiges Schweizer Wirtschaftsmagazin mit Fokus auf Immobilien, Architektur- und Bau sowie Investment- und Finanzierung.\",\"publisher\":{\"@id\":\"https:\\\/\\\/www.immobilienbusiness.ch\\\/#organization\"},\"potentialAction\":[{\"@type\":\"SearchAction\",\"target\":{\"@type\":\"EntryPoint\",\"urlTemplate\":\"https:\\\/\\\/www.immobilienbusiness.ch\\\/?s={search_term_string}\"},\"query-input\":{\"@type\":\"PropertyValueSpecification\",\"valueRequired\":true,\"valueName\":\"search_term_string\"}}],\"inLanguage\":\"it-IT\"},{\"@type\":\"Organization\",\"@id\":\"https:\\\/\\\/www.immobilienbusiness.ch\\\/#organization\",\"name\":\"IMMOBILIEN Business\",\"url\":\"https:\\\/\\\/www.immobilienbusiness.ch\\\/\",\"logo\":{\"@type\":\"ImageObject\",\"inLanguage\":\"it-IT\",\"@id\":\"https:\\\/\\\/www.immobilienbusiness.ch\\\/#\\\/schema\\\/logo\\\/image\\\/\",\"url\":\"https:\\\/\\\/www.immobilienbusiness.ch\\\/wp-content\\\/uploads\\\/2021\\\/07\\\/logo_ib.png\",\"contentUrl\":\"https:\\\/\\\/www.immobilienbusiness.ch\\\/wp-content\\\/uploads\\\/2021\\\/07\\\/logo_ib.png\",\"width\":800,\"height\":181,\"caption\":\"IMMOBILIEN Business\"},\"image\":{\"@id\":\"https:\\\/\\\/www.immobilienbusiness.ch\\\/#\\\/schema\\\/logo\\\/image\\\/\"},\"sameAs\":[\"https:\\\/\\\/www.facebook.com\\\/immobilienbusiness\\\/\"]},{\"@type\":\"Person\",\"@id\":\"https:\\\/\\\/www.immobilienbusiness.ch\\\/#\\\/schema\\\/person\\\/3fc036297b10b9f42d6db5ee932af8c8\",\"name\":\"anja.hall\",\"image\":{\"@type\":\"ImageObject\",\"inLanguage\":\"it-IT\",\"@id\":\"https:\\\/\\\/secure.gravatar.com\\\/avatar\\\/066b5a0d447013502c71a5782f4f3469f03cfe595cc2329fb94652fe47511bfb?s=96&d=mm&r=g\",\"url\":\"https:\\\/\\\/secure.gravatar.com\\\/avatar\\\/066b5a0d447013502c71a5782f4f3469f03cfe595cc2329fb94652fe47511bfb?s=96&d=mm&r=g\",\"contentUrl\":\"https:\\\/\\\/secure.gravatar.com\\\/avatar\\\/066b5a0d447013502c71a5782f4f3469f03cfe595cc2329fb94652fe47511bfb?s=96&d=mm&r=g\",\"caption\":\"anja.hall\"},\"url\":\"https:\\\/\\\/www.immobilienbusiness.ch\\\/it\\\/author\\\/anja-hall\\\/\"}]}<\/script>\n<!-- \/ Yoast SEO plugin. -->","yoast_head_json":{"title":"Z\u00fcrich: Grundsteinlegung f\u00fcr Manufakt8048 - IMMOBILIEN Business","description":"In Z\u00fcrich Altstetten ist der Grundstein f\u00fcr den Gewerbepark Manufakt8048 gelegt worden. Bauherrin ist die Swisscanto Anlagestiftung.","robots":{"index":"index","follow":"follow","max-snippet":"max-snippet:-1","max-image-preview":"max-image-preview:large","max-video-preview":"max-video-preview:-1"},"canonical":"https:\/\/www.immobilienbusiness.ch\/it\/regionen\/2020-02-14\/zuerich-grundsteinlegung-fuer-manufakt8048\/","og_locale":"it_IT","og_type":"article","og_title":"Z\u00fcrich: Grundsteinlegung f\u00fcr Manufakt8048 - IMMOBILIEN Business","og_description":"In Z\u00fcrich Altstetten ist der Grundstein f\u00fcr den Gewerbepark Manufakt8048 gelegt worden. Bauherrin ist die Swisscanto Anlagestiftung.","og_url":"https:\/\/www.immobilienbusiness.ch\/it\/regionen\/2020-02-14\/zuerich-grundsteinlegung-fuer-manufakt8048\/","og_site_name":"IMMOBILIEN Business","article_publisher":"https:\/\/www.facebook.com\/immobilienbusiness\/","article_published_time":"2020-02-14T07:32:24+00:00","og_image":[{"width":2210,"height":1473,"url":"https:\/\/www.immobilienbusiness.ch\/wp-content\/uploads\/2020\/02\/MANUFAKT8048_Steiner_AG.jpg","type":"image\/jpeg"}],"author":"anja.hall","twitter_card":"summary_large_image","twitter_image":"https:\/\/www.immobilienbusiness.ch\/wp-content\/uploads\/2020\/02\/MANUFAKT8048_Steiner_AG.jpg","schema":{"@context":"https:\/\/schema.org","@graph":[{"@type":"Article","@id":"https:\/\/www.immobilienbusiness.ch\/en\/regionen\/2020-02-14\/zuerich-grundsteinlegung-fuer-manufakt8048\/#article","isPartOf":{"@id":"https:\/\/www.immobilienbusiness.ch\/en\/regionen\/2020-02-14\/zuerich-grundsteinlegung-fuer-manufakt8048\/"},"author":{"name":"anja.hall","@id":"https:\/\/www.immobilienbusiness.ch\/#\/schema\/person\/3fc036297b10b9f42d6db5ee932af8c8"},"headline":"Z\u00fcrich: Grundsteinlegung f\u00fcr Manufakt8048","datePublished":"2020-02-14T07:32:24+00:00","mainEntityOfPage":{"@id":"https:\/\/www.immobilienbusiness.ch\/en\/regionen\/2020-02-14\/zuerich-grundsteinlegung-fuer-manufakt8048\/"},"wordCount":214,"publisher":{"@id":"https:\/\/www.immobilienbusiness.ch\/#organization"},"image":{"@id":"https:\/\/www.immobilienbusiness.ch\/en\/regionen\/2020-02-14\/zuerich-grundsteinlegung-fuer-manufakt8048\/#primaryimage"},"thumbnailUrl":"https:\/\/www.immobilienbusiness.ch\/wp-content\/uploads\/2020\/02\/MANUFAKT8048_Steiner_AG.jpg","keywords":["B\u00fcroimmobilien","Projekt in Bau","Steiner AG","Swisscanto","Z\u00fcrich"],"articleSection":["REGIONEN"],"inLanguage":"it-IT"},{"@type":"WebPage","@id":"https:\/\/www.immobilienbusiness.ch\/en\/regionen\/2020-02-14\/zuerich-grundsteinlegung-fuer-manufakt8048\/","url":"https:\/\/www.immobilienbusiness.ch\/en\/regionen\/2020-02-14\/zuerich-grundsteinlegung-fuer-manufakt8048\/","name":"Z\u00fcrich: Grundsteinlegung f\u00fcr Manufakt8048 - IMMOBILIEN Business","isPartOf":{"@id":"https:\/\/www.immobilienbusiness.ch\/#website"},"primaryImageOfPage":{"@id":"https:\/\/www.immobilienbusiness.ch\/en\/regionen\/2020-02-14\/zuerich-grundsteinlegung-fuer-manufakt8048\/#primaryimage"},"image":{"@id":"https:\/\/www.immobilienbusiness.ch\/en\/regionen\/2020-02-14\/zuerich-grundsteinlegung-fuer-manufakt8048\/#primaryimage"},"thumbnailUrl":"https:\/\/www.immobilienbusiness.ch\/wp-content\/uploads\/2020\/02\/MANUFAKT8048_Steiner_AG.jpg","datePublished":"2020-02-14T07:32:24+00:00","description":"In Z\u00fcrich Altstetten ist der Grundstein f\u00fcr den Gewerbepark Manufakt8048 gelegt worden. Bauherrin ist die Swisscanto Anlagestiftung.","breadcrumb":{"@id":"https:\/\/www.immobilienbusiness.ch\/en\/regionen\/2020-02-14\/zuerich-grundsteinlegung-fuer-manufakt8048\/#breadcrumb"},"inLanguage":"it-IT","potentialAction":[{"@type":"ReadAction","target":["https:\/\/www.immobilienbusiness.ch\/en\/regionen\/2020-02-14\/zuerich-grundsteinlegung-fuer-manufakt8048\/"]}]},{"@type":"ImageObject","inLanguage":"it-IT","@id":"https:\/\/www.immobilienbusiness.ch\/en\/regionen\/2020-02-14\/zuerich-grundsteinlegung-fuer-manufakt8048\/#primaryimage","url":"https:\/\/www.immobilienbusiness.ch\/wp-content\/uploads\/2020\/02\/MANUFAKT8048_Steiner_AG.jpg","contentUrl":"https:\/\/www.immobilienbusiness.ch\/wp-content\/uploads\/2020\/02\/MANUFAKT8048_Steiner_AG.jpg","width":2210,"height":1473,"caption":"(Visualisierung: Steiner AG)"},{"@type":"BreadcrumbList","@id":"https:\/\/www.immobilienbusiness.ch\/en\/regionen\/2020-02-14\/zuerich-grundsteinlegung-fuer-manufakt8048\/#breadcrumb","itemListElement":[{"@type":"ListItem","position":1,"name":"Home","item":"https:\/\/www.immobilienbusiness.ch\/"},{"@type":"ListItem","position":2,"name":"Z\u00fcrich: Grundsteinlegung f\u00fcr Manufakt8048"}]},{"@type":"WebSite","@id":"https:\/\/www.immobilienbusiness.ch\/#website","url":"https:\/\/www.immobilienbusiness.ch\/","name":"Affari immobiliari","description":"Rivista economica indipendente svizzera che si concentra sul settore immobiliare, l'architettura e la costruzione, nonch\u00e9 sugli investimenti e i finanziamenti.","publisher":{"@id":"https:\/\/www.immobilienbusiness.ch\/#organization"},"potentialAction":[{"@type":"SearchAction","target":{"@type":"EntryPoint","urlTemplate":"https:\/\/www.immobilienbusiness.ch\/?s={search_term_string}"},"query-input":{"@type":"PropertyValueSpecification","valueRequired":true,"valueName":"search_term_string"}}],"inLanguage":"it-IT"},{"@type":"Organization","@id":"https:\/\/www.immobilienbusiness.ch\/#organization","name":"Affari immobiliari","url":"https:\/\/www.immobilienbusiness.ch\/","logo":{"@type":"ImageObject","inLanguage":"it-IT","@id":"https:\/\/www.immobilienbusiness.ch\/#\/schema\/logo\/image\/","url":"https:\/\/www.immobilienbusiness.ch\/wp-content\/uploads\/2021\/07\/logo_ib.png","contentUrl":"https:\/\/www.immobilienbusiness.ch\/wp-content\/uploads\/2021\/07\/logo_ib.png","width":800,"height":181,"caption":"IMMOBILIEN Business"},"image":{"@id":"https:\/\/www.immobilienbusiness.ch\/#\/schema\/logo\/image\/"},"sameAs":["https:\/\/www.facebook.com\/immobilienbusiness\/"]},{"@type":"Person","@id":"https:\/\/www.immobilienbusiness.ch\/#\/schema\/person\/3fc036297b10b9f42d6db5ee932af8c8","name":"anja.hall","image":{"@type":"ImageObject","inLanguage":"it-IT","@id":"https:\/\/secure.gravatar.com\/avatar\/066b5a0d447013502c71a5782f4f3469f03cfe595cc2329fb94652fe47511bfb?s=96&d=mm&r=g","url":"https:\/\/secure.gravatar.com\/avatar\/066b5a0d447013502c71a5782f4f3469f03cfe595cc2329fb94652fe47511bfb?s=96&d=mm&r=g","contentUrl":"https:\/\/secure.gravatar.com\/avatar\/066b5a0d447013502c71a5782f4f3469f03cfe595cc2329fb94652fe47511bfb?s=96&d=mm&r=g","caption":"anja.hall"},"url":"https:\/\/www.immobilienbusiness.ch\/it\/author\/anja-hall\/"}]}},"_links":{"self":[{"href":"https:\/\/www.immobilienbusiness.ch\/it\/wp-json\/wp\/v2\/posts\/20239","targetHints":{"allow":["GET"]}}],"collection":[{"href":"https:\/\/www.immobilienbusiness.ch\/it\/wp-json\/wp\/v2\/posts"}],"about":[{"href":"https:\/\/www.immobilienbusiness.ch\/it\/wp-json\/wp\/v2\/types\/post"}],"author":[{"embeddable":true,"href":"https:\/\/www.immobilienbusiness.ch\/it\/wp-json\/wp\/v2\/users\/3"}],"replies":[{"embeddable":true,"href":"https:\/\/www.immobilienbusiness.ch\/it\/wp-json\/wp\/v2\/comments?post=20239"}],"version-history":[{"count":0,"href":"https:\/\/www.immobilienbusiness.ch\/it\/wp-json\/wp\/v2\/posts\/20239\/revisions"}],"wp:featuredmedia":[{"embeddable":true,"href":"https:\/\/www.immobilienbusiness.ch\/it\/wp-json\/wp\/v2\/media\/20240"}],"wp:attachment":[{"href":"https:\/\/www.immobilienbusiness.ch\/it\/wp-json\/wp\/v2\/media?parent=20239"}],"wp:term":[{"taxonomy":"category","embeddable":true,"href":"https:\/\/www.immobilienbusiness.ch\/it\/wp-json\/wp\/v2\/categories?post=20239"},{"taxonomy":"post_tag","embeddable":true,"href":"https:\/\/www.immobilienbusiness.ch\/it\/wp-json\/wp\/v2\/tags?post=20239"}],"curies":[{"name":"wp","href":"https:\/\/api.w.org\/{rel}","templated":true}]}}