{"id":20119,"date":"2020-02-04T08:20:07","date_gmt":"2020-02-04T07:20:07","guid":{"rendered":"https:\/\/www.immobilienbusiness.ch\/?p=20119"},"modified":"2023-08-10T13:22:11","modified_gmt":"2023-08-10T11:22:11","slug":"globus-wechselt-fuer-eine-milliarde-chf-den-eigentuemer","status":"publish","type":"post","link":"https:\/\/www.immobilienbusiness.ch\/it\/retail\/2020-02-04\/globus-wechselt-fuer-eine-milliarde-chf-den-eigentuemer\/","title":{"rendered":"Globus cambia propriet\u00e0 per un miliardo di CHF"},"content":{"rendered":"<figure id=\"attachment_7590\" aria-describedby=\"caption-attachment-7590\" style=\"width: 300px\" class=\"wp-caption alignnone\"><img loading=\"lazy\" decoding=\"async\" class=\"wp-image-7590 size-medium\" src=\"https:\/\/www.immobilienbusiness.ch\/wp-content\/uploads\/2017\/05\/globus-zuerich-300x169.jpg\" alt=\"Globus\" width=\"300\" height=\"169\" srcset=\"https:\/\/www.immobilienbusiness.ch\/wp-content\/uploads\/2017\/05\/globus-zuerich-300x169.jpg 300w, https:\/\/www.immobilienbusiness.ch\/wp-content\/uploads\/2017\/05\/globus-zuerich-768x432.jpg 768w, https:\/\/www.immobilienbusiness.ch\/wp-content\/uploads\/2017\/05\/globus-zuerich-16x9.jpg 16w, https:\/\/www.immobilienbusiness.ch\/wp-content\/uploads\/2017\/05\/globus-zuerich-311x175.jpg 311w, https:\/\/www.immobilienbusiness.ch\/wp-content\/uploads\/2017\/05\/globus-zuerich-622x350.jpg 622w, https:\/\/www.immobilienbusiness.ch\/wp-content\/uploads\/2017\/05\/globus-zuerich-920x518.jpg 920w, https:\/\/www.immobilienbusiness.ch\/wp-content\/uploads\/2017\/05\/globus-zuerich.jpg 960w\" sizes=\"auto, (max-width: 300px) 100vw, 300px\" \/><figcaption id=\"caption-attachment-7590\" class=\"wp-caption-text\">Globus a Zurigo (Immagine: Migros)<\/figcaption><\/figure>\n<p>Migros ha concluso il processo di vendita dei grandi magazzini Globus. I nuovi proprietari sono Signa Holding dell'imprenditore austriaco Ren\u00e9 Benko e Central Group dalla Thailandia, ognuno con 50%.<\/p>\n<p>Come le parti hanno annunciato marted\u00ec mattina, l'affare include la rivista svizzera zum Globus AG e otto propriet\u00e0 associate in posizioni centrali di primo piano, che vengono vendute dal Migros-Genossenschafts-Bund (MGB). Insieme a Globus e Signa e alle sedi di Central Group in Germania, Italia, Danimarca e, in futuro, Austria, il gruppo mira a diventare uno dei principali operatori e proprietari di grandi magazzini di lusso in Europa.<\/p>\n<p>Si dice che la firma della transazione abbia avuto luogo. L'acquisizione definitiva \u00e8 soggetta all'approvazione delle autorit\u00e0 europee della concorrenza e dovrebbe essere completata entro la met\u00e0 del 2020.<\/p>\n<p>La settimana scorsa, vari media avevano gi\u00e0 riferito che la vendita di Globus era stata finalizzata. Si dice che il prezzo d'acquisto sia di un miliardo di CHF, la maggior parte dei quali sar\u00e0 pagata per gli immobili. Tuttavia, questa somma non \u00e8 stata confermata.<\/p>\n<p>CBRE e Alantra erano consulenti esclusivi di Migros per la transazione. <em>(ah)<\/em><\/p>","protected":false},"excerpt":{"rendered":"<p>Il Central Group di Bangkok e l'austriaca Signa Holding stanno rilevando la catena di grandi magazzini Globus. Il prezzo d'acquisto sarebbe di un miliardo di franchi.<\/p>","protected":false},"author":3,"featured_media":7590,"comment_status":"closed","ping_status":"closed","sticky":false,"template":"","format":"standard","meta":{"_acf_changed":false,"_yoast_wpseo_focuskw":"Globus","_yoast_wpseo_title":"","_yoast_wpseo_metadesc":"Die Central Group aus Bangkok und die \u00f6sterreichische Signa Holding \u00fcbernehmen die Warenhauskette Globus f\u00fcr eine Milliarde CHF.","_yoast_wpseo_linkdex":44,"pgc_sgb_lightbox_settings":"","footnotes":""},"categories":[987],"tags":[1279,1493,1807,1830],"class_list":["post-20119","post","type-post","status-publish","format-standard","has-post-thumbnail","hentry","category-retail","tag-globus","tag-migros","tag-unternehmen","tag-verkauf"],"acf":[],"yoast_head":"<!-- This site is optimized with the Yoast SEO plugin v27.5 - https:\/\/yoast.com\/product\/yoast-seo-wordpress\/ -->\n<title>Globus wechselt f\u00fcr eine Milliarde CHF den Eigent\u00fcmer - IMMOBILIEN Business<\/title>\n<meta name=\"description\" content=\"Die Central Group aus Bangkok und die \u00f6sterreichische Signa Holding \u00fcbernehmen die Warenhauskette Globus f\u00fcr eine Milliarde CHF.\" \/>\n<meta name=\"robots\" content=\"index, follow, max-snippet:-1, max-image-preview:large, max-video-preview:-1\" \/>\n<link rel=\"canonical\" href=\"https:\/\/www.immobilienbusiness.ch\/it\/retail\/2020-02-04\/globus-wechselt-fuer-eine-milliarde-chf-den-eigentuemer\/\" \/>\n<meta property=\"og:locale\" content=\"it_IT\" \/>\n<meta property=\"og:type\" content=\"article\" \/>\n<meta property=\"og:title\" content=\"Globus wechselt f\u00fcr eine Milliarde CHF den Eigent\u00fcmer - IMMOBILIEN Business\" \/>\n<meta property=\"og:description\" content=\"Die Central Group aus Bangkok und die \u00f6sterreichische Signa Holding \u00fcbernehmen die Warenhauskette Globus f\u00fcr eine Milliarde CHF.\" \/>\n<meta property=\"og:url\" content=\"https:\/\/www.immobilienbusiness.ch\/it\/retail\/2020-02-04\/globus-wechselt-fuer-eine-milliarde-chf-den-eigentuemer\/\" \/>\n<meta property=\"og:site_name\" content=\"IMMOBILIEN Business\" \/>\n<meta property=\"article:publisher\" content=\"https:\/\/www.facebook.com\/immobilienbusiness\/\" \/>\n<meta property=\"article:published_time\" content=\"2020-02-04T07:20:07+00:00\" \/>\n<meta property=\"article:modified_time\" content=\"2023-08-10T11:22:11+00:00\" \/>\n<meta property=\"og:image\" content=\"https:\/\/www.immobilienbusiness.ch\/wp-content\/uploads\/2017\/05\/globus-zuerich.jpg\" \/>\n\t<meta property=\"og:image:width\" content=\"960\" \/>\n\t<meta property=\"og:image:height\" content=\"540\" \/>\n\t<meta property=\"og:image:type\" content=\"image\/jpeg\" \/>\n<meta name=\"author\" content=\"anja.hall\" \/>\n<meta name=\"twitter:card\" content=\"summary_large_image\" \/>\n<meta name=\"twitter:image\" content=\"https:\/\/www.immobilienbusiness.ch\/wp-content\/uploads\/2017\/05\/globus-zuerich.jpg\" \/>\n<script type=\"application\/ld+json\" class=\"yoast-schema-graph\">{\"@context\":\"https:\\\/\\\/schema.org\",\"@graph\":[{\"@type\":\"Article\",\"@id\":\"https:\\\/\\\/www.immobilienbusiness.ch\\\/de\\\/retail\\\/2020-02-04\\\/globus-wechselt-fuer-eine-milliarde-chf-den-eigentuemer\\\/#article\",\"isPartOf\":{\"@id\":\"https:\\\/\\\/www.immobilienbusiness.ch\\\/de\\\/retail\\\/2020-02-04\\\/globus-wechselt-fuer-eine-milliarde-chf-den-eigentuemer\\\/\"},\"author\":{\"name\":\"anja.hall\",\"@id\":\"https:\\\/\\\/www.immobilienbusiness.ch\\\/#\\\/schema\\\/person\\\/3fc036297b10b9f42d6db5ee932af8c8\"},\"headline\":\"Globus wechselt f\u00fcr eine Milliarde CHF den Eigent\u00fcmer\",\"datePublished\":\"2020-02-04T07:20:07+00:00\",\"dateModified\":\"2023-08-10T11:22:11+00:00\",\"mainEntityOfPage\":{\"@id\":\"https:\\\/\\\/www.immobilienbusiness.ch\\\/de\\\/retail\\\/2020-02-04\\\/globus-wechselt-fuer-eine-milliarde-chf-den-eigentuemer\\\/\"},\"wordCount\":194,\"publisher\":{\"@id\":\"https:\\\/\\\/www.immobilienbusiness.ch\\\/#organization\"},\"image\":{\"@id\":\"https:\\\/\\\/www.immobilienbusiness.ch\\\/de\\\/retail\\\/2020-02-04\\\/globus-wechselt-fuer-eine-milliarde-chf-den-eigentuemer\\\/#primaryimage\"},\"thumbnailUrl\":\"https:\\\/\\\/www.immobilienbusiness.ch\\\/wp-content\\\/uploads\\\/2017\\\/05\\\/globus-zuerich.jpg\",\"keywords\":[\"Globus\",\"Migros\",\"Unternehmen\",\"Verkauf\"],\"articleSection\":[\"RETAIL\"],\"inLanguage\":\"it-IT\"},{\"@type\":\"WebPage\",\"@id\":\"https:\\\/\\\/www.immobilienbusiness.ch\\\/de\\\/retail\\\/2020-02-04\\\/globus-wechselt-fuer-eine-milliarde-chf-den-eigentuemer\\\/\",\"url\":\"https:\\\/\\\/www.immobilienbusiness.ch\\\/de\\\/retail\\\/2020-02-04\\\/globus-wechselt-fuer-eine-milliarde-chf-den-eigentuemer\\\/\",\"name\":\"Globus wechselt f\u00fcr eine Milliarde CHF den Eigent\u00fcmer - IMMOBILIEN Business\",\"isPartOf\":{\"@id\":\"https:\\\/\\\/www.immobilienbusiness.ch\\\/#website\"},\"primaryImageOfPage\":{\"@id\":\"https:\\\/\\\/www.immobilienbusiness.ch\\\/de\\\/retail\\\/2020-02-04\\\/globus-wechselt-fuer-eine-milliarde-chf-den-eigentuemer\\\/#primaryimage\"},\"image\":{\"@id\":\"https:\\\/\\\/www.immobilienbusiness.ch\\\/de\\\/retail\\\/2020-02-04\\\/globus-wechselt-fuer-eine-milliarde-chf-den-eigentuemer\\\/#primaryimage\"},\"thumbnailUrl\":\"https:\\\/\\\/www.immobilienbusiness.ch\\\/wp-content\\\/uploads\\\/2017\\\/05\\\/globus-zuerich.jpg\",\"datePublished\":\"2020-02-04T07:20:07+00:00\",\"dateModified\":\"2023-08-10T11:22:11+00:00\",\"description\":\"Die Central Group aus Bangkok und die \u00f6sterreichische Signa Holding \u00fcbernehmen die Warenhauskette Globus f\u00fcr eine Milliarde CHF.\",\"breadcrumb\":{\"@id\":\"https:\\\/\\\/www.immobilienbusiness.ch\\\/de\\\/retail\\\/2020-02-04\\\/globus-wechselt-fuer-eine-milliarde-chf-den-eigentuemer\\\/#breadcrumb\"},\"inLanguage\":\"it-IT\",\"potentialAction\":[{\"@type\":\"ReadAction\",\"target\":[\"https:\\\/\\\/www.immobilienbusiness.ch\\\/de\\\/retail\\\/2020-02-04\\\/globus-wechselt-fuer-eine-milliarde-chf-den-eigentuemer\\\/\"]}]},{\"@type\":\"ImageObject\",\"inLanguage\":\"it-IT\",\"@id\":\"https:\\\/\\\/www.immobilienbusiness.ch\\\/de\\\/retail\\\/2020-02-04\\\/globus-wechselt-fuer-eine-milliarde-chf-den-eigentuemer\\\/#primaryimage\",\"url\":\"https:\\\/\\\/www.immobilienbusiness.ch\\\/wp-content\\\/uploads\\\/2017\\\/05\\\/globus-zuerich.jpg\",\"contentUrl\":\"https:\\\/\\\/www.immobilienbusiness.ch\\\/wp-content\\\/uploads\\\/2017\\\/05\\\/globus-zuerich.jpg\",\"width\":960,\"height\":540,\"caption\":\"Globus in Z\u00fcrich (Foto: Migros)\"},{\"@type\":\"BreadcrumbList\",\"@id\":\"https:\\\/\\\/www.immobilienbusiness.ch\\\/de\\\/retail\\\/2020-02-04\\\/globus-wechselt-fuer-eine-milliarde-chf-den-eigentuemer\\\/#breadcrumb\",\"itemListElement\":[{\"@type\":\"ListItem\",\"position\":1,\"name\":\"Home\",\"item\":\"https:\\\/\\\/www.immobilienbusiness.ch\\\/\"},{\"@type\":\"ListItem\",\"position\":2,\"name\":\"Globus wechselt f\u00fcr eine Milliarde CHF den Eigent\u00fcmer\"}]},{\"@type\":\"WebSite\",\"@id\":\"https:\\\/\\\/www.immobilienbusiness.ch\\\/#website\",\"url\":\"https:\\\/\\\/www.immobilienbusiness.ch\\\/\",\"name\":\"IMMOBILIEN Business\",\"description\":\"Unabh\u00e4ngiges Schweizer Wirtschaftsmagazin mit Fokus auf Immobilien, Architektur- und Bau sowie Investment- und Finanzierung.\",\"publisher\":{\"@id\":\"https:\\\/\\\/www.immobilienbusiness.ch\\\/#organization\"},\"potentialAction\":[{\"@type\":\"SearchAction\",\"target\":{\"@type\":\"EntryPoint\",\"urlTemplate\":\"https:\\\/\\\/www.immobilienbusiness.ch\\\/?s={search_term_string}\"},\"query-input\":{\"@type\":\"PropertyValueSpecification\",\"valueRequired\":true,\"valueName\":\"search_term_string\"}}],\"inLanguage\":\"it-IT\"},{\"@type\":\"Organization\",\"@id\":\"https:\\\/\\\/www.immobilienbusiness.ch\\\/#organization\",\"name\":\"IMMOBILIEN Business\",\"url\":\"https:\\\/\\\/www.immobilienbusiness.ch\\\/\",\"logo\":{\"@type\":\"ImageObject\",\"inLanguage\":\"it-IT\",\"@id\":\"https:\\\/\\\/www.immobilienbusiness.ch\\\/#\\\/schema\\\/logo\\\/image\\\/\",\"url\":\"https:\\\/\\\/www.immobilienbusiness.ch\\\/wp-content\\\/uploads\\\/2021\\\/07\\\/logo_ib.png\",\"contentUrl\":\"https:\\\/\\\/www.immobilienbusiness.ch\\\/wp-content\\\/uploads\\\/2021\\\/07\\\/logo_ib.png\",\"width\":800,\"height\":181,\"caption\":\"IMMOBILIEN Business\"},\"image\":{\"@id\":\"https:\\\/\\\/www.immobilienbusiness.ch\\\/#\\\/schema\\\/logo\\\/image\\\/\"},\"sameAs\":[\"https:\\\/\\\/www.facebook.com\\\/immobilienbusiness\\\/\"]},{\"@type\":\"Person\",\"@id\":\"https:\\\/\\\/www.immobilienbusiness.ch\\\/#\\\/schema\\\/person\\\/3fc036297b10b9f42d6db5ee932af8c8\",\"name\":\"anja.hall\",\"image\":{\"@type\":\"ImageObject\",\"inLanguage\":\"it-IT\",\"@id\":\"https:\\\/\\\/secure.gravatar.com\\\/avatar\\\/066b5a0d447013502c71a5782f4f3469f03cfe595cc2329fb94652fe47511bfb?s=96&d=mm&r=g\",\"url\":\"https:\\\/\\\/secure.gravatar.com\\\/avatar\\\/066b5a0d447013502c71a5782f4f3469f03cfe595cc2329fb94652fe47511bfb?s=96&d=mm&r=g\",\"contentUrl\":\"https:\\\/\\\/secure.gravatar.com\\\/avatar\\\/066b5a0d447013502c71a5782f4f3469f03cfe595cc2329fb94652fe47511bfb?s=96&d=mm&r=g\",\"caption\":\"anja.hall\"},\"url\":\"https:\\\/\\\/www.immobilienbusiness.ch\\\/it\\\/author\\\/anja-hall\\\/\"}]}<\/script>\n<!-- \/ Yoast SEO plugin. -->","yoast_head_json":{"title":"Globus passa di mano per 1 miliardo di franchi - IMMOBILIEN Business","description":"Il Central Group di Bangkok e l'austriaca Signa Holding rilevano la catena di grandi magazzini Globus per 1 miliardo di franchi.","robots":{"index":"index","follow":"follow","max-snippet":"max-snippet:-1","max-image-preview":"max-image-preview:large","max-video-preview":"max-video-preview:-1"},"canonical":"https:\/\/www.immobilienbusiness.ch\/it\/retail\/2020-02-04\/globus-wechselt-fuer-eine-milliarde-chf-den-eigentuemer\/","og_locale":"it_IT","og_type":"article","og_title":"Globus wechselt f\u00fcr eine Milliarde CHF den Eigent\u00fcmer - IMMOBILIEN Business","og_description":"Die Central Group aus Bangkok und die \u00f6sterreichische Signa Holding \u00fcbernehmen die Warenhauskette Globus f\u00fcr eine Milliarde CHF.","og_url":"https:\/\/www.immobilienbusiness.ch\/it\/retail\/2020-02-04\/globus-wechselt-fuer-eine-milliarde-chf-den-eigentuemer\/","og_site_name":"IMMOBILIEN Business","article_publisher":"https:\/\/www.facebook.com\/immobilienbusiness\/","article_published_time":"2020-02-04T07:20:07+00:00","article_modified_time":"2023-08-10T11:22:11+00:00","og_image":[{"width":960,"height":540,"url":"https:\/\/www.immobilienbusiness.ch\/wp-content\/uploads\/2017\/05\/globus-zuerich.jpg","type":"image\/jpeg"}],"author":"anja.hall","twitter_card":"summary_large_image","twitter_image":"https:\/\/www.immobilienbusiness.ch\/wp-content\/uploads\/2017\/05\/globus-zuerich.jpg","schema":{"@context":"https:\/\/schema.org","@graph":[{"@type":"Article","@id":"https:\/\/www.immobilienbusiness.ch\/de\/retail\/2020-02-04\/globus-wechselt-fuer-eine-milliarde-chf-den-eigentuemer\/#article","isPartOf":{"@id":"https:\/\/www.immobilienbusiness.ch\/de\/retail\/2020-02-04\/globus-wechselt-fuer-eine-milliarde-chf-den-eigentuemer\/"},"author":{"name":"anja.hall","@id":"https:\/\/www.immobilienbusiness.ch\/#\/schema\/person\/3fc036297b10b9f42d6db5ee932af8c8"},"headline":"Globus wechselt f\u00fcr eine Milliarde CHF den Eigent\u00fcmer","datePublished":"2020-02-04T07:20:07+00:00","dateModified":"2023-08-10T11:22:11+00:00","mainEntityOfPage":{"@id":"https:\/\/www.immobilienbusiness.ch\/de\/retail\/2020-02-04\/globus-wechselt-fuer-eine-milliarde-chf-den-eigentuemer\/"},"wordCount":194,"publisher":{"@id":"https:\/\/www.immobilienbusiness.ch\/#organization"},"image":{"@id":"https:\/\/www.immobilienbusiness.ch\/de\/retail\/2020-02-04\/globus-wechselt-fuer-eine-milliarde-chf-den-eigentuemer\/#primaryimage"},"thumbnailUrl":"https:\/\/www.immobilienbusiness.ch\/wp-content\/uploads\/2017\/05\/globus-zuerich.jpg","keywords":["Globus","Migros","Unternehmen","Verkauf"],"articleSection":["RETAIL"],"inLanguage":"it-IT"},{"@type":"WebPage","@id":"https:\/\/www.immobilienbusiness.ch\/de\/retail\/2020-02-04\/globus-wechselt-fuer-eine-milliarde-chf-den-eigentuemer\/","url":"https:\/\/www.immobilienbusiness.ch\/de\/retail\/2020-02-04\/globus-wechselt-fuer-eine-milliarde-chf-den-eigentuemer\/","name":"Globus passa di mano per 1 miliardo di franchi - IMMOBILIEN Business","isPartOf":{"@id":"https:\/\/www.immobilienbusiness.ch\/#website"},"primaryImageOfPage":{"@id":"https:\/\/www.immobilienbusiness.ch\/de\/retail\/2020-02-04\/globus-wechselt-fuer-eine-milliarde-chf-den-eigentuemer\/#primaryimage"},"image":{"@id":"https:\/\/www.immobilienbusiness.ch\/de\/retail\/2020-02-04\/globus-wechselt-fuer-eine-milliarde-chf-den-eigentuemer\/#primaryimage"},"thumbnailUrl":"https:\/\/www.immobilienbusiness.ch\/wp-content\/uploads\/2017\/05\/globus-zuerich.jpg","datePublished":"2020-02-04T07:20:07+00:00","dateModified":"2023-08-10T11:22:11+00:00","description":"Il Central Group di Bangkok e l'austriaca Signa Holding rilevano la catena di grandi magazzini Globus per 1 miliardo di franchi.","breadcrumb":{"@id":"https:\/\/www.immobilienbusiness.ch\/de\/retail\/2020-02-04\/globus-wechselt-fuer-eine-milliarde-chf-den-eigentuemer\/#breadcrumb"},"inLanguage":"it-IT","potentialAction":[{"@type":"ReadAction","target":["https:\/\/www.immobilienbusiness.ch\/de\/retail\/2020-02-04\/globus-wechselt-fuer-eine-milliarde-chf-den-eigentuemer\/"]}]},{"@type":"ImageObject","inLanguage":"it-IT","@id":"https:\/\/www.immobilienbusiness.ch\/de\/retail\/2020-02-04\/globus-wechselt-fuer-eine-milliarde-chf-den-eigentuemer\/#primaryimage","url":"https:\/\/www.immobilienbusiness.ch\/wp-content\/uploads\/2017\/05\/globus-zuerich.jpg","contentUrl":"https:\/\/www.immobilienbusiness.ch\/wp-content\/uploads\/2017\/05\/globus-zuerich.jpg","width":960,"height":540,"caption":"Globus in Z\u00fcrich (Foto: Migros)"},{"@type":"BreadcrumbList","@id":"https:\/\/www.immobilienbusiness.ch\/de\/retail\/2020-02-04\/globus-wechselt-fuer-eine-milliarde-chf-den-eigentuemer\/#breadcrumb","itemListElement":[{"@type":"ListItem","position":1,"name":"Home","item":"https:\/\/www.immobilienbusiness.ch\/"},{"@type":"ListItem","position":2,"name":"Globus wechselt f\u00fcr eine Milliarde CHF den Eigent\u00fcmer"}]},{"@type":"WebSite","@id":"https:\/\/www.immobilienbusiness.ch\/#website","url":"https:\/\/www.immobilienbusiness.ch\/","name":"Affari immobiliari","description":"Rivista economica indipendente svizzera che si concentra sul settore immobiliare, l'architettura e la costruzione, nonch\u00e9 sugli investimenti e i finanziamenti.","publisher":{"@id":"https:\/\/www.immobilienbusiness.ch\/#organization"},"potentialAction":[{"@type":"SearchAction","target":{"@type":"EntryPoint","urlTemplate":"https:\/\/www.immobilienbusiness.ch\/?s={search_term_string}"},"query-input":{"@type":"PropertyValueSpecification","valueRequired":true,"valueName":"search_term_string"}}],"inLanguage":"it-IT"},{"@type":"Organization","@id":"https:\/\/www.immobilienbusiness.ch\/#organization","name":"Affari immobiliari","url":"https:\/\/www.immobilienbusiness.ch\/","logo":{"@type":"ImageObject","inLanguage":"it-IT","@id":"https:\/\/www.immobilienbusiness.ch\/#\/schema\/logo\/image\/","url":"https:\/\/www.immobilienbusiness.ch\/wp-content\/uploads\/2021\/07\/logo_ib.png","contentUrl":"https:\/\/www.immobilienbusiness.ch\/wp-content\/uploads\/2021\/07\/logo_ib.png","width":800,"height":181,"caption":"IMMOBILIEN Business"},"image":{"@id":"https:\/\/www.immobilienbusiness.ch\/#\/schema\/logo\/image\/"},"sameAs":["https:\/\/www.facebook.com\/immobilienbusiness\/"]},{"@type":"Person","@id":"https:\/\/www.immobilienbusiness.ch\/#\/schema\/person\/3fc036297b10b9f42d6db5ee932af8c8","name":"anja.hall","image":{"@type":"ImageObject","inLanguage":"it-IT","@id":"https:\/\/secure.gravatar.com\/avatar\/066b5a0d447013502c71a5782f4f3469f03cfe595cc2329fb94652fe47511bfb?s=96&d=mm&r=g","url":"https:\/\/secure.gravatar.com\/avatar\/066b5a0d447013502c71a5782f4f3469f03cfe595cc2329fb94652fe47511bfb?s=96&d=mm&r=g","contentUrl":"https:\/\/secure.gravatar.com\/avatar\/066b5a0d447013502c71a5782f4f3469f03cfe595cc2329fb94652fe47511bfb?s=96&d=mm&r=g","caption":"anja.hall"},"url":"https:\/\/www.immobilienbusiness.ch\/it\/author\/anja-hall\/"}]}},"_links":{"self":[{"href":"https:\/\/www.immobilienbusiness.ch\/it\/wp-json\/wp\/v2\/posts\/20119","targetHints":{"allow":["GET"]}}],"collection":[{"href":"https:\/\/www.immobilienbusiness.ch\/it\/wp-json\/wp\/v2\/posts"}],"about":[{"href":"https:\/\/www.immobilienbusiness.ch\/it\/wp-json\/wp\/v2\/types\/post"}],"author":[{"embeddable":true,"href":"https:\/\/www.immobilienbusiness.ch\/it\/wp-json\/wp\/v2\/users\/3"}],"replies":[{"embeddable":true,"href":"https:\/\/www.immobilienbusiness.ch\/it\/wp-json\/wp\/v2\/comments?post=20119"}],"version-history":[{"count":1,"href":"https:\/\/www.immobilienbusiness.ch\/it\/wp-json\/wp\/v2\/posts\/20119\/revisions"}],"predecessor-version":[{"id":51930,"href":"https:\/\/www.immobilienbusiness.ch\/it\/wp-json\/wp\/v2\/posts\/20119\/revisions\/51930"}],"wp:featuredmedia":[{"embeddable":true,"href":"https:\/\/www.immobilienbusiness.ch\/it\/wp-json\/wp\/v2\/media\/7590"}],"wp:attachment":[{"href":"https:\/\/www.immobilienbusiness.ch\/it\/wp-json\/wp\/v2\/media?parent=20119"}],"wp:term":[{"taxonomy":"category","embeddable":true,"href":"https:\/\/www.immobilienbusiness.ch\/it\/wp-json\/wp\/v2\/categories?post=20119"},{"taxonomy":"post_tag","embeddable":true,"href":"https:\/\/www.immobilienbusiness.ch\/it\/wp-json\/wp\/v2\/tags?post=20119"}],"curies":[{"name":"wp","href":"https:\/\/api.w.org\/{rel}","templated":true}]}}