{"id":20097,"date":"2020-02-03T08:11:16","date_gmt":"2020-02-03T07:11:16","guid":{"rendered":"https:\/\/www.immobilienbusiness.ch\/?p=20097"},"modified":"2020-02-03T08:11:16","modified_gmt":"2020-02-03T07:11:16","slug":"migros-stellt-glattzentrum-zum-verkauf","status":"publish","type":"post","link":"https:\/\/www.immobilienbusiness.ch\/it\/retail\/2020-02-03\/migros-stellt-glattzentrum-zum-verkauf\/","title":{"rendered":"Migros mette in vendita il Glattzentrum"},"content":{"rendered":"<figure id=\"attachment_20105\" aria-describedby=\"caption-attachment-20105\" style=\"width: 680px\" class=\"wp-caption alignnone\"><img loading=\"lazy\" decoding=\"async\" class=\"size-medium wp-image-20105\" src=\"https:\/\/www.immobilienbusiness.ch\/wp-content\/uploads\/2020\/02\/Retail-D\u00fcstere-Zeiten-f\u00fcr-Shoppingcenter-immobilien-business-1024x936.jpg\" alt=\"\" width=\"680\" height=\"453\" \/><figcaption id=\"caption-attachment-20105\" class=\"wp-caption-text\">Migros mette in vendita il centro commerciale Glatt (Foto: Glattzentrum)<\/figcaption><\/figure>\n<p>Le voci su un'imminente vendita del centro commerciale erano gi\u00e0 circolate, ora il Migros-Genossenschafts-Bund (MGB) annuncia ufficialmente di iniziare il processo di vendita.<\/p>\n<p>Secondo la MGB, il Glattzentrum a Wallisellen, Zurigo, genera un fatturato di circa 600 milioni di franchi svizzeri su 53.000 mq di spazio commerciale. Questo lo rende uno dei pi\u00f9 grandi e popolari centri commerciali della Svizzera. La MGB \u00e8 sia il proprietario della propriet\u00e0 che il gestore del centro. Migros gestisce anche dei negozi nel Glattzentrum. Questi devono rimanere dopo la vendita.<\/p>\n<p>Lo sfondo dei piani di vendita \u00e8 l'orientamento strategico di Migros: l'azienda vuole investire di pi\u00f9 nell'innalzamento del suo profilo nel core business, espandendo il segmento convenience, i canali di vendita digitali e il settore della salute. La gestione immobiliare, d'altra parte, non \u00e8 un focus strategico di MGB. La decisione di vendere Glatt non riguarda gli altri centri commerciali del gruppo Migros, ha sottolineato la MGB nella sua dichiarazione. <em>(ah)<\/em><\/p>","protected":false},"excerpt":{"rendered":"<p>Il Migros-Genossenschafts-Bund cerca nuovi proprietari per il centro commerciale Glattzentrum a Wallisellen (ZH).<\/p>","protected":false},"author":3,"featured_media":20105,"comment_status":"closed","ping_status":"open","sticky":false,"template":"","format":"standard","meta":{"_acf_changed":false,"_yoast_wpseo_focuskw":"Glattzentrum","_yoast_wpseo_title":"","_yoast_wpseo_metadesc":"Der Migros-Genossenschafts-Bund sucht neue Eigent\u00fcmer f\u00fcr das Shopping Center Glattzentrum in Wallisellen (ZH).","_yoast_wpseo_linkdex":53,"pgc_sgb_lightbox_settings":"","footnotes":""},"categories":[987],"tags":[1355,1410,1493,1697],"class_list":["post-20097","post","type-post","status-publish","format-standard","has-post-thumbnail","hentry","category-retail","tag-immobilienverkauf","tag-kanton-zuerich","tag-migros","tag-shopping-center"],"acf":[],"yoast_head":"<!-- This site is optimized with the Yoast SEO plugin v27.5 - https:\/\/yoast.com\/product\/yoast-seo-wordpress\/ -->\n<title>Migros stellt Glattzentrum zum Verkauf - IMMOBILIEN Business<\/title>\n<meta name=\"description\" content=\"Der Migros-Genossenschafts-Bund sucht neue Eigent\u00fcmer f\u00fcr das Shopping Center Glattzentrum in Wallisellen (ZH).\" \/>\n<meta name=\"robots\" content=\"index, follow, max-snippet:-1, max-image-preview:large, max-video-preview:-1\" \/>\n<link rel=\"canonical\" href=\"https:\/\/www.immobilienbusiness.ch\/it\/retail\/2020-02-03\/migros-stellt-glattzentrum-zum-verkauf\/\" \/>\n<meta property=\"og:locale\" content=\"it_IT\" \/>\n<meta property=\"og:type\" content=\"article\" \/>\n<meta property=\"og:title\" content=\"Migros stellt Glattzentrum zum Verkauf - IMMOBILIEN Business\" \/>\n<meta property=\"og:description\" content=\"Der Migros-Genossenschafts-Bund sucht neue Eigent\u00fcmer f\u00fcr das Shopping Center Glattzentrum in Wallisellen (ZH).\" \/>\n<meta property=\"og:url\" content=\"https:\/\/www.immobilienbusiness.ch\/it\/retail\/2020-02-03\/migros-stellt-glattzentrum-zum-verkauf\/\" \/>\n<meta property=\"og:site_name\" content=\"IMMOBILIEN Business\" \/>\n<meta property=\"article:publisher\" content=\"https:\/\/www.facebook.com\/immobilienbusiness\/\" \/>\n<meta property=\"article:published_time\" content=\"2020-02-03T07:11:16+00:00\" \/>\n<meta property=\"og:image\" content=\"https:\/\/www.immobilienbusiness.ch\/wp-content\/uploads\/2020\/02\/Retail-Duestere-Zeiten-fuer-Shoppingcenter-immobilien-business-1024x936-1.jpg\" \/>\n\t<meta property=\"og:image:width\" content=\"1023\" \/>\n\t<meta property=\"og:image:height\" content=\"682\" \/>\n\t<meta property=\"og:image:type\" content=\"image\/jpeg\" \/>\n<meta name=\"author\" content=\"anja.hall\" \/>\n<meta name=\"twitter:card\" content=\"summary_large_image\" \/>\n<meta name=\"twitter:image\" content=\"https:\/\/www.immobilienbusiness.ch\/wp-content\/uploads\/2020\/02\/Retail-Duestere-Zeiten-fuer-Shoppingcenter-immobilien-business-1024x936-1.jpg\" \/>\n<script type=\"application\/ld+json\" class=\"yoast-schema-graph\">{\"@context\":\"https:\\\/\\\/schema.org\",\"@graph\":[{\"@type\":\"Article\",\"@id\":\"https:\\\/\\\/www.immobilienbusiness.ch\\\/en\\\/retail\\\/2020-02-03\\\/migros-stellt-glattzentrum-zum-verkauf\\\/#article\",\"isPartOf\":{\"@id\":\"https:\\\/\\\/www.immobilienbusiness.ch\\\/en\\\/retail\\\/2020-02-03\\\/migros-stellt-glattzentrum-zum-verkauf\\\/\"},\"author\":{\"name\":\"anja.hall\",\"@id\":\"https:\\\/\\\/www.immobilienbusiness.ch\\\/#\\\/schema\\\/person\\\/3fc036297b10b9f42d6db5ee932af8c8\"},\"headline\":\"Migros stellt Glattzentrum zum Verkauf\",\"datePublished\":\"2020-02-03T07:11:16+00:00\",\"mainEntityOfPage\":{\"@id\":\"https:\\\/\\\/www.immobilienbusiness.ch\\\/en\\\/retail\\\/2020-02-03\\\/migros-stellt-glattzentrum-zum-verkauf\\\/\"},\"wordCount\":167,\"publisher\":{\"@id\":\"https:\\\/\\\/www.immobilienbusiness.ch\\\/#organization\"},\"image\":{\"@id\":\"https:\\\/\\\/www.immobilienbusiness.ch\\\/en\\\/retail\\\/2020-02-03\\\/migros-stellt-glattzentrum-zum-verkauf\\\/#primaryimage\"},\"thumbnailUrl\":\"https:\\\/\\\/www.immobilienbusiness.ch\\\/wp-content\\\/uploads\\\/2020\\\/02\\\/Retail-Duestere-Zeiten-fuer-Shoppingcenter-immobilien-business-1024x936-1.jpg\",\"keywords\":[\"Immobilienverkauf\",\"Kanton Z\u00fcrich\",\"Migros\",\"Shopping Center\"],\"articleSection\":[\"RETAIL\"],\"inLanguage\":\"it-IT\"},{\"@type\":\"WebPage\",\"@id\":\"https:\\\/\\\/www.immobilienbusiness.ch\\\/en\\\/retail\\\/2020-02-03\\\/migros-stellt-glattzentrum-zum-verkauf\\\/\",\"url\":\"https:\\\/\\\/www.immobilienbusiness.ch\\\/en\\\/retail\\\/2020-02-03\\\/migros-stellt-glattzentrum-zum-verkauf\\\/\",\"name\":\"Migros stellt Glattzentrum zum Verkauf - IMMOBILIEN Business\",\"isPartOf\":{\"@id\":\"https:\\\/\\\/www.immobilienbusiness.ch\\\/#website\"},\"primaryImageOfPage\":{\"@id\":\"https:\\\/\\\/www.immobilienbusiness.ch\\\/en\\\/retail\\\/2020-02-03\\\/migros-stellt-glattzentrum-zum-verkauf\\\/#primaryimage\"},\"image\":{\"@id\":\"https:\\\/\\\/www.immobilienbusiness.ch\\\/en\\\/retail\\\/2020-02-03\\\/migros-stellt-glattzentrum-zum-verkauf\\\/#primaryimage\"},\"thumbnailUrl\":\"https:\\\/\\\/www.immobilienbusiness.ch\\\/wp-content\\\/uploads\\\/2020\\\/02\\\/Retail-Duestere-Zeiten-fuer-Shoppingcenter-immobilien-business-1024x936-1.jpg\",\"datePublished\":\"2020-02-03T07:11:16+00:00\",\"description\":\"Der Migros-Genossenschafts-Bund sucht neue Eigent\u00fcmer f\u00fcr das Shopping Center Glattzentrum in Wallisellen (ZH).\",\"breadcrumb\":{\"@id\":\"https:\\\/\\\/www.immobilienbusiness.ch\\\/en\\\/retail\\\/2020-02-03\\\/migros-stellt-glattzentrum-zum-verkauf\\\/#breadcrumb\"},\"inLanguage\":\"it-IT\",\"potentialAction\":[{\"@type\":\"ReadAction\",\"target\":[\"https:\\\/\\\/www.immobilienbusiness.ch\\\/en\\\/retail\\\/2020-02-03\\\/migros-stellt-glattzentrum-zum-verkauf\\\/\"]}]},{\"@type\":\"ImageObject\",\"inLanguage\":\"it-IT\",\"@id\":\"https:\\\/\\\/www.immobilienbusiness.ch\\\/en\\\/retail\\\/2020-02-03\\\/migros-stellt-glattzentrum-zum-verkauf\\\/#primaryimage\",\"url\":\"https:\\\/\\\/www.immobilienbusiness.ch\\\/wp-content\\\/uploads\\\/2020\\\/02\\\/Retail-Duestere-Zeiten-fuer-Shoppingcenter-immobilien-business-1024x936-1.jpg\",\"contentUrl\":\"https:\\\/\\\/www.immobilienbusiness.ch\\\/wp-content\\\/uploads\\\/2020\\\/02\\\/Retail-Duestere-Zeiten-fuer-Shoppingcenter-immobilien-business-1024x936-1.jpg\",\"width\":1023,\"height\":682,\"caption\":\"Migros stellt das Shopping Center Glatt zum Verkauf (Foto: Glattzentrum)\"},{\"@type\":\"BreadcrumbList\",\"@id\":\"https:\\\/\\\/www.immobilienbusiness.ch\\\/en\\\/retail\\\/2020-02-03\\\/migros-stellt-glattzentrum-zum-verkauf\\\/#breadcrumb\",\"itemListElement\":[{\"@type\":\"ListItem\",\"position\":1,\"name\":\"Home\",\"item\":\"https:\\\/\\\/www.immobilienbusiness.ch\\\/\"},{\"@type\":\"ListItem\",\"position\":2,\"name\":\"Migros stellt Glattzentrum zum Verkauf\"}]},{\"@type\":\"WebSite\",\"@id\":\"https:\\\/\\\/www.immobilienbusiness.ch\\\/#website\",\"url\":\"https:\\\/\\\/www.immobilienbusiness.ch\\\/\",\"name\":\"IMMOBILIEN Business\",\"description\":\"Unabh\u00e4ngiges Schweizer Wirtschaftsmagazin mit Fokus auf Immobilien, Architektur- und Bau sowie Investment- und Finanzierung.\",\"publisher\":{\"@id\":\"https:\\\/\\\/www.immobilienbusiness.ch\\\/#organization\"},\"potentialAction\":[{\"@type\":\"SearchAction\",\"target\":{\"@type\":\"EntryPoint\",\"urlTemplate\":\"https:\\\/\\\/www.immobilienbusiness.ch\\\/?s={search_term_string}\"},\"query-input\":{\"@type\":\"PropertyValueSpecification\",\"valueRequired\":true,\"valueName\":\"search_term_string\"}}],\"inLanguage\":\"it-IT\"},{\"@type\":\"Organization\",\"@id\":\"https:\\\/\\\/www.immobilienbusiness.ch\\\/#organization\",\"name\":\"IMMOBILIEN Business\",\"url\":\"https:\\\/\\\/www.immobilienbusiness.ch\\\/\",\"logo\":{\"@type\":\"ImageObject\",\"inLanguage\":\"it-IT\",\"@id\":\"https:\\\/\\\/www.immobilienbusiness.ch\\\/#\\\/schema\\\/logo\\\/image\\\/\",\"url\":\"https:\\\/\\\/www.immobilienbusiness.ch\\\/wp-content\\\/uploads\\\/2021\\\/07\\\/logo_ib.png\",\"contentUrl\":\"https:\\\/\\\/www.immobilienbusiness.ch\\\/wp-content\\\/uploads\\\/2021\\\/07\\\/logo_ib.png\",\"width\":800,\"height\":181,\"caption\":\"IMMOBILIEN Business\"},\"image\":{\"@id\":\"https:\\\/\\\/www.immobilienbusiness.ch\\\/#\\\/schema\\\/logo\\\/image\\\/\"},\"sameAs\":[\"https:\\\/\\\/www.facebook.com\\\/immobilienbusiness\\\/\"]},{\"@type\":\"Person\",\"@id\":\"https:\\\/\\\/www.immobilienbusiness.ch\\\/#\\\/schema\\\/person\\\/3fc036297b10b9f42d6db5ee932af8c8\",\"name\":\"anja.hall\",\"image\":{\"@type\":\"ImageObject\",\"inLanguage\":\"it-IT\",\"@id\":\"https:\\\/\\\/secure.gravatar.com\\\/avatar\\\/066b5a0d447013502c71a5782f4f3469f03cfe595cc2329fb94652fe47511bfb?s=96&d=mm&r=g\",\"url\":\"https:\\\/\\\/secure.gravatar.com\\\/avatar\\\/066b5a0d447013502c71a5782f4f3469f03cfe595cc2329fb94652fe47511bfb?s=96&d=mm&r=g\",\"contentUrl\":\"https:\\\/\\\/secure.gravatar.com\\\/avatar\\\/066b5a0d447013502c71a5782f4f3469f03cfe595cc2329fb94652fe47511bfb?s=96&d=mm&r=g\",\"caption\":\"anja.hall\"},\"url\":\"https:\\\/\\\/www.immobilienbusiness.ch\\\/it\\\/author\\\/anja-hall\\\/\"}]}<\/script>\n<!-- \/ Yoast SEO plugin. -->","yoast_head_json":{"title":"Migros mette in vendita il centro Glatt - IMMOBILIEN Business","description":"Il Migros-Genossenschafts-Bund cerca nuovi proprietari per il centro commerciale Glattzentrum a Wallisellen (ZH).","robots":{"index":"index","follow":"follow","max-snippet":"max-snippet:-1","max-image-preview":"max-image-preview:large","max-video-preview":"max-video-preview:-1"},"canonical":"https:\/\/www.immobilienbusiness.ch\/it\/retail\/2020-02-03\/migros-stellt-glattzentrum-zum-verkauf\/","og_locale":"it_IT","og_type":"article","og_title":"Migros stellt Glattzentrum zum Verkauf - IMMOBILIEN Business","og_description":"Der Migros-Genossenschafts-Bund sucht neue Eigent\u00fcmer f\u00fcr das Shopping Center Glattzentrum in Wallisellen (ZH).","og_url":"https:\/\/www.immobilienbusiness.ch\/it\/retail\/2020-02-03\/migros-stellt-glattzentrum-zum-verkauf\/","og_site_name":"IMMOBILIEN Business","article_publisher":"https:\/\/www.facebook.com\/immobilienbusiness\/","article_published_time":"2020-02-03T07:11:16+00:00","og_image":[{"width":1023,"height":682,"url":"https:\/\/www.immobilienbusiness.ch\/wp-content\/uploads\/2020\/02\/Retail-Duestere-Zeiten-fuer-Shoppingcenter-immobilien-business-1024x936-1.jpg","type":"image\/jpeg"}],"author":"anja.hall","twitter_card":"summary_large_image","twitter_image":"https:\/\/www.immobilienbusiness.ch\/wp-content\/uploads\/2020\/02\/Retail-Duestere-Zeiten-fuer-Shoppingcenter-immobilien-business-1024x936-1.jpg","schema":{"@context":"https:\/\/schema.org","@graph":[{"@type":"Article","@id":"https:\/\/www.immobilienbusiness.ch\/en\/retail\/2020-02-03\/migros-stellt-glattzentrum-zum-verkauf\/#article","isPartOf":{"@id":"https:\/\/www.immobilienbusiness.ch\/en\/retail\/2020-02-03\/migros-stellt-glattzentrum-zum-verkauf\/"},"author":{"name":"anja.hall","@id":"https:\/\/www.immobilienbusiness.ch\/#\/schema\/person\/3fc036297b10b9f42d6db5ee932af8c8"},"headline":"Migros stellt Glattzentrum zum Verkauf","datePublished":"2020-02-03T07:11:16+00:00","mainEntityOfPage":{"@id":"https:\/\/www.immobilienbusiness.ch\/en\/retail\/2020-02-03\/migros-stellt-glattzentrum-zum-verkauf\/"},"wordCount":167,"publisher":{"@id":"https:\/\/www.immobilienbusiness.ch\/#organization"},"image":{"@id":"https:\/\/www.immobilienbusiness.ch\/en\/retail\/2020-02-03\/migros-stellt-glattzentrum-zum-verkauf\/#primaryimage"},"thumbnailUrl":"https:\/\/www.immobilienbusiness.ch\/wp-content\/uploads\/2020\/02\/Retail-Duestere-Zeiten-fuer-Shoppingcenter-immobilien-business-1024x936-1.jpg","keywords":["Immobilienverkauf","Kanton Z\u00fcrich","Migros","Shopping Center"],"articleSection":["RETAIL"],"inLanguage":"it-IT"},{"@type":"WebPage","@id":"https:\/\/www.immobilienbusiness.ch\/en\/retail\/2020-02-03\/migros-stellt-glattzentrum-zum-verkauf\/","url":"https:\/\/www.immobilienbusiness.ch\/en\/retail\/2020-02-03\/migros-stellt-glattzentrum-zum-verkauf\/","name":"Migros mette in vendita il centro Glatt - IMMOBILIEN Business","isPartOf":{"@id":"https:\/\/www.immobilienbusiness.ch\/#website"},"primaryImageOfPage":{"@id":"https:\/\/www.immobilienbusiness.ch\/en\/retail\/2020-02-03\/migros-stellt-glattzentrum-zum-verkauf\/#primaryimage"},"image":{"@id":"https:\/\/www.immobilienbusiness.ch\/en\/retail\/2020-02-03\/migros-stellt-glattzentrum-zum-verkauf\/#primaryimage"},"thumbnailUrl":"https:\/\/www.immobilienbusiness.ch\/wp-content\/uploads\/2020\/02\/Retail-Duestere-Zeiten-fuer-Shoppingcenter-immobilien-business-1024x936-1.jpg","datePublished":"2020-02-03T07:11:16+00:00","description":"Il Migros-Genossenschafts-Bund cerca nuovi proprietari per il centro commerciale Glattzentrum a Wallisellen (ZH).","breadcrumb":{"@id":"https:\/\/www.immobilienbusiness.ch\/en\/retail\/2020-02-03\/migros-stellt-glattzentrum-zum-verkauf\/#breadcrumb"},"inLanguage":"it-IT","potentialAction":[{"@type":"ReadAction","target":["https:\/\/www.immobilienbusiness.ch\/en\/retail\/2020-02-03\/migros-stellt-glattzentrum-zum-verkauf\/"]}]},{"@type":"ImageObject","inLanguage":"it-IT","@id":"https:\/\/www.immobilienbusiness.ch\/en\/retail\/2020-02-03\/migros-stellt-glattzentrum-zum-verkauf\/#primaryimage","url":"https:\/\/www.immobilienbusiness.ch\/wp-content\/uploads\/2020\/02\/Retail-Duestere-Zeiten-fuer-Shoppingcenter-immobilien-business-1024x936-1.jpg","contentUrl":"https:\/\/www.immobilienbusiness.ch\/wp-content\/uploads\/2020\/02\/Retail-Duestere-Zeiten-fuer-Shoppingcenter-immobilien-business-1024x936-1.jpg","width":1023,"height":682,"caption":"Migros stellt das Shopping Center Glatt zum Verkauf (Foto: Glattzentrum)"},{"@type":"BreadcrumbList","@id":"https:\/\/www.immobilienbusiness.ch\/en\/retail\/2020-02-03\/migros-stellt-glattzentrum-zum-verkauf\/#breadcrumb","itemListElement":[{"@type":"ListItem","position":1,"name":"Home","item":"https:\/\/www.immobilienbusiness.ch\/"},{"@type":"ListItem","position":2,"name":"Migros stellt Glattzentrum zum Verkauf"}]},{"@type":"WebSite","@id":"https:\/\/www.immobilienbusiness.ch\/#website","url":"https:\/\/www.immobilienbusiness.ch\/","name":"Affari immobiliari","description":"Rivista economica indipendente svizzera che si concentra sul settore immobiliare, l'architettura e la costruzione, nonch\u00e9 sugli investimenti e i finanziamenti.","publisher":{"@id":"https:\/\/www.immobilienbusiness.ch\/#organization"},"potentialAction":[{"@type":"SearchAction","target":{"@type":"EntryPoint","urlTemplate":"https:\/\/www.immobilienbusiness.ch\/?s={search_term_string}"},"query-input":{"@type":"PropertyValueSpecification","valueRequired":true,"valueName":"search_term_string"}}],"inLanguage":"it-IT"},{"@type":"Organization","@id":"https:\/\/www.immobilienbusiness.ch\/#organization","name":"Affari immobiliari","url":"https:\/\/www.immobilienbusiness.ch\/","logo":{"@type":"ImageObject","inLanguage":"it-IT","@id":"https:\/\/www.immobilienbusiness.ch\/#\/schema\/logo\/image\/","url":"https:\/\/www.immobilienbusiness.ch\/wp-content\/uploads\/2021\/07\/logo_ib.png","contentUrl":"https:\/\/www.immobilienbusiness.ch\/wp-content\/uploads\/2021\/07\/logo_ib.png","width":800,"height":181,"caption":"IMMOBILIEN Business"},"image":{"@id":"https:\/\/www.immobilienbusiness.ch\/#\/schema\/logo\/image\/"},"sameAs":["https:\/\/www.facebook.com\/immobilienbusiness\/"]},{"@type":"Person","@id":"https:\/\/www.immobilienbusiness.ch\/#\/schema\/person\/3fc036297b10b9f42d6db5ee932af8c8","name":"anja.hall","image":{"@type":"ImageObject","inLanguage":"it-IT","@id":"https:\/\/secure.gravatar.com\/avatar\/066b5a0d447013502c71a5782f4f3469f03cfe595cc2329fb94652fe47511bfb?s=96&d=mm&r=g","url":"https:\/\/secure.gravatar.com\/avatar\/066b5a0d447013502c71a5782f4f3469f03cfe595cc2329fb94652fe47511bfb?s=96&d=mm&r=g","contentUrl":"https:\/\/secure.gravatar.com\/avatar\/066b5a0d447013502c71a5782f4f3469f03cfe595cc2329fb94652fe47511bfb?s=96&d=mm&r=g","caption":"anja.hall"},"url":"https:\/\/www.immobilienbusiness.ch\/it\/author\/anja-hall\/"}]}},"_links":{"self":[{"href":"https:\/\/www.immobilienbusiness.ch\/it\/wp-json\/wp\/v2\/posts\/20097","targetHints":{"allow":["GET"]}}],"collection":[{"href":"https:\/\/www.immobilienbusiness.ch\/it\/wp-json\/wp\/v2\/posts"}],"about":[{"href":"https:\/\/www.immobilienbusiness.ch\/it\/wp-json\/wp\/v2\/types\/post"}],"author":[{"embeddable":true,"href":"https:\/\/www.immobilienbusiness.ch\/it\/wp-json\/wp\/v2\/users\/3"}],"replies":[{"embeddable":true,"href":"https:\/\/www.immobilienbusiness.ch\/it\/wp-json\/wp\/v2\/comments?post=20097"}],"version-history":[{"count":0,"href":"https:\/\/www.immobilienbusiness.ch\/it\/wp-json\/wp\/v2\/posts\/20097\/revisions"}],"wp:featuredmedia":[{"embeddable":true,"href":"https:\/\/www.immobilienbusiness.ch\/it\/wp-json\/wp\/v2\/media\/20105"}],"wp:attachment":[{"href":"https:\/\/www.immobilienbusiness.ch\/it\/wp-json\/wp\/v2\/media?parent=20097"}],"wp:term":[{"taxonomy":"category","embeddable":true,"href":"https:\/\/www.immobilienbusiness.ch\/it\/wp-json\/wp\/v2\/categories?post=20097"},{"taxonomy":"post_tag","embeddable":true,"href":"https:\/\/www.immobilienbusiness.ch\/it\/wp-json\/wp\/v2\/tags?post=20097"}],"curies":[{"name":"wp","href":"https:\/\/api.w.org\/{rel}","templated":true}]}}