{"id":2004,"date":"2016-01-07T09:12:02","date_gmt":"2016-01-07T08:12:02","guid":{"rendered":"http:\/\/dev.immobilienbusiness.ch\/?p=2004"},"modified":"2016-01-07T09:12:02","modified_gmt":"2016-01-07T08:12:02","slug":"retail-cs-erwartet-leichte-erholung","status":"publish","type":"post","link":"https:\/\/www.immobilienbusiness.ch\/it\/retail\/2016-01-07\/retail-cs-erwartet-leichte-erholung\/","title":{"rendered":"Commercio al dettaglio: CS si aspetta una leggera ripresa"},"content":{"rendered":"<figure id=\"attachment_2005\" aria-describedby=\"caption-attachment-2005\" style=\"width: 680px\" class=\"wp-caption alignnone\"><img loading=\"lazy\" decoding=\"async\" class=\"size-medium wp-image-2005\" src=\"https:\/\/immobilienbusiness.ch\/wp-content\/uploads\/2016\/12\/Retail-CS-erwartet-leichte-Erholung-immobilien-business.jpg\" alt=\"2015 brachte Umsatzr\u00fcckg\u00e4nge im Detailhandel, 2016 soll es wieder aufw\u00e4rts gehen (Foto: Pixabay)\" width=\"680\" height=\"453\" srcset=\"https:\/\/www.immobilienbusiness.ch\/wp-content\/uploads\/2016\/12\/Retail-CS-erwartet-leichte-Erholung-immobilien-business.jpg 1280w, https:\/\/www.immobilienbusiness.ch\/wp-content\/uploads\/2016\/12\/Retail-CS-erwartet-leichte-Erholung-immobilien-business-300x200.jpg 300w, https:\/\/www.immobilienbusiness.ch\/wp-content\/uploads\/2016\/12\/Retail-CS-erwartet-leichte-Erholung-immobilien-business-1024x682.jpg 1024w, https:\/\/www.immobilienbusiness.ch\/wp-content\/uploads\/2016\/12\/Retail-CS-erwartet-leichte-Erholung-immobilien-business-768x512.jpg 768w, https:\/\/www.immobilienbusiness.ch\/wp-content\/uploads\/2016\/12\/Retail-CS-erwartet-leichte-Erholung-immobilien-business-16x12.jpg 16w, https:\/\/www.immobilienbusiness.ch\/wp-content\/uploads\/2016\/12\/Retail-CS-erwartet-leichte-Erholung-immobilien-business-263x175.jpg 263w, https:\/\/www.immobilienbusiness.ch\/wp-content\/uploads\/2016\/12\/Retail-CS-erwartet-leichte-Erholung-immobilien-business-525x350.jpg 525w, https:\/\/www.immobilienbusiness.ch\/wp-content\/uploads\/2016\/12\/Retail-CS-erwartet-leichte-Erholung-immobilien-business-1200x800.jpg 1200w, https:\/\/www.immobilienbusiness.ch\/wp-content\/uploads\/2016\/12\/Retail-CS-erwartet-leichte-Erholung-immobilien-business-920x613.jpg 920w\" sizes=\"auto, (max-width: 680px) 100vw, 680px\" \/><figcaption id=\"caption-attachment-2005\" class=\"wp-caption-text\">Il 2015 ha portato un calo delle vendite nel settore retail, il 2016 dovrebbe vedere una ripresa (Foto: Pixabay)<\/figcaption><\/figure>\n<p>Nel 2015, il segmento non-food ha sofferto in particolare di un calo delle vendite, mentre i cali nel segmento food e near-food sono stati meno pronunciati. Secondo un'indagine di Fuhrer &amp; Hotz, solo un terzo dei rivenditori e dei produttori intervistati ha raggiunto i propri obiettivi di vendita. Un'azienda su cinque non ha raggiunto il proprio obiettivo di vendita nel 2015. I motivi principali sono stati il turismo dello shopping e la continua crescita della vendita al dettaglio online.<\/p>\n<p>Il Credit Suisse prevede un leggero rallentamento del settore retail nel 2016. Il 53% dei rivenditori e dei produttori intervistati da Fuhrer &amp; Hotz prevede per il 2016 un aumento delle vendite rispetto all'anno precedente. Le aziende del segmento alimentare sono leggermente pi\u00f9 ottimiste di quelle dei segmenti near-food e non-food.<\/p>\n<p>Mentre la maggior parte dei rivenditori di generi alimentari prevede di espandere le proprie superfici di vendita nel 2016, i rivenditori di generi alimentari e non alimentari prevedono principalmente di mantenere o ridurre le proprie superfici di vendita. \u00c8 probabile che l'espansione delle superfici di vendita al dettaglio si stabilizzi ulteriormente nel 2016. (ah)<\/p>","protected":false},"excerpt":{"rendered":"<p>Nel loro Retail Outlook per il 2016, i ricercatori del Credit Suisse prevedono che il settore retail svizzero si riprender\u00e0 leggermente nel 2016 dopo un anno difficile. Tuttavia, l'espansione delle superfici retail continuer\u00e0 a stabilizzarsi quest'anno.<\/p>","protected":false},"author":1,"featured_media":2005,"comment_status":"open","ping_status":"open","sticky":false,"template":"","format":"standard","meta":{"_acf_changed":false,"_yoast_wpseo_focuskw":"Einzelhandel Erholung","_yoast_wpseo_title":"Einzelhandel Erholung: Leichte Aufw\u00e4rtsbewegung 2016","_yoast_wpseo_metadesc":"Angesichts der Umsatzzahlen im Detailhandel 2015 wird f\u00fcr 2016 eine leichte Erholung im Schweizer Einzelhandel erwartet, insbesondere im Food-Segment.","_yoast_wpseo_linkdex":59,"pgc_sgb_lightbox_settings":"","footnotes":""},"categories":[987],"tags":[1472,1643,1740],"class_list":["post-2004","post","type-post","status-publish","format-standard","has-post-thumbnail","hentry","category-retail","tag-maerkte","tag-retail","tag-studie"],"acf":[],"yoast_head":"<!-- This site is optimized with the Yoast SEO plugin v27.5 - https:\/\/yoast.com\/product\/yoast-seo-wordpress\/ -->\n<title>Einzelhandel Erholung: Leichte Aufw\u00e4rtsbewegung 2016<\/title>\n<meta name=\"description\" content=\"Angesichts der Umsatzzahlen im Detailhandel 2015 wird f\u00fcr 2016 eine leichte Erholung im Schweizer Einzelhandel erwartet, insbesondere im Food-Segment.\" \/>\n<meta name=\"robots\" content=\"index, follow, max-snippet:-1, max-image-preview:large, max-video-preview:-1\" \/>\n<link rel=\"canonical\" href=\"https:\/\/www.immobilienbusiness.ch\/it\/retail\/2016-01-07\/retail-cs-erwartet-leichte-erholung\/\" \/>\n<meta property=\"og:locale\" content=\"it_IT\" \/>\n<meta property=\"og:type\" content=\"article\" \/>\n<meta property=\"og:title\" content=\"Retail: CS erwartet leichte Erholung\" \/>\n<meta property=\"og:description\" content=\"Der Schweizer Detailhandel wird sich 2016 nach dem schwierigen Vorjahr leicht erholen, prognostizieren die Researcher der Credit Suisse in ihrem Retail Outlook f\u00fcr 2016. Allerdings werde sich der Ausbau der Verkaufsfl\u00e4chen in diesem Jahr weiter abflachen.\" \/>\n<meta property=\"og:url\" content=\"https:\/\/www.immobilienbusiness.ch\/it\/retail\/2016-01-07\/retail-cs-erwartet-leichte-erholung\/\" \/>\n<meta property=\"og:site_name\" content=\"IMMOBILIEN Business\" \/>\n<meta property=\"article:publisher\" content=\"https:\/\/www.facebook.com\/immobilienbusiness\/\" \/>\n<meta property=\"article:published_time\" content=\"2016-01-07T08:12:02+00:00\" \/>\n<meta name=\"author\" content=\"Redaktion\" \/>\n<meta name=\"twitter:card\" content=\"summary_large_image\" \/>\n<meta name=\"twitter:image\" content=\"https:\/\/www.immobilienbusiness.ch\/wp-content\/uploads\/2016\/12\/Retail-CS-erwartet-leichte-Erholung-immobilien-business.jpg\" \/>\n<script type=\"application\/ld+json\" class=\"yoast-schema-graph\">{\"@context\":\"https:\\\/\\\/schema.org\",\"@graph\":[{\"@type\":\"Article\",\"@id\":\"https:\\\/\\\/www.immobilienbusiness.ch\\\/en\\\/retail\\\/2016-01-07\\\/retail-cs-erwartet-leichte-erholung\\\/#article\",\"isPartOf\":{\"@id\":\"https:\\\/\\\/www.immobilienbusiness.ch\\\/en\\\/retail\\\/2016-01-07\\\/retail-cs-erwartet-leichte-erholung\\\/\"},\"author\":{\"name\":\"Redaktion\",\"@id\":\"https:\\\/\\\/www.immobilienbusiness.ch\\\/#\\\/schema\\\/person\\\/aa2bace6c5c5aad60102004a50c4eb1c\"},\"headline\":\"Retail: CS erwartet leichte Erholung\",\"datePublished\":\"2016-01-07T08:12:02+00:00\",\"mainEntityOfPage\":{\"@id\":\"https:\\\/\\\/www.immobilienbusiness.ch\\\/en\\\/retail\\\/2016-01-07\\\/retail-cs-erwartet-leichte-erholung\\\/\"},\"wordCount\":171,\"commentCount\":0,\"publisher\":{\"@id\":\"https:\\\/\\\/www.immobilienbusiness.ch\\\/#organization\"},\"image\":{\"@id\":\"https:\\\/\\\/www.immobilienbusiness.ch\\\/en\\\/retail\\\/2016-01-07\\\/retail-cs-erwartet-leichte-erholung\\\/#primaryimage\"},\"thumbnailUrl\":\"https:\\\/\\\/www.immobilienbusiness.ch\\\/wp-content\\\/uploads\\\/2016\\\/12\\\/Retail-CS-erwartet-leichte-Erholung-immobilien-business.jpg\",\"keywords\":[\"M\u00e4rkte\",\"Retail\",\"Studie\"],\"articleSection\":[\"RETAIL\"],\"inLanguage\":\"it-IT\"},{\"@type\":\"WebPage\",\"@id\":\"https:\\\/\\\/www.immobilienbusiness.ch\\\/en\\\/retail\\\/2016-01-07\\\/retail-cs-erwartet-leichte-erholung\\\/\",\"url\":\"https:\\\/\\\/www.immobilienbusiness.ch\\\/en\\\/retail\\\/2016-01-07\\\/retail-cs-erwartet-leichte-erholung\\\/\",\"name\":\"Einzelhandel Erholung: Leichte Aufw\u00e4rtsbewegung 2016\",\"isPartOf\":{\"@id\":\"https:\\\/\\\/www.immobilienbusiness.ch\\\/#website\"},\"primaryImageOfPage\":{\"@id\":\"https:\\\/\\\/www.immobilienbusiness.ch\\\/en\\\/retail\\\/2016-01-07\\\/retail-cs-erwartet-leichte-erholung\\\/#primaryimage\"},\"image\":{\"@id\":\"https:\\\/\\\/www.immobilienbusiness.ch\\\/en\\\/retail\\\/2016-01-07\\\/retail-cs-erwartet-leichte-erholung\\\/#primaryimage\"},\"thumbnailUrl\":\"https:\\\/\\\/www.immobilienbusiness.ch\\\/wp-content\\\/uploads\\\/2016\\\/12\\\/Retail-CS-erwartet-leichte-Erholung-immobilien-business.jpg\",\"datePublished\":\"2016-01-07T08:12:02+00:00\",\"description\":\"Angesichts der Umsatzzahlen im Detailhandel 2015 wird f\u00fcr 2016 eine leichte Erholung im Schweizer Einzelhandel erwartet, insbesondere im Food-Segment.\",\"breadcrumb\":{\"@id\":\"https:\\\/\\\/www.immobilienbusiness.ch\\\/en\\\/retail\\\/2016-01-07\\\/retail-cs-erwartet-leichte-erholung\\\/#breadcrumb\"},\"inLanguage\":\"it-IT\",\"potentialAction\":[{\"@type\":\"ReadAction\",\"target\":[\"https:\\\/\\\/www.immobilienbusiness.ch\\\/en\\\/retail\\\/2016-01-07\\\/retail-cs-erwartet-leichte-erholung\\\/\"]}]},{\"@type\":\"ImageObject\",\"inLanguage\":\"it-IT\",\"@id\":\"https:\\\/\\\/www.immobilienbusiness.ch\\\/en\\\/retail\\\/2016-01-07\\\/retail-cs-erwartet-leichte-erholung\\\/#primaryimage\",\"url\":\"https:\\\/\\\/www.immobilienbusiness.ch\\\/wp-content\\\/uploads\\\/2016\\\/12\\\/Retail-CS-erwartet-leichte-Erholung-immobilien-business.jpg\",\"contentUrl\":\"https:\\\/\\\/www.immobilienbusiness.ch\\\/wp-content\\\/uploads\\\/2016\\\/12\\\/Retail-CS-erwartet-leichte-Erholung-immobilien-business.jpg\",\"width\":1280,\"height\":853,\"caption\":\"Durch den Strategiewechsel der Migros wird der Konzentrationsprozess im Schweizer Detailhandel angefacht (Foto: Pixabay)\"},{\"@type\":\"BreadcrumbList\",\"@id\":\"https:\\\/\\\/www.immobilienbusiness.ch\\\/en\\\/retail\\\/2016-01-07\\\/retail-cs-erwartet-leichte-erholung\\\/#breadcrumb\",\"itemListElement\":[{\"@type\":\"ListItem\",\"position\":1,\"name\":\"Home\",\"item\":\"https:\\\/\\\/www.immobilienbusiness.ch\\\/\"},{\"@type\":\"ListItem\",\"position\":2,\"name\":\"Retail: CS erwartet leichte Erholung\"}]},{\"@type\":\"WebSite\",\"@id\":\"https:\\\/\\\/www.immobilienbusiness.ch\\\/#website\",\"url\":\"https:\\\/\\\/www.immobilienbusiness.ch\\\/\",\"name\":\"IMMOBILIEN Business\",\"description\":\"Unabh\u00e4ngiges Schweizer Wirtschaftsmagazin mit Fokus auf Immobilien, Architektur- und Bau sowie Investment- und Finanzierung.\",\"publisher\":{\"@id\":\"https:\\\/\\\/www.immobilienbusiness.ch\\\/#organization\"},\"potentialAction\":[{\"@type\":\"SearchAction\",\"target\":{\"@type\":\"EntryPoint\",\"urlTemplate\":\"https:\\\/\\\/www.immobilienbusiness.ch\\\/?s={search_term_string}\"},\"query-input\":{\"@type\":\"PropertyValueSpecification\",\"valueRequired\":true,\"valueName\":\"search_term_string\"}}],\"inLanguage\":\"it-IT\"},{\"@type\":\"Organization\",\"@id\":\"https:\\\/\\\/www.immobilienbusiness.ch\\\/#organization\",\"name\":\"IMMOBILIEN Business\",\"url\":\"https:\\\/\\\/www.immobilienbusiness.ch\\\/\",\"logo\":{\"@type\":\"ImageObject\",\"inLanguage\":\"it-IT\",\"@id\":\"https:\\\/\\\/www.immobilienbusiness.ch\\\/#\\\/schema\\\/logo\\\/image\\\/\",\"url\":\"https:\\\/\\\/www.immobilienbusiness.ch\\\/wp-content\\\/uploads\\\/2021\\\/07\\\/logo_ib.png\",\"contentUrl\":\"https:\\\/\\\/www.immobilienbusiness.ch\\\/wp-content\\\/uploads\\\/2021\\\/07\\\/logo_ib.png\",\"width\":800,\"height\":181,\"caption\":\"IMMOBILIEN Business\"},\"image\":{\"@id\":\"https:\\\/\\\/www.immobilienbusiness.ch\\\/#\\\/schema\\\/logo\\\/image\\\/\"},\"sameAs\":[\"https:\\\/\\\/www.facebook.com\\\/immobilienbusiness\\\/\"]},{\"@type\":\"Person\",\"@id\":\"https:\\\/\\\/www.immobilienbusiness.ch\\\/#\\\/schema\\\/person\\\/aa2bace6c5c5aad60102004a50c4eb1c\",\"name\":\"Redaktion\",\"image\":{\"@type\":\"ImageObject\",\"inLanguage\":\"it-IT\",\"@id\":\"https:\\\/\\\/secure.gravatar.com\\\/avatar\\\/ae2f4d718e6c49043e314ce431e7e645d646302a24a5ef5a8bc8e3f5a032e319?s=96&d=mm&r=g\",\"url\":\"https:\\\/\\\/secure.gravatar.com\\\/avatar\\\/ae2f4d718e6c49043e314ce431e7e645d646302a24a5ef5a8bc8e3f5a032e319?s=96&d=mm&r=g\",\"contentUrl\":\"https:\\\/\\\/secure.gravatar.com\\\/avatar\\\/ae2f4d718e6c49043e314ce431e7e645d646302a24a5ef5a8bc8e3f5a032e319?s=96&d=mm&r=g\",\"caption\":\"Redaktion\"},\"sameAs\":[\"http:\\\/\\\/develop.organisator.galledia.ch\"],\"url\":\"https:\\\/\\\/www.immobilienbusiness.ch\\\/it\\\/author\\\/admin\\\/\"}]}<\/script>\n<!-- \/ Yoast SEO plugin. -->","yoast_head_json":{"title":"Ripresa del commercio al dettaglio: leggera tendenza al rialzo nel 2016","description":"Alla luce dei dati sulle vendite al dettaglio per il 2015, si prevede una leggera ripresa del settore retail svizzero nel 2016, in particolare nel segmento alimentare.","robots":{"index":"index","follow":"follow","max-snippet":"max-snippet:-1","max-image-preview":"max-image-preview:large","max-video-preview":"max-video-preview:-1"},"canonical":"https:\/\/www.immobilienbusiness.ch\/it\/retail\/2016-01-07\/retail-cs-erwartet-leichte-erholung\/","og_locale":"it_IT","og_type":"article","og_title":"Retail: CS erwartet leichte Erholung","og_description":"Der Schweizer Detailhandel wird sich 2016 nach dem schwierigen Vorjahr leicht erholen, prognostizieren die Researcher der Credit Suisse in ihrem Retail Outlook f\u00fcr 2016. Allerdings werde sich der Ausbau der Verkaufsfl\u00e4chen in diesem Jahr weiter abflachen.","og_url":"https:\/\/www.immobilienbusiness.ch\/it\/retail\/2016-01-07\/retail-cs-erwartet-leichte-erholung\/","og_site_name":"IMMOBILIEN Business","article_publisher":"https:\/\/www.facebook.com\/immobilienbusiness\/","article_published_time":"2016-01-07T08:12:02+00:00","author":"Redaktion","twitter_card":"summary_large_image","twitter_image":"https:\/\/www.immobilienbusiness.ch\/wp-content\/uploads\/2016\/12\/Retail-CS-erwartet-leichte-Erholung-immobilien-business.jpg","schema":{"@context":"https:\/\/schema.org","@graph":[{"@type":"Article","@id":"https:\/\/www.immobilienbusiness.ch\/en\/retail\/2016-01-07\/retail-cs-erwartet-leichte-erholung\/#article","isPartOf":{"@id":"https:\/\/www.immobilienbusiness.ch\/en\/retail\/2016-01-07\/retail-cs-erwartet-leichte-erholung\/"},"author":{"name":"Redaktion","@id":"https:\/\/www.immobilienbusiness.ch\/#\/schema\/person\/aa2bace6c5c5aad60102004a50c4eb1c"},"headline":"Retail: CS erwartet leichte Erholung","datePublished":"2016-01-07T08:12:02+00:00","mainEntityOfPage":{"@id":"https:\/\/www.immobilienbusiness.ch\/en\/retail\/2016-01-07\/retail-cs-erwartet-leichte-erholung\/"},"wordCount":171,"commentCount":0,"publisher":{"@id":"https:\/\/www.immobilienbusiness.ch\/#organization"},"image":{"@id":"https:\/\/www.immobilienbusiness.ch\/en\/retail\/2016-01-07\/retail-cs-erwartet-leichte-erholung\/#primaryimage"},"thumbnailUrl":"https:\/\/www.immobilienbusiness.ch\/wp-content\/uploads\/2016\/12\/Retail-CS-erwartet-leichte-Erholung-immobilien-business.jpg","keywords":["M\u00e4rkte","Retail","Studie"],"articleSection":["RETAIL"],"inLanguage":"it-IT"},{"@type":"WebPage","@id":"https:\/\/www.immobilienbusiness.ch\/en\/retail\/2016-01-07\/retail-cs-erwartet-leichte-erholung\/","url":"https:\/\/www.immobilienbusiness.ch\/en\/retail\/2016-01-07\/retail-cs-erwartet-leichte-erholung\/","name":"Ripresa del commercio al dettaglio: leggera tendenza al rialzo nel 2016","isPartOf":{"@id":"https:\/\/www.immobilienbusiness.ch\/#website"},"primaryImageOfPage":{"@id":"https:\/\/www.immobilienbusiness.ch\/en\/retail\/2016-01-07\/retail-cs-erwartet-leichte-erholung\/#primaryimage"},"image":{"@id":"https:\/\/www.immobilienbusiness.ch\/en\/retail\/2016-01-07\/retail-cs-erwartet-leichte-erholung\/#primaryimage"},"thumbnailUrl":"https:\/\/www.immobilienbusiness.ch\/wp-content\/uploads\/2016\/12\/Retail-CS-erwartet-leichte-Erholung-immobilien-business.jpg","datePublished":"2016-01-07T08:12:02+00:00","description":"Alla luce dei dati sulle vendite al dettaglio per il 2015, si prevede una leggera ripresa del settore retail svizzero nel 2016, in particolare nel segmento alimentare.","breadcrumb":{"@id":"https:\/\/www.immobilienbusiness.ch\/en\/retail\/2016-01-07\/retail-cs-erwartet-leichte-erholung\/#breadcrumb"},"inLanguage":"it-IT","potentialAction":[{"@type":"ReadAction","target":["https:\/\/www.immobilienbusiness.ch\/en\/retail\/2016-01-07\/retail-cs-erwartet-leichte-erholung\/"]}]},{"@type":"ImageObject","inLanguage":"it-IT","@id":"https:\/\/www.immobilienbusiness.ch\/en\/retail\/2016-01-07\/retail-cs-erwartet-leichte-erholung\/#primaryimage","url":"https:\/\/www.immobilienbusiness.ch\/wp-content\/uploads\/2016\/12\/Retail-CS-erwartet-leichte-Erholung-immobilien-business.jpg","contentUrl":"https:\/\/www.immobilienbusiness.ch\/wp-content\/uploads\/2016\/12\/Retail-CS-erwartet-leichte-Erholung-immobilien-business.jpg","width":1280,"height":853,"caption":"Durch den Strategiewechsel der Migros wird der Konzentrationsprozess im Schweizer Detailhandel angefacht (Foto: Pixabay)"},{"@type":"BreadcrumbList","@id":"https:\/\/www.immobilienbusiness.ch\/en\/retail\/2016-01-07\/retail-cs-erwartet-leichte-erholung\/#breadcrumb","itemListElement":[{"@type":"ListItem","position":1,"name":"Home","item":"https:\/\/www.immobilienbusiness.ch\/"},{"@type":"ListItem","position":2,"name":"Retail: CS erwartet leichte Erholung"}]},{"@type":"WebSite","@id":"https:\/\/www.immobilienbusiness.ch\/#website","url":"https:\/\/www.immobilienbusiness.ch\/","name":"Affari immobiliari","description":"Rivista economica indipendente svizzera che si concentra sul settore immobiliare, l'architettura e la costruzione, nonch\u00e9 sugli investimenti e i finanziamenti.","publisher":{"@id":"https:\/\/www.immobilienbusiness.ch\/#organization"},"potentialAction":[{"@type":"SearchAction","target":{"@type":"EntryPoint","urlTemplate":"https:\/\/www.immobilienbusiness.ch\/?s={search_term_string}"},"query-input":{"@type":"PropertyValueSpecification","valueRequired":true,"valueName":"search_term_string"}}],"inLanguage":"it-IT"},{"@type":"Organization","@id":"https:\/\/www.immobilienbusiness.ch\/#organization","name":"Affari immobiliari","url":"https:\/\/www.immobilienbusiness.ch\/","logo":{"@type":"ImageObject","inLanguage":"it-IT","@id":"https:\/\/www.immobilienbusiness.ch\/#\/schema\/logo\/image\/","url":"https:\/\/www.immobilienbusiness.ch\/wp-content\/uploads\/2021\/07\/logo_ib.png","contentUrl":"https:\/\/www.immobilienbusiness.ch\/wp-content\/uploads\/2021\/07\/logo_ib.png","width":800,"height":181,"caption":"IMMOBILIEN Business"},"image":{"@id":"https:\/\/www.immobilienbusiness.ch\/#\/schema\/logo\/image\/"},"sameAs":["https:\/\/www.facebook.com\/immobilienbusiness\/"]},{"@type":"Person","@id":"https:\/\/www.immobilienbusiness.ch\/#\/schema\/person\/aa2bace6c5c5aad60102004a50c4eb1c","name":"Editoriale","image":{"@type":"ImageObject","inLanguage":"it-IT","@id":"https:\/\/secure.gravatar.com\/avatar\/ae2f4d718e6c49043e314ce431e7e645d646302a24a5ef5a8bc8e3f5a032e319?s=96&d=mm&r=g","url":"https:\/\/secure.gravatar.com\/avatar\/ae2f4d718e6c49043e314ce431e7e645d646302a24a5ef5a8bc8e3f5a032e319?s=96&d=mm&r=g","contentUrl":"https:\/\/secure.gravatar.com\/avatar\/ae2f4d718e6c49043e314ce431e7e645d646302a24a5ef5a8bc8e3f5a032e319?s=96&d=mm&r=g","caption":"Redaktion"},"sameAs":["http:\/\/develop.organisator.galledia.ch"],"url":"https:\/\/www.immobilienbusiness.ch\/it\/author\/admin\/"}]}},"_links":{"self":[{"href":"https:\/\/www.immobilienbusiness.ch\/it\/wp-json\/wp\/v2\/posts\/2004","targetHints":{"allow":["GET"]}}],"collection":[{"href":"https:\/\/www.immobilienbusiness.ch\/it\/wp-json\/wp\/v2\/posts"}],"about":[{"href":"https:\/\/www.immobilienbusiness.ch\/it\/wp-json\/wp\/v2\/types\/post"}],"author":[{"embeddable":true,"href":"https:\/\/www.immobilienbusiness.ch\/it\/wp-json\/wp\/v2\/users\/1"}],"replies":[{"embeddable":true,"href":"https:\/\/www.immobilienbusiness.ch\/it\/wp-json\/wp\/v2\/comments?post=2004"}],"version-history":[{"count":0,"href":"https:\/\/www.immobilienbusiness.ch\/it\/wp-json\/wp\/v2\/posts\/2004\/revisions"}],"wp:featuredmedia":[{"embeddable":true,"href":"https:\/\/www.immobilienbusiness.ch\/it\/wp-json\/wp\/v2\/media\/2005"}],"wp:attachment":[{"href":"https:\/\/www.immobilienbusiness.ch\/it\/wp-json\/wp\/v2\/media?parent=2004"}],"wp:term":[{"taxonomy":"category","embeddable":true,"href":"https:\/\/www.immobilienbusiness.ch\/it\/wp-json\/wp\/v2\/categories?post=2004"},{"taxonomy":"post_tag","embeddable":true,"href":"https:\/\/www.immobilienbusiness.ch\/it\/wp-json\/wp\/v2\/tags?post=2004"}],"curies":[{"name":"wp","href":"https:\/\/api.w.org\/{rel}","templated":true}]}}