{"id":197,"date":"2015-07-23T10:15:43","date_gmt":"2015-07-23T08:15:43","guid":{"rendered":"http:\/\/dev.immobilienbusiness.ch\/?p=197"},"modified":"2024-11-19T14:52:04","modified_gmt":"2024-11-19T13:52:04","slug":"verkehrsabteilung-zuerich-zuegelt-nach-duebendorf","status":"publish","type":"post","link":"https:\/\/www.immobilienbusiness.ch\/it\/buero\/2015-07-23\/verkehrsabteilung-zuerich-zuegelt-nach-duebendorf\/","title":{"rendered":"Il dipartimento del traffico di Zurigo si trasferisce a D\u00fcbendorf"},"content":{"rendered":"<figure id=\"attachment_4490\" aria-describedby=\"caption-attachment-4490\" style=\"width: 600px\" class=\"wp-caption alignnone\"><img loading=\"lazy\" decoding=\"async\" class=\"wp-image-4490 size-full\" src=\"https:\/\/immobilienbusiness.ch\/wp-content\/uploads\/2015\/07\/Verkehrsabteilung-Z\u00fcrich-z\u00fcgelt-nach-D\u00fcbendorf-immobilien-business.jpg\" width=\"600\" height=\"400\" \/><figcaption id=\"caption-attachment-4490\" class=\"wp-caption-text\">Lo Stettbacherhof \u00e8 una propriet\u00e0 della Ecoreal Investment Foundation ed \u00e8 gestito da ECO4.<\/figcaption><\/figure>\n<p>VAZ si trovava precedentemente in sette diverse propriet\u00e0 nelle vicinanze della vecchia caserma non lontano dalla stazione principale di Zurigo. Nella sua nuova sede, il dipartimento dispone di tre piani di uffici e di una parte del parcheggio sotterraneo per parcheggiare i suoi 40 veicoli, cinque motociclette e varie attrezzature operative mobili (apparecchi di misurazione della velocit\u00e0, ecc.).<\/p>\n<p>I precedenti inquilini di VAZ nella grande propriet\u00e0 commerciale di D\u00fcbendorf erano parti dell'Universit\u00e0 di Scienze Applicate di Zurigo ZHAW. (mr)<\/p>","protected":false},"excerpt":{"rendered":"<p>Il dipartimento del traffico di Zurigo (VAZ) della polizia cantonale si \u00e8 trasferito il 1\u00b0 luglio 2015 in una nuova sede. I circa 100 specialisti del traffico si trovano ora nello Stettbacherhof di D\u00fcbendorf, secondo la \"Limmattaler Zeitung\".<\/p>","protected":false},"author":1,"featured_media":4490,"comment_status":"closed","ping_status":"closed","sticky":false,"template":"","format":"standard","meta":{"_acf_changed":false,"_yoast_wpseo_focuskw":"Verkehrsabteilung Z\u00fcrich","_yoast_wpseo_title":"Verkehrsabteilung Z\u00fcrich: Z\u00fcgige Verlegung nach D\u00fcbendorf","_yoast_wpseo_metadesc":"Die Verkehrsabteilung Z\u00fcrich zieht in ein neues B\u00fcrogeb\u00e4ude in D\u00fcbendorf und verbessert damit die Infrastruktur f\u00fcr mobile Einsatzger\u00e4te.","_yoast_wpseo_linkdex":44,"pgc_sgb_lightbox_settings":"","footnotes":""},"categories":[983],"tags":[1118,4034,1938,4032,4009,4033,1888],"class_list":["post-197","post","type-post","status-publish","format-standard","has-post-thumbnail","hentry","category-buero","tag-buero","tag-bueroetagen","tag-ecoreal","tag-stettbacherhof","tag-tiefgarage","tag-vaz","tag-zuerich"],"acf":[],"yoast_head":"<!-- This site is optimized with the Yoast SEO plugin v27.4 - https:\/\/yoast.com\/product\/yoast-seo-wordpress\/ -->\n<title>Verkehrsabteilung Z\u00fcrich: Z\u00fcgige Verlegung nach D\u00fcbendorf<\/title>\n<meta name=\"description\" content=\"Die Verkehrsabteilung Z\u00fcrich zieht in ein neues B\u00fcrogeb\u00e4ude in D\u00fcbendorf und verbessert damit die Infrastruktur f\u00fcr mobile Einsatzger\u00e4te.\" \/>\n<meta name=\"robots\" content=\"index, follow, max-snippet:-1, max-image-preview:large, max-video-preview:-1\" \/>\n<link rel=\"canonical\" href=\"https:\/\/www.immobilienbusiness.ch\/it\/buero\/2015-07-23\/verkehrsabteilung-zuerich-zuegelt-nach-duebendorf\/\" \/>\n<meta property=\"og:locale\" content=\"it_IT\" \/>\n<meta property=\"og:type\" content=\"article\" \/>\n<meta property=\"og:title\" content=\"Verkehrsabteilung Z\u00fcrich z\u00fcgelt nach D\u00fcbendorf\" \/>\n<meta property=\"og:description\" content=\"Die Verkehrsabteilung Z\u00fcrich (VAZ) der Kantonspolizei hat zum 1. Juli 2015 ein neues Domizil bezogen. Die rund 100 Verkehrsspezialisten sind nun laut \u00abLimmattaler Zeitung\u00bb im Stettbacherhof in D\u00fcbendorf zu finden.\" \/>\n<meta property=\"og:url\" content=\"https:\/\/www.immobilienbusiness.ch\/it\/buero\/2015-07-23\/verkehrsabteilung-zuerich-zuegelt-nach-duebendorf\/\" \/>\n<meta property=\"og:site_name\" content=\"IMMOBILIEN Business\" \/>\n<meta property=\"article:publisher\" content=\"https:\/\/www.facebook.com\/immobilienbusiness\/\" \/>\n<meta property=\"article:published_time\" content=\"2015-07-23T08:15:43+00:00\" \/>\n<meta property=\"article:modified_time\" content=\"2024-11-19T13:52:04+00:00\" \/>\n<meta name=\"author\" content=\"Redaktion\" \/>\n<meta name=\"twitter:card\" content=\"summary_large_image\" \/>\n<meta name=\"twitter:image\" content=\"https:\/\/www.immobilienbusiness.ch\/wp-content\/uploads\/2015\/07\/Verkehrsabteilung-Zuerich-zuegelt-nach-Duebendorf-immobilien-business.jpg\" \/>\n<script type=\"application\/ld+json\" class=\"yoast-schema-graph\">{\"@context\":\"https:\\\/\\\/schema.org\",\"@graph\":[{\"@type\":\"Article\",\"@id\":\"https:\\\/\\\/www.immobilienbusiness.ch\\\/buero\\\/2015-07-23\\\/verkehrsabteilung-zuerich-zuegelt-nach-duebendorf\\\/#article\",\"isPartOf\":{\"@id\":\"https:\\\/\\\/www.immobilienbusiness.ch\\\/buero\\\/2015-07-23\\\/verkehrsabteilung-zuerich-zuegelt-nach-duebendorf\\\/\"},\"author\":{\"name\":\"Redaktion\",\"@id\":\"https:\\\/\\\/www.immobilienbusiness.ch\\\/#\\\/schema\\\/person\\\/aa2bace6c5c5aad60102004a50c4eb1c\"},\"headline\":\"Verkehrsabteilung Z\u00fcrich z\u00fcgelt nach D\u00fcbendorf\",\"datePublished\":\"2015-07-23T08:15:43+00:00\",\"dateModified\":\"2024-11-19T13:52:04+00:00\",\"mainEntityOfPage\":{\"@id\":\"https:\\\/\\\/www.immobilienbusiness.ch\\\/buero\\\/2015-07-23\\\/verkehrsabteilung-zuerich-zuegelt-nach-duebendorf\\\/\"},\"wordCount\":103,\"publisher\":{\"@id\":\"https:\\\/\\\/www.immobilienbusiness.ch\\\/#organization\"},\"image\":{\"@id\":\"https:\\\/\\\/www.immobilienbusiness.ch\\\/buero\\\/2015-07-23\\\/verkehrsabteilung-zuerich-zuegelt-nach-duebendorf\\\/#primaryimage\"},\"thumbnailUrl\":\"https:\\\/\\\/www.immobilienbusiness.ch\\\/wp-content\\\/uploads\\\/2015\\\/07\\\/Verkehrsabteilung-Zuerich-zuegelt-nach-Duebendorf-immobilien-business.jpg\",\"keywords\":[\"B\u00fcro\",\"B\u00fcroetagen\",\"Ecoreal\",\"Stettbacherhof\",\"Tiefgarage\",\"VAZ\",\"Z\u00fcrich\"],\"articleSection\":[\"B\u00dcRO\"],\"inLanguage\":\"it-IT\"},{\"@type\":\"WebPage\",\"@id\":\"https:\\\/\\\/www.immobilienbusiness.ch\\\/buero\\\/2015-07-23\\\/verkehrsabteilung-zuerich-zuegelt-nach-duebendorf\\\/\",\"url\":\"https:\\\/\\\/www.immobilienbusiness.ch\\\/buero\\\/2015-07-23\\\/verkehrsabteilung-zuerich-zuegelt-nach-duebendorf\\\/\",\"name\":\"Verkehrsabteilung Z\u00fcrich: Z\u00fcgige Verlegung nach D\u00fcbendorf\",\"isPartOf\":{\"@id\":\"https:\\\/\\\/www.immobilienbusiness.ch\\\/#website\"},\"primaryImageOfPage\":{\"@id\":\"https:\\\/\\\/www.immobilienbusiness.ch\\\/buero\\\/2015-07-23\\\/verkehrsabteilung-zuerich-zuegelt-nach-duebendorf\\\/#primaryimage\"},\"image\":{\"@id\":\"https:\\\/\\\/www.immobilienbusiness.ch\\\/buero\\\/2015-07-23\\\/verkehrsabteilung-zuerich-zuegelt-nach-duebendorf\\\/#primaryimage\"},\"thumbnailUrl\":\"https:\\\/\\\/www.immobilienbusiness.ch\\\/wp-content\\\/uploads\\\/2015\\\/07\\\/Verkehrsabteilung-Zuerich-zuegelt-nach-Duebendorf-immobilien-business.jpg\",\"datePublished\":\"2015-07-23T08:15:43+00:00\",\"dateModified\":\"2024-11-19T13:52:04+00:00\",\"description\":\"Die Verkehrsabteilung Z\u00fcrich zieht in ein neues B\u00fcrogeb\u00e4ude in D\u00fcbendorf und verbessert damit die Infrastruktur f\u00fcr mobile Einsatzger\u00e4te.\",\"breadcrumb\":{\"@id\":\"https:\\\/\\\/www.immobilienbusiness.ch\\\/buero\\\/2015-07-23\\\/verkehrsabteilung-zuerich-zuegelt-nach-duebendorf\\\/#breadcrumb\"},\"inLanguage\":\"it-IT\",\"potentialAction\":[{\"@type\":\"ReadAction\",\"target\":[\"https:\\\/\\\/www.immobilienbusiness.ch\\\/buero\\\/2015-07-23\\\/verkehrsabteilung-zuerich-zuegelt-nach-duebendorf\\\/\"]}]},{\"@type\":\"ImageObject\",\"inLanguage\":\"it-IT\",\"@id\":\"https:\\\/\\\/www.immobilienbusiness.ch\\\/buero\\\/2015-07-23\\\/verkehrsabteilung-zuerich-zuegelt-nach-duebendorf\\\/#primaryimage\",\"url\":\"https:\\\/\\\/www.immobilienbusiness.ch\\\/wp-content\\\/uploads\\\/2015\\\/07\\\/Verkehrsabteilung-Zuerich-zuegelt-nach-Duebendorf-immobilien-business.jpg\",\"contentUrl\":\"https:\\\/\\\/www.immobilienbusiness.ch\\\/wp-content\\\/uploads\\\/2015\\\/07\\\/Verkehrsabteilung-Zuerich-zuegelt-nach-Duebendorf-immobilien-business.jpg\",\"width\":600,\"height\":400,\"caption\":\"Der Stettbacherhof ist ein Objekt der Ecoreal Anlagestiftung und wird von ECO4 betreut\"},{\"@type\":\"BreadcrumbList\",\"@id\":\"https:\\\/\\\/www.immobilienbusiness.ch\\\/buero\\\/2015-07-23\\\/verkehrsabteilung-zuerich-zuegelt-nach-duebendorf\\\/#breadcrumb\",\"itemListElement\":[{\"@type\":\"ListItem\",\"position\":1,\"name\":\"Home\",\"item\":\"https:\\\/\\\/www.immobilienbusiness.ch\\\/\"},{\"@type\":\"ListItem\",\"position\":2,\"name\":\"Verkehrsabteilung Z\u00fcrich z\u00fcgelt nach D\u00fcbendorf\"}]},{\"@type\":\"WebSite\",\"@id\":\"https:\\\/\\\/www.immobilienbusiness.ch\\\/#website\",\"url\":\"https:\\\/\\\/www.immobilienbusiness.ch\\\/\",\"name\":\"IMMOBILIEN Business\",\"description\":\"Unabh\u00e4ngiges Schweizer Wirtschaftsmagazin mit Fokus auf Immobilien, Architektur- und Bau sowie Investment- und Finanzierung.\",\"publisher\":{\"@id\":\"https:\\\/\\\/www.immobilienbusiness.ch\\\/#organization\"},\"potentialAction\":[{\"@type\":\"SearchAction\",\"target\":{\"@type\":\"EntryPoint\",\"urlTemplate\":\"https:\\\/\\\/www.immobilienbusiness.ch\\\/?s={search_term_string}\"},\"query-input\":{\"@type\":\"PropertyValueSpecification\",\"valueRequired\":true,\"valueName\":\"search_term_string\"}}],\"inLanguage\":\"it-IT\"},{\"@type\":\"Organization\",\"@id\":\"https:\\\/\\\/www.immobilienbusiness.ch\\\/#organization\",\"name\":\"IMMOBILIEN Business\",\"url\":\"https:\\\/\\\/www.immobilienbusiness.ch\\\/\",\"logo\":{\"@type\":\"ImageObject\",\"inLanguage\":\"it-IT\",\"@id\":\"https:\\\/\\\/www.immobilienbusiness.ch\\\/#\\\/schema\\\/logo\\\/image\\\/\",\"url\":\"https:\\\/\\\/www.immobilienbusiness.ch\\\/wp-content\\\/uploads\\\/2021\\\/07\\\/logo_ib.png\",\"contentUrl\":\"https:\\\/\\\/www.immobilienbusiness.ch\\\/wp-content\\\/uploads\\\/2021\\\/07\\\/logo_ib.png\",\"width\":800,\"height\":181,\"caption\":\"IMMOBILIEN Business\"},\"image\":{\"@id\":\"https:\\\/\\\/www.immobilienbusiness.ch\\\/#\\\/schema\\\/logo\\\/image\\\/\"},\"sameAs\":[\"https:\\\/\\\/www.facebook.com\\\/immobilienbusiness\\\/\"]},{\"@type\":\"Person\",\"@id\":\"https:\\\/\\\/www.immobilienbusiness.ch\\\/#\\\/schema\\\/person\\\/aa2bace6c5c5aad60102004a50c4eb1c\",\"name\":\"Redaktion\",\"image\":{\"@type\":\"ImageObject\",\"inLanguage\":\"it-IT\",\"@id\":\"https:\\\/\\\/secure.gravatar.com\\\/avatar\\\/ae2f4d718e6c49043e314ce431e7e645d646302a24a5ef5a8bc8e3f5a032e319?s=96&d=mm&r=g\",\"url\":\"https:\\\/\\\/secure.gravatar.com\\\/avatar\\\/ae2f4d718e6c49043e314ce431e7e645d646302a24a5ef5a8bc8e3f5a032e319?s=96&d=mm&r=g\",\"contentUrl\":\"https:\\\/\\\/secure.gravatar.com\\\/avatar\\\/ae2f4d718e6c49043e314ce431e7e645d646302a24a5ef5a8bc8e3f5a032e319?s=96&d=mm&r=g\",\"caption\":\"Redaktion\"},\"sameAs\":[\"http:\\\/\\\/develop.organisator.galledia.ch\"],\"url\":\"https:\\\/\\\/www.immobilienbusiness.ch\\\/it\\\/author\\\/admin\\\/\"}]}<\/script>\n<!-- \/ Yoast SEO plugin. -->","yoast_head_json":{"title":"Verkehrsabteilung Z\u00fcrich: Z\u00fcgige Verlegung nach D\u00fcbendorf","description":"Die Verkehrsabteilung Z\u00fcrich zieht in ein neues B\u00fcrogeb\u00e4ude in D\u00fcbendorf und verbessert damit die Infrastruktur f\u00fcr mobile Einsatzger\u00e4te.","robots":{"index":"index","follow":"follow","max-snippet":"max-snippet:-1","max-image-preview":"max-image-preview:large","max-video-preview":"max-video-preview:-1"},"canonical":"https:\/\/www.immobilienbusiness.ch\/it\/buero\/2015-07-23\/verkehrsabteilung-zuerich-zuegelt-nach-duebendorf\/","og_locale":"it_IT","og_type":"article","og_title":"Verkehrsabteilung Z\u00fcrich z\u00fcgelt nach D\u00fcbendorf","og_description":"Die Verkehrsabteilung Z\u00fcrich (VAZ) der Kantonspolizei hat zum 1. Juli 2015 ein neues Domizil bezogen. Die rund 100 Verkehrsspezialisten sind nun laut \u00abLimmattaler Zeitung\u00bb im Stettbacherhof in D\u00fcbendorf zu finden.","og_url":"https:\/\/www.immobilienbusiness.ch\/it\/buero\/2015-07-23\/verkehrsabteilung-zuerich-zuegelt-nach-duebendorf\/","og_site_name":"IMMOBILIEN Business","article_publisher":"https:\/\/www.facebook.com\/immobilienbusiness\/","article_published_time":"2015-07-23T08:15:43+00:00","article_modified_time":"2024-11-19T13:52:04+00:00","author":"Redaktion","twitter_card":"summary_large_image","twitter_image":"https:\/\/www.immobilienbusiness.ch\/wp-content\/uploads\/2015\/07\/Verkehrsabteilung-Zuerich-zuegelt-nach-Duebendorf-immobilien-business.jpg","schema":{"@context":"https:\/\/schema.org","@graph":[{"@type":"Article","@id":"https:\/\/www.immobilienbusiness.ch\/buero\/2015-07-23\/verkehrsabteilung-zuerich-zuegelt-nach-duebendorf\/#article","isPartOf":{"@id":"https:\/\/www.immobilienbusiness.ch\/buero\/2015-07-23\/verkehrsabteilung-zuerich-zuegelt-nach-duebendorf\/"},"author":{"name":"Redaktion","@id":"https:\/\/www.immobilienbusiness.ch\/#\/schema\/person\/aa2bace6c5c5aad60102004a50c4eb1c"},"headline":"Verkehrsabteilung Z\u00fcrich z\u00fcgelt nach D\u00fcbendorf","datePublished":"2015-07-23T08:15:43+00:00","dateModified":"2024-11-19T13:52:04+00:00","mainEntityOfPage":{"@id":"https:\/\/www.immobilienbusiness.ch\/buero\/2015-07-23\/verkehrsabteilung-zuerich-zuegelt-nach-duebendorf\/"},"wordCount":103,"publisher":{"@id":"https:\/\/www.immobilienbusiness.ch\/#organization"},"image":{"@id":"https:\/\/www.immobilienbusiness.ch\/buero\/2015-07-23\/verkehrsabteilung-zuerich-zuegelt-nach-duebendorf\/#primaryimage"},"thumbnailUrl":"https:\/\/www.immobilienbusiness.ch\/wp-content\/uploads\/2015\/07\/Verkehrsabteilung-Zuerich-zuegelt-nach-Duebendorf-immobilien-business.jpg","keywords":["B\u00fcro","B\u00fcroetagen","Ecoreal","Stettbacherhof","Tiefgarage","VAZ","Z\u00fcrich"],"articleSection":["B\u00dcRO"],"inLanguage":"it-IT"},{"@type":"WebPage","@id":"https:\/\/www.immobilienbusiness.ch\/buero\/2015-07-23\/verkehrsabteilung-zuerich-zuegelt-nach-duebendorf\/","url":"https:\/\/www.immobilienbusiness.ch\/buero\/2015-07-23\/verkehrsabteilung-zuerich-zuegelt-nach-duebendorf\/","name":"Verkehrsabteilung Z\u00fcrich: Z\u00fcgige Verlegung nach D\u00fcbendorf","isPartOf":{"@id":"https:\/\/www.immobilienbusiness.ch\/#website"},"primaryImageOfPage":{"@id":"https:\/\/www.immobilienbusiness.ch\/buero\/2015-07-23\/verkehrsabteilung-zuerich-zuegelt-nach-duebendorf\/#primaryimage"},"image":{"@id":"https:\/\/www.immobilienbusiness.ch\/buero\/2015-07-23\/verkehrsabteilung-zuerich-zuegelt-nach-duebendorf\/#primaryimage"},"thumbnailUrl":"https:\/\/www.immobilienbusiness.ch\/wp-content\/uploads\/2015\/07\/Verkehrsabteilung-Zuerich-zuegelt-nach-Duebendorf-immobilien-business.jpg","datePublished":"2015-07-23T08:15:43+00:00","dateModified":"2024-11-19T13:52:04+00:00","description":"Die Verkehrsabteilung Z\u00fcrich zieht in ein neues B\u00fcrogeb\u00e4ude in D\u00fcbendorf und verbessert damit die Infrastruktur f\u00fcr mobile Einsatzger\u00e4te.","breadcrumb":{"@id":"https:\/\/www.immobilienbusiness.ch\/buero\/2015-07-23\/verkehrsabteilung-zuerich-zuegelt-nach-duebendorf\/#breadcrumb"},"inLanguage":"it-IT","potentialAction":[{"@type":"ReadAction","target":["https:\/\/www.immobilienbusiness.ch\/buero\/2015-07-23\/verkehrsabteilung-zuerich-zuegelt-nach-duebendorf\/"]}]},{"@type":"ImageObject","inLanguage":"it-IT","@id":"https:\/\/www.immobilienbusiness.ch\/buero\/2015-07-23\/verkehrsabteilung-zuerich-zuegelt-nach-duebendorf\/#primaryimage","url":"https:\/\/www.immobilienbusiness.ch\/wp-content\/uploads\/2015\/07\/Verkehrsabteilung-Zuerich-zuegelt-nach-Duebendorf-immobilien-business.jpg","contentUrl":"https:\/\/www.immobilienbusiness.ch\/wp-content\/uploads\/2015\/07\/Verkehrsabteilung-Zuerich-zuegelt-nach-Duebendorf-immobilien-business.jpg","width":600,"height":400,"caption":"Der Stettbacherhof ist ein Objekt der Ecoreal Anlagestiftung und wird von ECO4 betreut"},{"@type":"BreadcrumbList","@id":"https:\/\/www.immobilienbusiness.ch\/buero\/2015-07-23\/verkehrsabteilung-zuerich-zuegelt-nach-duebendorf\/#breadcrumb","itemListElement":[{"@type":"ListItem","position":1,"name":"Home","item":"https:\/\/www.immobilienbusiness.ch\/"},{"@type":"ListItem","position":2,"name":"Verkehrsabteilung Z\u00fcrich z\u00fcgelt nach D\u00fcbendorf"}]},{"@type":"WebSite","@id":"https:\/\/www.immobilienbusiness.ch\/#website","url":"https:\/\/www.immobilienbusiness.ch\/","name":"Affari immobiliari","description":"Rivista economica indipendente svizzera che si concentra sul settore immobiliare, l'architettura e la costruzione, nonch\u00e9 sugli investimenti e i finanziamenti.","publisher":{"@id":"https:\/\/www.immobilienbusiness.ch\/#organization"},"potentialAction":[{"@type":"SearchAction","target":{"@type":"EntryPoint","urlTemplate":"https:\/\/www.immobilienbusiness.ch\/?s={search_term_string}"},"query-input":{"@type":"PropertyValueSpecification","valueRequired":true,"valueName":"search_term_string"}}],"inLanguage":"it-IT"},{"@type":"Organization","@id":"https:\/\/www.immobilienbusiness.ch\/#organization","name":"Affari immobiliari","url":"https:\/\/www.immobilienbusiness.ch\/","logo":{"@type":"ImageObject","inLanguage":"it-IT","@id":"https:\/\/www.immobilienbusiness.ch\/#\/schema\/logo\/image\/","url":"https:\/\/www.immobilienbusiness.ch\/wp-content\/uploads\/2021\/07\/logo_ib.png","contentUrl":"https:\/\/www.immobilienbusiness.ch\/wp-content\/uploads\/2021\/07\/logo_ib.png","width":800,"height":181,"caption":"IMMOBILIEN Business"},"image":{"@id":"https:\/\/www.immobilienbusiness.ch\/#\/schema\/logo\/image\/"},"sameAs":["https:\/\/www.facebook.com\/immobilienbusiness\/"]},{"@type":"Person","@id":"https:\/\/www.immobilienbusiness.ch\/#\/schema\/person\/aa2bace6c5c5aad60102004a50c4eb1c","name":"Editoriale","image":{"@type":"ImageObject","inLanguage":"it-IT","@id":"https:\/\/secure.gravatar.com\/avatar\/ae2f4d718e6c49043e314ce431e7e645d646302a24a5ef5a8bc8e3f5a032e319?s=96&d=mm&r=g","url":"https:\/\/secure.gravatar.com\/avatar\/ae2f4d718e6c49043e314ce431e7e645d646302a24a5ef5a8bc8e3f5a032e319?s=96&d=mm&r=g","contentUrl":"https:\/\/secure.gravatar.com\/avatar\/ae2f4d718e6c49043e314ce431e7e645d646302a24a5ef5a8bc8e3f5a032e319?s=96&d=mm&r=g","caption":"Redaktion"},"sameAs":["http:\/\/develop.organisator.galledia.ch"],"url":"https:\/\/www.immobilienbusiness.ch\/it\/author\/admin\/"}]}},"_links":{"self":[{"href":"https:\/\/www.immobilienbusiness.ch\/it\/wp-json\/wp\/v2\/posts\/197","targetHints":{"allow":["GET"]}}],"collection":[{"href":"https:\/\/www.immobilienbusiness.ch\/it\/wp-json\/wp\/v2\/posts"}],"about":[{"href":"https:\/\/www.immobilienbusiness.ch\/it\/wp-json\/wp\/v2\/types\/post"}],"author":[{"embeddable":true,"href":"https:\/\/www.immobilienbusiness.ch\/it\/wp-json\/wp\/v2\/users\/1"}],"replies":[{"embeddable":true,"href":"https:\/\/www.immobilienbusiness.ch\/it\/wp-json\/wp\/v2\/comments?post=197"}],"version-history":[{"count":1,"href":"https:\/\/www.immobilienbusiness.ch\/it\/wp-json\/wp\/v2\/posts\/197\/revisions"}],"predecessor-version":[{"id":61452,"href":"https:\/\/www.immobilienbusiness.ch\/it\/wp-json\/wp\/v2\/posts\/197\/revisions\/61452"}],"wp:featuredmedia":[{"embeddable":true,"href":"https:\/\/www.immobilienbusiness.ch\/it\/wp-json\/wp\/v2\/media\/4490"}],"wp:attachment":[{"href":"https:\/\/www.immobilienbusiness.ch\/it\/wp-json\/wp\/v2\/media?parent=197"}],"wp:term":[{"taxonomy":"category","embeddable":true,"href":"https:\/\/www.immobilienbusiness.ch\/it\/wp-json\/wp\/v2\/categories?post=197"},{"taxonomy":"post_tag","embeddable":true,"href":"https:\/\/www.immobilienbusiness.ch\/it\/wp-json\/wp\/v2\/tags?post=197"}],"curies":[{"name":"wp","href":"https:\/\/api.w.org\/{rel}","templated":true}]}}