{"id":19692,"date":"2019-12-20T08:05:37","date_gmt":"2019-12-20T07:05:37","guid":{"rendered":"https:\/\/www.immobilienbusiness.ch\/?p=19692"},"modified":"2023-08-10T13:26:42","modified_gmt":"2023-08-10T11:26:42","slug":"the-circle-sap-und-hyatt-werden-bueromieter","status":"publish","type":"post","link":"https:\/\/www.immobilienbusiness.ch\/it\/regionen\/2019-12-20\/the-circle-sap-und-hyatt-werden-bueromieter\/","title":{"rendered":"The Circle: SAP e Hyatt diventano inquilini di uffici"},"content":{"rendered":"<figure id=\"attachment_5171\" aria-describedby=\"caption-attachment-5171\" style=\"width: 300px\" class=\"wp-caption alignnone\"><img loading=\"lazy\" decoding=\"async\" class=\"wp-image-5171 size-medium\" src=\"https:\/\/www.immobilienbusiness.ch\/wp-content\/uploads\/2016\/12\/Zuerich-Jelmoli-wird-Ankermieter-im-The-Circle-immobilien-business-300x194.jpg\" alt=\"SAP und Hyatt\" width=\"300\" height=\"194\" srcset=\"https:\/\/www.immobilienbusiness.ch\/wp-content\/uploads\/2016\/12\/Zuerich-Jelmoli-wird-Ankermieter-im-The-Circle-immobilien-business-300x194.jpg 300w, https:\/\/www.immobilienbusiness.ch\/wp-content\/uploads\/2016\/12\/Zuerich-Jelmoli-wird-Ankermieter-im-The-Circle-immobilien-business-1024x662.jpg 1024w, https:\/\/www.immobilienbusiness.ch\/wp-content\/uploads\/2016\/12\/Zuerich-Jelmoli-wird-Ankermieter-im-The-Circle-immobilien-business-768x496.jpg 768w, https:\/\/www.immobilienbusiness.ch\/wp-content\/uploads\/2016\/12\/Zuerich-Jelmoli-wird-Ankermieter-im-The-Circle-immobilien-business-1536x993.jpg 1536w, https:\/\/www.immobilienbusiness.ch\/wp-content\/uploads\/2016\/12\/Zuerich-Jelmoli-wird-Ankermieter-im-The-Circle-immobilien-business-2048x1324.jpg 2048w, https:\/\/www.immobilienbusiness.ch\/wp-content\/uploads\/2016\/12\/Zuerich-Jelmoli-wird-Ankermieter-im-The-Circle-immobilien-business-16x10.jpg 16w, https:\/\/www.immobilienbusiness.ch\/wp-content\/uploads\/2016\/12\/Zuerich-Jelmoli-wird-Ankermieter-im-The-Circle-immobilien-business-271x175.jpg 271w, https:\/\/www.immobilienbusiness.ch\/wp-content\/uploads\/2016\/12\/Zuerich-Jelmoli-wird-Ankermieter-im-The-Circle-immobilien-business-542x350.jpg 542w, https:\/\/www.immobilienbusiness.ch\/wp-content\/uploads\/2016\/12\/Zuerich-Jelmoli-wird-Ankermieter-im-The-Circle-immobilien-business-1238x800.jpg 1238w, https:\/\/www.immobilienbusiness.ch\/wp-content\/uploads\/2016\/12\/Zuerich-Jelmoli-wird-Ankermieter-im-The-Circle-immobilien-business-920x595.jpg 920w, https:\/\/www.immobilienbusiness.ch\/wp-content\/uploads\/2016\/12\/Zuerich-Jelmoli-wird-Ankermieter-im-The-Circle-immobilien-business-1400x905.jpg 1400w\" sizes=\"auto, (max-width: 300px) 100vw, 300px\" \/><figcaption id=\"caption-attachment-5171\" class=\"wp-caption-text\">Il cerchio (visualizzazione: Flughafen Z\u00fcrich AG)<\/figcaption><\/figure>\n<p>Secondo un comunicato dell'aeroporto di Zurigo, la societ\u00e0 di software SAP Svizzera trasferir\u00e0 la sua sede di Zurigo di oltre 4.500 m2 a The Circle. Hyatt International prevede di collocare il suo quartier generale per l'Europa, l'Africa, il Medio Oriente e l'Asia sud-occidentale (EAME\/SWA) nel progetto su larga scala. Hyatt gestir\u00e0 anche due hotel e il Centro Congressi a The Circle. La sede del gruppo alberghiero sar\u00e0 situata direttamente sopra il Centro Congressi.<\/p>\n<p>L'aeroporto di Zurigo annuncia anche che nelle ultime settimane sono stati firmati nuovi contratti con un parrucchiere, Valora Switzerland, L\u00e4derach e CC Swiss. Valora intende implementare il nuovo concetto di convenienza \"avec\", mentre CC Swiss gestir\u00e0 una clinica di bellezza ambulatoriale con il marchio \"CC Aesthetic\".<\/p>\n<p>Il Circolo aprir\u00e0 a tappe a partire da settembre 2020.\u00a0 <em>(ah)<\/em><\/p>","protected":false},"excerpt":{"rendered":"<p>Il grande progetto The Circle all'aeroporto di Zurigo ha trovato altri inquilini. Tra gli altri, SAP e Hyatt International occuperanno spazi per uffici.<\/p>","protected":false},"author":3,"featured_media":2830,"comment_status":"closed","ping_status":"closed","sticky":false,"template":"","format":"standard","meta":{"_acf_changed":false,"_yoast_wpseo_focuskw":"SAP und Hyatt","_yoast_wpseo_title":"","_yoast_wpseo_metadesc":"Das Grossprojekt The Circle am Z\u00fcrcher Flughafen hat weitere Mieter gefunden. Unter anderem werden SAP und Hyatt International B\u00fcrofl\u00e4chen belegen.","_yoast_wpseo_linkdex":51,"pgc_sgb_lightbox_settings":"","footnotes":""},"categories":[985],"tags":[1119,1231,1645,1777,1832],"class_list":["post-19692","post","type-post","status-publish","format-standard","has-post-thumbnail","hentry","category-regionen","tag-bueroimmobilien","tag-flughafen-zuerich","tag-retailflaechen","tag-the-circle","tag-vermietung"],"acf":[],"yoast_head":"<!-- This site is optimized with the Yoast SEO plugin v27.4 - https:\/\/yoast.com\/product\/yoast-seo-wordpress\/ -->\n<title>The Circle: SAP und Hyatt werden B\u00fcromieter - IMMOBILIEN Business<\/title>\n<meta name=\"description\" content=\"Das Grossprojekt The Circle am Z\u00fcrcher Flughafen hat weitere Mieter gefunden. Unter anderem werden SAP und Hyatt International B\u00fcrofl\u00e4chen belegen.\" \/>\n<meta name=\"robots\" content=\"index, follow, max-snippet:-1, max-image-preview:large, max-video-preview:-1\" \/>\n<link rel=\"canonical\" href=\"https:\/\/www.immobilienbusiness.ch\/it\/regionen\/2019-12-20\/the-circle-sap-und-hyatt-werden-bueromieter\/\" \/>\n<meta property=\"og:locale\" content=\"it_IT\" \/>\n<meta property=\"og:type\" content=\"article\" \/>\n<meta property=\"og:title\" content=\"The Circle: SAP und Hyatt werden B\u00fcromieter - IMMOBILIEN Business\" \/>\n<meta property=\"og:description\" content=\"Das Grossprojekt The Circle am Z\u00fcrcher Flughafen hat weitere Mieter gefunden. Unter anderem werden SAP und Hyatt International B\u00fcrofl\u00e4chen belegen.\" \/>\n<meta property=\"og:url\" content=\"https:\/\/www.immobilienbusiness.ch\/it\/regionen\/2019-12-20\/the-circle-sap-und-hyatt-werden-bueromieter\/\" \/>\n<meta property=\"og:site_name\" content=\"IMMOBILIEN Business\" \/>\n<meta property=\"article:publisher\" content=\"https:\/\/www.facebook.com\/immobilienbusiness\/\" \/>\n<meta property=\"article:published_time\" content=\"2019-12-20T07:05:37+00:00\" \/>\n<meta property=\"article:modified_time\" content=\"2023-08-10T11:26:42+00:00\" \/>\n<meta property=\"og:image\" content=\"https:\/\/www.immobilienbusiness.ch\/wp-content\/uploads\/2019\/09\/ibrief_285_Projekt_The_Circle_Foto__18640.jpg\" \/>\n\t<meta property=\"og:image:width\" content=\"1024\" \/>\n\t<meta property=\"og:image:height\" content=\"662\" \/>\n\t<meta property=\"og:image:type\" content=\"image\/jpeg\" \/>\n<meta name=\"author\" content=\"anja.hall\" \/>\n<meta name=\"twitter:card\" content=\"summary_large_image\" \/>\n<meta name=\"twitter:image\" content=\"https:\/\/www.immobilienbusiness.ch\/wp-content\/uploads\/2019\/09\/ibrief_285_Projekt_The_Circle_Foto__18640.jpg\" \/>\n<script type=\"application\/ld+json\" class=\"yoast-schema-graph\">{\"@context\":\"https:\\\/\\\/schema.org\",\"@graph\":[{\"@type\":\"Article\",\"@id\":\"https:\\\/\\\/www.immobilienbusiness.ch\\\/en\\\/regionen\\\/2019-12-20\\\/the-circle-sap-und-hyatt-werden-bueromieter\\\/#article\",\"isPartOf\":{\"@id\":\"https:\\\/\\\/www.immobilienbusiness.ch\\\/en\\\/regionen\\\/2019-12-20\\\/the-circle-sap-und-hyatt-werden-bueromieter\\\/\"},\"author\":{\"name\":\"anja.hall\",\"@id\":\"https:\\\/\\\/www.immobilienbusiness.ch\\\/#\\\/schema\\\/person\\\/3fc036297b10b9f42d6db5ee932af8c8\"},\"headline\":\"The Circle: SAP und Hyatt werden B\u00fcromieter\",\"datePublished\":\"2019-12-20T07:05:37+00:00\",\"dateModified\":\"2023-08-10T11:26:42+00:00\",\"mainEntityOfPage\":{\"@id\":\"https:\\\/\\\/www.immobilienbusiness.ch\\\/en\\\/regionen\\\/2019-12-20\\\/the-circle-sap-und-hyatt-werden-bueromieter\\\/\"},\"wordCount\":151,\"publisher\":{\"@id\":\"https:\\\/\\\/www.immobilienbusiness.ch\\\/#organization\"},\"image\":{\"@id\":\"https:\\\/\\\/www.immobilienbusiness.ch\\\/en\\\/regionen\\\/2019-12-20\\\/the-circle-sap-und-hyatt-werden-bueromieter\\\/#primaryimage\"},\"thumbnailUrl\":\"https:\\\/\\\/www.immobilienbusiness.ch\\\/wp-content\\\/uploads\\\/2016\\\/12\\\/Hyatt-konkretisiert-Plaene-fuer-The-Circle-immobilien-business.jpg\",\"keywords\":[\"B\u00fcroimmobilien\",\"Flughafen Z\u00fcrich\",\"Retailfl\u00e4chen\",\"The Circle\",\"Vermietung\"],\"articleSection\":[\"REGIONEN\"],\"inLanguage\":\"it-IT\"},{\"@type\":\"WebPage\",\"@id\":\"https:\\\/\\\/www.immobilienbusiness.ch\\\/en\\\/regionen\\\/2019-12-20\\\/the-circle-sap-und-hyatt-werden-bueromieter\\\/\",\"url\":\"https:\\\/\\\/www.immobilienbusiness.ch\\\/en\\\/regionen\\\/2019-12-20\\\/the-circle-sap-und-hyatt-werden-bueromieter\\\/\",\"name\":\"The Circle: SAP und Hyatt werden B\u00fcromieter - IMMOBILIEN Business\",\"isPartOf\":{\"@id\":\"https:\\\/\\\/www.immobilienbusiness.ch\\\/#website\"},\"primaryImageOfPage\":{\"@id\":\"https:\\\/\\\/www.immobilienbusiness.ch\\\/en\\\/regionen\\\/2019-12-20\\\/the-circle-sap-und-hyatt-werden-bueromieter\\\/#primaryimage\"},\"image\":{\"@id\":\"https:\\\/\\\/www.immobilienbusiness.ch\\\/en\\\/regionen\\\/2019-12-20\\\/the-circle-sap-und-hyatt-werden-bueromieter\\\/#primaryimage\"},\"thumbnailUrl\":\"https:\\\/\\\/www.immobilienbusiness.ch\\\/wp-content\\\/uploads\\\/2016\\\/12\\\/Hyatt-konkretisiert-Plaene-fuer-The-Circle-immobilien-business.jpg\",\"datePublished\":\"2019-12-20T07:05:37+00:00\",\"dateModified\":\"2023-08-10T11:26:42+00:00\",\"description\":\"Das Grossprojekt The Circle am Z\u00fcrcher Flughafen hat weitere Mieter gefunden. Unter anderem werden SAP und Hyatt International B\u00fcrofl\u00e4chen belegen.\",\"breadcrumb\":{\"@id\":\"https:\\\/\\\/www.immobilienbusiness.ch\\\/en\\\/regionen\\\/2019-12-20\\\/the-circle-sap-und-hyatt-werden-bueromieter\\\/#breadcrumb\"},\"inLanguage\":\"it-IT\",\"potentialAction\":[{\"@type\":\"ReadAction\",\"target\":[\"https:\\\/\\\/www.immobilienbusiness.ch\\\/en\\\/regionen\\\/2019-12-20\\\/the-circle-sap-und-hyatt-werden-bueromieter\\\/\"]}]},{\"@type\":\"ImageObject\",\"inLanguage\":\"it-IT\",\"@id\":\"https:\\\/\\\/www.immobilienbusiness.ch\\\/en\\\/regionen\\\/2019-12-20\\\/the-circle-sap-und-hyatt-werden-bueromieter\\\/#primaryimage\",\"url\":\"https:\\\/\\\/www.immobilienbusiness.ch\\\/wp-content\\\/uploads\\\/2016\\\/12\\\/Hyatt-konkretisiert-Plaene-fuer-The-Circle-immobilien-business.jpg\",\"contentUrl\":\"https:\\\/\\\/www.immobilienbusiness.ch\\\/wp-content\\\/uploads\\\/2016\\\/12\\\/Hyatt-konkretisiert-Plaene-fuer-The-Circle-immobilien-business.jpg\",\"width\":1024,\"height\":662,\"caption\":\"Hyatt wird in The Circle zwei Hotels betreiben (Visualisierung: The Circle.ch)\"},{\"@type\":\"BreadcrumbList\",\"@id\":\"https:\\\/\\\/www.immobilienbusiness.ch\\\/en\\\/regionen\\\/2019-12-20\\\/the-circle-sap-und-hyatt-werden-bueromieter\\\/#breadcrumb\",\"itemListElement\":[{\"@type\":\"ListItem\",\"position\":1,\"name\":\"Home\",\"item\":\"https:\\\/\\\/www.immobilienbusiness.ch\\\/\"},{\"@type\":\"ListItem\",\"position\":2,\"name\":\"The Circle: SAP und Hyatt werden B\u00fcromieter\"}]},{\"@type\":\"WebSite\",\"@id\":\"https:\\\/\\\/www.immobilienbusiness.ch\\\/#website\",\"url\":\"https:\\\/\\\/www.immobilienbusiness.ch\\\/\",\"name\":\"IMMOBILIEN Business\",\"description\":\"Unabh\u00e4ngiges Schweizer Wirtschaftsmagazin mit Fokus auf Immobilien, Architektur- und Bau sowie Investment- und Finanzierung.\",\"publisher\":{\"@id\":\"https:\\\/\\\/www.immobilienbusiness.ch\\\/#organization\"},\"potentialAction\":[{\"@type\":\"SearchAction\",\"target\":{\"@type\":\"EntryPoint\",\"urlTemplate\":\"https:\\\/\\\/www.immobilienbusiness.ch\\\/?s={search_term_string}\"},\"query-input\":{\"@type\":\"PropertyValueSpecification\",\"valueRequired\":true,\"valueName\":\"search_term_string\"}}],\"inLanguage\":\"it-IT\"},{\"@type\":\"Organization\",\"@id\":\"https:\\\/\\\/www.immobilienbusiness.ch\\\/#organization\",\"name\":\"IMMOBILIEN Business\",\"url\":\"https:\\\/\\\/www.immobilienbusiness.ch\\\/\",\"logo\":{\"@type\":\"ImageObject\",\"inLanguage\":\"it-IT\",\"@id\":\"https:\\\/\\\/www.immobilienbusiness.ch\\\/#\\\/schema\\\/logo\\\/image\\\/\",\"url\":\"https:\\\/\\\/www.immobilienbusiness.ch\\\/wp-content\\\/uploads\\\/2021\\\/07\\\/logo_ib.png\",\"contentUrl\":\"https:\\\/\\\/www.immobilienbusiness.ch\\\/wp-content\\\/uploads\\\/2021\\\/07\\\/logo_ib.png\",\"width\":800,\"height\":181,\"caption\":\"IMMOBILIEN Business\"},\"image\":{\"@id\":\"https:\\\/\\\/www.immobilienbusiness.ch\\\/#\\\/schema\\\/logo\\\/image\\\/\"},\"sameAs\":[\"https:\\\/\\\/www.facebook.com\\\/immobilienbusiness\\\/\"]},{\"@type\":\"Person\",\"@id\":\"https:\\\/\\\/www.immobilienbusiness.ch\\\/#\\\/schema\\\/person\\\/3fc036297b10b9f42d6db5ee932af8c8\",\"name\":\"anja.hall\",\"image\":{\"@type\":\"ImageObject\",\"inLanguage\":\"it-IT\",\"@id\":\"https:\\\/\\\/secure.gravatar.com\\\/avatar\\\/066b5a0d447013502c71a5782f4f3469f03cfe595cc2329fb94652fe47511bfb?s=96&d=mm&r=g\",\"url\":\"https:\\\/\\\/secure.gravatar.com\\\/avatar\\\/066b5a0d447013502c71a5782f4f3469f03cfe595cc2329fb94652fe47511bfb?s=96&d=mm&r=g\",\"contentUrl\":\"https:\\\/\\\/secure.gravatar.com\\\/avatar\\\/066b5a0d447013502c71a5782f4f3469f03cfe595cc2329fb94652fe47511bfb?s=96&d=mm&r=g\",\"caption\":\"anja.hall\"},\"url\":\"https:\\\/\\\/www.immobilienbusiness.ch\\\/it\\\/author\\\/anja-hall\\\/\"}]}<\/script>\n<!-- \/ Yoast SEO plugin. -->","yoast_head_json":{"title":"The Circle: SAP und Hyatt werden B\u00fcromieter - IMMOBILIEN Business","description":"Il grande progetto The Circle all'aeroporto di Zurigo ha trovato altri inquilini. Tra gli altri, SAP e Hyatt International occuperanno spazi per uffici.","robots":{"index":"index","follow":"follow","max-snippet":"max-snippet:-1","max-image-preview":"max-image-preview:large","max-video-preview":"max-video-preview:-1"},"canonical":"https:\/\/www.immobilienbusiness.ch\/it\/regionen\/2019-12-20\/the-circle-sap-und-hyatt-werden-bueromieter\/","og_locale":"it_IT","og_type":"article","og_title":"The Circle: SAP und Hyatt werden B\u00fcromieter - IMMOBILIEN Business","og_description":"Das Grossprojekt The Circle am Z\u00fcrcher Flughafen hat weitere Mieter gefunden. Unter anderem werden SAP und Hyatt International B\u00fcrofl\u00e4chen belegen.","og_url":"https:\/\/www.immobilienbusiness.ch\/it\/regionen\/2019-12-20\/the-circle-sap-und-hyatt-werden-bueromieter\/","og_site_name":"IMMOBILIEN Business","article_publisher":"https:\/\/www.facebook.com\/immobilienbusiness\/","article_published_time":"2019-12-20T07:05:37+00:00","article_modified_time":"2023-08-10T11:26:42+00:00","og_image":[{"width":1024,"height":662,"url":"https:\/\/www.immobilienbusiness.ch\/wp-content\/uploads\/2019\/09\/ibrief_285_Projekt_The_Circle_Foto__18640.jpg","type":"image\/jpeg"}],"author":"anja.hall","twitter_card":"summary_large_image","twitter_image":"https:\/\/www.immobilienbusiness.ch\/wp-content\/uploads\/2019\/09\/ibrief_285_Projekt_The_Circle_Foto__18640.jpg","schema":{"@context":"https:\/\/schema.org","@graph":[{"@type":"Article","@id":"https:\/\/www.immobilienbusiness.ch\/en\/regionen\/2019-12-20\/the-circle-sap-und-hyatt-werden-bueromieter\/#article","isPartOf":{"@id":"https:\/\/www.immobilienbusiness.ch\/en\/regionen\/2019-12-20\/the-circle-sap-und-hyatt-werden-bueromieter\/"},"author":{"name":"anja.hall","@id":"https:\/\/www.immobilienbusiness.ch\/#\/schema\/person\/3fc036297b10b9f42d6db5ee932af8c8"},"headline":"The Circle: SAP und Hyatt werden B\u00fcromieter","datePublished":"2019-12-20T07:05:37+00:00","dateModified":"2023-08-10T11:26:42+00:00","mainEntityOfPage":{"@id":"https:\/\/www.immobilienbusiness.ch\/en\/regionen\/2019-12-20\/the-circle-sap-und-hyatt-werden-bueromieter\/"},"wordCount":151,"publisher":{"@id":"https:\/\/www.immobilienbusiness.ch\/#organization"},"image":{"@id":"https:\/\/www.immobilienbusiness.ch\/en\/regionen\/2019-12-20\/the-circle-sap-und-hyatt-werden-bueromieter\/#primaryimage"},"thumbnailUrl":"https:\/\/www.immobilienbusiness.ch\/wp-content\/uploads\/2016\/12\/Hyatt-konkretisiert-Plaene-fuer-The-Circle-immobilien-business.jpg","keywords":["B\u00fcroimmobilien","Flughafen Z\u00fcrich","Retailfl\u00e4chen","The Circle","Vermietung"],"articleSection":["REGIONEN"],"inLanguage":"it-IT"},{"@type":"WebPage","@id":"https:\/\/www.immobilienbusiness.ch\/en\/regionen\/2019-12-20\/the-circle-sap-und-hyatt-werden-bueromieter\/","url":"https:\/\/www.immobilienbusiness.ch\/en\/regionen\/2019-12-20\/the-circle-sap-und-hyatt-werden-bueromieter\/","name":"The Circle: SAP und Hyatt werden B\u00fcromieter - IMMOBILIEN Business","isPartOf":{"@id":"https:\/\/www.immobilienbusiness.ch\/#website"},"primaryImageOfPage":{"@id":"https:\/\/www.immobilienbusiness.ch\/en\/regionen\/2019-12-20\/the-circle-sap-und-hyatt-werden-bueromieter\/#primaryimage"},"image":{"@id":"https:\/\/www.immobilienbusiness.ch\/en\/regionen\/2019-12-20\/the-circle-sap-und-hyatt-werden-bueromieter\/#primaryimage"},"thumbnailUrl":"https:\/\/www.immobilienbusiness.ch\/wp-content\/uploads\/2016\/12\/Hyatt-konkretisiert-Plaene-fuer-The-Circle-immobilien-business.jpg","datePublished":"2019-12-20T07:05:37+00:00","dateModified":"2023-08-10T11:26:42+00:00","description":"Il grande progetto The Circle all'aeroporto di Zurigo ha trovato altri inquilini. Tra gli altri, SAP e Hyatt International occuperanno spazi per uffici.","breadcrumb":{"@id":"https:\/\/www.immobilienbusiness.ch\/en\/regionen\/2019-12-20\/the-circle-sap-und-hyatt-werden-bueromieter\/#breadcrumb"},"inLanguage":"it-IT","potentialAction":[{"@type":"ReadAction","target":["https:\/\/www.immobilienbusiness.ch\/en\/regionen\/2019-12-20\/the-circle-sap-und-hyatt-werden-bueromieter\/"]}]},{"@type":"ImageObject","inLanguage":"it-IT","@id":"https:\/\/www.immobilienbusiness.ch\/en\/regionen\/2019-12-20\/the-circle-sap-und-hyatt-werden-bueromieter\/#primaryimage","url":"https:\/\/www.immobilienbusiness.ch\/wp-content\/uploads\/2016\/12\/Hyatt-konkretisiert-Plaene-fuer-The-Circle-immobilien-business.jpg","contentUrl":"https:\/\/www.immobilienbusiness.ch\/wp-content\/uploads\/2016\/12\/Hyatt-konkretisiert-Plaene-fuer-The-Circle-immobilien-business.jpg","width":1024,"height":662,"caption":"Hyatt wird in The Circle zwei Hotels betreiben (Visualisierung: The Circle.ch)"},{"@type":"BreadcrumbList","@id":"https:\/\/www.immobilienbusiness.ch\/en\/regionen\/2019-12-20\/the-circle-sap-und-hyatt-werden-bueromieter\/#breadcrumb","itemListElement":[{"@type":"ListItem","position":1,"name":"Home","item":"https:\/\/www.immobilienbusiness.ch\/"},{"@type":"ListItem","position":2,"name":"The Circle: SAP und Hyatt werden B\u00fcromieter"}]},{"@type":"WebSite","@id":"https:\/\/www.immobilienbusiness.ch\/#website","url":"https:\/\/www.immobilienbusiness.ch\/","name":"Affari immobiliari","description":"Rivista economica indipendente svizzera che si concentra sul settore immobiliare, l'architettura e la costruzione, nonch\u00e9 sugli investimenti e i finanziamenti.","publisher":{"@id":"https:\/\/www.immobilienbusiness.ch\/#organization"},"potentialAction":[{"@type":"SearchAction","target":{"@type":"EntryPoint","urlTemplate":"https:\/\/www.immobilienbusiness.ch\/?s={search_term_string}"},"query-input":{"@type":"PropertyValueSpecification","valueRequired":true,"valueName":"search_term_string"}}],"inLanguage":"it-IT"},{"@type":"Organization","@id":"https:\/\/www.immobilienbusiness.ch\/#organization","name":"Affari immobiliari","url":"https:\/\/www.immobilienbusiness.ch\/","logo":{"@type":"ImageObject","inLanguage":"it-IT","@id":"https:\/\/www.immobilienbusiness.ch\/#\/schema\/logo\/image\/","url":"https:\/\/www.immobilienbusiness.ch\/wp-content\/uploads\/2021\/07\/logo_ib.png","contentUrl":"https:\/\/www.immobilienbusiness.ch\/wp-content\/uploads\/2021\/07\/logo_ib.png","width":800,"height":181,"caption":"IMMOBILIEN Business"},"image":{"@id":"https:\/\/www.immobilienbusiness.ch\/#\/schema\/logo\/image\/"},"sameAs":["https:\/\/www.facebook.com\/immobilienbusiness\/"]},{"@type":"Person","@id":"https:\/\/www.immobilienbusiness.ch\/#\/schema\/person\/3fc036297b10b9f42d6db5ee932af8c8","name":"anja.hall","image":{"@type":"ImageObject","inLanguage":"it-IT","@id":"https:\/\/secure.gravatar.com\/avatar\/066b5a0d447013502c71a5782f4f3469f03cfe595cc2329fb94652fe47511bfb?s=96&d=mm&r=g","url":"https:\/\/secure.gravatar.com\/avatar\/066b5a0d447013502c71a5782f4f3469f03cfe595cc2329fb94652fe47511bfb?s=96&d=mm&r=g","contentUrl":"https:\/\/secure.gravatar.com\/avatar\/066b5a0d447013502c71a5782f4f3469f03cfe595cc2329fb94652fe47511bfb?s=96&d=mm&r=g","caption":"anja.hall"},"url":"https:\/\/www.immobilienbusiness.ch\/it\/author\/anja-hall\/"}]}},"_links":{"self":[{"href":"https:\/\/www.immobilienbusiness.ch\/it\/wp-json\/wp\/v2\/posts\/19692","targetHints":{"allow":["GET"]}}],"collection":[{"href":"https:\/\/www.immobilienbusiness.ch\/it\/wp-json\/wp\/v2\/posts"}],"about":[{"href":"https:\/\/www.immobilienbusiness.ch\/it\/wp-json\/wp\/v2\/types\/post"}],"author":[{"embeddable":true,"href":"https:\/\/www.immobilienbusiness.ch\/it\/wp-json\/wp\/v2\/users\/3"}],"replies":[{"embeddable":true,"href":"https:\/\/www.immobilienbusiness.ch\/it\/wp-json\/wp\/v2\/comments?post=19692"}],"version-history":[{"count":2,"href":"https:\/\/www.immobilienbusiness.ch\/it\/wp-json\/wp\/v2\/posts\/19692\/revisions"}],"predecessor-version":[{"id":51945,"href":"https:\/\/www.immobilienbusiness.ch\/it\/wp-json\/wp\/v2\/posts\/19692\/revisions\/51945"}],"wp:featuredmedia":[{"embeddable":true,"href":"https:\/\/www.immobilienbusiness.ch\/it\/wp-json\/wp\/v2\/media\/2830"}],"wp:attachment":[{"href":"https:\/\/www.immobilienbusiness.ch\/it\/wp-json\/wp\/v2\/media?parent=19692"}],"wp:term":[{"taxonomy":"category","embeddable":true,"href":"https:\/\/www.immobilienbusiness.ch\/it\/wp-json\/wp\/v2\/categories?post=19692"},{"taxonomy":"post_tag","embeddable":true,"href":"https:\/\/www.immobilienbusiness.ch\/it\/wp-json\/wp\/v2\/tags?post=19692"}],"curies":[{"name":"wp","href":"https:\/\/api.w.org\/{rel}","templated":true}]}}