{"id":19602,"date":"2019-12-13T08:38:28","date_gmt":"2019-12-13T07:38:28","guid":{"rendered":"https:\/\/www.immobilienbusiness.ch\/?p=19602"},"modified":"2019-12-13T08:38:28","modified_gmt":"2019-12-13T07:38:28","slug":"rothschild-fonds-investiert-im-grossraum-paris","status":"publish","type":"post","link":"https:\/\/www.immobilienbusiness.ch\/it\/unternehmen\/2019-12-13\/rothschild-fonds-investiert-im-grossraum-paris\/","title":{"rendered":"Il fondo Rothschild investe nella Grande Parigi"},"content":{"rendered":"<figure id=\"attachment_17368\" aria-describedby=\"caption-attachment-17368\" style=\"width: 680px\" class=\"wp-caption alignnone\"><img loading=\"lazy\" decoding=\"async\" class=\"size-medium wp-image-17368\" src=\"https:\/\/www.immobilienbusiness.ch\/wp-content\/uploads\/2019\/06\/Depositphotos_174191974_s-2019.jpg\" alt=\"\" width=\"680\" height=\"454\" srcset=\"https:\/\/www.immobilienbusiness.ch\/wp-content\/uploads\/2019\/06\/Depositphotos_174191974_s-2019.jpg 1000w, https:\/\/www.immobilienbusiness.ch\/wp-content\/uploads\/2019\/06\/Depositphotos_174191974_s-2019-300x200.jpg 300w, https:\/\/www.immobilienbusiness.ch\/wp-content\/uploads\/2019\/06\/Depositphotos_174191974_s-2019-768x512.jpg 768w, https:\/\/www.immobilienbusiness.ch\/wp-content\/uploads\/2019\/06\/Depositphotos_174191974_s-2019-16x12.jpg 16w, https:\/\/www.immobilienbusiness.ch\/wp-content\/uploads\/2019\/06\/Depositphotos_174191974_s-2019-262x175.jpg 262w, https:\/\/www.immobilienbusiness.ch\/wp-content\/uploads\/2019\/06\/Depositphotos_174191974_s-2019-525x350.jpg 525w, https:\/\/www.immobilienbusiness.ch\/wp-content\/uploads\/2019\/06\/Depositphotos_174191974_s-2019-920x614.jpg 920w\" sizes=\"auto, (max-width: 680px) 100vw, 680px\" \/><figcaption id=\"caption-attachment-17368\" class=\"wp-caption-text\">Il Fondo Rothschild e Orox Smart Estate investe nell'area della Grande Parigi (Immagine: encrier - depositphotos)<\/figcaption><\/figure>\n<p>Si tratta del terzo investimento del Fondo Smart Estate, hanno annunciato Rothschild e Orox Asset Management.<\/p>\n<p>L'edificio per uffici \u00e8 attualmente in costruzione e il suo completamento \u00e8 previsto per il primo trimestre del 2021. Si estender\u00e0 su una superficie di oltre 3.300 mq. La struttura si trova al 44 di rue Armand Carrel, una strada tra Porte de Vincennes e Porte de Montreuil. Raggiunger\u00e0 lo standard BREEAM \"eccellente\" e avr\u00e0, tra l'altro, pannelli solari fotovoltaici e un tetto verde per la cattura di CO2.<\/p>\n<p>Porte de Montreuil \u00e8 stata inserita nel Nuovo Programma Nazionale di Rinnovamento Urbano, che mira a rafforzare i collegamenti tra Parigi e i quartieri circostanti e a promuovere la mobilit\u00e0 dolce. Bas-Montreuil ha un tasso di sfitto di 1,6%, secondo Rothschild e Orox; \u00e8 collegata al centro di Parigi da un collegamento diretto in metropolitana e presenta \"livelli di affitto competitivi\" rispetto al centro di Parigi. <em>(ah)<\/em><\/p>","protected":false},"excerpt":{"rendered":"<p>Il fondo Smart Estate di Rothschild e la sua filiale svizzera Orox Asset Management hanno acquistato un edificio per uffici nella zona est di Parigi.<\/p>","protected":false},"author":3,"featured_media":17368,"comment_status":"closed","ping_status":"open","sticky":false,"template":"","format":"standard","meta":{"_acf_changed":false,"_yoast_wpseo_focuskw":"Rothschild","_yoast_wpseo_title":"","_yoast_wpseo_metadesc":"Der Smart Estate Fonds von Rothschild und der Schweizer Tochtergesellschaft Orox Asset Management hat ein B\u00fcrogeb\u00e4ude im Osten von Paris erworben.","_yoast_wpseo_linkdex":52,"pgc_sgb_lightbox_settings":"","footnotes":""},"categories":[988],"tags":[1052,1119,1182,1241,1348],"class_list":["post-19602","post","type-post","status-publish","format-standard","has-post-thumbnail","hentry","category-unternehmen","tag-ausland","tag-bueroimmobilien","tag-edmond-de-rothschild","tag-frankreich","tag-immobilienkauf"],"acf":[],"yoast_head":"<!-- This site is optimized with the Yoast SEO plugin v27.5 - https:\/\/yoast.com\/product\/yoast-seo-wordpress\/ -->\n<title>Rothschild-Fonds investiert im Grossraum Paris - IMMOBILIEN Business<\/title>\n<meta name=\"description\" content=\"Der Smart Estate Fonds von Rothschild und der Schweizer Tochtergesellschaft Orox Asset Management hat ein B\u00fcrogeb\u00e4ude im Osten von Paris erworben.\" \/>\n<meta name=\"robots\" content=\"index, follow, max-snippet:-1, max-image-preview:large, max-video-preview:-1\" \/>\n<link rel=\"canonical\" href=\"https:\/\/www.immobilienbusiness.ch\/it\/unternehmen\/2019-12-13\/rothschild-fonds-investiert-im-grossraum-paris\/\" \/>\n<meta property=\"og:locale\" content=\"it_IT\" \/>\n<meta property=\"og:type\" content=\"article\" \/>\n<meta property=\"og:title\" content=\"Rothschild-Fonds investiert im Grossraum Paris - IMMOBILIEN Business\" \/>\n<meta property=\"og:description\" content=\"Der Smart Estate Fonds von Rothschild und der Schweizer Tochtergesellschaft Orox Asset Management hat ein B\u00fcrogeb\u00e4ude im Osten von Paris erworben.\" \/>\n<meta property=\"og:url\" content=\"https:\/\/www.immobilienbusiness.ch\/it\/unternehmen\/2019-12-13\/rothschild-fonds-investiert-im-grossraum-paris\/\" \/>\n<meta property=\"og:site_name\" content=\"IMMOBILIEN Business\" \/>\n<meta property=\"article:publisher\" content=\"https:\/\/www.facebook.com\/immobilienbusiness\/\" \/>\n<meta property=\"article:published_time\" content=\"2019-12-13T07:38:28+00:00\" \/>\n<meta property=\"og:image\" content=\"https:\/\/www.immobilienbusiness.ch\/wp-content\/uploads\/2019\/11\/Paris.jpg\" \/>\n\t<meta property=\"og:image:width\" content=\"1000\" \/>\n\t<meta property=\"og:image:height\" content=\"667\" \/>\n\t<meta property=\"og:image:type\" content=\"image\/jpeg\" \/>\n<meta name=\"author\" content=\"anja.hall\" \/>\n<meta name=\"twitter:card\" content=\"summary_large_image\" \/>\n<meta name=\"twitter:image\" content=\"https:\/\/www.immobilienbusiness.ch\/wp-content\/uploads\/2019\/11\/Paris.jpg\" \/>\n<script type=\"application\/ld+json\" class=\"yoast-schema-graph\">{\"@context\":\"https:\\\/\\\/schema.org\",\"@graph\":[{\"@type\":\"Article\",\"@id\":\"https:\\\/\\\/www.immobilienbusiness.ch\\\/en\\\/unternehmen\\\/2019-12-13\\\/rothschild-fonds-investiert-im-grossraum-paris\\\/#article\",\"isPartOf\":{\"@id\":\"https:\\\/\\\/www.immobilienbusiness.ch\\\/en\\\/unternehmen\\\/2019-12-13\\\/rothschild-fonds-investiert-im-grossraum-paris\\\/\"},\"author\":{\"name\":\"anja.hall\",\"@id\":\"https:\\\/\\\/www.immobilienbusiness.ch\\\/#\\\/schema\\\/person\\\/3fc036297b10b9f42d6db5ee932af8c8\"},\"headline\":\"Rothschild-Fonds investiert im Grossraum Paris\",\"datePublished\":\"2019-12-13T07:38:28+00:00\",\"mainEntityOfPage\":{\"@id\":\"https:\\\/\\\/www.immobilienbusiness.ch\\\/en\\\/unternehmen\\\/2019-12-13\\\/rothschild-fonds-investiert-im-grossraum-paris\\\/\"},\"wordCount\":180,\"publisher\":{\"@id\":\"https:\\\/\\\/www.immobilienbusiness.ch\\\/#organization\"},\"image\":{\"@id\":\"https:\\\/\\\/www.immobilienbusiness.ch\\\/en\\\/unternehmen\\\/2019-12-13\\\/rothschild-fonds-investiert-im-grossraum-paris\\\/#primaryimage\"},\"thumbnailUrl\":\"https:\\\/\\\/www.immobilienbusiness.ch\\\/wp-content\\\/uploads\\\/2019\\\/06\\\/Depositphotos_174191974_s-2019.jpg\",\"keywords\":[\"Ausland\",\"B\u00fcroimmobilien\",\"Edmond de Rothschild\",\"Frankreich\",\"Immobilienkauf\"],\"articleSection\":[\"UNTERNEHMEN\"],\"inLanguage\":\"it-IT\"},{\"@type\":\"WebPage\",\"@id\":\"https:\\\/\\\/www.immobilienbusiness.ch\\\/en\\\/unternehmen\\\/2019-12-13\\\/rothschild-fonds-investiert-im-grossraum-paris\\\/\",\"url\":\"https:\\\/\\\/www.immobilienbusiness.ch\\\/en\\\/unternehmen\\\/2019-12-13\\\/rothschild-fonds-investiert-im-grossraum-paris\\\/\",\"name\":\"Rothschild-Fonds investiert im Grossraum Paris - IMMOBILIEN Business\",\"isPartOf\":{\"@id\":\"https:\\\/\\\/www.immobilienbusiness.ch\\\/#website\"},\"primaryImageOfPage\":{\"@id\":\"https:\\\/\\\/www.immobilienbusiness.ch\\\/en\\\/unternehmen\\\/2019-12-13\\\/rothschild-fonds-investiert-im-grossraum-paris\\\/#primaryimage\"},\"image\":{\"@id\":\"https:\\\/\\\/www.immobilienbusiness.ch\\\/en\\\/unternehmen\\\/2019-12-13\\\/rothschild-fonds-investiert-im-grossraum-paris\\\/#primaryimage\"},\"thumbnailUrl\":\"https:\\\/\\\/www.immobilienbusiness.ch\\\/wp-content\\\/uploads\\\/2019\\\/06\\\/Depositphotos_174191974_s-2019.jpg\",\"datePublished\":\"2019-12-13T07:38:28+00:00\",\"description\":\"Der Smart Estate Fonds von Rothschild und der Schweizer Tochtergesellschaft Orox Asset Management hat ein B\u00fcrogeb\u00e4ude im Osten von Paris erworben.\",\"breadcrumb\":{\"@id\":\"https:\\\/\\\/www.immobilienbusiness.ch\\\/en\\\/unternehmen\\\/2019-12-13\\\/rothschild-fonds-investiert-im-grossraum-paris\\\/#breadcrumb\"},\"inLanguage\":\"it-IT\",\"potentialAction\":[{\"@type\":\"ReadAction\",\"target\":[\"https:\\\/\\\/www.immobilienbusiness.ch\\\/en\\\/unternehmen\\\/2019-12-13\\\/rothschild-fonds-investiert-im-grossraum-paris\\\/\"]}]},{\"@type\":\"ImageObject\",\"inLanguage\":\"it-IT\",\"@id\":\"https:\\\/\\\/www.immobilienbusiness.ch\\\/en\\\/unternehmen\\\/2019-12-13\\\/rothschild-fonds-investiert-im-grossraum-paris\\\/#primaryimage\",\"url\":\"https:\\\/\\\/www.immobilienbusiness.ch\\\/wp-content\\\/uploads\\\/2019\\\/06\\\/Depositphotos_174191974_s-2019.jpg\",\"contentUrl\":\"https:\\\/\\\/www.immobilienbusiness.ch\\\/wp-content\\\/uploads\\\/2019\\\/06\\\/Depositphotos_174191974_s-2019.jpg\",\"width\":1000,\"height\":667,\"caption\":\"Paris und Berlin liegen im Fokus eines neuen Vehikels von Swiss Life (Bild: encrier - depositphotos)\"},{\"@type\":\"BreadcrumbList\",\"@id\":\"https:\\\/\\\/www.immobilienbusiness.ch\\\/en\\\/unternehmen\\\/2019-12-13\\\/rothschild-fonds-investiert-im-grossraum-paris\\\/#breadcrumb\",\"itemListElement\":[{\"@type\":\"ListItem\",\"position\":1,\"name\":\"Home\",\"item\":\"https:\\\/\\\/www.immobilienbusiness.ch\\\/\"},{\"@type\":\"ListItem\",\"position\":2,\"name\":\"Rothschild-Fonds investiert im Grossraum Paris\"}]},{\"@type\":\"WebSite\",\"@id\":\"https:\\\/\\\/www.immobilienbusiness.ch\\\/#website\",\"url\":\"https:\\\/\\\/www.immobilienbusiness.ch\\\/\",\"name\":\"IMMOBILIEN Business\",\"description\":\"Unabh\u00e4ngiges Schweizer Wirtschaftsmagazin mit Fokus auf Immobilien, Architektur- und Bau sowie Investment- und Finanzierung.\",\"publisher\":{\"@id\":\"https:\\\/\\\/www.immobilienbusiness.ch\\\/#organization\"},\"potentialAction\":[{\"@type\":\"SearchAction\",\"target\":{\"@type\":\"EntryPoint\",\"urlTemplate\":\"https:\\\/\\\/www.immobilienbusiness.ch\\\/?s={search_term_string}\"},\"query-input\":{\"@type\":\"PropertyValueSpecification\",\"valueRequired\":true,\"valueName\":\"search_term_string\"}}],\"inLanguage\":\"it-IT\"},{\"@type\":\"Organization\",\"@id\":\"https:\\\/\\\/www.immobilienbusiness.ch\\\/#organization\",\"name\":\"IMMOBILIEN Business\",\"url\":\"https:\\\/\\\/www.immobilienbusiness.ch\\\/\",\"logo\":{\"@type\":\"ImageObject\",\"inLanguage\":\"it-IT\",\"@id\":\"https:\\\/\\\/www.immobilienbusiness.ch\\\/#\\\/schema\\\/logo\\\/image\\\/\",\"url\":\"https:\\\/\\\/www.immobilienbusiness.ch\\\/wp-content\\\/uploads\\\/2021\\\/07\\\/logo_ib.png\",\"contentUrl\":\"https:\\\/\\\/www.immobilienbusiness.ch\\\/wp-content\\\/uploads\\\/2021\\\/07\\\/logo_ib.png\",\"width\":800,\"height\":181,\"caption\":\"IMMOBILIEN Business\"},\"image\":{\"@id\":\"https:\\\/\\\/www.immobilienbusiness.ch\\\/#\\\/schema\\\/logo\\\/image\\\/\"},\"sameAs\":[\"https:\\\/\\\/www.facebook.com\\\/immobilienbusiness\\\/\"]},{\"@type\":\"Person\",\"@id\":\"https:\\\/\\\/www.immobilienbusiness.ch\\\/#\\\/schema\\\/person\\\/3fc036297b10b9f42d6db5ee932af8c8\",\"name\":\"anja.hall\",\"image\":{\"@type\":\"ImageObject\",\"inLanguage\":\"it-IT\",\"@id\":\"https:\\\/\\\/secure.gravatar.com\\\/avatar\\\/066b5a0d447013502c71a5782f4f3469f03cfe595cc2329fb94652fe47511bfb?s=96&d=mm&r=g\",\"url\":\"https:\\\/\\\/secure.gravatar.com\\\/avatar\\\/066b5a0d447013502c71a5782f4f3469f03cfe595cc2329fb94652fe47511bfb?s=96&d=mm&r=g\",\"contentUrl\":\"https:\\\/\\\/secure.gravatar.com\\\/avatar\\\/066b5a0d447013502c71a5782f4f3469f03cfe595cc2329fb94652fe47511bfb?s=96&d=mm&r=g\",\"caption\":\"anja.hall\"},\"url\":\"https:\\\/\\\/www.immobilienbusiness.ch\\\/it\\\/author\\\/anja-hall\\\/\"}]}<\/script>\n<!-- \/ Yoast SEO plugin. -->","yoast_head_json":{"title":"Rothschild-Fonds investiert im Grossraum Paris - IMMOBILIEN Business","description":"Il fondo Smart Estate di Rothschild e la sua filiale svizzera Orox Asset Management hanno acquistato un edificio per uffici nella zona est di Parigi.","robots":{"index":"index","follow":"follow","max-snippet":"max-snippet:-1","max-image-preview":"max-image-preview:large","max-video-preview":"max-video-preview:-1"},"canonical":"https:\/\/www.immobilienbusiness.ch\/it\/unternehmen\/2019-12-13\/rothschild-fonds-investiert-im-grossraum-paris\/","og_locale":"it_IT","og_type":"article","og_title":"Rothschild-Fonds investiert im Grossraum Paris - IMMOBILIEN Business","og_description":"Der Smart Estate Fonds von Rothschild und der Schweizer Tochtergesellschaft Orox Asset Management hat ein B\u00fcrogeb\u00e4ude im Osten von Paris erworben.","og_url":"https:\/\/www.immobilienbusiness.ch\/it\/unternehmen\/2019-12-13\/rothschild-fonds-investiert-im-grossraum-paris\/","og_site_name":"IMMOBILIEN Business","article_publisher":"https:\/\/www.facebook.com\/immobilienbusiness\/","article_published_time":"2019-12-13T07:38:28+00:00","og_image":[{"width":1000,"height":667,"url":"https:\/\/www.immobilienbusiness.ch\/wp-content\/uploads\/2019\/11\/Paris.jpg","type":"image\/jpeg"}],"author":"anja.hall","twitter_card":"summary_large_image","twitter_image":"https:\/\/www.immobilienbusiness.ch\/wp-content\/uploads\/2019\/11\/Paris.jpg","schema":{"@context":"https:\/\/schema.org","@graph":[{"@type":"Article","@id":"https:\/\/www.immobilienbusiness.ch\/en\/unternehmen\/2019-12-13\/rothschild-fonds-investiert-im-grossraum-paris\/#article","isPartOf":{"@id":"https:\/\/www.immobilienbusiness.ch\/en\/unternehmen\/2019-12-13\/rothschild-fonds-investiert-im-grossraum-paris\/"},"author":{"name":"anja.hall","@id":"https:\/\/www.immobilienbusiness.ch\/#\/schema\/person\/3fc036297b10b9f42d6db5ee932af8c8"},"headline":"Rothschild-Fonds investiert im Grossraum Paris","datePublished":"2019-12-13T07:38:28+00:00","mainEntityOfPage":{"@id":"https:\/\/www.immobilienbusiness.ch\/en\/unternehmen\/2019-12-13\/rothschild-fonds-investiert-im-grossraum-paris\/"},"wordCount":180,"publisher":{"@id":"https:\/\/www.immobilienbusiness.ch\/#organization"},"image":{"@id":"https:\/\/www.immobilienbusiness.ch\/en\/unternehmen\/2019-12-13\/rothschild-fonds-investiert-im-grossraum-paris\/#primaryimage"},"thumbnailUrl":"https:\/\/www.immobilienbusiness.ch\/wp-content\/uploads\/2019\/06\/Depositphotos_174191974_s-2019.jpg","keywords":["Ausland","B\u00fcroimmobilien","Edmond de Rothschild","Frankreich","Immobilienkauf"],"articleSection":["UNTERNEHMEN"],"inLanguage":"it-IT"},{"@type":"WebPage","@id":"https:\/\/www.immobilienbusiness.ch\/en\/unternehmen\/2019-12-13\/rothschild-fonds-investiert-im-grossraum-paris\/","url":"https:\/\/www.immobilienbusiness.ch\/en\/unternehmen\/2019-12-13\/rothschild-fonds-investiert-im-grossraum-paris\/","name":"Rothschild-Fonds investiert im Grossraum Paris - IMMOBILIEN Business","isPartOf":{"@id":"https:\/\/www.immobilienbusiness.ch\/#website"},"primaryImageOfPage":{"@id":"https:\/\/www.immobilienbusiness.ch\/en\/unternehmen\/2019-12-13\/rothschild-fonds-investiert-im-grossraum-paris\/#primaryimage"},"image":{"@id":"https:\/\/www.immobilienbusiness.ch\/en\/unternehmen\/2019-12-13\/rothschild-fonds-investiert-im-grossraum-paris\/#primaryimage"},"thumbnailUrl":"https:\/\/www.immobilienbusiness.ch\/wp-content\/uploads\/2019\/06\/Depositphotos_174191974_s-2019.jpg","datePublished":"2019-12-13T07:38:28+00:00","description":"Il fondo Smart Estate di Rothschild e la sua filiale svizzera Orox Asset Management hanno acquistato un edificio per uffici nella zona est di Parigi.","breadcrumb":{"@id":"https:\/\/www.immobilienbusiness.ch\/en\/unternehmen\/2019-12-13\/rothschild-fonds-investiert-im-grossraum-paris\/#breadcrumb"},"inLanguage":"it-IT","potentialAction":[{"@type":"ReadAction","target":["https:\/\/www.immobilienbusiness.ch\/en\/unternehmen\/2019-12-13\/rothschild-fonds-investiert-im-grossraum-paris\/"]}]},{"@type":"ImageObject","inLanguage":"it-IT","@id":"https:\/\/www.immobilienbusiness.ch\/en\/unternehmen\/2019-12-13\/rothschild-fonds-investiert-im-grossraum-paris\/#primaryimage","url":"https:\/\/www.immobilienbusiness.ch\/wp-content\/uploads\/2019\/06\/Depositphotos_174191974_s-2019.jpg","contentUrl":"https:\/\/www.immobilienbusiness.ch\/wp-content\/uploads\/2019\/06\/Depositphotos_174191974_s-2019.jpg","width":1000,"height":667,"caption":"Paris und Berlin liegen im Fokus eines neuen Vehikels von Swiss Life (Bild: encrier - depositphotos)"},{"@type":"BreadcrumbList","@id":"https:\/\/www.immobilienbusiness.ch\/en\/unternehmen\/2019-12-13\/rothschild-fonds-investiert-im-grossraum-paris\/#breadcrumb","itemListElement":[{"@type":"ListItem","position":1,"name":"Home","item":"https:\/\/www.immobilienbusiness.ch\/"},{"@type":"ListItem","position":2,"name":"Rothschild-Fonds investiert im Grossraum Paris"}]},{"@type":"WebSite","@id":"https:\/\/www.immobilienbusiness.ch\/#website","url":"https:\/\/www.immobilienbusiness.ch\/","name":"Affari immobiliari","description":"Rivista economica indipendente svizzera che si concentra sul settore immobiliare, l'architettura e la costruzione, nonch\u00e9 sugli investimenti e i finanziamenti.","publisher":{"@id":"https:\/\/www.immobilienbusiness.ch\/#organization"},"potentialAction":[{"@type":"SearchAction","target":{"@type":"EntryPoint","urlTemplate":"https:\/\/www.immobilienbusiness.ch\/?s={search_term_string}"},"query-input":{"@type":"PropertyValueSpecification","valueRequired":true,"valueName":"search_term_string"}}],"inLanguage":"it-IT"},{"@type":"Organization","@id":"https:\/\/www.immobilienbusiness.ch\/#organization","name":"Affari immobiliari","url":"https:\/\/www.immobilienbusiness.ch\/","logo":{"@type":"ImageObject","inLanguage":"it-IT","@id":"https:\/\/www.immobilienbusiness.ch\/#\/schema\/logo\/image\/","url":"https:\/\/www.immobilienbusiness.ch\/wp-content\/uploads\/2021\/07\/logo_ib.png","contentUrl":"https:\/\/www.immobilienbusiness.ch\/wp-content\/uploads\/2021\/07\/logo_ib.png","width":800,"height":181,"caption":"IMMOBILIEN Business"},"image":{"@id":"https:\/\/www.immobilienbusiness.ch\/#\/schema\/logo\/image\/"},"sameAs":["https:\/\/www.facebook.com\/immobilienbusiness\/"]},{"@type":"Person","@id":"https:\/\/www.immobilienbusiness.ch\/#\/schema\/person\/3fc036297b10b9f42d6db5ee932af8c8","name":"anja.hall","image":{"@type":"ImageObject","inLanguage":"it-IT","@id":"https:\/\/secure.gravatar.com\/avatar\/066b5a0d447013502c71a5782f4f3469f03cfe595cc2329fb94652fe47511bfb?s=96&d=mm&r=g","url":"https:\/\/secure.gravatar.com\/avatar\/066b5a0d447013502c71a5782f4f3469f03cfe595cc2329fb94652fe47511bfb?s=96&d=mm&r=g","contentUrl":"https:\/\/secure.gravatar.com\/avatar\/066b5a0d447013502c71a5782f4f3469f03cfe595cc2329fb94652fe47511bfb?s=96&d=mm&r=g","caption":"anja.hall"},"url":"https:\/\/www.immobilienbusiness.ch\/it\/author\/anja-hall\/"}]}},"_links":{"self":[{"href":"https:\/\/www.immobilienbusiness.ch\/it\/wp-json\/wp\/v2\/posts\/19602","targetHints":{"allow":["GET"]}}],"collection":[{"href":"https:\/\/www.immobilienbusiness.ch\/it\/wp-json\/wp\/v2\/posts"}],"about":[{"href":"https:\/\/www.immobilienbusiness.ch\/it\/wp-json\/wp\/v2\/types\/post"}],"author":[{"embeddable":true,"href":"https:\/\/www.immobilienbusiness.ch\/it\/wp-json\/wp\/v2\/users\/3"}],"replies":[{"embeddable":true,"href":"https:\/\/www.immobilienbusiness.ch\/it\/wp-json\/wp\/v2\/comments?post=19602"}],"version-history":[{"count":0,"href":"https:\/\/www.immobilienbusiness.ch\/it\/wp-json\/wp\/v2\/posts\/19602\/revisions"}],"wp:featuredmedia":[{"embeddable":true,"href":"https:\/\/www.immobilienbusiness.ch\/it\/wp-json\/wp\/v2\/media\/17368"}],"wp:attachment":[{"href":"https:\/\/www.immobilienbusiness.ch\/it\/wp-json\/wp\/v2\/media?parent=19602"}],"wp:term":[{"taxonomy":"category","embeddable":true,"href":"https:\/\/www.immobilienbusiness.ch\/it\/wp-json\/wp\/v2\/categories?post=19602"},{"taxonomy":"post_tag","embeddable":true,"href":"https:\/\/www.immobilienbusiness.ch\/it\/wp-json\/wp\/v2\/tags?post=19602"}],"curies":[{"name":"wp","href":"https:\/\/api.w.org\/{rel}","templated":true}]}}