{"id":19325,"date":"2019-11-22T09:27:36","date_gmt":"2019-11-22T08:27:36","guid":{"rendered":"https:\/\/www.immobilienbusiness.ch\/?p=19325"},"modified":"2019-11-22T09:27:36","modified_gmt":"2019-11-22T08:27:36","slug":"bern-weltpost-park-vor-fertigstellung","status":"publish","type":"post","link":"https:\/\/www.immobilienbusiness.ch\/it\/regionen\/2019-11-22\/bern-weltpost-park-vor-fertigstellung\/","title":{"rendered":"Berna: il parco Weltpost \u00e8 vicino al completamento"},"content":{"rendered":"<figure id=\"attachment_19326\" aria-describedby=\"caption-attachment-19326\" style=\"width: 550px\" class=\"wp-caption alignnone\"><img loading=\"lazy\" decoding=\"async\" class=\"size-full wp-image-19326\" src=\"https:\/\/www.immobilienbusiness.ch\/wp-content\/uploads\/2019\/11\/1078_170522_strassenbild.jpg\" alt=\"\" width=\"550\" height=\"276\" srcset=\"https:\/\/www.immobilienbusiness.ch\/wp-content\/uploads\/2019\/11\/1078_170522_strassenbild.jpg 550w, https:\/\/www.immobilienbusiness.ch\/wp-content\/uploads\/2019\/11\/1078_170522_strassenbild-300x151.jpg 300w, https:\/\/www.immobilienbusiness.ch\/wp-content\/uploads\/2019\/11\/1078_170522_strassenbild-16x8.jpg 16w, https:\/\/www.immobilienbusiness.ch\/wp-content\/uploads\/2019\/11\/1078_170522_strassenbild-349x175.jpg 349w\" sizes=\"auto, (max-width: 550px) 100vw, 550px\" \/><figcaption id=\"caption-attachment-19326\" class=\"wp-caption-text\">Visualizzazione dello sviluppo residenziale \"Weltpost Park\" (Fonte: Frutiger AG)<\/figcaption><\/figure>\n<p>Il parco Weltpost \u00e8 un progetto di SSA Architekten. Su un'area precedentemente adibita a uffici e servizi stanno sorgendo tre edifici residenziali, il primo dei quali sar\u00e0 presto pronto per essere occupato. <a href=\"https:\/\/www.immobilienbusiness.ch\/it\/bern-swiss-prime-site-verkauft-wohnprojekt-an-allianz-suisse\/\">Il progetto \u00e8 stato sviluppato da SPS Swiss Prime Site e venduto ad Allianz Suisse Immobilien nel 2018.<\/a><\/p>\n<p>L'edificio angolare A costituisce una transizione verso gli edifici residenziali esistenti a ovest, mentre l'edificio B, ora completato e di forma allungata, protegge un cortile interno dall'autostrada. La struttura a U della Casa C contiene una serie di spazi commerciali al piano terra lungo la Weltpoststrasse, con un'area esterna antistante. In termini di altezza, l'insieme si armonizza con gli edifici per uffici di sei piani a est.<\/p>\n<p>Mentre gli appartamenti delle case A e B si collocano nel segmento medio degli affitti, la casa C offrir\u00e0 appartamenti a prezzi accessibili. Qui, l'affitto netto di alcuni appartamenti di 4 stanze sar\u00e0 di circa 2.000 franchi. Il mix di appartamenti \u00e8 composto da monolocali fino ad appartamenti flessibili di 5 stanze.<\/p>\n<p>Tutti gli edifici sono certificati Minergie-Eco, sono costruiti secondo il percorso di efficienza energetica SIA (SIA 2040) e l'energia necessaria \u00e8 generata interamente da fonti rinnovabili, compresa l'energia solare. Il riscaldamento, compresa l'acqua calda, \u00e8 fornito da quattro serbatoi di ghiaccio in combinazione con il recupero di calore delle acque reflue. Attualmente \u00e8 la pi\u00f9 grande struttura di questo tipo in Svizzera, afferma Herbert Schmid, fondatore di SSA Architekten.<\/p>\n<p>Il 1\u00b0 dicembre il proprietario Allianz Suisse Immobilien consegna ai residenti la Casa B, dove sono stati costruiti 63 appartamenti. Il completamento di tutti i 170 appartamenti del sito \u00e8 previsto per la primavera del 2020. <em>(ah)<\/em><\/p>","protected":false},"excerpt":{"rendered":"<p>A dicembre, il primo edificio del Weltpost Park sul Murifeld, vicino a Berna, sar\u00e0 pronto per essere occupato. In totale sono in costruzione tre edifici con 170 appartamenti.<\/p>","protected":false},"author":3,"featured_media":19326,"comment_status":"closed","ping_status":"open","sticky":false,"template":"","format":"standard","meta":{"_acf_changed":false,"_yoast_wpseo_focuskw":"Weltpost","_yoast_wpseo_title":"","_yoast_wpseo_metadesc":"Im Dezember ist das erste Geb\u00e4ude der \u00dcberbauung Weltpost Park auf dem Murifeld bei Bern bezugsbereit. Insgesamt entstehen drei Geb\u00e4ude mit 170 Wohnungen.","_yoast_wpseo_linkdex":69,"pgc_sgb_lightbox_settings":"","footnotes":""},"categories":[985],"tags":[1012,1091,1599,1863],"class_list":["post-19325","post","type-post","status-publish","format-standard","has-post-thumbnail","hentry","category-regionen","tag-allianz-suisse","tag-bern","tag-projekt-in-bau","tag-wohnimmobilien"],"acf":[],"yoast_head":"<!-- This site is optimized with the Yoast SEO plugin v27.4 - https:\/\/yoast.com\/product\/yoast-seo-wordpress\/ -->\n<title>Bern: Weltpost Park vor Fertigstellung - IMMOBILIEN Business<\/title>\n<meta name=\"description\" content=\"Im Dezember ist das erste Geb\u00e4ude der \u00dcberbauung Weltpost Park auf dem Murifeld bei Bern bezugsbereit. Insgesamt entstehen drei Geb\u00e4ude mit 170 Wohnungen.\" \/>\n<meta name=\"robots\" content=\"index, follow, max-snippet:-1, max-image-preview:large, max-video-preview:-1\" \/>\n<link rel=\"canonical\" href=\"https:\/\/www.immobilienbusiness.ch\/it\/regionen\/2019-11-22\/bern-weltpost-park-vor-fertigstellung\/\" \/>\n<meta property=\"og:locale\" content=\"it_IT\" \/>\n<meta property=\"og:type\" content=\"article\" \/>\n<meta property=\"og:title\" content=\"Bern: Weltpost Park vor Fertigstellung - IMMOBILIEN Business\" \/>\n<meta property=\"og:description\" content=\"Im Dezember ist das erste Geb\u00e4ude der \u00dcberbauung Weltpost Park auf dem Murifeld bei Bern bezugsbereit. Insgesamt entstehen drei Geb\u00e4ude mit 170 Wohnungen.\" \/>\n<meta property=\"og:url\" content=\"https:\/\/www.immobilienbusiness.ch\/it\/regionen\/2019-11-22\/bern-weltpost-park-vor-fertigstellung\/\" \/>\n<meta property=\"og:site_name\" content=\"IMMOBILIEN Business\" \/>\n<meta property=\"article:publisher\" content=\"https:\/\/www.facebook.com\/immobilienbusiness\/\" \/>\n<meta property=\"article:published_time\" content=\"2019-11-22T08:27:36+00:00\" \/>\n<meta property=\"og:image\" content=\"https:\/\/www.immobilienbusiness.ch\/wp-content\/uploads\/2019\/11\/1078_170522_strassenbild.jpg\" \/>\n\t<meta property=\"og:image:width\" content=\"550\" \/>\n\t<meta property=\"og:image:height\" content=\"276\" \/>\n\t<meta property=\"og:image:type\" content=\"image\/jpeg\" \/>\n<meta name=\"author\" content=\"anja.hall\" \/>\n<meta name=\"twitter:card\" content=\"summary_large_image\" \/>\n<meta name=\"twitter:image\" content=\"https:\/\/www.immobilienbusiness.ch\/wp-content\/uploads\/2019\/11\/1078_170522_strassenbild.jpg\" \/>\n<script type=\"application\/ld+json\" class=\"yoast-schema-graph\">{\"@context\":\"https:\\\/\\\/schema.org\",\"@graph\":[{\"@type\":\"Article\",\"@id\":\"https:\\\/\\\/www.immobilienbusiness.ch\\\/it\\\/regionen\\\/2019-11-22\\\/bern-weltpost-park-vor-fertigstellung\\\/#article\",\"isPartOf\":{\"@id\":\"https:\\\/\\\/www.immobilienbusiness.ch\\\/it\\\/regionen\\\/2019-11-22\\\/bern-weltpost-park-vor-fertigstellung\\\/\"},\"author\":{\"name\":\"anja.hall\",\"@id\":\"https:\\\/\\\/www.immobilienbusiness.ch\\\/#\\\/schema\\\/person\\\/3fc036297b10b9f42d6db5ee932af8c8\"},\"headline\":\"Bern: Weltpost Park vor Fertigstellung\",\"datePublished\":\"2019-11-22T08:27:36+00:00\",\"mainEntityOfPage\":{\"@id\":\"https:\\\/\\\/www.immobilienbusiness.ch\\\/it\\\/regionen\\\/2019-11-22\\\/bern-weltpost-park-vor-fertigstellung\\\/\"},\"wordCount\":279,\"publisher\":{\"@id\":\"https:\\\/\\\/www.immobilienbusiness.ch\\\/#organization\"},\"image\":{\"@id\":\"https:\\\/\\\/www.immobilienbusiness.ch\\\/it\\\/regionen\\\/2019-11-22\\\/bern-weltpost-park-vor-fertigstellung\\\/#primaryimage\"},\"thumbnailUrl\":\"https:\\\/\\\/www.immobilienbusiness.ch\\\/wp-content\\\/uploads\\\/2019\\\/11\\\/1078_170522_strassenbild.jpg\",\"keywords\":[\"Allianz Suisse\",\"Bern\",\"Projekt in Bau\",\"Wohnimmobilien\"],\"articleSection\":[\"REGIONEN\"],\"inLanguage\":\"it-IT\"},{\"@type\":\"WebPage\",\"@id\":\"https:\\\/\\\/www.immobilienbusiness.ch\\\/it\\\/regionen\\\/2019-11-22\\\/bern-weltpost-park-vor-fertigstellung\\\/\",\"url\":\"https:\\\/\\\/www.immobilienbusiness.ch\\\/it\\\/regionen\\\/2019-11-22\\\/bern-weltpost-park-vor-fertigstellung\\\/\",\"name\":\"Bern: Weltpost Park vor Fertigstellung - IMMOBILIEN Business\",\"isPartOf\":{\"@id\":\"https:\\\/\\\/www.immobilienbusiness.ch\\\/#website\"},\"primaryImageOfPage\":{\"@id\":\"https:\\\/\\\/www.immobilienbusiness.ch\\\/it\\\/regionen\\\/2019-11-22\\\/bern-weltpost-park-vor-fertigstellung\\\/#primaryimage\"},\"image\":{\"@id\":\"https:\\\/\\\/www.immobilienbusiness.ch\\\/it\\\/regionen\\\/2019-11-22\\\/bern-weltpost-park-vor-fertigstellung\\\/#primaryimage\"},\"thumbnailUrl\":\"https:\\\/\\\/www.immobilienbusiness.ch\\\/wp-content\\\/uploads\\\/2019\\\/11\\\/1078_170522_strassenbild.jpg\",\"datePublished\":\"2019-11-22T08:27:36+00:00\",\"description\":\"Im Dezember ist das erste Geb\u00e4ude der \u00dcberbauung Weltpost Park auf dem Murifeld bei Bern bezugsbereit. Insgesamt entstehen drei Geb\u00e4ude mit 170 Wohnungen.\",\"breadcrumb\":{\"@id\":\"https:\\\/\\\/www.immobilienbusiness.ch\\\/it\\\/regionen\\\/2019-11-22\\\/bern-weltpost-park-vor-fertigstellung\\\/#breadcrumb\"},\"inLanguage\":\"it-IT\",\"potentialAction\":[{\"@type\":\"ReadAction\",\"target\":[\"https:\\\/\\\/www.immobilienbusiness.ch\\\/it\\\/regionen\\\/2019-11-22\\\/bern-weltpost-park-vor-fertigstellung\\\/\"]}]},{\"@type\":\"ImageObject\",\"inLanguage\":\"it-IT\",\"@id\":\"https:\\\/\\\/www.immobilienbusiness.ch\\\/it\\\/regionen\\\/2019-11-22\\\/bern-weltpost-park-vor-fertigstellung\\\/#primaryimage\",\"url\":\"https:\\\/\\\/www.immobilienbusiness.ch\\\/wp-content\\\/uploads\\\/2019\\\/11\\\/1078_170522_strassenbild.jpg\",\"contentUrl\":\"https:\\\/\\\/www.immobilienbusiness.ch\\\/wp-content\\\/uploads\\\/2019\\\/11\\\/1078_170522_strassenbild.jpg\",\"width\":550,\"height\":276,\"caption\":\"Visualisierung der Wohn\u00fcberbauung \u00abWeltpost Park\u00bb (Quelle: Frutiger AG)\"},{\"@type\":\"BreadcrumbList\",\"@id\":\"https:\\\/\\\/www.immobilienbusiness.ch\\\/it\\\/regionen\\\/2019-11-22\\\/bern-weltpost-park-vor-fertigstellung\\\/#breadcrumb\",\"itemListElement\":[{\"@type\":\"ListItem\",\"position\":1,\"name\":\"Home\",\"item\":\"https:\\\/\\\/www.immobilienbusiness.ch\\\/\"},{\"@type\":\"ListItem\",\"position\":2,\"name\":\"Bern: Weltpost Park vor Fertigstellung\"}]},{\"@type\":\"WebSite\",\"@id\":\"https:\\\/\\\/www.immobilienbusiness.ch\\\/#website\",\"url\":\"https:\\\/\\\/www.immobilienbusiness.ch\\\/\",\"name\":\"IMMOBILIEN Business\",\"description\":\"Unabh\u00e4ngiges Schweizer Wirtschaftsmagazin mit Fokus auf Immobilien, Architektur- und Bau sowie Investment- und Finanzierung.\",\"publisher\":{\"@id\":\"https:\\\/\\\/www.immobilienbusiness.ch\\\/#organization\"},\"potentialAction\":[{\"@type\":\"SearchAction\",\"target\":{\"@type\":\"EntryPoint\",\"urlTemplate\":\"https:\\\/\\\/www.immobilienbusiness.ch\\\/?s={search_term_string}\"},\"query-input\":{\"@type\":\"PropertyValueSpecification\",\"valueRequired\":true,\"valueName\":\"search_term_string\"}}],\"inLanguage\":\"it-IT\"},{\"@type\":\"Organization\",\"@id\":\"https:\\\/\\\/www.immobilienbusiness.ch\\\/#organization\",\"name\":\"IMMOBILIEN Business\",\"url\":\"https:\\\/\\\/www.immobilienbusiness.ch\\\/\",\"logo\":{\"@type\":\"ImageObject\",\"inLanguage\":\"it-IT\",\"@id\":\"https:\\\/\\\/www.immobilienbusiness.ch\\\/#\\\/schema\\\/logo\\\/image\\\/\",\"url\":\"https:\\\/\\\/www.immobilienbusiness.ch\\\/wp-content\\\/uploads\\\/2021\\\/07\\\/logo_ib.png\",\"contentUrl\":\"https:\\\/\\\/www.immobilienbusiness.ch\\\/wp-content\\\/uploads\\\/2021\\\/07\\\/logo_ib.png\",\"width\":800,\"height\":181,\"caption\":\"IMMOBILIEN Business\"},\"image\":{\"@id\":\"https:\\\/\\\/www.immobilienbusiness.ch\\\/#\\\/schema\\\/logo\\\/image\\\/\"},\"sameAs\":[\"https:\\\/\\\/www.facebook.com\\\/immobilienbusiness\\\/\"]},{\"@type\":\"Person\",\"@id\":\"https:\\\/\\\/www.immobilienbusiness.ch\\\/#\\\/schema\\\/person\\\/3fc036297b10b9f42d6db5ee932af8c8\",\"name\":\"anja.hall\",\"image\":{\"@type\":\"ImageObject\",\"inLanguage\":\"it-IT\",\"@id\":\"https:\\\/\\\/secure.gravatar.com\\\/avatar\\\/066b5a0d447013502c71a5782f4f3469f03cfe595cc2329fb94652fe47511bfb?s=96&d=mm&r=g\",\"url\":\"https:\\\/\\\/secure.gravatar.com\\\/avatar\\\/066b5a0d447013502c71a5782f4f3469f03cfe595cc2329fb94652fe47511bfb?s=96&d=mm&r=g\",\"contentUrl\":\"https:\\\/\\\/secure.gravatar.com\\\/avatar\\\/066b5a0d447013502c71a5782f4f3469f03cfe595cc2329fb94652fe47511bfb?s=96&d=mm&r=g\",\"caption\":\"anja.hall\"},\"url\":\"https:\\\/\\\/www.immobilienbusiness.ch\\\/it\\\/author\\\/anja-hall\\\/\"}]}<\/script>\n<!-- \/ Yoast SEO plugin. -->","yoast_head_json":{"title":"Berna: il parco Weltpost \u00e8 in fase di completamento - IMMOBILIEN Business","description":"Il primo edificio del progetto Weltpost Park a Murifeld, vicino a Berna, sar\u00e0 pronto per essere occupato a dicembre. In totale sono in costruzione tre edifici con 170 appartamenti.","robots":{"index":"index","follow":"follow","max-snippet":"max-snippet:-1","max-image-preview":"max-image-preview:large","max-video-preview":"max-video-preview:-1"},"canonical":"https:\/\/www.immobilienbusiness.ch\/it\/regionen\/2019-11-22\/bern-weltpost-park-vor-fertigstellung\/","og_locale":"it_IT","og_type":"article","og_title":"Bern: Weltpost Park vor Fertigstellung - IMMOBILIEN Business","og_description":"Im Dezember ist das erste Geb\u00e4ude der \u00dcberbauung Weltpost Park auf dem Murifeld bei Bern bezugsbereit. Insgesamt entstehen drei Geb\u00e4ude mit 170 Wohnungen.","og_url":"https:\/\/www.immobilienbusiness.ch\/it\/regionen\/2019-11-22\/bern-weltpost-park-vor-fertigstellung\/","og_site_name":"IMMOBILIEN Business","article_publisher":"https:\/\/www.facebook.com\/immobilienbusiness\/","article_published_time":"2019-11-22T08:27:36+00:00","og_image":[{"width":550,"height":276,"url":"https:\/\/www.immobilienbusiness.ch\/wp-content\/uploads\/2019\/11\/1078_170522_strassenbild.jpg","type":"image\/jpeg"}],"author":"anja.hall","twitter_card":"summary_large_image","twitter_image":"https:\/\/www.immobilienbusiness.ch\/wp-content\/uploads\/2019\/11\/1078_170522_strassenbild.jpg","schema":{"@context":"https:\/\/schema.org","@graph":[{"@type":"Article","@id":"https:\/\/www.immobilienbusiness.ch\/it\/regionen\/2019-11-22\/bern-weltpost-park-vor-fertigstellung\/#article","isPartOf":{"@id":"https:\/\/www.immobilienbusiness.ch\/it\/regionen\/2019-11-22\/bern-weltpost-park-vor-fertigstellung\/"},"author":{"name":"anja.hall","@id":"https:\/\/www.immobilienbusiness.ch\/#\/schema\/person\/3fc036297b10b9f42d6db5ee932af8c8"},"headline":"Bern: Weltpost Park vor Fertigstellung","datePublished":"2019-11-22T08:27:36+00:00","mainEntityOfPage":{"@id":"https:\/\/www.immobilienbusiness.ch\/it\/regionen\/2019-11-22\/bern-weltpost-park-vor-fertigstellung\/"},"wordCount":279,"publisher":{"@id":"https:\/\/www.immobilienbusiness.ch\/#organization"},"image":{"@id":"https:\/\/www.immobilienbusiness.ch\/it\/regionen\/2019-11-22\/bern-weltpost-park-vor-fertigstellung\/#primaryimage"},"thumbnailUrl":"https:\/\/www.immobilienbusiness.ch\/wp-content\/uploads\/2019\/11\/1078_170522_strassenbild.jpg","keywords":["Allianz Suisse","Bern","Projekt in Bau","Wohnimmobilien"],"articleSection":["REGIONEN"],"inLanguage":"it-IT"},{"@type":"WebPage","@id":"https:\/\/www.immobilienbusiness.ch\/it\/regionen\/2019-11-22\/bern-weltpost-park-vor-fertigstellung\/","url":"https:\/\/www.immobilienbusiness.ch\/it\/regionen\/2019-11-22\/bern-weltpost-park-vor-fertigstellung\/","name":"Berna: il parco Weltpost \u00e8 in fase di completamento - IMMOBILIEN Business","isPartOf":{"@id":"https:\/\/www.immobilienbusiness.ch\/#website"},"primaryImageOfPage":{"@id":"https:\/\/www.immobilienbusiness.ch\/it\/regionen\/2019-11-22\/bern-weltpost-park-vor-fertigstellung\/#primaryimage"},"image":{"@id":"https:\/\/www.immobilienbusiness.ch\/it\/regionen\/2019-11-22\/bern-weltpost-park-vor-fertigstellung\/#primaryimage"},"thumbnailUrl":"https:\/\/www.immobilienbusiness.ch\/wp-content\/uploads\/2019\/11\/1078_170522_strassenbild.jpg","datePublished":"2019-11-22T08:27:36+00:00","description":"Il primo edificio del progetto Weltpost Park a Murifeld, vicino a Berna, sar\u00e0 pronto per essere occupato a dicembre. In totale sono in costruzione tre edifici con 170 appartamenti.","breadcrumb":{"@id":"https:\/\/www.immobilienbusiness.ch\/it\/regionen\/2019-11-22\/bern-weltpost-park-vor-fertigstellung\/#breadcrumb"},"inLanguage":"it-IT","potentialAction":[{"@type":"ReadAction","target":["https:\/\/www.immobilienbusiness.ch\/it\/regionen\/2019-11-22\/bern-weltpost-park-vor-fertigstellung\/"]}]},{"@type":"ImageObject","inLanguage":"it-IT","@id":"https:\/\/www.immobilienbusiness.ch\/it\/regionen\/2019-11-22\/bern-weltpost-park-vor-fertigstellung\/#primaryimage","url":"https:\/\/www.immobilienbusiness.ch\/wp-content\/uploads\/2019\/11\/1078_170522_strassenbild.jpg","contentUrl":"https:\/\/www.immobilienbusiness.ch\/wp-content\/uploads\/2019\/11\/1078_170522_strassenbild.jpg","width":550,"height":276,"caption":"Visualisierung der Wohn\u00fcberbauung \u00abWeltpost Park\u00bb (Quelle: Frutiger AG)"},{"@type":"BreadcrumbList","@id":"https:\/\/www.immobilienbusiness.ch\/it\/regionen\/2019-11-22\/bern-weltpost-park-vor-fertigstellung\/#breadcrumb","itemListElement":[{"@type":"ListItem","position":1,"name":"Home","item":"https:\/\/www.immobilienbusiness.ch\/"},{"@type":"ListItem","position":2,"name":"Bern: Weltpost Park vor Fertigstellung"}]},{"@type":"WebSite","@id":"https:\/\/www.immobilienbusiness.ch\/#website","url":"https:\/\/www.immobilienbusiness.ch\/","name":"Affari immobiliari","description":"Rivista economica indipendente svizzera che si concentra sul settore immobiliare, l'architettura e la costruzione, nonch\u00e9 sugli investimenti e i finanziamenti.","publisher":{"@id":"https:\/\/www.immobilienbusiness.ch\/#organization"},"potentialAction":[{"@type":"SearchAction","target":{"@type":"EntryPoint","urlTemplate":"https:\/\/www.immobilienbusiness.ch\/?s={search_term_string}"},"query-input":{"@type":"PropertyValueSpecification","valueRequired":true,"valueName":"search_term_string"}}],"inLanguage":"it-IT"},{"@type":"Organization","@id":"https:\/\/www.immobilienbusiness.ch\/#organization","name":"Affari immobiliari","url":"https:\/\/www.immobilienbusiness.ch\/","logo":{"@type":"ImageObject","inLanguage":"it-IT","@id":"https:\/\/www.immobilienbusiness.ch\/#\/schema\/logo\/image\/","url":"https:\/\/www.immobilienbusiness.ch\/wp-content\/uploads\/2021\/07\/logo_ib.png","contentUrl":"https:\/\/www.immobilienbusiness.ch\/wp-content\/uploads\/2021\/07\/logo_ib.png","width":800,"height":181,"caption":"IMMOBILIEN Business"},"image":{"@id":"https:\/\/www.immobilienbusiness.ch\/#\/schema\/logo\/image\/"},"sameAs":["https:\/\/www.facebook.com\/immobilienbusiness\/"]},{"@type":"Person","@id":"https:\/\/www.immobilienbusiness.ch\/#\/schema\/person\/3fc036297b10b9f42d6db5ee932af8c8","name":"anja.hall","image":{"@type":"ImageObject","inLanguage":"it-IT","@id":"https:\/\/secure.gravatar.com\/avatar\/066b5a0d447013502c71a5782f4f3469f03cfe595cc2329fb94652fe47511bfb?s=96&d=mm&r=g","url":"https:\/\/secure.gravatar.com\/avatar\/066b5a0d447013502c71a5782f4f3469f03cfe595cc2329fb94652fe47511bfb?s=96&d=mm&r=g","contentUrl":"https:\/\/secure.gravatar.com\/avatar\/066b5a0d447013502c71a5782f4f3469f03cfe595cc2329fb94652fe47511bfb?s=96&d=mm&r=g","caption":"anja.hall"},"url":"https:\/\/www.immobilienbusiness.ch\/it\/author\/anja-hall\/"}]}},"_links":{"self":[{"href":"https:\/\/www.immobilienbusiness.ch\/it\/wp-json\/wp\/v2\/posts\/19325","targetHints":{"allow":["GET"]}}],"collection":[{"href":"https:\/\/www.immobilienbusiness.ch\/it\/wp-json\/wp\/v2\/posts"}],"about":[{"href":"https:\/\/www.immobilienbusiness.ch\/it\/wp-json\/wp\/v2\/types\/post"}],"author":[{"embeddable":true,"href":"https:\/\/www.immobilienbusiness.ch\/it\/wp-json\/wp\/v2\/users\/3"}],"replies":[{"embeddable":true,"href":"https:\/\/www.immobilienbusiness.ch\/it\/wp-json\/wp\/v2\/comments?post=19325"}],"version-history":[{"count":0,"href":"https:\/\/www.immobilienbusiness.ch\/it\/wp-json\/wp\/v2\/posts\/19325\/revisions"}],"wp:featuredmedia":[{"embeddable":true,"href":"https:\/\/www.immobilienbusiness.ch\/it\/wp-json\/wp\/v2\/media\/19326"}],"wp:attachment":[{"href":"https:\/\/www.immobilienbusiness.ch\/it\/wp-json\/wp\/v2\/media?parent=19325"}],"wp:term":[{"taxonomy":"category","embeddable":true,"href":"https:\/\/www.immobilienbusiness.ch\/it\/wp-json\/wp\/v2\/categories?post=19325"},{"taxonomy":"post_tag","embeddable":true,"href":"https:\/\/www.immobilienbusiness.ch\/it\/wp-json\/wp\/v2\/tags?post=19325"}],"curies":[{"name":"wp","href":"https:\/\/api.w.org\/{rel}","templated":true}]}}