{"id":19313,"date":"2019-11-21T09:47:28","date_gmt":"2019-11-21T08:47:28","guid":{"rendered":"https:\/\/www.immobilienbusiness.ch\/?p=19313"},"modified":"2019-11-21T09:47:28","modified_gmt":"2019-11-21T08:47:28","slug":"zuerich-siedlung-birkenhof-wird-saniert","status":"publish","type":"post","link":"https:\/\/www.immobilienbusiness.ch\/it\/regionen\/2019-11-21\/zuerich-siedlung-birkenhof-wird-saniert\/","title":{"rendered":"Zurigo: il complesso residenziale Birkenhof sar\u00e0 riqualificato"},"content":{"rendered":"<figure id=\"attachment_14652\" aria-describedby=\"caption-attachment-14652\" style=\"width: 680px\" class=\"wp-caption alignnone\"><img loading=\"lazy\" decoding=\"async\" class=\"size-medium wp-image-14652\" src=\"https:\/\/www.immobilienbusiness.ch\/wp-content\/uploads\/2018\/10\/Depositphotos_170350446_m-2015.jpg\" alt=\"\" width=\"680\" height=\"454\" srcset=\"https:\/\/www.immobilienbusiness.ch\/wp-content\/uploads\/2018\/10\/Depositphotos_170350446_m-2015.jpg 999w, https:\/\/www.immobilienbusiness.ch\/wp-content\/uploads\/2018\/10\/Depositphotos_170350446_m-2015-300x200.jpg 300w, https:\/\/www.immobilienbusiness.ch\/wp-content\/uploads\/2018\/10\/Depositphotos_170350446_m-2015-768x513.jpg 768w, https:\/\/www.immobilienbusiness.ch\/wp-content\/uploads\/2018\/10\/Depositphotos_170350446_m-2015-16x12.jpg 16w, https:\/\/www.immobilienbusiness.ch\/wp-content\/uploads\/2018\/10\/Depositphotos_170350446_m-2015-262x175.jpg 262w, https:\/\/www.immobilienbusiness.ch\/wp-content\/uploads\/2018\/10\/Depositphotos_170350446_m-2015-524x350.jpg 524w, https:\/\/www.immobilienbusiness.ch\/wp-content\/uploads\/2018\/10\/Depositphotos_170350446_m-2015-920x614.jpg 920w\" sizes=\"auto, (max-width: 680px) 100vw, 680px\" \/><figcaption id=\"caption-attachment-14652\" class=\"wp-caption-text\">La citt\u00e0 di Zurigo vuole riqualificare il complesso residenziale Birkenhof (Foto: ArturVerkhovetskiy - depositphotos)<\/figcaption><\/figure>\n<p>Il complesso residenziale Birkenhof \u00e8 stato costruito nel 1925\/26 su un terreno all'angolo tra Schaffhauserstrasse e Guggachstrasse; comprende 101 appartamenti. L'ultima ristrutturazione risale agli anni '70. Ora, secondo la citt\u00e0 di Zurigo, il Birkenhof sar\u00e0 rinnovato per altri 30 anni di utilizzo.<\/p>\n<p>L'insediamento \u00e8 inserito nell'inventario degli oggetti d'arte e storico-culturali protetti di importanza comunale, per cui le misure di costruzione saranno realizzate in coordinamento con le autorit\u00e0 preposte alla conservazione dei monumenti. Le parti originali come gli armadi a muro, i pavimenti originali e i dipinti della facciata saranno conservati; tuttavia, i bagni, le cucine e i servizi dell'edificio saranno sostituiti o integrati.<\/p>\n<h2>Necessit\u00e0 di rinnovamento superiore al previsto<\/h2>\n<p>Il Consiglio comunale ha approvato 35,58 milioni di franchi per la ristrutturazione. Quando il credito del progetto \u00e8 stato approvato nel 2016, i costi erano stimati in circa 30 milioni. Nel corso della pianificazione del progetto, tuttavia, \u00e8 emerso chiaramente che la necessit\u00e0 di riparazioni sarebbe stata maggiore di quanto inizialmente ipotizzato, secondo la citt\u00e0 di Zurigo.<\/p>\n<p>La scuola Milchbuck, che si trova nelle immediate vicinanze del complesso residenziale, sar\u00e0 ampliata a partire dal 2027. Per un periodo transitorio di dieci anni, l'edificio Birkenhof in Zeppelinstrasse 36 sar\u00e0 quindi utilizzato come asilo con assistenza ai bambini. Il cambio di destinazione d'uso e la successiva decostruzione costeranno 2,89 milioni di franchi svizzeri. Inoltre, verranno investiti circa 600.000 franchi svizzeri nell'arredamento interno e nei dintorni dell'insediamento, ad esempio verranno creati 130 parcheggi per biciclette.<\/p>\n<p>A seguito della ristrutturazione, l'affitto netto medio dei trilocali di 68 m\u00b2 passer\u00e0 dagli attuali 720 franchi a 1.124 franchi. Per i quadrilocali di 89 mq, l'affitto netto medio passer\u00e0 da 883 a 1.350 franchi, secondo la citt\u00e0 di Zurigo. L'affitto netto per metro quadro all'anno salir\u00e0 a una media di 195 franchi svizzeri. Si sta valutando se un terzo degli appartamenti possa essere sovvenzionato. Finora nessun appartamento di Birkenhof \u00e8 stato sovvenzionato.<\/p>\n<p>L'inizio dei lavori di costruzione \u00e8 previsto per febbraio 2021 e gli appartamenti ristrutturati dovrebbero essere pronti per essere occupati a partire da agosto 2023. <em>(ah)<\/em><\/p>","protected":false},"excerpt":{"rendered":"<p>La citt\u00e0 di Zurigo vuole ristrutturare il complesso residenziale Birkenhof nel quartiere Unterstrass. La ristrutturazione dovrebbe costare circa 35 milioni di franchi svizzeri.<\/p>","protected":false},"author":3,"featured_media":14652,"comment_status":"closed","ping_status":"open","sticky":false,"template":"","format":"standard","meta":{"_acf_changed":false,"_yoast_wpseo_focuskw":"Birkenhof","_yoast_wpseo_title":"","_yoast_wpseo_metadesc":"Die Stadt Z\u00fcrich will die Wohnsiedlung Birkenhof im Quartier Unterstrass sanieren. Die Instandsetzung soll rund 35 Millionen CHF kosten.","_yoast_wpseo_linkdex":67,"pgc_sgb_lightbox_settings":"","footnotes":""},"categories":[985],"tags":[1662,1863,1888],"class_list":["post-19313","post","type-post","status-publish","format-standard","has-post-thumbnail","hentry","category-regionen","tag-sanierung","tag-wohnimmobilien","tag-zuerich"],"acf":[],"yoast_head":"<!-- This site is optimized with the Yoast SEO plugin v27.4 - https:\/\/yoast.com\/product\/yoast-seo-wordpress\/ -->\n<title>Z\u00fcrich: Siedlung Birkenhof wird saniert - IMMOBILIEN Business<\/title>\n<meta name=\"description\" content=\"Die Stadt Z\u00fcrich will die Wohnsiedlung Birkenhof im Quartier Unterstrass sanieren. Die Instandsetzung soll rund 35 Millionen CHF kosten.\" \/>\n<meta name=\"robots\" content=\"index, follow, max-snippet:-1, max-image-preview:large, max-video-preview:-1\" \/>\n<link rel=\"canonical\" href=\"https:\/\/www.immobilienbusiness.ch\/it\/regionen\/2019-11-21\/zuerich-siedlung-birkenhof-wird-saniert\/\" \/>\n<meta property=\"og:locale\" content=\"it_IT\" \/>\n<meta property=\"og:type\" content=\"article\" \/>\n<meta property=\"og:title\" content=\"Z\u00fcrich: Siedlung Birkenhof wird saniert - IMMOBILIEN Business\" \/>\n<meta property=\"og:description\" content=\"Die Stadt Z\u00fcrich will die Wohnsiedlung Birkenhof im Quartier Unterstrass sanieren. Die Instandsetzung soll rund 35 Millionen CHF kosten.\" \/>\n<meta property=\"og:url\" content=\"https:\/\/www.immobilienbusiness.ch\/it\/regionen\/2019-11-21\/zuerich-siedlung-birkenhof-wird-saniert\/\" \/>\n<meta property=\"og:site_name\" content=\"IMMOBILIEN Business\" \/>\n<meta property=\"article:publisher\" content=\"https:\/\/www.facebook.com\/immobilienbusiness\/\" \/>\n<meta property=\"article:published_time\" content=\"2019-11-21T08:47:28+00:00\" \/>\n<meta property=\"og:image\" content=\"https:\/\/www.immobilienbusiness.ch\/wp-content\/uploads\/2018\/10\/Depositphotos_170350446_m-2015.jpg\" \/>\n\t<meta property=\"og:image:width\" content=\"999\" \/>\n\t<meta property=\"og:image:height\" content=\"667\" \/>\n\t<meta property=\"og:image:type\" content=\"image\/jpeg\" \/>\n<meta name=\"author\" content=\"anja.hall\" \/>\n<meta name=\"twitter:card\" content=\"summary_large_image\" \/>\n<meta name=\"twitter:image\" content=\"https:\/\/www.immobilienbusiness.ch\/wp-content\/uploads\/2018\/10\/Depositphotos_170350446_m-2015.jpg\" \/>\n<script type=\"application\/ld+json\" class=\"yoast-schema-graph\">{\"@context\":\"https:\\\/\\\/schema.org\",\"@graph\":[{\"@type\":\"Article\",\"@id\":\"https:\\\/\\\/www.immobilienbusiness.ch\\\/regionen\\\/2019-11-21\\\/zuerich-siedlung-birkenhof-wird-saniert\\\/#article\",\"isPartOf\":{\"@id\":\"https:\\\/\\\/www.immobilienbusiness.ch\\\/regionen\\\/2019-11-21\\\/zuerich-siedlung-birkenhof-wird-saniert\\\/\"},\"author\":{\"name\":\"anja.hall\",\"@id\":\"https:\\\/\\\/www.immobilienbusiness.ch\\\/#\\\/schema\\\/person\\\/3fc036297b10b9f42d6db5ee932af8c8\"},\"headline\":\"Z\u00fcrich: Siedlung Birkenhof wird saniert\",\"datePublished\":\"2019-11-21T08:47:28+00:00\",\"mainEntityOfPage\":{\"@id\":\"https:\\\/\\\/www.immobilienbusiness.ch\\\/regionen\\\/2019-11-21\\\/zuerich-siedlung-birkenhof-wird-saniert\\\/\"},\"wordCount\":337,\"publisher\":{\"@id\":\"https:\\\/\\\/www.immobilienbusiness.ch\\\/#organization\"},\"image\":{\"@id\":\"https:\\\/\\\/www.immobilienbusiness.ch\\\/regionen\\\/2019-11-21\\\/zuerich-siedlung-birkenhof-wird-saniert\\\/#primaryimage\"},\"thumbnailUrl\":\"https:\\\/\\\/www.immobilienbusiness.ch\\\/wp-content\\\/uploads\\\/2018\\\/10\\\/Depositphotos_170350446_m-2015.jpg\",\"keywords\":[\"Sanierung\",\"Wohnimmobilien\",\"Z\u00fcrich\"],\"articleSection\":[\"REGIONEN\"],\"inLanguage\":\"it-IT\"},{\"@type\":\"WebPage\",\"@id\":\"https:\\\/\\\/www.immobilienbusiness.ch\\\/regionen\\\/2019-11-21\\\/zuerich-siedlung-birkenhof-wird-saniert\\\/\",\"url\":\"https:\\\/\\\/www.immobilienbusiness.ch\\\/regionen\\\/2019-11-21\\\/zuerich-siedlung-birkenhof-wird-saniert\\\/\",\"name\":\"Z\u00fcrich: Siedlung Birkenhof wird saniert - IMMOBILIEN Business\",\"isPartOf\":{\"@id\":\"https:\\\/\\\/www.immobilienbusiness.ch\\\/#website\"},\"primaryImageOfPage\":{\"@id\":\"https:\\\/\\\/www.immobilienbusiness.ch\\\/regionen\\\/2019-11-21\\\/zuerich-siedlung-birkenhof-wird-saniert\\\/#primaryimage\"},\"image\":{\"@id\":\"https:\\\/\\\/www.immobilienbusiness.ch\\\/regionen\\\/2019-11-21\\\/zuerich-siedlung-birkenhof-wird-saniert\\\/#primaryimage\"},\"thumbnailUrl\":\"https:\\\/\\\/www.immobilienbusiness.ch\\\/wp-content\\\/uploads\\\/2018\\\/10\\\/Depositphotos_170350446_m-2015.jpg\",\"datePublished\":\"2019-11-21T08:47:28+00:00\",\"description\":\"Die Stadt Z\u00fcrich will die Wohnsiedlung Birkenhof im Quartier Unterstrass sanieren. Die Instandsetzung soll rund 35 Millionen CHF kosten.\",\"breadcrumb\":{\"@id\":\"https:\\\/\\\/www.immobilienbusiness.ch\\\/regionen\\\/2019-11-21\\\/zuerich-siedlung-birkenhof-wird-saniert\\\/#breadcrumb\"},\"inLanguage\":\"it-IT\",\"potentialAction\":[{\"@type\":\"ReadAction\",\"target\":[\"https:\\\/\\\/www.immobilienbusiness.ch\\\/regionen\\\/2019-11-21\\\/zuerich-siedlung-birkenhof-wird-saniert\\\/\"]}]},{\"@type\":\"ImageObject\",\"inLanguage\":\"it-IT\",\"@id\":\"https:\\\/\\\/www.immobilienbusiness.ch\\\/regionen\\\/2019-11-21\\\/zuerich-siedlung-birkenhof-wird-saniert\\\/#primaryimage\",\"url\":\"https:\\\/\\\/www.immobilienbusiness.ch\\\/wp-content\\\/uploads\\\/2018\\\/10\\\/Depositphotos_170350446_m-2015.jpg\",\"contentUrl\":\"https:\\\/\\\/www.immobilienbusiness.ch\\\/wp-content\\\/uploads\\\/2018\\\/10\\\/Depositphotos_170350446_m-2015.jpg\",\"width\":999,\"height\":667,\"caption\":\"Die Rohbauarbeiten f\u00fcr eine Wohn\u00fcberbauung in Lausen sind abgeschlossen (bild: Depositphotos)\"},{\"@type\":\"BreadcrumbList\",\"@id\":\"https:\\\/\\\/www.immobilienbusiness.ch\\\/regionen\\\/2019-11-21\\\/zuerich-siedlung-birkenhof-wird-saniert\\\/#breadcrumb\",\"itemListElement\":[{\"@type\":\"ListItem\",\"position\":1,\"name\":\"Home\",\"item\":\"https:\\\/\\\/www.immobilienbusiness.ch\\\/\"},{\"@type\":\"ListItem\",\"position\":2,\"name\":\"Z\u00fcrich: Siedlung Birkenhof wird saniert\"}]},{\"@type\":\"WebSite\",\"@id\":\"https:\\\/\\\/www.immobilienbusiness.ch\\\/#website\",\"url\":\"https:\\\/\\\/www.immobilienbusiness.ch\\\/\",\"name\":\"IMMOBILIEN Business\",\"description\":\"Unabh\u00e4ngiges Schweizer Wirtschaftsmagazin mit Fokus auf Immobilien, Architektur- und Bau sowie Investment- und Finanzierung.\",\"publisher\":{\"@id\":\"https:\\\/\\\/www.immobilienbusiness.ch\\\/#organization\"},\"potentialAction\":[{\"@type\":\"SearchAction\",\"target\":{\"@type\":\"EntryPoint\",\"urlTemplate\":\"https:\\\/\\\/www.immobilienbusiness.ch\\\/?s={search_term_string}\"},\"query-input\":{\"@type\":\"PropertyValueSpecification\",\"valueRequired\":true,\"valueName\":\"search_term_string\"}}],\"inLanguage\":\"it-IT\"},{\"@type\":\"Organization\",\"@id\":\"https:\\\/\\\/www.immobilienbusiness.ch\\\/#organization\",\"name\":\"IMMOBILIEN Business\",\"url\":\"https:\\\/\\\/www.immobilienbusiness.ch\\\/\",\"logo\":{\"@type\":\"ImageObject\",\"inLanguage\":\"it-IT\",\"@id\":\"https:\\\/\\\/www.immobilienbusiness.ch\\\/#\\\/schema\\\/logo\\\/image\\\/\",\"url\":\"https:\\\/\\\/www.immobilienbusiness.ch\\\/wp-content\\\/uploads\\\/2021\\\/07\\\/logo_ib.png\",\"contentUrl\":\"https:\\\/\\\/www.immobilienbusiness.ch\\\/wp-content\\\/uploads\\\/2021\\\/07\\\/logo_ib.png\",\"width\":800,\"height\":181,\"caption\":\"IMMOBILIEN Business\"},\"image\":{\"@id\":\"https:\\\/\\\/www.immobilienbusiness.ch\\\/#\\\/schema\\\/logo\\\/image\\\/\"},\"sameAs\":[\"https:\\\/\\\/www.facebook.com\\\/immobilienbusiness\\\/\"]},{\"@type\":\"Person\",\"@id\":\"https:\\\/\\\/www.immobilienbusiness.ch\\\/#\\\/schema\\\/person\\\/3fc036297b10b9f42d6db5ee932af8c8\",\"name\":\"anja.hall\",\"image\":{\"@type\":\"ImageObject\",\"inLanguage\":\"it-IT\",\"@id\":\"https:\\\/\\\/secure.gravatar.com\\\/avatar\\\/066b5a0d447013502c71a5782f4f3469f03cfe595cc2329fb94652fe47511bfb?s=96&d=mm&r=g\",\"url\":\"https:\\\/\\\/secure.gravatar.com\\\/avatar\\\/066b5a0d447013502c71a5782f4f3469f03cfe595cc2329fb94652fe47511bfb?s=96&d=mm&r=g\",\"contentUrl\":\"https:\\\/\\\/secure.gravatar.com\\\/avatar\\\/066b5a0d447013502c71a5782f4f3469f03cfe595cc2329fb94652fe47511bfb?s=96&d=mm&r=g\",\"caption\":\"anja.hall\"},\"url\":\"https:\\\/\\\/www.immobilienbusiness.ch\\\/it\\\/author\\\/anja-hall\\\/\"}]}<\/script>\n<!-- \/ Yoast SEO plugin. -->","yoast_head_json":{"title":"Z\u00fcrich: Siedlung Birkenhof wird saniert - IMMOBILIEN Business","description":"La citt\u00e0 di Zurigo vuole ristrutturare il complesso residenziale Birkenhof nel quartiere Unterstrass. La ristrutturazione dovrebbe costare circa 35 milioni di franchi svizzeri.","robots":{"index":"index","follow":"follow","max-snippet":"max-snippet:-1","max-image-preview":"max-image-preview:large","max-video-preview":"max-video-preview:-1"},"canonical":"https:\/\/www.immobilienbusiness.ch\/it\/regionen\/2019-11-21\/zuerich-siedlung-birkenhof-wird-saniert\/","og_locale":"it_IT","og_type":"article","og_title":"Z\u00fcrich: Siedlung Birkenhof wird saniert - IMMOBILIEN Business","og_description":"Die Stadt Z\u00fcrich will die Wohnsiedlung Birkenhof im Quartier Unterstrass sanieren. Die Instandsetzung soll rund 35 Millionen CHF kosten.","og_url":"https:\/\/www.immobilienbusiness.ch\/it\/regionen\/2019-11-21\/zuerich-siedlung-birkenhof-wird-saniert\/","og_site_name":"IMMOBILIEN Business","article_publisher":"https:\/\/www.facebook.com\/immobilienbusiness\/","article_published_time":"2019-11-21T08:47:28+00:00","og_image":[{"width":999,"height":667,"url":"https:\/\/www.immobilienbusiness.ch\/wp-content\/uploads\/2018\/10\/Depositphotos_170350446_m-2015.jpg","type":"image\/jpeg"}],"author":"anja.hall","twitter_card":"summary_large_image","twitter_image":"https:\/\/www.immobilienbusiness.ch\/wp-content\/uploads\/2018\/10\/Depositphotos_170350446_m-2015.jpg","schema":{"@context":"https:\/\/schema.org","@graph":[{"@type":"Article","@id":"https:\/\/www.immobilienbusiness.ch\/regionen\/2019-11-21\/zuerich-siedlung-birkenhof-wird-saniert\/#article","isPartOf":{"@id":"https:\/\/www.immobilienbusiness.ch\/regionen\/2019-11-21\/zuerich-siedlung-birkenhof-wird-saniert\/"},"author":{"name":"anja.hall","@id":"https:\/\/www.immobilienbusiness.ch\/#\/schema\/person\/3fc036297b10b9f42d6db5ee932af8c8"},"headline":"Z\u00fcrich: Siedlung Birkenhof wird saniert","datePublished":"2019-11-21T08:47:28+00:00","mainEntityOfPage":{"@id":"https:\/\/www.immobilienbusiness.ch\/regionen\/2019-11-21\/zuerich-siedlung-birkenhof-wird-saniert\/"},"wordCount":337,"publisher":{"@id":"https:\/\/www.immobilienbusiness.ch\/#organization"},"image":{"@id":"https:\/\/www.immobilienbusiness.ch\/regionen\/2019-11-21\/zuerich-siedlung-birkenhof-wird-saniert\/#primaryimage"},"thumbnailUrl":"https:\/\/www.immobilienbusiness.ch\/wp-content\/uploads\/2018\/10\/Depositphotos_170350446_m-2015.jpg","keywords":["Sanierung","Wohnimmobilien","Z\u00fcrich"],"articleSection":["REGIONEN"],"inLanguage":"it-IT"},{"@type":"WebPage","@id":"https:\/\/www.immobilienbusiness.ch\/regionen\/2019-11-21\/zuerich-siedlung-birkenhof-wird-saniert\/","url":"https:\/\/www.immobilienbusiness.ch\/regionen\/2019-11-21\/zuerich-siedlung-birkenhof-wird-saniert\/","name":"Z\u00fcrich: Siedlung Birkenhof wird saniert - IMMOBILIEN Business","isPartOf":{"@id":"https:\/\/www.immobilienbusiness.ch\/#website"},"primaryImageOfPage":{"@id":"https:\/\/www.immobilienbusiness.ch\/regionen\/2019-11-21\/zuerich-siedlung-birkenhof-wird-saniert\/#primaryimage"},"image":{"@id":"https:\/\/www.immobilienbusiness.ch\/regionen\/2019-11-21\/zuerich-siedlung-birkenhof-wird-saniert\/#primaryimage"},"thumbnailUrl":"https:\/\/www.immobilienbusiness.ch\/wp-content\/uploads\/2018\/10\/Depositphotos_170350446_m-2015.jpg","datePublished":"2019-11-21T08:47:28+00:00","description":"La citt\u00e0 di Zurigo vuole ristrutturare il complesso residenziale Birkenhof nel quartiere Unterstrass. La ristrutturazione dovrebbe costare circa 35 milioni di franchi svizzeri.","breadcrumb":{"@id":"https:\/\/www.immobilienbusiness.ch\/regionen\/2019-11-21\/zuerich-siedlung-birkenhof-wird-saniert\/#breadcrumb"},"inLanguage":"it-IT","potentialAction":[{"@type":"ReadAction","target":["https:\/\/www.immobilienbusiness.ch\/regionen\/2019-11-21\/zuerich-siedlung-birkenhof-wird-saniert\/"]}]},{"@type":"ImageObject","inLanguage":"it-IT","@id":"https:\/\/www.immobilienbusiness.ch\/regionen\/2019-11-21\/zuerich-siedlung-birkenhof-wird-saniert\/#primaryimage","url":"https:\/\/www.immobilienbusiness.ch\/wp-content\/uploads\/2018\/10\/Depositphotos_170350446_m-2015.jpg","contentUrl":"https:\/\/www.immobilienbusiness.ch\/wp-content\/uploads\/2018\/10\/Depositphotos_170350446_m-2015.jpg","width":999,"height":667,"caption":"Die Rohbauarbeiten f\u00fcr eine Wohn\u00fcberbauung in Lausen sind abgeschlossen (bild: Depositphotos)"},{"@type":"BreadcrumbList","@id":"https:\/\/www.immobilienbusiness.ch\/regionen\/2019-11-21\/zuerich-siedlung-birkenhof-wird-saniert\/#breadcrumb","itemListElement":[{"@type":"ListItem","position":1,"name":"Home","item":"https:\/\/www.immobilienbusiness.ch\/"},{"@type":"ListItem","position":2,"name":"Z\u00fcrich: Siedlung Birkenhof wird saniert"}]},{"@type":"WebSite","@id":"https:\/\/www.immobilienbusiness.ch\/#website","url":"https:\/\/www.immobilienbusiness.ch\/","name":"Affari immobiliari","description":"Rivista economica indipendente svizzera che si concentra sul settore immobiliare, l'architettura e la costruzione, nonch\u00e9 sugli investimenti e i finanziamenti.","publisher":{"@id":"https:\/\/www.immobilienbusiness.ch\/#organization"},"potentialAction":[{"@type":"SearchAction","target":{"@type":"EntryPoint","urlTemplate":"https:\/\/www.immobilienbusiness.ch\/?s={search_term_string}"},"query-input":{"@type":"PropertyValueSpecification","valueRequired":true,"valueName":"search_term_string"}}],"inLanguage":"it-IT"},{"@type":"Organization","@id":"https:\/\/www.immobilienbusiness.ch\/#organization","name":"Affari immobiliari","url":"https:\/\/www.immobilienbusiness.ch\/","logo":{"@type":"ImageObject","inLanguage":"it-IT","@id":"https:\/\/www.immobilienbusiness.ch\/#\/schema\/logo\/image\/","url":"https:\/\/www.immobilienbusiness.ch\/wp-content\/uploads\/2021\/07\/logo_ib.png","contentUrl":"https:\/\/www.immobilienbusiness.ch\/wp-content\/uploads\/2021\/07\/logo_ib.png","width":800,"height":181,"caption":"IMMOBILIEN Business"},"image":{"@id":"https:\/\/www.immobilienbusiness.ch\/#\/schema\/logo\/image\/"},"sameAs":["https:\/\/www.facebook.com\/immobilienbusiness\/"]},{"@type":"Person","@id":"https:\/\/www.immobilienbusiness.ch\/#\/schema\/person\/3fc036297b10b9f42d6db5ee932af8c8","name":"anja.hall","image":{"@type":"ImageObject","inLanguage":"it-IT","@id":"https:\/\/secure.gravatar.com\/avatar\/066b5a0d447013502c71a5782f4f3469f03cfe595cc2329fb94652fe47511bfb?s=96&d=mm&r=g","url":"https:\/\/secure.gravatar.com\/avatar\/066b5a0d447013502c71a5782f4f3469f03cfe595cc2329fb94652fe47511bfb?s=96&d=mm&r=g","contentUrl":"https:\/\/secure.gravatar.com\/avatar\/066b5a0d447013502c71a5782f4f3469f03cfe595cc2329fb94652fe47511bfb?s=96&d=mm&r=g","caption":"anja.hall"},"url":"https:\/\/www.immobilienbusiness.ch\/it\/author\/anja-hall\/"}]}},"_links":{"self":[{"href":"https:\/\/www.immobilienbusiness.ch\/it\/wp-json\/wp\/v2\/posts\/19313","targetHints":{"allow":["GET"]}}],"collection":[{"href":"https:\/\/www.immobilienbusiness.ch\/it\/wp-json\/wp\/v2\/posts"}],"about":[{"href":"https:\/\/www.immobilienbusiness.ch\/it\/wp-json\/wp\/v2\/types\/post"}],"author":[{"embeddable":true,"href":"https:\/\/www.immobilienbusiness.ch\/it\/wp-json\/wp\/v2\/users\/3"}],"replies":[{"embeddable":true,"href":"https:\/\/www.immobilienbusiness.ch\/it\/wp-json\/wp\/v2\/comments?post=19313"}],"version-history":[{"count":0,"href":"https:\/\/www.immobilienbusiness.ch\/it\/wp-json\/wp\/v2\/posts\/19313\/revisions"}],"wp:featuredmedia":[{"embeddable":true,"href":"https:\/\/www.immobilienbusiness.ch\/it\/wp-json\/wp\/v2\/media\/14652"}],"wp:attachment":[{"href":"https:\/\/www.immobilienbusiness.ch\/it\/wp-json\/wp\/v2\/media?parent=19313"}],"wp:term":[{"taxonomy":"category","embeddable":true,"href":"https:\/\/www.immobilienbusiness.ch\/it\/wp-json\/wp\/v2\/categories?post=19313"},{"taxonomy":"post_tag","embeddable":true,"href":"https:\/\/www.immobilienbusiness.ch\/it\/wp-json\/wp\/v2\/tags?post=19313"}],"curies":[{"name":"wp","href":"https:\/\/api.w.org\/{rel}","templated":true}]}}