{"id":19130,"date":"2019-11-08T08:09:04","date_gmt":"2019-11-08T07:09:04","guid":{"rendered":"https:\/\/www.immobilienbusiness.ch\/?p=19130"},"modified":"2019-11-08T08:09:04","modified_gmt":"2019-11-08T07:09:04","slug":"emmen-steiner-entwickelt-wohn-und-gewerbeueberbauung","status":"publish","type":"post","link":"https:\/\/www.immobilienbusiness.ch\/it\/regionen\/2019-11-08\/emmen-steiner-entwickelt-wohn-und-gewerbeueberbauung\/","title":{"rendered":"Emmen: Steiner sviluppa sovrastrutture residenziali e commerciali"},"content":{"rendered":"<figure id=\"attachment_14652\" aria-describedby=\"caption-attachment-14652\" style=\"width: 680px\" class=\"wp-caption alignnone\"><img loading=\"lazy\" decoding=\"async\" class=\"size-medium wp-image-14652\" src=\"https:\/\/www.immobilienbusiness.ch\/wp-content\/uploads\/2018\/10\/Depositphotos_170350446_m-2015.jpg\" alt=\"\" width=\"680\" height=\"454\" srcset=\"https:\/\/www.immobilienbusiness.ch\/wp-content\/uploads\/2018\/10\/Depositphotos_170350446_m-2015.jpg 999w, https:\/\/www.immobilienbusiness.ch\/wp-content\/uploads\/2018\/10\/Depositphotos_170350446_m-2015-300x200.jpg 300w, https:\/\/www.immobilienbusiness.ch\/wp-content\/uploads\/2018\/10\/Depositphotos_170350446_m-2015-768x513.jpg 768w, https:\/\/www.immobilienbusiness.ch\/wp-content\/uploads\/2018\/10\/Depositphotos_170350446_m-2015-16x12.jpg 16w, https:\/\/www.immobilienbusiness.ch\/wp-content\/uploads\/2018\/10\/Depositphotos_170350446_m-2015-262x175.jpg 262w, https:\/\/www.immobilienbusiness.ch\/wp-content\/uploads\/2018\/10\/Depositphotos_170350446_m-2015-524x350.jpg 524w, https:\/\/www.immobilienbusiness.ch\/wp-content\/uploads\/2018\/10\/Depositphotos_170350446_m-2015-920x614.jpg 920w\" sizes=\"auto, (max-width: 680px) 100vw, 680px\" \/><figcaption id=\"caption-attachment-14652\" class=\"wp-caption-text\">Steiner sta progettando lo sviluppo di un sito a Emmen (Immagine: ArturVerkhovetskiy - depositphotos)<\/figcaption><\/figure>\n<p>Il progetto Sonne viene costruito a Emmen sul sito tra Gerliswilstrasse e Gersagstrasse, nelle immediate vicinanze di Sonnenplatz e della stazione Emmenbr\u00fccke Gersag S-Bahn. Lo sviluppo consister\u00e0 in quattro edifici poligonali e circa 180 appartamenti. Lungo la Gersagstrasse, sono previsti edifici fino a sette piani, con piano terra orientato al pubblico e usi commerciali. Steiner \u00e8 convinto che questo - in combinazione con una zona di marciapiedi alberati - migliorer\u00e0 e rivitalizzer\u00e0 il centro di Emmen. L'insediamento sar\u00e0 collegato al trasporto pubblico con la prevista espansione della stazione della S-Bahn e il nuovo hub degli autobus.<\/p>\n<p>Il progetto indicativo per lo sviluppo del sito si basa su uno studio di progetto del team Steib Gm\u00fcr Geschwentner Kyburz Partner e koepflipartner Landscape Architects BSLA, che ha vinto la commissione di studio. Il progetto ha convinto la giuria di esperti in particolare con le sue qualit\u00e0 esterne, i buoni collegamenti visivi nel quartiere e l'attenta integrazione degli edifici esistenti sulla Gerliswilstrasse con la storica locanda Adler, scrive Steiner nel comunicato stampa.<\/p>\n<p>Un piano di sviluppo \u00e8 in corso di elaborazione; l'inizio dei lavori di costruzione \u00e8 previsto per la met\u00e0 del 2020. Steiner si aspetta che l'intero progetto sia completato nel 2024.\u00a0<em>(ah)<\/em><\/p>","protected":false},"excerpt":{"rendered":"<p>Steiner sta progettando un nuovo complesso residenziale sul sito Sonne nel quartiere di Emmenbr\u00fccke per conto della Fondazione Steiner Investment. Il progetto di massima per lo sviluppo del sito \u00e8 stato presentato.<\/p>","protected":false},"author":3,"featured_media":14652,"comment_status":"closed","ping_status":"open","sticky":false,"template":"","format":"standard","meta":{"_acf_changed":false,"_yoast_wpseo_focuskw":"Emmen","_yoast_wpseo_title":"","_yoast_wpseo_metadesc":"Auf dem Areal Sonne in Emmen plant Steiner im Auftrag der Steiner Investment Foundation eine Neubausiedlung. Das Richtprojekt wurde nun vorgestellt.","_yoast_wpseo_linkdex":51,"pgc_sgb_lightbox_settings":"","footnotes":""},"categories":[985],"tags":[1400,1600,1731,1732,1863],"class_list":["post-19130","post","type-post","status-publish","format-standard","has-post-thumbnail","hentry","category-regionen","tag-kanton-luzern","tag-projekt-in-planung","tag-steiner-ag","tag-steiner-investment-foundation","tag-wohnimmobilien"],"acf":[],"yoast_head":"<!-- This site is optimized with the Yoast SEO plugin v27.4 - https:\/\/yoast.com\/product\/yoast-seo-wordpress\/ -->\n<title>Emmen: Steiner entwickelt Wohn- und Gewerbe\u00fcberbauung - IMMOBILIEN Business<\/title>\n<meta name=\"description\" content=\"Auf dem Areal Sonne in Emmen plant Steiner im Auftrag der Steiner Investment Foundation eine Neubausiedlung. Das Richtprojekt wurde nun vorgestellt.\" \/>\n<meta name=\"robots\" content=\"index, follow, max-snippet:-1, max-image-preview:large, max-video-preview:-1\" \/>\n<link rel=\"canonical\" href=\"https:\/\/www.immobilienbusiness.ch\/it\/regionen\/2019-11-08\/emmen-steiner-entwickelt-wohn-und-gewerbeueberbauung\/\" \/>\n<meta property=\"og:locale\" content=\"it_IT\" \/>\n<meta property=\"og:type\" content=\"article\" \/>\n<meta property=\"og:title\" content=\"Emmen: Steiner entwickelt Wohn- und Gewerbe\u00fcberbauung - IMMOBILIEN Business\" \/>\n<meta property=\"og:description\" content=\"Auf dem Areal Sonne in Emmen plant Steiner im Auftrag der Steiner Investment Foundation eine Neubausiedlung. Das Richtprojekt wurde nun vorgestellt.\" \/>\n<meta property=\"og:url\" content=\"https:\/\/www.immobilienbusiness.ch\/it\/regionen\/2019-11-08\/emmen-steiner-entwickelt-wohn-und-gewerbeueberbauung\/\" \/>\n<meta property=\"og:site_name\" content=\"IMMOBILIEN Business\" \/>\n<meta property=\"article:publisher\" content=\"https:\/\/www.facebook.com\/immobilienbusiness\/\" \/>\n<meta property=\"article:published_time\" content=\"2019-11-08T07:09:04+00:00\" \/>\n<meta property=\"og:image\" content=\"https:\/\/www.immobilienbusiness.ch\/wp-content\/uploads\/2018\/10\/Depositphotos_170350446_m-2015.jpg\" \/>\n\t<meta property=\"og:image:width\" content=\"999\" \/>\n\t<meta property=\"og:image:height\" content=\"667\" \/>\n\t<meta property=\"og:image:type\" content=\"image\/jpeg\" \/>\n<meta name=\"author\" content=\"anja.hall\" \/>\n<meta name=\"twitter:card\" content=\"summary_large_image\" \/>\n<meta name=\"twitter:image\" content=\"https:\/\/www.immobilienbusiness.ch\/wp-content\/uploads\/2018\/10\/Depositphotos_170350446_m-2015.jpg\" \/>\n<script type=\"application\/ld+json\" class=\"yoast-schema-graph\">{\"@context\":\"https:\\\/\\\/schema.org\",\"@graph\":[{\"@type\":\"Article\",\"@id\":\"https:\\\/\\\/www.immobilienbusiness.ch\\\/regionen\\\/2019-11-08\\\/emmen-steiner-entwickelt-wohn-und-gewerbeueberbauung\\\/#article\",\"isPartOf\":{\"@id\":\"https:\\\/\\\/www.immobilienbusiness.ch\\\/regionen\\\/2019-11-08\\\/emmen-steiner-entwickelt-wohn-und-gewerbeueberbauung\\\/\"},\"author\":{\"name\":\"anja.hall\",\"@id\":\"https:\\\/\\\/www.immobilienbusiness.ch\\\/#\\\/schema\\\/person\\\/3fc036297b10b9f42d6db5ee932af8c8\"},\"headline\":\"Emmen: Steiner entwickelt Wohn- und Gewerbe\u00fcberbauung\",\"datePublished\":\"2019-11-08T07:09:04+00:00\",\"mainEntityOfPage\":{\"@id\":\"https:\\\/\\\/www.immobilienbusiness.ch\\\/regionen\\\/2019-11-08\\\/emmen-steiner-entwickelt-wohn-und-gewerbeueberbauung\\\/\"},\"wordCount\":215,\"publisher\":{\"@id\":\"https:\\\/\\\/www.immobilienbusiness.ch\\\/#organization\"},\"image\":{\"@id\":\"https:\\\/\\\/www.immobilienbusiness.ch\\\/regionen\\\/2019-11-08\\\/emmen-steiner-entwickelt-wohn-und-gewerbeueberbauung\\\/#primaryimage\"},\"thumbnailUrl\":\"https:\\\/\\\/www.immobilienbusiness.ch\\\/wp-content\\\/uploads\\\/2018\\\/10\\\/Depositphotos_170350446_m-2015.jpg\",\"keywords\":[\"Kanton Luzern\",\"Projekt in Planung\",\"Steiner AG\",\"Steiner Investment Foundation\",\"Wohnimmobilien\"],\"articleSection\":[\"REGIONEN\"],\"inLanguage\":\"it-IT\"},{\"@type\":\"WebPage\",\"@id\":\"https:\\\/\\\/www.immobilienbusiness.ch\\\/regionen\\\/2019-11-08\\\/emmen-steiner-entwickelt-wohn-und-gewerbeueberbauung\\\/\",\"url\":\"https:\\\/\\\/www.immobilienbusiness.ch\\\/regionen\\\/2019-11-08\\\/emmen-steiner-entwickelt-wohn-und-gewerbeueberbauung\\\/\",\"name\":\"Emmen: Steiner entwickelt Wohn- und Gewerbe\u00fcberbauung - IMMOBILIEN Business\",\"isPartOf\":{\"@id\":\"https:\\\/\\\/www.immobilienbusiness.ch\\\/#website\"},\"primaryImageOfPage\":{\"@id\":\"https:\\\/\\\/www.immobilienbusiness.ch\\\/regionen\\\/2019-11-08\\\/emmen-steiner-entwickelt-wohn-und-gewerbeueberbauung\\\/#primaryimage\"},\"image\":{\"@id\":\"https:\\\/\\\/www.immobilienbusiness.ch\\\/regionen\\\/2019-11-08\\\/emmen-steiner-entwickelt-wohn-und-gewerbeueberbauung\\\/#primaryimage\"},\"thumbnailUrl\":\"https:\\\/\\\/www.immobilienbusiness.ch\\\/wp-content\\\/uploads\\\/2018\\\/10\\\/Depositphotos_170350446_m-2015.jpg\",\"datePublished\":\"2019-11-08T07:09:04+00:00\",\"description\":\"Auf dem Areal Sonne in Emmen plant Steiner im Auftrag der Steiner Investment Foundation eine Neubausiedlung. Das Richtprojekt wurde nun vorgestellt.\",\"breadcrumb\":{\"@id\":\"https:\\\/\\\/www.immobilienbusiness.ch\\\/regionen\\\/2019-11-08\\\/emmen-steiner-entwickelt-wohn-und-gewerbeueberbauung\\\/#breadcrumb\"},\"inLanguage\":\"it-IT\",\"potentialAction\":[{\"@type\":\"ReadAction\",\"target\":[\"https:\\\/\\\/www.immobilienbusiness.ch\\\/regionen\\\/2019-11-08\\\/emmen-steiner-entwickelt-wohn-und-gewerbeueberbauung\\\/\"]}]},{\"@type\":\"ImageObject\",\"inLanguage\":\"it-IT\",\"@id\":\"https:\\\/\\\/www.immobilienbusiness.ch\\\/regionen\\\/2019-11-08\\\/emmen-steiner-entwickelt-wohn-und-gewerbeueberbauung\\\/#primaryimage\",\"url\":\"https:\\\/\\\/www.immobilienbusiness.ch\\\/wp-content\\\/uploads\\\/2018\\\/10\\\/Depositphotos_170350446_m-2015.jpg\",\"contentUrl\":\"https:\\\/\\\/www.immobilienbusiness.ch\\\/wp-content\\\/uploads\\\/2018\\\/10\\\/Depositphotos_170350446_m-2015.jpg\",\"width\":999,\"height\":667,\"caption\":\"Die Rohbauarbeiten f\u00fcr eine Wohn\u00fcberbauung in Lausen sind abgeschlossen (bild: Depositphotos)\"},{\"@type\":\"BreadcrumbList\",\"@id\":\"https:\\\/\\\/www.immobilienbusiness.ch\\\/regionen\\\/2019-11-08\\\/emmen-steiner-entwickelt-wohn-und-gewerbeueberbauung\\\/#breadcrumb\",\"itemListElement\":[{\"@type\":\"ListItem\",\"position\":1,\"name\":\"Home\",\"item\":\"https:\\\/\\\/www.immobilienbusiness.ch\\\/\"},{\"@type\":\"ListItem\",\"position\":2,\"name\":\"Emmen: Steiner entwickelt Wohn- und Gewerbe\u00fcberbauung\"}]},{\"@type\":\"WebSite\",\"@id\":\"https:\\\/\\\/www.immobilienbusiness.ch\\\/#website\",\"url\":\"https:\\\/\\\/www.immobilienbusiness.ch\\\/\",\"name\":\"IMMOBILIEN Business\",\"description\":\"Unabh\u00e4ngiges Schweizer Wirtschaftsmagazin mit Fokus auf Immobilien, Architektur- und Bau sowie Investment- und Finanzierung.\",\"publisher\":{\"@id\":\"https:\\\/\\\/www.immobilienbusiness.ch\\\/#organization\"},\"potentialAction\":[{\"@type\":\"SearchAction\",\"target\":{\"@type\":\"EntryPoint\",\"urlTemplate\":\"https:\\\/\\\/www.immobilienbusiness.ch\\\/?s={search_term_string}\"},\"query-input\":{\"@type\":\"PropertyValueSpecification\",\"valueRequired\":true,\"valueName\":\"search_term_string\"}}],\"inLanguage\":\"it-IT\"},{\"@type\":\"Organization\",\"@id\":\"https:\\\/\\\/www.immobilienbusiness.ch\\\/#organization\",\"name\":\"IMMOBILIEN Business\",\"url\":\"https:\\\/\\\/www.immobilienbusiness.ch\\\/\",\"logo\":{\"@type\":\"ImageObject\",\"inLanguage\":\"it-IT\",\"@id\":\"https:\\\/\\\/www.immobilienbusiness.ch\\\/#\\\/schema\\\/logo\\\/image\\\/\",\"url\":\"https:\\\/\\\/www.immobilienbusiness.ch\\\/wp-content\\\/uploads\\\/2021\\\/07\\\/logo_ib.png\",\"contentUrl\":\"https:\\\/\\\/www.immobilienbusiness.ch\\\/wp-content\\\/uploads\\\/2021\\\/07\\\/logo_ib.png\",\"width\":800,\"height\":181,\"caption\":\"IMMOBILIEN Business\"},\"image\":{\"@id\":\"https:\\\/\\\/www.immobilienbusiness.ch\\\/#\\\/schema\\\/logo\\\/image\\\/\"},\"sameAs\":[\"https:\\\/\\\/www.facebook.com\\\/immobilienbusiness\\\/\"]},{\"@type\":\"Person\",\"@id\":\"https:\\\/\\\/www.immobilienbusiness.ch\\\/#\\\/schema\\\/person\\\/3fc036297b10b9f42d6db5ee932af8c8\",\"name\":\"anja.hall\",\"image\":{\"@type\":\"ImageObject\",\"inLanguage\":\"it-IT\",\"@id\":\"https:\\\/\\\/secure.gravatar.com\\\/avatar\\\/066b5a0d447013502c71a5782f4f3469f03cfe595cc2329fb94652fe47511bfb?s=96&d=mm&r=g\",\"url\":\"https:\\\/\\\/secure.gravatar.com\\\/avatar\\\/066b5a0d447013502c71a5782f4f3469f03cfe595cc2329fb94652fe47511bfb?s=96&d=mm&r=g\",\"contentUrl\":\"https:\\\/\\\/secure.gravatar.com\\\/avatar\\\/066b5a0d447013502c71a5782f4f3469f03cfe595cc2329fb94652fe47511bfb?s=96&d=mm&r=g\",\"caption\":\"anja.hall\"},\"url\":\"https:\\\/\\\/www.immobilienbusiness.ch\\\/it\\\/author\\\/anja-hall\\\/\"}]}<\/script>\n<!-- \/ Yoast SEO plugin. -->","yoast_head_json":{"title":"Emmen: Steiner sviluppa un complesso residenziale e commerciale - IMMOBILIEN Business","description":"Steiner sta progettando un nuovo complesso residenziale sul sito di Sonne a Emmen per conto della Fondazione Steiner Investment. Il progetto indicativo \u00e8 stato presentato.","robots":{"index":"index","follow":"follow","max-snippet":"max-snippet:-1","max-image-preview":"max-image-preview:large","max-video-preview":"max-video-preview:-1"},"canonical":"https:\/\/www.immobilienbusiness.ch\/it\/regionen\/2019-11-08\/emmen-steiner-entwickelt-wohn-und-gewerbeueberbauung\/","og_locale":"it_IT","og_type":"article","og_title":"Emmen: Steiner entwickelt Wohn- und Gewerbe\u00fcberbauung - IMMOBILIEN Business","og_description":"Auf dem Areal Sonne in Emmen plant Steiner im Auftrag der Steiner Investment Foundation eine Neubausiedlung. Das Richtprojekt wurde nun vorgestellt.","og_url":"https:\/\/www.immobilienbusiness.ch\/it\/regionen\/2019-11-08\/emmen-steiner-entwickelt-wohn-und-gewerbeueberbauung\/","og_site_name":"IMMOBILIEN Business","article_publisher":"https:\/\/www.facebook.com\/immobilienbusiness\/","article_published_time":"2019-11-08T07:09:04+00:00","og_image":[{"width":999,"height":667,"url":"https:\/\/www.immobilienbusiness.ch\/wp-content\/uploads\/2018\/10\/Depositphotos_170350446_m-2015.jpg","type":"image\/jpeg"}],"author":"anja.hall","twitter_card":"summary_large_image","twitter_image":"https:\/\/www.immobilienbusiness.ch\/wp-content\/uploads\/2018\/10\/Depositphotos_170350446_m-2015.jpg","schema":{"@context":"https:\/\/schema.org","@graph":[{"@type":"Article","@id":"https:\/\/www.immobilienbusiness.ch\/regionen\/2019-11-08\/emmen-steiner-entwickelt-wohn-und-gewerbeueberbauung\/#article","isPartOf":{"@id":"https:\/\/www.immobilienbusiness.ch\/regionen\/2019-11-08\/emmen-steiner-entwickelt-wohn-und-gewerbeueberbauung\/"},"author":{"name":"anja.hall","@id":"https:\/\/www.immobilienbusiness.ch\/#\/schema\/person\/3fc036297b10b9f42d6db5ee932af8c8"},"headline":"Emmen: Steiner entwickelt Wohn- und Gewerbe\u00fcberbauung","datePublished":"2019-11-08T07:09:04+00:00","mainEntityOfPage":{"@id":"https:\/\/www.immobilienbusiness.ch\/regionen\/2019-11-08\/emmen-steiner-entwickelt-wohn-und-gewerbeueberbauung\/"},"wordCount":215,"publisher":{"@id":"https:\/\/www.immobilienbusiness.ch\/#organization"},"image":{"@id":"https:\/\/www.immobilienbusiness.ch\/regionen\/2019-11-08\/emmen-steiner-entwickelt-wohn-und-gewerbeueberbauung\/#primaryimage"},"thumbnailUrl":"https:\/\/www.immobilienbusiness.ch\/wp-content\/uploads\/2018\/10\/Depositphotos_170350446_m-2015.jpg","keywords":["Kanton Luzern","Projekt in Planung","Steiner AG","Steiner Investment Foundation","Wohnimmobilien"],"articleSection":["REGIONEN"],"inLanguage":"it-IT"},{"@type":"WebPage","@id":"https:\/\/www.immobilienbusiness.ch\/regionen\/2019-11-08\/emmen-steiner-entwickelt-wohn-und-gewerbeueberbauung\/","url":"https:\/\/www.immobilienbusiness.ch\/regionen\/2019-11-08\/emmen-steiner-entwickelt-wohn-und-gewerbeueberbauung\/","name":"Emmen: Steiner sviluppa un complesso residenziale e commerciale - IMMOBILIEN Business","isPartOf":{"@id":"https:\/\/www.immobilienbusiness.ch\/#website"},"primaryImageOfPage":{"@id":"https:\/\/www.immobilienbusiness.ch\/regionen\/2019-11-08\/emmen-steiner-entwickelt-wohn-und-gewerbeueberbauung\/#primaryimage"},"image":{"@id":"https:\/\/www.immobilienbusiness.ch\/regionen\/2019-11-08\/emmen-steiner-entwickelt-wohn-und-gewerbeueberbauung\/#primaryimage"},"thumbnailUrl":"https:\/\/www.immobilienbusiness.ch\/wp-content\/uploads\/2018\/10\/Depositphotos_170350446_m-2015.jpg","datePublished":"2019-11-08T07:09:04+00:00","description":"Steiner sta progettando un nuovo complesso residenziale sul sito di Sonne a Emmen per conto della Fondazione Steiner Investment. Il progetto indicativo \u00e8 stato presentato.","breadcrumb":{"@id":"https:\/\/www.immobilienbusiness.ch\/regionen\/2019-11-08\/emmen-steiner-entwickelt-wohn-und-gewerbeueberbauung\/#breadcrumb"},"inLanguage":"it-IT","potentialAction":[{"@type":"ReadAction","target":["https:\/\/www.immobilienbusiness.ch\/regionen\/2019-11-08\/emmen-steiner-entwickelt-wohn-und-gewerbeueberbauung\/"]}]},{"@type":"ImageObject","inLanguage":"it-IT","@id":"https:\/\/www.immobilienbusiness.ch\/regionen\/2019-11-08\/emmen-steiner-entwickelt-wohn-und-gewerbeueberbauung\/#primaryimage","url":"https:\/\/www.immobilienbusiness.ch\/wp-content\/uploads\/2018\/10\/Depositphotos_170350446_m-2015.jpg","contentUrl":"https:\/\/www.immobilienbusiness.ch\/wp-content\/uploads\/2018\/10\/Depositphotos_170350446_m-2015.jpg","width":999,"height":667,"caption":"Die Rohbauarbeiten f\u00fcr eine Wohn\u00fcberbauung in Lausen sind abgeschlossen (bild: Depositphotos)"},{"@type":"BreadcrumbList","@id":"https:\/\/www.immobilienbusiness.ch\/regionen\/2019-11-08\/emmen-steiner-entwickelt-wohn-und-gewerbeueberbauung\/#breadcrumb","itemListElement":[{"@type":"ListItem","position":1,"name":"Home","item":"https:\/\/www.immobilienbusiness.ch\/"},{"@type":"ListItem","position":2,"name":"Emmen: Steiner entwickelt Wohn- und Gewerbe\u00fcberbauung"}]},{"@type":"WebSite","@id":"https:\/\/www.immobilienbusiness.ch\/#website","url":"https:\/\/www.immobilienbusiness.ch\/","name":"Affari immobiliari","description":"Rivista economica indipendente svizzera che si concentra sul settore immobiliare, l'architettura e la costruzione, nonch\u00e9 sugli investimenti e i finanziamenti.","publisher":{"@id":"https:\/\/www.immobilienbusiness.ch\/#organization"},"potentialAction":[{"@type":"SearchAction","target":{"@type":"EntryPoint","urlTemplate":"https:\/\/www.immobilienbusiness.ch\/?s={search_term_string}"},"query-input":{"@type":"PropertyValueSpecification","valueRequired":true,"valueName":"search_term_string"}}],"inLanguage":"it-IT"},{"@type":"Organization","@id":"https:\/\/www.immobilienbusiness.ch\/#organization","name":"Affari immobiliari","url":"https:\/\/www.immobilienbusiness.ch\/","logo":{"@type":"ImageObject","inLanguage":"it-IT","@id":"https:\/\/www.immobilienbusiness.ch\/#\/schema\/logo\/image\/","url":"https:\/\/www.immobilienbusiness.ch\/wp-content\/uploads\/2021\/07\/logo_ib.png","contentUrl":"https:\/\/www.immobilienbusiness.ch\/wp-content\/uploads\/2021\/07\/logo_ib.png","width":800,"height":181,"caption":"IMMOBILIEN Business"},"image":{"@id":"https:\/\/www.immobilienbusiness.ch\/#\/schema\/logo\/image\/"},"sameAs":["https:\/\/www.facebook.com\/immobilienbusiness\/"]},{"@type":"Person","@id":"https:\/\/www.immobilienbusiness.ch\/#\/schema\/person\/3fc036297b10b9f42d6db5ee932af8c8","name":"anja.hall","image":{"@type":"ImageObject","inLanguage":"it-IT","@id":"https:\/\/secure.gravatar.com\/avatar\/066b5a0d447013502c71a5782f4f3469f03cfe595cc2329fb94652fe47511bfb?s=96&d=mm&r=g","url":"https:\/\/secure.gravatar.com\/avatar\/066b5a0d447013502c71a5782f4f3469f03cfe595cc2329fb94652fe47511bfb?s=96&d=mm&r=g","contentUrl":"https:\/\/secure.gravatar.com\/avatar\/066b5a0d447013502c71a5782f4f3469f03cfe595cc2329fb94652fe47511bfb?s=96&d=mm&r=g","caption":"anja.hall"},"url":"https:\/\/www.immobilienbusiness.ch\/it\/author\/anja-hall\/"}]}},"_links":{"self":[{"href":"https:\/\/www.immobilienbusiness.ch\/it\/wp-json\/wp\/v2\/posts\/19130","targetHints":{"allow":["GET"]}}],"collection":[{"href":"https:\/\/www.immobilienbusiness.ch\/it\/wp-json\/wp\/v2\/posts"}],"about":[{"href":"https:\/\/www.immobilienbusiness.ch\/it\/wp-json\/wp\/v2\/types\/post"}],"author":[{"embeddable":true,"href":"https:\/\/www.immobilienbusiness.ch\/it\/wp-json\/wp\/v2\/users\/3"}],"replies":[{"embeddable":true,"href":"https:\/\/www.immobilienbusiness.ch\/it\/wp-json\/wp\/v2\/comments?post=19130"}],"version-history":[{"count":0,"href":"https:\/\/www.immobilienbusiness.ch\/it\/wp-json\/wp\/v2\/posts\/19130\/revisions"}],"wp:featuredmedia":[{"embeddable":true,"href":"https:\/\/www.immobilienbusiness.ch\/it\/wp-json\/wp\/v2\/media\/14652"}],"wp:attachment":[{"href":"https:\/\/www.immobilienbusiness.ch\/it\/wp-json\/wp\/v2\/media?parent=19130"}],"wp:term":[{"taxonomy":"category","embeddable":true,"href":"https:\/\/www.immobilienbusiness.ch\/it\/wp-json\/wp\/v2\/categories?post=19130"},{"taxonomy":"post_tag","embeddable":true,"href":"https:\/\/www.immobilienbusiness.ch\/it\/wp-json\/wp\/v2\/tags?post=19130"}],"curies":[{"name":"wp","href":"https:\/\/api.w.org\/{rel}","templated":true}]}}