{"id":19013,"date":"2019-10-31T09:12:22","date_gmt":"2019-10-31T08:12:22","guid":{"rendered":"https:\/\/www.immobilienbusiness.ch\/?p=19013"},"modified":"2019-10-31T09:12:22","modified_gmt":"2019-10-31T08:12:22","slug":"bern-grundsteinlegung-fuer-ueberbauung-huebergass","status":"publish","type":"post","link":"https:\/\/www.immobilienbusiness.ch\/it\/regionen\/2019-10-31\/bern-grundsteinlegung-fuer-ueberbauung-huebergass\/","title":{"rendered":"Berna: posa della prima pietra per lo sviluppo di Huebergass"},"content":{"rendered":"<figure id=\"attachment_19015\" aria-describedby=\"caption-attachment-19015\" style=\"width: 680px\" class=\"wp-caption alignnone\"><img loading=\"lazy\" decoding=\"async\" class=\"size-medium wp-image-19015\" src=\"https:\/\/www.immobilienbusiness.ch\/wp-content\/uploads\/2019\/10\/Visu_Aussen.jpg\" alt=\"\" width=\"680\" height=\"447\" \/><figcaption id=\"caption-attachment-19015\" class=\"wp-caption-text\">Lo sviluppo di Huebergass con il parco adiacente (visualizzazione: art.space\/WBG Huebergass)<\/figcaption><\/figure>\n<p>Il progetto Huebergass consiste in cinque edifici di quattro piani, che sono posizionati in modo tale da formare un vicolo come cuore del nuovo insediamento - il \"Huebergass\". L'edificio viene costruito secondo il progetto di GWJ Architektur di Berna, e Halter AG \u00e8 l'impresa generale. Parallelamente al progetto, la citt\u00e0 di Berna sta creando un parco con un paesaggio acquatico e di gioco.<\/p>\n<p>Sono previsti appartamenti familiari di 4,5 e 5,5 stanze, monolocali residenziali e appartamenti di 1,5, 2,5 e 3,5 stanze. I cosiddetti appartamenti a grappolo al piano terra con sei-otto stanze, una cucina comune e un ampio soggiorno sono destinati a offrire spazio per nuove forme di vita, come comunit\u00e0 di grandi dimensioni e pensionati. Secondo la cooperativa edilizia Huebergass, tutti gli appartamenti erano gi\u00e0 affittati prima dell'inizio della costruzione. Gli appartamenti dovrebbero essere pronti per l'occupazione all'inizio del 2021.<\/p>\n<p>Una caratteristica speciale dello sviluppo \u00e8 un concetto di mobilit\u00e0 globale: solo un posto auto \u00e8 previsto per ogni quattro appartamenti al fine di promuovere \"il trasporto privato limitato\", secondo la dichiarazione. Lo sviluppo \u00e8 situato direttamente accanto alla fermata del tram Schlossmatte e avr\u00e0 una stazione di mobilit\u00e0 cos\u00ec come altre soluzioni di mobilit\u00e0 con una stazione di ricarica elettrica. Inoltre, la cooperativa di inquilini pagher\u00e0 ad ogni residente una quota dell'abbonamento a Libero. Questi servizi saranno finanziati da un franco inquilino.<\/p>\n<p>La cooperativa edilizia Huebergass \u00e8 un progetto di riferimento del WBG Wir sind Stadtgarten. Nel 2017, la WBG ha vinto il concorso per investitori e progetti per il quartiere residenziale di Berna sulla Mutachstrasse con il progetto Huebergass. Dopo il completamento dello sviluppo del progetto e prima dell'inizio della costruzione, la cooperativa edilizia \u00e8 stata trasformata nella cooperativa indipendente di inquilini Huebergass. <em>(ah)<\/em><\/p>","protected":false},"excerpt":{"rendered":"<p>A Berna \u00e8 stata posata la prima pietra di uno sviluppo con 103 appartamenti cooperativi.<\/p>","protected":false},"author":3,"featured_media":19015,"comment_status":"closed","ping_status":"open","sticky":false,"template":"","format":"standard","meta":{"_acf_changed":false,"_yoast_wpseo_focuskw":"Huebergass","_yoast_wpseo_title":"","_yoast_wpseo_metadesc":"In Bern wurde nun der Grundstein f\u00fcr eine \u00dcberbauung mit 103 Genossenschaftswohnungen gelegt.","_yoast_wpseo_linkdex":41,"pgc_sgb_lightbox_settings":"","footnotes":""},"categories":[985],"tags":[1077,1091,1286,1863],"class_list":["post-19013","post","type-post","status-publish","format-standard","has-post-thumbnail","hentry","category-regionen","tag-baugenossenschaft","tag-bern","tag-grundsteinlegung","tag-wohnimmobilien"],"acf":[],"yoast_head":"<!-- This site is optimized with the Yoast SEO plugin v27.4 - https:\/\/yoast.com\/product\/yoast-seo-wordpress\/ -->\n<title>Bern: Grundsteinlegung f\u00fcr \u00dcberbauung Huebergass - IMMOBILIEN Business<\/title>\n<meta name=\"description\" content=\"In Bern wurde nun der Grundstein f\u00fcr eine \u00dcberbauung mit 103 Genossenschaftswohnungen gelegt.\" \/>\n<meta name=\"robots\" content=\"index, follow, max-snippet:-1, max-image-preview:large, max-video-preview:-1\" \/>\n<link rel=\"canonical\" href=\"https:\/\/www.immobilienbusiness.ch\/it\/regionen\/2019-10-31\/bern-grundsteinlegung-fuer-ueberbauung-huebergass\/\" \/>\n<meta property=\"og:locale\" content=\"it_IT\" \/>\n<meta property=\"og:type\" content=\"article\" \/>\n<meta property=\"og:title\" content=\"Bern: Grundsteinlegung f\u00fcr \u00dcberbauung Huebergass - IMMOBILIEN Business\" \/>\n<meta property=\"og:description\" content=\"In Bern wurde nun der Grundstein f\u00fcr eine \u00dcberbauung mit 103 Genossenschaftswohnungen gelegt.\" \/>\n<meta property=\"og:url\" content=\"https:\/\/www.immobilienbusiness.ch\/it\/regionen\/2019-10-31\/bern-grundsteinlegung-fuer-ueberbauung-huebergass\/\" \/>\n<meta property=\"og:site_name\" content=\"IMMOBILIEN Business\" \/>\n<meta property=\"article:publisher\" content=\"https:\/\/www.facebook.com\/immobilienbusiness\/\" \/>\n<meta property=\"article:published_time\" content=\"2019-10-31T08:12:22+00:00\" \/>\n<meta property=\"og:image\" content=\"https:\/\/www.immobilienbusiness.ch\/wp-content\/uploads\/2019\/10\/Visu_Aussen-e1572530400140-1024x673.jpg\" \/>\n\t<meta property=\"og:image:width\" content=\"1024\" \/>\n\t<meta property=\"og:image:height\" content=\"673\" \/>\n\t<meta property=\"og:image:type\" content=\"image\/jpeg\" \/>\n<meta name=\"author\" content=\"anja.hall\" \/>\n<meta name=\"twitter:card\" content=\"summary_large_image\" \/>\n<meta name=\"twitter:image\" content=\"https:\/\/www.immobilienbusiness.ch\/wp-content\/uploads\/2019\/10\/Visu_Aussen-e1572530400140.jpg\" \/>\n<script type=\"application\/ld+json\" class=\"yoast-schema-graph\">{\"@context\":\"https:\\\/\\\/schema.org\",\"@graph\":[{\"@type\":\"Article\",\"@id\":\"https:\\\/\\\/www.immobilienbusiness.ch\\\/de\\\/regionen\\\/2019-10-31\\\/bern-grundsteinlegung-fuer-ueberbauung-huebergass\\\/#article\",\"isPartOf\":{\"@id\":\"https:\\\/\\\/www.immobilienbusiness.ch\\\/de\\\/regionen\\\/2019-10-31\\\/bern-grundsteinlegung-fuer-ueberbauung-huebergass\\\/\"},\"author\":{\"name\":\"anja.hall\",\"@id\":\"https:\\\/\\\/www.immobilienbusiness.ch\\\/#\\\/schema\\\/person\\\/3fc036297b10b9f42d6db5ee932af8c8\"},\"headline\":\"Bern: Grundsteinlegung f\u00fcr \u00dcberbauung Huebergass\",\"datePublished\":\"2019-10-31T08:12:22+00:00\",\"mainEntityOfPage\":{\"@id\":\"https:\\\/\\\/www.immobilienbusiness.ch\\\/de\\\/regionen\\\/2019-10-31\\\/bern-grundsteinlegung-fuer-ueberbauung-huebergass\\\/\"},\"wordCount\":257,\"publisher\":{\"@id\":\"https:\\\/\\\/www.immobilienbusiness.ch\\\/#organization\"},\"image\":{\"@id\":\"https:\\\/\\\/www.immobilienbusiness.ch\\\/de\\\/regionen\\\/2019-10-31\\\/bern-grundsteinlegung-fuer-ueberbauung-huebergass\\\/#primaryimage\"},\"thumbnailUrl\":\"https:\\\/\\\/www.immobilienbusiness.ch\\\/wp-content\\\/uploads\\\/2019\\\/10\\\/Visu_Aussen-e1572530400140.jpg\",\"keywords\":[\"Baugenossenschaft\",\"Bern\",\"Grundsteinlegung\",\"Wohnimmobilien\"],\"articleSection\":[\"REGIONEN\"],\"inLanguage\":\"it-IT\"},{\"@type\":\"WebPage\",\"@id\":\"https:\\\/\\\/www.immobilienbusiness.ch\\\/de\\\/regionen\\\/2019-10-31\\\/bern-grundsteinlegung-fuer-ueberbauung-huebergass\\\/\",\"url\":\"https:\\\/\\\/www.immobilienbusiness.ch\\\/de\\\/regionen\\\/2019-10-31\\\/bern-grundsteinlegung-fuer-ueberbauung-huebergass\\\/\",\"name\":\"Bern: Grundsteinlegung f\u00fcr \u00dcberbauung Huebergass - IMMOBILIEN Business\",\"isPartOf\":{\"@id\":\"https:\\\/\\\/www.immobilienbusiness.ch\\\/#website\"},\"primaryImageOfPage\":{\"@id\":\"https:\\\/\\\/www.immobilienbusiness.ch\\\/de\\\/regionen\\\/2019-10-31\\\/bern-grundsteinlegung-fuer-ueberbauung-huebergass\\\/#primaryimage\"},\"image\":{\"@id\":\"https:\\\/\\\/www.immobilienbusiness.ch\\\/de\\\/regionen\\\/2019-10-31\\\/bern-grundsteinlegung-fuer-ueberbauung-huebergass\\\/#primaryimage\"},\"thumbnailUrl\":\"https:\\\/\\\/www.immobilienbusiness.ch\\\/wp-content\\\/uploads\\\/2019\\\/10\\\/Visu_Aussen-e1572530400140.jpg\",\"datePublished\":\"2019-10-31T08:12:22+00:00\",\"description\":\"In Bern wurde nun der Grundstein f\u00fcr eine \u00dcberbauung mit 103 Genossenschaftswohnungen gelegt.\",\"breadcrumb\":{\"@id\":\"https:\\\/\\\/www.immobilienbusiness.ch\\\/de\\\/regionen\\\/2019-10-31\\\/bern-grundsteinlegung-fuer-ueberbauung-huebergass\\\/#breadcrumb\"},\"inLanguage\":\"it-IT\",\"potentialAction\":[{\"@type\":\"ReadAction\",\"target\":[\"https:\\\/\\\/www.immobilienbusiness.ch\\\/de\\\/regionen\\\/2019-10-31\\\/bern-grundsteinlegung-fuer-ueberbauung-huebergass\\\/\"]}]},{\"@type\":\"ImageObject\",\"inLanguage\":\"it-IT\",\"@id\":\"https:\\\/\\\/www.immobilienbusiness.ch\\\/de\\\/regionen\\\/2019-10-31\\\/bern-grundsteinlegung-fuer-ueberbauung-huebergass\\\/#primaryimage\",\"url\":\"https:\\\/\\\/www.immobilienbusiness.ch\\\/wp-content\\\/uploads\\\/2019\\\/10\\\/Visu_Aussen-e1572530400140.jpg\",\"contentUrl\":\"https:\\\/\\\/www.immobilienbusiness.ch\\\/wp-content\\\/uploads\\\/2019\\\/10\\\/Visu_Aussen-e1572530400140.jpg\",\"width\":2000,\"height\":1314,\"caption\":\"Die \u00dcberbauung Huebergass mit angrenzendem Park (Visualisierung: art.space\\\/\"},{\"@type\":\"BreadcrumbList\",\"@id\":\"https:\\\/\\\/www.immobilienbusiness.ch\\\/de\\\/regionen\\\/2019-10-31\\\/bern-grundsteinlegung-fuer-ueberbauung-huebergass\\\/#breadcrumb\",\"itemListElement\":[{\"@type\":\"ListItem\",\"position\":1,\"name\":\"Home\",\"item\":\"https:\\\/\\\/www.immobilienbusiness.ch\\\/\"},{\"@type\":\"ListItem\",\"position\":2,\"name\":\"Bern: Grundsteinlegung f\u00fcr \u00dcberbauung Huebergass\"}]},{\"@type\":\"WebSite\",\"@id\":\"https:\\\/\\\/www.immobilienbusiness.ch\\\/#website\",\"url\":\"https:\\\/\\\/www.immobilienbusiness.ch\\\/\",\"name\":\"IMMOBILIEN Business\",\"description\":\"Unabh\u00e4ngiges Schweizer Wirtschaftsmagazin mit Fokus auf Immobilien, Architektur- und Bau sowie Investment- und Finanzierung.\",\"publisher\":{\"@id\":\"https:\\\/\\\/www.immobilienbusiness.ch\\\/#organization\"},\"potentialAction\":[{\"@type\":\"SearchAction\",\"target\":{\"@type\":\"EntryPoint\",\"urlTemplate\":\"https:\\\/\\\/www.immobilienbusiness.ch\\\/?s={search_term_string}\"},\"query-input\":{\"@type\":\"PropertyValueSpecification\",\"valueRequired\":true,\"valueName\":\"search_term_string\"}}],\"inLanguage\":\"it-IT\"},{\"@type\":\"Organization\",\"@id\":\"https:\\\/\\\/www.immobilienbusiness.ch\\\/#organization\",\"name\":\"IMMOBILIEN Business\",\"url\":\"https:\\\/\\\/www.immobilienbusiness.ch\\\/\",\"logo\":{\"@type\":\"ImageObject\",\"inLanguage\":\"it-IT\",\"@id\":\"https:\\\/\\\/www.immobilienbusiness.ch\\\/#\\\/schema\\\/logo\\\/image\\\/\",\"url\":\"https:\\\/\\\/www.immobilienbusiness.ch\\\/wp-content\\\/uploads\\\/2021\\\/07\\\/logo_ib.png\",\"contentUrl\":\"https:\\\/\\\/www.immobilienbusiness.ch\\\/wp-content\\\/uploads\\\/2021\\\/07\\\/logo_ib.png\",\"width\":800,\"height\":181,\"caption\":\"IMMOBILIEN Business\"},\"image\":{\"@id\":\"https:\\\/\\\/www.immobilienbusiness.ch\\\/#\\\/schema\\\/logo\\\/image\\\/\"},\"sameAs\":[\"https:\\\/\\\/www.facebook.com\\\/immobilienbusiness\\\/\"]},{\"@type\":\"Person\",\"@id\":\"https:\\\/\\\/www.immobilienbusiness.ch\\\/#\\\/schema\\\/person\\\/3fc036297b10b9f42d6db5ee932af8c8\",\"name\":\"anja.hall\",\"image\":{\"@type\":\"ImageObject\",\"inLanguage\":\"it-IT\",\"@id\":\"https:\\\/\\\/secure.gravatar.com\\\/avatar\\\/066b5a0d447013502c71a5782f4f3469f03cfe595cc2329fb94652fe47511bfb?s=96&d=mm&r=g\",\"url\":\"https:\\\/\\\/secure.gravatar.com\\\/avatar\\\/066b5a0d447013502c71a5782f4f3469f03cfe595cc2329fb94652fe47511bfb?s=96&d=mm&r=g\",\"contentUrl\":\"https:\\\/\\\/secure.gravatar.com\\\/avatar\\\/066b5a0d447013502c71a5782f4f3469f03cfe595cc2329fb94652fe47511bfb?s=96&d=mm&r=g\",\"caption\":\"anja.hall\"},\"url\":\"https:\\\/\\\/www.immobilienbusiness.ch\\\/it\\\/author\\\/anja-hall\\\/\"}]}<\/script>\n<!-- \/ Yoast SEO plugin. -->","yoast_head_json":{"title":"Bern: Grundsteinlegung f\u00fcr \u00dcberbauung Huebergass - IMMOBILIEN Business","description":"In Bern wurde nun der Grundstein f\u00fcr eine \u00dcberbauung mit 103 Genossenschaftswohnungen gelegt.","robots":{"index":"index","follow":"follow","max-snippet":"max-snippet:-1","max-image-preview":"max-image-preview:large","max-video-preview":"max-video-preview:-1"},"canonical":"https:\/\/www.immobilienbusiness.ch\/it\/regionen\/2019-10-31\/bern-grundsteinlegung-fuer-ueberbauung-huebergass\/","og_locale":"it_IT","og_type":"article","og_title":"Bern: Grundsteinlegung f\u00fcr \u00dcberbauung Huebergass - IMMOBILIEN Business","og_description":"In Bern wurde nun der Grundstein f\u00fcr eine \u00dcberbauung mit 103 Genossenschaftswohnungen gelegt.","og_url":"https:\/\/www.immobilienbusiness.ch\/it\/regionen\/2019-10-31\/bern-grundsteinlegung-fuer-ueberbauung-huebergass\/","og_site_name":"IMMOBILIEN Business","article_publisher":"https:\/\/www.facebook.com\/immobilienbusiness\/","article_published_time":"2019-10-31T08:12:22+00:00","og_image":[{"width":1024,"height":673,"url":"https:\/\/www.immobilienbusiness.ch\/wp-content\/uploads\/2019\/10\/Visu_Aussen-e1572530400140-1024x673.jpg","type":"image\/jpeg"}],"author":"anja.hall","twitter_card":"summary_large_image","twitter_image":"https:\/\/www.immobilienbusiness.ch\/wp-content\/uploads\/2019\/10\/Visu_Aussen-e1572530400140.jpg","schema":{"@context":"https:\/\/schema.org","@graph":[{"@type":"Article","@id":"https:\/\/www.immobilienbusiness.ch\/de\/regionen\/2019-10-31\/bern-grundsteinlegung-fuer-ueberbauung-huebergass\/#article","isPartOf":{"@id":"https:\/\/www.immobilienbusiness.ch\/de\/regionen\/2019-10-31\/bern-grundsteinlegung-fuer-ueberbauung-huebergass\/"},"author":{"name":"anja.hall","@id":"https:\/\/www.immobilienbusiness.ch\/#\/schema\/person\/3fc036297b10b9f42d6db5ee932af8c8"},"headline":"Bern: Grundsteinlegung f\u00fcr \u00dcberbauung Huebergass","datePublished":"2019-10-31T08:12:22+00:00","mainEntityOfPage":{"@id":"https:\/\/www.immobilienbusiness.ch\/de\/regionen\/2019-10-31\/bern-grundsteinlegung-fuer-ueberbauung-huebergass\/"},"wordCount":257,"publisher":{"@id":"https:\/\/www.immobilienbusiness.ch\/#organization"},"image":{"@id":"https:\/\/www.immobilienbusiness.ch\/de\/regionen\/2019-10-31\/bern-grundsteinlegung-fuer-ueberbauung-huebergass\/#primaryimage"},"thumbnailUrl":"https:\/\/www.immobilienbusiness.ch\/wp-content\/uploads\/2019\/10\/Visu_Aussen-e1572530400140.jpg","keywords":["Baugenossenschaft","Bern","Grundsteinlegung","Wohnimmobilien"],"articleSection":["REGIONEN"],"inLanguage":"it-IT"},{"@type":"WebPage","@id":"https:\/\/www.immobilienbusiness.ch\/de\/regionen\/2019-10-31\/bern-grundsteinlegung-fuer-ueberbauung-huebergass\/","url":"https:\/\/www.immobilienbusiness.ch\/de\/regionen\/2019-10-31\/bern-grundsteinlegung-fuer-ueberbauung-huebergass\/","name":"Bern: Grundsteinlegung f\u00fcr \u00dcberbauung Huebergass - IMMOBILIEN Business","isPartOf":{"@id":"https:\/\/www.immobilienbusiness.ch\/#website"},"primaryImageOfPage":{"@id":"https:\/\/www.immobilienbusiness.ch\/de\/regionen\/2019-10-31\/bern-grundsteinlegung-fuer-ueberbauung-huebergass\/#primaryimage"},"image":{"@id":"https:\/\/www.immobilienbusiness.ch\/de\/regionen\/2019-10-31\/bern-grundsteinlegung-fuer-ueberbauung-huebergass\/#primaryimage"},"thumbnailUrl":"https:\/\/www.immobilienbusiness.ch\/wp-content\/uploads\/2019\/10\/Visu_Aussen-e1572530400140.jpg","datePublished":"2019-10-31T08:12:22+00:00","description":"In Bern wurde nun der Grundstein f\u00fcr eine \u00dcberbauung mit 103 Genossenschaftswohnungen gelegt.","breadcrumb":{"@id":"https:\/\/www.immobilienbusiness.ch\/de\/regionen\/2019-10-31\/bern-grundsteinlegung-fuer-ueberbauung-huebergass\/#breadcrumb"},"inLanguage":"it-IT","potentialAction":[{"@type":"ReadAction","target":["https:\/\/www.immobilienbusiness.ch\/de\/regionen\/2019-10-31\/bern-grundsteinlegung-fuer-ueberbauung-huebergass\/"]}]},{"@type":"ImageObject","inLanguage":"it-IT","@id":"https:\/\/www.immobilienbusiness.ch\/de\/regionen\/2019-10-31\/bern-grundsteinlegung-fuer-ueberbauung-huebergass\/#primaryimage","url":"https:\/\/www.immobilienbusiness.ch\/wp-content\/uploads\/2019\/10\/Visu_Aussen-e1572530400140.jpg","contentUrl":"https:\/\/www.immobilienbusiness.ch\/wp-content\/uploads\/2019\/10\/Visu_Aussen-e1572530400140.jpg","width":2000,"height":1314,"caption":"Die \u00dcberbauung Huebergass mit angrenzendem Park (Visualisierung: art.space\/"},{"@type":"BreadcrumbList","@id":"https:\/\/www.immobilienbusiness.ch\/de\/regionen\/2019-10-31\/bern-grundsteinlegung-fuer-ueberbauung-huebergass\/#breadcrumb","itemListElement":[{"@type":"ListItem","position":1,"name":"Home","item":"https:\/\/www.immobilienbusiness.ch\/"},{"@type":"ListItem","position":2,"name":"Bern: Grundsteinlegung f\u00fcr \u00dcberbauung Huebergass"}]},{"@type":"WebSite","@id":"https:\/\/www.immobilienbusiness.ch\/#website","url":"https:\/\/www.immobilienbusiness.ch\/","name":"Affari immobiliari","description":"Rivista economica indipendente svizzera che si concentra sul settore immobiliare, l'architettura e la costruzione, nonch\u00e9 sugli investimenti e i finanziamenti.","publisher":{"@id":"https:\/\/www.immobilienbusiness.ch\/#organization"},"potentialAction":[{"@type":"SearchAction","target":{"@type":"EntryPoint","urlTemplate":"https:\/\/www.immobilienbusiness.ch\/?s={search_term_string}"},"query-input":{"@type":"PropertyValueSpecification","valueRequired":true,"valueName":"search_term_string"}}],"inLanguage":"it-IT"},{"@type":"Organization","@id":"https:\/\/www.immobilienbusiness.ch\/#organization","name":"Affari immobiliari","url":"https:\/\/www.immobilienbusiness.ch\/","logo":{"@type":"ImageObject","inLanguage":"it-IT","@id":"https:\/\/www.immobilienbusiness.ch\/#\/schema\/logo\/image\/","url":"https:\/\/www.immobilienbusiness.ch\/wp-content\/uploads\/2021\/07\/logo_ib.png","contentUrl":"https:\/\/www.immobilienbusiness.ch\/wp-content\/uploads\/2021\/07\/logo_ib.png","width":800,"height":181,"caption":"IMMOBILIEN Business"},"image":{"@id":"https:\/\/www.immobilienbusiness.ch\/#\/schema\/logo\/image\/"},"sameAs":["https:\/\/www.facebook.com\/immobilienbusiness\/"]},{"@type":"Person","@id":"https:\/\/www.immobilienbusiness.ch\/#\/schema\/person\/3fc036297b10b9f42d6db5ee932af8c8","name":"anja.hall","image":{"@type":"ImageObject","inLanguage":"it-IT","@id":"https:\/\/secure.gravatar.com\/avatar\/066b5a0d447013502c71a5782f4f3469f03cfe595cc2329fb94652fe47511bfb?s=96&d=mm&r=g","url":"https:\/\/secure.gravatar.com\/avatar\/066b5a0d447013502c71a5782f4f3469f03cfe595cc2329fb94652fe47511bfb?s=96&d=mm&r=g","contentUrl":"https:\/\/secure.gravatar.com\/avatar\/066b5a0d447013502c71a5782f4f3469f03cfe595cc2329fb94652fe47511bfb?s=96&d=mm&r=g","caption":"anja.hall"},"url":"https:\/\/www.immobilienbusiness.ch\/it\/author\/anja-hall\/"}]}},"_links":{"self":[{"href":"https:\/\/www.immobilienbusiness.ch\/it\/wp-json\/wp\/v2\/posts\/19013","targetHints":{"allow":["GET"]}}],"collection":[{"href":"https:\/\/www.immobilienbusiness.ch\/it\/wp-json\/wp\/v2\/posts"}],"about":[{"href":"https:\/\/www.immobilienbusiness.ch\/it\/wp-json\/wp\/v2\/types\/post"}],"author":[{"embeddable":true,"href":"https:\/\/www.immobilienbusiness.ch\/it\/wp-json\/wp\/v2\/users\/3"}],"replies":[{"embeddable":true,"href":"https:\/\/www.immobilienbusiness.ch\/it\/wp-json\/wp\/v2\/comments?post=19013"}],"version-history":[{"count":0,"href":"https:\/\/www.immobilienbusiness.ch\/it\/wp-json\/wp\/v2\/posts\/19013\/revisions"}],"wp:featuredmedia":[{"embeddable":true,"href":"https:\/\/www.immobilienbusiness.ch\/it\/wp-json\/wp\/v2\/media\/19015"}],"wp:attachment":[{"href":"https:\/\/www.immobilienbusiness.ch\/it\/wp-json\/wp\/v2\/media?parent=19013"}],"wp:term":[{"taxonomy":"category","embeddable":true,"href":"https:\/\/www.immobilienbusiness.ch\/it\/wp-json\/wp\/v2\/categories?post=19013"},{"taxonomy":"post_tag","embeddable":true,"href":"https:\/\/www.immobilienbusiness.ch\/it\/wp-json\/wp\/v2\/tags?post=19013"}],"curies":[{"name":"wp","href":"https:\/\/api.w.org\/{rel}","templated":true}]}}