{"id":1847,"date":"2015-12-09T08:10:00","date_gmt":"2015-12-09T07:10:00","guid":{"rendered":"http:\/\/dev.immobilienbusiness.ch\/?p=1847"},"modified":"2015-12-09T08:10:00","modified_gmt":"2015-12-09T07:10:00","slug":"neuer-streit-in-vals","status":"publish","type":"post","link":"https:\/\/www.immobilienbusiness.ch\/it\/allgemein\/2015-12-09\/neuer-streit-in-vals\/","title":{"rendered":"Nuova controversia a Vals"},"content":{"rendered":"<figure id=\"attachment_1848\" aria-describedby=\"caption-attachment-1848\" style=\"width: 680px\" class=\"wp-caption alignnone\"><img loading=\"lazy\" decoding=\"async\" class=\"size-medium wp-image-1848\" src=\"https:\/\/immobilienbusiness.ch\/wp-content\/uploads\/2016\/12\/Neuer-Streit-in-Vals-immobilien-business.jpg\" alt=\"Auf dem Areal der Valser Zumthor-Therme plant Remo Stoffel einen Hotelturm (Foto: Micha L. Rieser - Eigenes Werk. Lizenziert unter CC BY-SA 3.0 \u00fcber Wikimedia Commons)\" width=\"680\" height=\"453\" srcset=\"https:\/\/www.immobilienbusiness.ch\/wp-content\/uploads\/2016\/12\/Neuer-Streit-in-Vals-immobilien-business.jpg 2560w, https:\/\/www.immobilienbusiness.ch\/wp-content\/uploads\/2016\/12\/Neuer-Streit-in-Vals-immobilien-business-300x200.jpg 300w, https:\/\/www.immobilienbusiness.ch\/wp-content\/uploads\/2016\/12\/Neuer-Streit-in-Vals-immobilien-business-1024x683.jpg 1024w, https:\/\/www.immobilienbusiness.ch\/wp-content\/uploads\/2016\/12\/Neuer-Streit-in-Vals-immobilien-business-768x512.jpg 768w, https:\/\/www.immobilienbusiness.ch\/wp-content\/uploads\/2016\/12\/Neuer-Streit-in-Vals-immobilien-business-1536x1024.jpg 1536w, https:\/\/www.immobilienbusiness.ch\/wp-content\/uploads\/2016\/12\/Neuer-Streit-in-Vals-immobilien-business-2048x1365.jpg 2048w, https:\/\/www.immobilienbusiness.ch\/wp-content\/uploads\/2016\/12\/Neuer-Streit-in-Vals-immobilien-business-16x12.jpg 16w, https:\/\/www.immobilienbusiness.ch\/wp-content\/uploads\/2016\/12\/Neuer-Streit-in-Vals-immobilien-business-263x175.jpg 263w, https:\/\/www.immobilienbusiness.ch\/wp-content\/uploads\/2016\/12\/Neuer-Streit-in-Vals-immobilien-business-525x350.jpg 525w, https:\/\/www.immobilienbusiness.ch\/wp-content\/uploads\/2016\/12\/Neuer-Streit-in-Vals-immobilien-business-1200x800.jpg 1200w, https:\/\/www.immobilienbusiness.ch\/wp-content\/uploads\/2016\/12\/Neuer-Streit-in-Vals-immobilien-business-920x613.jpg 920w, https:\/\/www.immobilienbusiness.ch\/wp-content\/uploads\/2016\/12\/Neuer-Streit-in-Vals-immobilien-business-1400x933.jpg 1400w\" sizes=\"auto, (max-width: 680px) 100vw, 680px\" \/><figcaption id=\"caption-attachment-1848\" class=\"wp-caption-text\">Remo Stoffel sta progettando una torre alberghiera sul sito delle Zumthor-Therme di Vals (Foto: Micha L. Rieser - Opera propria). Con licenza CC BY-SA 3.0 via Wikimedia Commons)<\/figcaption><\/figure>\n<p>Remo Stoffels 7132 AG ha gi\u00e0 presentato una domanda in tal senso a maggio. Ma non \u00e8 stata sostenuta da Coca-Cola, il concessionario della sorgente minerale, a causa dei rischi idrologici. Ora il Comune deve affrontare una nuova richiesta di Stoffel entro la met\u00e0 di dicembre. La questione \u00e8 se la trivellazione esplorativa richieda una licenza edilizia. Secondo i media locali, la Coca-Cola aveva richiesto tale procedura, tra l'altro perch\u00e9 in tal modo sarebbero state possibili anche obiezioni alle trivellazioni esplorative.<\/p>\n<p><strong>Iniziativa: Stoffel dovrebbe pagare per intero le terme<\/strong><\/p>\n<p>Nel frattempo, tra gli abitanti di Vals serpeggia il risentimento per il fatto che Stoffel non ha ancora pagato per intero le terme di Zumthor e la relativa struttura alberghiera. Il prezzo di acquisto \u00e8 stato di 7,77 milioni di franchi svizzeri, di cui Stoffel ha pagato solo 1,77 milioni. Secondo il contratto, i restanti sei milioni dovevano essere versati nel marzo 2015.<\/p>\n<p>Secondo il \"Regionaljournal Graub\u00fcnden\" e la \"S\u00fcdostschweiz\", gli elettori di Vals hanno consegnato al consiglio comunale un'iniziativa con 114 firme. Chiedono che Stoffel paghi al Comune la somma arretrata pi\u00f9 gli interessi di mora entro un mese.<\/p>\n<p>Tuttavia, in base a una clausola del contratto, l'investitore pu\u00f2 prendersi tutto il tempo necessario fino alla fine di settembre 2016 per la tranche di sei milioni che deve essere pagata a marzo 2015. La proroga della scadenza \u00e8 legata alla prevista costruzione di una sala polifunzionale. Il Comune e Stoffel contribuiranno al progetto con sei milioni di franchi svizzeri ciascuno. (ah)<\/p>","protected":false},"excerpt":{"rendered":"<p>Il dibattito sul progetto del grattacielo \"Femme de Vals\" e sul suo investitore Remo Stoffel sta entrando in una nuova fase. La zona sorgiva della sorgente minerale di Vals passa sotto il terreno su cui Stoffel vuole costruire la torre dell'hotel. Si teme che le fondamenta della torre tocchino la sorgente. Per questo motivo sono previste trivellazioni esplorative, ma finora Coca-Cola le ha impedite.<\/p>","protected":false},"author":1,"featured_media":1848,"comment_status":"open","ping_status":"open","sticky":false,"template":"","format":"standard","meta":{"_acf_changed":false,"_yoast_wpseo_focuskw":"Valser Streit","_yoast_wpseo_title":"Valser Streit: Konflikt um Hotelturm und Therme","_yoast_wpseo_metadesc":"In Vals sorgt der Streit um den Hotelturm und die Therme f\u00fcr Unruhe. Gemeindebev\u00f6lkerung fordert offene Kl\u00e4rung der Finanzierungsfragen.","_yoast_wpseo_linkdex":71,"pgc_sgb_lightbox_settings":"","footnotes":""},"categories":[1],"tags":[1317,1546],"class_list":["post-1847","post","type-post","status-publish","format-standard","has-post-thumbnail","hentry","category-allgemein","tag-hotels","tag-ost-schweiz"],"acf":[],"yoast_head":"<!-- This site is optimized with the Yoast SEO plugin v27.4 - https:\/\/yoast.com\/product\/yoast-seo-wordpress\/ -->\n<title>Valser Streit: Konflikt um Hotelturm und Therme<\/title>\n<meta name=\"description\" content=\"In Vals sorgt der Streit um den Hotelturm und die Therme f\u00fcr Unruhe. Gemeindebev\u00f6lkerung fordert offene Kl\u00e4rung der Finanzierungsfragen.\" \/>\n<meta name=\"robots\" content=\"index, follow, max-snippet:-1, max-image-preview:large, max-video-preview:-1\" \/>\n<link rel=\"canonical\" href=\"https:\/\/www.immobilienbusiness.ch\/it\/allgemein\/2015-12-09\/neuer-streit-in-vals\/\" \/>\n<meta property=\"og:locale\" content=\"it_IT\" \/>\n<meta property=\"og:type\" content=\"article\" \/>\n<meta property=\"og:title\" content=\"Neuer Streit in Vals\" \/>\n<meta property=\"og:description\" content=\"Die Debatten um das geplante Hotel-Hochhaus \u00abFemme de Vals\u00bb und dessen Investor Remo Stoffel gehen in eine weitere Runde. Unter dem Grundst\u00fcck, auf dem Stoffel den Hotelturm bauen will, verl\u00e4uft die Quellzone der Valser Mineralquelle. Es wird bef\u00fcrchtet, dass das Fundament des Turms die Quelle tangieren wird. Deshalb sind Sondierbohrungen geplant, was allerdings von Coca-Cola bislang verhindert wird.\" \/>\n<meta property=\"og:url\" content=\"https:\/\/www.immobilienbusiness.ch\/it\/allgemein\/2015-12-09\/neuer-streit-in-vals\/\" \/>\n<meta property=\"og:site_name\" content=\"IMMOBILIEN Business\" \/>\n<meta property=\"article:publisher\" content=\"https:\/\/www.facebook.com\/immobilienbusiness\/\" \/>\n<meta property=\"article:published_time\" content=\"2015-12-09T07:10:00+00:00\" \/>\n<meta name=\"author\" content=\"Redaktion\" \/>\n<meta name=\"twitter:card\" content=\"summary_large_image\" \/>\n<meta name=\"twitter:image\" content=\"https:\/\/www.immobilienbusiness.ch\/wp-content\/uploads\/2016\/12\/Neuer-Streit-in-Vals-immobilien-business.jpg\" \/>\n<script type=\"application\/ld+json\" class=\"yoast-schema-graph\">{\"@context\":\"https:\\\/\\\/schema.org\",\"@graph\":[{\"@type\":\"Article\",\"@id\":\"https:\\\/\\\/www.immobilienbusiness.ch\\\/allgemein\\\/2015-12-09\\\/neuer-streit-in-vals\\\/#article\",\"isPartOf\":{\"@id\":\"https:\\\/\\\/www.immobilienbusiness.ch\\\/allgemein\\\/2015-12-09\\\/neuer-streit-in-vals\\\/\"},\"author\":{\"name\":\"Redaktion\",\"@id\":\"https:\\\/\\\/www.immobilienbusiness.ch\\\/#\\\/schema\\\/person\\\/aa2bace6c5c5aad60102004a50c4eb1c\"},\"headline\":\"Neuer Streit in Vals\",\"datePublished\":\"2015-12-09T07:10:00+00:00\",\"mainEntityOfPage\":{\"@id\":\"https:\\\/\\\/www.immobilienbusiness.ch\\\/allgemein\\\/2015-12-09\\\/neuer-streit-in-vals\\\/\"},\"wordCount\":259,\"commentCount\":0,\"publisher\":{\"@id\":\"https:\\\/\\\/www.immobilienbusiness.ch\\\/#organization\"},\"image\":{\"@id\":\"https:\\\/\\\/www.immobilienbusiness.ch\\\/allgemein\\\/2015-12-09\\\/neuer-streit-in-vals\\\/#primaryimage\"},\"thumbnailUrl\":\"https:\\\/\\\/www.immobilienbusiness.ch\\\/wp-content\\\/uploads\\\/2016\\\/12\\\/Neuer-Streit-in-Vals-immobilien-business.jpg\",\"keywords\":[\"Hotels\",\"Ost-Schweiz\"],\"articleSection\":[\"Allgemein\"],\"inLanguage\":\"it-IT\"},{\"@type\":\"WebPage\",\"@id\":\"https:\\\/\\\/www.immobilienbusiness.ch\\\/allgemein\\\/2015-12-09\\\/neuer-streit-in-vals\\\/\",\"url\":\"https:\\\/\\\/www.immobilienbusiness.ch\\\/allgemein\\\/2015-12-09\\\/neuer-streit-in-vals\\\/\",\"name\":\"Valser Streit: Konflikt um Hotelturm und Therme\",\"isPartOf\":{\"@id\":\"https:\\\/\\\/www.immobilienbusiness.ch\\\/#website\"},\"primaryImageOfPage\":{\"@id\":\"https:\\\/\\\/www.immobilienbusiness.ch\\\/allgemein\\\/2015-12-09\\\/neuer-streit-in-vals\\\/#primaryimage\"},\"image\":{\"@id\":\"https:\\\/\\\/www.immobilienbusiness.ch\\\/allgemein\\\/2015-12-09\\\/neuer-streit-in-vals\\\/#primaryimage\"},\"thumbnailUrl\":\"https:\\\/\\\/www.immobilienbusiness.ch\\\/wp-content\\\/uploads\\\/2016\\\/12\\\/Neuer-Streit-in-Vals-immobilien-business.jpg\",\"datePublished\":\"2015-12-09T07:10:00+00:00\",\"description\":\"In Vals sorgt der Streit um den Hotelturm und die Therme f\u00fcr Unruhe. Gemeindebev\u00f6lkerung fordert offene Kl\u00e4rung der Finanzierungsfragen.\",\"breadcrumb\":{\"@id\":\"https:\\\/\\\/www.immobilienbusiness.ch\\\/allgemein\\\/2015-12-09\\\/neuer-streit-in-vals\\\/#breadcrumb\"},\"inLanguage\":\"it-IT\",\"potentialAction\":[{\"@type\":\"ReadAction\",\"target\":[\"https:\\\/\\\/www.immobilienbusiness.ch\\\/allgemein\\\/2015-12-09\\\/neuer-streit-in-vals\\\/\"]}]},{\"@type\":\"ImageObject\",\"inLanguage\":\"it-IT\",\"@id\":\"https:\\\/\\\/www.immobilienbusiness.ch\\\/allgemein\\\/2015-12-09\\\/neuer-streit-in-vals\\\/#primaryimage\",\"url\":\"https:\\\/\\\/www.immobilienbusiness.ch\\\/wp-content\\\/uploads\\\/2016\\\/12\\\/Neuer-Streit-in-Vals-immobilien-business.jpg\",\"contentUrl\":\"https:\\\/\\\/www.immobilienbusiness.ch\\\/wp-content\\\/uploads\\\/2016\\\/12\\\/Neuer-Streit-in-Vals-immobilien-business.jpg\",\"width\":2560,\"height\":1707,\"caption\":\"Auf dem Areal der Valser Zumthor-Therme plant Remo Stoffel einen Hotelturm (Foto: Micha L. Rieser - Eigenes Werk. Lizenziert unter CC BY-SA 3.0 \u00fcber Wikimedia Commons)\"},{\"@type\":\"BreadcrumbList\",\"@id\":\"https:\\\/\\\/www.immobilienbusiness.ch\\\/allgemein\\\/2015-12-09\\\/neuer-streit-in-vals\\\/#breadcrumb\",\"itemListElement\":[{\"@type\":\"ListItem\",\"position\":1,\"name\":\"Home\",\"item\":\"https:\\\/\\\/www.immobilienbusiness.ch\\\/\"},{\"@type\":\"ListItem\",\"position\":2,\"name\":\"Neuer Streit in Vals\"}]},{\"@type\":\"WebSite\",\"@id\":\"https:\\\/\\\/www.immobilienbusiness.ch\\\/#website\",\"url\":\"https:\\\/\\\/www.immobilienbusiness.ch\\\/\",\"name\":\"IMMOBILIEN Business\",\"description\":\"Unabh\u00e4ngiges Schweizer Wirtschaftsmagazin mit Fokus auf Immobilien, Architektur- und Bau sowie Investment- und Finanzierung.\",\"publisher\":{\"@id\":\"https:\\\/\\\/www.immobilienbusiness.ch\\\/#organization\"},\"potentialAction\":[{\"@type\":\"SearchAction\",\"target\":{\"@type\":\"EntryPoint\",\"urlTemplate\":\"https:\\\/\\\/www.immobilienbusiness.ch\\\/?s={search_term_string}\"},\"query-input\":{\"@type\":\"PropertyValueSpecification\",\"valueRequired\":true,\"valueName\":\"search_term_string\"}}],\"inLanguage\":\"it-IT\"},{\"@type\":\"Organization\",\"@id\":\"https:\\\/\\\/www.immobilienbusiness.ch\\\/#organization\",\"name\":\"IMMOBILIEN Business\",\"url\":\"https:\\\/\\\/www.immobilienbusiness.ch\\\/\",\"logo\":{\"@type\":\"ImageObject\",\"inLanguage\":\"it-IT\",\"@id\":\"https:\\\/\\\/www.immobilienbusiness.ch\\\/#\\\/schema\\\/logo\\\/image\\\/\",\"url\":\"https:\\\/\\\/www.immobilienbusiness.ch\\\/wp-content\\\/uploads\\\/2021\\\/07\\\/logo_ib.png\",\"contentUrl\":\"https:\\\/\\\/www.immobilienbusiness.ch\\\/wp-content\\\/uploads\\\/2021\\\/07\\\/logo_ib.png\",\"width\":800,\"height\":181,\"caption\":\"IMMOBILIEN Business\"},\"image\":{\"@id\":\"https:\\\/\\\/www.immobilienbusiness.ch\\\/#\\\/schema\\\/logo\\\/image\\\/\"},\"sameAs\":[\"https:\\\/\\\/www.facebook.com\\\/immobilienbusiness\\\/\"]},{\"@type\":\"Person\",\"@id\":\"https:\\\/\\\/www.immobilienbusiness.ch\\\/#\\\/schema\\\/person\\\/aa2bace6c5c5aad60102004a50c4eb1c\",\"name\":\"Redaktion\",\"image\":{\"@type\":\"ImageObject\",\"inLanguage\":\"it-IT\",\"@id\":\"https:\\\/\\\/secure.gravatar.com\\\/avatar\\\/ae2f4d718e6c49043e314ce431e7e645d646302a24a5ef5a8bc8e3f5a032e319?s=96&d=mm&r=g\",\"url\":\"https:\\\/\\\/secure.gravatar.com\\\/avatar\\\/ae2f4d718e6c49043e314ce431e7e645d646302a24a5ef5a8bc8e3f5a032e319?s=96&d=mm&r=g\",\"contentUrl\":\"https:\\\/\\\/secure.gravatar.com\\\/avatar\\\/ae2f4d718e6c49043e314ce431e7e645d646302a24a5ef5a8bc8e3f5a032e319?s=96&d=mm&r=g\",\"caption\":\"Redaktion\"},\"sameAs\":[\"http:\\\/\\\/develop.organisator.galledia.ch\"],\"url\":\"https:\\\/\\\/www.immobilienbusiness.ch\\\/it\\\/author\\\/admin\\\/\"}]}<\/script>\n<!-- \/ Yoast SEO plugin. -->","yoast_head_json":{"title":"Valser Streit: Konflikt um Hotelturm und Therme","description":"In Vals sorgt der Streit um den Hotelturm und die Therme f\u00fcr Unruhe. Gemeindebev\u00f6lkerung fordert offene Kl\u00e4rung der Finanzierungsfragen.","robots":{"index":"index","follow":"follow","max-snippet":"max-snippet:-1","max-image-preview":"max-image-preview:large","max-video-preview":"max-video-preview:-1"},"canonical":"https:\/\/www.immobilienbusiness.ch\/it\/allgemein\/2015-12-09\/neuer-streit-in-vals\/","og_locale":"it_IT","og_type":"article","og_title":"Neuer Streit in Vals","og_description":"Die Debatten um das geplante Hotel-Hochhaus \u00abFemme de Vals\u00bb und dessen Investor Remo Stoffel gehen in eine weitere Runde. Unter dem Grundst\u00fcck, auf dem Stoffel den Hotelturm bauen will, verl\u00e4uft die Quellzone der Valser Mineralquelle. Es wird bef\u00fcrchtet, dass das Fundament des Turms die Quelle tangieren wird. Deshalb sind Sondierbohrungen geplant, was allerdings von Coca-Cola bislang verhindert wird.","og_url":"https:\/\/www.immobilienbusiness.ch\/it\/allgemein\/2015-12-09\/neuer-streit-in-vals\/","og_site_name":"IMMOBILIEN Business","article_publisher":"https:\/\/www.facebook.com\/immobilienbusiness\/","article_published_time":"2015-12-09T07:10:00+00:00","author":"Redaktion","twitter_card":"summary_large_image","twitter_image":"https:\/\/www.immobilienbusiness.ch\/wp-content\/uploads\/2016\/12\/Neuer-Streit-in-Vals-immobilien-business.jpg","schema":{"@context":"https:\/\/schema.org","@graph":[{"@type":"Article","@id":"https:\/\/www.immobilienbusiness.ch\/allgemein\/2015-12-09\/neuer-streit-in-vals\/#article","isPartOf":{"@id":"https:\/\/www.immobilienbusiness.ch\/allgemein\/2015-12-09\/neuer-streit-in-vals\/"},"author":{"name":"Redaktion","@id":"https:\/\/www.immobilienbusiness.ch\/#\/schema\/person\/aa2bace6c5c5aad60102004a50c4eb1c"},"headline":"Neuer Streit in Vals","datePublished":"2015-12-09T07:10:00+00:00","mainEntityOfPage":{"@id":"https:\/\/www.immobilienbusiness.ch\/allgemein\/2015-12-09\/neuer-streit-in-vals\/"},"wordCount":259,"commentCount":0,"publisher":{"@id":"https:\/\/www.immobilienbusiness.ch\/#organization"},"image":{"@id":"https:\/\/www.immobilienbusiness.ch\/allgemein\/2015-12-09\/neuer-streit-in-vals\/#primaryimage"},"thumbnailUrl":"https:\/\/www.immobilienbusiness.ch\/wp-content\/uploads\/2016\/12\/Neuer-Streit-in-Vals-immobilien-business.jpg","keywords":["Hotels","Ost-Schweiz"],"articleSection":["Allgemein"],"inLanguage":"it-IT"},{"@type":"WebPage","@id":"https:\/\/www.immobilienbusiness.ch\/allgemein\/2015-12-09\/neuer-streit-in-vals\/","url":"https:\/\/www.immobilienbusiness.ch\/allgemein\/2015-12-09\/neuer-streit-in-vals\/","name":"Valser Streit: Konflikt um Hotelturm und Therme","isPartOf":{"@id":"https:\/\/www.immobilienbusiness.ch\/#website"},"primaryImageOfPage":{"@id":"https:\/\/www.immobilienbusiness.ch\/allgemein\/2015-12-09\/neuer-streit-in-vals\/#primaryimage"},"image":{"@id":"https:\/\/www.immobilienbusiness.ch\/allgemein\/2015-12-09\/neuer-streit-in-vals\/#primaryimage"},"thumbnailUrl":"https:\/\/www.immobilienbusiness.ch\/wp-content\/uploads\/2016\/12\/Neuer-Streit-in-Vals-immobilien-business.jpg","datePublished":"2015-12-09T07:10:00+00:00","description":"In Vals sorgt der Streit um den Hotelturm und die Therme f\u00fcr Unruhe. Gemeindebev\u00f6lkerung fordert offene Kl\u00e4rung der Finanzierungsfragen.","breadcrumb":{"@id":"https:\/\/www.immobilienbusiness.ch\/allgemein\/2015-12-09\/neuer-streit-in-vals\/#breadcrumb"},"inLanguage":"it-IT","potentialAction":[{"@type":"ReadAction","target":["https:\/\/www.immobilienbusiness.ch\/allgemein\/2015-12-09\/neuer-streit-in-vals\/"]}]},{"@type":"ImageObject","inLanguage":"it-IT","@id":"https:\/\/www.immobilienbusiness.ch\/allgemein\/2015-12-09\/neuer-streit-in-vals\/#primaryimage","url":"https:\/\/www.immobilienbusiness.ch\/wp-content\/uploads\/2016\/12\/Neuer-Streit-in-Vals-immobilien-business.jpg","contentUrl":"https:\/\/www.immobilienbusiness.ch\/wp-content\/uploads\/2016\/12\/Neuer-Streit-in-Vals-immobilien-business.jpg","width":2560,"height":1707,"caption":"Auf dem Areal der Valser Zumthor-Therme plant Remo Stoffel einen Hotelturm (Foto: Micha L. Rieser - Eigenes Werk. Lizenziert unter CC BY-SA 3.0 \u00fcber Wikimedia Commons)"},{"@type":"BreadcrumbList","@id":"https:\/\/www.immobilienbusiness.ch\/allgemein\/2015-12-09\/neuer-streit-in-vals\/#breadcrumb","itemListElement":[{"@type":"ListItem","position":1,"name":"Home","item":"https:\/\/www.immobilienbusiness.ch\/"},{"@type":"ListItem","position":2,"name":"Neuer Streit in Vals"}]},{"@type":"WebSite","@id":"https:\/\/www.immobilienbusiness.ch\/#website","url":"https:\/\/www.immobilienbusiness.ch\/","name":"Affari immobiliari","description":"Rivista economica indipendente svizzera che si concentra sul settore immobiliare, l'architettura e la costruzione, nonch\u00e9 sugli investimenti e i finanziamenti.","publisher":{"@id":"https:\/\/www.immobilienbusiness.ch\/#organization"},"potentialAction":[{"@type":"SearchAction","target":{"@type":"EntryPoint","urlTemplate":"https:\/\/www.immobilienbusiness.ch\/?s={search_term_string}"},"query-input":{"@type":"PropertyValueSpecification","valueRequired":true,"valueName":"search_term_string"}}],"inLanguage":"it-IT"},{"@type":"Organization","@id":"https:\/\/www.immobilienbusiness.ch\/#organization","name":"Affari immobiliari","url":"https:\/\/www.immobilienbusiness.ch\/","logo":{"@type":"ImageObject","inLanguage":"it-IT","@id":"https:\/\/www.immobilienbusiness.ch\/#\/schema\/logo\/image\/","url":"https:\/\/www.immobilienbusiness.ch\/wp-content\/uploads\/2021\/07\/logo_ib.png","contentUrl":"https:\/\/www.immobilienbusiness.ch\/wp-content\/uploads\/2021\/07\/logo_ib.png","width":800,"height":181,"caption":"IMMOBILIEN Business"},"image":{"@id":"https:\/\/www.immobilienbusiness.ch\/#\/schema\/logo\/image\/"},"sameAs":["https:\/\/www.facebook.com\/immobilienbusiness\/"]},{"@type":"Person","@id":"https:\/\/www.immobilienbusiness.ch\/#\/schema\/person\/aa2bace6c5c5aad60102004a50c4eb1c","name":"Editoriale","image":{"@type":"ImageObject","inLanguage":"it-IT","@id":"https:\/\/secure.gravatar.com\/avatar\/ae2f4d718e6c49043e314ce431e7e645d646302a24a5ef5a8bc8e3f5a032e319?s=96&d=mm&r=g","url":"https:\/\/secure.gravatar.com\/avatar\/ae2f4d718e6c49043e314ce431e7e645d646302a24a5ef5a8bc8e3f5a032e319?s=96&d=mm&r=g","contentUrl":"https:\/\/secure.gravatar.com\/avatar\/ae2f4d718e6c49043e314ce431e7e645d646302a24a5ef5a8bc8e3f5a032e319?s=96&d=mm&r=g","caption":"Redaktion"},"sameAs":["http:\/\/develop.organisator.galledia.ch"],"url":"https:\/\/www.immobilienbusiness.ch\/it\/author\/admin\/"}]}},"_links":{"self":[{"href":"https:\/\/www.immobilienbusiness.ch\/it\/wp-json\/wp\/v2\/posts\/1847","targetHints":{"allow":["GET"]}}],"collection":[{"href":"https:\/\/www.immobilienbusiness.ch\/it\/wp-json\/wp\/v2\/posts"}],"about":[{"href":"https:\/\/www.immobilienbusiness.ch\/it\/wp-json\/wp\/v2\/types\/post"}],"author":[{"embeddable":true,"href":"https:\/\/www.immobilienbusiness.ch\/it\/wp-json\/wp\/v2\/users\/1"}],"replies":[{"embeddable":true,"href":"https:\/\/www.immobilienbusiness.ch\/it\/wp-json\/wp\/v2\/comments?post=1847"}],"version-history":[{"count":0,"href":"https:\/\/www.immobilienbusiness.ch\/it\/wp-json\/wp\/v2\/posts\/1847\/revisions"}],"wp:featuredmedia":[{"embeddable":true,"href":"https:\/\/www.immobilienbusiness.ch\/it\/wp-json\/wp\/v2\/media\/1848"}],"wp:attachment":[{"href":"https:\/\/www.immobilienbusiness.ch\/it\/wp-json\/wp\/v2\/media?parent=1847"}],"wp:term":[{"taxonomy":"category","embeddable":true,"href":"https:\/\/www.immobilienbusiness.ch\/it\/wp-json\/wp\/v2\/categories?post=1847"},{"taxonomy":"post_tag","embeddable":true,"href":"https:\/\/www.immobilienbusiness.ch\/it\/wp-json\/wp\/v2\/tags?post=1847"}],"curies":[{"name":"wp","href":"https:\/\/api.w.org\/{rel}","templated":true}]}}