{"id":18095,"date":"2019-08-23T08:29:36","date_gmt":"2019-08-23T06:29:36","guid":{"rendered":"https:\/\/www.immobilienbusiness.ch\/?p=18095"},"modified":"2019-08-23T08:29:36","modified_gmt":"2019-08-23T06:29:36","slug":"thalwil-gemeinderat-heisst-neuen-gestaltungsplan-fuer-talevo-gut","status":"publish","type":"post","link":"https:\/\/www.immobilienbusiness.ch\/it\/regionen\/2019-08-23\/thalwil-gemeinderat-heisst-neuen-gestaltungsplan-fuer-talevo-gut\/","title":{"rendered":"Thalwil: il consiglio comunale approva un nuovo piano di progettazione per Talevo"},"content":{"rendered":"<figure id=\"attachment_18098\" aria-describedby=\"caption-attachment-18098\" style=\"width: 680px\" class=\"wp-caption alignnone\"><img loading=\"lazy\" decoding=\"async\" class=\"size-medium wp-image-18098\" src=\"https:\/\/www.immobilienbusiness.ch\/wp-content\/uploads\/2019\/08\/Talevo2.jpg\" alt=\"\" width=\"680\" height=\"279\" srcset=\"https:\/\/www.immobilienbusiness.ch\/wp-content\/uploads\/2019\/08\/Talevo2.jpg 1400w, https:\/\/www.immobilienbusiness.ch\/wp-content\/uploads\/2019\/08\/Talevo2-300x123.jpg 300w, https:\/\/www.immobilienbusiness.ch\/wp-content\/uploads\/2019\/08\/Talevo2-1024x420.jpg 1024w, https:\/\/www.immobilienbusiness.ch\/wp-content\/uploads\/2019\/08\/Talevo2-768x315.jpg 768w, https:\/\/www.immobilienbusiness.ch\/wp-content\/uploads\/2019\/08\/Talevo2-16x7.jpg 16w, https:\/\/www.immobilienbusiness.ch\/wp-content\/uploads\/2019\/08\/Talevo2-375x154.jpg 375w, https:\/\/www.immobilienbusiness.ch\/wp-content\/uploads\/2019\/08\/Talevo2-760x312.jpg 760w, https:\/\/www.immobilienbusiness.ch\/wp-content\/uploads\/2019\/08\/Talevo2-920x377.jpg 920w\" sizes=\"auto, (max-width: 680px) 100vw, 680px\" \/><figcaption id=\"caption-attachment-18098\" class=\"wp-caption-text\">Il progetto Talevo delle FFS a Thalwil (Visualizzazione: FFS\/CFF\/FFS)<\/figcaption><\/figure>\n<p>Le FFS hanno presentato un progetto rivisto per lo sviluppo di Talevo, nei pressi della stazione ferroviaria di Thalwil, in seguito alle obiezioni mosse al progetto. In totale saranno costruiti circa 5.500 mq di spazi residenziali e 3.500 mq di spazi per servizi e negozi.<\/p>\n<p>Nella revisione del progetto, le FFS hanno ridotto soprattutto il volume dell'edificio. Al posto degli ultimi piani pieni, sono ora previsti piani mansardati incassati e anche l'altezza degli edifici sar\u00e0 ridotta di un metro. L'estensione della passerella nord tra Gotthardstrasse e Bahnhofstrasse e l'apertura delle facciate creeranno un generoso passaggio pubblico e una vista attraverso la rimessa merci. Nel capannone sono previsti posti di lavoro, appartamenti, servizi e strutture commerciali.<\/p>\n<p>Le FFS annunciano inoltre che affitteranno 10% dello spazio commerciale a piccole imprese, istituzioni o progetti no-profit a tariffe ridotte. Inoltre, saranno creati 120 posti bici e 35 posti moto e saranno trasferiti circa 25 posti Park&amp;Rail nelle immediate vicinanze della stazione. La Bahnhofstrasse sar\u00e0 abbellita con circa 30 alberi e avr\u00e0 un carattere di viale.<\/p>\n<p>Il Consiglio comunale ha approvato il nuovo concetto. La questione sar\u00e0 ora sottoposta all'assemblea comunale, che dovrebbe discuterne nel marzo 2020. <em>(ah)<\/em><\/p>","protected":false},"excerpt":{"rendered":"<p>Il Consiglio comunale di Thalwil ha approvato la revisione del progetto di sviluppo di Talevo, vicino alla stazione ferroviaria di Thalwil. Sono previste aree residenziali, di servizio e commerciali.<\/p>","protected":false},"author":3,"featured_media":18098,"comment_status":"closed","ping_status":"open","sticky":false,"template":"","format":"standard","meta":{"_acf_changed":false,"_yoast_wpseo_focuskw":"Talevo","_yoast_wpseo_title":"","_yoast_wpseo_metadesc":"Der Gemeinderat von Thalwil hat den \u00fcberarbeiteten Gestaltungsplan f\u00fcr die \u00dcberbauung Talevo gutgeheissen. Geplant sind Wohn- und Retailfl\u00e4chen.","_yoast_wpseo_linkdex":66,"pgc_sgb_lightbox_settings":"","footnotes":""},"categories":[985],"tags":[1410,1600,1645,1666,1863],"class_list":["post-18095","post","type-post","status-publish","format-standard","has-post-thumbnail","hentry","category-regionen","tag-kanton-zuerich","tag-projekt-in-planung","tag-retailflaechen","tag-sbb","tag-wohnimmobilien"],"acf":[],"yoast_head":"<!-- This site is optimized with the Yoast SEO plugin v27.5 - https:\/\/yoast.com\/product\/yoast-seo-wordpress\/ -->\n<title>Thalwil: Gemeinderat heisst neuen Gestaltungsplan f\u00fcr Talevo gut - IMMOBILIEN Business<\/title>\n<meta name=\"description\" content=\"Der Gemeinderat von Thalwil hat den \u00fcberarbeiteten Gestaltungsplan f\u00fcr die \u00dcberbauung Talevo gutgeheissen. Geplant sind Wohn- und Retailfl\u00e4chen.\" \/>\n<meta name=\"robots\" content=\"index, follow, max-snippet:-1, max-image-preview:large, max-video-preview:-1\" \/>\n<link rel=\"canonical\" href=\"https:\/\/www.immobilienbusiness.ch\/it\/regionen\/2019-08-23\/thalwil-gemeinderat-heisst-neuen-gestaltungsplan-fuer-talevo-gut\/\" \/>\n<meta property=\"og:locale\" content=\"it_IT\" \/>\n<meta property=\"og:type\" content=\"article\" \/>\n<meta property=\"og:title\" content=\"Thalwil: Gemeinderat heisst neuen Gestaltungsplan f\u00fcr Talevo gut - IMMOBILIEN Business\" \/>\n<meta property=\"og:description\" content=\"Der Gemeinderat von Thalwil hat den \u00fcberarbeiteten Gestaltungsplan f\u00fcr die \u00dcberbauung Talevo gutgeheissen. Geplant sind Wohn- und Retailfl\u00e4chen.\" \/>\n<meta property=\"og:url\" content=\"https:\/\/www.immobilienbusiness.ch\/it\/regionen\/2019-08-23\/thalwil-gemeinderat-heisst-neuen-gestaltungsplan-fuer-talevo-gut\/\" \/>\n<meta property=\"og:site_name\" content=\"IMMOBILIEN Business\" \/>\n<meta property=\"article:publisher\" content=\"https:\/\/www.facebook.com\/immobilienbusiness\/\" \/>\n<meta property=\"article:published_time\" content=\"2019-08-23T06:29:36+00:00\" \/>\n<meta property=\"og:image\" content=\"https:\/\/www.immobilienbusiness.ch\/wp-content\/uploads\/2019\/08\/Talevo2.jpg\" \/>\n\t<meta property=\"og:image:width\" content=\"1400\" \/>\n\t<meta property=\"og:image:height\" content=\"574\" \/>\n\t<meta property=\"og:image:type\" content=\"image\/jpeg\" \/>\n<meta name=\"author\" content=\"anja.hall\" \/>\n<meta name=\"twitter:card\" content=\"summary_large_image\" \/>\n<meta name=\"twitter:image\" content=\"https:\/\/www.immobilienbusiness.ch\/wp-content\/uploads\/2019\/08\/Talevo2.jpg\" \/>\n<script type=\"application\/ld+json\" class=\"yoast-schema-graph\">{\"@context\":\"https:\\\/\\\/schema.org\",\"@graph\":[{\"@type\":\"Article\",\"@id\":\"https:\\\/\\\/www.immobilienbusiness.ch\\\/regionen\\\/2019-08-23\\\/thalwil-gemeinderat-heisst-neuen-gestaltungsplan-fuer-talevo-gut\\\/#article\",\"isPartOf\":{\"@id\":\"https:\\\/\\\/www.immobilienbusiness.ch\\\/regionen\\\/2019-08-23\\\/thalwil-gemeinderat-heisst-neuen-gestaltungsplan-fuer-talevo-gut\\\/\"},\"author\":{\"name\":\"anja.hall\",\"@id\":\"https:\\\/\\\/www.immobilienbusiness.ch\\\/#\\\/schema\\\/person\\\/3fc036297b10b9f42d6db5ee932af8c8\"},\"headline\":\"Thalwil: Gemeinderat heisst neuen Gestaltungsplan f\u00fcr Talevo gut\",\"datePublished\":\"2019-08-23T06:29:36+00:00\",\"mainEntityOfPage\":{\"@id\":\"https:\\\/\\\/www.immobilienbusiness.ch\\\/regionen\\\/2019-08-23\\\/thalwil-gemeinderat-heisst-neuen-gestaltungsplan-fuer-talevo-gut\\\/\"},\"wordCount\":220,\"publisher\":{\"@id\":\"https:\\\/\\\/www.immobilienbusiness.ch\\\/#organization\"},\"image\":{\"@id\":\"https:\\\/\\\/www.immobilienbusiness.ch\\\/regionen\\\/2019-08-23\\\/thalwil-gemeinderat-heisst-neuen-gestaltungsplan-fuer-talevo-gut\\\/#primaryimage\"},\"thumbnailUrl\":\"https:\\\/\\\/www.immobilienbusiness.ch\\\/wp-content\\\/uploads\\\/2019\\\/08\\\/Talevo2.jpg\",\"keywords\":[\"Kanton Z\u00fcrich\",\"Projekt in Planung\",\"Retailfl\u00e4chen\",\"SBB\",\"Wohnimmobilien\"],\"articleSection\":[\"REGIONEN\"],\"inLanguage\":\"it-IT\"},{\"@type\":\"WebPage\",\"@id\":\"https:\\\/\\\/www.immobilienbusiness.ch\\\/regionen\\\/2019-08-23\\\/thalwil-gemeinderat-heisst-neuen-gestaltungsplan-fuer-talevo-gut\\\/\",\"url\":\"https:\\\/\\\/www.immobilienbusiness.ch\\\/regionen\\\/2019-08-23\\\/thalwil-gemeinderat-heisst-neuen-gestaltungsplan-fuer-talevo-gut\\\/\",\"name\":\"Thalwil: Gemeinderat heisst neuen Gestaltungsplan f\u00fcr Talevo gut - IMMOBILIEN Business\",\"isPartOf\":{\"@id\":\"https:\\\/\\\/www.immobilienbusiness.ch\\\/#website\"},\"primaryImageOfPage\":{\"@id\":\"https:\\\/\\\/www.immobilienbusiness.ch\\\/regionen\\\/2019-08-23\\\/thalwil-gemeinderat-heisst-neuen-gestaltungsplan-fuer-talevo-gut\\\/#primaryimage\"},\"image\":{\"@id\":\"https:\\\/\\\/www.immobilienbusiness.ch\\\/regionen\\\/2019-08-23\\\/thalwil-gemeinderat-heisst-neuen-gestaltungsplan-fuer-talevo-gut\\\/#primaryimage\"},\"thumbnailUrl\":\"https:\\\/\\\/www.immobilienbusiness.ch\\\/wp-content\\\/uploads\\\/2019\\\/08\\\/Talevo2.jpg\",\"datePublished\":\"2019-08-23T06:29:36+00:00\",\"description\":\"Der Gemeinderat von Thalwil hat den \u00fcberarbeiteten Gestaltungsplan f\u00fcr die \u00dcberbauung Talevo gutgeheissen. Geplant sind Wohn- und Retailfl\u00e4chen.\",\"breadcrumb\":{\"@id\":\"https:\\\/\\\/www.immobilienbusiness.ch\\\/regionen\\\/2019-08-23\\\/thalwil-gemeinderat-heisst-neuen-gestaltungsplan-fuer-talevo-gut\\\/#breadcrumb\"},\"inLanguage\":\"it-IT\",\"potentialAction\":[{\"@type\":\"ReadAction\",\"target\":[\"https:\\\/\\\/www.immobilienbusiness.ch\\\/regionen\\\/2019-08-23\\\/thalwil-gemeinderat-heisst-neuen-gestaltungsplan-fuer-talevo-gut\\\/\"]}]},{\"@type\":\"ImageObject\",\"inLanguage\":\"it-IT\",\"@id\":\"https:\\\/\\\/www.immobilienbusiness.ch\\\/regionen\\\/2019-08-23\\\/thalwil-gemeinderat-heisst-neuen-gestaltungsplan-fuer-talevo-gut\\\/#primaryimage\",\"url\":\"https:\\\/\\\/www.immobilienbusiness.ch\\\/wp-content\\\/uploads\\\/2019\\\/08\\\/Talevo2.jpg\",\"contentUrl\":\"https:\\\/\\\/www.immobilienbusiness.ch\\\/wp-content\\\/uploads\\\/2019\\\/08\\\/Talevo2.jpg\",\"width\":1400,\"height\":574,\"caption\":\"(Visualisierung: SBB\\\/CFF\\\/FFS)\"},{\"@type\":\"BreadcrumbList\",\"@id\":\"https:\\\/\\\/www.immobilienbusiness.ch\\\/regionen\\\/2019-08-23\\\/thalwil-gemeinderat-heisst-neuen-gestaltungsplan-fuer-talevo-gut\\\/#breadcrumb\",\"itemListElement\":[{\"@type\":\"ListItem\",\"position\":1,\"name\":\"Home\",\"item\":\"https:\\\/\\\/www.immobilienbusiness.ch\\\/\"},{\"@type\":\"ListItem\",\"position\":2,\"name\":\"Thalwil: Gemeinderat heisst neuen Gestaltungsplan f\u00fcr Talevo gut\"}]},{\"@type\":\"WebSite\",\"@id\":\"https:\\\/\\\/www.immobilienbusiness.ch\\\/#website\",\"url\":\"https:\\\/\\\/www.immobilienbusiness.ch\\\/\",\"name\":\"IMMOBILIEN Business\",\"description\":\"Unabh\u00e4ngiges Schweizer Wirtschaftsmagazin mit Fokus auf Immobilien, Architektur- und Bau sowie Investment- und Finanzierung.\",\"publisher\":{\"@id\":\"https:\\\/\\\/www.immobilienbusiness.ch\\\/#organization\"},\"potentialAction\":[{\"@type\":\"SearchAction\",\"target\":{\"@type\":\"EntryPoint\",\"urlTemplate\":\"https:\\\/\\\/www.immobilienbusiness.ch\\\/?s={search_term_string}\"},\"query-input\":{\"@type\":\"PropertyValueSpecification\",\"valueRequired\":true,\"valueName\":\"search_term_string\"}}],\"inLanguage\":\"it-IT\"},{\"@type\":\"Organization\",\"@id\":\"https:\\\/\\\/www.immobilienbusiness.ch\\\/#organization\",\"name\":\"IMMOBILIEN Business\",\"url\":\"https:\\\/\\\/www.immobilienbusiness.ch\\\/\",\"logo\":{\"@type\":\"ImageObject\",\"inLanguage\":\"it-IT\",\"@id\":\"https:\\\/\\\/www.immobilienbusiness.ch\\\/#\\\/schema\\\/logo\\\/image\\\/\",\"url\":\"https:\\\/\\\/www.immobilienbusiness.ch\\\/wp-content\\\/uploads\\\/2021\\\/07\\\/logo_ib.png\",\"contentUrl\":\"https:\\\/\\\/www.immobilienbusiness.ch\\\/wp-content\\\/uploads\\\/2021\\\/07\\\/logo_ib.png\",\"width\":800,\"height\":181,\"caption\":\"IMMOBILIEN Business\"},\"image\":{\"@id\":\"https:\\\/\\\/www.immobilienbusiness.ch\\\/#\\\/schema\\\/logo\\\/image\\\/\"},\"sameAs\":[\"https:\\\/\\\/www.facebook.com\\\/immobilienbusiness\\\/\"]},{\"@type\":\"Person\",\"@id\":\"https:\\\/\\\/www.immobilienbusiness.ch\\\/#\\\/schema\\\/person\\\/3fc036297b10b9f42d6db5ee932af8c8\",\"name\":\"anja.hall\",\"image\":{\"@type\":\"ImageObject\",\"inLanguage\":\"it-IT\",\"@id\":\"https:\\\/\\\/secure.gravatar.com\\\/avatar\\\/066b5a0d447013502c71a5782f4f3469f03cfe595cc2329fb94652fe47511bfb?s=96&d=mm&r=g\",\"url\":\"https:\\\/\\\/secure.gravatar.com\\\/avatar\\\/066b5a0d447013502c71a5782f4f3469f03cfe595cc2329fb94652fe47511bfb?s=96&d=mm&r=g\",\"contentUrl\":\"https:\\\/\\\/secure.gravatar.com\\\/avatar\\\/066b5a0d447013502c71a5782f4f3469f03cfe595cc2329fb94652fe47511bfb?s=96&d=mm&r=g\",\"caption\":\"anja.hall\"},\"url\":\"https:\\\/\\\/www.immobilienbusiness.ch\\\/it\\\/author\\\/anja-hall\\\/\"}]}<\/script>\n<!-- \/ Yoast SEO plugin. -->","yoast_head_json":{"title":"Thalwil: il consiglio comunale approva il nuovo piano di progettazione di Talevo - IMMOBILIEN Business","description":"Il Consiglio comunale di Thalwil ha approvato la revisione del progetto di sviluppo di Talevo. Sono previste aree residenziali e commerciali.","robots":{"index":"index","follow":"follow","max-snippet":"max-snippet:-1","max-image-preview":"max-image-preview:large","max-video-preview":"max-video-preview:-1"},"canonical":"https:\/\/www.immobilienbusiness.ch\/it\/regionen\/2019-08-23\/thalwil-gemeinderat-heisst-neuen-gestaltungsplan-fuer-talevo-gut\/","og_locale":"it_IT","og_type":"article","og_title":"Thalwil: Gemeinderat heisst neuen Gestaltungsplan f\u00fcr Talevo gut - IMMOBILIEN Business","og_description":"Der Gemeinderat von Thalwil hat den \u00fcberarbeiteten Gestaltungsplan f\u00fcr die \u00dcberbauung Talevo gutgeheissen. Geplant sind Wohn- und Retailfl\u00e4chen.","og_url":"https:\/\/www.immobilienbusiness.ch\/it\/regionen\/2019-08-23\/thalwil-gemeinderat-heisst-neuen-gestaltungsplan-fuer-talevo-gut\/","og_site_name":"IMMOBILIEN Business","article_publisher":"https:\/\/www.facebook.com\/immobilienbusiness\/","article_published_time":"2019-08-23T06:29:36+00:00","og_image":[{"width":1400,"height":574,"url":"https:\/\/www.immobilienbusiness.ch\/wp-content\/uploads\/2019\/08\/Talevo2.jpg","type":"image\/jpeg"}],"author":"anja.hall","twitter_card":"summary_large_image","twitter_image":"https:\/\/www.immobilienbusiness.ch\/wp-content\/uploads\/2019\/08\/Talevo2.jpg","schema":{"@context":"https:\/\/schema.org","@graph":[{"@type":"Article","@id":"https:\/\/www.immobilienbusiness.ch\/regionen\/2019-08-23\/thalwil-gemeinderat-heisst-neuen-gestaltungsplan-fuer-talevo-gut\/#article","isPartOf":{"@id":"https:\/\/www.immobilienbusiness.ch\/regionen\/2019-08-23\/thalwil-gemeinderat-heisst-neuen-gestaltungsplan-fuer-talevo-gut\/"},"author":{"name":"anja.hall","@id":"https:\/\/www.immobilienbusiness.ch\/#\/schema\/person\/3fc036297b10b9f42d6db5ee932af8c8"},"headline":"Thalwil: Gemeinderat heisst neuen Gestaltungsplan f\u00fcr Talevo gut","datePublished":"2019-08-23T06:29:36+00:00","mainEntityOfPage":{"@id":"https:\/\/www.immobilienbusiness.ch\/regionen\/2019-08-23\/thalwil-gemeinderat-heisst-neuen-gestaltungsplan-fuer-talevo-gut\/"},"wordCount":220,"publisher":{"@id":"https:\/\/www.immobilienbusiness.ch\/#organization"},"image":{"@id":"https:\/\/www.immobilienbusiness.ch\/regionen\/2019-08-23\/thalwil-gemeinderat-heisst-neuen-gestaltungsplan-fuer-talevo-gut\/#primaryimage"},"thumbnailUrl":"https:\/\/www.immobilienbusiness.ch\/wp-content\/uploads\/2019\/08\/Talevo2.jpg","keywords":["Kanton Z\u00fcrich","Projekt in Planung","Retailfl\u00e4chen","SBB","Wohnimmobilien"],"articleSection":["REGIONEN"],"inLanguage":"it-IT"},{"@type":"WebPage","@id":"https:\/\/www.immobilienbusiness.ch\/regionen\/2019-08-23\/thalwil-gemeinderat-heisst-neuen-gestaltungsplan-fuer-talevo-gut\/","url":"https:\/\/www.immobilienbusiness.ch\/regionen\/2019-08-23\/thalwil-gemeinderat-heisst-neuen-gestaltungsplan-fuer-talevo-gut\/","name":"Thalwil: il consiglio comunale approva il nuovo piano di progettazione di Talevo - IMMOBILIEN Business","isPartOf":{"@id":"https:\/\/www.immobilienbusiness.ch\/#website"},"primaryImageOfPage":{"@id":"https:\/\/www.immobilienbusiness.ch\/regionen\/2019-08-23\/thalwil-gemeinderat-heisst-neuen-gestaltungsplan-fuer-talevo-gut\/#primaryimage"},"image":{"@id":"https:\/\/www.immobilienbusiness.ch\/regionen\/2019-08-23\/thalwil-gemeinderat-heisst-neuen-gestaltungsplan-fuer-talevo-gut\/#primaryimage"},"thumbnailUrl":"https:\/\/www.immobilienbusiness.ch\/wp-content\/uploads\/2019\/08\/Talevo2.jpg","datePublished":"2019-08-23T06:29:36+00:00","description":"Il Consiglio comunale di Thalwil ha approvato la revisione del progetto di sviluppo di Talevo. Sono previste aree residenziali e commerciali.","breadcrumb":{"@id":"https:\/\/www.immobilienbusiness.ch\/regionen\/2019-08-23\/thalwil-gemeinderat-heisst-neuen-gestaltungsplan-fuer-talevo-gut\/#breadcrumb"},"inLanguage":"it-IT","potentialAction":[{"@type":"ReadAction","target":["https:\/\/www.immobilienbusiness.ch\/regionen\/2019-08-23\/thalwil-gemeinderat-heisst-neuen-gestaltungsplan-fuer-talevo-gut\/"]}]},{"@type":"ImageObject","inLanguage":"it-IT","@id":"https:\/\/www.immobilienbusiness.ch\/regionen\/2019-08-23\/thalwil-gemeinderat-heisst-neuen-gestaltungsplan-fuer-talevo-gut\/#primaryimage","url":"https:\/\/www.immobilienbusiness.ch\/wp-content\/uploads\/2019\/08\/Talevo2.jpg","contentUrl":"https:\/\/www.immobilienbusiness.ch\/wp-content\/uploads\/2019\/08\/Talevo2.jpg","width":1400,"height":574,"caption":"(Visualisierung: SBB\/CFF\/FFS)"},{"@type":"BreadcrumbList","@id":"https:\/\/www.immobilienbusiness.ch\/regionen\/2019-08-23\/thalwil-gemeinderat-heisst-neuen-gestaltungsplan-fuer-talevo-gut\/#breadcrumb","itemListElement":[{"@type":"ListItem","position":1,"name":"Home","item":"https:\/\/www.immobilienbusiness.ch\/"},{"@type":"ListItem","position":2,"name":"Thalwil: Gemeinderat heisst neuen Gestaltungsplan f\u00fcr Talevo gut"}]},{"@type":"WebSite","@id":"https:\/\/www.immobilienbusiness.ch\/#website","url":"https:\/\/www.immobilienbusiness.ch\/","name":"Affari immobiliari","description":"Rivista economica indipendente svizzera che si concentra sul settore immobiliare, l'architettura e la costruzione, nonch\u00e9 sugli investimenti e i finanziamenti.","publisher":{"@id":"https:\/\/www.immobilienbusiness.ch\/#organization"},"potentialAction":[{"@type":"SearchAction","target":{"@type":"EntryPoint","urlTemplate":"https:\/\/www.immobilienbusiness.ch\/?s={search_term_string}"},"query-input":{"@type":"PropertyValueSpecification","valueRequired":true,"valueName":"search_term_string"}}],"inLanguage":"it-IT"},{"@type":"Organization","@id":"https:\/\/www.immobilienbusiness.ch\/#organization","name":"Affari immobiliari","url":"https:\/\/www.immobilienbusiness.ch\/","logo":{"@type":"ImageObject","inLanguage":"it-IT","@id":"https:\/\/www.immobilienbusiness.ch\/#\/schema\/logo\/image\/","url":"https:\/\/www.immobilienbusiness.ch\/wp-content\/uploads\/2021\/07\/logo_ib.png","contentUrl":"https:\/\/www.immobilienbusiness.ch\/wp-content\/uploads\/2021\/07\/logo_ib.png","width":800,"height":181,"caption":"IMMOBILIEN Business"},"image":{"@id":"https:\/\/www.immobilienbusiness.ch\/#\/schema\/logo\/image\/"},"sameAs":["https:\/\/www.facebook.com\/immobilienbusiness\/"]},{"@type":"Person","@id":"https:\/\/www.immobilienbusiness.ch\/#\/schema\/person\/3fc036297b10b9f42d6db5ee932af8c8","name":"anja.hall","image":{"@type":"ImageObject","inLanguage":"it-IT","@id":"https:\/\/secure.gravatar.com\/avatar\/066b5a0d447013502c71a5782f4f3469f03cfe595cc2329fb94652fe47511bfb?s=96&d=mm&r=g","url":"https:\/\/secure.gravatar.com\/avatar\/066b5a0d447013502c71a5782f4f3469f03cfe595cc2329fb94652fe47511bfb?s=96&d=mm&r=g","contentUrl":"https:\/\/secure.gravatar.com\/avatar\/066b5a0d447013502c71a5782f4f3469f03cfe595cc2329fb94652fe47511bfb?s=96&d=mm&r=g","caption":"anja.hall"},"url":"https:\/\/www.immobilienbusiness.ch\/it\/author\/anja-hall\/"}]}},"_links":{"self":[{"href":"https:\/\/www.immobilienbusiness.ch\/it\/wp-json\/wp\/v2\/posts\/18095","targetHints":{"allow":["GET"]}}],"collection":[{"href":"https:\/\/www.immobilienbusiness.ch\/it\/wp-json\/wp\/v2\/posts"}],"about":[{"href":"https:\/\/www.immobilienbusiness.ch\/it\/wp-json\/wp\/v2\/types\/post"}],"author":[{"embeddable":true,"href":"https:\/\/www.immobilienbusiness.ch\/it\/wp-json\/wp\/v2\/users\/3"}],"replies":[{"embeddable":true,"href":"https:\/\/www.immobilienbusiness.ch\/it\/wp-json\/wp\/v2\/comments?post=18095"}],"version-history":[{"count":0,"href":"https:\/\/www.immobilienbusiness.ch\/it\/wp-json\/wp\/v2\/posts\/18095\/revisions"}],"wp:featuredmedia":[{"embeddable":true,"href":"https:\/\/www.immobilienbusiness.ch\/it\/wp-json\/wp\/v2\/media\/18098"}],"wp:attachment":[{"href":"https:\/\/www.immobilienbusiness.ch\/it\/wp-json\/wp\/v2\/media?parent=18095"}],"wp:term":[{"taxonomy":"category","embeddable":true,"href":"https:\/\/www.immobilienbusiness.ch\/it\/wp-json\/wp\/v2\/categories?post=18095"},{"taxonomy":"post_tag","embeddable":true,"href":"https:\/\/www.immobilienbusiness.ch\/it\/wp-json\/wp\/v2\/tags?post=18095"}],"curies":[{"name":"wp","href":"https:\/\/api.w.org\/{rel}","templated":true}]}}