{"id":1727,"date":"2015-11-30T09:21:09","date_gmt":"2015-11-30T08:21:09","guid":{"rendered":"http:\/\/dev.immobilienbusiness.ch\/?p=1727"},"modified":"2015-11-30T09:21:09","modified_gmt":"2015-11-30T08:21:09","slug":"orascom-development-holding-ernennt-neuen-ceo","status":"publish","type":"post","link":"https:\/\/www.immobilienbusiness.ch\/it\/unternehmen\/2015-11-30\/orascom-development-holding-ernennt-neuen-ceo\/","title":{"rendered":"Orascom Development Holding nomina il nuovo CEO"},"content":{"rendered":"<figure id=\"attachment_1728\" aria-describedby=\"caption-attachment-1728\" style=\"width: 680px\" class=\"wp-caption alignnone\"><img loading=\"lazy\" decoding=\"async\" class=\"size-medium wp-image-1728\" src=\"https:\/\/immobilienbusiness.ch\/wp-content\/uploads\/2016\/12\/Orascom-Development-Holding-ernennt-neuen-CEO-immobilien-business.jpg\" alt=\"(Grafik: Pixabay)\" width=\"680\" height=\"494\" srcset=\"https:\/\/www.immobilienbusiness.ch\/wp-content\/uploads\/2016\/12\/Orascom-Development-Holding-ernennt-neuen-CEO-immobilien-business.jpg 1280w, https:\/\/www.immobilienbusiness.ch\/wp-content\/uploads\/2016\/12\/Orascom-Development-Holding-ernennt-neuen-CEO-immobilien-business-300x218.jpg 300w, https:\/\/www.immobilienbusiness.ch\/wp-content\/uploads\/2016\/12\/Orascom-Development-Holding-ernennt-neuen-CEO-immobilien-business-1024x744.jpg 1024w, https:\/\/www.immobilienbusiness.ch\/wp-content\/uploads\/2016\/12\/Orascom-Development-Holding-ernennt-neuen-CEO-immobilien-business-768x558.jpg 768w, https:\/\/www.immobilienbusiness.ch\/wp-content\/uploads\/2016\/12\/Orascom-Development-Holding-ernennt-neuen-CEO-immobilien-business-16x12.jpg 16w, https:\/\/www.immobilienbusiness.ch\/wp-content\/uploads\/2016\/12\/Orascom-Development-Holding-ernennt-neuen-CEO-immobilien-business-241x175.jpg 241w, https:\/\/www.immobilienbusiness.ch\/wp-content\/uploads\/2016\/12\/Orascom-Development-Holding-ernennt-neuen-CEO-immobilien-business-482x350.jpg 482w, https:\/\/www.immobilienbusiness.ch\/wp-content\/uploads\/2016\/12\/Orascom-Development-Holding-ernennt-neuen-CEO-immobilien-business-1101x800.jpg 1101w, https:\/\/www.immobilienbusiness.ch\/wp-content\/uploads\/2016\/12\/Orascom-Development-Holding-ernennt-neuen-CEO-immobilien-business-920x668.jpg 920w\" sizes=\"auto, (max-width: 680px) 100vw, 680px\" \/><figcaption id=\"caption-attachment-1728\" class=\"wp-caption-text\">(Grafico: Pixabay)<\/figcaption><\/figure>\n<p>Khaled Bichara (nato nel 1971) \u00e8 stato CEO e cofondatore della societ\u00e0 di consulenza Accelero Capital. ODH ha inoltre concluso un accordo di consulenza di sei anni con questa societ\u00e0. Accelero Capital fornir\u00e0 servizi di consulenza per l'attuazione del turnaround operativo e finanziario sotto la guida del Consiglio di amministrazione e della direzione. Bichara assumer\u00e0 un ruolo non esecutivo all'interno di Accelero Capital.<\/p>\n<p><strong>Aumento di capitale previsto<\/strong><\/p>\n<p>Nel frattempo, ODH sta pianificando un aumento di capitale fino a 278 milioni di franchi svizzeri. L'obiettivo \u00e8 quello di rafforzare la potenza finanziaria dell'azienda e sostenere l'ulteriore finanziamento delle attivit\u00e0 di costruzione nell'ambito dei progetti in corso in Oman e Montenegro per il 2016 e il 2017, ha annunciato l'azienda.<\/p>\n<p>A seconda del contesto di mercato, l'aumento di capitale dovrebbe essere effettuato entro la fine dell'anno sotto forma di emissione di diritti con un prezzo di sottoscrizione vicino al prezzo medio dell'azione ODH.<\/p>\n<p>L'azionista di maggioranza di ODH, Samih Sawiris, ha gi\u00e0 annunciato che intende esercitare integralmente, direttamente o indirettamente attraverso societ\u00e0 controllate, i diritti di sottoscrizione a cui lui o le sue societ\u00e0 hanno diritto nell'ambito dell'aumento di capitale, compensando i prestiti esistenti a ODH con il prezzo di emissione complessivo delle azioni a cui hanno diritto. Inoltre, Sawiris intende impegnarsi ad acquistare tutte le nuove azioni non sottoscritte dai titolari dei diritti di sottoscrizione alle stesse condizioni previste per gli azionisti esistenti. (ah)<\/p>","protected":false},"excerpt":{"rendered":"<p>Khaled Bichara diventer\u00e0 il nuovo Amministratore delegato (CEO) di Orascom Development Holding (ODH) il 1\u00b0 gennaio. Samih Sawiris, che in precedenza ha ricoperto il ruolo di CEO ad interim, si concentrer\u00e0 sul suo ruolo di Presidente del Consiglio di Amministrazione.<\/p>","protected":false},"author":1,"featured_media":1728,"comment_status":"open","ping_status":"open","sticky":false,"template":"","format":"standard","meta":{"_acf_changed":false,"_yoast_wpseo_focuskw":"Orascom Development CEO","_yoast_wpseo_title":"Orascom Development CEO: Neue F\u00fchrung und Kapitaloffensive","_yoast_wpseo_metadesc":"Angesichts der geplanten Kapitalerh\u00f6hung und F\u00fchrungswechsel bei Orascom Development analysiert Galledia die strategischen Schritte des Unternehmens.","_yoast_wpseo_linkdex":60,"pgc_sgb_lightbox_settings":"","footnotes":""},"categories":[988],"tags":[1222,1564,1807],"class_list":["post-1727","post","type-post","status-publish","format-standard","has-post-thumbnail","hentry","category-unternehmen","tag-finanzierung","tag-personalien","tag-unternehmen"],"acf":[],"yoast_head":"<!-- This site is optimized with the Yoast SEO plugin v27.4 - https:\/\/yoast.com\/product\/yoast-seo-wordpress\/ -->\n<title>Orascom Development CEO: Neue F\u00fchrung und Kapitaloffensive<\/title>\n<meta name=\"description\" content=\"Angesichts der geplanten Kapitalerh\u00f6hung und F\u00fchrungswechsel bei Orascom Development analysiert Galledia die strategischen Schritte des Unternehmens.\" \/>\n<meta name=\"robots\" content=\"index, follow, max-snippet:-1, max-image-preview:large, max-video-preview:-1\" \/>\n<link rel=\"canonical\" href=\"https:\/\/www.immobilienbusiness.ch\/it\/unternehmen\/2015-11-30\/orascom-development-holding-ernennt-neuen-ceo\/\" \/>\n<meta property=\"og:locale\" content=\"it_IT\" \/>\n<meta property=\"og:type\" content=\"article\" \/>\n<meta property=\"og:title\" content=\"Orascom Development Holding ernennt neuen CEO\" \/>\n<meta property=\"og:description\" content=\"Per 1. Januar wird Khaled Bichara neuer Chief Executive Officer (CEO) der Orascom Development Holding (ODH). Samih Sawiris, der bisher ad interim die Rolle des CEO innehatte, wird sich auf seine Aufgabe als Verwaltungsratspr\u00e4sident konzentrieren.\" \/>\n<meta property=\"og:url\" content=\"https:\/\/www.immobilienbusiness.ch\/it\/unternehmen\/2015-11-30\/orascom-development-holding-ernennt-neuen-ceo\/\" \/>\n<meta property=\"og:site_name\" content=\"IMMOBILIEN Business\" \/>\n<meta property=\"article:publisher\" content=\"https:\/\/www.facebook.com\/immobilienbusiness\/\" \/>\n<meta property=\"article:published_time\" content=\"2015-11-30T08:21:09+00:00\" \/>\n<meta name=\"author\" content=\"Redaktion\" \/>\n<meta name=\"twitter:card\" content=\"summary_large_image\" \/>\n<meta name=\"twitter:image\" content=\"https:\/\/www.immobilienbusiness.ch\/wp-content\/uploads\/2016\/12\/Orascom-Development-Holding-ernennt-neuen-CEO-immobilien-business.jpg\" \/>\n<script type=\"application\/ld+json\" class=\"yoast-schema-graph\">{\"@context\":\"https:\\\/\\\/schema.org\",\"@graph\":[{\"@type\":\"Article\",\"@id\":\"https:\\\/\\\/www.immobilienbusiness.ch\\\/unternehmen\\\/2015-11-30\\\/orascom-development-holding-ernennt-neuen-ceo\\\/#article\",\"isPartOf\":{\"@id\":\"https:\\\/\\\/www.immobilienbusiness.ch\\\/unternehmen\\\/2015-11-30\\\/orascom-development-holding-ernennt-neuen-ceo\\\/\"},\"author\":{\"name\":\"Redaktion\",\"@id\":\"https:\\\/\\\/www.immobilienbusiness.ch\\\/#\\\/schema\\\/person\\\/aa2bace6c5c5aad60102004a50c4eb1c\"},\"headline\":\"Orascom Development Holding ernennt neuen CEO\",\"datePublished\":\"2015-11-30T08:21:09+00:00\",\"mainEntityOfPage\":{\"@id\":\"https:\\\/\\\/www.immobilienbusiness.ch\\\/unternehmen\\\/2015-11-30\\\/orascom-development-holding-ernennt-neuen-ceo\\\/\"},\"wordCount\":230,\"commentCount\":0,\"publisher\":{\"@id\":\"https:\\\/\\\/www.immobilienbusiness.ch\\\/#organization\"},\"image\":{\"@id\":\"https:\\\/\\\/www.immobilienbusiness.ch\\\/unternehmen\\\/2015-11-30\\\/orascom-development-holding-ernennt-neuen-ceo\\\/#primaryimage\"},\"thumbnailUrl\":\"https:\\\/\\\/www.immobilienbusiness.ch\\\/wp-content\\\/uploads\\\/2016\\\/12\\\/Orascom-Development-Holding-ernennt-neuen-CEO-immobilien-business.jpg\",\"keywords\":[\"Finanzierung\",\"Personalien\",\"Unternehmen\"],\"articleSection\":[\"UNTERNEHMEN\"],\"inLanguage\":\"it-IT\"},{\"@type\":\"WebPage\",\"@id\":\"https:\\\/\\\/www.immobilienbusiness.ch\\\/unternehmen\\\/2015-11-30\\\/orascom-development-holding-ernennt-neuen-ceo\\\/\",\"url\":\"https:\\\/\\\/www.immobilienbusiness.ch\\\/unternehmen\\\/2015-11-30\\\/orascom-development-holding-ernennt-neuen-ceo\\\/\",\"name\":\"Orascom Development CEO: Neue F\u00fchrung und Kapitaloffensive\",\"isPartOf\":{\"@id\":\"https:\\\/\\\/www.immobilienbusiness.ch\\\/#website\"},\"primaryImageOfPage\":{\"@id\":\"https:\\\/\\\/www.immobilienbusiness.ch\\\/unternehmen\\\/2015-11-30\\\/orascom-development-holding-ernennt-neuen-ceo\\\/#primaryimage\"},\"image\":{\"@id\":\"https:\\\/\\\/www.immobilienbusiness.ch\\\/unternehmen\\\/2015-11-30\\\/orascom-development-holding-ernennt-neuen-ceo\\\/#primaryimage\"},\"thumbnailUrl\":\"https:\\\/\\\/www.immobilienbusiness.ch\\\/wp-content\\\/uploads\\\/2016\\\/12\\\/Orascom-Development-Holding-ernennt-neuen-CEO-immobilien-business.jpg\",\"datePublished\":\"2015-11-30T08:21:09+00:00\",\"description\":\"Angesichts der geplanten Kapitalerh\u00f6hung und F\u00fchrungswechsel bei Orascom Development analysiert Galledia die strategischen Schritte des Unternehmens.\",\"breadcrumb\":{\"@id\":\"https:\\\/\\\/www.immobilienbusiness.ch\\\/unternehmen\\\/2015-11-30\\\/orascom-development-holding-ernennt-neuen-ceo\\\/#breadcrumb\"},\"inLanguage\":\"it-IT\",\"potentialAction\":[{\"@type\":\"ReadAction\",\"target\":[\"https:\\\/\\\/www.immobilienbusiness.ch\\\/unternehmen\\\/2015-11-30\\\/orascom-development-holding-ernennt-neuen-ceo\\\/\"]}]},{\"@type\":\"ImageObject\",\"inLanguage\":\"it-IT\",\"@id\":\"https:\\\/\\\/www.immobilienbusiness.ch\\\/unternehmen\\\/2015-11-30\\\/orascom-development-holding-ernennt-neuen-ceo\\\/#primaryimage\",\"url\":\"https:\\\/\\\/www.immobilienbusiness.ch\\\/wp-content\\\/uploads\\\/2016\\\/12\\\/Orascom-Development-Holding-ernennt-neuen-CEO-immobilien-business.jpg\",\"contentUrl\":\"https:\\\/\\\/www.immobilienbusiness.ch\\\/wp-content\\\/uploads\\\/2016\\\/12\\\/Orascom-Development-Holding-ernennt-neuen-CEO-immobilien-business.jpg\",\"width\":1280,\"height\":930,\"caption\":\"(Grafik: Pixabay)\"},{\"@type\":\"BreadcrumbList\",\"@id\":\"https:\\\/\\\/www.immobilienbusiness.ch\\\/unternehmen\\\/2015-11-30\\\/orascom-development-holding-ernennt-neuen-ceo\\\/#breadcrumb\",\"itemListElement\":[{\"@type\":\"ListItem\",\"position\":1,\"name\":\"Home\",\"item\":\"https:\\\/\\\/www.immobilienbusiness.ch\\\/\"},{\"@type\":\"ListItem\",\"position\":2,\"name\":\"Orascom Development Holding ernennt neuen CEO\"}]},{\"@type\":\"WebSite\",\"@id\":\"https:\\\/\\\/www.immobilienbusiness.ch\\\/#website\",\"url\":\"https:\\\/\\\/www.immobilienbusiness.ch\\\/\",\"name\":\"IMMOBILIEN Business\",\"description\":\"Unabh\u00e4ngiges Schweizer Wirtschaftsmagazin mit Fokus auf Immobilien, Architektur- und Bau sowie Investment- und Finanzierung.\",\"publisher\":{\"@id\":\"https:\\\/\\\/www.immobilienbusiness.ch\\\/#organization\"},\"potentialAction\":[{\"@type\":\"SearchAction\",\"target\":{\"@type\":\"EntryPoint\",\"urlTemplate\":\"https:\\\/\\\/www.immobilienbusiness.ch\\\/?s={search_term_string}\"},\"query-input\":{\"@type\":\"PropertyValueSpecification\",\"valueRequired\":true,\"valueName\":\"search_term_string\"}}],\"inLanguage\":\"it-IT\"},{\"@type\":\"Organization\",\"@id\":\"https:\\\/\\\/www.immobilienbusiness.ch\\\/#organization\",\"name\":\"IMMOBILIEN Business\",\"url\":\"https:\\\/\\\/www.immobilienbusiness.ch\\\/\",\"logo\":{\"@type\":\"ImageObject\",\"inLanguage\":\"it-IT\",\"@id\":\"https:\\\/\\\/www.immobilienbusiness.ch\\\/#\\\/schema\\\/logo\\\/image\\\/\",\"url\":\"https:\\\/\\\/www.immobilienbusiness.ch\\\/wp-content\\\/uploads\\\/2021\\\/07\\\/logo_ib.png\",\"contentUrl\":\"https:\\\/\\\/www.immobilienbusiness.ch\\\/wp-content\\\/uploads\\\/2021\\\/07\\\/logo_ib.png\",\"width\":800,\"height\":181,\"caption\":\"IMMOBILIEN Business\"},\"image\":{\"@id\":\"https:\\\/\\\/www.immobilienbusiness.ch\\\/#\\\/schema\\\/logo\\\/image\\\/\"},\"sameAs\":[\"https:\\\/\\\/www.facebook.com\\\/immobilienbusiness\\\/\"]},{\"@type\":\"Person\",\"@id\":\"https:\\\/\\\/www.immobilienbusiness.ch\\\/#\\\/schema\\\/person\\\/aa2bace6c5c5aad60102004a50c4eb1c\",\"name\":\"Redaktion\",\"image\":{\"@type\":\"ImageObject\",\"inLanguage\":\"it-IT\",\"@id\":\"https:\\\/\\\/secure.gravatar.com\\\/avatar\\\/ae2f4d718e6c49043e314ce431e7e645d646302a24a5ef5a8bc8e3f5a032e319?s=96&d=mm&r=g\",\"url\":\"https:\\\/\\\/secure.gravatar.com\\\/avatar\\\/ae2f4d718e6c49043e314ce431e7e645d646302a24a5ef5a8bc8e3f5a032e319?s=96&d=mm&r=g\",\"contentUrl\":\"https:\\\/\\\/secure.gravatar.com\\\/avatar\\\/ae2f4d718e6c49043e314ce431e7e645d646302a24a5ef5a8bc8e3f5a032e319?s=96&d=mm&r=g\",\"caption\":\"Redaktion\"},\"sameAs\":[\"http:\\\/\\\/develop.organisator.galledia.ch\"],\"url\":\"https:\\\/\\\/www.immobilienbusiness.ch\\\/it\\\/author\\\/admin\\\/\"}]}<\/script>\n<!-- \/ Yoast SEO plugin. -->","yoast_head_json":{"title":"Orascom Development CEO: Neue F\u00fchrung und Kapitaloffensive","description":"Angesichts der geplanten Kapitalerh\u00f6hung und F\u00fchrungswechsel bei Orascom Development analysiert Galledia die strategischen Schritte des Unternehmens.","robots":{"index":"index","follow":"follow","max-snippet":"max-snippet:-1","max-image-preview":"max-image-preview:large","max-video-preview":"max-video-preview:-1"},"canonical":"https:\/\/www.immobilienbusiness.ch\/it\/unternehmen\/2015-11-30\/orascom-development-holding-ernennt-neuen-ceo\/","og_locale":"it_IT","og_type":"article","og_title":"Orascom Development Holding ernennt neuen CEO","og_description":"Per 1. Januar wird Khaled Bichara neuer Chief Executive Officer (CEO) der Orascom Development Holding (ODH). Samih Sawiris, der bisher ad interim die Rolle des CEO innehatte, wird sich auf seine Aufgabe als Verwaltungsratspr\u00e4sident konzentrieren.","og_url":"https:\/\/www.immobilienbusiness.ch\/it\/unternehmen\/2015-11-30\/orascom-development-holding-ernennt-neuen-ceo\/","og_site_name":"IMMOBILIEN Business","article_publisher":"https:\/\/www.facebook.com\/immobilienbusiness\/","article_published_time":"2015-11-30T08:21:09+00:00","author":"Redaktion","twitter_card":"summary_large_image","twitter_image":"https:\/\/www.immobilienbusiness.ch\/wp-content\/uploads\/2016\/12\/Orascom-Development-Holding-ernennt-neuen-CEO-immobilien-business.jpg","schema":{"@context":"https:\/\/schema.org","@graph":[{"@type":"Article","@id":"https:\/\/www.immobilienbusiness.ch\/unternehmen\/2015-11-30\/orascom-development-holding-ernennt-neuen-ceo\/#article","isPartOf":{"@id":"https:\/\/www.immobilienbusiness.ch\/unternehmen\/2015-11-30\/orascom-development-holding-ernennt-neuen-ceo\/"},"author":{"name":"Redaktion","@id":"https:\/\/www.immobilienbusiness.ch\/#\/schema\/person\/aa2bace6c5c5aad60102004a50c4eb1c"},"headline":"Orascom Development Holding ernennt neuen CEO","datePublished":"2015-11-30T08:21:09+00:00","mainEntityOfPage":{"@id":"https:\/\/www.immobilienbusiness.ch\/unternehmen\/2015-11-30\/orascom-development-holding-ernennt-neuen-ceo\/"},"wordCount":230,"commentCount":0,"publisher":{"@id":"https:\/\/www.immobilienbusiness.ch\/#organization"},"image":{"@id":"https:\/\/www.immobilienbusiness.ch\/unternehmen\/2015-11-30\/orascom-development-holding-ernennt-neuen-ceo\/#primaryimage"},"thumbnailUrl":"https:\/\/www.immobilienbusiness.ch\/wp-content\/uploads\/2016\/12\/Orascom-Development-Holding-ernennt-neuen-CEO-immobilien-business.jpg","keywords":["Finanzierung","Personalien","Unternehmen"],"articleSection":["UNTERNEHMEN"],"inLanguage":"it-IT"},{"@type":"WebPage","@id":"https:\/\/www.immobilienbusiness.ch\/unternehmen\/2015-11-30\/orascom-development-holding-ernennt-neuen-ceo\/","url":"https:\/\/www.immobilienbusiness.ch\/unternehmen\/2015-11-30\/orascom-development-holding-ernennt-neuen-ceo\/","name":"Orascom Development CEO: Neue F\u00fchrung und Kapitaloffensive","isPartOf":{"@id":"https:\/\/www.immobilienbusiness.ch\/#website"},"primaryImageOfPage":{"@id":"https:\/\/www.immobilienbusiness.ch\/unternehmen\/2015-11-30\/orascom-development-holding-ernennt-neuen-ceo\/#primaryimage"},"image":{"@id":"https:\/\/www.immobilienbusiness.ch\/unternehmen\/2015-11-30\/orascom-development-holding-ernennt-neuen-ceo\/#primaryimage"},"thumbnailUrl":"https:\/\/www.immobilienbusiness.ch\/wp-content\/uploads\/2016\/12\/Orascom-Development-Holding-ernennt-neuen-CEO-immobilien-business.jpg","datePublished":"2015-11-30T08:21:09+00:00","description":"Angesichts der geplanten Kapitalerh\u00f6hung und F\u00fchrungswechsel bei Orascom Development analysiert Galledia die strategischen Schritte des Unternehmens.","breadcrumb":{"@id":"https:\/\/www.immobilienbusiness.ch\/unternehmen\/2015-11-30\/orascom-development-holding-ernennt-neuen-ceo\/#breadcrumb"},"inLanguage":"it-IT","potentialAction":[{"@type":"ReadAction","target":["https:\/\/www.immobilienbusiness.ch\/unternehmen\/2015-11-30\/orascom-development-holding-ernennt-neuen-ceo\/"]}]},{"@type":"ImageObject","inLanguage":"it-IT","@id":"https:\/\/www.immobilienbusiness.ch\/unternehmen\/2015-11-30\/orascom-development-holding-ernennt-neuen-ceo\/#primaryimage","url":"https:\/\/www.immobilienbusiness.ch\/wp-content\/uploads\/2016\/12\/Orascom-Development-Holding-ernennt-neuen-CEO-immobilien-business.jpg","contentUrl":"https:\/\/www.immobilienbusiness.ch\/wp-content\/uploads\/2016\/12\/Orascom-Development-Holding-ernennt-neuen-CEO-immobilien-business.jpg","width":1280,"height":930,"caption":"(Grafik: Pixabay)"},{"@type":"BreadcrumbList","@id":"https:\/\/www.immobilienbusiness.ch\/unternehmen\/2015-11-30\/orascom-development-holding-ernennt-neuen-ceo\/#breadcrumb","itemListElement":[{"@type":"ListItem","position":1,"name":"Home","item":"https:\/\/www.immobilienbusiness.ch\/"},{"@type":"ListItem","position":2,"name":"Orascom Development Holding ernennt neuen CEO"}]},{"@type":"WebSite","@id":"https:\/\/www.immobilienbusiness.ch\/#website","url":"https:\/\/www.immobilienbusiness.ch\/","name":"Affari immobiliari","description":"Rivista economica indipendente svizzera che si concentra sul settore immobiliare, l'architettura e la costruzione, nonch\u00e9 sugli investimenti e i finanziamenti.","publisher":{"@id":"https:\/\/www.immobilienbusiness.ch\/#organization"},"potentialAction":[{"@type":"SearchAction","target":{"@type":"EntryPoint","urlTemplate":"https:\/\/www.immobilienbusiness.ch\/?s={search_term_string}"},"query-input":{"@type":"PropertyValueSpecification","valueRequired":true,"valueName":"search_term_string"}}],"inLanguage":"it-IT"},{"@type":"Organization","@id":"https:\/\/www.immobilienbusiness.ch\/#organization","name":"Affari immobiliari","url":"https:\/\/www.immobilienbusiness.ch\/","logo":{"@type":"ImageObject","inLanguage":"it-IT","@id":"https:\/\/www.immobilienbusiness.ch\/#\/schema\/logo\/image\/","url":"https:\/\/www.immobilienbusiness.ch\/wp-content\/uploads\/2021\/07\/logo_ib.png","contentUrl":"https:\/\/www.immobilienbusiness.ch\/wp-content\/uploads\/2021\/07\/logo_ib.png","width":800,"height":181,"caption":"IMMOBILIEN Business"},"image":{"@id":"https:\/\/www.immobilienbusiness.ch\/#\/schema\/logo\/image\/"},"sameAs":["https:\/\/www.facebook.com\/immobilienbusiness\/"]},{"@type":"Person","@id":"https:\/\/www.immobilienbusiness.ch\/#\/schema\/person\/aa2bace6c5c5aad60102004a50c4eb1c","name":"Editoriale","image":{"@type":"ImageObject","inLanguage":"it-IT","@id":"https:\/\/secure.gravatar.com\/avatar\/ae2f4d718e6c49043e314ce431e7e645d646302a24a5ef5a8bc8e3f5a032e319?s=96&d=mm&r=g","url":"https:\/\/secure.gravatar.com\/avatar\/ae2f4d718e6c49043e314ce431e7e645d646302a24a5ef5a8bc8e3f5a032e319?s=96&d=mm&r=g","contentUrl":"https:\/\/secure.gravatar.com\/avatar\/ae2f4d718e6c49043e314ce431e7e645d646302a24a5ef5a8bc8e3f5a032e319?s=96&d=mm&r=g","caption":"Redaktion"},"sameAs":["http:\/\/develop.organisator.galledia.ch"],"url":"https:\/\/www.immobilienbusiness.ch\/it\/author\/admin\/"}]}},"_links":{"self":[{"href":"https:\/\/www.immobilienbusiness.ch\/it\/wp-json\/wp\/v2\/posts\/1727","targetHints":{"allow":["GET"]}}],"collection":[{"href":"https:\/\/www.immobilienbusiness.ch\/it\/wp-json\/wp\/v2\/posts"}],"about":[{"href":"https:\/\/www.immobilienbusiness.ch\/it\/wp-json\/wp\/v2\/types\/post"}],"author":[{"embeddable":true,"href":"https:\/\/www.immobilienbusiness.ch\/it\/wp-json\/wp\/v2\/users\/1"}],"replies":[{"embeddable":true,"href":"https:\/\/www.immobilienbusiness.ch\/it\/wp-json\/wp\/v2\/comments?post=1727"}],"version-history":[{"count":0,"href":"https:\/\/www.immobilienbusiness.ch\/it\/wp-json\/wp\/v2\/posts\/1727\/revisions"}],"wp:featuredmedia":[{"embeddable":true,"href":"https:\/\/www.immobilienbusiness.ch\/it\/wp-json\/wp\/v2\/media\/1728"}],"wp:attachment":[{"href":"https:\/\/www.immobilienbusiness.ch\/it\/wp-json\/wp\/v2\/media?parent=1727"}],"wp:term":[{"taxonomy":"category","embeddable":true,"href":"https:\/\/www.immobilienbusiness.ch\/it\/wp-json\/wp\/v2\/categories?post=1727"},{"taxonomy":"post_tag","embeddable":true,"href":"https:\/\/www.immobilienbusiness.ch\/it\/wp-json\/wp\/v2\/tags?post=1727"}],"curies":[{"name":"wp","href":"https:\/\/api.w.org\/{rel}","templated":true}]}}