{"id":16688,"date":"2019-04-23T08:17:20","date_gmt":"2019-04-23T06:17:20","guid":{"rendered":"https:\/\/www.immobilienbusiness.ch\/?p=16688"},"modified":"2019-04-23T08:17:20","modified_gmt":"2019-04-23T06:17:20","slug":"berner-bkw-uebernimmt-deutsches-architekturbuero","status":"publish","type":"post","link":"https:\/\/www.immobilienbusiness.ch\/it\/unternehmen\/2019-04-23\/berner-bkw-uebernimmt-deutsches-architekturbuero\/","title":{"rendered":"La bernese BKW rileva lo studio di architettura tedesco"},"content":{"rendered":"<figure id=\"attachment_16689\" aria-describedby=\"caption-attachment-16689\" style=\"width: 680px\" class=\"wp-caption alignnone\"><img loading=\"lazy\" decoding=\"async\" class=\"size-medium wp-image-16689\" src=\"https:\/\/www.immobilienbusiness.ch\/wp-content\/uploads\/2019\/04\/HASCHER_JEHLE_Architektur.jpg\" alt=\"\" width=\"680\" height=\"383\" srcset=\"https:\/\/www.immobilienbusiness.ch\/wp-content\/uploads\/2019\/04\/HASCHER_JEHLE_Architektur.jpg 1920w, https:\/\/www.immobilienbusiness.ch\/wp-content\/uploads\/2019\/04\/HASCHER_JEHLE_Architektur-300x169.jpg 300w, https:\/\/www.immobilienbusiness.ch\/wp-content\/uploads\/2019\/04\/HASCHER_JEHLE_Architektur-1024x576.jpg 1024w, https:\/\/www.immobilienbusiness.ch\/wp-content\/uploads\/2019\/04\/HASCHER_JEHLE_Architektur-768x432.jpg 768w, https:\/\/www.immobilienbusiness.ch\/wp-content\/uploads\/2019\/04\/HASCHER_JEHLE_Architektur-1536x864.jpg 1536w, https:\/\/www.immobilienbusiness.ch\/wp-content\/uploads\/2019\/04\/HASCHER_JEHLE_Architektur-16x9.jpg 16w, https:\/\/www.immobilienbusiness.ch\/wp-content\/uploads\/2019\/04\/HASCHER_JEHLE_Architektur-311x175.jpg 311w, https:\/\/www.immobilienbusiness.ch\/wp-content\/uploads\/2019\/04\/HASCHER_JEHLE_Architektur-622x350.jpg 622w, https:\/\/www.immobilienbusiness.ch\/wp-content\/uploads\/2019\/04\/HASCHER_JEHLE_Architektur-1422x800.jpg 1422w, https:\/\/www.immobilienbusiness.ch\/wp-content\/uploads\/2019\/04\/HASCHER_JEHLE_Architektur-920x518.jpg 920w, https:\/\/www.immobilienbusiness.ch\/wp-content\/uploads\/2019\/04\/HASCHER_JEHLE_Architektur-1400x788.jpg 1400w\" sizes=\"auto, (max-width: 680px) 100vw, 680px\" \/><figcaption id=\"caption-attachment-16689\" class=\"wp-caption-text\">Lo studio di architettura Hascher Jehle (Immagine: BKW)<\/figcaption><\/figure>\n<p>Hascher Jehle Architektur \u00e8 stata fondata nel 1992 dal professor Rainer Hascher e dal professor Sebastian Jehle a Berlino, con l'ingresso di Thomas Kramps come ulteriore amministratore delegato nel 2005. L'ufficio impiega attualmente circa 70 persone e progetta nuovi edifici per uffici, amministrazione, commercio, cultura, istruzione e ricerca, abitazioni e alberghi. Inoltre, lo studio di architettura \u00e8 attivo nei settori della rivitalizzazione e della riconversione.<\/p>\n<p>In qualit\u00e0 di progettista generale, Hascher Jehle aggiunge un'importante competenza al portafoglio di ingegneria, scrive BKW in un comunicato. A causa della digitalizzazione e dell'estensione dei progetti di ingegneria, \u00e8 necessario includere pi\u00f9 discipline specialistiche nel processo di pianificazione. I clienti desiderano sempre di pi\u00f9 una consulenza continua durante l'intero processo di progettazione e costruzione, per questo le competenze architettoniche stanno diventando sempre pi\u00f9 importanti per la pianificazione generale, continua la dichiarazione.<\/p>\n<p>Il Gruppo BKW, con sede a Berna, impiega oltre 7.000 persone e progetta, costruisce e gestisce infrastrutture per la produzione e l'approvvigionamento di energia per aziende, privati e settore pubblico. BKW Engineering \u00e8 composta da circa 30 aziende provenienti da Germania, Austria e Svizzera. <em>(ah)<\/em><\/p>","protected":false},"excerpt":{"rendered":"<p>L'azienda bernese di energia e infrastrutture BKW rileva lo studio di architettura berlinese Hascher Jehle. L'ufficio far\u00e0 parte della rete di BKW Engineering.<\/p>","protected":false},"author":3,"featured_media":16689,"comment_status":"closed","ping_status":"open","sticky":false,"template":"","format":"standard","meta":{"_acf_changed":false,"_yoast_wpseo_focuskw":"BKW","_yoast_wpseo_title":"","_yoast_wpseo_metadesc":"Das Energie- und Infrastrukturunternehmen BKW aus Bern \u00fcbernimmt das Berliner Architekturb\u00fcro Hascher Jehle.","_yoast_wpseo_linkdex":60,"pgc_sgb_lightbox_settings":"","footnotes":""},"categories":[988],"tags":[1039,1365,1807],"class_list":["post-16688","post","type-post","status-publish","format-standard","has-post-thumbnail","hentry","category-unternehmen","tag-architektur","tag-infrastruktur","tag-unternehmen"],"acf":[],"yoast_head":"<!-- This site is optimized with the Yoast SEO plugin v27.5 - https:\/\/yoast.com\/product\/yoast-seo-wordpress\/ -->\n<title>Berner BKW \u00fcbernimmt deutsches Architekturb\u00fcro - IMMOBILIEN Business<\/title>\n<meta name=\"description\" content=\"Das Energie- und Infrastrukturunternehmen BKW aus Bern \u00fcbernimmt das Berliner Architekturb\u00fcro Hascher Jehle.\" \/>\n<meta name=\"robots\" content=\"index, follow, max-snippet:-1, max-image-preview:large, max-video-preview:-1\" \/>\n<link rel=\"canonical\" href=\"https:\/\/www.immobilienbusiness.ch\/it\/unternehmen\/2019-04-23\/berner-bkw-uebernimmt-deutsches-architekturbuero\/\" \/>\n<meta property=\"og:locale\" content=\"it_IT\" \/>\n<meta property=\"og:type\" content=\"article\" \/>\n<meta property=\"og:title\" content=\"Berner BKW \u00fcbernimmt deutsches Architekturb\u00fcro - IMMOBILIEN Business\" \/>\n<meta property=\"og:description\" content=\"Das Energie- und Infrastrukturunternehmen BKW aus Bern \u00fcbernimmt das Berliner Architekturb\u00fcro Hascher Jehle.\" \/>\n<meta property=\"og:url\" content=\"https:\/\/www.immobilienbusiness.ch\/it\/unternehmen\/2019-04-23\/berner-bkw-uebernimmt-deutsches-architekturbuero\/\" \/>\n<meta property=\"og:site_name\" content=\"IMMOBILIEN Business\" \/>\n<meta property=\"article:publisher\" content=\"https:\/\/www.facebook.com\/immobilienbusiness\/\" \/>\n<meta property=\"article:published_time\" content=\"2019-04-23T06:17:20+00:00\" \/>\n<meta property=\"og:image\" content=\"https:\/\/www.immobilienbusiness.ch\/wp-content\/uploads\/2019\/04\/HASCHER_JEHLE_Architektur.jpg\" \/>\n\t<meta property=\"og:image:width\" content=\"1920\" \/>\n\t<meta property=\"og:image:height\" content=\"1080\" \/>\n\t<meta property=\"og:image:type\" content=\"image\/jpeg\" \/>\n<meta name=\"author\" content=\"anja.hall\" \/>\n<meta name=\"twitter:card\" content=\"summary_large_image\" \/>\n<meta name=\"twitter:image\" content=\"https:\/\/www.immobilienbusiness.ch\/wp-content\/uploads\/2019\/04\/HASCHER_JEHLE_Architektur.jpg\" \/>\n<script type=\"application\/ld+json\" class=\"yoast-schema-graph\">{\"@context\":\"https:\\\/\\\/schema.org\",\"@graph\":[{\"@type\":\"Article\",\"@id\":\"https:\\\/\\\/www.immobilienbusiness.ch\\\/de\\\/unternehmen\\\/2019-04-23\\\/berner-bkw-uebernimmt-deutsches-architekturbuero\\\/#article\",\"isPartOf\":{\"@id\":\"https:\\\/\\\/www.immobilienbusiness.ch\\\/de\\\/unternehmen\\\/2019-04-23\\\/berner-bkw-uebernimmt-deutsches-architekturbuero\\\/\"},\"author\":{\"name\":\"anja.hall\",\"@id\":\"https:\\\/\\\/www.immobilienbusiness.ch\\\/#\\\/schema\\\/person\\\/3fc036297b10b9f42d6db5ee932af8c8\"},\"headline\":\"Berner BKW \u00fcbernimmt deutsches Architekturb\u00fcro\",\"datePublished\":\"2019-04-23T06:17:20+00:00\",\"mainEntityOfPage\":{\"@id\":\"https:\\\/\\\/www.immobilienbusiness.ch\\\/de\\\/unternehmen\\\/2019-04-23\\\/berner-bkw-uebernimmt-deutsches-architekturbuero\\\/\"},\"wordCount\":188,\"publisher\":{\"@id\":\"https:\\\/\\\/www.immobilienbusiness.ch\\\/#organization\"},\"image\":{\"@id\":\"https:\\\/\\\/www.immobilienbusiness.ch\\\/de\\\/unternehmen\\\/2019-04-23\\\/berner-bkw-uebernimmt-deutsches-architekturbuero\\\/#primaryimage\"},\"thumbnailUrl\":\"https:\\\/\\\/www.immobilienbusiness.ch\\\/wp-content\\\/uploads\\\/2019\\\/04\\\/HASCHER_JEHLE_Architektur.jpg\",\"keywords\":[\"Architektur\",\"Infrastruktur\",\"Unternehmen\"],\"articleSection\":[\"UNTERNEHMEN\"],\"inLanguage\":\"it-IT\"},{\"@type\":\"WebPage\",\"@id\":\"https:\\\/\\\/www.immobilienbusiness.ch\\\/de\\\/unternehmen\\\/2019-04-23\\\/berner-bkw-uebernimmt-deutsches-architekturbuero\\\/\",\"url\":\"https:\\\/\\\/www.immobilienbusiness.ch\\\/de\\\/unternehmen\\\/2019-04-23\\\/berner-bkw-uebernimmt-deutsches-architekturbuero\\\/\",\"name\":\"Berner BKW \u00fcbernimmt deutsches Architekturb\u00fcro - IMMOBILIEN Business\",\"isPartOf\":{\"@id\":\"https:\\\/\\\/www.immobilienbusiness.ch\\\/#website\"},\"primaryImageOfPage\":{\"@id\":\"https:\\\/\\\/www.immobilienbusiness.ch\\\/de\\\/unternehmen\\\/2019-04-23\\\/berner-bkw-uebernimmt-deutsches-architekturbuero\\\/#primaryimage\"},\"image\":{\"@id\":\"https:\\\/\\\/www.immobilienbusiness.ch\\\/de\\\/unternehmen\\\/2019-04-23\\\/berner-bkw-uebernimmt-deutsches-architekturbuero\\\/#primaryimage\"},\"thumbnailUrl\":\"https:\\\/\\\/www.immobilienbusiness.ch\\\/wp-content\\\/uploads\\\/2019\\\/04\\\/HASCHER_JEHLE_Architektur.jpg\",\"datePublished\":\"2019-04-23T06:17:20+00:00\",\"description\":\"Das Energie- und Infrastrukturunternehmen BKW aus Bern \u00fcbernimmt das Berliner Architekturb\u00fcro Hascher Jehle.\",\"breadcrumb\":{\"@id\":\"https:\\\/\\\/www.immobilienbusiness.ch\\\/de\\\/unternehmen\\\/2019-04-23\\\/berner-bkw-uebernimmt-deutsches-architekturbuero\\\/#breadcrumb\"},\"inLanguage\":\"it-IT\",\"potentialAction\":[{\"@type\":\"ReadAction\",\"target\":[\"https:\\\/\\\/www.immobilienbusiness.ch\\\/de\\\/unternehmen\\\/2019-04-23\\\/berner-bkw-uebernimmt-deutsches-architekturbuero\\\/\"]}]},{\"@type\":\"ImageObject\",\"inLanguage\":\"it-IT\",\"@id\":\"https:\\\/\\\/www.immobilienbusiness.ch\\\/de\\\/unternehmen\\\/2019-04-23\\\/berner-bkw-uebernimmt-deutsches-architekturbuero\\\/#primaryimage\",\"url\":\"https:\\\/\\\/www.immobilienbusiness.ch\\\/wp-content\\\/uploads\\\/2019\\\/04\\\/HASCHER_JEHLE_Architektur.jpg\",\"contentUrl\":\"https:\\\/\\\/www.immobilienbusiness.ch\\\/wp-content\\\/uploads\\\/2019\\\/04\\\/HASCHER_JEHLE_Architektur.jpg\",\"width\":1920,\"height\":1080,\"caption\":\"HASCHER_JEHLE_Architektur\"},{\"@type\":\"BreadcrumbList\",\"@id\":\"https:\\\/\\\/www.immobilienbusiness.ch\\\/de\\\/unternehmen\\\/2019-04-23\\\/berner-bkw-uebernimmt-deutsches-architekturbuero\\\/#breadcrumb\",\"itemListElement\":[{\"@type\":\"ListItem\",\"position\":1,\"name\":\"Home\",\"item\":\"https:\\\/\\\/www.immobilienbusiness.ch\\\/\"},{\"@type\":\"ListItem\",\"position\":2,\"name\":\"Berner BKW \u00fcbernimmt deutsches Architekturb\u00fcro\"}]},{\"@type\":\"WebSite\",\"@id\":\"https:\\\/\\\/www.immobilienbusiness.ch\\\/#website\",\"url\":\"https:\\\/\\\/www.immobilienbusiness.ch\\\/\",\"name\":\"IMMOBILIEN Business\",\"description\":\"Unabh\u00e4ngiges Schweizer Wirtschaftsmagazin mit Fokus auf Immobilien, Architektur- und Bau sowie Investment- und Finanzierung.\",\"publisher\":{\"@id\":\"https:\\\/\\\/www.immobilienbusiness.ch\\\/#organization\"},\"potentialAction\":[{\"@type\":\"SearchAction\",\"target\":{\"@type\":\"EntryPoint\",\"urlTemplate\":\"https:\\\/\\\/www.immobilienbusiness.ch\\\/?s={search_term_string}\"},\"query-input\":{\"@type\":\"PropertyValueSpecification\",\"valueRequired\":true,\"valueName\":\"search_term_string\"}}],\"inLanguage\":\"it-IT\"},{\"@type\":\"Organization\",\"@id\":\"https:\\\/\\\/www.immobilienbusiness.ch\\\/#organization\",\"name\":\"IMMOBILIEN Business\",\"url\":\"https:\\\/\\\/www.immobilienbusiness.ch\\\/\",\"logo\":{\"@type\":\"ImageObject\",\"inLanguage\":\"it-IT\",\"@id\":\"https:\\\/\\\/www.immobilienbusiness.ch\\\/#\\\/schema\\\/logo\\\/image\\\/\",\"url\":\"https:\\\/\\\/www.immobilienbusiness.ch\\\/wp-content\\\/uploads\\\/2021\\\/07\\\/logo_ib.png\",\"contentUrl\":\"https:\\\/\\\/www.immobilienbusiness.ch\\\/wp-content\\\/uploads\\\/2021\\\/07\\\/logo_ib.png\",\"width\":800,\"height\":181,\"caption\":\"IMMOBILIEN Business\"},\"image\":{\"@id\":\"https:\\\/\\\/www.immobilienbusiness.ch\\\/#\\\/schema\\\/logo\\\/image\\\/\"},\"sameAs\":[\"https:\\\/\\\/www.facebook.com\\\/immobilienbusiness\\\/\"]},{\"@type\":\"Person\",\"@id\":\"https:\\\/\\\/www.immobilienbusiness.ch\\\/#\\\/schema\\\/person\\\/3fc036297b10b9f42d6db5ee932af8c8\",\"name\":\"anja.hall\",\"image\":{\"@type\":\"ImageObject\",\"inLanguage\":\"it-IT\",\"@id\":\"https:\\\/\\\/secure.gravatar.com\\\/avatar\\\/066b5a0d447013502c71a5782f4f3469f03cfe595cc2329fb94652fe47511bfb?s=96&d=mm&r=g\",\"url\":\"https:\\\/\\\/secure.gravatar.com\\\/avatar\\\/066b5a0d447013502c71a5782f4f3469f03cfe595cc2329fb94652fe47511bfb?s=96&d=mm&r=g\",\"contentUrl\":\"https:\\\/\\\/secure.gravatar.com\\\/avatar\\\/066b5a0d447013502c71a5782f4f3469f03cfe595cc2329fb94652fe47511bfb?s=96&d=mm&r=g\",\"caption\":\"anja.hall\"},\"url\":\"https:\\\/\\\/www.immobilienbusiness.ch\\\/it\\\/author\\\/anja-hall\\\/\"}]}<\/script>\n<!-- \/ Yoast SEO plugin. -->","yoast_head_json":{"title":"Berner BKW \u00fcbernimmt deutsches Architekturb\u00fcro - IMMOBILIEN Business","description":"Das Energie- und Infrastrukturunternehmen BKW aus Bern \u00fcbernimmt das Berliner Architekturb\u00fcro Hascher Jehle.","robots":{"index":"index","follow":"follow","max-snippet":"max-snippet:-1","max-image-preview":"max-image-preview:large","max-video-preview":"max-video-preview:-1"},"canonical":"https:\/\/www.immobilienbusiness.ch\/it\/unternehmen\/2019-04-23\/berner-bkw-uebernimmt-deutsches-architekturbuero\/","og_locale":"it_IT","og_type":"article","og_title":"Berner BKW \u00fcbernimmt deutsches Architekturb\u00fcro - IMMOBILIEN Business","og_description":"Das Energie- und Infrastrukturunternehmen BKW aus Bern \u00fcbernimmt das Berliner Architekturb\u00fcro Hascher Jehle.","og_url":"https:\/\/www.immobilienbusiness.ch\/it\/unternehmen\/2019-04-23\/berner-bkw-uebernimmt-deutsches-architekturbuero\/","og_site_name":"IMMOBILIEN Business","article_publisher":"https:\/\/www.facebook.com\/immobilienbusiness\/","article_published_time":"2019-04-23T06:17:20+00:00","og_image":[{"width":1920,"height":1080,"url":"https:\/\/www.immobilienbusiness.ch\/wp-content\/uploads\/2019\/04\/HASCHER_JEHLE_Architektur.jpg","type":"image\/jpeg"}],"author":"anja.hall","twitter_card":"summary_large_image","twitter_image":"https:\/\/www.immobilienbusiness.ch\/wp-content\/uploads\/2019\/04\/HASCHER_JEHLE_Architektur.jpg","schema":{"@context":"https:\/\/schema.org","@graph":[{"@type":"Article","@id":"https:\/\/www.immobilienbusiness.ch\/de\/unternehmen\/2019-04-23\/berner-bkw-uebernimmt-deutsches-architekturbuero\/#article","isPartOf":{"@id":"https:\/\/www.immobilienbusiness.ch\/de\/unternehmen\/2019-04-23\/berner-bkw-uebernimmt-deutsches-architekturbuero\/"},"author":{"name":"anja.hall","@id":"https:\/\/www.immobilienbusiness.ch\/#\/schema\/person\/3fc036297b10b9f42d6db5ee932af8c8"},"headline":"Berner BKW \u00fcbernimmt deutsches Architekturb\u00fcro","datePublished":"2019-04-23T06:17:20+00:00","mainEntityOfPage":{"@id":"https:\/\/www.immobilienbusiness.ch\/de\/unternehmen\/2019-04-23\/berner-bkw-uebernimmt-deutsches-architekturbuero\/"},"wordCount":188,"publisher":{"@id":"https:\/\/www.immobilienbusiness.ch\/#organization"},"image":{"@id":"https:\/\/www.immobilienbusiness.ch\/de\/unternehmen\/2019-04-23\/berner-bkw-uebernimmt-deutsches-architekturbuero\/#primaryimage"},"thumbnailUrl":"https:\/\/www.immobilienbusiness.ch\/wp-content\/uploads\/2019\/04\/HASCHER_JEHLE_Architektur.jpg","keywords":["Architektur","Infrastruktur","Unternehmen"],"articleSection":["UNTERNEHMEN"],"inLanguage":"it-IT"},{"@type":"WebPage","@id":"https:\/\/www.immobilienbusiness.ch\/de\/unternehmen\/2019-04-23\/berner-bkw-uebernimmt-deutsches-architekturbuero\/","url":"https:\/\/www.immobilienbusiness.ch\/de\/unternehmen\/2019-04-23\/berner-bkw-uebernimmt-deutsches-architekturbuero\/","name":"Berner BKW \u00fcbernimmt deutsches Architekturb\u00fcro - IMMOBILIEN Business","isPartOf":{"@id":"https:\/\/www.immobilienbusiness.ch\/#website"},"primaryImageOfPage":{"@id":"https:\/\/www.immobilienbusiness.ch\/de\/unternehmen\/2019-04-23\/berner-bkw-uebernimmt-deutsches-architekturbuero\/#primaryimage"},"image":{"@id":"https:\/\/www.immobilienbusiness.ch\/de\/unternehmen\/2019-04-23\/berner-bkw-uebernimmt-deutsches-architekturbuero\/#primaryimage"},"thumbnailUrl":"https:\/\/www.immobilienbusiness.ch\/wp-content\/uploads\/2019\/04\/HASCHER_JEHLE_Architektur.jpg","datePublished":"2019-04-23T06:17:20+00:00","description":"Das Energie- und Infrastrukturunternehmen BKW aus Bern \u00fcbernimmt das Berliner Architekturb\u00fcro Hascher Jehle.","breadcrumb":{"@id":"https:\/\/www.immobilienbusiness.ch\/de\/unternehmen\/2019-04-23\/berner-bkw-uebernimmt-deutsches-architekturbuero\/#breadcrumb"},"inLanguage":"it-IT","potentialAction":[{"@type":"ReadAction","target":["https:\/\/www.immobilienbusiness.ch\/de\/unternehmen\/2019-04-23\/berner-bkw-uebernimmt-deutsches-architekturbuero\/"]}]},{"@type":"ImageObject","inLanguage":"it-IT","@id":"https:\/\/www.immobilienbusiness.ch\/de\/unternehmen\/2019-04-23\/berner-bkw-uebernimmt-deutsches-architekturbuero\/#primaryimage","url":"https:\/\/www.immobilienbusiness.ch\/wp-content\/uploads\/2019\/04\/HASCHER_JEHLE_Architektur.jpg","contentUrl":"https:\/\/www.immobilienbusiness.ch\/wp-content\/uploads\/2019\/04\/HASCHER_JEHLE_Architektur.jpg","width":1920,"height":1080,"caption":"HASCHER_JEHLE_Architektur"},{"@type":"BreadcrumbList","@id":"https:\/\/www.immobilienbusiness.ch\/de\/unternehmen\/2019-04-23\/berner-bkw-uebernimmt-deutsches-architekturbuero\/#breadcrumb","itemListElement":[{"@type":"ListItem","position":1,"name":"Home","item":"https:\/\/www.immobilienbusiness.ch\/"},{"@type":"ListItem","position":2,"name":"Berner BKW \u00fcbernimmt deutsches Architekturb\u00fcro"}]},{"@type":"WebSite","@id":"https:\/\/www.immobilienbusiness.ch\/#website","url":"https:\/\/www.immobilienbusiness.ch\/","name":"Affari immobiliari","description":"Rivista economica indipendente svizzera che si concentra sul settore immobiliare, l'architettura e la costruzione, nonch\u00e9 sugli investimenti e i finanziamenti.","publisher":{"@id":"https:\/\/www.immobilienbusiness.ch\/#organization"},"potentialAction":[{"@type":"SearchAction","target":{"@type":"EntryPoint","urlTemplate":"https:\/\/www.immobilienbusiness.ch\/?s={search_term_string}"},"query-input":{"@type":"PropertyValueSpecification","valueRequired":true,"valueName":"search_term_string"}}],"inLanguage":"it-IT"},{"@type":"Organization","@id":"https:\/\/www.immobilienbusiness.ch\/#organization","name":"Affari immobiliari","url":"https:\/\/www.immobilienbusiness.ch\/","logo":{"@type":"ImageObject","inLanguage":"it-IT","@id":"https:\/\/www.immobilienbusiness.ch\/#\/schema\/logo\/image\/","url":"https:\/\/www.immobilienbusiness.ch\/wp-content\/uploads\/2021\/07\/logo_ib.png","contentUrl":"https:\/\/www.immobilienbusiness.ch\/wp-content\/uploads\/2021\/07\/logo_ib.png","width":800,"height":181,"caption":"IMMOBILIEN Business"},"image":{"@id":"https:\/\/www.immobilienbusiness.ch\/#\/schema\/logo\/image\/"},"sameAs":["https:\/\/www.facebook.com\/immobilienbusiness\/"]},{"@type":"Person","@id":"https:\/\/www.immobilienbusiness.ch\/#\/schema\/person\/3fc036297b10b9f42d6db5ee932af8c8","name":"anja.hall","image":{"@type":"ImageObject","inLanguage":"it-IT","@id":"https:\/\/secure.gravatar.com\/avatar\/066b5a0d447013502c71a5782f4f3469f03cfe595cc2329fb94652fe47511bfb?s=96&d=mm&r=g","url":"https:\/\/secure.gravatar.com\/avatar\/066b5a0d447013502c71a5782f4f3469f03cfe595cc2329fb94652fe47511bfb?s=96&d=mm&r=g","contentUrl":"https:\/\/secure.gravatar.com\/avatar\/066b5a0d447013502c71a5782f4f3469f03cfe595cc2329fb94652fe47511bfb?s=96&d=mm&r=g","caption":"anja.hall"},"url":"https:\/\/www.immobilienbusiness.ch\/it\/author\/anja-hall\/"}]}},"_links":{"self":[{"href":"https:\/\/www.immobilienbusiness.ch\/it\/wp-json\/wp\/v2\/posts\/16688","targetHints":{"allow":["GET"]}}],"collection":[{"href":"https:\/\/www.immobilienbusiness.ch\/it\/wp-json\/wp\/v2\/posts"}],"about":[{"href":"https:\/\/www.immobilienbusiness.ch\/it\/wp-json\/wp\/v2\/types\/post"}],"author":[{"embeddable":true,"href":"https:\/\/www.immobilienbusiness.ch\/it\/wp-json\/wp\/v2\/users\/3"}],"replies":[{"embeddable":true,"href":"https:\/\/www.immobilienbusiness.ch\/it\/wp-json\/wp\/v2\/comments?post=16688"}],"version-history":[{"count":0,"href":"https:\/\/www.immobilienbusiness.ch\/it\/wp-json\/wp\/v2\/posts\/16688\/revisions"}],"wp:featuredmedia":[{"embeddable":true,"href":"https:\/\/www.immobilienbusiness.ch\/it\/wp-json\/wp\/v2\/media\/16689"}],"wp:attachment":[{"href":"https:\/\/www.immobilienbusiness.ch\/it\/wp-json\/wp\/v2\/media?parent=16688"}],"wp:term":[{"taxonomy":"category","embeddable":true,"href":"https:\/\/www.immobilienbusiness.ch\/it\/wp-json\/wp\/v2\/categories?post=16688"},{"taxonomy":"post_tag","embeddable":true,"href":"https:\/\/www.immobilienbusiness.ch\/it\/wp-json\/wp\/v2\/tags?post=16688"}],"curies":[{"name":"wp","href":"https:\/\/api.w.org\/{rel}","templated":true}]}}