{"id":16506,"date":"2019-04-03T07:40:28","date_gmt":"2019-04-03T05:40:28","guid":{"rendered":"https:\/\/www.immobilienbusiness.ch\/?p=16506"},"modified":"2019-04-03T07:40:28","modified_gmt":"2019-04-03T05:40:28","slug":"laax-baustart-fuer-wellnesshostel","status":"publish","type":"post","link":"https:\/\/www.immobilienbusiness.ch\/it\/regionen\/2019-04-03\/laax-baustart-fuer-wellnesshostel\/","title":{"rendered":"Laax: inizio della costruzione dell'ostello del benessere"},"content":{"rendered":"<figure id=\"attachment_11375\" aria-describedby=\"caption-attachment-11375\" style=\"width: 680px\" class=\"wp-caption alignnone\"><img loading=\"lazy\" decoding=\"async\" class=\"wp-image-11375 size-medium\" src=\"https:\/\/www.immobilienbusiness.ch\/wp-content\/uploads\/2018\/02\/Laax_airview.jpg\" alt=\"\" width=\"680\" height=\"453\" srcset=\"https:\/\/www.immobilienbusiness.ch\/wp-content\/uploads\/2018\/02\/Laax_airview.jpg 2560w, https:\/\/www.immobilienbusiness.ch\/wp-content\/uploads\/2018\/02\/Laax_airview-300x200.jpg 300w, https:\/\/www.immobilienbusiness.ch\/wp-content\/uploads\/2018\/02\/Laax_airview-1024x683.jpg 1024w, https:\/\/www.immobilienbusiness.ch\/wp-content\/uploads\/2018\/02\/Laax_airview-768x512.jpg 768w, https:\/\/www.immobilienbusiness.ch\/wp-content\/uploads\/2018\/02\/Laax_airview-1536x1024.jpg 1536w, https:\/\/www.immobilienbusiness.ch\/wp-content\/uploads\/2018\/02\/Laax_airview-2048x1365.jpg 2048w, https:\/\/www.immobilienbusiness.ch\/wp-content\/uploads\/2018\/02\/Laax_airview-16x12.jpg 16w, https:\/\/www.immobilienbusiness.ch\/wp-content\/uploads\/2018\/02\/Laax_airview-263x175.jpg 263w, https:\/\/www.immobilienbusiness.ch\/wp-content\/uploads\/2018\/02\/Laax_airview-525x350.jpg 525w, https:\/\/www.immobilienbusiness.ch\/wp-content\/uploads\/2018\/02\/Laax_airview-1200x800.jpg 1200w, https:\/\/www.immobilienbusiness.ch\/wp-content\/uploads\/2018\/02\/Laax_airview-920x613.jpg 920w, https:\/\/www.immobilienbusiness.ch\/wp-content\/uploads\/2018\/02\/Laax_airview-1400x933.jpg 1400w\" sizes=\"auto, (max-width: 680px) 100vw, 680px\" \/><figcaption id=\"caption-attachment-11375\" class=\"wp-caption-text\">Vista di Laax da sud (\u00a9 Adrian Michael, CC BY 3.0, Wikimedia Commons)<\/figcaption><\/figure>\n<p>La piscina coperta di Laax (GR) deve essere rinnovata, e il comune vuole combinare la piscina con un ostello della giovent\u00f9 nel corso della ristrutturazione. L'idea \u00e8 modellata sul wellnessHostel4000 &amp; Aqua Allalin a Saas-Fee - secondo gli ostelli della giovent\u00f9 svizzeri, il primo ostello al mondo ad offrire servizi di benessere.<\/p>\n<p>Nello sviluppo del progetto, il comune di Laax agisce come proprietario dell'edificio, mentre gli ostelli svizzeri della giovent\u00f9 sono gli operatori. Si sta realizzando un progetto dello SSA Architekten di Basilea.<\/p>\n<p>Il nuovo Aua Grava includer\u00e0 una piscina coperta, wellness, fitness e un ostello del benessere. A questo scopo, la piscina sar\u00e0 completamente rinnovata e completata con un'area benessere di quasi 900 mq e un centro fitness. Oltre alla sauna e al bagno turco, sono previste sale di rilassamento, cos\u00ec come un cortile interno inondato di luce naturale e una sala relax con vetrate panoramiche.<\/p>\n<p>Il wellnessHostel3000 avr\u00e0 158 posti letto con un ampio mix di camere che vanno da camere con sei letti e una doccia sul pavimento a camere con quattro letti e camere familiari con doccia\/WC e camere doppie con doccia\/WC. Ci sar\u00e0 anche un ristorante, un bar e un salone.<\/p>\n<p>L'apertura del \"wellnessHostel3000 &amp; Aua Grava\" \u00e8 prevista per novembre 2020. <em>(ah)<\/em><\/p>","protected":false},"excerpt":{"rendered":"<p>Das sanierungsbed\u00fcrftige Hallenbad in Laax soll mit einem Wellnesshostel der Schweizer Jugendherbergen kombiniert werden. Der Bau des \u00abwellnessHostel3000 &#038; Aua Grava\u00bb hat nun begonnen.<\/p>","protected":false},"author":3,"featured_media":11375,"comment_status":"closed","ping_status":"open","sticky":false,"template":"","format":"standard","meta":{"_acf_changed":false,"_yoast_wpseo_focuskw":"Laax","_yoast_wpseo_title":"","_yoast_wpseo_metadesc":"In Laax hat der Bau des \u00abwellnessHostel3000 & Aua Grava\u00bb nun begonnen.","_yoast_wpseo_linkdex":66,"pgc_sgb_lightbox_settings":"","footnotes":""},"categories":[985],"tags":[1073,1280,1313,1549],"class_list":["post-16506","post","type-post","status-publish","format-standard","has-post-thumbnail","hentry","category-regionen","tag-baubeginn","tag-graubuenden","tag-hotel","tag-ostschweiz"],"acf":[],"yoast_head":"<!-- This site is optimized with the Yoast SEO plugin v27.4 - https:\/\/yoast.com\/product\/yoast-seo-wordpress\/ -->\n<title>Laax: Baustart f\u00fcr Wellnesshostel - IMMOBILIEN Business<\/title>\n<meta name=\"description\" content=\"In Laax hat der Bau des \u00abwellnessHostel3000 &amp; Aua Grava\u00bb nun begonnen.\" \/>\n<meta name=\"robots\" content=\"index, follow, max-snippet:-1, max-image-preview:large, max-video-preview:-1\" \/>\n<link rel=\"canonical\" href=\"https:\/\/www.immobilienbusiness.ch\/it\/regionen\/2019-04-03\/laax-baustart-fuer-wellnesshostel\/\" \/>\n<meta property=\"og:locale\" content=\"it_IT\" \/>\n<meta property=\"og:type\" content=\"article\" \/>\n<meta property=\"og:title\" content=\"Laax: Baustart f\u00fcr Wellnesshostel - IMMOBILIEN Business\" \/>\n<meta property=\"og:description\" content=\"In Laax hat der Bau des \u00abwellnessHostel3000 &amp; Aua Grava\u00bb nun begonnen.\" \/>\n<meta property=\"og:url\" content=\"https:\/\/www.immobilienbusiness.ch\/it\/regionen\/2019-04-03\/laax-baustart-fuer-wellnesshostel\/\" \/>\n<meta property=\"og:site_name\" content=\"IMMOBILIEN Business\" \/>\n<meta property=\"article:publisher\" content=\"https:\/\/www.facebook.com\/immobilienbusiness\/\" \/>\n<meta property=\"article:published_time\" content=\"2019-04-03T05:40:28+00:00\" \/>\n<meta property=\"og:image\" content=\"https:\/\/www.immobilienbusiness.ch\/wp-content\/uploads\/2018\/02\/Laax_airview-1024x683.jpg\" \/>\n\t<meta property=\"og:image:width\" content=\"1024\" \/>\n\t<meta property=\"og:image:height\" content=\"683\" \/>\n\t<meta property=\"og:image:type\" content=\"image\/jpeg\" \/>\n<meta name=\"author\" content=\"anja.hall\" \/>\n<meta name=\"twitter:card\" content=\"summary_large_image\" \/>\n<meta name=\"twitter:image\" content=\"https:\/\/www.immobilienbusiness.ch\/wp-content\/uploads\/2018\/02\/Laax_airview.jpg\" \/>\n<script type=\"application\/ld+json\" class=\"yoast-schema-graph\">{\"@context\":\"https:\\\/\\\/schema.org\",\"@graph\":[{\"@type\":\"Article\",\"@id\":\"https:\\\/\\\/www.immobilienbusiness.ch\\\/de\\\/regionen\\\/2019-04-03\\\/laax-baustart-fuer-wellnesshostel\\\/#article\",\"isPartOf\":{\"@id\":\"https:\\\/\\\/www.immobilienbusiness.ch\\\/de\\\/regionen\\\/2019-04-03\\\/laax-baustart-fuer-wellnesshostel\\\/\"},\"author\":{\"name\":\"anja.hall\",\"@id\":\"https:\\\/\\\/www.immobilienbusiness.ch\\\/#\\\/schema\\\/person\\\/3fc036297b10b9f42d6db5ee932af8c8\"},\"headline\":\"Laax: Baustart f\u00fcr Wellnesshostel\",\"datePublished\":\"2019-04-03T05:40:28+00:00\",\"mainEntityOfPage\":{\"@id\":\"https:\\\/\\\/www.immobilienbusiness.ch\\\/de\\\/regionen\\\/2019-04-03\\\/laax-baustart-fuer-wellnesshostel\\\/\"},\"wordCount\":196,\"publisher\":{\"@id\":\"https:\\\/\\\/www.immobilienbusiness.ch\\\/#organization\"},\"image\":{\"@id\":\"https:\\\/\\\/www.immobilienbusiness.ch\\\/de\\\/regionen\\\/2019-04-03\\\/laax-baustart-fuer-wellnesshostel\\\/#primaryimage\"},\"thumbnailUrl\":\"https:\\\/\\\/www.immobilienbusiness.ch\\\/wp-content\\\/uploads\\\/2018\\\/02\\\/Laax_airview.jpg\",\"keywords\":[\"Baubeginn\",\"Graub\u00fcnden\",\"Hotel\",\"Ostschweiz\"],\"articleSection\":[\"REGIONEN\"],\"inLanguage\":\"it-IT\"},{\"@type\":\"WebPage\",\"@id\":\"https:\\\/\\\/www.immobilienbusiness.ch\\\/de\\\/regionen\\\/2019-04-03\\\/laax-baustart-fuer-wellnesshostel\\\/\",\"url\":\"https:\\\/\\\/www.immobilienbusiness.ch\\\/de\\\/regionen\\\/2019-04-03\\\/laax-baustart-fuer-wellnesshostel\\\/\",\"name\":\"Laax: Baustart f\u00fcr Wellnesshostel - IMMOBILIEN Business\",\"isPartOf\":{\"@id\":\"https:\\\/\\\/www.immobilienbusiness.ch\\\/#website\"},\"primaryImageOfPage\":{\"@id\":\"https:\\\/\\\/www.immobilienbusiness.ch\\\/de\\\/regionen\\\/2019-04-03\\\/laax-baustart-fuer-wellnesshostel\\\/#primaryimage\"},\"image\":{\"@id\":\"https:\\\/\\\/www.immobilienbusiness.ch\\\/de\\\/regionen\\\/2019-04-03\\\/laax-baustart-fuer-wellnesshostel\\\/#primaryimage\"},\"thumbnailUrl\":\"https:\\\/\\\/www.immobilienbusiness.ch\\\/wp-content\\\/uploads\\\/2018\\\/02\\\/Laax_airview.jpg\",\"datePublished\":\"2019-04-03T05:40:28+00:00\",\"description\":\"In Laax hat der Bau des \u00abwellnessHostel3000 & Aua Grava\u00bb nun begonnen.\",\"breadcrumb\":{\"@id\":\"https:\\\/\\\/www.immobilienbusiness.ch\\\/de\\\/regionen\\\/2019-04-03\\\/laax-baustart-fuer-wellnesshostel\\\/#breadcrumb\"},\"inLanguage\":\"it-IT\",\"potentialAction\":[{\"@type\":\"ReadAction\",\"target\":[\"https:\\\/\\\/www.immobilienbusiness.ch\\\/de\\\/regionen\\\/2019-04-03\\\/laax-baustart-fuer-wellnesshostel\\\/\"]}]},{\"@type\":\"ImageObject\",\"inLanguage\":\"it-IT\",\"@id\":\"https:\\\/\\\/www.immobilienbusiness.ch\\\/de\\\/regionen\\\/2019-04-03\\\/laax-baustart-fuer-wellnesshostel\\\/#primaryimage\",\"url\":\"https:\\\/\\\/www.immobilienbusiness.ch\\\/wp-content\\\/uploads\\\/2018\\\/02\\\/Laax_airview.jpg\",\"contentUrl\":\"https:\\\/\\\/www.immobilienbusiness.ch\\\/wp-content\\\/uploads\\\/2018\\\/02\\\/Laax_airview.jpg\",\"width\":2560,\"height\":1707},{\"@type\":\"BreadcrumbList\",\"@id\":\"https:\\\/\\\/www.immobilienbusiness.ch\\\/de\\\/regionen\\\/2019-04-03\\\/laax-baustart-fuer-wellnesshostel\\\/#breadcrumb\",\"itemListElement\":[{\"@type\":\"ListItem\",\"position\":1,\"name\":\"Home\",\"item\":\"https:\\\/\\\/www.immobilienbusiness.ch\\\/\"},{\"@type\":\"ListItem\",\"position\":2,\"name\":\"Laax: Baustart f\u00fcr Wellnesshostel\"}]},{\"@type\":\"WebSite\",\"@id\":\"https:\\\/\\\/www.immobilienbusiness.ch\\\/#website\",\"url\":\"https:\\\/\\\/www.immobilienbusiness.ch\\\/\",\"name\":\"IMMOBILIEN Business\",\"description\":\"Unabh\u00e4ngiges Schweizer Wirtschaftsmagazin mit Fokus auf Immobilien, Architektur- und Bau sowie Investment- und Finanzierung.\",\"publisher\":{\"@id\":\"https:\\\/\\\/www.immobilienbusiness.ch\\\/#organization\"},\"potentialAction\":[{\"@type\":\"SearchAction\",\"target\":{\"@type\":\"EntryPoint\",\"urlTemplate\":\"https:\\\/\\\/www.immobilienbusiness.ch\\\/?s={search_term_string}\"},\"query-input\":{\"@type\":\"PropertyValueSpecification\",\"valueRequired\":true,\"valueName\":\"search_term_string\"}}],\"inLanguage\":\"it-IT\"},{\"@type\":\"Organization\",\"@id\":\"https:\\\/\\\/www.immobilienbusiness.ch\\\/#organization\",\"name\":\"IMMOBILIEN Business\",\"url\":\"https:\\\/\\\/www.immobilienbusiness.ch\\\/\",\"logo\":{\"@type\":\"ImageObject\",\"inLanguage\":\"it-IT\",\"@id\":\"https:\\\/\\\/www.immobilienbusiness.ch\\\/#\\\/schema\\\/logo\\\/image\\\/\",\"url\":\"https:\\\/\\\/www.immobilienbusiness.ch\\\/wp-content\\\/uploads\\\/2021\\\/07\\\/logo_ib.png\",\"contentUrl\":\"https:\\\/\\\/www.immobilienbusiness.ch\\\/wp-content\\\/uploads\\\/2021\\\/07\\\/logo_ib.png\",\"width\":800,\"height\":181,\"caption\":\"IMMOBILIEN Business\"},\"image\":{\"@id\":\"https:\\\/\\\/www.immobilienbusiness.ch\\\/#\\\/schema\\\/logo\\\/image\\\/\"},\"sameAs\":[\"https:\\\/\\\/www.facebook.com\\\/immobilienbusiness\\\/\"]},{\"@type\":\"Person\",\"@id\":\"https:\\\/\\\/www.immobilienbusiness.ch\\\/#\\\/schema\\\/person\\\/3fc036297b10b9f42d6db5ee932af8c8\",\"name\":\"anja.hall\",\"image\":{\"@type\":\"ImageObject\",\"inLanguage\":\"it-IT\",\"@id\":\"https:\\\/\\\/secure.gravatar.com\\\/avatar\\\/066b5a0d447013502c71a5782f4f3469f03cfe595cc2329fb94652fe47511bfb?s=96&d=mm&r=g\",\"url\":\"https:\\\/\\\/secure.gravatar.com\\\/avatar\\\/066b5a0d447013502c71a5782f4f3469f03cfe595cc2329fb94652fe47511bfb?s=96&d=mm&r=g\",\"contentUrl\":\"https:\\\/\\\/secure.gravatar.com\\\/avatar\\\/066b5a0d447013502c71a5782f4f3469f03cfe595cc2329fb94652fe47511bfb?s=96&d=mm&r=g\",\"caption\":\"anja.hall\"},\"url\":\"https:\\\/\\\/www.immobilienbusiness.ch\\\/it\\\/author\\\/anja-hall\\\/\"}]}<\/script>\n<!-- \/ Yoast SEO plugin. -->","yoast_head_json":{"title":"Laax: Baustart f\u00fcr Wellnesshostel - IMMOBILIEN Business","description":"In Laax hat der Bau des \u00abwellnessHostel3000 & Aua Grava\u00bb nun begonnen.","robots":{"index":"index","follow":"follow","max-snippet":"max-snippet:-1","max-image-preview":"max-image-preview:large","max-video-preview":"max-video-preview:-1"},"canonical":"https:\/\/www.immobilienbusiness.ch\/it\/regionen\/2019-04-03\/laax-baustart-fuer-wellnesshostel\/","og_locale":"it_IT","og_type":"article","og_title":"Laax: Baustart f\u00fcr Wellnesshostel - IMMOBILIEN Business","og_description":"In Laax hat der Bau des \u00abwellnessHostel3000 & Aua Grava\u00bb nun begonnen.","og_url":"https:\/\/www.immobilienbusiness.ch\/it\/regionen\/2019-04-03\/laax-baustart-fuer-wellnesshostel\/","og_site_name":"IMMOBILIEN Business","article_publisher":"https:\/\/www.facebook.com\/immobilienbusiness\/","article_published_time":"2019-04-03T05:40:28+00:00","og_image":[{"width":1024,"height":683,"url":"https:\/\/www.immobilienbusiness.ch\/wp-content\/uploads\/2018\/02\/Laax_airview-1024x683.jpg","type":"image\/jpeg"}],"author":"anja.hall","twitter_card":"summary_large_image","twitter_image":"https:\/\/www.immobilienbusiness.ch\/wp-content\/uploads\/2018\/02\/Laax_airview.jpg","schema":{"@context":"https:\/\/schema.org","@graph":[{"@type":"Article","@id":"https:\/\/www.immobilienbusiness.ch\/de\/regionen\/2019-04-03\/laax-baustart-fuer-wellnesshostel\/#article","isPartOf":{"@id":"https:\/\/www.immobilienbusiness.ch\/de\/regionen\/2019-04-03\/laax-baustart-fuer-wellnesshostel\/"},"author":{"name":"anja.hall","@id":"https:\/\/www.immobilienbusiness.ch\/#\/schema\/person\/3fc036297b10b9f42d6db5ee932af8c8"},"headline":"Laax: Baustart f\u00fcr Wellnesshostel","datePublished":"2019-04-03T05:40:28+00:00","mainEntityOfPage":{"@id":"https:\/\/www.immobilienbusiness.ch\/de\/regionen\/2019-04-03\/laax-baustart-fuer-wellnesshostel\/"},"wordCount":196,"publisher":{"@id":"https:\/\/www.immobilienbusiness.ch\/#organization"},"image":{"@id":"https:\/\/www.immobilienbusiness.ch\/de\/regionen\/2019-04-03\/laax-baustart-fuer-wellnesshostel\/#primaryimage"},"thumbnailUrl":"https:\/\/www.immobilienbusiness.ch\/wp-content\/uploads\/2018\/02\/Laax_airview.jpg","keywords":["Baubeginn","Graub\u00fcnden","Hotel","Ostschweiz"],"articleSection":["REGIONEN"],"inLanguage":"it-IT"},{"@type":"WebPage","@id":"https:\/\/www.immobilienbusiness.ch\/de\/regionen\/2019-04-03\/laax-baustart-fuer-wellnesshostel\/","url":"https:\/\/www.immobilienbusiness.ch\/de\/regionen\/2019-04-03\/laax-baustart-fuer-wellnesshostel\/","name":"Laax: Baustart f\u00fcr Wellnesshostel - IMMOBILIEN Business","isPartOf":{"@id":"https:\/\/www.immobilienbusiness.ch\/#website"},"primaryImageOfPage":{"@id":"https:\/\/www.immobilienbusiness.ch\/de\/regionen\/2019-04-03\/laax-baustart-fuer-wellnesshostel\/#primaryimage"},"image":{"@id":"https:\/\/www.immobilienbusiness.ch\/de\/regionen\/2019-04-03\/laax-baustart-fuer-wellnesshostel\/#primaryimage"},"thumbnailUrl":"https:\/\/www.immobilienbusiness.ch\/wp-content\/uploads\/2018\/02\/Laax_airview.jpg","datePublished":"2019-04-03T05:40:28+00:00","description":"In Laax hat der Bau des \u00abwellnessHostel3000 & Aua Grava\u00bb nun begonnen.","breadcrumb":{"@id":"https:\/\/www.immobilienbusiness.ch\/de\/regionen\/2019-04-03\/laax-baustart-fuer-wellnesshostel\/#breadcrumb"},"inLanguage":"it-IT","potentialAction":[{"@type":"ReadAction","target":["https:\/\/www.immobilienbusiness.ch\/de\/regionen\/2019-04-03\/laax-baustart-fuer-wellnesshostel\/"]}]},{"@type":"ImageObject","inLanguage":"it-IT","@id":"https:\/\/www.immobilienbusiness.ch\/de\/regionen\/2019-04-03\/laax-baustart-fuer-wellnesshostel\/#primaryimage","url":"https:\/\/www.immobilienbusiness.ch\/wp-content\/uploads\/2018\/02\/Laax_airview.jpg","contentUrl":"https:\/\/www.immobilienbusiness.ch\/wp-content\/uploads\/2018\/02\/Laax_airview.jpg","width":2560,"height":1707},{"@type":"BreadcrumbList","@id":"https:\/\/www.immobilienbusiness.ch\/de\/regionen\/2019-04-03\/laax-baustart-fuer-wellnesshostel\/#breadcrumb","itemListElement":[{"@type":"ListItem","position":1,"name":"Home","item":"https:\/\/www.immobilienbusiness.ch\/"},{"@type":"ListItem","position":2,"name":"Laax: Baustart f\u00fcr Wellnesshostel"}]},{"@type":"WebSite","@id":"https:\/\/www.immobilienbusiness.ch\/#website","url":"https:\/\/www.immobilienbusiness.ch\/","name":"Affari immobiliari","description":"Rivista economica indipendente svizzera che si concentra sul settore immobiliare, l'architettura e la costruzione, nonch\u00e9 sugli investimenti e i finanziamenti.","publisher":{"@id":"https:\/\/www.immobilienbusiness.ch\/#organization"},"potentialAction":[{"@type":"SearchAction","target":{"@type":"EntryPoint","urlTemplate":"https:\/\/www.immobilienbusiness.ch\/?s={search_term_string}"},"query-input":{"@type":"PropertyValueSpecification","valueRequired":true,"valueName":"search_term_string"}}],"inLanguage":"it-IT"},{"@type":"Organization","@id":"https:\/\/www.immobilienbusiness.ch\/#organization","name":"Affari immobiliari","url":"https:\/\/www.immobilienbusiness.ch\/","logo":{"@type":"ImageObject","inLanguage":"it-IT","@id":"https:\/\/www.immobilienbusiness.ch\/#\/schema\/logo\/image\/","url":"https:\/\/www.immobilienbusiness.ch\/wp-content\/uploads\/2021\/07\/logo_ib.png","contentUrl":"https:\/\/www.immobilienbusiness.ch\/wp-content\/uploads\/2021\/07\/logo_ib.png","width":800,"height":181,"caption":"IMMOBILIEN Business"},"image":{"@id":"https:\/\/www.immobilienbusiness.ch\/#\/schema\/logo\/image\/"},"sameAs":["https:\/\/www.facebook.com\/immobilienbusiness\/"]},{"@type":"Person","@id":"https:\/\/www.immobilienbusiness.ch\/#\/schema\/person\/3fc036297b10b9f42d6db5ee932af8c8","name":"anja.hall","image":{"@type":"ImageObject","inLanguage":"it-IT","@id":"https:\/\/secure.gravatar.com\/avatar\/066b5a0d447013502c71a5782f4f3469f03cfe595cc2329fb94652fe47511bfb?s=96&d=mm&r=g","url":"https:\/\/secure.gravatar.com\/avatar\/066b5a0d447013502c71a5782f4f3469f03cfe595cc2329fb94652fe47511bfb?s=96&d=mm&r=g","contentUrl":"https:\/\/secure.gravatar.com\/avatar\/066b5a0d447013502c71a5782f4f3469f03cfe595cc2329fb94652fe47511bfb?s=96&d=mm&r=g","caption":"anja.hall"},"url":"https:\/\/www.immobilienbusiness.ch\/it\/author\/anja-hall\/"}]}},"_links":{"self":[{"href":"https:\/\/www.immobilienbusiness.ch\/it\/wp-json\/wp\/v2\/posts\/16506","targetHints":{"allow":["GET"]}}],"collection":[{"href":"https:\/\/www.immobilienbusiness.ch\/it\/wp-json\/wp\/v2\/posts"}],"about":[{"href":"https:\/\/www.immobilienbusiness.ch\/it\/wp-json\/wp\/v2\/types\/post"}],"author":[{"embeddable":true,"href":"https:\/\/www.immobilienbusiness.ch\/it\/wp-json\/wp\/v2\/users\/3"}],"replies":[{"embeddable":true,"href":"https:\/\/www.immobilienbusiness.ch\/it\/wp-json\/wp\/v2\/comments?post=16506"}],"version-history":[{"count":0,"href":"https:\/\/www.immobilienbusiness.ch\/it\/wp-json\/wp\/v2\/posts\/16506\/revisions"}],"wp:featuredmedia":[{"embeddable":true,"href":"https:\/\/www.immobilienbusiness.ch\/it\/wp-json\/wp\/v2\/media\/11375"}],"wp:attachment":[{"href":"https:\/\/www.immobilienbusiness.ch\/it\/wp-json\/wp\/v2\/media?parent=16506"}],"wp:term":[{"taxonomy":"category","embeddable":true,"href":"https:\/\/www.immobilienbusiness.ch\/it\/wp-json\/wp\/v2\/categories?post=16506"},{"taxonomy":"post_tag","embeddable":true,"href":"https:\/\/www.immobilienbusiness.ch\/it\/wp-json\/wp\/v2\/tags?post=16506"}],"curies":[{"name":"wp","href":"https:\/\/api.w.org\/{rel}","templated":true}]}}