{"id":16470,"date":"2019-03-29T08:27:20","date_gmt":"2019-03-29T07:27:20","guid":{"rendered":"https:\/\/www.immobilienbusiness.ch\/?p=16470"},"modified":"2019-03-29T08:27:20","modified_gmt":"2019-03-29T07:27:20","slug":"baar-baustart-fuer-zweite-etappe-des-quadrolith","status":"publish","type":"post","link":"https:\/\/www.immobilienbusiness.ch\/it\/regionen\/2019-03-29\/baar-baustart-fuer-zweite-etappe-des-quadrolith\/","title":{"rendered":"Baar: inizio della costruzione della seconda fase di Quadrolith"},"content":{"rendered":"<figure id=\"attachment_16471\" aria-describedby=\"caption-attachment-16471\" style=\"width: 680px\" class=\"wp-caption alignnone\"><img loading=\"lazy\" decoding=\"async\" class=\"size-medium wp-image-16471\" src=\"https:\/\/www.immobilienbusiness.ch\/wp-content\/uploads\/2019\/03\/Visualisierung-Quadrolith-2.-Etappe.jpg\" alt=\"\" width=\"680\" height=\"425\" srcset=\"https:\/\/www.immobilienbusiness.ch\/wp-content\/uploads\/2019\/03\/Visualisierung-Quadrolith-2.-Etappe.jpg 1788w, https:\/\/www.immobilienbusiness.ch\/wp-content\/uploads\/2019\/03\/Visualisierung-Quadrolith-2.-Etappe-300x188.jpg 300w, https:\/\/www.immobilienbusiness.ch\/wp-content\/uploads\/2019\/03\/Visualisierung-Quadrolith-2.-Etappe-1024x640.jpg 1024w, https:\/\/www.immobilienbusiness.ch\/wp-content\/uploads\/2019\/03\/Visualisierung-Quadrolith-2.-Etappe-768x480.jpg 768w, https:\/\/www.immobilienbusiness.ch\/wp-content\/uploads\/2019\/03\/Visualisierung-Quadrolith-2.-Etappe-1536x960.jpg 1536w, https:\/\/www.immobilienbusiness.ch\/wp-content\/uploads\/2019\/03\/Visualisierung-Quadrolith-2.-Etappe-16x10.jpg 16w, https:\/\/www.immobilienbusiness.ch\/wp-content\/uploads\/2019\/03\/Visualisierung-Quadrolith-2.-Etappe-280x175.jpg 280w, https:\/\/www.immobilienbusiness.ch\/wp-content\/uploads\/2019\/03\/Visualisierung-Quadrolith-2.-Etappe-560x350.jpg 560w, https:\/\/www.immobilienbusiness.ch\/wp-content\/uploads\/2019\/03\/Visualisierung-Quadrolith-2.-Etappe-1279x800.jpg 1279w, https:\/\/www.immobilienbusiness.ch\/wp-content\/uploads\/2019\/03\/Visualisierung-Quadrolith-2.-Etappe-920x575.jpg 920w, https:\/\/www.immobilienbusiness.ch\/wp-content\/uploads\/2019\/03\/Visualisierung-Quadrolith-2.-Etappe-1400x875.jpg 1400w\" sizes=\"auto, (max-width: 680px) 100vw, 680px\" \/><figcaption id=\"caption-attachment-16471\" class=\"wp-caption-text\">Inizio della costruzione della seconda fase del Quadrolito (visualizzazione: Alfred M\u00fcller AG)<\/figcaption><\/figure>\n<p>I lavori di costruzione del secondo edificio Quadrolith dureranno fino alla primavera del 2022, annuncia Alfred M\u00fcller AG. La commercializzazione del totale di 17.250 mq di spazio commerciale era gi\u00e0 iniziata nel dicembre 2018. Il nuovo edificio si trova nelle immediate vicinanze del raccordo autostradale Baar\/Zug, e la fermata del tram Neufeld \u00e8 a cinque minuti a piedi.<\/p>\n<p>Alfred M\u00fcller AG sta costruendo lo sviluppo Quadrolith a Baar e lo sviluppo Helix a Cham, investendo un totale di 300 milioni di CHF. \"Poich\u00e9 abbiamo raggiunto un buon livello di commercializzazione in entrambe le sedi, ora vogliamo avviare la seconda fase a Quadrolith\", dice il presidente del consiglio di amministrazione Christoph M\u00fcller.<\/p>\n<p>Nella prima fase, Biogen International, AstraZeneca Svizzera e l'Asset Management<br \/>\nPartners AG ha preso in affitto l'edificio. AMAG e Landis+Gyr si trasferiranno nell'edificio commerciale Helix. <em>(ah)<\/em><\/p>","protected":false},"excerpt":{"rendered":"<p>Alfred M\u00fcller AG inizier\u00e0 i lavori di costruzione della seconda fase dello sviluppo commerciale Quadrolith a Baar il 1\u00b0 aprile.<\/p>","protected":false},"author":3,"featured_media":16471,"comment_status":"closed","ping_status":"open","sticky":false,"template":"","format":"standard","meta":{"_acf_changed":false,"_yoast_wpseo_focuskw":"Quadrolith","_yoast_wpseo_title":"","_yoast_wpseo_metadesc":"Die Alfred M\u00fcller AG wird am 1. April mit den Bauarbeiten f\u00fcr die zweite Etappe der Gewerbe\u00fcberbauung Quadrolith in Baar beginnen.","_yoast_wpseo_linkdex":51,"pgc_sgb_lightbox_settings":"","footnotes":""},"categories":[985],"tags":[1011,1119,1409,1599],"class_list":["post-16470","post","type-post","status-publish","format-standard","has-post-thumbnail","hentry","category-regionen","tag-alfred-mueller-ag","tag-bueroimmobilien","tag-kanton-zug","tag-projekt-in-bau"],"acf":[],"yoast_head":"<!-- This site is optimized with the Yoast SEO plugin v27.4 - https:\/\/yoast.com\/product\/yoast-seo-wordpress\/ -->\n<title>Baar: Baustart f\u00fcr zweite Etappe des Quadrolith - IMMOBILIEN Business<\/title>\n<meta name=\"description\" content=\"Die Alfred M\u00fcller AG wird am 1. April mit den Bauarbeiten f\u00fcr die zweite Etappe der Gewerbe\u00fcberbauung Quadrolith in Baar beginnen.\" \/>\n<meta name=\"robots\" content=\"index, follow, max-snippet:-1, max-image-preview:large, max-video-preview:-1\" \/>\n<link rel=\"canonical\" href=\"https:\/\/www.immobilienbusiness.ch\/it\/regionen\/2019-03-29\/baar-baustart-fuer-zweite-etappe-des-quadrolith\/\" \/>\n<meta property=\"og:locale\" content=\"it_IT\" \/>\n<meta property=\"og:type\" content=\"article\" \/>\n<meta property=\"og:title\" content=\"Baar: Baustart f\u00fcr zweite Etappe des Quadrolith - IMMOBILIEN Business\" \/>\n<meta property=\"og:description\" content=\"Die Alfred M\u00fcller AG wird am 1. April mit den Bauarbeiten f\u00fcr die zweite Etappe der Gewerbe\u00fcberbauung Quadrolith in Baar beginnen.\" \/>\n<meta property=\"og:url\" content=\"https:\/\/www.immobilienbusiness.ch\/it\/regionen\/2019-03-29\/baar-baustart-fuer-zweite-etappe-des-quadrolith\/\" \/>\n<meta property=\"og:site_name\" content=\"IMMOBILIEN Business\" \/>\n<meta property=\"article:publisher\" content=\"https:\/\/www.facebook.com\/immobilienbusiness\/\" \/>\n<meta property=\"article:published_time\" content=\"2019-03-29T07:27:20+00:00\" \/>\n<meta property=\"og:image\" content=\"https:\/\/www.immobilienbusiness.ch\/wp-content\/uploads\/2019\/03\/Visualisierung-Quadrolith-2.-Etappe-1024x640.jpg\" \/>\n\t<meta property=\"og:image:width\" content=\"1024\" \/>\n\t<meta property=\"og:image:height\" content=\"640\" \/>\n\t<meta property=\"og:image:type\" content=\"image\/jpeg\" \/>\n<meta name=\"author\" content=\"anja.hall\" \/>\n<meta name=\"twitter:card\" content=\"summary_large_image\" \/>\n<meta name=\"twitter:image\" content=\"https:\/\/www.immobilienbusiness.ch\/wp-content\/uploads\/2019\/03\/Visualisierung-Quadrolith-2.-Etappe.jpg\" \/>\n<script type=\"application\/ld+json\" class=\"yoast-schema-graph\">{\"@context\":\"https:\\\/\\\/schema.org\",\"@graph\":[{\"@type\":\"Article\",\"@id\":\"https:\\\/\\\/www.immobilienbusiness.ch\\\/de\\\/regionen\\\/2019-03-29\\\/baar-baustart-fuer-zweite-etappe-des-quadrolith\\\/#article\",\"isPartOf\":{\"@id\":\"https:\\\/\\\/www.immobilienbusiness.ch\\\/de\\\/regionen\\\/2019-03-29\\\/baar-baustart-fuer-zweite-etappe-des-quadrolith\\\/\"},\"author\":{\"name\":\"anja.hall\",\"@id\":\"https:\\\/\\\/www.immobilienbusiness.ch\\\/#\\\/schema\\\/person\\\/3fc036297b10b9f42d6db5ee932af8c8\"},\"headline\":\"Baar: Baustart f\u00fcr zweite Etappe des Quadrolith\",\"datePublished\":\"2019-03-29T07:27:20+00:00\",\"mainEntityOfPage\":{\"@id\":\"https:\\\/\\\/www.immobilienbusiness.ch\\\/de\\\/regionen\\\/2019-03-29\\\/baar-baustart-fuer-zweite-etappe-des-quadrolith\\\/\"},\"wordCount\":159,\"publisher\":{\"@id\":\"https:\\\/\\\/www.immobilienbusiness.ch\\\/#organization\"},\"image\":{\"@id\":\"https:\\\/\\\/www.immobilienbusiness.ch\\\/de\\\/regionen\\\/2019-03-29\\\/baar-baustart-fuer-zweite-etappe-des-quadrolith\\\/#primaryimage\"},\"thumbnailUrl\":\"https:\\\/\\\/www.immobilienbusiness.ch\\\/wp-content\\\/uploads\\\/2019\\\/03\\\/Visualisierung-Quadrolith-2.-Etappe.jpg\",\"keywords\":[\"Alfred M\u00fcller AG\",\"B\u00fcroimmobilien\",\"Kanton Zug\",\"Projekt in Bau\"],\"articleSection\":[\"REGIONEN\"],\"inLanguage\":\"it-IT\"},{\"@type\":\"WebPage\",\"@id\":\"https:\\\/\\\/www.immobilienbusiness.ch\\\/de\\\/regionen\\\/2019-03-29\\\/baar-baustart-fuer-zweite-etappe-des-quadrolith\\\/\",\"url\":\"https:\\\/\\\/www.immobilienbusiness.ch\\\/de\\\/regionen\\\/2019-03-29\\\/baar-baustart-fuer-zweite-etappe-des-quadrolith\\\/\",\"name\":\"Baar: Baustart f\u00fcr zweite Etappe des Quadrolith - IMMOBILIEN Business\",\"isPartOf\":{\"@id\":\"https:\\\/\\\/www.immobilienbusiness.ch\\\/#website\"},\"primaryImageOfPage\":{\"@id\":\"https:\\\/\\\/www.immobilienbusiness.ch\\\/de\\\/regionen\\\/2019-03-29\\\/baar-baustart-fuer-zweite-etappe-des-quadrolith\\\/#primaryimage\"},\"image\":{\"@id\":\"https:\\\/\\\/www.immobilienbusiness.ch\\\/de\\\/regionen\\\/2019-03-29\\\/baar-baustart-fuer-zweite-etappe-des-quadrolith\\\/#primaryimage\"},\"thumbnailUrl\":\"https:\\\/\\\/www.immobilienbusiness.ch\\\/wp-content\\\/uploads\\\/2019\\\/03\\\/Visualisierung-Quadrolith-2.-Etappe.jpg\",\"datePublished\":\"2019-03-29T07:27:20+00:00\",\"description\":\"Die Alfred M\u00fcller AG wird am 1. April mit den Bauarbeiten f\u00fcr die zweite Etappe der Gewerbe\u00fcberbauung Quadrolith in Baar beginnen.\",\"breadcrumb\":{\"@id\":\"https:\\\/\\\/www.immobilienbusiness.ch\\\/de\\\/regionen\\\/2019-03-29\\\/baar-baustart-fuer-zweite-etappe-des-quadrolith\\\/#breadcrumb\"},\"inLanguage\":\"it-IT\",\"potentialAction\":[{\"@type\":\"ReadAction\",\"target\":[\"https:\\\/\\\/www.immobilienbusiness.ch\\\/de\\\/regionen\\\/2019-03-29\\\/baar-baustart-fuer-zweite-etappe-des-quadrolith\\\/\"]}]},{\"@type\":\"ImageObject\",\"inLanguage\":\"it-IT\",\"@id\":\"https:\\\/\\\/www.immobilienbusiness.ch\\\/de\\\/regionen\\\/2019-03-29\\\/baar-baustart-fuer-zweite-etappe-des-quadrolith\\\/#primaryimage\",\"url\":\"https:\\\/\\\/www.immobilienbusiness.ch\\\/wp-content\\\/uploads\\\/2019\\\/03\\\/Visualisierung-Quadrolith-2.-Etappe.jpg\",\"contentUrl\":\"https:\\\/\\\/www.immobilienbusiness.ch\\\/wp-content\\\/uploads\\\/2019\\\/03\\\/Visualisierung-Quadrolith-2.-Etappe.jpg\",\"width\":1788,\"height\":1118,\"caption\":\"Visualisierung Quadrolith 2. Etappe\"},{\"@type\":\"BreadcrumbList\",\"@id\":\"https:\\\/\\\/www.immobilienbusiness.ch\\\/de\\\/regionen\\\/2019-03-29\\\/baar-baustart-fuer-zweite-etappe-des-quadrolith\\\/#breadcrumb\",\"itemListElement\":[{\"@type\":\"ListItem\",\"position\":1,\"name\":\"Home\",\"item\":\"https:\\\/\\\/www.immobilienbusiness.ch\\\/\"},{\"@type\":\"ListItem\",\"position\":2,\"name\":\"Baar: Baustart f\u00fcr zweite Etappe des Quadrolith\"}]},{\"@type\":\"WebSite\",\"@id\":\"https:\\\/\\\/www.immobilienbusiness.ch\\\/#website\",\"url\":\"https:\\\/\\\/www.immobilienbusiness.ch\\\/\",\"name\":\"IMMOBILIEN Business\",\"description\":\"Unabh\u00e4ngiges Schweizer Wirtschaftsmagazin mit Fokus auf Immobilien, Architektur- und Bau sowie Investment- und Finanzierung.\",\"publisher\":{\"@id\":\"https:\\\/\\\/www.immobilienbusiness.ch\\\/#organization\"},\"potentialAction\":[{\"@type\":\"SearchAction\",\"target\":{\"@type\":\"EntryPoint\",\"urlTemplate\":\"https:\\\/\\\/www.immobilienbusiness.ch\\\/?s={search_term_string}\"},\"query-input\":{\"@type\":\"PropertyValueSpecification\",\"valueRequired\":true,\"valueName\":\"search_term_string\"}}],\"inLanguage\":\"it-IT\"},{\"@type\":\"Organization\",\"@id\":\"https:\\\/\\\/www.immobilienbusiness.ch\\\/#organization\",\"name\":\"IMMOBILIEN Business\",\"url\":\"https:\\\/\\\/www.immobilienbusiness.ch\\\/\",\"logo\":{\"@type\":\"ImageObject\",\"inLanguage\":\"it-IT\",\"@id\":\"https:\\\/\\\/www.immobilienbusiness.ch\\\/#\\\/schema\\\/logo\\\/image\\\/\",\"url\":\"https:\\\/\\\/www.immobilienbusiness.ch\\\/wp-content\\\/uploads\\\/2021\\\/07\\\/logo_ib.png\",\"contentUrl\":\"https:\\\/\\\/www.immobilienbusiness.ch\\\/wp-content\\\/uploads\\\/2021\\\/07\\\/logo_ib.png\",\"width\":800,\"height\":181,\"caption\":\"IMMOBILIEN Business\"},\"image\":{\"@id\":\"https:\\\/\\\/www.immobilienbusiness.ch\\\/#\\\/schema\\\/logo\\\/image\\\/\"},\"sameAs\":[\"https:\\\/\\\/www.facebook.com\\\/immobilienbusiness\\\/\"]},{\"@type\":\"Person\",\"@id\":\"https:\\\/\\\/www.immobilienbusiness.ch\\\/#\\\/schema\\\/person\\\/3fc036297b10b9f42d6db5ee932af8c8\",\"name\":\"anja.hall\",\"image\":{\"@type\":\"ImageObject\",\"inLanguage\":\"it-IT\",\"@id\":\"https:\\\/\\\/secure.gravatar.com\\\/avatar\\\/066b5a0d447013502c71a5782f4f3469f03cfe595cc2329fb94652fe47511bfb?s=96&d=mm&r=g\",\"url\":\"https:\\\/\\\/secure.gravatar.com\\\/avatar\\\/066b5a0d447013502c71a5782f4f3469f03cfe595cc2329fb94652fe47511bfb?s=96&d=mm&r=g\",\"contentUrl\":\"https:\\\/\\\/secure.gravatar.com\\\/avatar\\\/066b5a0d447013502c71a5782f4f3469f03cfe595cc2329fb94652fe47511bfb?s=96&d=mm&r=g\",\"caption\":\"anja.hall\"},\"url\":\"https:\\\/\\\/www.immobilienbusiness.ch\\\/it\\\/author\\\/anja-hall\\\/\"}]}<\/script>\n<!-- \/ Yoast SEO plugin. -->","yoast_head_json":{"title":"Baar: inizia la costruzione della seconda fase di Quadrolith - IMMOBILIEN Business","description":"Alfred M\u00fcller AG inizier\u00e0 i lavori di costruzione della seconda fase dello sviluppo commerciale Quadrolith a Baar il 1\u00b0 aprile.","robots":{"index":"index","follow":"follow","max-snippet":"max-snippet:-1","max-image-preview":"max-image-preview:large","max-video-preview":"max-video-preview:-1"},"canonical":"https:\/\/www.immobilienbusiness.ch\/it\/regionen\/2019-03-29\/baar-baustart-fuer-zweite-etappe-des-quadrolith\/","og_locale":"it_IT","og_type":"article","og_title":"Baar: Baustart f\u00fcr zweite Etappe des Quadrolith - IMMOBILIEN Business","og_description":"Die Alfred M\u00fcller AG wird am 1. April mit den Bauarbeiten f\u00fcr die zweite Etappe der Gewerbe\u00fcberbauung Quadrolith in Baar beginnen.","og_url":"https:\/\/www.immobilienbusiness.ch\/it\/regionen\/2019-03-29\/baar-baustart-fuer-zweite-etappe-des-quadrolith\/","og_site_name":"IMMOBILIEN Business","article_publisher":"https:\/\/www.facebook.com\/immobilienbusiness\/","article_published_time":"2019-03-29T07:27:20+00:00","og_image":[{"width":1024,"height":640,"url":"https:\/\/www.immobilienbusiness.ch\/wp-content\/uploads\/2019\/03\/Visualisierung-Quadrolith-2.-Etappe-1024x640.jpg","type":"image\/jpeg"}],"author":"anja.hall","twitter_card":"summary_large_image","twitter_image":"https:\/\/www.immobilienbusiness.ch\/wp-content\/uploads\/2019\/03\/Visualisierung-Quadrolith-2.-Etappe.jpg","schema":{"@context":"https:\/\/schema.org","@graph":[{"@type":"Article","@id":"https:\/\/www.immobilienbusiness.ch\/de\/regionen\/2019-03-29\/baar-baustart-fuer-zweite-etappe-des-quadrolith\/#article","isPartOf":{"@id":"https:\/\/www.immobilienbusiness.ch\/de\/regionen\/2019-03-29\/baar-baustart-fuer-zweite-etappe-des-quadrolith\/"},"author":{"name":"anja.hall","@id":"https:\/\/www.immobilienbusiness.ch\/#\/schema\/person\/3fc036297b10b9f42d6db5ee932af8c8"},"headline":"Baar: Baustart f\u00fcr zweite Etappe des Quadrolith","datePublished":"2019-03-29T07:27:20+00:00","mainEntityOfPage":{"@id":"https:\/\/www.immobilienbusiness.ch\/de\/regionen\/2019-03-29\/baar-baustart-fuer-zweite-etappe-des-quadrolith\/"},"wordCount":159,"publisher":{"@id":"https:\/\/www.immobilienbusiness.ch\/#organization"},"image":{"@id":"https:\/\/www.immobilienbusiness.ch\/de\/regionen\/2019-03-29\/baar-baustart-fuer-zweite-etappe-des-quadrolith\/#primaryimage"},"thumbnailUrl":"https:\/\/www.immobilienbusiness.ch\/wp-content\/uploads\/2019\/03\/Visualisierung-Quadrolith-2.-Etappe.jpg","keywords":["Alfred M\u00fcller AG","B\u00fcroimmobilien","Kanton Zug","Projekt in Bau"],"articleSection":["REGIONEN"],"inLanguage":"it-IT"},{"@type":"WebPage","@id":"https:\/\/www.immobilienbusiness.ch\/de\/regionen\/2019-03-29\/baar-baustart-fuer-zweite-etappe-des-quadrolith\/","url":"https:\/\/www.immobilienbusiness.ch\/de\/regionen\/2019-03-29\/baar-baustart-fuer-zweite-etappe-des-quadrolith\/","name":"Baar: inizia la costruzione della seconda fase di Quadrolith - IMMOBILIEN Business","isPartOf":{"@id":"https:\/\/www.immobilienbusiness.ch\/#website"},"primaryImageOfPage":{"@id":"https:\/\/www.immobilienbusiness.ch\/de\/regionen\/2019-03-29\/baar-baustart-fuer-zweite-etappe-des-quadrolith\/#primaryimage"},"image":{"@id":"https:\/\/www.immobilienbusiness.ch\/de\/regionen\/2019-03-29\/baar-baustart-fuer-zweite-etappe-des-quadrolith\/#primaryimage"},"thumbnailUrl":"https:\/\/www.immobilienbusiness.ch\/wp-content\/uploads\/2019\/03\/Visualisierung-Quadrolith-2.-Etappe.jpg","datePublished":"2019-03-29T07:27:20+00:00","description":"Alfred M\u00fcller AG inizier\u00e0 i lavori di costruzione della seconda fase dello sviluppo commerciale Quadrolith a Baar il 1\u00b0 aprile.","breadcrumb":{"@id":"https:\/\/www.immobilienbusiness.ch\/de\/regionen\/2019-03-29\/baar-baustart-fuer-zweite-etappe-des-quadrolith\/#breadcrumb"},"inLanguage":"it-IT","potentialAction":[{"@type":"ReadAction","target":["https:\/\/www.immobilienbusiness.ch\/de\/regionen\/2019-03-29\/baar-baustart-fuer-zweite-etappe-des-quadrolith\/"]}]},{"@type":"ImageObject","inLanguage":"it-IT","@id":"https:\/\/www.immobilienbusiness.ch\/de\/regionen\/2019-03-29\/baar-baustart-fuer-zweite-etappe-des-quadrolith\/#primaryimage","url":"https:\/\/www.immobilienbusiness.ch\/wp-content\/uploads\/2019\/03\/Visualisierung-Quadrolith-2.-Etappe.jpg","contentUrl":"https:\/\/www.immobilienbusiness.ch\/wp-content\/uploads\/2019\/03\/Visualisierung-Quadrolith-2.-Etappe.jpg","width":1788,"height":1118,"caption":"Visualisierung Quadrolith 2. Etappe"},{"@type":"BreadcrumbList","@id":"https:\/\/www.immobilienbusiness.ch\/de\/regionen\/2019-03-29\/baar-baustart-fuer-zweite-etappe-des-quadrolith\/#breadcrumb","itemListElement":[{"@type":"ListItem","position":1,"name":"Home","item":"https:\/\/www.immobilienbusiness.ch\/"},{"@type":"ListItem","position":2,"name":"Baar: Baustart f\u00fcr zweite Etappe des Quadrolith"}]},{"@type":"WebSite","@id":"https:\/\/www.immobilienbusiness.ch\/#website","url":"https:\/\/www.immobilienbusiness.ch\/","name":"Affari immobiliari","description":"Rivista economica indipendente svizzera che si concentra sul settore immobiliare, l'architettura e la costruzione, nonch\u00e9 sugli investimenti e i finanziamenti.","publisher":{"@id":"https:\/\/www.immobilienbusiness.ch\/#organization"},"potentialAction":[{"@type":"SearchAction","target":{"@type":"EntryPoint","urlTemplate":"https:\/\/www.immobilienbusiness.ch\/?s={search_term_string}"},"query-input":{"@type":"PropertyValueSpecification","valueRequired":true,"valueName":"search_term_string"}}],"inLanguage":"it-IT"},{"@type":"Organization","@id":"https:\/\/www.immobilienbusiness.ch\/#organization","name":"Affari immobiliari","url":"https:\/\/www.immobilienbusiness.ch\/","logo":{"@type":"ImageObject","inLanguage":"it-IT","@id":"https:\/\/www.immobilienbusiness.ch\/#\/schema\/logo\/image\/","url":"https:\/\/www.immobilienbusiness.ch\/wp-content\/uploads\/2021\/07\/logo_ib.png","contentUrl":"https:\/\/www.immobilienbusiness.ch\/wp-content\/uploads\/2021\/07\/logo_ib.png","width":800,"height":181,"caption":"IMMOBILIEN Business"},"image":{"@id":"https:\/\/www.immobilienbusiness.ch\/#\/schema\/logo\/image\/"},"sameAs":["https:\/\/www.facebook.com\/immobilienbusiness\/"]},{"@type":"Person","@id":"https:\/\/www.immobilienbusiness.ch\/#\/schema\/person\/3fc036297b10b9f42d6db5ee932af8c8","name":"anja.hall","image":{"@type":"ImageObject","inLanguage":"it-IT","@id":"https:\/\/secure.gravatar.com\/avatar\/066b5a0d447013502c71a5782f4f3469f03cfe595cc2329fb94652fe47511bfb?s=96&d=mm&r=g","url":"https:\/\/secure.gravatar.com\/avatar\/066b5a0d447013502c71a5782f4f3469f03cfe595cc2329fb94652fe47511bfb?s=96&d=mm&r=g","contentUrl":"https:\/\/secure.gravatar.com\/avatar\/066b5a0d447013502c71a5782f4f3469f03cfe595cc2329fb94652fe47511bfb?s=96&d=mm&r=g","caption":"anja.hall"},"url":"https:\/\/www.immobilienbusiness.ch\/it\/author\/anja-hall\/"}]}},"_links":{"self":[{"href":"https:\/\/www.immobilienbusiness.ch\/it\/wp-json\/wp\/v2\/posts\/16470","targetHints":{"allow":["GET"]}}],"collection":[{"href":"https:\/\/www.immobilienbusiness.ch\/it\/wp-json\/wp\/v2\/posts"}],"about":[{"href":"https:\/\/www.immobilienbusiness.ch\/it\/wp-json\/wp\/v2\/types\/post"}],"author":[{"embeddable":true,"href":"https:\/\/www.immobilienbusiness.ch\/it\/wp-json\/wp\/v2\/users\/3"}],"replies":[{"embeddable":true,"href":"https:\/\/www.immobilienbusiness.ch\/it\/wp-json\/wp\/v2\/comments?post=16470"}],"version-history":[{"count":0,"href":"https:\/\/www.immobilienbusiness.ch\/it\/wp-json\/wp\/v2\/posts\/16470\/revisions"}],"wp:featuredmedia":[{"embeddable":true,"href":"https:\/\/www.immobilienbusiness.ch\/it\/wp-json\/wp\/v2\/media\/16471"}],"wp:attachment":[{"href":"https:\/\/www.immobilienbusiness.ch\/it\/wp-json\/wp\/v2\/media?parent=16470"}],"wp:term":[{"taxonomy":"category","embeddable":true,"href":"https:\/\/www.immobilienbusiness.ch\/it\/wp-json\/wp\/v2\/categories?post=16470"},{"taxonomy":"post_tag","embeddable":true,"href":"https:\/\/www.immobilienbusiness.ch\/it\/wp-json\/wp\/v2\/tags?post=16470"}],"curies":[{"name":"wp","href":"https:\/\/api.w.org\/{rel}","templated":true}]}}