{"id":16467,"date":"2019-03-28T08:33:02","date_gmt":"2019-03-28T07:33:02","guid":{"rendered":"https:\/\/www.immobilienbusiness.ch\/?p=16467"},"modified":"2019-03-28T08:33:02","modified_gmt":"2019-03-28T07:33:02","slug":"juerg-stoeckli-zieht-in-vr-der-vebego-ein","status":"publish","type":"post","link":"https:\/\/www.immobilienbusiness.ch\/it\/unternehmen\/2019-03-28\/juerg-stoeckli-zieht-in-vr-der-vebego-ein\/","title":{"rendered":"J\u00fcrg St\u00f6ckli entra nel consiglio di amministrazione di Vebego"},"content":{"rendered":"<figure id=\"attachment_16477\" aria-describedby=\"caption-attachment-16477\" style=\"width: 680px\" class=\"wp-caption alignnone\"><img loading=\"lazy\" decoding=\"async\" class=\"size-medium wp-image-16477\" src=\"https:\/\/www.immobilienbusiness.ch\/wp-content\/uploads\/2019\/03\/Juerg_Stoeckli.jpeg\" alt=\"\" width=\"680\" height=\"453\" \/><figcaption id=\"caption-attachment-16477\" class=\"wp-caption-text\">J\u00fcrg St\u00f6ckli (Foto: obs\/Vebego AG)<\/figcaption><\/figure>\n<p>J\u00fcrg St\u00f6ckli \u00e8 stato responsabile del settore Immobili e membro della direzione delle FFS fino alla fine del 2018. In precedenza, \u00e8 stato Chief Operation Officer (COO) della societ\u00e0 immobiliare e di servizi Privera. St\u00f6ckli \u00e8 attualmente membro del consiglio di amministrazione di Schweizerische Mobiliar, FSP Architekten e Smeyers Holding. Ha una formazione da falegname, avvocato e ha conseguito un Executive MBA presso l'Universit\u00e0 di San Gallo.<\/p>\n<p>Vebego afferma che potr\u00e0 beneficiare del \"know-how immobiliare estremamente fondato del nuovo membro del consiglio di amministrazione, nonch\u00e9 della sua vasta rete nel settore\". Inoltre, Vebego \u00e8 convinto che St\u00f6ckli, con la sua esperienza nel campo della digitalizzazione, sar\u00e0 in grado di guidare l'azienda nell'attuale fase di trasformazione e dare un contributo significativo al suo orientamento di successo.<\/p>\n<p>Il fornitore di servizi di facility Vebego genera un fatturato di oltre 200 milioni di CHF in Svizzera e impiega pi\u00f9 di 6.000 persone in 22 sedi in tutta la Svizzera e nel Principato del Liechtenstein. <em>(ah)<\/em><\/p>","protected":false},"excerpt":{"rendered":"<p>La societ\u00e0 di facility management Vebego sta espandendo il suo consiglio di amministrazione con J\u00fcrg St\u00f6ckli. L'ex capo del settore immobiliare delle FFS assumer\u00e0 il suo incarico il 1\u00b0 aprile.<\/p>","protected":false},"author":3,"featured_media":16477,"comment_status":"closed","ping_status":"open","sticky":false,"template":"","format":"standard","meta":{"_acf_changed":false,"_yoast_wpseo_focuskw":"J\u00fcrg St\u00f6ckli","_yoast_wpseo_title":"","_yoast_wpseo_metadesc":"Das Facility-Management-Unternehmen Vebego erweitert seinen Verwaltungsrat mit J\u00fcrg St\u00f6ckli, ehemaliger Leiter Immobilien bei der SBB.","_yoast_wpseo_linkdex":69,"pgc_sgb_lightbox_settings":"","footnotes":""},"categories":[988],"tags":[1216,1563,1807,1834],"class_list":["post-16467","post","type-post","status-publish","format-standard","has-post-thumbnail","hentry","category-unternehmen","tag-facility-management","tag-personalia","tag-unternehmen","tag-verwaltungsrat"],"acf":[],"yoast_head":"<!-- This site is optimized with the Yoast SEO plugin v27.5 - https:\/\/yoast.com\/product\/yoast-seo-wordpress\/ -->\n<title>J\u00fcrg St\u00f6ckli zieht in VR der Vebego ein - IMMOBILIEN Business<\/title>\n<meta name=\"description\" content=\"Das Facility-Management-Unternehmen Vebego erweitert seinen Verwaltungsrat mit J\u00fcrg St\u00f6ckli, ehemaliger Leiter Immobilien bei der SBB.\" \/>\n<meta name=\"robots\" content=\"index, follow, max-snippet:-1, max-image-preview:large, max-video-preview:-1\" \/>\n<link rel=\"canonical\" href=\"https:\/\/www.immobilienbusiness.ch\/it\/unternehmen\/2019-03-28\/juerg-stoeckli-zieht-in-vr-der-vebego-ein\/\" \/>\n<meta property=\"og:locale\" content=\"it_IT\" \/>\n<meta property=\"og:type\" content=\"article\" \/>\n<meta property=\"og:title\" content=\"J\u00fcrg St\u00f6ckli zieht in VR der Vebego ein - IMMOBILIEN Business\" \/>\n<meta property=\"og:description\" content=\"Das Facility-Management-Unternehmen Vebego erweitert seinen Verwaltungsrat mit J\u00fcrg St\u00f6ckli, ehemaliger Leiter Immobilien bei der SBB.\" \/>\n<meta property=\"og:url\" content=\"https:\/\/www.immobilienbusiness.ch\/it\/unternehmen\/2019-03-28\/juerg-stoeckli-zieht-in-vr-der-vebego-ein\/\" \/>\n<meta property=\"og:site_name\" content=\"IMMOBILIEN Business\" \/>\n<meta property=\"article:publisher\" content=\"https:\/\/www.facebook.com\/immobilienbusiness\/\" \/>\n<meta property=\"article:published_time\" content=\"2019-03-28T07:33:02+00:00\" \/>\n<meta property=\"og:image\" content=\"https:\/\/www.immobilienbusiness.ch\/wp-content\/uploads\/2019\/03\/Juerg_Stoeckli-scaled.jpeg\" \/>\n\t<meta property=\"og:image:width\" content=\"2560\" \/>\n\t<meta property=\"og:image:height\" content=\"1707\" \/>\n\t<meta property=\"og:image:type\" content=\"image\/jpeg\" \/>\n<meta name=\"author\" content=\"anja.hall\" \/>\n<meta name=\"twitter:card\" content=\"summary_large_image\" \/>\n<meta name=\"twitter:image\" content=\"https:\/\/www.immobilienbusiness.ch\/wp-content\/uploads\/2019\/03\/Juerg_Stoeckli.jpeg\" \/>\n<script type=\"application\/ld+json\" class=\"yoast-schema-graph\">{\"@context\":\"https:\\\/\\\/schema.org\",\"@graph\":[{\"@type\":\"Article\",\"@id\":\"https:\\\/\\\/www.immobilienbusiness.ch\\\/de\\\/unternehmen\\\/2019-03-28\\\/juerg-stoeckli-zieht-in-vr-der-vebego-ein\\\/#article\",\"isPartOf\":{\"@id\":\"https:\\\/\\\/www.immobilienbusiness.ch\\\/de\\\/unternehmen\\\/2019-03-28\\\/juerg-stoeckli-zieht-in-vr-der-vebego-ein\\\/\"},\"author\":{\"name\":\"anja.hall\",\"@id\":\"https:\\\/\\\/www.immobilienbusiness.ch\\\/#\\\/schema\\\/person\\\/3fc036297b10b9f42d6db5ee932af8c8\"},\"headline\":\"J\u00fcrg St\u00f6ckli zieht in VR der Vebego ein\",\"datePublished\":\"2019-03-28T07:33:02+00:00\",\"mainEntityOfPage\":{\"@id\":\"https:\\\/\\\/www.immobilienbusiness.ch\\\/de\\\/unternehmen\\\/2019-03-28\\\/juerg-stoeckli-zieht-in-vr-der-vebego-ein\\\/\"},\"wordCount\":171,\"publisher\":{\"@id\":\"https:\\\/\\\/www.immobilienbusiness.ch\\\/#organization\"},\"image\":{\"@id\":\"https:\\\/\\\/www.immobilienbusiness.ch\\\/de\\\/unternehmen\\\/2019-03-28\\\/juerg-stoeckli-zieht-in-vr-der-vebego-ein\\\/#primaryimage\"},\"thumbnailUrl\":\"https:\\\/\\\/www.immobilienbusiness.ch\\\/wp-content\\\/uploads\\\/2019\\\/03\\\/Juerg_Stoeckli-scaled.jpeg\",\"keywords\":[\"Facility Management\",\"Personalia\",\"Unternehmen\",\"Verwaltungsrat\"],\"articleSection\":[\"UNTERNEHMEN\"],\"inLanguage\":\"it-IT\"},{\"@type\":\"WebPage\",\"@id\":\"https:\\\/\\\/www.immobilienbusiness.ch\\\/de\\\/unternehmen\\\/2019-03-28\\\/juerg-stoeckli-zieht-in-vr-der-vebego-ein\\\/\",\"url\":\"https:\\\/\\\/www.immobilienbusiness.ch\\\/de\\\/unternehmen\\\/2019-03-28\\\/juerg-stoeckli-zieht-in-vr-der-vebego-ein\\\/\",\"name\":\"J\u00fcrg St\u00f6ckli zieht in VR der Vebego ein - IMMOBILIEN Business\",\"isPartOf\":{\"@id\":\"https:\\\/\\\/www.immobilienbusiness.ch\\\/#website\"},\"primaryImageOfPage\":{\"@id\":\"https:\\\/\\\/www.immobilienbusiness.ch\\\/de\\\/unternehmen\\\/2019-03-28\\\/juerg-stoeckli-zieht-in-vr-der-vebego-ein\\\/#primaryimage\"},\"image\":{\"@id\":\"https:\\\/\\\/www.immobilienbusiness.ch\\\/de\\\/unternehmen\\\/2019-03-28\\\/juerg-stoeckli-zieht-in-vr-der-vebego-ein\\\/#primaryimage\"},\"thumbnailUrl\":\"https:\\\/\\\/www.immobilienbusiness.ch\\\/wp-content\\\/uploads\\\/2019\\\/03\\\/Juerg_Stoeckli-scaled.jpeg\",\"datePublished\":\"2019-03-28T07:33:02+00:00\",\"description\":\"Das Facility-Management-Unternehmen Vebego erweitert seinen Verwaltungsrat mit J\u00fcrg St\u00f6ckli, ehemaliger Leiter Immobilien bei der SBB.\",\"breadcrumb\":{\"@id\":\"https:\\\/\\\/www.immobilienbusiness.ch\\\/de\\\/unternehmen\\\/2019-03-28\\\/juerg-stoeckli-zieht-in-vr-der-vebego-ein\\\/#breadcrumb\"},\"inLanguage\":\"it-IT\",\"potentialAction\":[{\"@type\":\"ReadAction\",\"target\":[\"https:\\\/\\\/www.immobilienbusiness.ch\\\/de\\\/unternehmen\\\/2019-03-28\\\/juerg-stoeckli-zieht-in-vr-der-vebego-ein\\\/\"]}]},{\"@type\":\"ImageObject\",\"inLanguage\":\"it-IT\",\"@id\":\"https:\\\/\\\/www.immobilienbusiness.ch\\\/de\\\/unternehmen\\\/2019-03-28\\\/juerg-stoeckli-zieht-in-vr-der-vebego-ein\\\/#primaryimage\",\"url\":\"https:\\\/\\\/www.immobilienbusiness.ch\\\/wp-content\\\/uploads\\\/2019\\\/03\\\/Juerg_Stoeckli-scaled.jpeg\",\"contentUrl\":\"https:\\\/\\\/www.immobilienbusiness.ch\\\/wp-content\\\/uploads\\\/2019\\\/03\\\/Juerg_Stoeckli-scaled.jpeg\",\"width\":2560,\"height\":1707,\"caption\":\"J\u00fcrg St\u00f6ckli (Bild: obs\\\/Vebego AG)\"},{\"@type\":\"BreadcrumbList\",\"@id\":\"https:\\\/\\\/www.immobilienbusiness.ch\\\/de\\\/unternehmen\\\/2019-03-28\\\/juerg-stoeckli-zieht-in-vr-der-vebego-ein\\\/#breadcrumb\",\"itemListElement\":[{\"@type\":\"ListItem\",\"position\":1,\"name\":\"Home\",\"item\":\"https:\\\/\\\/www.immobilienbusiness.ch\\\/\"},{\"@type\":\"ListItem\",\"position\":2,\"name\":\"J\u00fcrg St\u00f6ckli zieht in VR der Vebego ein\"}]},{\"@type\":\"WebSite\",\"@id\":\"https:\\\/\\\/www.immobilienbusiness.ch\\\/#website\",\"url\":\"https:\\\/\\\/www.immobilienbusiness.ch\\\/\",\"name\":\"IMMOBILIEN Business\",\"description\":\"Unabh\u00e4ngiges Schweizer Wirtschaftsmagazin mit Fokus auf Immobilien, Architektur- und Bau sowie Investment- und Finanzierung.\",\"publisher\":{\"@id\":\"https:\\\/\\\/www.immobilienbusiness.ch\\\/#organization\"},\"potentialAction\":[{\"@type\":\"SearchAction\",\"target\":{\"@type\":\"EntryPoint\",\"urlTemplate\":\"https:\\\/\\\/www.immobilienbusiness.ch\\\/?s={search_term_string}\"},\"query-input\":{\"@type\":\"PropertyValueSpecification\",\"valueRequired\":true,\"valueName\":\"search_term_string\"}}],\"inLanguage\":\"it-IT\"},{\"@type\":\"Organization\",\"@id\":\"https:\\\/\\\/www.immobilienbusiness.ch\\\/#organization\",\"name\":\"IMMOBILIEN Business\",\"url\":\"https:\\\/\\\/www.immobilienbusiness.ch\\\/\",\"logo\":{\"@type\":\"ImageObject\",\"inLanguage\":\"it-IT\",\"@id\":\"https:\\\/\\\/www.immobilienbusiness.ch\\\/#\\\/schema\\\/logo\\\/image\\\/\",\"url\":\"https:\\\/\\\/www.immobilienbusiness.ch\\\/wp-content\\\/uploads\\\/2021\\\/07\\\/logo_ib.png\",\"contentUrl\":\"https:\\\/\\\/www.immobilienbusiness.ch\\\/wp-content\\\/uploads\\\/2021\\\/07\\\/logo_ib.png\",\"width\":800,\"height\":181,\"caption\":\"IMMOBILIEN Business\"},\"image\":{\"@id\":\"https:\\\/\\\/www.immobilienbusiness.ch\\\/#\\\/schema\\\/logo\\\/image\\\/\"},\"sameAs\":[\"https:\\\/\\\/www.facebook.com\\\/immobilienbusiness\\\/\"]},{\"@type\":\"Person\",\"@id\":\"https:\\\/\\\/www.immobilienbusiness.ch\\\/#\\\/schema\\\/person\\\/3fc036297b10b9f42d6db5ee932af8c8\",\"name\":\"anja.hall\",\"image\":{\"@type\":\"ImageObject\",\"inLanguage\":\"it-IT\",\"@id\":\"https:\\\/\\\/secure.gravatar.com\\\/avatar\\\/066b5a0d447013502c71a5782f4f3469f03cfe595cc2329fb94652fe47511bfb?s=96&d=mm&r=g\",\"url\":\"https:\\\/\\\/secure.gravatar.com\\\/avatar\\\/066b5a0d447013502c71a5782f4f3469f03cfe595cc2329fb94652fe47511bfb?s=96&d=mm&r=g\",\"contentUrl\":\"https:\\\/\\\/secure.gravatar.com\\\/avatar\\\/066b5a0d447013502c71a5782f4f3469f03cfe595cc2329fb94652fe47511bfb?s=96&d=mm&r=g\",\"caption\":\"anja.hall\"},\"url\":\"https:\\\/\\\/www.immobilienbusiness.ch\\\/it\\\/author\\\/anja-hall\\\/\"}]}<\/script>\n<!-- \/ Yoast SEO plugin. -->","yoast_head_json":{"title":"J\u00fcrg St\u00f6ckli zieht in VR der Vebego ein - IMMOBILIEN Business","description":"Das Facility-Management-Unternehmen Vebego erweitert seinen Verwaltungsrat mit J\u00fcrg St\u00f6ckli, ehemaliger Leiter Immobilien bei der SBB.","robots":{"index":"index","follow":"follow","max-snippet":"max-snippet:-1","max-image-preview":"max-image-preview:large","max-video-preview":"max-video-preview:-1"},"canonical":"https:\/\/www.immobilienbusiness.ch\/it\/unternehmen\/2019-03-28\/juerg-stoeckli-zieht-in-vr-der-vebego-ein\/","og_locale":"it_IT","og_type":"article","og_title":"J\u00fcrg St\u00f6ckli zieht in VR der Vebego ein - IMMOBILIEN Business","og_description":"Das Facility-Management-Unternehmen Vebego erweitert seinen Verwaltungsrat mit J\u00fcrg St\u00f6ckli, ehemaliger Leiter Immobilien bei der SBB.","og_url":"https:\/\/www.immobilienbusiness.ch\/it\/unternehmen\/2019-03-28\/juerg-stoeckli-zieht-in-vr-der-vebego-ein\/","og_site_name":"IMMOBILIEN Business","article_publisher":"https:\/\/www.facebook.com\/immobilienbusiness\/","article_published_time":"2019-03-28T07:33:02+00:00","og_image":[{"width":2560,"height":1707,"url":"https:\/\/www.immobilienbusiness.ch\/wp-content\/uploads\/2019\/03\/Juerg_Stoeckli-scaled.jpeg","type":"image\/jpeg"}],"author":"anja.hall","twitter_card":"summary_large_image","twitter_image":"https:\/\/www.immobilienbusiness.ch\/wp-content\/uploads\/2019\/03\/Juerg_Stoeckli.jpeg","schema":{"@context":"https:\/\/schema.org","@graph":[{"@type":"Article","@id":"https:\/\/www.immobilienbusiness.ch\/de\/unternehmen\/2019-03-28\/juerg-stoeckli-zieht-in-vr-der-vebego-ein\/#article","isPartOf":{"@id":"https:\/\/www.immobilienbusiness.ch\/de\/unternehmen\/2019-03-28\/juerg-stoeckli-zieht-in-vr-der-vebego-ein\/"},"author":{"name":"anja.hall","@id":"https:\/\/www.immobilienbusiness.ch\/#\/schema\/person\/3fc036297b10b9f42d6db5ee932af8c8"},"headline":"J\u00fcrg St\u00f6ckli zieht in VR der Vebego ein","datePublished":"2019-03-28T07:33:02+00:00","mainEntityOfPage":{"@id":"https:\/\/www.immobilienbusiness.ch\/de\/unternehmen\/2019-03-28\/juerg-stoeckli-zieht-in-vr-der-vebego-ein\/"},"wordCount":171,"publisher":{"@id":"https:\/\/www.immobilienbusiness.ch\/#organization"},"image":{"@id":"https:\/\/www.immobilienbusiness.ch\/de\/unternehmen\/2019-03-28\/juerg-stoeckli-zieht-in-vr-der-vebego-ein\/#primaryimage"},"thumbnailUrl":"https:\/\/www.immobilienbusiness.ch\/wp-content\/uploads\/2019\/03\/Juerg_Stoeckli-scaled.jpeg","keywords":["Facility Management","Personalia","Unternehmen","Verwaltungsrat"],"articleSection":["UNTERNEHMEN"],"inLanguage":"it-IT"},{"@type":"WebPage","@id":"https:\/\/www.immobilienbusiness.ch\/de\/unternehmen\/2019-03-28\/juerg-stoeckli-zieht-in-vr-der-vebego-ein\/","url":"https:\/\/www.immobilienbusiness.ch\/de\/unternehmen\/2019-03-28\/juerg-stoeckli-zieht-in-vr-der-vebego-ein\/","name":"J\u00fcrg St\u00f6ckli zieht in VR der Vebego ein - IMMOBILIEN Business","isPartOf":{"@id":"https:\/\/www.immobilienbusiness.ch\/#website"},"primaryImageOfPage":{"@id":"https:\/\/www.immobilienbusiness.ch\/de\/unternehmen\/2019-03-28\/juerg-stoeckli-zieht-in-vr-der-vebego-ein\/#primaryimage"},"image":{"@id":"https:\/\/www.immobilienbusiness.ch\/de\/unternehmen\/2019-03-28\/juerg-stoeckli-zieht-in-vr-der-vebego-ein\/#primaryimage"},"thumbnailUrl":"https:\/\/www.immobilienbusiness.ch\/wp-content\/uploads\/2019\/03\/Juerg_Stoeckli-scaled.jpeg","datePublished":"2019-03-28T07:33:02+00:00","description":"Das Facility-Management-Unternehmen Vebego erweitert seinen Verwaltungsrat mit J\u00fcrg St\u00f6ckli, ehemaliger Leiter Immobilien bei der SBB.","breadcrumb":{"@id":"https:\/\/www.immobilienbusiness.ch\/de\/unternehmen\/2019-03-28\/juerg-stoeckli-zieht-in-vr-der-vebego-ein\/#breadcrumb"},"inLanguage":"it-IT","potentialAction":[{"@type":"ReadAction","target":["https:\/\/www.immobilienbusiness.ch\/de\/unternehmen\/2019-03-28\/juerg-stoeckli-zieht-in-vr-der-vebego-ein\/"]}]},{"@type":"ImageObject","inLanguage":"it-IT","@id":"https:\/\/www.immobilienbusiness.ch\/de\/unternehmen\/2019-03-28\/juerg-stoeckli-zieht-in-vr-der-vebego-ein\/#primaryimage","url":"https:\/\/www.immobilienbusiness.ch\/wp-content\/uploads\/2019\/03\/Juerg_Stoeckli-scaled.jpeg","contentUrl":"https:\/\/www.immobilienbusiness.ch\/wp-content\/uploads\/2019\/03\/Juerg_Stoeckli-scaled.jpeg","width":2560,"height":1707,"caption":"J\u00fcrg St\u00f6ckli (Bild: obs\/Vebego AG)"},{"@type":"BreadcrumbList","@id":"https:\/\/www.immobilienbusiness.ch\/de\/unternehmen\/2019-03-28\/juerg-stoeckli-zieht-in-vr-der-vebego-ein\/#breadcrumb","itemListElement":[{"@type":"ListItem","position":1,"name":"Home","item":"https:\/\/www.immobilienbusiness.ch\/"},{"@type":"ListItem","position":2,"name":"J\u00fcrg St\u00f6ckli zieht in VR der Vebego ein"}]},{"@type":"WebSite","@id":"https:\/\/www.immobilienbusiness.ch\/#website","url":"https:\/\/www.immobilienbusiness.ch\/","name":"Affari immobiliari","description":"Rivista economica indipendente svizzera che si concentra sul settore immobiliare, l'architettura e la costruzione, nonch\u00e9 sugli investimenti e i finanziamenti.","publisher":{"@id":"https:\/\/www.immobilienbusiness.ch\/#organization"},"potentialAction":[{"@type":"SearchAction","target":{"@type":"EntryPoint","urlTemplate":"https:\/\/www.immobilienbusiness.ch\/?s={search_term_string}"},"query-input":{"@type":"PropertyValueSpecification","valueRequired":true,"valueName":"search_term_string"}}],"inLanguage":"it-IT"},{"@type":"Organization","@id":"https:\/\/www.immobilienbusiness.ch\/#organization","name":"Affari immobiliari","url":"https:\/\/www.immobilienbusiness.ch\/","logo":{"@type":"ImageObject","inLanguage":"it-IT","@id":"https:\/\/www.immobilienbusiness.ch\/#\/schema\/logo\/image\/","url":"https:\/\/www.immobilienbusiness.ch\/wp-content\/uploads\/2021\/07\/logo_ib.png","contentUrl":"https:\/\/www.immobilienbusiness.ch\/wp-content\/uploads\/2021\/07\/logo_ib.png","width":800,"height":181,"caption":"IMMOBILIEN Business"},"image":{"@id":"https:\/\/www.immobilienbusiness.ch\/#\/schema\/logo\/image\/"},"sameAs":["https:\/\/www.facebook.com\/immobilienbusiness\/"]},{"@type":"Person","@id":"https:\/\/www.immobilienbusiness.ch\/#\/schema\/person\/3fc036297b10b9f42d6db5ee932af8c8","name":"anja.hall","image":{"@type":"ImageObject","inLanguage":"it-IT","@id":"https:\/\/secure.gravatar.com\/avatar\/066b5a0d447013502c71a5782f4f3469f03cfe595cc2329fb94652fe47511bfb?s=96&d=mm&r=g","url":"https:\/\/secure.gravatar.com\/avatar\/066b5a0d447013502c71a5782f4f3469f03cfe595cc2329fb94652fe47511bfb?s=96&d=mm&r=g","contentUrl":"https:\/\/secure.gravatar.com\/avatar\/066b5a0d447013502c71a5782f4f3469f03cfe595cc2329fb94652fe47511bfb?s=96&d=mm&r=g","caption":"anja.hall"},"url":"https:\/\/www.immobilienbusiness.ch\/it\/author\/anja-hall\/"}]}},"_links":{"self":[{"href":"https:\/\/www.immobilienbusiness.ch\/it\/wp-json\/wp\/v2\/posts\/16467","targetHints":{"allow":["GET"]}}],"collection":[{"href":"https:\/\/www.immobilienbusiness.ch\/it\/wp-json\/wp\/v2\/posts"}],"about":[{"href":"https:\/\/www.immobilienbusiness.ch\/it\/wp-json\/wp\/v2\/types\/post"}],"author":[{"embeddable":true,"href":"https:\/\/www.immobilienbusiness.ch\/it\/wp-json\/wp\/v2\/users\/3"}],"replies":[{"embeddable":true,"href":"https:\/\/www.immobilienbusiness.ch\/it\/wp-json\/wp\/v2\/comments?post=16467"}],"version-history":[{"count":0,"href":"https:\/\/www.immobilienbusiness.ch\/it\/wp-json\/wp\/v2\/posts\/16467\/revisions"}],"wp:featuredmedia":[{"embeddable":true,"href":"https:\/\/www.immobilienbusiness.ch\/it\/wp-json\/wp\/v2\/media\/16477"}],"wp:attachment":[{"href":"https:\/\/www.immobilienbusiness.ch\/it\/wp-json\/wp\/v2\/media?parent=16467"}],"wp:term":[{"taxonomy":"category","embeddable":true,"href":"https:\/\/www.immobilienbusiness.ch\/it\/wp-json\/wp\/v2\/categories?post=16467"},{"taxonomy":"post_tag","embeddable":true,"href":"https:\/\/www.immobilienbusiness.ch\/it\/wp-json\/wp\/v2\/tags?post=16467"}],"curies":[{"name":"wp","href":"https:\/\/api.w.org\/{rel}","templated":true}]}}