{"id":16345,"date":"2019-03-18T09:12:22","date_gmt":"2019-03-18T08:12:22","guid":{"rendered":"https:\/\/www.immobilienbusiness.ch\/?p=16345"},"modified":"2019-03-18T09:12:22","modified_gmt":"2019-03-18T08:12:22","slug":"luzernsued-konzept-fuer-suedallee-liegt-vor","status":"publish","type":"post","link":"https:\/\/www.immobilienbusiness.ch\/it\/regionen\/2019-03-18\/luzernsued-konzept-fuer-suedallee-liegt-vor\/","title":{"rendered":"LuzernS\u00fcd: il concetto per S\u00fcdAllee \u00e8 disponibile"},"content":{"rendered":"<figure id=\"attachment_16346\" aria-describedby=\"caption-attachment-16346\" style=\"width: 680px\" class=\"wp-caption alignnone\"><img loading=\"lazy\" decoding=\"async\" class=\"size-medium wp-image-16346\" src=\"https:\/\/www.immobilienbusiness.ch\/wp-content\/uploads\/2019\/03\/Veilchenstrasse_LuzernSued.jpg\" alt=\"\" width=\"680\" height=\"528\" srcset=\"https:\/\/www.immobilienbusiness.ch\/wp-content\/uploads\/2019\/03\/Veilchenstrasse_LuzernSued.jpg 1423w, https:\/\/www.immobilienbusiness.ch\/wp-content\/uploads\/2019\/03\/Veilchenstrasse_LuzernSued-300x233.jpg 300w, https:\/\/www.immobilienbusiness.ch\/wp-content\/uploads\/2019\/03\/Veilchenstrasse_LuzernSued-1024x794.jpg 1024w, https:\/\/www.immobilienbusiness.ch\/wp-content\/uploads\/2019\/03\/Veilchenstrasse_LuzernSued-768x596.jpg 768w, https:\/\/www.immobilienbusiness.ch\/wp-content\/uploads\/2019\/03\/Veilchenstrasse_LuzernSued-16x12.jpg 16w, https:\/\/www.immobilienbusiness.ch\/wp-content\/uploads\/2019\/03\/Veilchenstrasse_LuzernSued-226x175.jpg 226w, https:\/\/www.immobilienbusiness.ch\/wp-content\/uploads\/2019\/03\/Veilchenstrasse_LuzernSued-451x350.jpg 451w, https:\/\/www.immobilienbusiness.ch\/wp-content\/uploads\/2019\/03\/Veilchenstrasse_LuzernSued-1031x800.jpg 1031w, https:\/\/www.immobilienbusiness.ch\/wp-content\/uploads\/2019\/03\/Veilchenstrasse_LuzernSued-920x714.jpg 920w, https:\/\/www.immobilienbusiness.ch\/wp-content\/uploads\/2019\/03\/Veilchenstrasse_LuzernSued-1400x1086.jpg 1400w\" sizes=\"auto, (max-width: 680px) 100vw, 680px\" \/><figcaption id=\"caption-attachment-16346\" class=\"wp-caption-text\">Il tratto Kuonimatt della S\u00fcdAllee (visualizzazione: gestione del territorio Luzern-Plus\/LuzernS\u00fcd)<\/figcaption><\/figure>\n<p>La S\u00fcdAllee si estender\u00e0 dalla Arsenalstrasse presso Eichhof, nella citt\u00e0 di Lucerna, attraverso Kriens fino al bacino del lago Horw. Lo studio concettuale che \u00e8 stato presentato si concentra sullo spazio pubblico: i singoli quartieri e punti d'incontro devono essere collegati con un'arteria che crei un'identit\u00e0 spaziale da un lato e soddisfi le esigenze dei residenti locali dall'altro, secondo Luzern-Plus e la direzione dell'area LuzernS\u00fcd, che ha coordinato la partecipazione e lo sviluppo dello studio.<\/p>\n<p>Di conseguenza, la S\u00fcdAllee sar\u00e0 suddivisa in tre tratti. Il tratto da Eichhof alla rotatoria di Mattenhof \u00e8 un importante collegamento orientato al traffico e compatibile con gli insediamenti nei nuovi quartieri residenziali in costruzione. Gli usi al piano terra sono destinati a rivitalizzare la strada.<\/p>\n<p>Nel tratto di Kuonimatt da Mattenhof alla rotatoria di Steinibach, la S\u00fcdAllee non diventer\u00e0 una strada di passaggio per le auto. Il percorso degli autobus rimarr\u00e0 sulla Rosenstrasse e sulla Kreuzstrasse. La pista ciclabile ad alta velocit\u00e0 nord-sud non passer\u00e0 attraverso Kuonimatt, ma attraverso il cosiddetto Bogenweg, fuori dal quartiere. Il viale meridionale che attraversa Kuonimatt diventer\u00e0 un elemento di design per il traffico pedonale e ciclabile con funzioni per il quartiere - secondo il comunicato stampa \u00e8 ipotizzabile un design come zona di incontro con un limite di velocit\u00e0 di 20 km\/h e alberi. Lo studio vede un potenziale per la riqualificazione della Technikumstrasse a Horw. L'Universit\u00e0 di Scienze Applicate e Arti di Lucerna sta continuando a sviluppare il campus e lo studio concettuale per S\u00fcdAlle sar\u00e0 incorporato nel contratto di studio.<\/p>\n<p>I tre comuni considerano lo studio concettuale della S\u00fcdAllee come \"un'idea progettuale a lungo termine\", che sar\u00e0 attuata a tappe con il coinvolgimento dei residenti locali. Secondo le informazioni fornite, il Comune di Kriens intende portare avanti la realizzazione della pista ciclabile al di fuori del quartiere Kuonimatt attraverso Grabenhof e Hinter Schlund, il cosiddetto Bogenweg.<\/p>\n<p>Lucerna Sud \u00e8 un centro di sviluppo cantonale nell'area di Kriens, Horw e Lucerna. Nei prossimi 20 anni, tra Pilatus, Sonnenberg e il Lago dei Quattro Cantoni verranno create aree residenziali e posti di lavoro per un massimo di 15.000 persone. L'area sar\u00e0 servita da due stazioni della S-Bahn e da nodi di autobus, oltre che da due svincoli autostradali. <em>(ah)<\/em><\/p>","protected":false},"excerpt":{"rendered":"<p>La S\u00fcdAllee \u00e8 destinata a collegare l'area di sviluppo Lucerna Sud da Eichhof alla baia del lago Horw. Sono stati resi noti i risultati di uno studio concettuale.<\/p>","protected":false},"author":3,"featured_media":16346,"comment_status":"closed","ping_status":"open","sticky":false,"template":"","format":"standard","meta":{"_acf_changed":false,"_yoast_wpseo_focuskw":"LuzernS\u00fcd","_yoast_wpseo_title":"","_yoast_wpseo_metadesc":"Die S\u00fcdAllee soll das Entwicklungsgebiet LuzernS\u00fcd vom Eichhof bis zur Horwer Seebucht verbinden. Nun wurden die Ergebnisse einer Konzeptstudie bekannt.","_yoast_wpseo_linkdex":88,"pgc_sgb_lightbox_settings":"","footnotes":""},"categories":[985],"tags":[1365,1459,1724],"class_list":["post-16345","post","type-post","status-publish","format-standard","has-post-thumbnail","hentry","category-regionen","tag-infrastruktur","tag-luzern","tag-stadtentwicklung"],"acf":[],"yoast_head":"<!-- This site is optimized with the Yoast SEO plugin v27.4 - https:\/\/yoast.com\/product\/yoast-seo-wordpress\/ -->\n<title>LuzernS\u00fcd: Konzept f\u00fcr S\u00fcdAllee liegt vor - IMMOBILIEN Business<\/title>\n<meta name=\"description\" content=\"Die S\u00fcdAllee soll das Entwicklungsgebiet LuzernS\u00fcd vom Eichhof bis zur Horwer Seebucht verbinden. Nun wurden die Ergebnisse einer Konzeptstudie bekannt.\" \/>\n<meta name=\"robots\" content=\"index, follow, max-snippet:-1, max-image-preview:large, max-video-preview:-1\" \/>\n<link rel=\"canonical\" href=\"https:\/\/www.immobilienbusiness.ch\/it\/regionen\/2019-03-18\/luzernsued-konzept-fuer-suedallee-liegt-vor\/\" \/>\n<meta property=\"og:locale\" content=\"it_IT\" \/>\n<meta property=\"og:type\" content=\"article\" \/>\n<meta property=\"og:title\" content=\"LuzernS\u00fcd: Konzept f\u00fcr S\u00fcdAllee liegt vor - IMMOBILIEN Business\" \/>\n<meta property=\"og:description\" content=\"Die S\u00fcdAllee soll das Entwicklungsgebiet LuzernS\u00fcd vom Eichhof bis zur Horwer Seebucht verbinden. Nun wurden die Ergebnisse einer Konzeptstudie bekannt.\" \/>\n<meta property=\"og:url\" content=\"https:\/\/www.immobilienbusiness.ch\/it\/regionen\/2019-03-18\/luzernsued-konzept-fuer-suedallee-liegt-vor\/\" \/>\n<meta property=\"og:site_name\" content=\"IMMOBILIEN Business\" \/>\n<meta property=\"article:publisher\" content=\"https:\/\/www.facebook.com\/immobilienbusiness\/\" \/>\n<meta property=\"article:published_time\" content=\"2019-03-18T08:12:22+00:00\" \/>\n<meta property=\"og:image\" content=\"https:\/\/www.immobilienbusiness.ch\/wp-content\/uploads\/2019\/03\/Veilchenstrasse_LuzernSued.jpg\" \/>\n\t<meta property=\"og:image:width\" content=\"1423\" \/>\n\t<meta property=\"og:image:height\" content=\"1104\" \/>\n\t<meta property=\"og:image:type\" content=\"image\/jpeg\" \/>\n<meta name=\"author\" content=\"anja.hall\" \/>\n<meta name=\"twitter:card\" content=\"summary_large_image\" \/>\n<meta name=\"twitter:image\" content=\"https:\/\/www.immobilienbusiness.ch\/wp-content\/uploads\/2019\/03\/Veilchenstrasse_LuzernSued.jpg\" \/>\n<script type=\"application\/ld+json\" class=\"yoast-schema-graph\">{\"@context\":\"https:\\\/\\\/schema.org\",\"@graph\":[{\"@type\":\"Article\",\"@id\":\"https:\\\/\\\/www.immobilienbusiness.ch\\\/de\\\/regionen\\\/2019-03-18\\\/luzernsued-konzept-fuer-suedallee-liegt-vor\\\/#article\",\"isPartOf\":{\"@id\":\"https:\\\/\\\/www.immobilienbusiness.ch\\\/de\\\/regionen\\\/2019-03-18\\\/luzernsued-konzept-fuer-suedallee-liegt-vor\\\/\"},\"author\":{\"name\":\"anja.hall\",\"@id\":\"https:\\\/\\\/www.immobilienbusiness.ch\\\/#\\\/schema\\\/person\\\/3fc036297b10b9f42d6db5ee932af8c8\"},\"headline\":\"LuzernS\u00fcd: Konzept f\u00fcr S\u00fcdAllee liegt vor\",\"datePublished\":\"2019-03-18T08:12:22+00:00\",\"mainEntityOfPage\":{\"@id\":\"https:\\\/\\\/www.immobilienbusiness.ch\\\/de\\\/regionen\\\/2019-03-18\\\/luzernsued-konzept-fuer-suedallee-liegt-vor\\\/\"},\"wordCount\":350,\"publisher\":{\"@id\":\"https:\\\/\\\/www.immobilienbusiness.ch\\\/#organization\"},\"image\":{\"@id\":\"https:\\\/\\\/www.immobilienbusiness.ch\\\/de\\\/regionen\\\/2019-03-18\\\/luzernsued-konzept-fuer-suedallee-liegt-vor\\\/#primaryimage\"},\"thumbnailUrl\":\"https:\\\/\\\/www.immobilienbusiness.ch\\\/wp-content\\\/uploads\\\/2019\\\/03\\\/Veilchenstrasse_LuzernSued.jpg\",\"keywords\":[\"Infrastruktur\",\"Luzern\",\"Stadtentwicklung\"],\"articleSection\":[\"REGIONEN\"],\"inLanguage\":\"it-IT\"},{\"@type\":\"WebPage\",\"@id\":\"https:\\\/\\\/www.immobilienbusiness.ch\\\/de\\\/regionen\\\/2019-03-18\\\/luzernsued-konzept-fuer-suedallee-liegt-vor\\\/\",\"url\":\"https:\\\/\\\/www.immobilienbusiness.ch\\\/de\\\/regionen\\\/2019-03-18\\\/luzernsued-konzept-fuer-suedallee-liegt-vor\\\/\",\"name\":\"LuzernS\u00fcd: Konzept f\u00fcr S\u00fcdAllee liegt vor - IMMOBILIEN Business\",\"isPartOf\":{\"@id\":\"https:\\\/\\\/www.immobilienbusiness.ch\\\/#website\"},\"primaryImageOfPage\":{\"@id\":\"https:\\\/\\\/www.immobilienbusiness.ch\\\/de\\\/regionen\\\/2019-03-18\\\/luzernsued-konzept-fuer-suedallee-liegt-vor\\\/#primaryimage\"},\"image\":{\"@id\":\"https:\\\/\\\/www.immobilienbusiness.ch\\\/de\\\/regionen\\\/2019-03-18\\\/luzernsued-konzept-fuer-suedallee-liegt-vor\\\/#primaryimage\"},\"thumbnailUrl\":\"https:\\\/\\\/www.immobilienbusiness.ch\\\/wp-content\\\/uploads\\\/2019\\\/03\\\/Veilchenstrasse_LuzernSued.jpg\",\"datePublished\":\"2019-03-18T08:12:22+00:00\",\"description\":\"Die S\u00fcdAllee soll das Entwicklungsgebiet LuzernS\u00fcd vom Eichhof bis zur Horwer Seebucht verbinden. Nun wurden die Ergebnisse einer Konzeptstudie bekannt.\",\"breadcrumb\":{\"@id\":\"https:\\\/\\\/www.immobilienbusiness.ch\\\/de\\\/regionen\\\/2019-03-18\\\/luzernsued-konzept-fuer-suedallee-liegt-vor\\\/#breadcrumb\"},\"inLanguage\":\"it-IT\",\"potentialAction\":[{\"@type\":\"ReadAction\",\"target\":[\"https:\\\/\\\/www.immobilienbusiness.ch\\\/de\\\/regionen\\\/2019-03-18\\\/luzernsued-konzept-fuer-suedallee-liegt-vor\\\/\"]}]},{\"@type\":\"ImageObject\",\"inLanguage\":\"it-IT\",\"@id\":\"https:\\\/\\\/www.immobilienbusiness.ch\\\/de\\\/regionen\\\/2019-03-18\\\/luzernsued-konzept-fuer-suedallee-liegt-vor\\\/#primaryimage\",\"url\":\"https:\\\/\\\/www.immobilienbusiness.ch\\\/wp-content\\\/uploads\\\/2019\\\/03\\\/Veilchenstrasse_LuzernSued.jpg\",\"contentUrl\":\"https:\\\/\\\/www.immobilienbusiness.ch\\\/wp-content\\\/uploads\\\/2019\\\/03\\\/Veilchenstrasse_LuzernSued.jpg\",\"width\":1423,\"height\":1104,\"caption\":\"Veilchenstrasse_LuzernSued\"},{\"@type\":\"BreadcrumbList\",\"@id\":\"https:\\\/\\\/www.immobilienbusiness.ch\\\/de\\\/regionen\\\/2019-03-18\\\/luzernsued-konzept-fuer-suedallee-liegt-vor\\\/#breadcrumb\",\"itemListElement\":[{\"@type\":\"ListItem\",\"position\":1,\"name\":\"Home\",\"item\":\"https:\\\/\\\/www.immobilienbusiness.ch\\\/\"},{\"@type\":\"ListItem\",\"position\":2,\"name\":\"LuzernS\u00fcd: Konzept f\u00fcr S\u00fcdAllee liegt vor\"}]},{\"@type\":\"WebSite\",\"@id\":\"https:\\\/\\\/www.immobilienbusiness.ch\\\/#website\",\"url\":\"https:\\\/\\\/www.immobilienbusiness.ch\\\/\",\"name\":\"IMMOBILIEN Business\",\"description\":\"Unabh\u00e4ngiges Schweizer Wirtschaftsmagazin mit Fokus auf Immobilien, Architektur- und Bau sowie Investment- und Finanzierung.\",\"publisher\":{\"@id\":\"https:\\\/\\\/www.immobilienbusiness.ch\\\/#organization\"},\"potentialAction\":[{\"@type\":\"SearchAction\",\"target\":{\"@type\":\"EntryPoint\",\"urlTemplate\":\"https:\\\/\\\/www.immobilienbusiness.ch\\\/?s={search_term_string}\"},\"query-input\":{\"@type\":\"PropertyValueSpecification\",\"valueRequired\":true,\"valueName\":\"search_term_string\"}}],\"inLanguage\":\"it-IT\"},{\"@type\":\"Organization\",\"@id\":\"https:\\\/\\\/www.immobilienbusiness.ch\\\/#organization\",\"name\":\"IMMOBILIEN Business\",\"url\":\"https:\\\/\\\/www.immobilienbusiness.ch\\\/\",\"logo\":{\"@type\":\"ImageObject\",\"inLanguage\":\"it-IT\",\"@id\":\"https:\\\/\\\/www.immobilienbusiness.ch\\\/#\\\/schema\\\/logo\\\/image\\\/\",\"url\":\"https:\\\/\\\/www.immobilienbusiness.ch\\\/wp-content\\\/uploads\\\/2021\\\/07\\\/logo_ib.png\",\"contentUrl\":\"https:\\\/\\\/www.immobilienbusiness.ch\\\/wp-content\\\/uploads\\\/2021\\\/07\\\/logo_ib.png\",\"width\":800,\"height\":181,\"caption\":\"IMMOBILIEN Business\"},\"image\":{\"@id\":\"https:\\\/\\\/www.immobilienbusiness.ch\\\/#\\\/schema\\\/logo\\\/image\\\/\"},\"sameAs\":[\"https:\\\/\\\/www.facebook.com\\\/immobilienbusiness\\\/\"]},{\"@type\":\"Person\",\"@id\":\"https:\\\/\\\/www.immobilienbusiness.ch\\\/#\\\/schema\\\/person\\\/3fc036297b10b9f42d6db5ee932af8c8\",\"name\":\"anja.hall\",\"image\":{\"@type\":\"ImageObject\",\"inLanguage\":\"it-IT\",\"@id\":\"https:\\\/\\\/secure.gravatar.com\\\/avatar\\\/066b5a0d447013502c71a5782f4f3469f03cfe595cc2329fb94652fe47511bfb?s=96&d=mm&r=g\",\"url\":\"https:\\\/\\\/secure.gravatar.com\\\/avatar\\\/066b5a0d447013502c71a5782f4f3469f03cfe595cc2329fb94652fe47511bfb?s=96&d=mm&r=g\",\"contentUrl\":\"https:\\\/\\\/secure.gravatar.com\\\/avatar\\\/066b5a0d447013502c71a5782f4f3469f03cfe595cc2329fb94652fe47511bfb?s=96&d=mm&r=g\",\"caption\":\"anja.hall\"},\"url\":\"https:\\\/\\\/www.immobilienbusiness.ch\\\/it\\\/author\\\/anja-hall\\\/\"}]}<\/script>\n<!-- \/ Yoast SEO plugin. -->","yoast_head_json":{"title":"LuzernS\u00fcd: Konzept f\u00fcr S\u00fcdAllee liegt vor - IMMOBILIEN Business","description":"La S\u00fcdAllee \u00e8 destinata a collegare l'area di sviluppo Lucerna Sud da Eichhof alla baia del lago Horw. Sono stati resi noti i risultati di uno studio concettuale.","robots":{"index":"index","follow":"follow","max-snippet":"max-snippet:-1","max-image-preview":"max-image-preview:large","max-video-preview":"max-video-preview:-1"},"canonical":"https:\/\/www.immobilienbusiness.ch\/it\/regionen\/2019-03-18\/luzernsued-konzept-fuer-suedallee-liegt-vor\/","og_locale":"it_IT","og_type":"article","og_title":"LuzernS\u00fcd: Konzept f\u00fcr S\u00fcdAllee liegt vor - IMMOBILIEN Business","og_description":"Die S\u00fcdAllee soll das Entwicklungsgebiet LuzernS\u00fcd vom Eichhof bis zur Horwer Seebucht verbinden. Nun wurden die Ergebnisse einer Konzeptstudie bekannt.","og_url":"https:\/\/www.immobilienbusiness.ch\/it\/regionen\/2019-03-18\/luzernsued-konzept-fuer-suedallee-liegt-vor\/","og_site_name":"IMMOBILIEN Business","article_publisher":"https:\/\/www.facebook.com\/immobilienbusiness\/","article_published_time":"2019-03-18T08:12:22+00:00","og_image":[{"width":1423,"height":1104,"url":"https:\/\/www.immobilienbusiness.ch\/wp-content\/uploads\/2019\/03\/Veilchenstrasse_LuzernSued.jpg","type":"image\/jpeg"}],"author":"anja.hall","twitter_card":"summary_large_image","twitter_image":"https:\/\/www.immobilienbusiness.ch\/wp-content\/uploads\/2019\/03\/Veilchenstrasse_LuzernSued.jpg","schema":{"@context":"https:\/\/schema.org","@graph":[{"@type":"Article","@id":"https:\/\/www.immobilienbusiness.ch\/de\/regionen\/2019-03-18\/luzernsued-konzept-fuer-suedallee-liegt-vor\/#article","isPartOf":{"@id":"https:\/\/www.immobilienbusiness.ch\/de\/regionen\/2019-03-18\/luzernsued-konzept-fuer-suedallee-liegt-vor\/"},"author":{"name":"anja.hall","@id":"https:\/\/www.immobilienbusiness.ch\/#\/schema\/person\/3fc036297b10b9f42d6db5ee932af8c8"},"headline":"LuzernS\u00fcd: Konzept f\u00fcr S\u00fcdAllee liegt vor","datePublished":"2019-03-18T08:12:22+00:00","mainEntityOfPage":{"@id":"https:\/\/www.immobilienbusiness.ch\/de\/regionen\/2019-03-18\/luzernsued-konzept-fuer-suedallee-liegt-vor\/"},"wordCount":350,"publisher":{"@id":"https:\/\/www.immobilienbusiness.ch\/#organization"},"image":{"@id":"https:\/\/www.immobilienbusiness.ch\/de\/regionen\/2019-03-18\/luzernsued-konzept-fuer-suedallee-liegt-vor\/#primaryimage"},"thumbnailUrl":"https:\/\/www.immobilienbusiness.ch\/wp-content\/uploads\/2019\/03\/Veilchenstrasse_LuzernSued.jpg","keywords":["Infrastruktur","Luzern","Stadtentwicklung"],"articleSection":["REGIONEN"],"inLanguage":"it-IT"},{"@type":"WebPage","@id":"https:\/\/www.immobilienbusiness.ch\/de\/regionen\/2019-03-18\/luzernsued-konzept-fuer-suedallee-liegt-vor\/","url":"https:\/\/www.immobilienbusiness.ch\/de\/regionen\/2019-03-18\/luzernsued-konzept-fuer-suedallee-liegt-vor\/","name":"LuzernS\u00fcd: Konzept f\u00fcr S\u00fcdAllee liegt vor - IMMOBILIEN Business","isPartOf":{"@id":"https:\/\/www.immobilienbusiness.ch\/#website"},"primaryImageOfPage":{"@id":"https:\/\/www.immobilienbusiness.ch\/de\/regionen\/2019-03-18\/luzernsued-konzept-fuer-suedallee-liegt-vor\/#primaryimage"},"image":{"@id":"https:\/\/www.immobilienbusiness.ch\/de\/regionen\/2019-03-18\/luzernsued-konzept-fuer-suedallee-liegt-vor\/#primaryimage"},"thumbnailUrl":"https:\/\/www.immobilienbusiness.ch\/wp-content\/uploads\/2019\/03\/Veilchenstrasse_LuzernSued.jpg","datePublished":"2019-03-18T08:12:22+00:00","description":"La S\u00fcdAllee \u00e8 destinata a collegare l'area di sviluppo Lucerna Sud da Eichhof alla baia del lago Horw. Sono stati resi noti i risultati di uno studio concettuale.","breadcrumb":{"@id":"https:\/\/www.immobilienbusiness.ch\/de\/regionen\/2019-03-18\/luzernsued-konzept-fuer-suedallee-liegt-vor\/#breadcrumb"},"inLanguage":"it-IT","potentialAction":[{"@type":"ReadAction","target":["https:\/\/www.immobilienbusiness.ch\/de\/regionen\/2019-03-18\/luzernsued-konzept-fuer-suedallee-liegt-vor\/"]}]},{"@type":"ImageObject","inLanguage":"it-IT","@id":"https:\/\/www.immobilienbusiness.ch\/de\/regionen\/2019-03-18\/luzernsued-konzept-fuer-suedallee-liegt-vor\/#primaryimage","url":"https:\/\/www.immobilienbusiness.ch\/wp-content\/uploads\/2019\/03\/Veilchenstrasse_LuzernSued.jpg","contentUrl":"https:\/\/www.immobilienbusiness.ch\/wp-content\/uploads\/2019\/03\/Veilchenstrasse_LuzernSued.jpg","width":1423,"height":1104,"caption":"Veilchenstrasse_LuzernSued"},{"@type":"BreadcrumbList","@id":"https:\/\/www.immobilienbusiness.ch\/de\/regionen\/2019-03-18\/luzernsued-konzept-fuer-suedallee-liegt-vor\/#breadcrumb","itemListElement":[{"@type":"ListItem","position":1,"name":"Home","item":"https:\/\/www.immobilienbusiness.ch\/"},{"@type":"ListItem","position":2,"name":"LuzernS\u00fcd: Konzept f\u00fcr S\u00fcdAllee liegt vor"}]},{"@type":"WebSite","@id":"https:\/\/www.immobilienbusiness.ch\/#website","url":"https:\/\/www.immobilienbusiness.ch\/","name":"Affari immobiliari","description":"Rivista economica indipendente svizzera che si concentra sul settore immobiliare, l'architettura e la costruzione, nonch\u00e9 sugli investimenti e i finanziamenti.","publisher":{"@id":"https:\/\/www.immobilienbusiness.ch\/#organization"},"potentialAction":[{"@type":"SearchAction","target":{"@type":"EntryPoint","urlTemplate":"https:\/\/www.immobilienbusiness.ch\/?s={search_term_string}"},"query-input":{"@type":"PropertyValueSpecification","valueRequired":true,"valueName":"search_term_string"}}],"inLanguage":"it-IT"},{"@type":"Organization","@id":"https:\/\/www.immobilienbusiness.ch\/#organization","name":"Affari immobiliari","url":"https:\/\/www.immobilienbusiness.ch\/","logo":{"@type":"ImageObject","inLanguage":"it-IT","@id":"https:\/\/www.immobilienbusiness.ch\/#\/schema\/logo\/image\/","url":"https:\/\/www.immobilienbusiness.ch\/wp-content\/uploads\/2021\/07\/logo_ib.png","contentUrl":"https:\/\/www.immobilienbusiness.ch\/wp-content\/uploads\/2021\/07\/logo_ib.png","width":800,"height":181,"caption":"IMMOBILIEN Business"},"image":{"@id":"https:\/\/www.immobilienbusiness.ch\/#\/schema\/logo\/image\/"},"sameAs":["https:\/\/www.facebook.com\/immobilienbusiness\/"]},{"@type":"Person","@id":"https:\/\/www.immobilienbusiness.ch\/#\/schema\/person\/3fc036297b10b9f42d6db5ee932af8c8","name":"anja.hall","image":{"@type":"ImageObject","inLanguage":"it-IT","@id":"https:\/\/secure.gravatar.com\/avatar\/066b5a0d447013502c71a5782f4f3469f03cfe595cc2329fb94652fe47511bfb?s=96&d=mm&r=g","url":"https:\/\/secure.gravatar.com\/avatar\/066b5a0d447013502c71a5782f4f3469f03cfe595cc2329fb94652fe47511bfb?s=96&d=mm&r=g","contentUrl":"https:\/\/secure.gravatar.com\/avatar\/066b5a0d447013502c71a5782f4f3469f03cfe595cc2329fb94652fe47511bfb?s=96&d=mm&r=g","caption":"anja.hall"},"url":"https:\/\/www.immobilienbusiness.ch\/it\/author\/anja-hall\/"}]}},"_links":{"self":[{"href":"https:\/\/www.immobilienbusiness.ch\/it\/wp-json\/wp\/v2\/posts\/16345","targetHints":{"allow":["GET"]}}],"collection":[{"href":"https:\/\/www.immobilienbusiness.ch\/it\/wp-json\/wp\/v2\/posts"}],"about":[{"href":"https:\/\/www.immobilienbusiness.ch\/it\/wp-json\/wp\/v2\/types\/post"}],"author":[{"embeddable":true,"href":"https:\/\/www.immobilienbusiness.ch\/it\/wp-json\/wp\/v2\/users\/3"}],"replies":[{"embeddable":true,"href":"https:\/\/www.immobilienbusiness.ch\/it\/wp-json\/wp\/v2\/comments?post=16345"}],"version-history":[{"count":0,"href":"https:\/\/www.immobilienbusiness.ch\/it\/wp-json\/wp\/v2\/posts\/16345\/revisions"}],"wp:featuredmedia":[{"embeddable":true,"href":"https:\/\/www.immobilienbusiness.ch\/it\/wp-json\/wp\/v2\/media\/16346"}],"wp:attachment":[{"href":"https:\/\/www.immobilienbusiness.ch\/it\/wp-json\/wp\/v2\/media?parent=16345"}],"wp:term":[{"taxonomy":"category","embeddable":true,"href":"https:\/\/www.immobilienbusiness.ch\/it\/wp-json\/wp\/v2\/categories?post=16345"},{"taxonomy":"post_tag","embeddable":true,"href":"https:\/\/www.immobilienbusiness.ch\/it\/wp-json\/wp\/v2\/tags?post=16345"}],"curies":[{"name":"wp","href":"https:\/\/api.w.org\/{rel}","templated":true}]}}