{"id":16249,"date":"2019-03-12T08:41:16","date_gmt":"2019-03-12T07:41:16","guid":{"rendered":"https:\/\/www.immobilienbusiness.ch\/?p=16249"},"modified":"2019-03-12T08:41:16","modified_gmt":"2019-03-12T07:41:16","slug":"bfw-liegenschaften-plant-aktienrueckkauf-2","status":"publish","type":"post","link":"https:\/\/www.immobilienbusiness.ch\/it\/unternehmen\/2019-03-12\/bfw-liegenschaften-plant-aktienrueckkauf-2\/","title":{"rendered":"BFW Liegenschaften pianifica il riacquisto di azioni"},"content":{"rendered":"<figure id=\"attachment_11549\" aria-describedby=\"caption-attachment-11549\" style=\"width: 680px\" class=\"wp-caption alignnone\"><img loading=\"lazy\" decoding=\"async\" class=\"wp-image-11549 size-medium\" src=\"https:\/\/www.immobilienbusiness.ch\/wp-content\/uploads\/2018\/03\/IB_News_02032018_Intershop-erh\u00f6ht-Dividende_IMMOBILIEN-Business.jpg\" alt=\"\" width=\"680\" height=\"510\" \/><figcaption id=\"caption-attachment-11549\" class=\"wp-caption-text\">BFW Liegenschaften annuncia un programma di riacquisto di azioni proprie (Immagine: depositphotos)<\/figcaption><\/figure>\n<p>BFW Liegenschaften ha raggiunto un EBIT di 26,5 milioni di franchi svizzeri nell'anno di riferimento 2018, rispetto ai 22,6 milioni di franchi svizzeri dell'anno precedente. L'utile comprensivo del reddito da rivalutazione \u00e8 passato da 18,0 a 20,6 milioni; il reddito da rivalutazione \u00e8 stato di 10,3 milioni. Il valore patrimoniale netto \u00e8 pari a CHF 42,73 (al 31.12.2018).<\/p>\n<p>All'Assemblea generale annuale 2019 sar\u00e0 proposta una distribuzione in contanti sotto forma di riduzione del valore nominale di 1,40 franchi per azione nominativa di categoria A e di 0,14 franchi per azione nominativa di categoria B, annuncia inoltre BFW Liegenschaften. Il rendimento di distribuzione sarebbe quindi di 3,3%.<\/p>\n<p>Con la pubblicazione dei dati aziendali per il 2018, la societ\u00e0 ha anche annunciato un programma di riacquisto di azioni per un massimo di 9,46% del capitale sociale. Il contesto \u00e8 quello di una \"robusta capitalizzazione\" con un rapporto di capitale proprio di 38,3% e un flusso di cassa ancora previsto dalla vendita di immobili di investimento minori.<\/p>\n<p>Di conseguenza, nel periodo compreso tra il 21 marzo e il 3 aprile 2019, \u00e8 previsto il riacquisto di un massimo di 354.000 azioni nominative di Classe A per un corrispettivo massimo di 15,93 milioni. L'offerta pubblica di riacquisto sar\u00e0 effettuata a un prezzo fisso di 45,00 franchi svizzeri per azione nominativa di Classe A, corrispondente a un premio di 4,26% sulla media dei prezzi di borsa ponderati per il volume degli ultimi 20 giorni di negoziazione (data di registrazione 08.03.2019). Beat Frischknecht intende partecipare all'offerta di riacquisto solo con le azioni nominative A detenute da BFW Group AG, ha dichiarato la societ\u00e0.<\/p>\n<p>Dopo il completamento del riacquisto di azioni, si prevede di proporre l'annullamento delle azioni riacquistate all'Assemblea generale annuale del 2019. Dopo l'approvazione dell'assemblea generale e il richiamo del debito, il capitale sociale potrebbe essere ridotto nel luglio 2019. <em>(ah)<\/em><\/p>","protected":false},"excerpt":{"rendered":"<p>BFW Liegenschaften ha presentato i risultati dell'esercizio finanziario 2018 e ha anche annunciato il riacquisto di azioni.<\/p>","protected":false},"author":3,"featured_media":11549,"comment_status":"closed","ping_status":"open","sticky":false,"template":"","format":"standard","meta":{"_acf_changed":false,"_yoast_wpseo_focuskw":"BFW","_yoast_wpseo_title":"","_yoast_wpseo_metadesc":"Die BFW Liegenschaften hat die Ergebnisse f\u00fcr das Gesch\u00e4ftsjahr 2018 vorgelegt und dabei auch den R\u00fcckkauf von Aktien angek\u00fcndigt.","_yoast_wpseo_linkdex":73,"pgc_sgb_lightbox_settings":"","footnotes":""},"categories":[988],"tags":[1010,1096,1262,1266],"class_list":["post-16249","post","type-post","status-publish","format-standard","has-post-thumbnail","hentry","category-unternehmen","tag-aktien","tag-bfw-liegenschaften-ag","tag-geschaeftsbericht","tag-geschaeftszahlen"],"acf":[],"yoast_head":"<!-- This site is optimized with the Yoast SEO plugin v27.5 - https:\/\/yoast.com\/product\/yoast-seo-wordpress\/ -->\n<title>BFW Liegenschaften plant Aktienr\u00fcckkauf - IMMOBILIEN Business<\/title>\n<meta name=\"description\" content=\"Die BFW Liegenschaften hat die Ergebnisse f\u00fcr das Gesch\u00e4ftsjahr 2018 vorgelegt und dabei auch den R\u00fcckkauf von Aktien angek\u00fcndigt.\" \/>\n<meta name=\"robots\" content=\"index, follow, max-snippet:-1, max-image-preview:large, max-video-preview:-1\" \/>\n<link rel=\"canonical\" href=\"https:\/\/www.immobilienbusiness.ch\/it\/unternehmen\/2019-03-12\/bfw-liegenschaften-plant-aktienrueckkauf-2\/\" \/>\n<meta property=\"og:locale\" content=\"it_IT\" \/>\n<meta property=\"og:type\" content=\"article\" \/>\n<meta property=\"og:title\" content=\"BFW Liegenschaften plant Aktienr\u00fcckkauf - IMMOBILIEN Business\" \/>\n<meta property=\"og:description\" content=\"Die BFW Liegenschaften hat die Ergebnisse f\u00fcr das Gesch\u00e4ftsjahr 2018 vorgelegt und dabei auch den R\u00fcckkauf von Aktien angek\u00fcndigt.\" \/>\n<meta property=\"og:url\" content=\"https:\/\/www.immobilienbusiness.ch\/it\/unternehmen\/2019-03-12\/bfw-liegenschaften-plant-aktienrueckkauf-2\/\" \/>\n<meta property=\"og:site_name\" content=\"IMMOBILIEN Business\" \/>\n<meta property=\"article:publisher\" content=\"https:\/\/www.facebook.com\/immobilienbusiness\/\" \/>\n<meta property=\"article:published_time\" content=\"2019-03-12T07:41:16+00:00\" \/>\n<meta property=\"og:image\" content=\"https:\/\/www.immobilienbusiness.ch\/wp-content\/uploads\/2019\/01\/Depositphotos_70144575_xl-2015-1024x768.jpg\" \/>\n\t<meta property=\"og:image:width\" content=\"1024\" \/>\n\t<meta property=\"og:image:height\" content=\"768\" \/>\n\t<meta property=\"og:image:type\" content=\"image\/jpeg\" \/>\n<meta name=\"author\" content=\"anja.hall\" \/>\n<meta name=\"twitter:card\" content=\"summary_large_image\" \/>\n<meta name=\"twitter:image\" content=\"https:\/\/www.immobilienbusiness.ch\/wp-content\/uploads\/2019\/01\/Depositphotos_70144575_xl-2015.jpg\" \/>\n<script type=\"application\/ld+json\" class=\"yoast-schema-graph\">{\"@context\":\"https:\\\/\\\/schema.org\",\"@graph\":[{\"@type\":\"Article\",\"@id\":\"https:\\\/\\\/www.immobilienbusiness.ch\\\/de\\\/unternehmen\\\/2019-03-12\\\/bfw-liegenschaften-plant-aktienrueckkauf-2\\\/#article\",\"isPartOf\":{\"@id\":\"https:\\\/\\\/www.immobilienbusiness.ch\\\/de\\\/unternehmen\\\/2019-03-12\\\/bfw-liegenschaften-plant-aktienrueckkauf-2\\\/\"},\"author\":{\"name\":\"anja.hall\",\"@id\":\"https:\\\/\\\/www.immobilienbusiness.ch\\\/#\\\/schema\\\/person\\\/3fc036297b10b9f42d6db5ee932af8c8\"},\"headline\":\"BFW Liegenschaften plant Aktienr\u00fcckkauf\",\"datePublished\":\"2019-03-12T07:41:16+00:00\",\"mainEntityOfPage\":{\"@id\":\"https:\\\/\\\/www.immobilienbusiness.ch\\\/de\\\/unternehmen\\\/2019-03-12\\\/bfw-liegenschaften-plant-aktienrueckkauf-2\\\/\"},\"wordCount\":246,\"publisher\":{\"@id\":\"https:\\\/\\\/www.immobilienbusiness.ch\\\/#organization\"},\"image\":{\"@id\":\"https:\\\/\\\/www.immobilienbusiness.ch\\\/de\\\/unternehmen\\\/2019-03-12\\\/bfw-liegenschaften-plant-aktienrueckkauf-2\\\/#primaryimage\"},\"thumbnailUrl\":\"https:\\\/\\\/www.immobilienbusiness.ch\\\/wp-content\\\/uploads\\\/2018\\\/03\\\/IB_News_02032018_Intershop-erhoeht-Dividende_IMMOBILIEN-Business.jpg\",\"keywords\":[\"Aktien\",\"bfw liegenschaften ag\",\"Gesch\u00e4ftsbericht\",\"Gesch\u00e4ftszahlen\"],\"articleSection\":[\"UNTERNEHMEN\"],\"inLanguage\":\"it-IT\"},{\"@type\":\"WebPage\",\"@id\":\"https:\\\/\\\/www.immobilienbusiness.ch\\\/de\\\/unternehmen\\\/2019-03-12\\\/bfw-liegenschaften-plant-aktienrueckkauf-2\\\/\",\"url\":\"https:\\\/\\\/www.immobilienbusiness.ch\\\/de\\\/unternehmen\\\/2019-03-12\\\/bfw-liegenschaften-plant-aktienrueckkauf-2\\\/\",\"name\":\"BFW Liegenschaften plant Aktienr\u00fcckkauf - IMMOBILIEN Business\",\"isPartOf\":{\"@id\":\"https:\\\/\\\/www.immobilienbusiness.ch\\\/#website\"},\"primaryImageOfPage\":{\"@id\":\"https:\\\/\\\/www.immobilienbusiness.ch\\\/de\\\/unternehmen\\\/2019-03-12\\\/bfw-liegenschaften-plant-aktienrueckkauf-2\\\/#primaryimage\"},\"image\":{\"@id\":\"https:\\\/\\\/www.immobilienbusiness.ch\\\/de\\\/unternehmen\\\/2019-03-12\\\/bfw-liegenschaften-plant-aktienrueckkauf-2\\\/#primaryimage\"},\"thumbnailUrl\":\"https:\\\/\\\/www.immobilienbusiness.ch\\\/wp-content\\\/uploads\\\/2018\\\/03\\\/IB_News_02032018_Intershop-erhoeht-Dividende_IMMOBILIEN-Business.jpg\",\"datePublished\":\"2019-03-12T07:41:16+00:00\",\"description\":\"Die BFW Liegenschaften hat die Ergebnisse f\u00fcr das Gesch\u00e4ftsjahr 2018 vorgelegt und dabei auch den R\u00fcckkauf von Aktien angek\u00fcndigt.\",\"breadcrumb\":{\"@id\":\"https:\\\/\\\/www.immobilienbusiness.ch\\\/de\\\/unternehmen\\\/2019-03-12\\\/bfw-liegenschaften-plant-aktienrueckkauf-2\\\/#breadcrumb\"},\"inLanguage\":\"it-IT\",\"potentialAction\":[{\"@type\":\"ReadAction\",\"target\":[\"https:\\\/\\\/www.immobilienbusiness.ch\\\/de\\\/unternehmen\\\/2019-03-12\\\/bfw-liegenschaften-plant-aktienrueckkauf-2\\\/\"]}]},{\"@type\":\"ImageObject\",\"inLanguage\":\"it-IT\",\"@id\":\"https:\\\/\\\/www.immobilienbusiness.ch\\\/de\\\/unternehmen\\\/2019-03-12\\\/bfw-liegenschaften-plant-aktienrueckkauf-2\\\/#primaryimage\",\"url\":\"https:\\\/\\\/www.immobilienbusiness.ch\\\/wp-content\\\/uploads\\\/2018\\\/03\\\/IB_News_02032018_Intershop-erhoeht-Dividende_IMMOBILIEN-Business.jpg\",\"contentUrl\":\"https:\\\/\\\/www.immobilienbusiness.ch\\\/wp-content\\\/uploads\\\/2018\\\/03\\\/IB_News_02032018_Intershop-erhoeht-Dividende_IMMOBILIEN-Business.jpg\",\"width\":2560,\"height\":1920},{\"@type\":\"BreadcrumbList\",\"@id\":\"https:\\\/\\\/www.immobilienbusiness.ch\\\/de\\\/unternehmen\\\/2019-03-12\\\/bfw-liegenschaften-plant-aktienrueckkauf-2\\\/#breadcrumb\",\"itemListElement\":[{\"@type\":\"ListItem\",\"position\":1,\"name\":\"Home\",\"item\":\"https:\\\/\\\/www.immobilienbusiness.ch\\\/\"},{\"@type\":\"ListItem\",\"position\":2,\"name\":\"BFW Liegenschaften plant Aktienr\u00fcckkauf\"}]},{\"@type\":\"WebSite\",\"@id\":\"https:\\\/\\\/www.immobilienbusiness.ch\\\/#website\",\"url\":\"https:\\\/\\\/www.immobilienbusiness.ch\\\/\",\"name\":\"IMMOBILIEN Business\",\"description\":\"Unabh\u00e4ngiges Schweizer Wirtschaftsmagazin mit Fokus auf Immobilien, Architektur- und Bau sowie Investment- und Finanzierung.\",\"publisher\":{\"@id\":\"https:\\\/\\\/www.immobilienbusiness.ch\\\/#organization\"},\"potentialAction\":[{\"@type\":\"SearchAction\",\"target\":{\"@type\":\"EntryPoint\",\"urlTemplate\":\"https:\\\/\\\/www.immobilienbusiness.ch\\\/?s={search_term_string}\"},\"query-input\":{\"@type\":\"PropertyValueSpecification\",\"valueRequired\":true,\"valueName\":\"search_term_string\"}}],\"inLanguage\":\"it-IT\"},{\"@type\":\"Organization\",\"@id\":\"https:\\\/\\\/www.immobilienbusiness.ch\\\/#organization\",\"name\":\"IMMOBILIEN Business\",\"url\":\"https:\\\/\\\/www.immobilienbusiness.ch\\\/\",\"logo\":{\"@type\":\"ImageObject\",\"inLanguage\":\"it-IT\",\"@id\":\"https:\\\/\\\/www.immobilienbusiness.ch\\\/#\\\/schema\\\/logo\\\/image\\\/\",\"url\":\"https:\\\/\\\/www.immobilienbusiness.ch\\\/wp-content\\\/uploads\\\/2021\\\/07\\\/logo_ib.png\",\"contentUrl\":\"https:\\\/\\\/www.immobilienbusiness.ch\\\/wp-content\\\/uploads\\\/2021\\\/07\\\/logo_ib.png\",\"width\":800,\"height\":181,\"caption\":\"IMMOBILIEN Business\"},\"image\":{\"@id\":\"https:\\\/\\\/www.immobilienbusiness.ch\\\/#\\\/schema\\\/logo\\\/image\\\/\"},\"sameAs\":[\"https:\\\/\\\/www.facebook.com\\\/immobilienbusiness\\\/\"]},{\"@type\":\"Person\",\"@id\":\"https:\\\/\\\/www.immobilienbusiness.ch\\\/#\\\/schema\\\/person\\\/3fc036297b10b9f42d6db5ee932af8c8\",\"name\":\"anja.hall\",\"image\":{\"@type\":\"ImageObject\",\"inLanguage\":\"it-IT\",\"@id\":\"https:\\\/\\\/secure.gravatar.com\\\/avatar\\\/066b5a0d447013502c71a5782f4f3469f03cfe595cc2329fb94652fe47511bfb?s=96&d=mm&r=g\",\"url\":\"https:\\\/\\\/secure.gravatar.com\\\/avatar\\\/066b5a0d447013502c71a5782f4f3469f03cfe595cc2329fb94652fe47511bfb?s=96&d=mm&r=g\",\"contentUrl\":\"https:\\\/\\\/secure.gravatar.com\\\/avatar\\\/066b5a0d447013502c71a5782f4f3469f03cfe595cc2329fb94652fe47511bfb?s=96&d=mm&r=g\",\"caption\":\"anja.hall\"},\"url\":\"https:\\\/\\\/www.immobilienbusiness.ch\\\/it\\\/author\\\/anja-hall\\\/\"}]}<\/script>\n<!-- \/ Yoast SEO plugin. -->","yoast_head_json":{"title":"BFW Liegenschaften plant Aktienr\u00fcckkauf - IMMOBILIEN Business","description":"BFW Liegenschaften ha presentato i risultati dell'esercizio finanziario 2018 e ha anche annunciato il riacquisto di azioni.","robots":{"index":"index","follow":"follow","max-snippet":"max-snippet:-1","max-image-preview":"max-image-preview:large","max-video-preview":"max-video-preview:-1"},"canonical":"https:\/\/www.immobilienbusiness.ch\/it\/unternehmen\/2019-03-12\/bfw-liegenschaften-plant-aktienrueckkauf-2\/","og_locale":"it_IT","og_type":"article","og_title":"BFW Liegenschaften plant Aktienr\u00fcckkauf - IMMOBILIEN Business","og_description":"Die BFW Liegenschaften hat die Ergebnisse f\u00fcr das Gesch\u00e4ftsjahr 2018 vorgelegt und dabei auch den R\u00fcckkauf von Aktien angek\u00fcndigt.","og_url":"https:\/\/www.immobilienbusiness.ch\/it\/unternehmen\/2019-03-12\/bfw-liegenschaften-plant-aktienrueckkauf-2\/","og_site_name":"IMMOBILIEN Business","article_publisher":"https:\/\/www.facebook.com\/immobilienbusiness\/","article_published_time":"2019-03-12T07:41:16+00:00","og_image":[{"width":1024,"height":768,"url":"https:\/\/www.immobilienbusiness.ch\/wp-content\/uploads\/2019\/01\/Depositphotos_70144575_xl-2015-1024x768.jpg","type":"image\/jpeg"}],"author":"anja.hall","twitter_card":"summary_large_image","twitter_image":"https:\/\/www.immobilienbusiness.ch\/wp-content\/uploads\/2019\/01\/Depositphotos_70144575_xl-2015.jpg","schema":{"@context":"https:\/\/schema.org","@graph":[{"@type":"Article","@id":"https:\/\/www.immobilienbusiness.ch\/de\/unternehmen\/2019-03-12\/bfw-liegenschaften-plant-aktienrueckkauf-2\/#article","isPartOf":{"@id":"https:\/\/www.immobilienbusiness.ch\/de\/unternehmen\/2019-03-12\/bfw-liegenschaften-plant-aktienrueckkauf-2\/"},"author":{"name":"anja.hall","@id":"https:\/\/www.immobilienbusiness.ch\/#\/schema\/person\/3fc036297b10b9f42d6db5ee932af8c8"},"headline":"BFW Liegenschaften plant Aktienr\u00fcckkauf","datePublished":"2019-03-12T07:41:16+00:00","mainEntityOfPage":{"@id":"https:\/\/www.immobilienbusiness.ch\/de\/unternehmen\/2019-03-12\/bfw-liegenschaften-plant-aktienrueckkauf-2\/"},"wordCount":246,"publisher":{"@id":"https:\/\/www.immobilienbusiness.ch\/#organization"},"image":{"@id":"https:\/\/www.immobilienbusiness.ch\/de\/unternehmen\/2019-03-12\/bfw-liegenschaften-plant-aktienrueckkauf-2\/#primaryimage"},"thumbnailUrl":"https:\/\/www.immobilienbusiness.ch\/wp-content\/uploads\/2018\/03\/IB_News_02032018_Intershop-erhoeht-Dividende_IMMOBILIEN-Business.jpg","keywords":["Aktien","bfw liegenschaften ag","Gesch\u00e4ftsbericht","Gesch\u00e4ftszahlen"],"articleSection":["UNTERNEHMEN"],"inLanguage":"it-IT"},{"@type":"WebPage","@id":"https:\/\/www.immobilienbusiness.ch\/de\/unternehmen\/2019-03-12\/bfw-liegenschaften-plant-aktienrueckkauf-2\/","url":"https:\/\/www.immobilienbusiness.ch\/de\/unternehmen\/2019-03-12\/bfw-liegenschaften-plant-aktienrueckkauf-2\/","name":"BFW Liegenschaften plant Aktienr\u00fcckkauf - IMMOBILIEN Business","isPartOf":{"@id":"https:\/\/www.immobilienbusiness.ch\/#website"},"primaryImageOfPage":{"@id":"https:\/\/www.immobilienbusiness.ch\/de\/unternehmen\/2019-03-12\/bfw-liegenschaften-plant-aktienrueckkauf-2\/#primaryimage"},"image":{"@id":"https:\/\/www.immobilienbusiness.ch\/de\/unternehmen\/2019-03-12\/bfw-liegenschaften-plant-aktienrueckkauf-2\/#primaryimage"},"thumbnailUrl":"https:\/\/www.immobilienbusiness.ch\/wp-content\/uploads\/2018\/03\/IB_News_02032018_Intershop-erhoeht-Dividende_IMMOBILIEN-Business.jpg","datePublished":"2019-03-12T07:41:16+00:00","description":"BFW Liegenschaften ha presentato i risultati dell'esercizio finanziario 2018 e ha anche annunciato il riacquisto di azioni.","breadcrumb":{"@id":"https:\/\/www.immobilienbusiness.ch\/de\/unternehmen\/2019-03-12\/bfw-liegenschaften-plant-aktienrueckkauf-2\/#breadcrumb"},"inLanguage":"it-IT","potentialAction":[{"@type":"ReadAction","target":["https:\/\/www.immobilienbusiness.ch\/de\/unternehmen\/2019-03-12\/bfw-liegenschaften-plant-aktienrueckkauf-2\/"]}]},{"@type":"ImageObject","inLanguage":"it-IT","@id":"https:\/\/www.immobilienbusiness.ch\/de\/unternehmen\/2019-03-12\/bfw-liegenschaften-plant-aktienrueckkauf-2\/#primaryimage","url":"https:\/\/www.immobilienbusiness.ch\/wp-content\/uploads\/2018\/03\/IB_News_02032018_Intershop-erhoeht-Dividende_IMMOBILIEN-Business.jpg","contentUrl":"https:\/\/www.immobilienbusiness.ch\/wp-content\/uploads\/2018\/03\/IB_News_02032018_Intershop-erhoeht-Dividende_IMMOBILIEN-Business.jpg","width":2560,"height":1920},{"@type":"BreadcrumbList","@id":"https:\/\/www.immobilienbusiness.ch\/de\/unternehmen\/2019-03-12\/bfw-liegenschaften-plant-aktienrueckkauf-2\/#breadcrumb","itemListElement":[{"@type":"ListItem","position":1,"name":"Home","item":"https:\/\/www.immobilienbusiness.ch\/"},{"@type":"ListItem","position":2,"name":"BFW Liegenschaften plant Aktienr\u00fcckkauf"}]},{"@type":"WebSite","@id":"https:\/\/www.immobilienbusiness.ch\/#website","url":"https:\/\/www.immobilienbusiness.ch\/","name":"Affari immobiliari","description":"Rivista economica indipendente svizzera che si concentra sul settore immobiliare, l'architettura e la costruzione, nonch\u00e9 sugli investimenti e i finanziamenti.","publisher":{"@id":"https:\/\/www.immobilienbusiness.ch\/#organization"},"potentialAction":[{"@type":"SearchAction","target":{"@type":"EntryPoint","urlTemplate":"https:\/\/www.immobilienbusiness.ch\/?s={search_term_string}"},"query-input":{"@type":"PropertyValueSpecification","valueRequired":true,"valueName":"search_term_string"}}],"inLanguage":"it-IT"},{"@type":"Organization","@id":"https:\/\/www.immobilienbusiness.ch\/#organization","name":"Affari immobiliari","url":"https:\/\/www.immobilienbusiness.ch\/","logo":{"@type":"ImageObject","inLanguage":"it-IT","@id":"https:\/\/www.immobilienbusiness.ch\/#\/schema\/logo\/image\/","url":"https:\/\/www.immobilienbusiness.ch\/wp-content\/uploads\/2021\/07\/logo_ib.png","contentUrl":"https:\/\/www.immobilienbusiness.ch\/wp-content\/uploads\/2021\/07\/logo_ib.png","width":800,"height":181,"caption":"IMMOBILIEN Business"},"image":{"@id":"https:\/\/www.immobilienbusiness.ch\/#\/schema\/logo\/image\/"},"sameAs":["https:\/\/www.facebook.com\/immobilienbusiness\/"]},{"@type":"Person","@id":"https:\/\/www.immobilienbusiness.ch\/#\/schema\/person\/3fc036297b10b9f42d6db5ee932af8c8","name":"anja.hall","image":{"@type":"ImageObject","inLanguage":"it-IT","@id":"https:\/\/secure.gravatar.com\/avatar\/066b5a0d447013502c71a5782f4f3469f03cfe595cc2329fb94652fe47511bfb?s=96&d=mm&r=g","url":"https:\/\/secure.gravatar.com\/avatar\/066b5a0d447013502c71a5782f4f3469f03cfe595cc2329fb94652fe47511bfb?s=96&d=mm&r=g","contentUrl":"https:\/\/secure.gravatar.com\/avatar\/066b5a0d447013502c71a5782f4f3469f03cfe595cc2329fb94652fe47511bfb?s=96&d=mm&r=g","caption":"anja.hall"},"url":"https:\/\/www.immobilienbusiness.ch\/it\/author\/anja-hall\/"}]}},"_links":{"self":[{"href":"https:\/\/www.immobilienbusiness.ch\/it\/wp-json\/wp\/v2\/posts\/16249","targetHints":{"allow":["GET"]}}],"collection":[{"href":"https:\/\/www.immobilienbusiness.ch\/it\/wp-json\/wp\/v2\/posts"}],"about":[{"href":"https:\/\/www.immobilienbusiness.ch\/it\/wp-json\/wp\/v2\/types\/post"}],"author":[{"embeddable":true,"href":"https:\/\/www.immobilienbusiness.ch\/it\/wp-json\/wp\/v2\/users\/3"}],"replies":[{"embeddable":true,"href":"https:\/\/www.immobilienbusiness.ch\/it\/wp-json\/wp\/v2\/comments?post=16249"}],"version-history":[{"count":0,"href":"https:\/\/www.immobilienbusiness.ch\/it\/wp-json\/wp\/v2\/posts\/16249\/revisions"}],"wp:featuredmedia":[{"embeddable":true,"href":"https:\/\/www.immobilienbusiness.ch\/it\/wp-json\/wp\/v2\/media\/11549"}],"wp:attachment":[{"href":"https:\/\/www.immobilienbusiness.ch\/it\/wp-json\/wp\/v2\/media?parent=16249"}],"wp:term":[{"taxonomy":"category","embeddable":true,"href":"https:\/\/www.immobilienbusiness.ch\/it\/wp-json\/wp\/v2\/categories?post=16249"},{"taxonomy":"post_tag","embeddable":true,"href":"https:\/\/www.immobilienbusiness.ch\/it\/wp-json\/wp\/v2\/tags?post=16249"}],"curies":[{"name":"wp","href":"https:\/\/api.w.org\/{rel}","templated":true}]}}