{"id":16209,"date":"2019-03-08T08:03:35","date_gmt":"2019-03-08T07:03:35","guid":{"rendered":"https:\/\/www.immobilienbusiness.ch\/?p=16209"},"modified":"2019-03-08T08:03:35","modified_gmt":"2019-03-08T07:03:35","slug":"zuerich-aufrichte-fuer-the-circle","status":"publish","type":"post","link":"https:\/\/www.immobilienbusiness.ch\/it\/regionen\/2019-03-08\/zuerich-aufrichte-fuer-the-circle\/","title":{"rendered":"Zurigo: in cima al cerchio"},"content":{"rendered":"<figure id=\"attachment_5171\" aria-describedby=\"caption-attachment-5171\" style=\"width: 680px\" class=\"wp-caption alignnone\"><img loading=\"lazy\" decoding=\"async\" class=\"size-medium wp-image-5171\" src=\"https:\/\/www.immobilienbusiness.ch\/wp-content\/uploads\/2016\/12\/Z\u00fcrich-Jelmoli-wird-Ankermieter-im-The-Circle-immobilien-business.jpg\" alt=\"\" width=\"680\" height=\"439\" \/><figcaption id=\"caption-attachment-5171\" class=\"wp-caption-text\">Il cerchio dell'aeroporto di Zurigo (Visualizzazione: Flughafen Z\u00fcrich AG)<\/figcaption><\/figure>\n<p>Il Circle, attualmente il pi\u00f9 grande progetto di costruzione di edifici in Svizzera, ha raggiunto un'altra pietra miliare a due anni dalla posa della prima pietra nel marzo 2017: i quattro edifici al centro hanno raggiunto la loro altezza finale, mentre i due edifici alle estremit\u00e0 nord e sud seguiranno nei prossimi mesi.<\/p>\n<p>Secondo i comproprietari, l'aeroporto di Zurigo e Swiss Life, i lavori di costruzione stanno procedendo secondo i piani. L'involucro dell'edificio \u00e8 in gran parte completato e una buona met\u00e0 degli 87 ascensori totali \u00e8 stata installata. \u00c8 in corso l'installazione delle tubature per i centri di controllo dei servizi dell'edificio.<\/p>\n<p>Anche la facciata \u00e8 diventata visibile di recente: da met\u00e0 febbraio, infatti, sono state smantellate parti del muro di protezione del primo edificio. Il muro di protezione era particolarmente necessario a causa degli edifici sporgenti contro la tangenziale - la sporgenza al decimo piano raggiunge i 13,5 metri.<\/p>\n<p>L'apertura del Circle \u00e8 prevista per il 2020. Tra le altre cose, ci saranno due hotel del Gruppo Hyatt, un centro medico dell'Ospedale universitario di Zurigo e un centro congressi per eventi con un massimo di 2.500 partecipanti. Inoltre, diverse aziende hanno affittato spazi per uffici nel Circle e ci saranno numerose strutture per la vendita al dettaglio, l'arte, la cultura, la ristorazione e l'istruzione. <em>(ah)<\/em><\/p>","protected":false},"excerpt":{"rendered":"<p> Die Miteigent\u00fcmergemeinschaft des Grossprojekts The Circle &#8211; der Flughafen Z\u00fcrich AG und Swiss Life &#8211; hat gemeinsam mit der Totalunternehmerin HRS die Real Estate Aufrichte gefeiert.<\/p>","protected":false},"author":3,"featured_media":5171,"comment_status":"closed","ping_status":"open","sticky":false,"template":"","format":"standard","meta":{"_acf_changed":false,"_yoast_wpseo_focuskw":"The Circle","_yoast_wpseo_title":"","_yoast_wpseo_metadesc":"F\u00fcr The Circle, das derzeit gr\u00f6sste Hochbauprojekt der Schweiz wurde nun die Aufrichte gefeiert.","_yoast_wpseo_linkdex":58,"pgc_sgb_lightbox_settings":"","footnotes":""},"categories":[985],"tags":[1231,1318,1599,1756,1777],"class_list":["post-16209","post","type-post","status-publish","format-standard","has-post-thumbnail","hentry","category-regionen","tag-flughafen-zuerich","tag-hrs-real-estate","tag-projekt-in-bau","tag-swiss-life","tag-the-circle"],"acf":[],"yoast_head":"<!-- This site is optimized with the Yoast SEO plugin v27.5 - https:\/\/yoast.com\/product\/yoast-seo-wordpress\/ -->\n<title>Z\u00fcrich: Aufrichte f\u00fcr The Circle - IMMOBILIEN Business<\/title>\n<meta name=\"description\" content=\"F\u00fcr The Circle, das derzeit gr\u00f6sste Hochbauprojekt der Schweiz wurde nun die Aufrichte gefeiert.\" \/>\n<meta name=\"robots\" content=\"index, follow, max-snippet:-1, max-image-preview:large, max-video-preview:-1\" \/>\n<link rel=\"canonical\" href=\"https:\/\/www.immobilienbusiness.ch\/it\/regionen\/2019-03-08\/zuerich-aufrichte-fuer-the-circle\/\" \/>\n<meta property=\"og:locale\" content=\"it_IT\" \/>\n<meta property=\"og:type\" content=\"article\" \/>\n<meta property=\"og:title\" content=\"Z\u00fcrich: Aufrichte f\u00fcr The Circle - IMMOBILIEN Business\" \/>\n<meta property=\"og:description\" content=\"F\u00fcr The Circle, das derzeit gr\u00f6sste Hochbauprojekt der Schweiz wurde nun die Aufrichte gefeiert.\" \/>\n<meta property=\"og:url\" content=\"https:\/\/www.immobilienbusiness.ch\/it\/regionen\/2019-03-08\/zuerich-aufrichte-fuer-the-circle\/\" \/>\n<meta property=\"og:site_name\" content=\"IMMOBILIEN Business\" \/>\n<meta property=\"article:publisher\" content=\"https:\/\/www.facebook.com\/immobilienbusiness\/\" \/>\n<meta property=\"article:published_time\" content=\"2019-03-08T07:03:35+00:00\" \/>\n<meta property=\"og:image\" content=\"https:\/\/www.immobilienbusiness.ch\/wp-content\/uploads\/2016\/12\/Zuerich-Jelmoli-wird-Ankermieter-im-The-Circle-immobilien-business.jpg\" \/>\n\t<meta property=\"og:image:width\" content=\"2400\" \/>\n\t<meta property=\"og:image:height\" content=\"1551\" \/>\n\t<meta property=\"og:image:type\" content=\"image\/jpeg\" \/>\n<meta name=\"author\" content=\"anja.hall\" \/>\n<meta name=\"twitter:card\" content=\"summary_large_image\" \/>\n<meta name=\"twitter:image\" content=\"https:\/\/www.immobilienbusiness.ch\/wp-content\/uploads\/2016\/12\/Z\u00fcrich-Jelmoli-wird-Ankermieter-im-The-Circle-immobilien-business.jpg\" \/>\n<script type=\"application\/ld+json\" class=\"yoast-schema-graph\">{\"@context\":\"https:\\\/\\\/schema.org\",\"@graph\":[{\"@type\":\"Article\",\"@id\":\"https:\\\/\\\/www.immobilienbusiness.ch\\\/de\\\/regionen\\\/2019-03-08\\\/zuerich-aufrichte-fuer-the-circle\\\/#article\",\"isPartOf\":{\"@id\":\"https:\\\/\\\/www.immobilienbusiness.ch\\\/de\\\/regionen\\\/2019-03-08\\\/zuerich-aufrichte-fuer-the-circle\\\/\"},\"author\":{\"name\":\"anja.hall\",\"@id\":\"https:\\\/\\\/www.immobilienbusiness.ch\\\/#\\\/schema\\\/person\\\/3fc036297b10b9f42d6db5ee932af8c8\"},\"headline\":\"Z\u00fcrich: Aufrichte f\u00fcr The Circle\",\"datePublished\":\"2019-03-08T07:03:35+00:00\",\"mainEntityOfPage\":{\"@id\":\"https:\\\/\\\/www.immobilienbusiness.ch\\\/de\\\/regionen\\\/2019-03-08\\\/zuerich-aufrichte-fuer-the-circle\\\/\"},\"wordCount\":231,\"publisher\":{\"@id\":\"https:\\\/\\\/www.immobilienbusiness.ch\\\/#organization\"},\"image\":{\"@id\":\"https:\\\/\\\/www.immobilienbusiness.ch\\\/de\\\/regionen\\\/2019-03-08\\\/zuerich-aufrichte-fuer-the-circle\\\/#primaryimage\"},\"thumbnailUrl\":\"https:\\\/\\\/www.immobilienbusiness.ch\\\/wp-content\\\/uploads\\\/2016\\\/12\\\/Zuerich-Jelmoli-wird-Ankermieter-im-The-Circle-immobilien-business.jpg\",\"keywords\":[\"Flughafen Z\u00fcrich\",\"HRS Real Estate\",\"Projekt in Bau\",\"Swiss Life\",\"The Circle\"],\"articleSection\":[\"REGIONEN\"],\"inLanguage\":\"it-IT\"},{\"@type\":\"WebPage\",\"@id\":\"https:\\\/\\\/www.immobilienbusiness.ch\\\/de\\\/regionen\\\/2019-03-08\\\/zuerich-aufrichte-fuer-the-circle\\\/\",\"url\":\"https:\\\/\\\/www.immobilienbusiness.ch\\\/de\\\/regionen\\\/2019-03-08\\\/zuerich-aufrichte-fuer-the-circle\\\/\",\"name\":\"Z\u00fcrich: Aufrichte f\u00fcr The Circle - IMMOBILIEN Business\",\"isPartOf\":{\"@id\":\"https:\\\/\\\/www.immobilienbusiness.ch\\\/#website\"},\"primaryImageOfPage\":{\"@id\":\"https:\\\/\\\/www.immobilienbusiness.ch\\\/de\\\/regionen\\\/2019-03-08\\\/zuerich-aufrichte-fuer-the-circle\\\/#primaryimage\"},\"image\":{\"@id\":\"https:\\\/\\\/www.immobilienbusiness.ch\\\/de\\\/regionen\\\/2019-03-08\\\/zuerich-aufrichte-fuer-the-circle\\\/#primaryimage\"},\"thumbnailUrl\":\"https:\\\/\\\/www.immobilienbusiness.ch\\\/wp-content\\\/uploads\\\/2016\\\/12\\\/Zuerich-Jelmoli-wird-Ankermieter-im-The-Circle-immobilien-business.jpg\",\"datePublished\":\"2019-03-08T07:03:35+00:00\",\"description\":\"F\u00fcr The Circle, das derzeit gr\u00f6sste Hochbauprojekt der Schweiz wurde nun die Aufrichte gefeiert.\",\"breadcrumb\":{\"@id\":\"https:\\\/\\\/www.immobilienbusiness.ch\\\/de\\\/regionen\\\/2019-03-08\\\/zuerich-aufrichte-fuer-the-circle\\\/#breadcrumb\"},\"inLanguage\":\"it-IT\",\"potentialAction\":[{\"@type\":\"ReadAction\",\"target\":[\"https:\\\/\\\/www.immobilienbusiness.ch\\\/de\\\/regionen\\\/2019-03-08\\\/zuerich-aufrichte-fuer-the-circle\\\/\"]}]},{\"@type\":\"ImageObject\",\"inLanguage\":\"it-IT\",\"@id\":\"https:\\\/\\\/www.immobilienbusiness.ch\\\/de\\\/regionen\\\/2019-03-08\\\/zuerich-aufrichte-fuer-the-circle\\\/#primaryimage\",\"url\":\"https:\\\/\\\/www.immobilienbusiness.ch\\\/wp-content\\\/uploads\\\/2016\\\/12\\\/Zuerich-Jelmoli-wird-Ankermieter-im-The-Circle-immobilien-business.jpg\",\"contentUrl\":\"https:\\\/\\\/www.immobilienbusiness.ch\\\/wp-content\\\/uploads\\\/2016\\\/12\\\/Zuerich-Jelmoli-wird-Ankermieter-im-The-Circle-immobilien-business.jpg\",\"width\":2400,\"height\":1551,\"caption\":\"Jelmoli wird Ankermieter im \u00abThe Circle\u00bb (Visualisierung: Flughafen Z\u00fcrich AG)\"},{\"@type\":\"BreadcrumbList\",\"@id\":\"https:\\\/\\\/www.immobilienbusiness.ch\\\/de\\\/regionen\\\/2019-03-08\\\/zuerich-aufrichte-fuer-the-circle\\\/#breadcrumb\",\"itemListElement\":[{\"@type\":\"ListItem\",\"position\":1,\"name\":\"Home\",\"item\":\"https:\\\/\\\/www.immobilienbusiness.ch\\\/\"},{\"@type\":\"ListItem\",\"position\":2,\"name\":\"Z\u00fcrich: Aufrichte f\u00fcr The Circle\"}]},{\"@type\":\"WebSite\",\"@id\":\"https:\\\/\\\/www.immobilienbusiness.ch\\\/#website\",\"url\":\"https:\\\/\\\/www.immobilienbusiness.ch\\\/\",\"name\":\"IMMOBILIEN Business\",\"description\":\"Unabh\u00e4ngiges Schweizer Wirtschaftsmagazin mit Fokus auf Immobilien, Architektur- und Bau sowie Investment- und Finanzierung.\",\"publisher\":{\"@id\":\"https:\\\/\\\/www.immobilienbusiness.ch\\\/#organization\"},\"potentialAction\":[{\"@type\":\"SearchAction\",\"target\":{\"@type\":\"EntryPoint\",\"urlTemplate\":\"https:\\\/\\\/www.immobilienbusiness.ch\\\/?s={search_term_string}\"},\"query-input\":{\"@type\":\"PropertyValueSpecification\",\"valueRequired\":true,\"valueName\":\"search_term_string\"}}],\"inLanguage\":\"it-IT\"},{\"@type\":\"Organization\",\"@id\":\"https:\\\/\\\/www.immobilienbusiness.ch\\\/#organization\",\"name\":\"IMMOBILIEN Business\",\"url\":\"https:\\\/\\\/www.immobilienbusiness.ch\\\/\",\"logo\":{\"@type\":\"ImageObject\",\"inLanguage\":\"it-IT\",\"@id\":\"https:\\\/\\\/www.immobilienbusiness.ch\\\/#\\\/schema\\\/logo\\\/image\\\/\",\"url\":\"https:\\\/\\\/www.immobilienbusiness.ch\\\/wp-content\\\/uploads\\\/2021\\\/07\\\/logo_ib.png\",\"contentUrl\":\"https:\\\/\\\/www.immobilienbusiness.ch\\\/wp-content\\\/uploads\\\/2021\\\/07\\\/logo_ib.png\",\"width\":800,\"height\":181,\"caption\":\"IMMOBILIEN Business\"},\"image\":{\"@id\":\"https:\\\/\\\/www.immobilienbusiness.ch\\\/#\\\/schema\\\/logo\\\/image\\\/\"},\"sameAs\":[\"https:\\\/\\\/www.facebook.com\\\/immobilienbusiness\\\/\"]},{\"@type\":\"Person\",\"@id\":\"https:\\\/\\\/www.immobilienbusiness.ch\\\/#\\\/schema\\\/person\\\/3fc036297b10b9f42d6db5ee932af8c8\",\"name\":\"anja.hall\",\"image\":{\"@type\":\"ImageObject\",\"inLanguage\":\"it-IT\",\"@id\":\"https:\\\/\\\/secure.gravatar.com\\\/avatar\\\/066b5a0d447013502c71a5782f4f3469f03cfe595cc2329fb94652fe47511bfb?s=96&d=mm&r=g\",\"url\":\"https:\\\/\\\/secure.gravatar.com\\\/avatar\\\/066b5a0d447013502c71a5782f4f3469f03cfe595cc2329fb94652fe47511bfb?s=96&d=mm&r=g\",\"contentUrl\":\"https:\\\/\\\/secure.gravatar.com\\\/avatar\\\/066b5a0d447013502c71a5782f4f3469f03cfe595cc2329fb94652fe47511bfb?s=96&d=mm&r=g\",\"caption\":\"anja.hall\"},\"url\":\"https:\\\/\\\/www.immobilienbusiness.ch\\\/it\\\/author\\\/anja-hall\\\/\"}]}<\/script>\n<!-- \/ Yoast SEO plugin. -->","yoast_head_json":{"title":"Z\u00fcrich: Aufrichte f\u00fcr The Circle - IMMOBILIEN Business","description":"F\u00fcr The Circle, das derzeit gr\u00f6sste Hochbauprojekt der Schweiz wurde nun die Aufrichte gefeiert.","robots":{"index":"index","follow":"follow","max-snippet":"max-snippet:-1","max-image-preview":"max-image-preview:large","max-video-preview":"max-video-preview:-1"},"canonical":"https:\/\/www.immobilienbusiness.ch\/it\/regionen\/2019-03-08\/zuerich-aufrichte-fuer-the-circle\/","og_locale":"it_IT","og_type":"article","og_title":"Z\u00fcrich: Aufrichte f\u00fcr The Circle - IMMOBILIEN Business","og_description":"F\u00fcr The Circle, das derzeit gr\u00f6sste Hochbauprojekt der Schweiz wurde nun die Aufrichte gefeiert.","og_url":"https:\/\/www.immobilienbusiness.ch\/it\/regionen\/2019-03-08\/zuerich-aufrichte-fuer-the-circle\/","og_site_name":"IMMOBILIEN Business","article_publisher":"https:\/\/www.facebook.com\/immobilienbusiness\/","article_published_time":"2019-03-08T07:03:35+00:00","og_image":[{"width":2400,"height":1551,"url":"https:\/\/www.immobilienbusiness.ch\/wp-content\/uploads\/2016\/12\/Zuerich-Jelmoli-wird-Ankermieter-im-The-Circle-immobilien-business.jpg","type":"image\/jpeg"}],"author":"anja.hall","twitter_card":"summary_large_image","twitter_image":"https:\/\/www.immobilienbusiness.ch\/wp-content\/uploads\/2016\/12\/Z\u00fcrich-Jelmoli-wird-Ankermieter-im-The-Circle-immobilien-business.jpg","schema":{"@context":"https:\/\/schema.org","@graph":[{"@type":"Article","@id":"https:\/\/www.immobilienbusiness.ch\/de\/regionen\/2019-03-08\/zuerich-aufrichte-fuer-the-circle\/#article","isPartOf":{"@id":"https:\/\/www.immobilienbusiness.ch\/de\/regionen\/2019-03-08\/zuerich-aufrichte-fuer-the-circle\/"},"author":{"name":"anja.hall","@id":"https:\/\/www.immobilienbusiness.ch\/#\/schema\/person\/3fc036297b10b9f42d6db5ee932af8c8"},"headline":"Z\u00fcrich: Aufrichte f\u00fcr The Circle","datePublished":"2019-03-08T07:03:35+00:00","mainEntityOfPage":{"@id":"https:\/\/www.immobilienbusiness.ch\/de\/regionen\/2019-03-08\/zuerich-aufrichte-fuer-the-circle\/"},"wordCount":231,"publisher":{"@id":"https:\/\/www.immobilienbusiness.ch\/#organization"},"image":{"@id":"https:\/\/www.immobilienbusiness.ch\/de\/regionen\/2019-03-08\/zuerich-aufrichte-fuer-the-circle\/#primaryimage"},"thumbnailUrl":"https:\/\/www.immobilienbusiness.ch\/wp-content\/uploads\/2016\/12\/Zuerich-Jelmoli-wird-Ankermieter-im-The-Circle-immobilien-business.jpg","keywords":["Flughafen Z\u00fcrich","HRS Real Estate","Projekt in Bau","Swiss Life","The Circle"],"articleSection":["REGIONEN"],"inLanguage":"it-IT"},{"@type":"WebPage","@id":"https:\/\/www.immobilienbusiness.ch\/de\/regionen\/2019-03-08\/zuerich-aufrichte-fuer-the-circle\/","url":"https:\/\/www.immobilienbusiness.ch\/de\/regionen\/2019-03-08\/zuerich-aufrichte-fuer-the-circle\/","name":"Z\u00fcrich: Aufrichte f\u00fcr The Circle - IMMOBILIEN Business","isPartOf":{"@id":"https:\/\/www.immobilienbusiness.ch\/#website"},"primaryImageOfPage":{"@id":"https:\/\/www.immobilienbusiness.ch\/de\/regionen\/2019-03-08\/zuerich-aufrichte-fuer-the-circle\/#primaryimage"},"image":{"@id":"https:\/\/www.immobilienbusiness.ch\/de\/regionen\/2019-03-08\/zuerich-aufrichte-fuer-the-circle\/#primaryimage"},"thumbnailUrl":"https:\/\/www.immobilienbusiness.ch\/wp-content\/uploads\/2016\/12\/Zuerich-Jelmoli-wird-Ankermieter-im-The-Circle-immobilien-business.jpg","datePublished":"2019-03-08T07:03:35+00:00","description":"F\u00fcr The Circle, das derzeit gr\u00f6sste Hochbauprojekt der Schweiz wurde nun die Aufrichte gefeiert.","breadcrumb":{"@id":"https:\/\/www.immobilienbusiness.ch\/de\/regionen\/2019-03-08\/zuerich-aufrichte-fuer-the-circle\/#breadcrumb"},"inLanguage":"it-IT","potentialAction":[{"@type":"ReadAction","target":["https:\/\/www.immobilienbusiness.ch\/de\/regionen\/2019-03-08\/zuerich-aufrichte-fuer-the-circle\/"]}]},{"@type":"ImageObject","inLanguage":"it-IT","@id":"https:\/\/www.immobilienbusiness.ch\/de\/regionen\/2019-03-08\/zuerich-aufrichte-fuer-the-circle\/#primaryimage","url":"https:\/\/www.immobilienbusiness.ch\/wp-content\/uploads\/2016\/12\/Zuerich-Jelmoli-wird-Ankermieter-im-The-Circle-immobilien-business.jpg","contentUrl":"https:\/\/www.immobilienbusiness.ch\/wp-content\/uploads\/2016\/12\/Zuerich-Jelmoli-wird-Ankermieter-im-The-Circle-immobilien-business.jpg","width":2400,"height":1551,"caption":"Jelmoli wird Ankermieter im \u00abThe Circle\u00bb (Visualisierung: Flughafen Z\u00fcrich AG)"},{"@type":"BreadcrumbList","@id":"https:\/\/www.immobilienbusiness.ch\/de\/regionen\/2019-03-08\/zuerich-aufrichte-fuer-the-circle\/#breadcrumb","itemListElement":[{"@type":"ListItem","position":1,"name":"Home","item":"https:\/\/www.immobilienbusiness.ch\/"},{"@type":"ListItem","position":2,"name":"Z\u00fcrich: Aufrichte f\u00fcr The Circle"}]},{"@type":"WebSite","@id":"https:\/\/www.immobilienbusiness.ch\/#website","url":"https:\/\/www.immobilienbusiness.ch\/","name":"Affari immobiliari","description":"Rivista economica indipendente svizzera che si concentra sul settore immobiliare, l'architettura e la costruzione, nonch\u00e9 sugli investimenti e i finanziamenti.","publisher":{"@id":"https:\/\/www.immobilienbusiness.ch\/#organization"},"potentialAction":[{"@type":"SearchAction","target":{"@type":"EntryPoint","urlTemplate":"https:\/\/www.immobilienbusiness.ch\/?s={search_term_string}"},"query-input":{"@type":"PropertyValueSpecification","valueRequired":true,"valueName":"search_term_string"}}],"inLanguage":"it-IT"},{"@type":"Organization","@id":"https:\/\/www.immobilienbusiness.ch\/#organization","name":"Affari immobiliari","url":"https:\/\/www.immobilienbusiness.ch\/","logo":{"@type":"ImageObject","inLanguage":"it-IT","@id":"https:\/\/www.immobilienbusiness.ch\/#\/schema\/logo\/image\/","url":"https:\/\/www.immobilienbusiness.ch\/wp-content\/uploads\/2021\/07\/logo_ib.png","contentUrl":"https:\/\/www.immobilienbusiness.ch\/wp-content\/uploads\/2021\/07\/logo_ib.png","width":800,"height":181,"caption":"IMMOBILIEN Business"},"image":{"@id":"https:\/\/www.immobilienbusiness.ch\/#\/schema\/logo\/image\/"},"sameAs":["https:\/\/www.facebook.com\/immobilienbusiness\/"]},{"@type":"Person","@id":"https:\/\/www.immobilienbusiness.ch\/#\/schema\/person\/3fc036297b10b9f42d6db5ee932af8c8","name":"anja.hall","image":{"@type":"ImageObject","inLanguage":"it-IT","@id":"https:\/\/secure.gravatar.com\/avatar\/066b5a0d447013502c71a5782f4f3469f03cfe595cc2329fb94652fe47511bfb?s=96&d=mm&r=g","url":"https:\/\/secure.gravatar.com\/avatar\/066b5a0d447013502c71a5782f4f3469f03cfe595cc2329fb94652fe47511bfb?s=96&d=mm&r=g","contentUrl":"https:\/\/secure.gravatar.com\/avatar\/066b5a0d447013502c71a5782f4f3469f03cfe595cc2329fb94652fe47511bfb?s=96&d=mm&r=g","caption":"anja.hall"},"url":"https:\/\/www.immobilienbusiness.ch\/it\/author\/anja-hall\/"}]}},"_links":{"self":[{"href":"https:\/\/www.immobilienbusiness.ch\/it\/wp-json\/wp\/v2\/posts\/16209","targetHints":{"allow":["GET"]}}],"collection":[{"href":"https:\/\/www.immobilienbusiness.ch\/it\/wp-json\/wp\/v2\/posts"}],"about":[{"href":"https:\/\/www.immobilienbusiness.ch\/it\/wp-json\/wp\/v2\/types\/post"}],"author":[{"embeddable":true,"href":"https:\/\/www.immobilienbusiness.ch\/it\/wp-json\/wp\/v2\/users\/3"}],"replies":[{"embeddable":true,"href":"https:\/\/www.immobilienbusiness.ch\/it\/wp-json\/wp\/v2\/comments?post=16209"}],"version-history":[{"count":0,"href":"https:\/\/www.immobilienbusiness.ch\/it\/wp-json\/wp\/v2\/posts\/16209\/revisions"}],"wp:featuredmedia":[{"embeddable":true,"href":"https:\/\/www.immobilienbusiness.ch\/it\/wp-json\/wp\/v2\/media\/5171"}],"wp:attachment":[{"href":"https:\/\/www.immobilienbusiness.ch\/it\/wp-json\/wp\/v2\/media?parent=16209"}],"wp:term":[{"taxonomy":"category","embeddable":true,"href":"https:\/\/www.immobilienbusiness.ch\/it\/wp-json\/wp\/v2\/categories?post=16209"},{"taxonomy":"post_tag","embeddable":true,"href":"https:\/\/www.immobilienbusiness.ch\/it\/wp-json\/wp\/v2\/tags?post=16209"}],"curies":[{"name":"wp","href":"https:\/\/api.w.org\/{rel}","templated":true}]}}