{"id":16204,"date":"2019-03-12T09:16:19","date_gmt":"2019-03-12T08:16:19","guid":{"rendered":"https:\/\/www.immobilienbusiness.ch\/?p=16204"},"modified":"2019-03-12T09:16:19","modified_gmt":"2019-03-12T08:16:19","slug":"cs-immobilienfonds-mit-hoeheren-ausschuettungen","status":"publish","type":"post","link":"https:\/\/www.immobilienbusiness.ch\/it\/unternehmen\/2019-03-12\/cs-immobilienfonds-mit-hoeheren-ausschuettungen\/","title":{"rendered":"Fondi immobiliari CS con distribuzioni pi\u00f9 elevate"},"content":{"rendered":"<figure id=\"attachment_12759\" aria-describedby=\"caption-attachment-12759\" style=\"width: 680px\" class=\"wp-caption alignnone\"><img loading=\"lazy\" decoding=\"async\" class=\"size-medium wp-image-12759\" src=\"https:\/\/www.immobilienbusiness.ch\/wp-content\/uploads\/2018\/05\/Depositphotos_58636529_m-2015.jpg\" alt=\"\" width=\"680\" height=\"454\" srcset=\"https:\/\/www.immobilienbusiness.ch\/wp-content\/uploads\/2018\/05\/Depositphotos_58636529_m-2015.jpg 1000w, https:\/\/www.immobilienbusiness.ch\/wp-content\/uploads\/2018\/05\/Depositphotos_58636529_m-2015-300x200.jpg 300w, https:\/\/www.immobilienbusiness.ch\/wp-content\/uploads\/2018\/05\/Depositphotos_58636529_m-2015-768x512.jpg 768w, https:\/\/www.immobilienbusiness.ch\/wp-content\/uploads\/2018\/05\/Depositphotos_58636529_m-2015-16x12.jpg 16w, https:\/\/www.immobilienbusiness.ch\/wp-content\/uploads\/2018\/05\/Depositphotos_58636529_m-2015-262x175.jpg 262w, https:\/\/www.immobilienbusiness.ch\/wp-content\/uploads\/2018\/05\/Depositphotos_58636529_m-2015-525x350.jpg 525w, https:\/\/www.immobilienbusiness.ch\/wp-content\/uploads\/2018\/05\/Depositphotos_58636529_m-2015-920x614.jpg 920w\" sizes=\"auto, (max-width: 680px) 100vw, 680px\" \/><figcaption id=\"caption-attachment-12759\" class=\"wp-caption-text\">I fondi immobiliari del Credit Suisse stanno aumentando le loro distribuzioni (Immagine: wirojsid - despositphotos)<\/figcaption><\/figure>\n<p>Secondo Credit Suisse, il Credit Suisse Real Estate Fund Green Property (CS REF Green Property) ha conseguito un rendimento dell'investimento di 4,1% nell'esercizio 2018 (anno precedente: 4,0%). La performance \u00e8 stata di -3,2TP3T, due punti percentuali al di sopra del benchmark SXI Real Estate Funds Broad (TR), che nello stesso periodo ha registrato una performance di -5,3%. La distribuzione per quota \u00e8 aumentata su base annua da 3,60 a 3,70 franchi. Il valore di mercato degli immobili \u00e8 aumentato a circa 2,55 miliardi di franchi svizzeri alla fine dell'esercizio 2018, secondo le informazioni fornite. Il tasso di mancato pagamento degli affitti \u00e8 sceso di circa 10% a 4,7% nell'anno in esame.<\/p>\n<h2>CS REF Hospitality aumenta il reddito da locazione<\/h2>\n<p>Credit Suisse Real Estate Fund Hospitality (CS REF Hospitality) ha aumentato la distribuzione da 3,10 a 3,30 franchi per quota (+6,5 %), determinando un rendimento da distribuzione di 3,8% al 31 dicembre 2018. I redditi da locazione sono leggermente aumentati da 51,9 milioni a 52,4 milioni. <a href=\"https:\/\/www.immobilienbusiness.ch\/it\/cs-ref-hospitality-verkauft-fairmont-le-montreux-palace\/\">Con la vendita del Fairmont Le Montreux Palace a Montreux nell'ottobre 2018<\/a> il rapporto di indebitamento \u00e8 stato ridotto a 25,1% dei valori di mercato alla fine dell'esercizio finanziario 2018. Secondo le informazioni fornite, il tasso di morosit\u00e0 sugli affitti si \u00e8 ridotto di oltre la met\u00e0, passando a 0,7%.<\/p>\n<p>Le 6.692 azioni annullate alla fine dell'esercizio finanziario 2017 saranno rimborsate il 27 marzo 2019, prosegue il comunicato. Alla fine dell'esercizio 2018 sono state ricevute cancellazioni per 238.660 azioni, pari al 2,7% delle azioni in circolazione. Queste azioni saranno rimborsate alla fine di marzo 2020 nel rispetto del periodo di preavviso ordinario, ha aggiunto CS.<\/p>\n<h2>CS REF LivingPlus con rendimenti significativamente pi\u00f9 elevati<\/h2>\n<p>Il Credit Suisse Real Estate Fund LivingPlus (CS REF LivingPlus) ha aumentato il suo utile netto di circa 17% a 81,1 milioni nel 2018. Tra le ragioni di questo risultato, secondo CS, vi sono i maggiori proventi da locazione di 5,4 milioni di franchi e un tasso di insolvenza locativa stabile. La distribuzione \u00e8 aumentata di 0,20 franchi a 3,50 franchi per unit\u00e0. Anche il valore di mercato degli immobili \u00e8 aumentato, raggiungendo un totale di 2,85 miliardi di franchi svizzeri nell'esercizio 2018.<\/p>\n<p>Nell'esercizio 2018 \u00e8 stato completato un immobile con 53 appartamenti a Bulle e sono state effettuate acquisizioni di immobili residenziali di recente costruzione a Pf\u00e4ffikon e San Gallo. La Ceres Tower di Pratteln, completata nel 2017, ha generato per la prima volta nel 2018 un reddito da locazione per un anno intero. <em>(ah)<\/em><\/p>","protected":false},"excerpt":{"rendered":"<p>Credit Suisse ha presentato i bilanci annuali dei suoi fondi CS REF Green Property, CS REF Hospitality e CS REF LivingPlus. Tutti e tre i fondi stanno aumentando le loro distribuzioni.<\/p>","protected":false},"author":3,"featured_media":12759,"comment_status":"closed","ping_status":"open","sticky":false,"template":"","format":"standard","meta":{"_acf_changed":false,"_yoast_wpseo_focuskw":"CS","_yoast_wpseo_title":"","_yoast_wpseo_metadesc":"Die Credit Suisse hat die Jahresabschl\u00fcsse ihrer Immobilienfonds vorgelegt. Alle drei Fonds erh\u00f6hen die Aussch\u00fcttungen.","_yoast_wpseo_linkdex":76,"pgc_sgb_lightbox_settings":"","footnotes":""},"categories":[988],"tags":[1146,1262,1266,1344],"class_list":["post-16204","post","type-post","status-publish","format-standard","has-post-thumbnail","hentry","category-unternehmen","tag-credit-suisse","tag-geschaeftsbericht","tag-geschaeftszahlen","tag-immobilienfonds"],"acf":[],"yoast_head":"<!-- This site is optimized with the Yoast SEO plugin v27.4 - https:\/\/yoast.com\/product\/yoast-seo-wordpress\/ -->\n<title>CS-Immobilienfonds mit h\u00f6heren Aussch\u00fcttungen - IMMOBILIEN Business<\/title>\n<meta name=\"description\" content=\"Die Credit Suisse hat die Jahresabschl\u00fcsse ihrer Immobilienfonds vorgelegt. Alle drei Fonds erh\u00f6hen die Aussch\u00fcttungen.\" \/>\n<meta name=\"robots\" content=\"index, follow, max-snippet:-1, max-image-preview:large, max-video-preview:-1\" \/>\n<link rel=\"canonical\" href=\"https:\/\/www.immobilienbusiness.ch\/it\/unternehmen\/2019-03-12\/cs-immobilienfonds-mit-hoeheren-ausschuettungen\/\" \/>\n<meta property=\"og:locale\" content=\"it_IT\" \/>\n<meta property=\"og:type\" content=\"article\" \/>\n<meta property=\"og:title\" content=\"CS-Immobilienfonds mit h\u00f6heren Aussch\u00fcttungen - IMMOBILIEN Business\" \/>\n<meta property=\"og:description\" content=\"Die Credit Suisse hat die Jahresabschl\u00fcsse ihrer Immobilienfonds vorgelegt. Alle drei Fonds erh\u00f6hen die Aussch\u00fcttungen.\" \/>\n<meta property=\"og:url\" content=\"https:\/\/www.immobilienbusiness.ch\/it\/unternehmen\/2019-03-12\/cs-immobilienfonds-mit-hoeheren-ausschuettungen\/\" \/>\n<meta property=\"og:site_name\" content=\"IMMOBILIEN Business\" \/>\n<meta property=\"article:publisher\" content=\"https:\/\/www.facebook.com\/immobilienbusiness\/\" \/>\n<meta property=\"article:published_time\" content=\"2019-03-12T08:16:19+00:00\" \/>\n<meta property=\"og:image\" content=\"https:\/\/www.immobilienbusiness.ch\/wp-content\/uploads\/2018\/05\/Depositphotos_58636529_m-2015.jpg\" \/>\n\t<meta property=\"og:image:width\" content=\"1000\" \/>\n\t<meta property=\"og:image:height\" content=\"667\" \/>\n\t<meta property=\"og:image:type\" content=\"image\/jpeg\" \/>\n<meta name=\"author\" content=\"anja.hall\" \/>\n<meta name=\"twitter:card\" content=\"summary_large_image\" \/>\n<meta name=\"twitter:image\" content=\"https:\/\/www.immobilienbusiness.ch\/wp-content\/uploads\/2018\/05\/Depositphotos_58636529_m-2015.jpg\" \/>\n<script type=\"application\/ld+json\" class=\"yoast-schema-graph\">{\"@context\":\"https:\\\/\\\/schema.org\",\"@graph\":[{\"@type\":\"Article\",\"@id\":\"https:\\\/\\\/www.immobilienbusiness.ch\\\/de\\\/unternehmen\\\/2019-03-12\\\/cs-immobilienfonds-mit-hoeheren-ausschuettungen\\\/#article\",\"isPartOf\":{\"@id\":\"https:\\\/\\\/www.immobilienbusiness.ch\\\/de\\\/unternehmen\\\/2019-03-12\\\/cs-immobilienfonds-mit-hoeheren-ausschuettungen\\\/\"},\"author\":{\"name\":\"anja.hall\",\"@id\":\"https:\\\/\\\/www.immobilienbusiness.ch\\\/#\\\/schema\\\/person\\\/3fc036297b10b9f42d6db5ee932af8c8\"},\"headline\":\"CS-Immobilienfonds mit h\u00f6heren Aussch\u00fcttungen\",\"datePublished\":\"2019-03-12T08:16:19+00:00\",\"mainEntityOfPage\":{\"@id\":\"https:\\\/\\\/www.immobilienbusiness.ch\\\/de\\\/unternehmen\\\/2019-03-12\\\/cs-immobilienfonds-mit-hoeheren-ausschuettungen\\\/\"},\"wordCount\":369,\"publisher\":{\"@id\":\"https:\\\/\\\/www.immobilienbusiness.ch\\\/#organization\"},\"image\":{\"@id\":\"https:\\\/\\\/www.immobilienbusiness.ch\\\/de\\\/unternehmen\\\/2019-03-12\\\/cs-immobilienfonds-mit-hoeheren-ausschuettungen\\\/#primaryimage\"},\"thumbnailUrl\":\"https:\\\/\\\/www.immobilienbusiness.ch\\\/wp-content\\\/uploads\\\/2018\\\/05\\\/Depositphotos_58636529_m-2015.jpg\",\"keywords\":[\"Credit Suisse\",\"Gesch\u00e4ftsbericht\",\"Gesch\u00e4ftszahlen\",\"Immobilienfonds\"],\"articleSection\":[\"UNTERNEHMEN\"],\"inLanguage\":\"it-IT\"},{\"@type\":\"WebPage\",\"@id\":\"https:\\\/\\\/www.immobilienbusiness.ch\\\/de\\\/unternehmen\\\/2019-03-12\\\/cs-immobilienfonds-mit-hoeheren-ausschuettungen\\\/\",\"url\":\"https:\\\/\\\/www.immobilienbusiness.ch\\\/de\\\/unternehmen\\\/2019-03-12\\\/cs-immobilienfonds-mit-hoeheren-ausschuettungen\\\/\",\"name\":\"CS-Immobilienfonds mit h\u00f6heren Aussch\u00fcttungen - IMMOBILIEN Business\",\"isPartOf\":{\"@id\":\"https:\\\/\\\/www.immobilienbusiness.ch\\\/#website\"},\"primaryImageOfPage\":{\"@id\":\"https:\\\/\\\/www.immobilienbusiness.ch\\\/de\\\/unternehmen\\\/2019-03-12\\\/cs-immobilienfonds-mit-hoeheren-ausschuettungen\\\/#primaryimage\"},\"image\":{\"@id\":\"https:\\\/\\\/www.immobilienbusiness.ch\\\/de\\\/unternehmen\\\/2019-03-12\\\/cs-immobilienfonds-mit-hoeheren-ausschuettungen\\\/#primaryimage\"},\"thumbnailUrl\":\"https:\\\/\\\/www.immobilienbusiness.ch\\\/wp-content\\\/uploads\\\/2018\\\/05\\\/Depositphotos_58636529_m-2015.jpg\",\"datePublished\":\"2019-03-12T08:16:19+00:00\",\"description\":\"Die Credit Suisse hat die Jahresabschl\u00fcsse ihrer Immobilienfonds vorgelegt. Alle drei Fonds erh\u00f6hen die Aussch\u00fcttungen.\",\"breadcrumb\":{\"@id\":\"https:\\\/\\\/www.immobilienbusiness.ch\\\/de\\\/unternehmen\\\/2019-03-12\\\/cs-immobilienfonds-mit-hoeheren-ausschuettungen\\\/#breadcrumb\"},\"inLanguage\":\"it-IT\",\"potentialAction\":[{\"@type\":\"ReadAction\",\"target\":[\"https:\\\/\\\/www.immobilienbusiness.ch\\\/de\\\/unternehmen\\\/2019-03-12\\\/cs-immobilienfonds-mit-hoeheren-ausschuettungen\\\/\"]}]},{\"@type\":\"ImageObject\",\"inLanguage\":\"it-IT\",\"@id\":\"https:\\\/\\\/www.immobilienbusiness.ch\\\/de\\\/unternehmen\\\/2019-03-12\\\/cs-immobilienfonds-mit-hoeheren-ausschuettungen\\\/#primaryimage\",\"url\":\"https:\\\/\\\/www.immobilienbusiness.ch\\\/wp-content\\\/uploads\\\/2018\\\/05\\\/Depositphotos_58636529_m-2015.jpg\",\"contentUrl\":\"https:\\\/\\\/www.immobilienbusiness.ch\\\/wp-content\\\/uploads\\\/2018\\\/05\\\/Depositphotos_58636529_m-2015.jpg\",\"width\":1000,\"height\":667,\"caption\":\"(wirojsid - despositphotos)\"},{\"@type\":\"BreadcrumbList\",\"@id\":\"https:\\\/\\\/www.immobilienbusiness.ch\\\/de\\\/unternehmen\\\/2019-03-12\\\/cs-immobilienfonds-mit-hoeheren-ausschuettungen\\\/#breadcrumb\",\"itemListElement\":[{\"@type\":\"ListItem\",\"position\":1,\"name\":\"Home\",\"item\":\"https:\\\/\\\/www.immobilienbusiness.ch\\\/\"},{\"@type\":\"ListItem\",\"position\":2,\"name\":\"CS-Immobilienfonds mit h\u00f6heren Aussch\u00fcttungen\"}]},{\"@type\":\"WebSite\",\"@id\":\"https:\\\/\\\/www.immobilienbusiness.ch\\\/#website\",\"url\":\"https:\\\/\\\/www.immobilienbusiness.ch\\\/\",\"name\":\"IMMOBILIEN Business\",\"description\":\"Unabh\u00e4ngiges Schweizer Wirtschaftsmagazin mit Fokus auf Immobilien, Architektur- und Bau sowie Investment- und Finanzierung.\",\"publisher\":{\"@id\":\"https:\\\/\\\/www.immobilienbusiness.ch\\\/#organization\"},\"potentialAction\":[{\"@type\":\"SearchAction\",\"target\":{\"@type\":\"EntryPoint\",\"urlTemplate\":\"https:\\\/\\\/www.immobilienbusiness.ch\\\/?s={search_term_string}\"},\"query-input\":{\"@type\":\"PropertyValueSpecification\",\"valueRequired\":true,\"valueName\":\"search_term_string\"}}],\"inLanguage\":\"it-IT\"},{\"@type\":\"Organization\",\"@id\":\"https:\\\/\\\/www.immobilienbusiness.ch\\\/#organization\",\"name\":\"IMMOBILIEN Business\",\"url\":\"https:\\\/\\\/www.immobilienbusiness.ch\\\/\",\"logo\":{\"@type\":\"ImageObject\",\"inLanguage\":\"it-IT\",\"@id\":\"https:\\\/\\\/www.immobilienbusiness.ch\\\/#\\\/schema\\\/logo\\\/image\\\/\",\"url\":\"https:\\\/\\\/www.immobilienbusiness.ch\\\/wp-content\\\/uploads\\\/2021\\\/07\\\/logo_ib.png\",\"contentUrl\":\"https:\\\/\\\/www.immobilienbusiness.ch\\\/wp-content\\\/uploads\\\/2021\\\/07\\\/logo_ib.png\",\"width\":800,\"height\":181,\"caption\":\"IMMOBILIEN Business\"},\"image\":{\"@id\":\"https:\\\/\\\/www.immobilienbusiness.ch\\\/#\\\/schema\\\/logo\\\/image\\\/\"},\"sameAs\":[\"https:\\\/\\\/www.facebook.com\\\/immobilienbusiness\\\/\"]},{\"@type\":\"Person\",\"@id\":\"https:\\\/\\\/www.immobilienbusiness.ch\\\/#\\\/schema\\\/person\\\/3fc036297b10b9f42d6db5ee932af8c8\",\"name\":\"anja.hall\",\"image\":{\"@type\":\"ImageObject\",\"inLanguage\":\"it-IT\",\"@id\":\"https:\\\/\\\/secure.gravatar.com\\\/avatar\\\/066b5a0d447013502c71a5782f4f3469f03cfe595cc2329fb94652fe47511bfb?s=96&d=mm&r=g\",\"url\":\"https:\\\/\\\/secure.gravatar.com\\\/avatar\\\/066b5a0d447013502c71a5782f4f3469f03cfe595cc2329fb94652fe47511bfb?s=96&d=mm&r=g\",\"contentUrl\":\"https:\\\/\\\/secure.gravatar.com\\\/avatar\\\/066b5a0d447013502c71a5782f4f3469f03cfe595cc2329fb94652fe47511bfb?s=96&d=mm&r=g\",\"caption\":\"anja.hall\"},\"url\":\"https:\\\/\\\/www.immobilienbusiness.ch\\\/it\\\/author\\\/anja-hall\\\/\"}]}<\/script>\n<!-- \/ Yoast SEO plugin. -->","yoast_head_json":{"title":"CS-Immobilienfonds mit h\u00f6heren Aussch\u00fcttungen - IMMOBILIEN Business","description":"Die Credit Suisse hat die Jahresabschl\u00fcsse ihrer Immobilienfonds vorgelegt. Alle drei Fonds erh\u00f6hen die Aussch\u00fcttungen.","robots":{"index":"index","follow":"follow","max-snippet":"max-snippet:-1","max-image-preview":"max-image-preview:large","max-video-preview":"max-video-preview:-1"},"canonical":"https:\/\/www.immobilienbusiness.ch\/it\/unternehmen\/2019-03-12\/cs-immobilienfonds-mit-hoeheren-ausschuettungen\/","og_locale":"it_IT","og_type":"article","og_title":"CS-Immobilienfonds mit h\u00f6heren Aussch\u00fcttungen - IMMOBILIEN Business","og_description":"Die Credit Suisse hat die Jahresabschl\u00fcsse ihrer Immobilienfonds vorgelegt. Alle drei Fonds erh\u00f6hen die Aussch\u00fcttungen.","og_url":"https:\/\/www.immobilienbusiness.ch\/it\/unternehmen\/2019-03-12\/cs-immobilienfonds-mit-hoeheren-ausschuettungen\/","og_site_name":"IMMOBILIEN Business","article_publisher":"https:\/\/www.facebook.com\/immobilienbusiness\/","article_published_time":"2019-03-12T08:16:19+00:00","og_image":[{"width":1000,"height":667,"url":"https:\/\/www.immobilienbusiness.ch\/wp-content\/uploads\/2018\/05\/Depositphotos_58636529_m-2015.jpg","type":"image\/jpeg"}],"author":"anja.hall","twitter_card":"summary_large_image","twitter_image":"https:\/\/www.immobilienbusiness.ch\/wp-content\/uploads\/2018\/05\/Depositphotos_58636529_m-2015.jpg","schema":{"@context":"https:\/\/schema.org","@graph":[{"@type":"Article","@id":"https:\/\/www.immobilienbusiness.ch\/de\/unternehmen\/2019-03-12\/cs-immobilienfonds-mit-hoeheren-ausschuettungen\/#article","isPartOf":{"@id":"https:\/\/www.immobilienbusiness.ch\/de\/unternehmen\/2019-03-12\/cs-immobilienfonds-mit-hoeheren-ausschuettungen\/"},"author":{"name":"anja.hall","@id":"https:\/\/www.immobilienbusiness.ch\/#\/schema\/person\/3fc036297b10b9f42d6db5ee932af8c8"},"headline":"CS-Immobilienfonds mit h\u00f6heren Aussch\u00fcttungen","datePublished":"2019-03-12T08:16:19+00:00","mainEntityOfPage":{"@id":"https:\/\/www.immobilienbusiness.ch\/de\/unternehmen\/2019-03-12\/cs-immobilienfonds-mit-hoeheren-ausschuettungen\/"},"wordCount":369,"publisher":{"@id":"https:\/\/www.immobilienbusiness.ch\/#organization"},"image":{"@id":"https:\/\/www.immobilienbusiness.ch\/de\/unternehmen\/2019-03-12\/cs-immobilienfonds-mit-hoeheren-ausschuettungen\/#primaryimage"},"thumbnailUrl":"https:\/\/www.immobilienbusiness.ch\/wp-content\/uploads\/2018\/05\/Depositphotos_58636529_m-2015.jpg","keywords":["Credit Suisse","Gesch\u00e4ftsbericht","Gesch\u00e4ftszahlen","Immobilienfonds"],"articleSection":["UNTERNEHMEN"],"inLanguage":"it-IT"},{"@type":"WebPage","@id":"https:\/\/www.immobilienbusiness.ch\/de\/unternehmen\/2019-03-12\/cs-immobilienfonds-mit-hoeheren-ausschuettungen\/","url":"https:\/\/www.immobilienbusiness.ch\/de\/unternehmen\/2019-03-12\/cs-immobilienfonds-mit-hoeheren-ausschuettungen\/","name":"CS-Immobilienfonds mit h\u00f6heren Aussch\u00fcttungen - IMMOBILIEN Business","isPartOf":{"@id":"https:\/\/www.immobilienbusiness.ch\/#website"},"primaryImageOfPage":{"@id":"https:\/\/www.immobilienbusiness.ch\/de\/unternehmen\/2019-03-12\/cs-immobilienfonds-mit-hoeheren-ausschuettungen\/#primaryimage"},"image":{"@id":"https:\/\/www.immobilienbusiness.ch\/de\/unternehmen\/2019-03-12\/cs-immobilienfonds-mit-hoeheren-ausschuettungen\/#primaryimage"},"thumbnailUrl":"https:\/\/www.immobilienbusiness.ch\/wp-content\/uploads\/2018\/05\/Depositphotos_58636529_m-2015.jpg","datePublished":"2019-03-12T08:16:19+00:00","description":"Die Credit Suisse hat die Jahresabschl\u00fcsse ihrer Immobilienfonds vorgelegt. Alle drei Fonds erh\u00f6hen die Aussch\u00fcttungen.","breadcrumb":{"@id":"https:\/\/www.immobilienbusiness.ch\/de\/unternehmen\/2019-03-12\/cs-immobilienfonds-mit-hoeheren-ausschuettungen\/#breadcrumb"},"inLanguage":"it-IT","potentialAction":[{"@type":"ReadAction","target":["https:\/\/www.immobilienbusiness.ch\/de\/unternehmen\/2019-03-12\/cs-immobilienfonds-mit-hoeheren-ausschuettungen\/"]}]},{"@type":"ImageObject","inLanguage":"it-IT","@id":"https:\/\/www.immobilienbusiness.ch\/de\/unternehmen\/2019-03-12\/cs-immobilienfonds-mit-hoeheren-ausschuettungen\/#primaryimage","url":"https:\/\/www.immobilienbusiness.ch\/wp-content\/uploads\/2018\/05\/Depositphotos_58636529_m-2015.jpg","contentUrl":"https:\/\/www.immobilienbusiness.ch\/wp-content\/uploads\/2018\/05\/Depositphotos_58636529_m-2015.jpg","width":1000,"height":667,"caption":"(wirojsid - despositphotos)"},{"@type":"BreadcrumbList","@id":"https:\/\/www.immobilienbusiness.ch\/de\/unternehmen\/2019-03-12\/cs-immobilienfonds-mit-hoeheren-ausschuettungen\/#breadcrumb","itemListElement":[{"@type":"ListItem","position":1,"name":"Home","item":"https:\/\/www.immobilienbusiness.ch\/"},{"@type":"ListItem","position":2,"name":"CS-Immobilienfonds mit h\u00f6heren Aussch\u00fcttungen"}]},{"@type":"WebSite","@id":"https:\/\/www.immobilienbusiness.ch\/#website","url":"https:\/\/www.immobilienbusiness.ch\/","name":"Affari immobiliari","description":"Rivista economica indipendente svizzera che si concentra sul settore immobiliare, l'architettura e la costruzione, nonch\u00e9 sugli investimenti e i finanziamenti.","publisher":{"@id":"https:\/\/www.immobilienbusiness.ch\/#organization"},"potentialAction":[{"@type":"SearchAction","target":{"@type":"EntryPoint","urlTemplate":"https:\/\/www.immobilienbusiness.ch\/?s={search_term_string}"},"query-input":{"@type":"PropertyValueSpecification","valueRequired":true,"valueName":"search_term_string"}}],"inLanguage":"it-IT"},{"@type":"Organization","@id":"https:\/\/www.immobilienbusiness.ch\/#organization","name":"Affari immobiliari","url":"https:\/\/www.immobilienbusiness.ch\/","logo":{"@type":"ImageObject","inLanguage":"it-IT","@id":"https:\/\/www.immobilienbusiness.ch\/#\/schema\/logo\/image\/","url":"https:\/\/www.immobilienbusiness.ch\/wp-content\/uploads\/2021\/07\/logo_ib.png","contentUrl":"https:\/\/www.immobilienbusiness.ch\/wp-content\/uploads\/2021\/07\/logo_ib.png","width":800,"height":181,"caption":"IMMOBILIEN Business"},"image":{"@id":"https:\/\/www.immobilienbusiness.ch\/#\/schema\/logo\/image\/"},"sameAs":["https:\/\/www.facebook.com\/immobilienbusiness\/"]},{"@type":"Person","@id":"https:\/\/www.immobilienbusiness.ch\/#\/schema\/person\/3fc036297b10b9f42d6db5ee932af8c8","name":"anja.hall","image":{"@type":"ImageObject","inLanguage":"it-IT","@id":"https:\/\/secure.gravatar.com\/avatar\/066b5a0d447013502c71a5782f4f3469f03cfe595cc2329fb94652fe47511bfb?s=96&d=mm&r=g","url":"https:\/\/secure.gravatar.com\/avatar\/066b5a0d447013502c71a5782f4f3469f03cfe595cc2329fb94652fe47511bfb?s=96&d=mm&r=g","contentUrl":"https:\/\/secure.gravatar.com\/avatar\/066b5a0d447013502c71a5782f4f3469f03cfe595cc2329fb94652fe47511bfb?s=96&d=mm&r=g","caption":"anja.hall"},"url":"https:\/\/www.immobilienbusiness.ch\/it\/author\/anja-hall\/"}]}},"_links":{"self":[{"href":"https:\/\/www.immobilienbusiness.ch\/it\/wp-json\/wp\/v2\/posts\/16204","targetHints":{"allow":["GET"]}}],"collection":[{"href":"https:\/\/www.immobilienbusiness.ch\/it\/wp-json\/wp\/v2\/posts"}],"about":[{"href":"https:\/\/www.immobilienbusiness.ch\/it\/wp-json\/wp\/v2\/types\/post"}],"author":[{"embeddable":true,"href":"https:\/\/www.immobilienbusiness.ch\/it\/wp-json\/wp\/v2\/users\/3"}],"replies":[{"embeddable":true,"href":"https:\/\/www.immobilienbusiness.ch\/it\/wp-json\/wp\/v2\/comments?post=16204"}],"version-history":[{"count":0,"href":"https:\/\/www.immobilienbusiness.ch\/it\/wp-json\/wp\/v2\/posts\/16204\/revisions"}],"wp:featuredmedia":[{"embeddable":true,"href":"https:\/\/www.immobilienbusiness.ch\/it\/wp-json\/wp\/v2\/media\/12759"}],"wp:attachment":[{"href":"https:\/\/www.immobilienbusiness.ch\/it\/wp-json\/wp\/v2\/media?parent=16204"}],"wp:term":[{"taxonomy":"category","embeddable":true,"href":"https:\/\/www.immobilienbusiness.ch\/it\/wp-json\/wp\/v2\/categories?post=16204"},{"taxonomy":"post_tag","embeddable":true,"href":"https:\/\/www.immobilienbusiness.ch\/it\/wp-json\/wp\/v2\/tags?post=16204"}],"curies":[{"name":"wp","href":"https:\/\/api.w.org\/{rel}","templated":true}]}}