{"id":16049,"date":"2019-02-27T09:25:56","date_gmt":"2019-02-27T08:25:56","guid":{"rendered":"https:\/\/www.immobilienbusiness.ch\/?p=16049"},"modified":"2019-02-27T09:25:56","modified_gmt":"2019-02-27T08:25:56","slug":"implenia-stellt-sich-neu-auf","status":"publish","type":"post","link":"https:\/\/www.immobilienbusiness.ch\/it\/unternehmen\/2019-02-27\/implenia-stellt-sich-neu-auf\/","title":{"rendered":"Implenia si riposiziona"},"content":{"rendered":"<figure id=\"attachment_16052\" aria-describedby=\"caption-attachment-16052\" style=\"width: 680px\" class=\"wp-caption alignnone\"><img loading=\"lazy\" decoding=\"async\" class=\"size-medium wp-image-16052\" src=\"https:\/\/www.immobilienbusiness.ch\/wp-content\/uploads\/2019\/02\/Schl\u00fcsselprojekt-Gesch\u00e4ftsbericht-2018-Slussen-SN843_Internet_3040.jpg\" alt=\"\" width=\"680\" height=\"453\" \/><figcaption id=\"caption-attachment-16052\" class=\"wp-caption-text\">Implenia si d\u00e0 una nuova struttura (Immagine: Implenia)<\/figcaption><\/figure>\n<p>Nell'esercizio 2018, Implenia ha aumentato significativamente il fatturato consolidato da circa 3,86 miliardi di franchi svizzeri a 4,36 miliardi di franchi svizzeri, soprattutto grazie al segmento Infrastrutture. Tuttavia, la redditivit\u00e0 si \u00e8 ridotta a causa della<a href=\"https:\/\/www.immobilienbusiness.ch\/it\/implenia-rechnet-mit-weniger-gewinn\/\"> Rettifiche di valore annunciate a dicembre<\/a> significativamente appesantito. L'EBITDA ammonta a 89,7 milioni dopo i 173,8 milioni dell'esercizio 2017. L'EBIT delle unit\u00e0 di business senza PPA \u00e8 pari a 40,6 milioni (anno precedente: 103,2 milioni). Il rapporto di capitale proprio \u00e8 20,5%.<\/p>\n<p>L'esame dei rischi aziendali ed economici ha evidenziato problemi in singole unit\u00e0 e progetti, afferma il gruppo edile. Questo vale in particolare per la Norvegia, per South Baden e per una filiale di Implenia Construction Germany in Polonia.<\/p>\n<h2>Spostamento di sedie sul piano gestionale<\/h2>\n<p>In futuro, Implenia intende organizzarsi in divisioni imprenditoriali, funzioni globali e un centro di competenza. Il nuovo management - il Comitato Esecutivo - \u00e8 composto da Andr\u00e9 Wyss (CEO), Adrian Wyss (Responsabile della Divisione Sviluppo e Responsabile della Divisione Specialit\u00e0 a.i.), Jens Vollmar (Responsabile della Divisione Edilizia), Ren\u00e9 Kotacka (Responsabile della Divisione Ingegneria Civile), German Gr\u00fcniger (General Counsel) e Matthias Jacob (Head Country Management).<\/p>\n<p>Beat Fellmann, ex direttore finanziario, lascia l'azienda. Come suo successore \u00e8 stato scelto Marco Dirren (1973), attuale CFO della Divisione Infrastruttura delle FFS. Christelle Beneteau sar\u00e0 il nuovo Chief Human Resources Officer (CHRO) di Implenia; recentemente \u00e8 stata Global Head of HR Business Partnering e Corporate HR Head presso LafargeHolcim. Benetau e Dirren assumeranno i loro nuovi ruoli presso Implenia a partire dal 1\u00b0 maggio 2019.<\/p>\n<p>Ci sono ulteriori cambiamenti nel Comitato esecutivo: Christof G\u00e4mperle, Business Unit Manager Austria e Romania, lascer\u00e0 Implenia, ma continuer\u00e0 a ricoprire il suo ruolo ad interim fino ad allora. Thomas Foery, responsabile delle risorse umane, e Stefan Roth, responsabile della divisione Construction Germany, lasciano il Comitato esecutivo allargato. Foery continuer\u00e0 a svolgere la sua funzione ad interim. Andr\u00e9 M\u00e9tral, responsabile della Divisione Costruzione Svizzera, lascia la Direzione generale. Tuttavia, rester\u00e0 in Implenia e manterr\u00e0 il suo attuale ruolo.<\/p>\n<p>Il 2019 sar\u00e0 un \"anno di transizione\" in cui sar\u00e0 importante stabilizzare l'attivit\u00e0 e creare le condizioni per una crescita redditizia, ha aggiunto l'azienda. Per l'esercizio in corso, l'EBITDA dovrebbe superare i 150 milioni prima degli investimenti per l'attuazione della strategia. Questi investimenti sono attualmente stimati in circa 20 milioni. Nel medio termine, il Gruppo conferma l'obiettivo di un margine EBITDA compreso tra 5,25% e 5,75%.<\/p>\n<p>Il Consiglio di amministrazione ha deciso di proporre all'Assemblea generale di Implenia SA del 26 marzo 2019 il pagamento di un dividendo ridotto di 0,50 franchi per azione (2017: 2,00 franchi per azione). <em>(ah)<\/em><\/p>","protected":false},"excerpt":{"rendered":"<p>Implenia registra un forte calo degli utili per l'esercizio 2018, nonostante la crescita delle vendite. Per posizionarsi al meglio per il futuro, il gruppo sta adottando una nuova struttura. <\/p>","protected":false},"author":3,"featured_media":16052,"comment_status":"closed","ping_status":"open","sticky":false,"template":"","format":"standard","meta":{"_acf_changed":false,"_yoast_wpseo_focuskw":"Implenia","_yoast_wpseo_title":"","_yoast_wpseo_metadesc":"Implenia hat im Gesch\u00e4ftsjahr 2018 einen Gewinneinbruch erlitten. Um sich f\u00fcr die Zukunft gut aufzustellen, gibt sich der Konzern eine neue Struktur.","_yoast_wpseo_linkdex":86,"pgc_sgb_lightbox_settings":"","footnotes":""},"categories":[988],"tags":[1262,1263,1359,1517],"class_list":["post-16049","post","type-post","status-publish","format-standard","has-post-thumbnail","hentry","category-unternehmen","tag-geschaeftsbericht","tag-geschaeftsjahr","tag-implenia","tag-neuausrichtung"],"acf":[],"yoast_head":"<!-- This site is optimized with the Yoast SEO plugin v27.5 - https:\/\/yoast.com\/product\/yoast-seo-wordpress\/ -->\n<title>Implenia stellt sich neu auf - IMMOBILIEN Business<\/title>\n<meta name=\"description\" content=\"Implenia hat im Gesch\u00e4ftsjahr 2018 einen Gewinneinbruch erlitten. Um sich f\u00fcr die Zukunft gut aufzustellen, gibt sich der Konzern eine neue Struktur.\" \/>\n<meta name=\"robots\" content=\"index, follow, max-snippet:-1, max-image-preview:large, max-video-preview:-1\" \/>\n<link rel=\"canonical\" href=\"https:\/\/www.immobilienbusiness.ch\/it\/unternehmen\/2019-02-27\/implenia-stellt-sich-neu-auf\/\" \/>\n<meta property=\"og:locale\" content=\"it_IT\" \/>\n<meta property=\"og:type\" content=\"article\" \/>\n<meta property=\"og:title\" content=\"Implenia stellt sich neu auf - IMMOBILIEN Business\" \/>\n<meta property=\"og:description\" content=\"Implenia hat im Gesch\u00e4ftsjahr 2018 einen Gewinneinbruch erlitten. Um sich f\u00fcr die Zukunft gut aufzustellen, gibt sich der Konzern eine neue Struktur.\" \/>\n<meta property=\"og:url\" content=\"https:\/\/www.immobilienbusiness.ch\/it\/unternehmen\/2019-02-27\/implenia-stellt-sich-neu-auf\/\" \/>\n<meta property=\"og:site_name\" content=\"IMMOBILIEN Business\" \/>\n<meta property=\"article:publisher\" content=\"https:\/\/www.facebook.com\/immobilienbusiness\/\" \/>\n<meta property=\"article:published_time\" content=\"2019-02-27T08:25:56+00:00\" \/>\n<meta property=\"og:image\" content=\"https:\/\/www.immobilienbusiness.ch\/wp-content\/uploads\/2019\/02\/Schluesselprojekt-Geschaeftsbericht-2018-Slussen-SN843_Internet_3040-1024x683.jpg\" \/>\n\t<meta property=\"og:image:width\" content=\"1024\" \/>\n\t<meta property=\"og:image:height\" content=\"683\" \/>\n\t<meta property=\"og:image:type\" content=\"image\/jpeg\" \/>\n<meta name=\"author\" content=\"anja.hall\" \/>\n<meta name=\"twitter:card\" content=\"summary_large_image\" \/>\n<script type=\"application\/ld+json\" class=\"yoast-schema-graph\">{\"@context\":\"https:\\\/\\\/schema.org\",\"@graph\":[{\"@type\":\"Article\",\"@id\":\"https:\\\/\\\/www.immobilienbusiness.ch\\\/de\\\/unternehmen\\\/2019-02-27\\\/implenia-stellt-sich-neu-auf\\\/#article\",\"isPartOf\":{\"@id\":\"https:\\\/\\\/www.immobilienbusiness.ch\\\/de\\\/unternehmen\\\/2019-02-27\\\/implenia-stellt-sich-neu-auf\\\/\"},\"author\":{\"name\":\"anja.hall\",\"@id\":\"https:\\\/\\\/www.immobilienbusiness.ch\\\/#\\\/schema\\\/person\\\/3fc036297b10b9f42d6db5ee932af8c8\"},\"headline\":\"Implenia stellt sich neu auf\",\"datePublished\":\"2019-02-27T08:25:56+00:00\",\"mainEntityOfPage\":{\"@id\":\"https:\\\/\\\/www.immobilienbusiness.ch\\\/de\\\/unternehmen\\\/2019-02-27\\\/implenia-stellt-sich-neu-auf\\\/\"},\"wordCount\":420,\"publisher\":{\"@id\":\"https:\\\/\\\/www.immobilienbusiness.ch\\\/#organization\"},\"image\":{\"@id\":\"https:\\\/\\\/www.immobilienbusiness.ch\\\/de\\\/unternehmen\\\/2019-02-27\\\/implenia-stellt-sich-neu-auf\\\/#primaryimage\"},\"thumbnailUrl\":\"https:\\\/\\\/www.immobilienbusiness.ch\\\/wp-content\\\/uploads\\\/2019\\\/02\\\/Schluesselprojekt-Geschaeftsbericht-2018-Slussen-SN843_Internet_3040.jpg\",\"keywords\":[\"Gesch\u00e4ftsbericht\",\"Gesch\u00e4ftsjahr\",\"Implenia\",\"Neuausrichtung\"],\"articleSection\":[\"UNTERNEHMEN\"],\"inLanguage\":\"it-IT\"},{\"@type\":\"WebPage\",\"@id\":\"https:\\\/\\\/www.immobilienbusiness.ch\\\/de\\\/unternehmen\\\/2019-02-27\\\/implenia-stellt-sich-neu-auf\\\/\",\"url\":\"https:\\\/\\\/www.immobilienbusiness.ch\\\/de\\\/unternehmen\\\/2019-02-27\\\/implenia-stellt-sich-neu-auf\\\/\",\"name\":\"Implenia stellt sich neu auf - IMMOBILIEN Business\",\"isPartOf\":{\"@id\":\"https:\\\/\\\/www.immobilienbusiness.ch\\\/#website\"},\"primaryImageOfPage\":{\"@id\":\"https:\\\/\\\/www.immobilienbusiness.ch\\\/de\\\/unternehmen\\\/2019-02-27\\\/implenia-stellt-sich-neu-auf\\\/#primaryimage\"},\"image\":{\"@id\":\"https:\\\/\\\/www.immobilienbusiness.ch\\\/de\\\/unternehmen\\\/2019-02-27\\\/implenia-stellt-sich-neu-auf\\\/#primaryimage\"},\"thumbnailUrl\":\"https:\\\/\\\/www.immobilienbusiness.ch\\\/wp-content\\\/uploads\\\/2019\\\/02\\\/Schluesselprojekt-Geschaeftsbericht-2018-Slussen-SN843_Internet_3040.jpg\",\"datePublished\":\"2019-02-27T08:25:56+00:00\",\"description\":\"Implenia hat im Gesch\u00e4ftsjahr 2018 einen Gewinneinbruch erlitten. Um sich f\u00fcr die Zukunft gut aufzustellen, gibt sich der Konzern eine neue Struktur.\",\"breadcrumb\":{\"@id\":\"https:\\\/\\\/www.immobilienbusiness.ch\\\/de\\\/unternehmen\\\/2019-02-27\\\/implenia-stellt-sich-neu-auf\\\/#breadcrumb\"},\"inLanguage\":\"it-IT\",\"potentialAction\":[{\"@type\":\"ReadAction\",\"target\":[\"https:\\\/\\\/www.immobilienbusiness.ch\\\/de\\\/unternehmen\\\/2019-02-27\\\/implenia-stellt-sich-neu-auf\\\/\"]}]},{\"@type\":\"ImageObject\",\"inLanguage\":\"it-IT\",\"@id\":\"https:\\\/\\\/www.immobilienbusiness.ch\\\/de\\\/unternehmen\\\/2019-02-27\\\/implenia-stellt-sich-neu-auf\\\/#primaryimage\",\"url\":\"https:\\\/\\\/www.immobilienbusiness.ch\\\/wp-content\\\/uploads\\\/2019\\\/02\\\/Schluesselprojekt-Geschaeftsbericht-2018-Slussen-SN843_Internet_3040.jpg\",\"contentUrl\":\"https:\\\/\\\/www.immobilienbusiness.ch\\\/wp-content\\\/uploads\\\/2019\\\/02\\\/Schluesselprojekt-Geschaeftsbericht-2018-Slussen-SN843_Internet_3040.jpg\",\"width\":1920,\"height\":1280,\"caption\":\"Implenia gibt sich eine neue Struktur (Bild: Implenia)\"},{\"@type\":\"BreadcrumbList\",\"@id\":\"https:\\\/\\\/www.immobilienbusiness.ch\\\/de\\\/unternehmen\\\/2019-02-27\\\/implenia-stellt-sich-neu-auf\\\/#breadcrumb\",\"itemListElement\":[{\"@type\":\"ListItem\",\"position\":1,\"name\":\"Home\",\"item\":\"https:\\\/\\\/www.immobilienbusiness.ch\\\/\"},{\"@type\":\"ListItem\",\"position\":2,\"name\":\"Implenia stellt sich neu auf\"}]},{\"@type\":\"WebSite\",\"@id\":\"https:\\\/\\\/www.immobilienbusiness.ch\\\/#website\",\"url\":\"https:\\\/\\\/www.immobilienbusiness.ch\\\/\",\"name\":\"IMMOBILIEN Business\",\"description\":\"Unabh\u00e4ngiges Schweizer Wirtschaftsmagazin mit Fokus auf Immobilien, Architektur- und Bau sowie Investment- und Finanzierung.\",\"publisher\":{\"@id\":\"https:\\\/\\\/www.immobilienbusiness.ch\\\/#organization\"},\"potentialAction\":[{\"@type\":\"SearchAction\",\"target\":{\"@type\":\"EntryPoint\",\"urlTemplate\":\"https:\\\/\\\/www.immobilienbusiness.ch\\\/?s={search_term_string}\"},\"query-input\":{\"@type\":\"PropertyValueSpecification\",\"valueRequired\":true,\"valueName\":\"search_term_string\"}}],\"inLanguage\":\"it-IT\"},{\"@type\":\"Organization\",\"@id\":\"https:\\\/\\\/www.immobilienbusiness.ch\\\/#organization\",\"name\":\"IMMOBILIEN Business\",\"url\":\"https:\\\/\\\/www.immobilienbusiness.ch\\\/\",\"logo\":{\"@type\":\"ImageObject\",\"inLanguage\":\"it-IT\",\"@id\":\"https:\\\/\\\/www.immobilienbusiness.ch\\\/#\\\/schema\\\/logo\\\/image\\\/\",\"url\":\"https:\\\/\\\/www.immobilienbusiness.ch\\\/wp-content\\\/uploads\\\/2021\\\/07\\\/logo_ib.png\",\"contentUrl\":\"https:\\\/\\\/www.immobilienbusiness.ch\\\/wp-content\\\/uploads\\\/2021\\\/07\\\/logo_ib.png\",\"width\":800,\"height\":181,\"caption\":\"IMMOBILIEN Business\"},\"image\":{\"@id\":\"https:\\\/\\\/www.immobilienbusiness.ch\\\/#\\\/schema\\\/logo\\\/image\\\/\"},\"sameAs\":[\"https:\\\/\\\/www.facebook.com\\\/immobilienbusiness\\\/\"]},{\"@type\":\"Person\",\"@id\":\"https:\\\/\\\/www.immobilienbusiness.ch\\\/#\\\/schema\\\/person\\\/3fc036297b10b9f42d6db5ee932af8c8\",\"name\":\"anja.hall\",\"image\":{\"@type\":\"ImageObject\",\"inLanguage\":\"it-IT\",\"@id\":\"https:\\\/\\\/secure.gravatar.com\\\/avatar\\\/066b5a0d447013502c71a5782f4f3469f03cfe595cc2329fb94652fe47511bfb?s=96&d=mm&r=g\",\"url\":\"https:\\\/\\\/secure.gravatar.com\\\/avatar\\\/066b5a0d447013502c71a5782f4f3469f03cfe595cc2329fb94652fe47511bfb?s=96&d=mm&r=g\",\"contentUrl\":\"https:\\\/\\\/secure.gravatar.com\\\/avatar\\\/066b5a0d447013502c71a5782f4f3469f03cfe595cc2329fb94652fe47511bfb?s=96&d=mm&r=g\",\"caption\":\"anja.hall\"},\"url\":\"https:\\\/\\\/www.immobilienbusiness.ch\\\/it\\\/author\\\/anja-hall\\\/\"}]}<\/script>\n<!-- \/ Yoast SEO plugin. -->","yoast_head_json":{"title":"Implenia stellt sich neu auf - IMMOBILIEN Business","description":"Implenia hat im Gesch\u00e4ftsjahr 2018 einen Gewinneinbruch erlitten. Um sich f\u00fcr die Zukunft gut aufzustellen, gibt sich der Konzern eine neue Struktur.","robots":{"index":"index","follow":"follow","max-snippet":"max-snippet:-1","max-image-preview":"max-image-preview:large","max-video-preview":"max-video-preview:-1"},"canonical":"https:\/\/www.immobilienbusiness.ch\/it\/unternehmen\/2019-02-27\/implenia-stellt-sich-neu-auf\/","og_locale":"it_IT","og_type":"article","og_title":"Implenia stellt sich neu auf - IMMOBILIEN Business","og_description":"Implenia hat im Gesch\u00e4ftsjahr 2018 einen Gewinneinbruch erlitten. Um sich f\u00fcr die Zukunft gut aufzustellen, gibt sich der Konzern eine neue Struktur.","og_url":"https:\/\/www.immobilienbusiness.ch\/it\/unternehmen\/2019-02-27\/implenia-stellt-sich-neu-auf\/","og_site_name":"IMMOBILIEN Business","article_publisher":"https:\/\/www.facebook.com\/immobilienbusiness\/","article_published_time":"2019-02-27T08:25:56+00:00","og_image":[{"width":1024,"height":683,"url":"https:\/\/www.immobilienbusiness.ch\/wp-content\/uploads\/2019\/02\/Schluesselprojekt-Geschaeftsbericht-2018-Slussen-SN843_Internet_3040-1024x683.jpg","type":"image\/jpeg"}],"author":"anja.hall","twitter_card":"summary_large_image","schema":{"@context":"https:\/\/schema.org","@graph":[{"@type":"Article","@id":"https:\/\/www.immobilienbusiness.ch\/de\/unternehmen\/2019-02-27\/implenia-stellt-sich-neu-auf\/#article","isPartOf":{"@id":"https:\/\/www.immobilienbusiness.ch\/de\/unternehmen\/2019-02-27\/implenia-stellt-sich-neu-auf\/"},"author":{"name":"anja.hall","@id":"https:\/\/www.immobilienbusiness.ch\/#\/schema\/person\/3fc036297b10b9f42d6db5ee932af8c8"},"headline":"Implenia stellt sich neu auf","datePublished":"2019-02-27T08:25:56+00:00","mainEntityOfPage":{"@id":"https:\/\/www.immobilienbusiness.ch\/de\/unternehmen\/2019-02-27\/implenia-stellt-sich-neu-auf\/"},"wordCount":420,"publisher":{"@id":"https:\/\/www.immobilienbusiness.ch\/#organization"},"image":{"@id":"https:\/\/www.immobilienbusiness.ch\/de\/unternehmen\/2019-02-27\/implenia-stellt-sich-neu-auf\/#primaryimage"},"thumbnailUrl":"https:\/\/www.immobilienbusiness.ch\/wp-content\/uploads\/2019\/02\/Schluesselprojekt-Geschaeftsbericht-2018-Slussen-SN843_Internet_3040.jpg","keywords":["Gesch\u00e4ftsbericht","Gesch\u00e4ftsjahr","Implenia","Neuausrichtung"],"articleSection":["UNTERNEHMEN"],"inLanguage":"it-IT"},{"@type":"WebPage","@id":"https:\/\/www.immobilienbusiness.ch\/de\/unternehmen\/2019-02-27\/implenia-stellt-sich-neu-auf\/","url":"https:\/\/www.immobilienbusiness.ch\/de\/unternehmen\/2019-02-27\/implenia-stellt-sich-neu-auf\/","name":"Implenia stellt sich neu auf - IMMOBILIEN Business","isPartOf":{"@id":"https:\/\/www.immobilienbusiness.ch\/#website"},"primaryImageOfPage":{"@id":"https:\/\/www.immobilienbusiness.ch\/de\/unternehmen\/2019-02-27\/implenia-stellt-sich-neu-auf\/#primaryimage"},"image":{"@id":"https:\/\/www.immobilienbusiness.ch\/de\/unternehmen\/2019-02-27\/implenia-stellt-sich-neu-auf\/#primaryimage"},"thumbnailUrl":"https:\/\/www.immobilienbusiness.ch\/wp-content\/uploads\/2019\/02\/Schluesselprojekt-Geschaeftsbericht-2018-Slussen-SN843_Internet_3040.jpg","datePublished":"2019-02-27T08:25:56+00:00","description":"Implenia hat im Gesch\u00e4ftsjahr 2018 einen Gewinneinbruch erlitten. Um sich f\u00fcr die Zukunft gut aufzustellen, gibt sich der Konzern eine neue Struktur.","breadcrumb":{"@id":"https:\/\/www.immobilienbusiness.ch\/de\/unternehmen\/2019-02-27\/implenia-stellt-sich-neu-auf\/#breadcrumb"},"inLanguage":"it-IT","potentialAction":[{"@type":"ReadAction","target":["https:\/\/www.immobilienbusiness.ch\/de\/unternehmen\/2019-02-27\/implenia-stellt-sich-neu-auf\/"]}]},{"@type":"ImageObject","inLanguage":"it-IT","@id":"https:\/\/www.immobilienbusiness.ch\/de\/unternehmen\/2019-02-27\/implenia-stellt-sich-neu-auf\/#primaryimage","url":"https:\/\/www.immobilienbusiness.ch\/wp-content\/uploads\/2019\/02\/Schluesselprojekt-Geschaeftsbericht-2018-Slussen-SN843_Internet_3040.jpg","contentUrl":"https:\/\/www.immobilienbusiness.ch\/wp-content\/uploads\/2019\/02\/Schluesselprojekt-Geschaeftsbericht-2018-Slussen-SN843_Internet_3040.jpg","width":1920,"height":1280,"caption":"Implenia gibt sich eine neue Struktur (Bild: Implenia)"},{"@type":"BreadcrumbList","@id":"https:\/\/www.immobilienbusiness.ch\/de\/unternehmen\/2019-02-27\/implenia-stellt-sich-neu-auf\/#breadcrumb","itemListElement":[{"@type":"ListItem","position":1,"name":"Home","item":"https:\/\/www.immobilienbusiness.ch\/"},{"@type":"ListItem","position":2,"name":"Implenia stellt sich neu auf"}]},{"@type":"WebSite","@id":"https:\/\/www.immobilienbusiness.ch\/#website","url":"https:\/\/www.immobilienbusiness.ch\/","name":"Affari immobiliari","description":"Rivista economica indipendente svizzera che si concentra sul settore immobiliare, l'architettura e la costruzione, nonch\u00e9 sugli investimenti e i finanziamenti.","publisher":{"@id":"https:\/\/www.immobilienbusiness.ch\/#organization"},"potentialAction":[{"@type":"SearchAction","target":{"@type":"EntryPoint","urlTemplate":"https:\/\/www.immobilienbusiness.ch\/?s={search_term_string}"},"query-input":{"@type":"PropertyValueSpecification","valueRequired":true,"valueName":"search_term_string"}}],"inLanguage":"it-IT"},{"@type":"Organization","@id":"https:\/\/www.immobilienbusiness.ch\/#organization","name":"Affari immobiliari","url":"https:\/\/www.immobilienbusiness.ch\/","logo":{"@type":"ImageObject","inLanguage":"it-IT","@id":"https:\/\/www.immobilienbusiness.ch\/#\/schema\/logo\/image\/","url":"https:\/\/www.immobilienbusiness.ch\/wp-content\/uploads\/2021\/07\/logo_ib.png","contentUrl":"https:\/\/www.immobilienbusiness.ch\/wp-content\/uploads\/2021\/07\/logo_ib.png","width":800,"height":181,"caption":"IMMOBILIEN Business"},"image":{"@id":"https:\/\/www.immobilienbusiness.ch\/#\/schema\/logo\/image\/"},"sameAs":["https:\/\/www.facebook.com\/immobilienbusiness\/"]},{"@type":"Person","@id":"https:\/\/www.immobilienbusiness.ch\/#\/schema\/person\/3fc036297b10b9f42d6db5ee932af8c8","name":"anja.hall","image":{"@type":"ImageObject","inLanguage":"it-IT","@id":"https:\/\/secure.gravatar.com\/avatar\/066b5a0d447013502c71a5782f4f3469f03cfe595cc2329fb94652fe47511bfb?s=96&d=mm&r=g","url":"https:\/\/secure.gravatar.com\/avatar\/066b5a0d447013502c71a5782f4f3469f03cfe595cc2329fb94652fe47511bfb?s=96&d=mm&r=g","contentUrl":"https:\/\/secure.gravatar.com\/avatar\/066b5a0d447013502c71a5782f4f3469f03cfe595cc2329fb94652fe47511bfb?s=96&d=mm&r=g","caption":"anja.hall"},"url":"https:\/\/www.immobilienbusiness.ch\/it\/author\/anja-hall\/"}]}},"_links":{"self":[{"href":"https:\/\/www.immobilienbusiness.ch\/it\/wp-json\/wp\/v2\/posts\/16049","targetHints":{"allow":["GET"]}}],"collection":[{"href":"https:\/\/www.immobilienbusiness.ch\/it\/wp-json\/wp\/v2\/posts"}],"about":[{"href":"https:\/\/www.immobilienbusiness.ch\/it\/wp-json\/wp\/v2\/types\/post"}],"author":[{"embeddable":true,"href":"https:\/\/www.immobilienbusiness.ch\/it\/wp-json\/wp\/v2\/users\/3"}],"replies":[{"embeddable":true,"href":"https:\/\/www.immobilienbusiness.ch\/it\/wp-json\/wp\/v2\/comments?post=16049"}],"version-history":[{"count":0,"href":"https:\/\/www.immobilienbusiness.ch\/it\/wp-json\/wp\/v2\/posts\/16049\/revisions"}],"wp:featuredmedia":[{"embeddable":true,"href":"https:\/\/www.immobilienbusiness.ch\/it\/wp-json\/wp\/v2\/media\/16052"}],"wp:attachment":[{"href":"https:\/\/www.immobilienbusiness.ch\/it\/wp-json\/wp\/v2\/media?parent=16049"}],"wp:term":[{"taxonomy":"category","embeddable":true,"href":"https:\/\/www.immobilienbusiness.ch\/it\/wp-json\/wp\/v2\/categories?post=16049"},{"taxonomy":"post_tag","embeddable":true,"href":"https:\/\/www.immobilienbusiness.ch\/it\/wp-json\/wp\/v2\/tags?post=16049"}],"curies":[{"name":"wp","href":"https:\/\/api.w.org\/{rel}","templated":true}]}}