{"id":15972,"date":"2019-02-20T09:11:30","date_gmt":"2019-02-20T08:11:30","guid":{"rendered":"https:\/\/www.immobilienbusiness.ch\/?p=15972"},"modified":"2019-02-20T09:11:30","modified_gmt":"2019-02-20T08:11:30","slug":"fundamenta-lanciert-immobilien-anlagestiftung","status":"publish","type":"post","link":"https:\/\/www.immobilienbusiness.ch\/it\/unternehmen\/2019-02-20\/fundamenta-lanciert-immobilien-anlagestiftung\/","title":{"rendered":"Fundamenta lancia una fondazione di investimento immobiliare"},"content":{"rendered":"<figure id=\"attachment_10690\" aria-describedby=\"caption-attachment-10690\" style=\"width: 680px\" class=\"wp-caption alignnone\"><img loading=\"lazy\" decoding=\"async\" class=\"size-medium wp-image-10690\" src=\"https:\/\/www.immobilienbusiness.ch\/wp-content\/uploads\/2017\/12\/IB-News-20171221-Helvetica-Swiss-Commercial-Fonds-erfolgreiche-Kapitalerh\u00f6hung-c-Pixabay.png\" alt=\"\" width=\"680\" height=\"453\" \/><figcaption id=\"caption-attachment-10690\" class=\"wp-caption-text\">Il Gruppo Fundamenta lancia una fondazione di investimento (Immagine: Pixabay)<\/figcaption><\/figure>\n<p>Con il lancio della fondazione d'investimento, che operer\u00e0 sotto il nome di Fundamenta Group Investment Foundation, verr\u00e0 lanciato anche il gruppo d'investimento Swiss Real Estate, ha annunciato Fundamenta. Il primo numero \u00e8 previsto per il secondo trimestre di quest'anno.<\/p>\n<p>L'obiettivo \u00e8 costruire ed espandere un portafoglio immobiliare sostenibile. L'attenzione si concentra sugli investimenti diretti in immobili ad uso residenziale e commerciale in Svizzera. La quota di reddito da locazione per uso residenziale deve essere pari ad almeno 60%. Secondo Fundamenta, le allocazioni saranno effettuate a favore di immobili esistenti con prospettive di guadagno sostenibili e di immobili esistenti con potenziale di sviluppo. Il portafoglio comprender\u00e0 anche investimenti in progetti di nuova costruzione e sviluppo.<\/p>\n<p>Il consiglio di fondazione designato della fondazione d'investimento \u00e8 presieduto dal dottor Wolf S. Seidel, titolare dello studio legale Seidel &amp; Partner. I membri del consiglio di fondazione sono il Prof. Dr. John Davidson dell'IFZ\/HSLU, Alex Widmer, amministratore delegato di HEV Lucerna e Immo AG, e Daniel Kuster, CEO Fundamenta Group (Svizzera) AG. In qualit\u00e0 di rappresentante del fondatore, Kuster assumer\u00e0 la direzione della fondazione insieme a Thomas Hiestand, CFO di Fundamenta Group (Schweiz) AG. <em>(ah)<\/em><\/p>","protected":false},"excerpt":{"rendered":"<p>Il gestore patrimoniale Fundamenta Group vuole lanciare una fondazione di investimento per le pensioni professionali. L'attenzione si concentrer\u00e0 sugli investimenti collettivi e sui servizi immobiliari. <\/p>","protected":false},"author":3,"featured_media":10690,"comment_status":"closed","ping_status":"open","sticky":false,"template":"","format":"standard","meta":{"_acf_changed":false,"_yoast_wpseo_focuskw":"Fundamenta","_yoast_wpseo_title":"","_yoast_wpseo_metadesc":"Der Asset Manager Fundamenta Group will eine Anlagestiftung lancieren. Investiert werden soll in Wohn- und Gewerbeliegenschaften.","_yoast_wpseo_linkdex":44,"pgc_sgb_lightbox_settings":"","footnotes":""},"categories":[988],"tags":[1028,1030,1252,1863],"class_list":["post-15972","post","type-post","status-publish","format-standard","has-post-thumbnail","hentry","category-unternehmen","tag-anlagegruppe","tag-anlagestiftung","tag-fundamenta","tag-wohnimmobilien"],"acf":[],"yoast_head":"<!-- This site is optimized with the Yoast SEO plugin v27.4 - https:\/\/yoast.com\/product\/yoast-seo-wordpress\/ -->\n<title>Fundamenta lanciert Immobilien-Anlagestiftung - IMMOBILIEN Business<\/title>\n<meta name=\"description\" content=\"Der Asset Manager Fundamenta Group will eine Anlagestiftung lancieren. Investiert werden soll in Wohn- und Gewerbeliegenschaften.\" \/>\n<meta name=\"robots\" content=\"index, follow, max-snippet:-1, max-image-preview:large, max-video-preview:-1\" \/>\n<link rel=\"canonical\" href=\"https:\/\/www.immobilienbusiness.ch\/it\/unternehmen\/2019-02-20\/fundamenta-lanciert-immobilien-anlagestiftung\/\" \/>\n<meta property=\"og:locale\" content=\"it_IT\" \/>\n<meta property=\"og:type\" content=\"article\" \/>\n<meta property=\"og:title\" content=\"Fundamenta lanciert Immobilien-Anlagestiftung - IMMOBILIEN Business\" \/>\n<meta property=\"og:description\" content=\"Der Asset Manager Fundamenta Group will eine Anlagestiftung lancieren. Investiert werden soll in Wohn- und Gewerbeliegenschaften.\" \/>\n<meta property=\"og:url\" content=\"https:\/\/www.immobilienbusiness.ch\/it\/unternehmen\/2019-02-20\/fundamenta-lanciert-immobilien-anlagestiftung\/\" \/>\n<meta property=\"og:site_name\" content=\"IMMOBILIEN Business\" \/>\n<meta property=\"article:publisher\" content=\"https:\/\/www.facebook.com\/immobilienbusiness\/\" \/>\n<meta property=\"article:published_time\" content=\"2019-02-20T08:11:30+00:00\" \/>\n<meta property=\"og:image\" content=\"https:\/\/www.immobilienbusiness.ch\/wp-content\/uploads\/2017\/12\/IB-News-20171221-Helvetica-Swiss-Commercial-Fonds-erfolgreiche-Kapitalerhoehung-c-Pixabay-1024x683.png\" \/>\n\t<meta property=\"og:image:width\" content=\"1024\" \/>\n\t<meta property=\"og:image:height\" content=\"683\" \/>\n\t<meta property=\"og:image:type\" content=\"image\/png\" \/>\n<meta name=\"author\" content=\"anja.hall\" \/>\n<meta name=\"twitter:card\" content=\"summary_large_image\" \/>\n<meta name=\"twitter:image\" content=\"https:\/\/www.immobilienbusiness.ch\/wp-content\/uploads\/2017\/12\/IB-News-20171221-Helvetica-Swiss-Commercial-Fonds-erfolgreiche-Kapitalerh\u00f6hung-c-Pixabay.png\" \/>\n<script type=\"application\/ld+json\" class=\"yoast-schema-graph\">{\"@context\":\"https:\\\/\\\/schema.org\",\"@graph\":[{\"@type\":\"Article\",\"@id\":\"https:\\\/\\\/www.immobilienbusiness.ch\\\/de\\\/unternehmen\\\/2019-02-20\\\/fundamenta-lanciert-immobilien-anlagestiftung\\\/#article\",\"isPartOf\":{\"@id\":\"https:\\\/\\\/www.immobilienbusiness.ch\\\/de\\\/unternehmen\\\/2019-02-20\\\/fundamenta-lanciert-immobilien-anlagestiftung\\\/\"},\"author\":{\"name\":\"anja.hall\",\"@id\":\"https:\\\/\\\/www.immobilienbusiness.ch\\\/#\\\/schema\\\/person\\\/3fc036297b10b9f42d6db5ee932af8c8\"},\"headline\":\"Fundamenta lanciert Immobilien-Anlagestiftung\",\"datePublished\":\"2019-02-20T08:11:30+00:00\",\"mainEntityOfPage\":{\"@id\":\"https:\\\/\\\/www.immobilienbusiness.ch\\\/de\\\/unternehmen\\\/2019-02-20\\\/fundamenta-lanciert-immobilien-anlagestiftung\\\/\"},\"wordCount\":188,\"publisher\":{\"@id\":\"https:\\\/\\\/www.immobilienbusiness.ch\\\/#organization\"},\"image\":{\"@id\":\"https:\\\/\\\/www.immobilienbusiness.ch\\\/de\\\/unternehmen\\\/2019-02-20\\\/fundamenta-lanciert-immobilien-anlagestiftung\\\/#primaryimage\"},\"thumbnailUrl\":\"https:\\\/\\\/www.immobilienbusiness.ch\\\/wp-content\\\/uploads\\\/2017\\\/12\\\/IB-News-20171221-Helvetica-Swiss-Commercial-Fonds-erfolgreiche-Kapitalerhoehung-c-Pixabay.png\",\"keywords\":[\"Anlagegruppe\",\"Anlagestiftung\",\"Fundamenta\",\"Wohnimmobilien\"],\"articleSection\":[\"UNTERNEHMEN\"],\"inLanguage\":\"it-IT\"},{\"@type\":\"WebPage\",\"@id\":\"https:\\\/\\\/www.immobilienbusiness.ch\\\/de\\\/unternehmen\\\/2019-02-20\\\/fundamenta-lanciert-immobilien-anlagestiftung\\\/\",\"url\":\"https:\\\/\\\/www.immobilienbusiness.ch\\\/de\\\/unternehmen\\\/2019-02-20\\\/fundamenta-lanciert-immobilien-anlagestiftung\\\/\",\"name\":\"Fundamenta lanciert Immobilien-Anlagestiftung - IMMOBILIEN Business\",\"isPartOf\":{\"@id\":\"https:\\\/\\\/www.immobilienbusiness.ch\\\/#website\"},\"primaryImageOfPage\":{\"@id\":\"https:\\\/\\\/www.immobilienbusiness.ch\\\/de\\\/unternehmen\\\/2019-02-20\\\/fundamenta-lanciert-immobilien-anlagestiftung\\\/#primaryimage\"},\"image\":{\"@id\":\"https:\\\/\\\/www.immobilienbusiness.ch\\\/de\\\/unternehmen\\\/2019-02-20\\\/fundamenta-lanciert-immobilien-anlagestiftung\\\/#primaryimage\"},\"thumbnailUrl\":\"https:\\\/\\\/www.immobilienbusiness.ch\\\/wp-content\\\/uploads\\\/2017\\\/12\\\/IB-News-20171221-Helvetica-Swiss-Commercial-Fonds-erfolgreiche-Kapitalerhoehung-c-Pixabay.png\",\"datePublished\":\"2019-02-20T08:11:30+00:00\",\"description\":\"Der Asset Manager Fundamenta Group will eine Anlagestiftung lancieren. Investiert werden soll in Wohn- und Gewerbeliegenschaften.\",\"breadcrumb\":{\"@id\":\"https:\\\/\\\/www.immobilienbusiness.ch\\\/de\\\/unternehmen\\\/2019-02-20\\\/fundamenta-lanciert-immobilien-anlagestiftung\\\/#breadcrumb\"},\"inLanguage\":\"it-IT\",\"potentialAction\":[{\"@type\":\"ReadAction\",\"target\":[\"https:\\\/\\\/www.immobilienbusiness.ch\\\/de\\\/unternehmen\\\/2019-02-20\\\/fundamenta-lanciert-immobilien-anlagestiftung\\\/\"]}]},{\"@type\":\"ImageObject\",\"inLanguage\":\"it-IT\",\"@id\":\"https:\\\/\\\/www.immobilienbusiness.ch\\\/de\\\/unternehmen\\\/2019-02-20\\\/fundamenta-lanciert-immobilien-anlagestiftung\\\/#primaryimage\",\"url\":\"https:\\\/\\\/www.immobilienbusiness.ch\\\/wp-content\\\/uploads\\\/2017\\\/12\\\/IB-News-20171221-Helvetica-Swiss-Commercial-Fonds-erfolgreiche-Kapitalerhoehung-c-Pixabay.png\",\"contentUrl\":\"https:\\\/\\\/www.immobilienbusiness.ch\\\/wp-content\\\/uploads\\\/2017\\\/12\\\/IB-News-20171221-Helvetica-Swiss-Commercial-Fonds-erfolgreiche-Kapitalerhoehung-c-Pixabay.png\",\"width\":1200,\"height\":800,\"caption\":\"Der Commercial-Fonds von Helvetica hat seinen Gesch\u00e4ftsbericht vorgelegt (Bild: SFP AST)\"},{\"@type\":\"BreadcrumbList\",\"@id\":\"https:\\\/\\\/www.immobilienbusiness.ch\\\/de\\\/unternehmen\\\/2019-02-20\\\/fundamenta-lanciert-immobilien-anlagestiftung\\\/#breadcrumb\",\"itemListElement\":[{\"@type\":\"ListItem\",\"position\":1,\"name\":\"Home\",\"item\":\"https:\\\/\\\/www.immobilienbusiness.ch\\\/\"},{\"@type\":\"ListItem\",\"position\":2,\"name\":\"Fundamenta lanciert Immobilien-Anlagestiftung\"}]},{\"@type\":\"WebSite\",\"@id\":\"https:\\\/\\\/www.immobilienbusiness.ch\\\/#website\",\"url\":\"https:\\\/\\\/www.immobilienbusiness.ch\\\/\",\"name\":\"IMMOBILIEN Business\",\"description\":\"Unabh\u00e4ngiges Schweizer Wirtschaftsmagazin mit Fokus auf Immobilien, Architektur- und Bau sowie Investment- und Finanzierung.\",\"publisher\":{\"@id\":\"https:\\\/\\\/www.immobilienbusiness.ch\\\/#organization\"},\"potentialAction\":[{\"@type\":\"SearchAction\",\"target\":{\"@type\":\"EntryPoint\",\"urlTemplate\":\"https:\\\/\\\/www.immobilienbusiness.ch\\\/?s={search_term_string}\"},\"query-input\":{\"@type\":\"PropertyValueSpecification\",\"valueRequired\":true,\"valueName\":\"search_term_string\"}}],\"inLanguage\":\"it-IT\"},{\"@type\":\"Organization\",\"@id\":\"https:\\\/\\\/www.immobilienbusiness.ch\\\/#organization\",\"name\":\"IMMOBILIEN Business\",\"url\":\"https:\\\/\\\/www.immobilienbusiness.ch\\\/\",\"logo\":{\"@type\":\"ImageObject\",\"inLanguage\":\"it-IT\",\"@id\":\"https:\\\/\\\/www.immobilienbusiness.ch\\\/#\\\/schema\\\/logo\\\/image\\\/\",\"url\":\"https:\\\/\\\/www.immobilienbusiness.ch\\\/wp-content\\\/uploads\\\/2021\\\/07\\\/logo_ib.png\",\"contentUrl\":\"https:\\\/\\\/www.immobilienbusiness.ch\\\/wp-content\\\/uploads\\\/2021\\\/07\\\/logo_ib.png\",\"width\":800,\"height\":181,\"caption\":\"IMMOBILIEN Business\"},\"image\":{\"@id\":\"https:\\\/\\\/www.immobilienbusiness.ch\\\/#\\\/schema\\\/logo\\\/image\\\/\"},\"sameAs\":[\"https:\\\/\\\/www.facebook.com\\\/immobilienbusiness\\\/\"]},{\"@type\":\"Person\",\"@id\":\"https:\\\/\\\/www.immobilienbusiness.ch\\\/#\\\/schema\\\/person\\\/3fc036297b10b9f42d6db5ee932af8c8\",\"name\":\"anja.hall\",\"image\":{\"@type\":\"ImageObject\",\"inLanguage\":\"it-IT\",\"@id\":\"https:\\\/\\\/secure.gravatar.com\\\/avatar\\\/066b5a0d447013502c71a5782f4f3469f03cfe595cc2329fb94652fe47511bfb?s=96&d=mm&r=g\",\"url\":\"https:\\\/\\\/secure.gravatar.com\\\/avatar\\\/066b5a0d447013502c71a5782f4f3469f03cfe595cc2329fb94652fe47511bfb?s=96&d=mm&r=g\",\"contentUrl\":\"https:\\\/\\\/secure.gravatar.com\\\/avatar\\\/066b5a0d447013502c71a5782f4f3469f03cfe595cc2329fb94652fe47511bfb?s=96&d=mm&r=g\",\"caption\":\"anja.hall\"},\"url\":\"https:\\\/\\\/www.immobilienbusiness.ch\\\/it\\\/author\\\/anja-hall\\\/\"}]}<\/script>\n<!-- \/ Yoast SEO plugin. -->","yoast_head_json":{"title":"Fundamenta lancia una fondazione per gli investimenti immobiliari - IMMOBILIEN Business","description":"L'asset manager Fundamenta Group intende lanciare una fondazione di investimento. Investir\u00e0 in immobili residenziali e commerciali.","robots":{"index":"index","follow":"follow","max-snippet":"max-snippet:-1","max-image-preview":"max-image-preview:large","max-video-preview":"max-video-preview:-1"},"canonical":"https:\/\/www.immobilienbusiness.ch\/it\/unternehmen\/2019-02-20\/fundamenta-lanciert-immobilien-anlagestiftung\/","og_locale":"it_IT","og_type":"article","og_title":"Fundamenta lanciert Immobilien-Anlagestiftung - IMMOBILIEN Business","og_description":"Der Asset Manager Fundamenta Group will eine Anlagestiftung lancieren. Investiert werden soll in Wohn- und Gewerbeliegenschaften.","og_url":"https:\/\/www.immobilienbusiness.ch\/it\/unternehmen\/2019-02-20\/fundamenta-lanciert-immobilien-anlagestiftung\/","og_site_name":"IMMOBILIEN Business","article_publisher":"https:\/\/www.facebook.com\/immobilienbusiness\/","article_published_time":"2019-02-20T08:11:30+00:00","og_image":[{"width":1024,"height":683,"url":"https:\/\/www.immobilienbusiness.ch\/wp-content\/uploads\/2017\/12\/IB-News-20171221-Helvetica-Swiss-Commercial-Fonds-erfolgreiche-Kapitalerhoehung-c-Pixabay-1024x683.png","type":"image\/png"}],"author":"anja.hall","twitter_card":"summary_large_image","twitter_image":"https:\/\/www.immobilienbusiness.ch\/wp-content\/uploads\/2017\/12\/IB-News-20171221-Helvetica-Swiss-Commercial-Fonds-erfolgreiche-Kapitalerh\u00f6hung-c-Pixabay.png","schema":{"@context":"https:\/\/schema.org","@graph":[{"@type":"Article","@id":"https:\/\/www.immobilienbusiness.ch\/de\/unternehmen\/2019-02-20\/fundamenta-lanciert-immobilien-anlagestiftung\/#article","isPartOf":{"@id":"https:\/\/www.immobilienbusiness.ch\/de\/unternehmen\/2019-02-20\/fundamenta-lanciert-immobilien-anlagestiftung\/"},"author":{"name":"anja.hall","@id":"https:\/\/www.immobilienbusiness.ch\/#\/schema\/person\/3fc036297b10b9f42d6db5ee932af8c8"},"headline":"Fundamenta lanciert Immobilien-Anlagestiftung","datePublished":"2019-02-20T08:11:30+00:00","mainEntityOfPage":{"@id":"https:\/\/www.immobilienbusiness.ch\/de\/unternehmen\/2019-02-20\/fundamenta-lanciert-immobilien-anlagestiftung\/"},"wordCount":188,"publisher":{"@id":"https:\/\/www.immobilienbusiness.ch\/#organization"},"image":{"@id":"https:\/\/www.immobilienbusiness.ch\/de\/unternehmen\/2019-02-20\/fundamenta-lanciert-immobilien-anlagestiftung\/#primaryimage"},"thumbnailUrl":"https:\/\/www.immobilienbusiness.ch\/wp-content\/uploads\/2017\/12\/IB-News-20171221-Helvetica-Swiss-Commercial-Fonds-erfolgreiche-Kapitalerhoehung-c-Pixabay.png","keywords":["Anlagegruppe","Anlagestiftung","Fundamenta","Wohnimmobilien"],"articleSection":["UNTERNEHMEN"],"inLanguage":"it-IT"},{"@type":"WebPage","@id":"https:\/\/www.immobilienbusiness.ch\/de\/unternehmen\/2019-02-20\/fundamenta-lanciert-immobilien-anlagestiftung\/","url":"https:\/\/www.immobilienbusiness.ch\/de\/unternehmen\/2019-02-20\/fundamenta-lanciert-immobilien-anlagestiftung\/","name":"Fundamenta lancia una fondazione per gli investimenti immobiliari - IMMOBILIEN Business","isPartOf":{"@id":"https:\/\/www.immobilienbusiness.ch\/#website"},"primaryImageOfPage":{"@id":"https:\/\/www.immobilienbusiness.ch\/de\/unternehmen\/2019-02-20\/fundamenta-lanciert-immobilien-anlagestiftung\/#primaryimage"},"image":{"@id":"https:\/\/www.immobilienbusiness.ch\/de\/unternehmen\/2019-02-20\/fundamenta-lanciert-immobilien-anlagestiftung\/#primaryimage"},"thumbnailUrl":"https:\/\/www.immobilienbusiness.ch\/wp-content\/uploads\/2017\/12\/IB-News-20171221-Helvetica-Swiss-Commercial-Fonds-erfolgreiche-Kapitalerhoehung-c-Pixabay.png","datePublished":"2019-02-20T08:11:30+00:00","description":"L'asset manager Fundamenta Group intende lanciare una fondazione di investimento. Investir\u00e0 in immobili residenziali e commerciali.","breadcrumb":{"@id":"https:\/\/www.immobilienbusiness.ch\/de\/unternehmen\/2019-02-20\/fundamenta-lanciert-immobilien-anlagestiftung\/#breadcrumb"},"inLanguage":"it-IT","potentialAction":[{"@type":"ReadAction","target":["https:\/\/www.immobilienbusiness.ch\/de\/unternehmen\/2019-02-20\/fundamenta-lanciert-immobilien-anlagestiftung\/"]}]},{"@type":"ImageObject","inLanguage":"it-IT","@id":"https:\/\/www.immobilienbusiness.ch\/de\/unternehmen\/2019-02-20\/fundamenta-lanciert-immobilien-anlagestiftung\/#primaryimage","url":"https:\/\/www.immobilienbusiness.ch\/wp-content\/uploads\/2017\/12\/IB-News-20171221-Helvetica-Swiss-Commercial-Fonds-erfolgreiche-Kapitalerhoehung-c-Pixabay.png","contentUrl":"https:\/\/www.immobilienbusiness.ch\/wp-content\/uploads\/2017\/12\/IB-News-20171221-Helvetica-Swiss-Commercial-Fonds-erfolgreiche-Kapitalerhoehung-c-Pixabay.png","width":1200,"height":800,"caption":"Der Commercial-Fonds von Helvetica hat seinen Gesch\u00e4ftsbericht vorgelegt (Bild: SFP AST)"},{"@type":"BreadcrumbList","@id":"https:\/\/www.immobilienbusiness.ch\/de\/unternehmen\/2019-02-20\/fundamenta-lanciert-immobilien-anlagestiftung\/#breadcrumb","itemListElement":[{"@type":"ListItem","position":1,"name":"Home","item":"https:\/\/www.immobilienbusiness.ch\/"},{"@type":"ListItem","position":2,"name":"Fundamenta lanciert Immobilien-Anlagestiftung"}]},{"@type":"WebSite","@id":"https:\/\/www.immobilienbusiness.ch\/#website","url":"https:\/\/www.immobilienbusiness.ch\/","name":"Affari immobiliari","description":"Rivista economica indipendente svizzera che si concentra sul settore immobiliare, l'architettura e la costruzione, nonch\u00e9 sugli investimenti e i finanziamenti.","publisher":{"@id":"https:\/\/www.immobilienbusiness.ch\/#organization"},"potentialAction":[{"@type":"SearchAction","target":{"@type":"EntryPoint","urlTemplate":"https:\/\/www.immobilienbusiness.ch\/?s={search_term_string}"},"query-input":{"@type":"PropertyValueSpecification","valueRequired":true,"valueName":"search_term_string"}}],"inLanguage":"it-IT"},{"@type":"Organization","@id":"https:\/\/www.immobilienbusiness.ch\/#organization","name":"Affari immobiliari","url":"https:\/\/www.immobilienbusiness.ch\/","logo":{"@type":"ImageObject","inLanguage":"it-IT","@id":"https:\/\/www.immobilienbusiness.ch\/#\/schema\/logo\/image\/","url":"https:\/\/www.immobilienbusiness.ch\/wp-content\/uploads\/2021\/07\/logo_ib.png","contentUrl":"https:\/\/www.immobilienbusiness.ch\/wp-content\/uploads\/2021\/07\/logo_ib.png","width":800,"height":181,"caption":"IMMOBILIEN Business"},"image":{"@id":"https:\/\/www.immobilienbusiness.ch\/#\/schema\/logo\/image\/"},"sameAs":["https:\/\/www.facebook.com\/immobilienbusiness\/"]},{"@type":"Person","@id":"https:\/\/www.immobilienbusiness.ch\/#\/schema\/person\/3fc036297b10b9f42d6db5ee932af8c8","name":"anja.hall","image":{"@type":"ImageObject","inLanguage":"it-IT","@id":"https:\/\/secure.gravatar.com\/avatar\/066b5a0d447013502c71a5782f4f3469f03cfe595cc2329fb94652fe47511bfb?s=96&d=mm&r=g","url":"https:\/\/secure.gravatar.com\/avatar\/066b5a0d447013502c71a5782f4f3469f03cfe595cc2329fb94652fe47511bfb?s=96&d=mm&r=g","contentUrl":"https:\/\/secure.gravatar.com\/avatar\/066b5a0d447013502c71a5782f4f3469f03cfe595cc2329fb94652fe47511bfb?s=96&d=mm&r=g","caption":"anja.hall"},"url":"https:\/\/www.immobilienbusiness.ch\/it\/author\/anja-hall\/"}]}},"_links":{"self":[{"href":"https:\/\/www.immobilienbusiness.ch\/it\/wp-json\/wp\/v2\/posts\/15972","targetHints":{"allow":["GET"]}}],"collection":[{"href":"https:\/\/www.immobilienbusiness.ch\/it\/wp-json\/wp\/v2\/posts"}],"about":[{"href":"https:\/\/www.immobilienbusiness.ch\/it\/wp-json\/wp\/v2\/types\/post"}],"author":[{"embeddable":true,"href":"https:\/\/www.immobilienbusiness.ch\/it\/wp-json\/wp\/v2\/users\/3"}],"replies":[{"embeddable":true,"href":"https:\/\/www.immobilienbusiness.ch\/it\/wp-json\/wp\/v2\/comments?post=15972"}],"version-history":[{"count":0,"href":"https:\/\/www.immobilienbusiness.ch\/it\/wp-json\/wp\/v2\/posts\/15972\/revisions"}],"wp:featuredmedia":[{"embeddable":true,"href":"https:\/\/www.immobilienbusiness.ch\/it\/wp-json\/wp\/v2\/media\/10690"}],"wp:attachment":[{"href":"https:\/\/www.immobilienbusiness.ch\/it\/wp-json\/wp\/v2\/media?parent=15972"}],"wp:term":[{"taxonomy":"category","embeddable":true,"href":"https:\/\/www.immobilienbusiness.ch\/it\/wp-json\/wp\/v2\/categories?post=15972"},{"taxonomy":"post_tag","embeddable":true,"href":"https:\/\/www.immobilienbusiness.ch\/it\/wp-json\/wp\/v2\/tags?post=15972"}],"curies":[{"name":"wp","href":"https:\/\/api.w.org\/{rel}","templated":true}]}}