{"id":15678,"date":"2019-01-29T08:57:18","date_gmt":"2019-01-29T07:57:18","guid":{"rendered":"https:\/\/www.immobilienbusiness.ch\/?p=15678"},"modified":"2019-01-29T08:57:18","modified_gmt":"2019-01-29T07:57:18","slug":"procimmo-swiss-commercial-fund-ii-rentiert-mit-676-prozent","status":"publish","type":"post","link":"https:\/\/www.immobilienbusiness.ch\/it\/unternehmen\/2019-01-29\/procimmo-swiss-commercial-fund-ii-rentiert-mit-676-prozent\/","title":{"rendered":"Procimmo Swiss Commercial Fund II rende il 6,76 per cento"},"content":{"rendered":"<figure id=\"attachment_15262\" aria-describedby=\"caption-attachment-15262\" style=\"width: 680px\" class=\"wp-caption alignnone\"><img loading=\"lazy\" decoding=\"async\" class=\"size-medium wp-image-15262\" src=\"https:\/\/www.immobilienbusiness.ch\/wp-content\/uploads\/2018\/12\/Depositphotos_5140832_m-2015.jpg\" alt=\"\" width=\"680\" height=\"473\" srcset=\"https:\/\/www.immobilienbusiness.ch\/wp-content\/uploads\/2018\/12\/Depositphotos_5140832_m-2015.jpg 1000w, https:\/\/www.immobilienbusiness.ch\/wp-content\/uploads\/2018\/12\/Depositphotos_5140832_m-2015-300x209.jpg 300w, https:\/\/www.immobilienbusiness.ch\/wp-content\/uploads\/2018\/12\/Depositphotos_5140832_m-2015-768x534.jpg 768w, https:\/\/www.immobilienbusiness.ch\/wp-content\/uploads\/2018\/12\/Depositphotos_5140832_m-2015-16x12.jpg 16w, https:\/\/www.immobilienbusiness.ch\/wp-content\/uploads\/2018\/12\/Depositphotos_5140832_m-2015-252x175.jpg 252w, https:\/\/www.immobilienbusiness.ch\/wp-content\/uploads\/2018\/12\/Depositphotos_5140832_m-2015-504x350.jpg 504w, https:\/\/www.immobilienbusiness.ch\/wp-content\/uploads\/2018\/12\/Depositphotos_5140832_m-2015-920x639.jpg 920w\" sizes=\"auto, (max-width: 680px) 100vw, 680px\" \/><figcaption id=\"caption-attachment-15262\" class=\"wp-caption-text\">Procimmo Swiss Commercial Fund II guarda al successo dell'esercizio 2018 (Immagine: Thomaspajot - depositphotos)<\/figcaption><\/figure>\n<p>Secondo un comunicato della Procimmo, il rendimento degli investimenti del fondo, pari al 6,76% (al 30 settembre 2018), \u00e8 leggermente superiore al 6,62% dell'anno precedente. Il rendimento della distribuzione \u00e8 aumentato dal 3,85 al 3,98% e anche il rendimento del capitale proprio \u00e8 leggermente aumentato dal 6,28 al 6,54%.<\/p>\n<p>Al 30 settembre 2018 il valore patrimoniale netto (NAV) era di 118,20 franchi svizzeri, rispetto ai 115,71 franchi dell'anno precedente. Nel frattempo, il margine di profitto operativo (margine EBIT) \u00e8 sceso dal 72,10 al 70,78%. I ricavi totali dell'esercizio sono aumentati da circa 11,8 milioni di franchi a 16,4 milioni di franchi.<\/p>\n<p>Al 30 settembre 2018, il reddito da locazione \u00e8 aumentato da circa 16,1 milioni a 19,1 milioni, con un incremento del 18,7% rispetto all'anno precedente. Nel frattempo, anche il tasso di mancato pagamento degli affitti \u00e8 aumentato significativamente, passando dal 18,60 al 21,35%. La gestione del fondo cita come motivazioni \"acquisti deliberati di immobili con posti vacanti\" e perdite di affitto in alcune propriet\u00e0. Il fondo comprende attualmente 25 propriet\u00e0.<\/p>\n<p>Il patrimonio netto dei fondi \u00e8 cresciuto a 258,2 milioni nell'esercizio 2018 (anno precedente: 189,5 milioni), mentre il patrimonio totale dei fondi ha raggiunto i 371,4 milioni (anno precedente: 307,2 milioni).  L'indice di leva finanziaria \u00e8 diminuito dal 36,03 al 28,17% nel periodo in esame. Anche il TER REF (GAV) \u00e8 sceso dallo 0,94 allo 0,88 percento. La direzione del fondo intende distribuire un dividendo esente da imposte di 5,25 franchi per quota per l'esercizio 2018.<\/p>\n<p>Procimmo annuncia che continuer\u00e0 a guidare la crescita del fondo. A tal fine, gli investimenti saranno effettuati in immobili ad uso commerciale al di fuori dei centri urbani, ma in regioni economicamente attive. Si prevede inoltre di convertire il fondo in un fondo comune di investimento e di quotarlo alla SIX Swiss Exchange non prima dell'esercizio 2019\/2020. <em>(ah)<\/em><\/p>","protected":false},"excerpt":{"rendered":"<p> Procimmo Swiss Commercial Fund II ha chiuso con successo l'esercizio 2018: il rendimento del capitale investito \u00e8 stato del 6,76% e il rendimento del capitale proprio ha raggiunto il 6,54%. <\/p>","protected":false},"author":3,"featured_media":15262,"comment_status":"closed","ping_status":"open","sticky":false,"template":"","format":"standard","meta":{"_acf_changed":false,"_yoast_wpseo_focuskw":"Procimmo","_yoast_wpseo_title":"","_yoast_wpseo_metadesc":"Der Procimmo Swiss Commercial Fund II meldet f\u00fcr das Gesch\u00e4ftsjahr 2018 eine Anlagerendite von 6,76% und eine Eigenkapitalrendite von 6,54%.","_yoast_wpseo_linkdex":70,"pgc_sgb_lightbox_settings":"","footnotes":""},"categories":[988],"tags":[1108,1266,1344,1597],"class_list":["post-15678","post","type-post","status-publish","format-standard","has-post-thumbnail","hentry","category-unternehmen","tag-boersengang","tag-geschaeftszahlen","tag-immobilienfonds","tag-procimmo"],"acf":[],"yoast_head":"<!-- This site is optimized with the Yoast SEO plugin v27.4 - https:\/\/yoast.com\/product\/yoast-seo-wordpress\/ -->\n<title>Procimmo Swiss Commercial Fund II rentiert mit 6,76 Prozent - IMMOBILIEN Business<\/title>\n<meta name=\"description\" content=\"Der Procimmo Swiss Commercial Fund II meldet f\u00fcr das Gesch\u00e4ftsjahr 2018 eine Anlagerendite von 6,76% und eine Eigenkapitalrendite von 6,54%.\" \/>\n<meta name=\"robots\" content=\"index, follow, max-snippet:-1, max-image-preview:large, max-video-preview:-1\" \/>\n<link rel=\"canonical\" href=\"https:\/\/www.immobilienbusiness.ch\/it\/unternehmen\/2019-01-29\/procimmo-swiss-commercial-fund-ii-rentiert-mit-676-prozent\/\" \/>\n<meta property=\"og:locale\" content=\"it_IT\" \/>\n<meta property=\"og:type\" content=\"article\" \/>\n<meta property=\"og:title\" content=\"Procimmo Swiss Commercial Fund II rentiert mit 6,76 Prozent - IMMOBILIEN Business\" \/>\n<meta property=\"og:description\" content=\"Der Procimmo Swiss Commercial Fund II meldet f\u00fcr das Gesch\u00e4ftsjahr 2018 eine Anlagerendite von 6,76% und eine Eigenkapitalrendite von 6,54%.\" \/>\n<meta property=\"og:url\" content=\"https:\/\/www.immobilienbusiness.ch\/it\/unternehmen\/2019-01-29\/procimmo-swiss-commercial-fund-ii-rentiert-mit-676-prozent\/\" \/>\n<meta property=\"og:site_name\" content=\"IMMOBILIEN Business\" \/>\n<meta property=\"article:publisher\" content=\"https:\/\/www.facebook.com\/immobilienbusiness\/\" \/>\n<meta property=\"article:published_time\" content=\"2019-01-29T07:57:18+00:00\" \/>\n<meta property=\"og:image\" content=\"https:\/\/www.immobilienbusiness.ch\/wp-content\/uploads\/2018\/12\/Depositphotos_5140832_m-2015.jpg\" \/>\n\t<meta property=\"og:image:width\" content=\"1000\" \/>\n\t<meta property=\"og:image:height\" content=\"695\" \/>\n\t<meta property=\"og:image:type\" content=\"image\/jpeg\" \/>\n<meta name=\"author\" content=\"anja.hall\" \/>\n<meta name=\"twitter:card\" content=\"summary_large_image\" \/>\n<meta name=\"twitter:image\" content=\"https:\/\/www.immobilienbusiness.ch\/wp-content\/uploads\/2018\/12\/Depositphotos_5140832_m-2015.jpg\" \/>\n<script type=\"application\/ld+json\" class=\"yoast-schema-graph\">{\"@context\":\"https:\\\/\\\/schema.org\",\"@graph\":[{\"@type\":\"Article\",\"@id\":\"https:\\\/\\\/www.immobilienbusiness.ch\\\/de\\\/unternehmen\\\/2019-01-29\\\/procimmo-swiss-commercial-fund-ii-rentiert-mit-676-prozent\\\/#article\",\"isPartOf\":{\"@id\":\"https:\\\/\\\/www.immobilienbusiness.ch\\\/de\\\/unternehmen\\\/2019-01-29\\\/procimmo-swiss-commercial-fund-ii-rentiert-mit-676-prozent\\\/\"},\"author\":{\"name\":\"anja.hall\",\"@id\":\"https:\\\/\\\/www.immobilienbusiness.ch\\\/#\\\/schema\\\/person\\\/3fc036297b10b9f42d6db5ee932af8c8\"},\"headline\":\"Procimmo Swiss Commercial Fund II rentiert mit 6,76 Prozent\",\"datePublished\":\"2019-01-29T07:57:18+00:00\",\"mainEntityOfPage\":{\"@id\":\"https:\\\/\\\/www.immobilienbusiness.ch\\\/de\\\/unternehmen\\\/2019-01-29\\\/procimmo-swiss-commercial-fund-ii-rentiert-mit-676-prozent\\\/\"},\"wordCount\":269,\"publisher\":{\"@id\":\"https:\\\/\\\/www.immobilienbusiness.ch\\\/#organization\"},\"image\":{\"@id\":\"https:\\\/\\\/www.immobilienbusiness.ch\\\/de\\\/unternehmen\\\/2019-01-29\\\/procimmo-swiss-commercial-fund-ii-rentiert-mit-676-prozent\\\/#primaryimage\"},\"thumbnailUrl\":\"https:\\\/\\\/www.immobilienbusiness.ch\\\/wp-content\\\/uploads\\\/2018\\\/12\\\/Depositphotos_5140832_m-2015.jpg\",\"keywords\":[\"B\u00f6rsengang\",\"Gesch\u00e4ftszahlen\",\"Immobilienfonds\",\"Procimmo\"],\"articleSection\":[\"UNTERNEHMEN\"],\"inLanguage\":\"it-IT\"},{\"@type\":\"WebPage\",\"@id\":\"https:\\\/\\\/www.immobilienbusiness.ch\\\/de\\\/unternehmen\\\/2019-01-29\\\/procimmo-swiss-commercial-fund-ii-rentiert-mit-676-prozent\\\/\",\"url\":\"https:\\\/\\\/www.immobilienbusiness.ch\\\/de\\\/unternehmen\\\/2019-01-29\\\/procimmo-swiss-commercial-fund-ii-rentiert-mit-676-prozent\\\/\",\"name\":\"Procimmo Swiss Commercial Fund II rentiert mit 6,76 Prozent - IMMOBILIEN Business\",\"isPartOf\":{\"@id\":\"https:\\\/\\\/www.immobilienbusiness.ch\\\/#website\"},\"primaryImageOfPage\":{\"@id\":\"https:\\\/\\\/www.immobilienbusiness.ch\\\/de\\\/unternehmen\\\/2019-01-29\\\/procimmo-swiss-commercial-fund-ii-rentiert-mit-676-prozent\\\/#primaryimage\"},\"image\":{\"@id\":\"https:\\\/\\\/www.immobilienbusiness.ch\\\/de\\\/unternehmen\\\/2019-01-29\\\/procimmo-swiss-commercial-fund-ii-rentiert-mit-676-prozent\\\/#primaryimage\"},\"thumbnailUrl\":\"https:\\\/\\\/www.immobilienbusiness.ch\\\/wp-content\\\/uploads\\\/2018\\\/12\\\/Depositphotos_5140832_m-2015.jpg\",\"datePublished\":\"2019-01-29T07:57:18+00:00\",\"description\":\"Der Procimmo Swiss Commercial Fund II meldet f\u00fcr das Gesch\u00e4ftsjahr 2018 eine Anlagerendite von 6,76% und eine Eigenkapitalrendite von 6,54%.\",\"breadcrumb\":{\"@id\":\"https:\\\/\\\/www.immobilienbusiness.ch\\\/de\\\/unternehmen\\\/2019-01-29\\\/procimmo-swiss-commercial-fund-ii-rentiert-mit-676-prozent\\\/#breadcrumb\"},\"inLanguage\":\"it-IT\",\"potentialAction\":[{\"@type\":\"ReadAction\",\"target\":[\"https:\\\/\\\/www.immobilienbusiness.ch\\\/de\\\/unternehmen\\\/2019-01-29\\\/procimmo-swiss-commercial-fund-ii-rentiert-mit-676-prozent\\\/\"]}]},{\"@type\":\"ImageObject\",\"inLanguage\":\"it-IT\",\"@id\":\"https:\\\/\\\/www.immobilienbusiness.ch\\\/de\\\/unternehmen\\\/2019-01-29\\\/procimmo-swiss-commercial-fund-ii-rentiert-mit-676-prozent\\\/#primaryimage\",\"url\":\"https:\\\/\\\/www.immobilienbusiness.ch\\\/wp-content\\\/uploads\\\/2018\\\/12\\\/Depositphotos_5140832_m-2015.jpg\",\"contentUrl\":\"https:\\\/\\\/www.immobilienbusiness.ch\\\/wp-content\\\/uploads\\\/2018\\\/12\\\/Depositphotos_5140832_m-2015.jpg\",\"width\":1000,\"height\":695,\"caption\":\"Mobimo hat den Gesch\u00e4ftsbericht f\u00fcr 2025 vorgestellt (Bild: Thomaspajot - depositphotos)\"},{\"@type\":\"BreadcrumbList\",\"@id\":\"https:\\\/\\\/www.immobilienbusiness.ch\\\/de\\\/unternehmen\\\/2019-01-29\\\/procimmo-swiss-commercial-fund-ii-rentiert-mit-676-prozent\\\/#breadcrumb\",\"itemListElement\":[{\"@type\":\"ListItem\",\"position\":1,\"name\":\"Home\",\"item\":\"https:\\\/\\\/www.immobilienbusiness.ch\\\/\"},{\"@type\":\"ListItem\",\"position\":2,\"name\":\"Procimmo Swiss Commercial Fund II rentiert mit 6,76 Prozent\"}]},{\"@type\":\"WebSite\",\"@id\":\"https:\\\/\\\/www.immobilienbusiness.ch\\\/#website\",\"url\":\"https:\\\/\\\/www.immobilienbusiness.ch\\\/\",\"name\":\"IMMOBILIEN Business\",\"description\":\"Unabh\u00e4ngiges Schweizer Wirtschaftsmagazin mit Fokus auf Immobilien, Architektur- und Bau sowie Investment- und Finanzierung.\",\"publisher\":{\"@id\":\"https:\\\/\\\/www.immobilienbusiness.ch\\\/#organization\"},\"potentialAction\":[{\"@type\":\"SearchAction\",\"target\":{\"@type\":\"EntryPoint\",\"urlTemplate\":\"https:\\\/\\\/www.immobilienbusiness.ch\\\/?s={search_term_string}\"},\"query-input\":{\"@type\":\"PropertyValueSpecification\",\"valueRequired\":true,\"valueName\":\"search_term_string\"}}],\"inLanguage\":\"it-IT\"},{\"@type\":\"Organization\",\"@id\":\"https:\\\/\\\/www.immobilienbusiness.ch\\\/#organization\",\"name\":\"IMMOBILIEN Business\",\"url\":\"https:\\\/\\\/www.immobilienbusiness.ch\\\/\",\"logo\":{\"@type\":\"ImageObject\",\"inLanguage\":\"it-IT\",\"@id\":\"https:\\\/\\\/www.immobilienbusiness.ch\\\/#\\\/schema\\\/logo\\\/image\\\/\",\"url\":\"https:\\\/\\\/www.immobilienbusiness.ch\\\/wp-content\\\/uploads\\\/2021\\\/07\\\/logo_ib.png\",\"contentUrl\":\"https:\\\/\\\/www.immobilienbusiness.ch\\\/wp-content\\\/uploads\\\/2021\\\/07\\\/logo_ib.png\",\"width\":800,\"height\":181,\"caption\":\"IMMOBILIEN Business\"},\"image\":{\"@id\":\"https:\\\/\\\/www.immobilienbusiness.ch\\\/#\\\/schema\\\/logo\\\/image\\\/\"},\"sameAs\":[\"https:\\\/\\\/www.facebook.com\\\/immobilienbusiness\\\/\"]},{\"@type\":\"Person\",\"@id\":\"https:\\\/\\\/www.immobilienbusiness.ch\\\/#\\\/schema\\\/person\\\/3fc036297b10b9f42d6db5ee932af8c8\",\"name\":\"anja.hall\",\"image\":{\"@type\":\"ImageObject\",\"inLanguage\":\"it-IT\",\"@id\":\"https:\\\/\\\/secure.gravatar.com\\\/avatar\\\/066b5a0d447013502c71a5782f4f3469f03cfe595cc2329fb94652fe47511bfb?s=96&d=mm&r=g\",\"url\":\"https:\\\/\\\/secure.gravatar.com\\\/avatar\\\/066b5a0d447013502c71a5782f4f3469f03cfe595cc2329fb94652fe47511bfb?s=96&d=mm&r=g\",\"contentUrl\":\"https:\\\/\\\/secure.gravatar.com\\\/avatar\\\/066b5a0d447013502c71a5782f4f3469f03cfe595cc2329fb94652fe47511bfb?s=96&d=mm&r=g\",\"caption\":\"anja.hall\"},\"url\":\"https:\\\/\\\/www.immobilienbusiness.ch\\\/it\\\/author\\\/anja-hall\\\/\"}]}<\/script>\n<!-- \/ Yoast SEO plugin. -->","yoast_head_json":{"title":"Procimmo Swiss Commercial Fund II rentiert mit 6,76 Prozent - IMMOBILIEN Business","description":"Der Procimmo Swiss Commercial Fund II meldet f\u00fcr das Gesch\u00e4ftsjahr 2018 eine Anlagerendite von 6,76% und eine Eigenkapitalrendite von 6,54%.","robots":{"index":"index","follow":"follow","max-snippet":"max-snippet:-1","max-image-preview":"max-image-preview:large","max-video-preview":"max-video-preview:-1"},"canonical":"https:\/\/www.immobilienbusiness.ch\/it\/unternehmen\/2019-01-29\/procimmo-swiss-commercial-fund-ii-rentiert-mit-676-prozent\/","og_locale":"it_IT","og_type":"article","og_title":"Procimmo Swiss Commercial Fund II rentiert mit 6,76 Prozent - IMMOBILIEN Business","og_description":"Der Procimmo Swiss Commercial Fund II meldet f\u00fcr das Gesch\u00e4ftsjahr 2018 eine Anlagerendite von 6,76% und eine Eigenkapitalrendite von 6,54%.","og_url":"https:\/\/www.immobilienbusiness.ch\/it\/unternehmen\/2019-01-29\/procimmo-swiss-commercial-fund-ii-rentiert-mit-676-prozent\/","og_site_name":"IMMOBILIEN Business","article_publisher":"https:\/\/www.facebook.com\/immobilienbusiness\/","article_published_time":"2019-01-29T07:57:18+00:00","og_image":[{"width":1000,"height":695,"url":"https:\/\/www.immobilienbusiness.ch\/wp-content\/uploads\/2018\/12\/Depositphotos_5140832_m-2015.jpg","type":"image\/jpeg"}],"author":"anja.hall","twitter_card":"summary_large_image","twitter_image":"https:\/\/www.immobilienbusiness.ch\/wp-content\/uploads\/2018\/12\/Depositphotos_5140832_m-2015.jpg","schema":{"@context":"https:\/\/schema.org","@graph":[{"@type":"Article","@id":"https:\/\/www.immobilienbusiness.ch\/de\/unternehmen\/2019-01-29\/procimmo-swiss-commercial-fund-ii-rentiert-mit-676-prozent\/#article","isPartOf":{"@id":"https:\/\/www.immobilienbusiness.ch\/de\/unternehmen\/2019-01-29\/procimmo-swiss-commercial-fund-ii-rentiert-mit-676-prozent\/"},"author":{"name":"anja.hall","@id":"https:\/\/www.immobilienbusiness.ch\/#\/schema\/person\/3fc036297b10b9f42d6db5ee932af8c8"},"headline":"Procimmo Swiss Commercial Fund II rentiert mit 6,76 Prozent","datePublished":"2019-01-29T07:57:18+00:00","mainEntityOfPage":{"@id":"https:\/\/www.immobilienbusiness.ch\/de\/unternehmen\/2019-01-29\/procimmo-swiss-commercial-fund-ii-rentiert-mit-676-prozent\/"},"wordCount":269,"publisher":{"@id":"https:\/\/www.immobilienbusiness.ch\/#organization"},"image":{"@id":"https:\/\/www.immobilienbusiness.ch\/de\/unternehmen\/2019-01-29\/procimmo-swiss-commercial-fund-ii-rentiert-mit-676-prozent\/#primaryimage"},"thumbnailUrl":"https:\/\/www.immobilienbusiness.ch\/wp-content\/uploads\/2018\/12\/Depositphotos_5140832_m-2015.jpg","keywords":["B\u00f6rsengang","Gesch\u00e4ftszahlen","Immobilienfonds","Procimmo"],"articleSection":["UNTERNEHMEN"],"inLanguage":"it-IT"},{"@type":"WebPage","@id":"https:\/\/www.immobilienbusiness.ch\/de\/unternehmen\/2019-01-29\/procimmo-swiss-commercial-fund-ii-rentiert-mit-676-prozent\/","url":"https:\/\/www.immobilienbusiness.ch\/de\/unternehmen\/2019-01-29\/procimmo-swiss-commercial-fund-ii-rentiert-mit-676-prozent\/","name":"Procimmo Swiss Commercial Fund II rentiert mit 6,76 Prozent - IMMOBILIEN Business","isPartOf":{"@id":"https:\/\/www.immobilienbusiness.ch\/#website"},"primaryImageOfPage":{"@id":"https:\/\/www.immobilienbusiness.ch\/de\/unternehmen\/2019-01-29\/procimmo-swiss-commercial-fund-ii-rentiert-mit-676-prozent\/#primaryimage"},"image":{"@id":"https:\/\/www.immobilienbusiness.ch\/de\/unternehmen\/2019-01-29\/procimmo-swiss-commercial-fund-ii-rentiert-mit-676-prozent\/#primaryimage"},"thumbnailUrl":"https:\/\/www.immobilienbusiness.ch\/wp-content\/uploads\/2018\/12\/Depositphotos_5140832_m-2015.jpg","datePublished":"2019-01-29T07:57:18+00:00","description":"Der Procimmo Swiss Commercial Fund II meldet f\u00fcr das Gesch\u00e4ftsjahr 2018 eine Anlagerendite von 6,76% und eine Eigenkapitalrendite von 6,54%.","breadcrumb":{"@id":"https:\/\/www.immobilienbusiness.ch\/de\/unternehmen\/2019-01-29\/procimmo-swiss-commercial-fund-ii-rentiert-mit-676-prozent\/#breadcrumb"},"inLanguage":"it-IT","potentialAction":[{"@type":"ReadAction","target":["https:\/\/www.immobilienbusiness.ch\/de\/unternehmen\/2019-01-29\/procimmo-swiss-commercial-fund-ii-rentiert-mit-676-prozent\/"]}]},{"@type":"ImageObject","inLanguage":"it-IT","@id":"https:\/\/www.immobilienbusiness.ch\/de\/unternehmen\/2019-01-29\/procimmo-swiss-commercial-fund-ii-rentiert-mit-676-prozent\/#primaryimage","url":"https:\/\/www.immobilienbusiness.ch\/wp-content\/uploads\/2018\/12\/Depositphotos_5140832_m-2015.jpg","contentUrl":"https:\/\/www.immobilienbusiness.ch\/wp-content\/uploads\/2018\/12\/Depositphotos_5140832_m-2015.jpg","width":1000,"height":695,"caption":"Mobimo hat den Gesch\u00e4ftsbericht f\u00fcr 2025 vorgestellt (Bild: Thomaspajot - depositphotos)"},{"@type":"BreadcrumbList","@id":"https:\/\/www.immobilienbusiness.ch\/de\/unternehmen\/2019-01-29\/procimmo-swiss-commercial-fund-ii-rentiert-mit-676-prozent\/#breadcrumb","itemListElement":[{"@type":"ListItem","position":1,"name":"Home","item":"https:\/\/www.immobilienbusiness.ch\/"},{"@type":"ListItem","position":2,"name":"Procimmo Swiss Commercial Fund II rentiert mit 6,76 Prozent"}]},{"@type":"WebSite","@id":"https:\/\/www.immobilienbusiness.ch\/#website","url":"https:\/\/www.immobilienbusiness.ch\/","name":"Affari immobiliari","description":"Rivista economica indipendente svizzera che si concentra sul settore immobiliare, l'architettura e la costruzione, nonch\u00e9 sugli investimenti e i finanziamenti.","publisher":{"@id":"https:\/\/www.immobilienbusiness.ch\/#organization"},"potentialAction":[{"@type":"SearchAction","target":{"@type":"EntryPoint","urlTemplate":"https:\/\/www.immobilienbusiness.ch\/?s={search_term_string}"},"query-input":{"@type":"PropertyValueSpecification","valueRequired":true,"valueName":"search_term_string"}}],"inLanguage":"it-IT"},{"@type":"Organization","@id":"https:\/\/www.immobilienbusiness.ch\/#organization","name":"Affari immobiliari","url":"https:\/\/www.immobilienbusiness.ch\/","logo":{"@type":"ImageObject","inLanguage":"it-IT","@id":"https:\/\/www.immobilienbusiness.ch\/#\/schema\/logo\/image\/","url":"https:\/\/www.immobilienbusiness.ch\/wp-content\/uploads\/2021\/07\/logo_ib.png","contentUrl":"https:\/\/www.immobilienbusiness.ch\/wp-content\/uploads\/2021\/07\/logo_ib.png","width":800,"height":181,"caption":"IMMOBILIEN Business"},"image":{"@id":"https:\/\/www.immobilienbusiness.ch\/#\/schema\/logo\/image\/"},"sameAs":["https:\/\/www.facebook.com\/immobilienbusiness\/"]},{"@type":"Person","@id":"https:\/\/www.immobilienbusiness.ch\/#\/schema\/person\/3fc036297b10b9f42d6db5ee932af8c8","name":"anja.hall","image":{"@type":"ImageObject","inLanguage":"it-IT","@id":"https:\/\/secure.gravatar.com\/avatar\/066b5a0d447013502c71a5782f4f3469f03cfe595cc2329fb94652fe47511bfb?s=96&d=mm&r=g","url":"https:\/\/secure.gravatar.com\/avatar\/066b5a0d447013502c71a5782f4f3469f03cfe595cc2329fb94652fe47511bfb?s=96&d=mm&r=g","contentUrl":"https:\/\/secure.gravatar.com\/avatar\/066b5a0d447013502c71a5782f4f3469f03cfe595cc2329fb94652fe47511bfb?s=96&d=mm&r=g","caption":"anja.hall"},"url":"https:\/\/www.immobilienbusiness.ch\/it\/author\/anja-hall\/"}]}},"_links":{"self":[{"href":"https:\/\/www.immobilienbusiness.ch\/it\/wp-json\/wp\/v2\/posts\/15678","targetHints":{"allow":["GET"]}}],"collection":[{"href":"https:\/\/www.immobilienbusiness.ch\/it\/wp-json\/wp\/v2\/posts"}],"about":[{"href":"https:\/\/www.immobilienbusiness.ch\/it\/wp-json\/wp\/v2\/types\/post"}],"author":[{"embeddable":true,"href":"https:\/\/www.immobilienbusiness.ch\/it\/wp-json\/wp\/v2\/users\/3"}],"replies":[{"embeddable":true,"href":"https:\/\/www.immobilienbusiness.ch\/it\/wp-json\/wp\/v2\/comments?post=15678"}],"version-history":[{"count":0,"href":"https:\/\/www.immobilienbusiness.ch\/it\/wp-json\/wp\/v2\/posts\/15678\/revisions"}],"wp:featuredmedia":[{"embeddable":true,"href":"https:\/\/www.immobilienbusiness.ch\/it\/wp-json\/wp\/v2\/media\/15262"}],"wp:attachment":[{"href":"https:\/\/www.immobilienbusiness.ch\/it\/wp-json\/wp\/v2\/media?parent=15678"}],"wp:term":[{"taxonomy":"category","embeddable":true,"href":"https:\/\/www.immobilienbusiness.ch\/it\/wp-json\/wp\/v2\/categories?post=15678"},{"taxonomy":"post_tag","embeddable":true,"href":"https:\/\/www.immobilienbusiness.ch\/it\/wp-json\/wp\/v2\/tags?post=15678"}],"curies":[{"name":"wp","href":"https:\/\/api.w.org\/{rel}","templated":true}]}}