{"id":15535,"date":"2019-01-16T08:40:24","date_gmt":"2019-01-16T07:40:24","guid":{"rendered":"https:\/\/www.immobilienbusiness.ch\/?p=15535"},"modified":"2019-01-16T08:40:24","modified_gmt":"2019-01-16T07:40:24","slug":"decathlon-mietet-logistikimmobilie-von-procimmo","status":"publish","type":"post","link":"https:\/\/www.immobilienbusiness.ch\/it\/unternehmen\/2019-01-16\/decathlon-mietet-logistikimmobilie-von-procimmo\/","title":{"rendered":"Decathlon affitta un immobile logistico da Procimmo"},"content":{"rendered":"<figure id=\"attachment_15003\" aria-describedby=\"caption-attachment-15003\" style=\"width: 680px\" class=\"wp-caption alignnone\"><img loading=\"lazy\" decoding=\"async\" class=\"size-medium wp-image-15003\" src=\"https:\/\/www.immobilienbusiness.ch\/wp-content\/uploads\/2018\/11\/Depositphotos_6057970_m-2015.jpg\" alt=\"\" width=\"680\" height=\"448\" srcset=\"https:\/\/www.immobilienbusiness.ch\/wp-content\/uploads\/2018\/11\/Depositphotos_6057970_m-2015.jpg 1000w, https:\/\/www.immobilienbusiness.ch\/wp-content\/uploads\/2018\/11\/Depositphotos_6057970_m-2015-300x198.jpg 300w, https:\/\/www.immobilienbusiness.ch\/wp-content\/uploads\/2018\/11\/Depositphotos_6057970_m-2015-768x506.jpg 768w, https:\/\/www.immobilienbusiness.ch\/wp-content\/uploads\/2018\/11\/Depositphotos_6057970_m-2015-16x12.jpg 16w, https:\/\/www.immobilienbusiness.ch\/wp-content\/uploads\/2018\/11\/Depositphotos_6057970_m-2015-266x175.jpg 266w, https:\/\/www.immobilienbusiness.ch\/wp-content\/uploads\/2018\/11\/Depositphotos_6057970_m-2015-531x350.jpg 531w, https:\/\/www.immobilienbusiness.ch\/wp-content\/uploads\/2018\/11\/Depositphotos_6057970_m-2015-920x606.jpg 920w\" sizes=\"auto, (max-width: 680px) 100vw, 680px\" \/><figcaption id=\"caption-attachment-15003\" class=\"wp-caption-text\">Decathlon sta per collocare il suo centro logistico svizzero in un immobile di propriet\u00e0 di Procimmo (Immagine simbolica; carloscastilla - depositphotos)<\/figcaption><\/figure>\n<p>Secondo Procimmo, Decathlon affitta 18.000 mq di spazio logistico per dieci anni. C'\u00e8 anche la possibilit\u00e0 di affittare uno spazio aggiuntivo con breve preavviso. L'immobile di Onnens\/Bonvillars era precedentemente utilizzato interamente da Philip Morris. Nel 2014, Procimmo l'ha acquisita dal gruppo statunitense nell'ambito di un'operazione di sale-and-leaseback.<\/p>\n<p>Secondo la Procimmo, gli edifici si trovano nelle immediate vicinanze dell'autostrada e della linea ferroviaria. Con una superficie totale suddivisibile di circa 70.000 mq, il sito ha un accesso diretto alla rete ferroviaria, nonch\u00e9 un accesso a livello del suolo per i veicoli e varie rampe di carico. L'intera propriet\u00e0 \u00e8 affittata a diversi inquilini con contratti diversi in termini di durata e superficie affittabile.<\/p>\n<p>L'edificio affittato da Decathlon \u00e8 attualmente in fase di ristrutturazione. Da l\u00ec, Decathlon intende rifornire i circa 20 negozi che l'azienda intende aprire in Svizzera entro la fine del 2019.<\/p>\n<p>La conclusione del contratto di locazione \u00e8 la seconda collaborazione tra Decathlon e Procimmo: <a href=\"https:\/\/www.immobilienbusiness.ch\/it\/decathlon-setzt-schweizer-expansion-fort\/\">Nel 2018, le aziende hanno annunciato l'apertura di un nuovo negozio di 3.000 mq a Villeneuve, nel Vaud.<\/a> A tal fine, Decathlon ha stipulato un contratto di locazione decennale con Procimmo; l'immobile fa parte del portafoglio di Procimmo Swiss Commercial Fund. <em>(ah)<\/em><\/p>","protected":false},"excerpt":{"rendered":"<p>Decathlon installer\u00e0 il suo centro logistico per la Svizzera a Onnens\/Bonvillars (VD). A questo scopo, il rivenditore francese di articoli sportivi ha affittato un immobile logistico da Procimmo Swiss Commercial Fund.<\/p>","protected":false},"author":3,"featured_media":15003,"comment_status":"closed","ping_status":"open","sticky":false,"template":"","format":"standard","meta":{"_acf_changed":false,"_yoast_wpseo_focuskw":"Decathlon","_yoast_wpseo_title":"","_yoast_wpseo_metadesc":"Decathlon wird sein Logistikzentrum f\u00fcr die Schweiz in Onnens\/Bonvillars (VD) ansiedeln. Dazu wurde eine Logistikliegenschaft von Procimmo angemietet.","_yoast_wpseo_linkdex":60,"pgc_sgb_lightbox_settings":"","footnotes":""},"categories":[988],"tags":[1344,1452,1597,1832],"class_list":["post-15535","post","type-post","status-publish","format-standard","has-post-thumbnail","hentry","category-unternehmen","tag-immobilienfonds","tag-logistikimmobilien","tag-procimmo","tag-vermietung"],"acf":[],"yoast_head":"<!-- This site is optimized with the Yoast SEO plugin v27.5 - https:\/\/yoast.com\/product\/yoast-seo-wordpress\/ -->\n<title>Decathlon mietet Logistikimmobilie von Procimmo - IMMOBILIEN Business<\/title>\n<meta name=\"description\" content=\"Decathlon wird sein Logistikzentrum f\u00fcr die Schweiz in Onnens\/Bonvillars (VD) ansiedeln. Dazu wurde eine Logistikliegenschaft von Procimmo angemietet.\" \/>\n<meta name=\"robots\" content=\"index, follow, max-snippet:-1, max-image-preview:large, max-video-preview:-1\" \/>\n<link rel=\"canonical\" href=\"https:\/\/www.immobilienbusiness.ch\/it\/unternehmen\/2019-01-16\/decathlon-mietet-logistikimmobilie-von-procimmo\/\" \/>\n<meta property=\"og:locale\" content=\"it_IT\" \/>\n<meta property=\"og:type\" content=\"article\" \/>\n<meta property=\"og:title\" content=\"Decathlon mietet Logistikimmobilie von Procimmo - IMMOBILIEN Business\" \/>\n<meta property=\"og:description\" content=\"Decathlon wird sein Logistikzentrum f\u00fcr die Schweiz in Onnens\/Bonvillars (VD) ansiedeln. Dazu wurde eine Logistikliegenschaft von Procimmo angemietet.\" \/>\n<meta property=\"og:url\" content=\"https:\/\/www.immobilienbusiness.ch\/it\/unternehmen\/2019-01-16\/decathlon-mietet-logistikimmobilie-von-procimmo\/\" \/>\n<meta property=\"og:site_name\" content=\"IMMOBILIEN Business\" \/>\n<meta property=\"article:publisher\" content=\"https:\/\/www.facebook.com\/immobilienbusiness\/\" \/>\n<meta property=\"article:published_time\" content=\"2019-01-16T07:40:24+00:00\" \/>\n<meta property=\"og:image\" content=\"https:\/\/www.immobilienbusiness.ch\/wp-content\/uploads\/2018\/11\/Depositphotos_6057970_m-2015.jpg\" \/>\n\t<meta property=\"og:image:width\" content=\"1000\" \/>\n\t<meta property=\"og:image:height\" content=\"659\" \/>\n\t<meta property=\"og:image:type\" content=\"image\/jpeg\" \/>\n<meta name=\"author\" content=\"anja.hall\" \/>\n<meta name=\"twitter:card\" content=\"summary_large_image\" \/>\n<meta name=\"twitter:image\" content=\"https:\/\/www.immobilienbusiness.ch\/wp-content\/uploads\/2018\/11\/Depositphotos_6057970_m-2015.jpg\" \/>\n<script type=\"application\/ld+json\" class=\"yoast-schema-graph\">{\"@context\":\"https:\\\/\\\/schema.org\",\"@graph\":[{\"@type\":\"Article\",\"@id\":\"https:\\\/\\\/www.immobilienbusiness.ch\\\/de\\\/unternehmen\\\/2019-01-16\\\/decathlon-mietet-logistikimmobilie-von-procimmo\\\/#article\",\"isPartOf\":{\"@id\":\"https:\\\/\\\/www.immobilienbusiness.ch\\\/de\\\/unternehmen\\\/2019-01-16\\\/decathlon-mietet-logistikimmobilie-von-procimmo\\\/\"},\"author\":{\"name\":\"anja.hall\",\"@id\":\"https:\\\/\\\/www.immobilienbusiness.ch\\\/#\\\/schema\\\/person\\\/3fc036297b10b9f42d6db5ee932af8c8\"},\"headline\":\"Decathlon mietet Logistikimmobilie von Procimmo\",\"datePublished\":\"2019-01-16T07:40:24+00:00\",\"mainEntityOfPage\":{\"@id\":\"https:\\\/\\\/www.immobilienbusiness.ch\\\/de\\\/unternehmen\\\/2019-01-16\\\/decathlon-mietet-logistikimmobilie-von-procimmo\\\/\"},\"wordCount\":235,\"publisher\":{\"@id\":\"https:\\\/\\\/www.immobilienbusiness.ch\\\/#organization\"},\"image\":{\"@id\":\"https:\\\/\\\/www.immobilienbusiness.ch\\\/de\\\/unternehmen\\\/2019-01-16\\\/decathlon-mietet-logistikimmobilie-von-procimmo\\\/#primaryimage\"},\"thumbnailUrl\":\"https:\\\/\\\/www.immobilienbusiness.ch\\\/wp-content\\\/uploads\\\/2018\\\/11\\\/Depositphotos_6057970_m-2015.jpg\",\"keywords\":[\"Immobilienfonds\",\"Logistikimmobilien\",\"Procimmo\",\"Vermietung\"],\"articleSection\":[\"UNTERNEHMEN\"],\"inLanguage\":\"it-IT\"},{\"@type\":\"WebPage\",\"@id\":\"https:\\\/\\\/www.immobilienbusiness.ch\\\/de\\\/unternehmen\\\/2019-01-16\\\/decathlon-mietet-logistikimmobilie-von-procimmo\\\/\",\"url\":\"https:\\\/\\\/www.immobilienbusiness.ch\\\/de\\\/unternehmen\\\/2019-01-16\\\/decathlon-mietet-logistikimmobilie-von-procimmo\\\/\",\"name\":\"Decathlon mietet Logistikimmobilie von Procimmo - IMMOBILIEN Business\",\"isPartOf\":{\"@id\":\"https:\\\/\\\/www.immobilienbusiness.ch\\\/#website\"},\"primaryImageOfPage\":{\"@id\":\"https:\\\/\\\/www.immobilienbusiness.ch\\\/de\\\/unternehmen\\\/2019-01-16\\\/decathlon-mietet-logistikimmobilie-von-procimmo\\\/#primaryimage\"},\"image\":{\"@id\":\"https:\\\/\\\/www.immobilienbusiness.ch\\\/de\\\/unternehmen\\\/2019-01-16\\\/decathlon-mietet-logistikimmobilie-von-procimmo\\\/#primaryimage\"},\"thumbnailUrl\":\"https:\\\/\\\/www.immobilienbusiness.ch\\\/wp-content\\\/uploads\\\/2018\\\/11\\\/Depositphotos_6057970_m-2015.jpg\",\"datePublished\":\"2019-01-16T07:40:24+00:00\",\"description\":\"Decathlon wird sein Logistikzentrum f\u00fcr die Schweiz in Onnens\\\/Bonvillars (VD) ansiedeln. Dazu wurde eine Logistikliegenschaft von Procimmo angemietet.\",\"breadcrumb\":{\"@id\":\"https:\\\/\\\/www.immobilienbusiness.ch\\\/de\\\/unternehmen\\\/2019-01-16\\\/decathlon-mietet-logistikimmobilie-von-procimmo\\\/#breadcrumb\"},\"inLanguage\":\"it-IT\",\"potentialAction\":[{\"@type\":\"ReadAction\",\"target\":[\"https:\\\/\\\/www.immobilienbusiness.ch\\\/de\\\/unternehmen\\\/2019-01-16\\\/decathlon-mietet-logistikimmobilie-von-procimmo\\\/\"]}]},{\"@type\":\"ImageObject\",\"inLanguage\":\"it-IT\",\"@id\":\"https:\\\/\\\/www.immobilienbusiness.ch\\\/de\\\/unternehmen\\\/2019-01-16\\\/decathlon-mietet-logistikimmobilie-von-procimmo\\\/#primaryimage\",\"url\":\"https:\\\/\\\/www.immobilienbusiness.ch\\\/wp-content\\\/uploads\\\/2018\\\/11\\\/Depositphotos_6057970_m-2015.jpg\",\"contentUrl\":\"https:\\\/\\\/www.immobilienbusiness.ch\\\/wp-content\\\/uploads\\\/2018\\\/11\\\/Depositphotos_6057970_m-2015.jpg\",\"width\":1000,\"height\":659,\"caption\":\"Der Immobilienfonds Logistics Plus hat seinen Gesch\u00e4ftsbericht f\u00fcr das Gesamtjahr ver\u00f6ffentlicht (Symbolbild; carloscastilla - depositphotos)\"},{\"@type\":\"BreadcrumbList\",\"@id\":\"https:\\\/\\\/www.immobilienbusiness.ch\\\/de\\\/unternehmen\\\/2019-01-16\\\/decathlon-mietet-logistikimmobilie-von-procimmo\\\/#breadcrumb\",\"itemListElement\":[{\"@type\":\"ListItem\",\"position\":1,\"name\":\"Home\",\"item\":\"https:\\\/\\\/www.immobilienbusiness.ch\\\/\"},{\"@type\":\"ListItem\",\"position\":2,\"name\":\"Decathlon mietet Logistikimmobilie von Procimmo\"}]},{\"@type\":\"WebSite\",\"@id\":\"https:\\\/\\\/www.immobilienbusiness.ch\\\/#website\",\"url\":\"https:\\\/\\\/www.immobilienbusiness.ch\\\/\",\"name\":\"IMMOBILIEN Business\",\"description\":\"Unabh\u00e4ngiges Schweizer Wirtschaftsmagazin mit Fokus auf Immobilien, Architektur- und Bau sowie Investment- und Finanzierung.\",\"publisher\":{\"@id\":\"https:\\\/\\\/www.immobilienbusiness.ch\\\/#organization\"},\"potentialAction\":[{\"@type\":\"SearchAction\",\"target\":{\"@type\":\"EntryPoint\",\"urlTemplate\":\"https:\\\/\\\/www.immobilienbusiness.ch\\\/?s={search_term_string}\"},\"query-input\":{\"@type\":\"PropertyValueSpecification\",\"valueRequired\":true,\"valueName\":\"search_term_string\"}}],\"inLanguage\":\"it-IT\"},{\"@type\":\"Organization\",\"@id\":\"https:\\\/\\\/www.immobilienbusiness.ch\\\/#organization\",\"name\":\"IMMOBILIEN Business\",\"url\":\"https:\\\/\\\/www.immobilienbusiness.ch\\\/\",\"logo\":{\"@type\":\"ImageObject\",\"inLanguage\":\"it-IT\",\"@id\":\"https:\\\/\\\/www.immobilienbusiness.ch\\\/#\\\/schema\\\/logo\\\/image\\\/\",\"url\":\"https:\\\/\\\/www.immobilienbusiness.ch\\\/wp-content\\\/uploads\\\/2021\\\/07\\\/logo_ib.png\",\"contentUrl\":\"https:\\\/\\\/www.immobilienbusiness.ch\\\/wp-content\\\/uploads\\\/2021\\\/07\\\/logo_ib.png\",\"width\":800,\"height\":181,\"caption\":\"IMMOBILIEN Business\"},\"image\":{\"@id\":\"https:\\\/\\\/www.immobilienbusiness.ch\\\/#\\\/schema\\\/logo\\\/image\\\/\"},\"sameAs\":[\"https:\\\/\\\/www.facebook.com\\\/immobilienbusiness\\\/\"]},{\"@type\":\"Person\",\"@id\":\"https:\\\/\\\/www.immobilienbusiness.ch\\\/#\\\/schema\\\/person\\\/3fc036297b10b9f42d6db5ee932af8c8\",\"name\":\"anja.hall\",\"image\":{\"@type\":\"ImageObject\",\"inLanguage\":\"it-IT\",\"@id\":\"https:\\\/\\\/secure.gravatar.com\\\/avatar\\\/066b5a0d447013502c71a5782f4f3469f03cfe595cc2329fb94652fe47511bfb?s=96&d=mm&r=g\",\"url\":\"https:\\\/\\\/secure.gravatar.com\\\/avatar\\\/066b5a0d447013502c71a5782f4f3469f03cfe595cc2329fb94652fe47511bfb?s=96&d=mm&r=g\",\"contentUrl\":\"https:\\\/\\\/secure.gravatar.com\\\/avatar\\\/066b5a0d447013502c71a5782f4f3469f03cfe595cc2329fb94652fe47511bfb?s=96&d=mm&r=g\",\"caption\":\"anja.hall\"},\"url\":\"https:\\\/\\\/www.immobilienbusiness.ch\\\/it\\\/author\\\/anja-hall\\\/\"}]}<\/script>\n<!-- \/ Yoast SEO plugin. -->","yoast_head_json":{"title":"Decathlon mietet Logistikimmobilie von Procimmo - IMMOBILIEN Business","description":"Decathlon wird sein Logistikzentrum f\u00fcr die Schweiz in Onnens\/Bonvillars (VD) ansiedeln. Dazu wurde eine Logistikliegenschaft von Procimmo angemietet.","robots":{"index":"index","follow":"follow","max-snippet":"max-snippet:-1","max-image-preview":"max-image-preview:large","max-video-preview":"max-video-preview:-1"},"canonical":"https:\/\/www.immobilienbusiness.ch\/it\/unternehmen\/2019-01-16\/decathlon-mietet-logistikimmobilie-von-procimmo\/","og_locale":"it_IT","og_type":"article","og_title":"Decathlon mietet Logistikimmobilie von Procimmo - IMMOBILIEN Business","og_description":"Decathlon wird sein Logistikzentrum f\u00fcr die Schweiz in Onnens\/Bonvillars (VD) ansiedeln. Dazu wurde eine Logistikliegenschaft von Procimmo angemietet.","og_url":"https:\/\/www.immobilienbusiness.ch\/it\/unternehmen\/2019-01-16\/decathlon-mietet-logistikimmobilie-von-procimmo\/","og_site_name":"IMMOBILIEN Business","article_publisher":"https:\/\/www.facebook.com\/immobilienbusiness\/","article_published_time":"2019-01-16T07:40:24+00:00","og_image":[{"width":1000,"height":659,"url":"https:\/\/www.immobilienbusiness.ch\/wp-content\/uploads\/2018\/11\/Depositphotos_6057970_m-2015.jpg","type":"image\/jpeg"}],"author":"anja.hall","twitter_card":"summary_large_image","twitter_image":"https:\/\/www.immobilienbusiness.ch\/wp-content\/uploads\/2018\/11\/Depositphotos_6057970_m-2015.jpg","schema":{"@context":"https:\/\/schema.org","@graph":[{"@type":"Article","@id":"https:\/\/www.immobilienbusiness.ch\/de\/unternehmen\/2019-01-16\/decathlon-mietet-logistikimmobilie-von-procimmo\/#article","isPartOf":{"@id":"https:\/\/www.immobilienbusiness.ch\/de\/unternehmen\/2019-01-16\/decathlon-mietet-logistikimmobilie-von-procimmo\/"},"author":{"name":"anja.hall","@id":"https:\/\/www.immobilienbusiness.ch\/#\/schema\/person\/3fc036297b10b9f42d6db5ee932af8c8"},"headline":"Decathlon mietet Logistikimmobilie von Procimmo","datePublished":"2019-01-16T07:40:24+00:00","mainEntityOfPage":{"@id":"https:\/\/www.immobilienbusiness.ch\/de\/unternehmen\/2019-01-16\/decathlon-mietet-logistikimmobilie-von-procimmo\/"},"wordCount":235,"publisher":{"@id":"https:\/\/www.immobilienbusiness.ch\/#organization"},"image":{"@id":"https:\/\/www.immobilienbusiness.ch\/de\/unternehmen\/2019-01-16\/decathlon-mietet-logistikimmobilie-von-procimmo\/#primaryimage"},"thumbnailUrl":"https:\/\/www.immobilienbusiness.ch\/wp-content\/uploads\/2018\/11\/Depositphotos_6057970_m-2015.jpg","keywords":["Immobilienfonds","Logistikimmobilien","Procimmo","Vermietung"],"articleSection":["UNTERNEHMEN"],"inLanguage":"it-IT"},{"@type":"WebPage","@id":"https:\/\/www.immobilienbusiness.ch\/de\/unternehmen\/2019-01-16\/decathlon-mietet-logistikimmobilie-von-procimmo\/","url":"https:\/\/www.immobilienbusiness.ch\/de\/unternehmen\/2019-01-16\/decathlon-mietet-logistikimmobilie-von-procimmo\/","name":"Decathlon mietet Logistikimmobilie von Procimmo - IMMOBILIEN Business","isPartOf":{"@id":"https:\/\/www.immobilienbusiness.ch\/#website"},"primaryImageOfPage":{"@id":"https:\/\/www.immobilienbusiness.ch\/de\/unternehmen\/2019-01-16\/decathlon-mietet-logistikimmobilie-von-procimmo\/#primaryimage"},"image":{"@id":"https:\/\/www.immobilienbusiness.ch\/de\/unternehmen\/2019-01-16\/decathlon-mietet-logistikimmobilie-von-procimmo\/#primaryimage"},"thumbnailUrl":"https:\/\/www.immobilienbusiness.ch\/wp-content\/uploads\/2018\/11\/Depositphotos_6057970_m-2015.jpg","datePublished":"2019-01-16T07:40:24+00:00","description":"Decathlon wird sein Logistikzentrum f\u00fcr die Schweiz in Onnens\/Bonvillars (VD) ansiedeln. Dazu wurde eine Logistikliegenschaft von Procimmo angemietet.","breadcrumb":{"@id":"https:\/\/www.immobilienbusiness.ch\/de\/unternehmen\/2019-01-16\/decathlon-mietet-logistikimmobilie-von-procimmo\/#breadcrumb"},"inLanguage":"it-IT","potentialAction":[{"@type":"ReadAction","target":["https:\/\/www.immobilienbusiness.ch\/de\/unternehmen\/2019-01-16\/decathlon-mietet-logistikimmobilie-von-procimmo\/"]}]},{"@type":"ImageObject","inLanguage":"it-IT","@id":"https:\/\/www.immobilienbusiness.ch\/de\/unternehmen\/2019-01-16\/decathlon-mietet-logistikimmobilie-von-procimmo\/#primaryimage","url":"https:\/\/www.immobilienbusiness.ch\/wp-content\/uploads\/2018\/11\/Depositphotos_6057970_m-2015.jpg","contentUrl":"https:\/\/www.immobilienbusiness.ch\/wp-content\/uploads\/2018\/11\/Depositphotos_6057970_m-2015.jpg","width":1000,"height":659,"caption":"Der Immobilienfonds Logistics Plus hat seinen Gesch\u00e4ftsbericht f\u00fcr das Gesamtjahr ver\u00f6ffentlicht (Symbolbild; carloscastilla - depositphotos)"},{"@type":"BreadcrumbList","@id":"https:\/\/www.immobilienbusiness.ch\/de\/unternehmen\/2019-01-16\/decathlon-mietet-logistikimmobilie-von-procimmo\/#breadcrumb","itemListElement":[{"@type":"ListItem","position":1,"name":"Home","item":"https:\/\/www.immobilienbusiness.ch\/"},{"@type":"ListItem","position":2,"name":"Decathlon mietet Logistikimmobilie von Procimmo"}]},{"@type":"WebSite","@id":"https:\/\/www.immobilienbusiness.ch\/#website","url":"https:\/\/www.immobilienbusiness.ch\/","name":"Affari immobiliari","description":"Rivista economica indipendente svizzera che si concentra sul settore immobiliare, l'architettura e la costruzione, nonch\u00e9 sugli investimenti e i finanziamenti.","publisher":{"@id":"https:\/\/www.immobilienbusiness.ch\/#organization"},"potentialAction":[{"@type":"SearchAction","target":{"@type":"EntryPoint","urlTemplate":"https:\/\/www.immobilienbusiness.ch\/?s={search_term_string}"},"query-input":{"@type":"PropertyValueSpecification","valueRequired":true,"valueName":"search_term_string"}}],"inLanguage":"it-IT"},{"@type":"Organization","@id":"https:\/\/www.immobilienbusiness.ch\/#organization","name":"Affari immobiliari","url":"https:\/\/www.immobilienbusiness.ch\/","logo":{"@type":"ImageObject","inLanguage":"it-IT","@id":"https:\/\/www.immobilienbusiness.ch\/#\/schema\/logo\/image\/","url":"https:\/\/www.immobilienbusiness.ch\/wp-content\/uploads\/2021\/07\/logo_ib.png","contentUrl":"https:\/\/www.immobilienbusiness.ch\/wp-content\/uploads\/2021\/07\/logo_ib.png","width":800,"height":181,"caption":"IMMOBILIEN Business"},"image":{"@id":"https:\/\/www.immobilienbusiness.ch\/#\/schema\/logo\/image\/"},"sameAs":["https:\/\/www.facebook.com\/immobilienbusiness\/"]},{"@type":"Person","@id":"https:\/\/www.immobilienbusiness.ch\/#\/schema\/person\/3fc036297b10b9f42d6db5ee932af8c8","name":"anja.hall","image":{"@type":"ImageObject","inLanguage":"it-IT","@id":"https:\/\/secure.gravatar.com\/avatar\/066b5a0d447013502c71a5782f4f3469f03cfe595cc2329fb94652fe47511bfb?s=96&d=mm&r=g","url":"https:\/\/secure.gravatar.com\/avatar\/066b5a0d447013502c71a5782f4f3469f03cfe595cc2329fb94652fe47511bfb?s=96&d=mm&r=g","contentUrl":"https:\/\/secure.gravatar.com\/avatar\/066b5a0d447013502c71a5782f4f3469f03cfe595cc2329fb94652fe47511bfb?s=96&d=mm&r=g","caption":"anja.hall"},"url":"https:\/\/www.immobilienbusiness.ch\/it\/author\/anja-hall\/"}]}},"_links":{"self":[{"href":"https:\/\/www.immobilienbusiness.ch\/it\/wp-json\/wp\/v2\/posts\/15535","targetHints":{"allow":["GET"]}}],"collection":[{"href":"https:\/\/www.immobilienbusiness.ch\/it\/wp-json\/wp\/v2\/posts"}],"about":[{"href":"https:\/\/www.immobilienbusiness.ch\/it\/wp-json\/wp\/v2\/types\/post"}],"author":[{"embeddable":true,"href":"https:\/\/www.immobilienbusiness.ch\/it\/wp-json\/wp\/v2\/users\/3"}],"replies":[{"embeddable":true,"href":"https:\/\/www.immobilienbusiness.ch\/it\/wp-json\/wp\/v2\/comments?post=15535"}],"version-history":[{"count":0,"href":"https:\/\/www.immobilienbusiness.ch\/it\/wp-json\/wp\/v2\/posts\/15535\/revisions"}],"wp:featuredmedia":[{"embeddable":true,"href":"https:\/\/www.immobilienbusiness.ch\/it\/wp-json\/wp\/v2\/media\/15003"}],"wp:attachment":[{"href":"https:\/\/www.immobilienbusiness.ch\/it\/wp-json\/wp\/v2\/media?parent=15535"}],"wp:term":[{"taxonomy":"category","embeddable":true,"href":"https:\/\/www.immobilienbusiness.ch\/it\/wp-json\/wp\/v2\/categories?post=15535"},{"taxonomy":"post_tag","embeddable":true,"href":"https:\/\/www.immobilienbusiness.ch\/it\/wp-json\/wp\/v2\/tags?post=15535"}],"curies":[{"name":"wp","href":"https:\/\/api.w.org\/{rel}","templated":true}]}}