{"id":15435,"date":"2019-01-08T08:27:32","date_gmt":"2019-01-08T07:27:32","guid":{"rendered":"https:\/\/www.immobilienbusiness.ch\/?p=15435"},"modified":"2019-01-08T08:27:32","modified_gmt":"2019-01-08T07:27:32","slug":"grenchen-baustart-fuer-wohnueberbauung-sunnepark","status":"publish","type":"post","link":"https:\/\/www.immobilienbusiness.ch\/it\/regionen\/2019-01-08\/grenchen-baustart-fuer-wohnueberbauung-sunnepark\/","title":{"rendered":"Grenchen: Inizio della costruzione del complesso residenziale Sunnepark"},"content":{"rendered":"<figure id=\"attachment_15438\" aria-describedby=\"caption-attachment-15438\" style=\"width: 680px\" class=\"wp-caption alignnone\"><img loading=\"lazy\" decoding=\"async\" class=\"size-medium wp-image-15438\" src=\"https:\/\/www.immobilienbusiness.ch\/wp-content\/uploads\/2019\/01\/Visualisierung-Wohnungen-Grenchen-kleiner.jpg\" alt=\"\" width=\"680\" height=\"319\" srcset=\"https:\/\/www.immobilienbusiness.ch\/wp-content\/uploads\/2019\/01\/Visualisierung-Wohnungen-Grenchen-kleiner.jpg 2560w, https:\/\/www.immobilienbusiness.ch\/wp-content\/uploads\/2019\/01\/Visualisierung-Wohnungen-Grenchen-kleiner-300x141.jpg 300w, https:\/\/www.immobilienbusiness.ch\/wp-content\/uploads\/2019\/01\/Visualisierung-Wohnungen-Grenchen-kleiner-1024x481.jpg 1024w, https:\/\/www.immobilienbusiness.ch\/wp-content\/uploads\/2019\/01\/Visualisierung-Wohnungen-Grenchen-kleiner-768x361.jpg 768w, https:\/\/www.immobilienbusiness.ch\/wp-content\/uploads\/2019\/01\/Visualisierung-Wohnungen-Grenchen-kleiner-1536x722.jpg 1536w, https:\/\/www.immobilienbusiness.ch\/wp-content\/uploads\/2019\/01\/Visualisierung-Wohnungen-Grenchen-kleiner-2048x962.jpg 2048w, https:\/\/www.immobilienbusiness.ch\/wp-content\/uploads\/2019\/01\/Visualisierung-Wohnungen-Grenchen-kleiner-16x8.jpg 16w, https:\/\/www.immobilienbusiness.ch\/wp-content\/uploads\/2019\/01\/Visualisierung-Wohnungen-Grenchen-kleiner-372x175.jpg 372w, https:\/\/www.immobilienbusiness.ch\/wp-content\/uploads\/2019\/01\/Visualisierung-Wohnungen-Grenchen-kleiner-745x350.jpg 745w, https:\/\/www.immobilienbusiness.ch\/wp-content\/uploads\/2019\/01\/Visualisierung-Wohnungen-Grenchen-kleiner-1600x752.jpg 1600w, https:\/\/www.immobilienbusiness.ch\/wp-content\/uploads\/2019\/01\/Visualisierung-Wohnungen-Grenchen-kleiner-920x432.jpg 920w, https:\/\/www.immobilienbusiness.ch\/wp-content\/uploads\/2019\/01\/Visualisierung-Wohnungen-Grenchen-kleiner-1400x658.jpg 1400w\" sizes=\"auto, (max-width: 680px) 100vw, 680px\" \/><figcaption id=\"caption-attachment-15438\" class=\"wp-caption-text\">Lo sviluppo Sunnepark \u00e8 in costruzione a Grenchen (visualizzazione, fonte: Thomasgraf AG).<\/figcaption><\/figure>\n<p>Il proprietario dell'edificio \u00e8 la Solviva AG di Cham, e Genu Partner di Zurigo \u00e8 l'appaltatore generale del progetto di costruzione, per il quale la cerimonia di posa della prima pietra si \u00e8 tenuta il 6 dicembre 2018. La Thomasgraf AG \u00e8 stata incaricata della vendita e dell'affitto degli appartamenti.<\/p>\n<p>Il Sunnepark si trova sul versante meridionale di Grenchen ed \u00e8 adiacente all'omonimo centro sanitario, che esiste da cinque anni ed \u00e8 stato anch'esso costruito da Solviva. Entro il 2021, pi\u00f9 di 100 appartamenti senza barriere architettoniche in affitto e occupati dai proprietari di varie dimensioni saranno costruiti in sei edifici, con appartamenti di assistenza previsti in un edificio. Ci sar\u00e0 anche un parcheggio sotterraneo collegato, ed \u00e8 previsto un asilo nido.<\/p>\n<p>Secondo Thomasgraf, ogni residente del complesso residenziale potr\u00e0 beneficiare dei servizi del centro di assistenza (assistenza infermieristica, servizio di vestiario, pulizia, pasti, ecc. Gli edifici di appartamenti e il centro sanitario saranno collegati da un parco aperto e verde.<\/p>\n<p>La societ\u00e0 Solviva, di propriet\u00e0 dell'imprenditore della Svizzera centrale Willi Gyger, aveva rilevato l'ospedale di Grenchen, che era stato chiuso dal cantone, con diritti di costruzione e l'aveva trasformato in una casa di cura con ben 100 posti, un reparto di demenza con 28 posti e un centro di formazione per corsi per il personale infermieristico. All'ultimo piano dell'edificio principale c'\u00e8 un ristorante con una grande terrazza panoramica, che \u00e8 anche aperto al pubblico. <em>(ah)<\/em><\/p>","protected":false},"excerpt":{"rendered":"<p>A Grenchen (SO), lo sviluppo Sunnepark \u00e8 attualmente in costruzione sul sito dell'ex ospedale e comprender\u00e0 pi\u00f9 di 100 appartamenti quando sar\u00e0 completato.<\/p>","protected":false},"author":3,"featured_media":15438,"comment_status":"closed","ping_status":"open","sticky":false,"template":"","format":"standard","meta":{"_acf_changed":false,"_yoast_wpseo_focuskw":"Grenchen","_yoast_wpseo_title":"","_yoast_wpseo_metadesc":"In Grenchen (SO) entsteht derzeit auf dem Areal des ehemaligen Spitals die \u00dcberbauung \u00abSunnepark\u00bb mit mehr als 100 Wohnungen.","_yoast_wpseo_linkdex":75,"pgc_sgb_lightbox_settings":"","footnotes":""},"categories":[985],"tags":[1205,1599,1863],"class_list":["post-15435","post","type-post","status-publish","format-standard","has-post-thumbnail","hentry","category-regionen","tag-espace-mittelland","tag-projekt-in-bau","tag-wohnimmobilien"],"acf":[],"yoast_head":"<!-- This site is optimized with the Yoast SEO plugin v27.5 - https:\/\/yoast.com\/product\/yoast-seo-wordpress\/ -->\n<title>Grenchen: Baustart f\u00fcr Wohn\u00fcberbauung Sunnepark - IMMOBILIEN Business<\/title>\n<meta name=\"description\" content=\"In Grenchen (SO) entsteht derzeit auf dem Areal des ehemaligen Spitals die \u00dcberbauung \u00abSunnepark\u00bb mit mehr als 100 Wohnungen.\" \/>\n<meta name=\"robots\" content=\"index, follow, max-snippet:-1, max-image-preview:large, max-video-preview:-1\" \/>\n<link rel=\"canonical\" href=\"https:\/\/www.immobilienbusiness.ch\/it\/regionen\/2019-01-08\/grenchen-baustart-fuer-wohnueberbauung-sunnepark\/\" \/>\n<meta property=\"og:locale\" content=\"it_IT\" \/>\n<meta property=\"og:type\" content=\"article\" \/>\n<meta property=\"og:title\" content=\"Grenchen: Baustart f\u00fcr Wohn\u00fcberbauung Sunnepark - IMMOBILIEN Business\" \/>\n<meta property=\"og:description\" content=\"In Grenchen (SO) entsteht derzeit auf dem Areal des ehemaligen Spitals die \u00dcberbauung \u00abSunnepark\u00bb mit mehr als 100 Wohnungen.\" \/>\n<meta property=\"og:url\" content=\"https:\/\/www.immobilienbusiness.ch\/it\/regionen\/2019-01-08\/grenchen-baustart-fuer-wohnueberbauung-sunnepark\/\" \/>\n<meta property=\"og:site_name\" content=\"IMMOBILIEN Business\" \/>\n<meta property=\"article:publisher\" content=\"https:\/\/www.facebook.com\/immobilienbusiness\/\" \/>\n<meta property=\"article:published_time\" content=\"2019-01-08T07:27:32+00:00\" \/>\n<meta property=\"og:image\" content=\"https:\/\/www.immobilienbusiness.ch\/wp-content\/uploads\/2019\/01\/Visualisierung-Wohnungen-Grenchen-kleiner-1024x481.jpg\" \/>\n\t<meta property=\"og:image:width\" content=\"1024\" \/>\n\t<meta property=\"og:image:height\" content=\"481\" \/>\n\t<meta property=\"og:image:type\" content=\"image\/jpeg\" \/>\n<meta name=\"author\" content=\"anja.hall\" \/>\n<meta name=\"twitter:card\" content=\"summary_large_image\" \/>\n<meta name=\"twitter:image\" content=\"https:\/\/www.immobilienbusiness.ch\/wp-content\/uploads\/2019\/01\/Visualisierung-Wohnungen-Grenchen-kleiner.jpg\" \/>\n<script type=\"application\/ld+json\" class=\"yoast-schema-graph\">{\"@context\":\"https:\\\/\\\/schema.org\",\"@graph\":[{\"@type\":\"Article\",\"@id\":\"https:\\\/\\\/www.immobilienbusiness.ch\\\/de\\\/regionen\\\/2019-01-08\\\/grenchen-baustart-fuer-wohnueberbauung-sunnepark\\\/#article\",\"isPartOf\":{\"@id\":\"https:\\\/\\\/www.immobilienbusiness.ch\\\/de\\\/regionen\\\/2019-01-08\\\/grenchen-baustart-fuer-wohnueberbauung-sunnepark\\\/\"},\"author\":{\"name\":\"anja.hall\",\"@id\":\"https:\\\/\\\/www.immobilienbusiness.ch\\\/#\\\/schema\\\/person\\\/3fc036297b10b9f42d6db5ee932af8c8\"},\"headline\":\"Grenchen: Baustart f\u00fcr Wohn\u00fcberbauung Sunnepark\",\"datePublished\":\"2019-01-08T07:27:32+00:00\",\"mainEntityOfPage\":{\"@id\":\"https:\\\/\\\/www.immobilienbusiness.ch\\\/de\\\/regionen\\\/2019-01-08\\\/grenchen-baustart-fuer-wohnueberbauung-sunnepark\\\/\"},\"wordCount\":239,\"publisher\":{\"@id\":\"https:\\\/\\\/www.immobilienbusiness.ch\\\/#organization\"},\"image\":{\"@id\":\"https:\\\/\\\/www.immobilienbusiness.ch\\\/de\\\/regionen\\\/2019-01-08\\\/grenchen-baustart-fuer-wohnueberbauung-sunnepark\\\/#primaryimage\"},\"thumbnailUrl\":\"https:\\\/\\\/www.immobilienbusiness.ch\\\/wp-content\\\/uploads\\\/2019\\\/01\\\/Visualisierung-Wohnungen-Grenchen-kleiner.jpg\",\"keywords\":[\"Espace Mittelland\",\"Projekt in Bau\",\"Wohnimmobilien\"],\"articleSection\":[\"REGIONEN\"],\"inLanguage\":\"it-IT\"},{\"@type\":\"WebPage\",\"@id\":\"https:\\\/\\\/www.immobilienbusiness.ch\\\/de\\\/regionen\\\/2019-01-08\\\/grenchen-baustart-fuer-wohnueberbauung-sunnepark\\\/\",\"url\":\"https:\\\/\\\/www.immobilienbusiness.ch\\\/de\\\/regionen\\\/2019-01-08\\\/grenchen-baustart-fuer-wohnueberbauung-sunnepark\\\/\",\"name\":\"Grenchen: Baustart f\u00fcr Wohn\u00fcberbauung Sunnepark - IMMOBILIEN Business\",\"isPartOf\":{\"@id\":\"https:\\\/\\\/www.immobilienbusiness.ch\\\/#website\"},\"primaryImageOfPage\":{\"@id\":\"https:\\\/\\\/www.immobilienbusiness.ch\\\/de\\\/regionen\\\/2019-01-08\\\/grenchen-baustart-fuer-wohnueberbauung-sunnepark\\\/#primaryimage\"},\"image\":{\"@id\":\"https:\\\/\\\/www.immobilienbusiness.ch\\\/de\\\/regionen\\\/2019-01-08\\\/grenchen-baustart-fuer-wohnueberbauung-sunnepark\\\/#primaryimage\"},\"thumbnailUrl\":\"https:\\\/\\\/www.immobilienbusiness.ch\\\/wp-content\\\/uploads\\\/2019\\\/01\\\/Visualisierung-Wohnungen-Grenchen-kleiner.jpg\",\"datePublished\":\"2019-01-08T07:27:32+00:00\",\"description\":\"In Grenchen (SO) entsteht derzeit auf dem Areal des ehemaligen Spitals die \u00dcberbauung \u00abSunnepark\u00bb mit mehr als 100 Wohnungen.\",\"breadcrumb\":{\"@id\":\"https:\\\/\\\/www.immobilienbusiness.ch\\\/de\\\/regionen\\\/2019-01-08\\\/grenchen-baustart-fuer-wohnueberbauung-sunnepark\\\/#breadcrumb\"},\"inLanguage\":\"it-IT\",\"potentialAction\":[{\"@type\":\"ReadAction\",\"target\":[\"https:\\\/\\\/www.immobilienbusiness.ch\\\/de\\\/regionen\\\/2019-01-08\\\/grenchen-baustart-fuer-wohnueberbauung-sunnepark\\\/\"]}]},{\"@type\":\"ImageObject\",\"inLanguage\":\"it-IT\",\"@id\":\"https:\\\/\\\/www.immobilienbusiness.ch\\\/de\\\/regionen\\\/2019-01-08\\\/grenchen-baustart-fuer-wohnueberbauung-sunnepark\\\/#primaryimage\",\"url\":\"https:\\\/\\\/www.immobilienbusiness.ch\\\/wp-content\\\/uploads\\\/2019\\\/01\\\/Visualisierung-Wohnungen-Grenchen-kleiner.jpg\",\"contentUrl\":\"https:\\\/\\\/www.immobilienbusiness.ch\\\/wp-content\\\/uploads\\\/2019\\\/01\\\/Visualisierung-Wohnungen-Grenchen-kleiner.jpg\",\"width\":2560,\"height\":1203,\"caption\":\"In Grenchen ist die \u00dcberbauung Sunnepark in Bau (Visualisierung, Quelle: Thomasgraf AG)\"},{\"@type\":\"BreadcrumbList\",\"@id\":\"https:\\\/\\\/www.immobilienbusiness.ch\\\/de\\\/regionen\\\/2019-01-08\\\/grenchen-baustart-fuer-wohnueberbauung-sunnepark\\\/#breadcrumb\",\"itemListElement\":[{\"@type\":\"ListItem\",\"position\":1,\"name\":\"Home\",\"item\":\"https:\\\/\\\/www.immobilienbusiness.ch\\\/\"},{\"@type\":\"ListItem\",\"position\":2,\"name\":\"Grenchen: Baustart f\u00fcr Wohn\u00fcberbauung Sunnepark\"}]},{\"@type\":\"WebSite\",\"@id\":\"https:\\\/\\\/www.immobilienbusiness.ch\\\/#website\",\"url\":\"https:\\\/\\\/www.immobilienbusiness.ch\\\/\",\"name\":\"IMMOBILIEN Business\",\"description\":\"Unabh\u00e4ngiges Schweizer Wirtschaftsmagazin mit Fokus auf Immobilien, Architektur- und Bau sowie Investment- und Finanzierung.\",\"publisher\":{\"@id\":\"https:\\\/\\\/www.immobilienbusiness.ch\\\/#organization\"},\"potentialAction\":[{\"@type\":\"SearchAction\",\"target\":{\"@type\":\"EntryPoint\",\"urlTemplate\":\"https:\\\/\\\/www.immobilienbusiness.ch\\\/?s={search_term_string}\"},\"query-input\":{\"@type\":\"PropertyValueSpecification\",\"valueRequired\":true,\"valueName\":\"search_term_string\"}}],\"inLanguage\":\"it-IT\"},{\"@type\":\"Organization\",\"@id\":\"https:\\\/\\\/www.immobilienbusiness.ch\\\/#organization\",\"name\":\"IMMOBILIEN Business\",\"url\":\"https:\\\/\\\/www.immobilienbusiness.ch\\\/\",\"logo\":{\"@type\":\"ImageObject\",\"inLanguage\":\"it-IT\",\"@id\":\"https:\\\/\\\/www.immobilienbusiness.ch\\\/#\\\/schema\\\/logo\\\/image\\\/\",\"url\":\"https:\\\/\\\/www.immobilienbusiness.ch\\\/wp-content\\\/uploads\\\/2021\\\/07\\\/logo_ib.png\",\"contentUrl\":\"https:\\\/\\\/www.immobilienbusiness.ch\\\/wp-content\\\/uploads\\\/2021\\\/07\\\/logo_ib.png\",\"width\":800,\"height\":181,\"caption\":\"IMMOBILIEN Business\"},\"image\":{\"@id\":\"https:\\\/\\\/www.immobilienbusiness.ch\\\/#\\\/schema\\\/logo\\\/image\\\/\"},\"sameAs\":[\"https:\\\/\\\/www.facebook.com\\\/immobilienbusiness\\\/\"]},{\"@type\":\"Person\",\"@id\":\"https:\\\/\\\/www.immobilienbusiness.ch\\\/#\\\/schema\\\/person\\\/3fc036297b10b9f42d6db5ee932af8c8\",\"name\":\"anja.hall\",\"image\":{\"@type\":\"ImageObject\",\"inLanguage\":\"it-IT\",\"@id\":\"https:\\\/\\\/secure.gravatar.com\\\/avatar\\\/066b5a0d447013502c71a5782f4f3469f03cfe595cc2329fb94652fe47511bfb?s=96&d=mm&r=g\",\"url\":\"https:\\\/\\\/secure.gravatar.com\\\/avatar\\\/066b5a0d447013502c71a5782f4f3469f03cfe595cc2329fb94652fe47511bfb?s=96&d=mm&r=g\",\"contentUrl\":\"https:\\\/\\\/secure.gravatar.com\\\/avatar\\\/066b5a0d447013502c71a5782f4f3469f03cfe595cc2329fb94652fe47511bfb?s=96&d=mm&r=g\",\"caption\":\"anja.hall\"},\"url\":\"https:\\\/\\\/www.immobilienbusiness.ch\\\/it\\\/author\\\/anja-hall\\\/\"}]}<\/script>\n<!-- \/ Yoast SEO plugin. -->","yoast_head_json":{"title":"Grenchen: Inizio della costruzione del complesso residenziale Sunnepark - IMMOBILIEN Business","description":"A Grenchen (SO), il complesso \"Sunnepark\", con oltre 100 appartamenti, \u00e8 attualmente in costruzione sul sito dell'ex ospedale.","robots":{"index":"index","follow":"follow","max-snippet":"max-snippet:-1","max-image-preview":"max-image-preview:large","max-video-preview":"max-video-preview:-1"},"canonical":"https:\/\/www.immobilienbusiness.ch\/it\/regionen\/2019-01-08\/grenchen-baustart-fuer-wohnueberbauung-sunnepark\/","og_locale":"it_IT","og_type":"article","og_title":"Grenchen: Baustart f\u00fcr Wohn\u00fcberbauung Sunnepark - IMMOBILIEN Business","og_description":"In Grenchen (SO) entsteht derzeit auf dem Areal des ehemaligen Spitals die \u00dcberbauung \u00abSunnepark\u00bb mit mehr als 100 Wohnungen.","og_url":"https:\/\/www.immobilienbusiness.ch\/it\/regionen\/2019-01-08\/grenchen-baustart-fuer-wohnueberbauung-sunnepark\/","og_site_name":"IMMOBILIEN Business","article_publisher":"https:\/\/www.facebook.com\/immobilienbusiness\/","article_published_time":"2019-01-08T07:27:32+00:00","og_image":[{"width":1024,"height":481,"url":"https:\/\/www.immobilienbusiness.ch\/wp-content\/uploads\/2019\/01\/Visualisierung-Wohnungen-Grenchen-kleiner-1024x481.jpg","type":"image\/jpeg"}],"author":"anja.hall","twitter_card":"summary_large_image","twitter_image":"https:\/\/www.immobilienbusiness.ch\/wp-content\/uploads\/2019\/01\/Visualisierung-Wohnungen-Grenchen-kleiner.jpg","schema":{"@context":"https:\/\/schema.org","@graph":[{"@type":"Article","@id":"https:\/\/www.immobilienbusiness.ch\/de\/regionen\/2019-01-08\/grenchen-baustart-fuer-wohnueberbauung-sunnepark\/#article","isPartOf":{"@id":"https:\/\/www.immobilienbusiness.ch\/de\/regionen\/2019-01-08\/grenchen-baustart-fuer-wohnueberbauung-sunnepark\/"},"author":{"name":"anja.hall","@id":"https:\/\/www.immobilienbusiness.ch\/#\/schema\/person\/3fc036297b10b9f42d6db5ee932af8c8"},"headline":"Grenchen: Baustart f\u00fcr Wohn\u00fcberbauung Sunnepark","datePublished":"2019-01-08T07:27:32+00:00","mainEntityOfPage":{"@id":"https:\/\/www.immobilienbusiness.ch\/de\/regionen\/2019-01-08\/grenchen-baustart-fuer-wohnueberbauung-sunnepark\/"},"wordCount":239,"publisher":{"@id":"https:\/\/www.immobilienbusiness.ch\/#organization"},"image":{"@id":"https:\/\/www.immobilienbusiness.ch\/de\/regionen\/2019-01-08\/grenchen-baustart-fuer-wohnueberbauung-sunnepark\/#primaryimage"},"thumbnailUrl":"https:\/\/www.immobilienbusiness.ch\/wp-content\/uploads\/2019\/01\/Visualisierung-Wohnungen-Grenchen-kleiner.jpg","keywords":["Espace Mittelland","Projekt in Bau","Wohnimmobilien"],"articleSection":["REGIONEN"],"inLanguage":"it-IT"},{"@type":"WebPage","@id":"https:\/\/www.immobilienbusiness.ch\/de\/regionen\/2019-01-08\/grenchen-baustart-fuer-wohnueberbauung-sunnepark\/","url":"https:\/\/www.immobilienbusiness.ch\/de\/regionen\/2019-01-08\/grenchen-baustart-fuer-wohnueberbauung-sunnepark\/","name":"Grenchen: Inizio della costruzione del complesso residenziale Sunnepark - IMMOBILIEN Business","isPartOf":{"@id":"https:\/\/www.immobilienbusiness.ch\/#website"},"primaryImageOfPage":{"@id":"https:\/\/www.immobilienbusiness.ch\/de\/regionen\/2019-01-08\/grenchen-baustart-fuer-wohnueberbauung-sunnepark\/#primaryimage"},"image":{"@id":"https:\/\/www.immobilienbusiness.ch\/de\/regionen\/2019-01-08\/grenchen-baustart-fuer-wohnueberbauung-sunnepark\/#primaryimage"},"thumbnailUrl":"https:\/\/www.immobilienbusiness.ch\/wp-content\/uploads\/2019\/01\/Visualisierung-Wohnungen-Grenchen-kleiner.jpg","datePublished":"2019-01-08T07:27:32+00:00","description":"A Grenchen (SO), il complesso \"Sunnepark\", con oltre 100 appartamenti, \u00e8 attualmente in costruzione sul sito dell'ex ospedale.","breadcrumb":{"@id":"https:\/\/www.immobilienbusiness.ch\/de\/regionen\/2019-01-08\/grenchen-baustart-fuer-wohnueberbauung-sunnepark\/#breadcrumb"},"inLanguage":"it-IT","potentialAction":[{"@type":"ReadAction","target":["https:\/\/www.immobilienbusiness.ch\/de\/regionen\/2019-01-08\/grenchen-baustart-fuer-wohnueberbauung-sunnepark\/"]}]},{"@type":"ImageObject","inLanguage":"it-IT","@id":"https:\/\/www.immobilienbusiness.ch\/de\/regionen\/2019-01-08\/grenchen-baustart-fuer-wohnueberbauung-sunnepark\/#primaryimage","url":"https:\/\/www.immobilienbusiness.ch\/wp-content\/uploads\/2019\/01\/Visualisierung-Wohnungen-Grenchen-kleiner.jpg","contentUrl":"https:\/\/www.immobilienbusiness.ch\/wp-content\/uploads\/2019\/01\/Visualisierung-Wohnungen-Grenchen-kleiner.jpg","width":2560,"height":1203,"caption":"In Grenchen ist die \u00dcberbauung Sunnepark in Bau (Visualisierung, Quelle: Thomasgraf AG)"},{"@type":"BreadcrumbList","@id":"https:\/\/www.immobilienbusiness.ch\/de\/regionen\/2019-01-08\/grenchen-baustart-fuer-wohnueberbauung-sunnepark\/#breadcrumb","itemListElement":[{"@type":"ListItem","position":1,"name":"Home","item":"https:\/\/www.immobilienbusiness.ch\/"},{"@type":"ListItem","position":2,"name":"Grenchen: Baustart f\u00fcr Wohn\u00fcberbauung Sunnepark"}]},{"@type":"WebSite","@id":"https:\/\/www.immobilienbusiness.ch\/#website","url":"https:\/\/www.immobilienbusiness.ch\/","name":"Affari immobiliari","description":"Rivista economica indipendente svizzera che si concentra sul settore immobiliare, l'architettura e la costruzione, nonch\u00e9 sugli investimenti e i finanziamenti.","publisher":{"@id":"https:\/\/www.immobilienbusiness.ch\/#organization"},"potentialAction":[{"@type":"SearchAction","target":{"@type":"EntryPoint","urlTemplate":"https:\/\/www.immobilienbusiness.ch\/?s={search_term_string}"},"query-input":{"@type":"PropertyValueSpecification","valueRequired":true,"valueName":"search_term_string"}}],"inLanguage":"it-IT"},{"@type":"Organization","@id":"https:\/\/www.immobilienbusiness.ch\/#organization","name":"Affari immobiliari","url":"https:\/\/www.immobilienbusiness.ch\/","logo":{"@type":"ImageObject","inLanguage":"it-IT","@id":"https:\/\/www.immobilienbusiness.ch\/#\/schema\/logo\/image\/","url":"https:\/\/www.immobilienbusiness.ch\/wp-content\/uploads\/2021\/07\/logo_ib.png","contentUrl":"https:\/\/www.immobilienbusiness.ch\/wp-content\/uploads\/2021\/07\/logo_ib.png","width":800,"height":181,"caption":"IMMOBILIEN Business"},"image":{"@id":"https:\/\/www.immobilienbusiness.ch\/#\/schema\/logo\/image\/"},"sameAs":["https:\/\/www.facebook.com\/immobilienbusiness\/"]},{"@type":"Person","@id":"https:\/\/www.immobilienbusiness.ch\/#\/schema\/person\/3fc036297b10b9f42d6db5ee932af8c8","name":"anja.hall","image":{"@type":"ImageObject","inLanguage":"it-IT","@id":"https:\/\/secure.gravatar.com\/avatar\/066b5a0d447013502c71a5782f4f3469f03cfe595cc2329fb94652fe47511bfb?s=96&d=mm&r=g","url":"https:\/\/secure.gravatar.com\/avatar\/066b5a0d447013502c71a5782f4f3469f03cfe595cc2329fb94652fe47511bfb?s=96&d=mm&r=g","contentUrl":"https:\/\/secure.gravatar.com\/avatar\/066b5a0d447013502c71a5782f4f3469f03cfe595cc2329fb94652fe47511bfb?s=96&d=mm&r=g","caption":"anja.hall"},"url":"https:\/\/www.immobilienbusiness.ch\/it\/author\/anja-hall\/"}]}},"_links":{"self":[{"href":"https:\/\/www.immobilienbusiness.ch\/it\/wp-json\/wp\/v2\/posts\/15435","targetHints":{"allow":["GET"]}}],"collection":[{"href":"https:\/\/www.immobilienbusiness.ch\/it\/wp-json\/wp\/v2\/posts"}],"about":[{"href":"https:\/\/www.immobilienbusiness.ch\/it\/wp-json\/wp\/v2\/types\/post"}],"author":[{"embeddable":true,"href":"https:\/\/www.immobilienbusiness.ch\/it\/wp-json\/wp\/v2\/users\/3"}],"replies":[{"embeddable":true,"href":"https:\/\/www.immobilienbusiness.ch\/it\/wp-json\/wp\/v2\/comments?post=15435"}],"version-history":[{"count":0,"href":"https:\/\/www.immobilienbusiness.ch\/it\/wp-json\/wp\/v2\/posts\/15435\/revisions"}],"wp:featuredmedia":[{"embeddable":true,"href":"https:\/\/www.immobilienbusiness.ch\/it\/wp-json\/wp\/v2\/media\/15438"}],"wp:attachment":[{"href":"https:\/\/www.immobilienbusiness.ch\/it\/wp-json\/wp\/v2\/media?parent=15435"}],"wp:term":[{"taxonomy":"category","embeddable":true,"href":"https:\/\/www.immobilienbusiness.ch\/it\/wp-json\/wp\/v2\/categories?post=15435"},{"taxonomy":"post_tag","embeddable":true,"href":"https:\/\/www.immobilienbusiness.ch\/it\/wp-json\/wp\/v2\/tags?post=15435"}],"curies":[{"name":"wp","href":"https:\/\/api.w.org\/{rel}","templated":true}]}}