{"id":15376,"date":"2018-12-31T12:15:00","date_gmt":"2018-12-31T11:15:00","guid":{"rendered":"https:\/\/www.immobilienbusiness.ch\/?p=15376"},"modified":"2018-12-31T12:15:00","modified_gmt":"2018-12-31T11:15:00","slug":"baloise-steigt-bei-infracore-ein","status":"publish","type":"post","link":"https:\/\/www.immobilienbusiness.ch\/it\/unternehmen\/2018-12-31\/baloise-steigt-bei-infracore-ein\/","title":{"rendered":"Baloise si unisce a Infracore"},"content":{"rendered":"<p><img loading=\"lazy\" decoding=\"async\" class=\"alignnone wp-image-12304 size-medium\" src=\"https:\/\/www.immobilienbusiness.ch\/wp-content\/uploads\/2018\/04\/Depositphotos_30251097_m-2015.jpg\" alt=\"\" width=\"680\" height=\"449\" srcset=\"https:\/\/www.immobilienbusiness.ch\/wp-content\/uploads\/2018\/04\/Depositphotos_30251097_m-2015.jpg 1000w, https:\/\/www.immobilienbusiness.ch\/wp-content\/uploads\/2018\/04\/Depositphotos_30251097_m-2015-300x198.jpg 300w, https:\/\/www.immobilienbusiness.ch\/wp-content\/uploads\/2018\/04\/Depositphotos_30251097_m-2015-768x507.jpg 768w, https:\/\/www.immobilienbusiness.ch\/wp-content\/uploads\/2018\/04\/Depositphotos_30251097_m-2015-16x12.jpg 16w, https:\/\/www.immobilienbusiness.ch\/wp-content\/uploads\/2018\/04\/Depositphotos_30251097_m-2015-265x175.jpg 265w, https:\/\/www.immobilienbusiness.ch\/wp-content\/uploads\/2018\/04\/Depositphotos_30251097_m-2015-530x350.jpg 530w, https:\/\/www.immobilienbusiness.ch\/wp-content\/uploads\/2018\/04\/Depositphotos_30251097_m-2015-920x607.jpg 920w\" sizes=\"auto, (max-width: 680px) 100vw, 680px\" \/><\/p>\n<p>L'assicuratore Baloise acquista una partecipazione del 20 per cento nella societ\u00e0 immobiliare Infracore SA (ex Swiss Healthcare Properties), che appartiene alla Aevis Victoria, per 86,5 milioni di franchi. Il portafoglio di Infracore, che si concentra sul settore sanitario in Svizzera, comprende 34 immobili ospedalieri con 138.084 mq di spazio totale affittabile, che sono affittati a cliniche del gruppo Aevis su una base a lungo termine.<\/p>\n<p>Secondo il gruppo assicurativo, Infracore sar\u00e0 valutato a 852,5 milioni (comprese le passivit\u00e0 finanziarie nette) come parte di questa transazione. La Basilese sta anche fornendo alla Infracore un finanziamento sotto forma di un'obbligazione di 100 milioni con una durata di tre anni e una cedola dell'1,5 per cento, dice. Non fanno parte della transazione con la Basilese le propriet\u00e0 sanitarie a Ginevra di G\u00e9n\u00e9rale-Beaulieu Immobili\u00e8re e le propriet\u00e0 alberghiere di Swiss Hospitality Properties.<\/p>\n<p>La partecipazione della Baloise \u00e8 \"un primo passo verso la piena indipendenza di Infracore, permettendo ad altri investitori o al pubblico di partecipare\", aggiunge l'assicuratore. In stretta collaborazione con la Baloise, Infracore continuer\u00e0 la sua strategia di crescita e di consolidamento nel settore immobiliare sanitario in Svizzera nel settore privato e pubblico, ha aggiunto.<\/p>\n<p>Il gruppo Baloise vede l'elevato fabbisogno di investimenti nei prossimi anni, anche nel settore della sanit\u00e0 pubblica, come \"un'opportunit\u00e0 per sviluppare il portafoglio immobiliare di Infracore\"; questo tipo di veicolo di investimento \u00e8 ampiamente utilizzato in Europa e negli Stati Uniti. Secondo le informazioni, Aevis Victoria \"manterr\u00e0 il restante 80 per cento del capitale sociale di Infracore in questa fase\". La vendita della quota del 20 per cento rafforzer\u00e0 il patrimonio netto della societ\u00e0 e aumenter\u00e0 la sua flessibilit\u00e0 finanziaria, dice. A met\u00e0 dell'anno scorso, il gruppo ospedaliero e alberghiero aveva un attivo totale di 1,8 miliardi e un patrimonio netto di 0,4 miliardi. <em>(bw)<\/em><\/p>","protected":false},"excerpt":{"rendered":"<p>Il gruppo assicurativo Baloise acquisisce una partecipazione del 20 per cento nella filiale Infracore di Aevis-Victoria.<\/p>","protected":false},"author":6,"featured_media":12418,"comment_status":"closed","ping_status":"open","sticky":false,"template":"","format":"standard","meta":{"_acf_changed":false,"_yoast_wpseo_focuskw":"Baloise","_yoast_wpseo_title":"","_yoast_wpseo_metadesc":"Der Versicherungskonzern Baloise \u00fcbernimmt einen 20-Prozent-Anteil an der Aevis-Victoria-Tochter Infracore.","_yoast_wpseo_linkdex":68,"pgc_sgb_lightbox_settings":"","footnotes":""},"categories":[988],"tags":[1006,1065,1364,1794],"class_list":["post-15376","post","type-post","status-publish","format-standard","has-post-thumbnail","hentry","category-unternehmen","tag-aevis-gruppe","tag-baloise","tag-infracore","tag-uebernahme"],"acf":[],"yoast_head":"<!-- This site is optimized with the Yoast SEO plugin v27.4 - https:\/\/yoast.com\/product\/yoast-seo-wordpress\/ -->\n<title>Baloise steigt bei Infracore ein - IMMOBILIEN Business<\/title>\n<meta name=\"description\" content=\"Der Versicherungskonzern Baloise \u00fcbernimmt einen 20-Prozent-Anteil an der Aevis-Victoria-Tochter Infracore.\" \/>\n<meta name=\"robots\" content=\"index, follow, max-snippet:-1, max-image-preview:large, max-video-preview:-1\" \/>\n<link rel=\"canonical\" href=\"https:\/\/www.immobilienbusiness.ch\/it\/unternehmen\/2018-12-31\/baloise-steigt-bei-infracore-ein\/\" \/>\n<meta property=\"og:locale\" content=\"it_IT\" \/>\n<meta property=\"og:type\" content=\"article\" \/>\n<meta property=\"og:title\" content=\"Baloise steigt bei Infracore ein - IMMOBILIEN Business\" \/>\n<meta property=\"og:description\" content=\"Der Versicherungskonzern Baloise \u00fcbernimmt einen 20-Prozent-Anteil an der Aevis-Victoria-Tochter Infracore.\" \/>\n<meta property=\"og:url\" content=\"https:\/\/www.immobilienbusiness.ch\/it\/unternehmen\/2018-12-31\/baloise-steigt-bei-infracore-ein\/\" \/>\n<meta property=\"og:site_name\" content=\"IMMOBILIEN Business\" \/>\n<meta property=\"article:publisher\" content=\"https:\/\/www.facebook.com\/immobilienbusiness\/\" \/>\n<meta property=\"article:published_time\" content=\"2018-12-31T11:15:00+00:00\" \/>\n<meta property=\"og:image\" content=\"https:\/\/www.immobilienbusiness.ch\/wp-content\/uploads\/2018\/05\/Depositphotos_6297149_m-2015.jpg\" \/>\n\t<meta property=\"og:image:width\" content=\"1000\" \/>\n\t<meta property=\"og:image:height\" content=\"667\" \/>\n\t<meta property=\"og:image:type\" content=\"image\/jpeg\" \/>\n<meta name=\"author\" content=\"galledia\" \/>\n<meta name=\"twitter:card\" content=\"summary_large_image\" \/>\n<script type=\"application\/ld+json\" class=\"yoast-schema-graph\">{\"@context\":\"https:\\\/\\\/schema.org\",\"@graph\":[{\"@type\":\"Article\",\"@id\":\"https:\\\/\\\/www.immobilienbusiness.ch\\\/de\\\/unternehmen\\\/2018-12-31\\\/baloise-steigt-bei-infracore-ein\\\/#article\",\"isPartOf\":{\"@id\":\"https:\\\/\\\/www.immobilienbusiness.ch\\\/de\\\/unternehmen\\\/2018-12-31\\\/baloise-steigt-bei-infracore-ein\\\/\"},\"author\":{\"name\":\"galledia\",\"@id\":\"https:\\\/\\\/www.immobilienbusiness.ch\\\/#\\\/schema\\\/person\\\/92ab48f1f614a7730a86f4fd946983ca\"},\"headline\":\"Baloise steigt bei Infracore ein\",\"datePublished\":\"2018-12-31T11:15:00+00:00\",\"mainEntityOfPage\":{\"@id\":\"https:\\\/\\\/www.immobilienbusiness.ch\\\/de\\\/unternehmen\\\/2018-12-31\\\/baloise-steigt-bei-infracore-ein\\\/\"},\"wordCount\":284,\"publisher\":{\"@id\":\"https:\\\/\\\/www.immobilienbusiness.ch\\\/#organization\"},\"image\":{\"@id\":\"https:\\\/\\\/www.immobilienbusiness.ch\\\/de\\\/unternehmen\\\/2018-12-31\\\/baloise-steigt-bei-infracore-ein\\\/#primaryimage\"},\"thumbnailUrl\":\"https:\\\/\\\/www.immobilienbusiness.ch\\\/wp-content\\\/uploads\\\/2018\\\/05\\\/Depositphotos_6297149_m-2015.jpg\",\"keywords\":[\"Aevis-Gruppe\",\"Baloise\",\"Infracore\",\"\u00dcbernahme\"],\"articleSection\":[\"UNTERNEHMEN\"],\"inLanguage\":\"it-IT\"},{\"@type\":\"WebPage\",\"@id\":\"https:\\\/\\\/www.immobilienbusiness.ch\\\/de\\\/unternehmen\\\/2018-12-31\\\/baloise-steigt-bei-infracore-ein\\\/\",\"url\":\"https:\\\/\\\/www.immobilienbusiness.ch\\\/de\\\/unternehmen\\\/2018-12-31\\\/baloise-steigt-bei-infracore-ein\\\/\",\"name\":\"Baloise steigt bei Infracore ein - IMMOBILIEN Business\",\"isPartOf\":{\"@id\":\"https:\\\/\\\/www.immobilienbusiness.ch\\\/#website\"},\"primaryImageOfPage\":{\"@id\":\"https:\\\/\\\/www.immobilienbusiness.ch\\\/de\\\/unternehmen\\\/2018-12-31\\\/baloise-steigt-bei-infracore-ein\\\/#primaryimage\"},\"image\":{\"@id\":\"https:\\\/\\\/www.immobilienbusiness.ch\\\/de\\\/unternehmen\\\/2018-12-31\\\/baloise-steigt-bei-infracore-ein\\\/#primaryimage\"},\"thumbnailUrl\":\"https:\\\/\\\/www.immobilienbusiness.ch\\\/wp-content\\\/uploads\\\/2018\\\/05\\\/Depositphotos_6297149_m-2015.jpg\",\"datePublished\":\"2018-12-31T11:15:00+00:00\",\"description\":\"Der Versicherungskonzern Baloise \u00fcbernimmt einen 20-Prozent-Anteil an der Aevis-Victoria-Tochter Infracore.\",\"breadcrumb\":{\"@id\":\"https:\\\/\\\/www.immobilienbusiness.ch\\\/de\\\/unternehmen\\\/2018-12-31\\\/baloise-steigt-bei-infracore-ein\\\/#breadcrumb\"},\"inLanguage\":\"it-IT\",\"potentialAction\":[{\"@type\":\"ReadAction\",\"target\":[\"https:\\\/\\\/www.immobilienbusiness.ch\\\/de\\\/unternehmen\\\/2018-12-31\\\/baloise-steigt-bei-infracore-ein\\\/\"]}]},{\"@type\":\"ImageObject\",\"inLanguage\":\"it-IT\",\"@id\":\"https:\\\/\\\/www.immobilienbusiness.ch\\\/de\\\/unternehmen\\\/2018-12-31\\\/baloise-steigt-bei-infracore-ein\\\/#primaryimage\",\"url\":\"https:\\\/\\\/www.immobilienbusiness.ch\\\/wp-content\\\/uploads\\\/2018\\\/05\\\/Depositphotos_6297149_m-2015.jpg\",\"contentUrl\":\"https:\\\/\\\/www.immobilienbusiness.ch\\\/wp-content\\\/uploads\\\/2018\\\/05\\\/Depositphotos_6297149_m-2015.jpg\",\"width\":1000,\"height\":667,\"caption\":\"Die SenioResidenz AG kauft die Leukerbad Clinic (peshkova - depositphotos)\"},{\"@type\":\"BreadcrumbList\",\"@id\":\"https:\\\/\\\/www.immobilienbusiness.ch\\\/de\\\/unternehmen\\\/2018-12-31\\\/baloise-steigt-bei-infracore-ein\\\/#breadcrumb\",\"itemListElement\":[{\"@type\":\"ListItem\",\"position\":1,\"name\":\"Home\",\"item\":\"https:\\\/\\\/www.immobilienbusiness.ch\\\/\"},{\"@type\":\"ListItem\",\"position\":2,\"name\":\"Baloise steigt bei Infracore ein\"}]},{\"@type\":\"WebSite\",\"@id\":\"https:\\\/\\\/www.immobilienbusiness.ch\\\/#website\",\"url\":\"https:\\\/\\\/www.immobilienbusiness.ch\\\/\",\"name\":\"IMMOBILIEN Business\",\"description\":\"Unabh\u00e4ngiges Schweizer Wirtschaftsmagazin mit Fokus auf Immobilien, Architektur- und Bau sowie Investment- und Finanzierung.\",\"publisher\":{\"@id\":\"https:\\\/\\\/www.immobilienbusiness.ch\\\/#organization\"},\"potentialAction\":[{\"@type\":\"SearchAction\",\"target\":{\"@type\":\"EntryPoint\",\"urlTemplate\":\"https:\\\/\\\/www.immobilienbusiness.ch\\\/?s={search_term_string}\"},\"query-input\":{\"@type\":\"PropertyValueSpecification\",\"valueRequired\":true,\"valueName\":\"search_term_string\"}}],\"inLanguage\":\"it-IT\"},{\"@type\":\"Organization\",\"@id\":\"https:\\\/\\\/www.immobilienbusiness.ch\\\/#organization\",\"name\":\"IMMOBILIEN Business\",\"url\":\"https:\\\/\\\/www.immobilienbusiness.ch\\\/\",\"logo\":{\"@type\":\"ImageObject\",\"inLanguage\":\"it-IT\",\"@id\":\"https:\\\/\\\/www.immobilienbusiness.ch\\\/#\\\/schema\\\/logo\\\/image\\\/\",\"url\":\"https:\\\/\\\/www.immobilienbusiness.ch\\\/wp-content\\\/uploads\\\/2021\\\/07\\\/logo_ib.png\",\"contentUrl\":\"https:\\\/\\\/www.immobilienbusiness.ch\\\/wp-content\\\/uploads\\\/2021\\\/07\\\/logo_ib.png\",\"width\":800,\"height\":181,\"caption\":\"IMMOBILIEN Business\"},\"image\":{\"@id\":\"https:\\\/\\\/www.immobilienbusiness.ch\\\/#\\\/schema\\\/logo\\\/image\\\/\"},\"sameAs\":[\"https:\\\/\\\/www.facebook.com\\\/immobilienbusiness\\\/\"]},{\"@type\":\"Person\",\"@id\":\"https:\\\/\\\/www.immobilienbusiness.ch\\\/#\\\/schema\\\/person\\\/92ab48f1f614a7730a86f4fd946983ca\",\"name\":\"galledia\",\"image\":{\"@type\":\"ImageObject\",\"inLanguage\":\"it-IT\",\"@id\":\"https:\\\/\\\/secure.gravatar.com\\\/avatar\\\/?s=96&d=mm&r=g\",\"url\":\"https:\\\/\\\/secure.gravatar.com\\\/avatar\\\/?s=96&d=mm&r=g\",\"contentUrl\":\"https:\\\/\\\/secure.gravatar.com\\\/avatar\\\/?s=96&d=mm&r=g\",\"caption\":\"galledia\"},\"url\":\"https:\\\/\\\/www.immobilienbusiness.ch\\\/it\\\/author\\\/galledia\\\/\"}]}<\/script>\n<!-- \/ Yoast SEO plugin. -->","yoast_head_json":{"title":"Baloise steigt bei Infracore ein - IMMOBILIEN Business","description":"Il gruppo assicurativo Baloise acquisisce una partecipazione del 20 per cento nella filiale Infracore di Aevis-Victoria.","robots":{"index":"index","follow":"follow","max-snippet":"max-snippet:-1","max-image-preview":"max-image-preview:large","max-video-preview":"max-video-preview:-1"},"canonical":"https:\/\/www.immobilienbusiness.ch\/it\/unternehmen\/2018-12-31\/baloise-steigt-bei-infracore-ein\/","og_locale":"it_IT","og_type":"article","og_title":"Baloise steigt bei Infracore ein - IMMOBILIEN Business","og_description":"Der Versicherungskonzern Baloise \u00fcbernimmt einen 20-Prozent-Anteil an der Aevis-Victoria-Tochter Infracore.","og_url":"https:\/\/www.immobilienbusiness.ch\/it\/unternehmen\/2018-12-31\/baloise-steigt-bei-infracore-ein\/","og_site_name":"IMMOBILIEN Business","article_publisher":"https:\/\/www.facebook.com\/immobilienbusiness\/","article_published_time":"2018-12-31T11:15:00+00:00","og_image":[{"width":1000,"height":667,"url":"https:\/\/www.immobilienbusiness.ch\/wp-content\/uploads\/2018\/05\/Depositphotos_6297149_m-2015.jpg","type":"image\/jpeg"}],"author":"galledia","twitter_card":"summary_large_image","schema":{"@context":"https:\/\/schema.org","@graph":[{"@type":"Article","@id":"https:\/\/www.immobilienbusiness.ch\/de\/unternehmen\/2018-12-31\/baloise-steigt-bei-infracore-ein\/#article","isPartOf":{"@id":"https:\/\/www.immobilienbusiness.ch\/de\/unternehmen\/2018-12-31\/baloise-steigt-bei-infracore-ein\/"},"author":{"name":"galledia","@id":"https:\/\/www.immobilienbusiness.ch\/#\/schema\/person\/92ab48f1f614a7730a86f4fd946983ca"},"headline":"Baloise steigt bei Infracore ein","datePublished":"2018-12-31T11:15:00+00:00","mainEntityOfPage":{"@id":"https:\/\/www.immobilienbusiness.ch\/de\/unternehmen\/2018-12-31\/baloise-steigt-bei-infracore-ein\/"},"wordCount":284,"publisher":{"@id":"https:\/\/www.immobilienbusiness.ch\/#organization"},"image":{"@id":"https:\/\/www.immobilienbusiness.ch\/de\/unternehmen\/2018-12-31\/baloise-steigt-bei-infracore-ein\/#primaryimage"},"thumbnailUrl":"https:\/\/www.immobilienbusiness.ch\/wp-content\/uploads\/2018\/05\/Depositphotos_6297149_m-2015.jpg","keywords":["Aevis-Gruppe","Baloise","Infracore","\u00dcbernahme"],"articleSection":["UNTERNEHMEN"],"inLanguage":"it-IT"},{"@type":"WebPage","@id":"https:\/\/www.immobilienbusiness.ch\/de\/unternehmen\/2018-12-31\/baloise-steigt-bei-infracore-ein\/","url":"https:\/\/www.immobilienbusiness.ch\/de\/unternehmen\/2018-12-31\/baloise-steigt-bei-infracore-ein\/","name":"Baloise steigt bei Infracore ein - IMMOBILIEN Business","isPartOf":{"@id":"https:\/\/www.immobilienbusiness.ch\/#website"},"primaryImageOfPage":{"@id":"https:\/\/www.immobilienbusiness.ch\/de\/unternehmen\/2018-12-31\/baloise-steigt-bei-infracore-ein\/#primaryimage"},"image":{"@id":"https:\/\/www.immobilienbusiness.ch\/de\/unternehmen\/2018-12-31\/baloise-steigt-bei-infracore-ein\/#primaryimage"},"thumbnailUrl":"https:\/\/www.immobilienbusiness.ch\/wp-content\/uploads\/2018\/05\/Depositphotos_6297149_m-2015.jpg","datePublished":"2018-12-31T11:15:00+00:00","description":"Il gruppo assicurativo Baloise acquisisce una partecipazione del 20 per cento nella filiale Infracore di Aevis-Victoria.","breadcrumb":{"@id":"https:\/\/www.immobilienbusiness.ch\/de\/unternehmen\/2018-12-31\/baloise-steigt-bei-infracore-ein\/#breadcrumb"},"inLanguage":"it-IT","potentialAction":[{"@type":"ReadAction","target":["https:\/\/www.immobilienbusiness.ch\/de\/unternehmen\/2018-12-31\/baloise-steigt-bei-infracore-ein\/"]}]},{"@type":"ImageObject","inLanguage":"it-IT","@id":"https:\/\/www.immobilienbusiness.ch\/de\/unternehmen\/2018-12-31\/baloise-steigt-bei-infracore-ein\/#primaryimage","url":"https:\/\/www.immobilienbusiness.ch\/wp-content\/uploads\/2018\/05\/Depositphotos_6297149_m-2015.jpg","contentUrl":"https:\/\/www.immobilienbusiness.ch\/wp-content\/uploads\/2018\/05\/Depositphotos_6297149_m-2015.jpg","width":1000,"height":667,"caption":"Die SenioResidenz AG kauft die Leukerbad Clinic (peshkova - depositphotos)"},{"@type":"BreadcrumbList","@id":"https:\/\/www.immobilienbusiness.ch\/de\/unternehmen\/2018-12-31\/baloise-steigt-bei-infracore-ein\/#breadcrumb","itemListElement":[{"@type":"ListItem","position":1,"name":"Home","item":"https:\/\/www.immobilienbusiness.ch\/"},{"@type":"ListItem","position":2,"name":"Baloise steigt bei Infracore ein"}]},{"@type":"WebSite","@id":"https:\/\/www.immobilienbusiness.ch\/#website","url":"https:\/\/www.immobilienbusiness.ch\/","name":"Affari immobiliari","description":"Rivista economica indipendente svizzera che si concentra sul settore immobiliare, l'architettura e la costruzione, nonch\u00e9 sugli investimenti e i finanziamenti.","publisher":{"@id":"https:\/\/www.immobilienbusiness.ch\/#organization"},"potentialAction":[{"@type":"SearchAction","target":{"@type":"EntryPoint","urlTemplate":"https:\/\/www.immobilienbusiness.ch\/?s={search_term_string}"},"query-input":{"@type":"PropertyValueSpecification","valueRequired":true,"valueName":"search_term_string"}}],"inLanguage":"it-IT"},{"@type":"Organization","@id":"https:\/\/www.immobilienbusiness.ch\/#organization","name":"Affari immobiliari","url":"https:\/\/www.immobilienbusiness.ch\/","logo":{"@type":"ImageObject","inLanguage":"it-IT","@id":"https:\/\/www.immobilienbusiness.ch\/#\/schema\/logo\/image\/","url":"https:\/\/www.immobilienbusiness.ch\/wp-content\/uploads\/2021\/07\/logo_ib.png","contentUrl":"https:\/\/www.immobilienbusiness.ch\/wp-content\/uploads\/2021\/07\/logo_ib.png","width":800,"height":181,"caption":"IMMOBILIEN Business"},"image":{"@id":"https:\/\/www.immobilienbusiness.ch\/#\/schema\/logo\/image\/"},"sameAs":["https:\/\/www.facebook.com\/immobilienbusiness\/"]},{"@type":"Person","@id":"https:\/\/www.immobilienbusiness.ch\/#\/schema\/person\/92ab48f1f614a7730a86f4fd946983ca","name":"galledia","image":{"@type":"ImageObject","inLanguage":"it-IT","@id":"https:\/\/secure.gravatar.com\/avatar\/?s=96&d=mm&r=g","url":"https:\/\/secure.gravatar.com\/avatar\/?s=96&d=mm&r=g","contentUrl":"https:\/\/secure.gravatar.com\/avatar\/?s=96&d=mm&r=g","caption":"galledia"},"url":"https:\/\/www.immobilienbusiness.ch\/it\/author\/galledia\/"}]}},"_links":{"self":[{"href":"https:\/\/www.immobilienbusiness.ch\/it\/wp-json\/wp\/v2\/posts\/15376","targetHints":{"allow":["GET"]}}],"collection":[{"href":"https:\/\/www.immobilienbusiness.ch\/it\/wp-json\/wp\/v2\/posts"}],"about":[{"href":"https:\/\/www.immobilienbusiness.ch\/it\/wp-json\/wp\/v2\/types\/post"}],"author":[{"embeddable":true,"href":"https:\/\/www.immobilienbusiness.ch\/it\/wp-json\/wp\/v2\/users\/6"}],"replies":[{"embeddable":true,"href":"https:\/\/www.immobilienbusiness.ch\/it\/wp-json\/wp\/v2\/comments?post=15376"}],"version-history":[{"count":0,"href":"https:\/\/www.immobilienbusiness.ch\/it\/wp-json\/wp\/v2\/posts\/15376\/revisions"}],"wp:featuredmedia":[{"embeddable":true,"href":"https:\/\/www.immobilienbusiness.ch\/it\/wp-json\/wp\/v2\/media\/12418"}],"wp:attachment":[{"href":"https:\/\/www.immobilienbusiness.ch\/it\/wp-json\/wp\/v2\/media?parent=15376"}],"wp:term":[{"taxonomy":"category","embeddable":true,"href":"https:\/\/www.immobilienbusiness.ch\/it\/wp-json\/wp\/v2\/categories?post=15376"},{"taxonomy":"post_tag","embeddable":true,"href":"https:\/\/www.immobilienbusiness.ch\/it\/wp-json\/wp\/v2\/tags?post=15376"}],"curies":[{"name":"wp","href":"https:\/\/api.w.org\/{rel}","templated":true}]}}