{"id":15344,"date":"2018-12-21T07:25:40","date_gmt":"2018-12-21T06:25:40","guid":{"rendered":"https:\/\/www.immobilienbusiness.ch\/?p=15344"},"modified":"2018-12-21T07:25:40","modified_gmt":"2018-12-21T06:25:40","slug":"luzern-maxi-bazar-zieht-ins-schild-gebaeude","status":"publish","type":"post","link":"https:\/\/www.immobilienbusiness.ch\/it\/regionen\/2018-12-21\/luzern-maxi-bazar-zieht-ins-schild-gebaeude\/","title":{"rendered":"Lucerna: Maxi Bazar si trasferisce nell'edificio Schild"},"content":{"rendered":"<figure id=\"attachment_6258\" aria-describedby=\"caption-attachment-6258\" style=\"width: 680px\" class=\"wp-caption alignnone\"><img loading=\"lazy\" decoding=\"async\" class=\"size-medium wp-image-6258\" src=\"https:\/\/www.immobilienbusiness.ch\/wp-content\/uploads\/2017\/02\/Depositphotos_32865633_l-2015.jpg\" alt=\"\" width=\"680\" height=\"441\" srcset=\"https:\/\/www.immobilienbusiness.ch\/wp-content\/uploads\/2017\/02\/Depositphotos_32865633_l-2015.jpg 2000w, https:\/\/www.immobilienbusiness.ch\/wp-content\/uploads\/2017\/02\/Depositphotos_32865633_l-2015-300x194.jpg 300w, https:\/\/www.immobilienbusiness.ch\/wp-content\/uploads\/2017\/02\/Depositphotos_32865633_l-2015-1024x664.jpg 1024w, https:\/\/www.immobilienbusiness.ch\/wp-content\/uploads\/2017\/02\/Depositphotos_32865633_l-2015-768x498.jpg 768w, https:\/\/www.immobilienbusiness.ch\/wp-content\/uploads\/2017\/02\/Depositphotos_32865633_l-2015-1536x995.jpg 1536w, https:\/\/www.immobilienbusiness.ch\/wp-content\/uploads\/2017\/02\/Depositphotos_32865633_l-2015-16x10.jpg 16w, https:\/\/www.immobilienbusiness.ch\/wp-content\/uploads\/2017\/02\/Depositphotos_32865633_l-2015-270x175.jpg 270w, https:\/\/www.immobilienbusiness.ch\/wp-content\/uploads\/2017\/02\/Depositphotos_32865633_l-2015-540x350.jpg 540w, https:\/\/www.immobilienbusiness.ch\/wp-content\/uploads\/2017\/02\/Depositphotos_32865633_l-2015-1235x800.jpg 1235w, https:\/\/www.immobilienbusiness.ch\/wp-content\/uploads\/2017\/02\/Depositphotos_32865633_l-2015-920x596.jpg 920w, https:\/\/www.immobilienbusiness.ch\/wp-content\/uploads\/2017\/02\/Depositphotos_32865633_l-2015-1400x907.jpg 1400w\" sizes=\"auto, (max-width: 680px) 100vw, 680px\" \/><figcaption id=\"caption-attachment-6258\" class=\"wp-caption-text\">Maxi Bazar arriva a Lucerna (Foto: olgysha - depositphotos)<\/figcaption><\/figure>\n<p><a href=\"https:\/\/www.20min.ch\/schweiz\/zentralschweiz\/story\/Maxi-Bazar-ersetzt-Schild-in-der-Luzerner-Altstadt-30311104\">Come <em>20 minuti<\/em> riporta<\/a>Maxi Bazar aprir\u00e0 un grande magazzino nella Balthasarhaus in Kramgasse 2 la prossima primavera. L'edificio ospita attualmente il negozio di moda Schild su cinque piani. Tuttavia, la sede chiuder\u00e0 all'inizio di febbraio 2019, riferisce 20 Minuten, citando Globus, di cui Schild fa parte. A Lucerna, Globus gestisce, oltre a Schild, un grande magazzino in Pilatusstrasse e un negozio di moda in Falkenplatz. La revisione dei luoghi aveva mostrato che il bacino di utenza per tre negozi nella sede di Lucerna era troppo piccolo.<\/p>\n<p>Maxi Bazar gestisce attualmente 38 negozi in Francia e 29 in Svizzera. L'azienda francese di solito offre nei suoi negozi prodotti che altrimenti si trovano raramente o mai nei centri cittadini, come gli articoli di artigianato o la ferramenta.<em> (ah)<\/em><\/p>","protected":false},"excerpt":{"rendered":"<p>Die Handelskette Maxi Bazar wird laut einem Medienbericht im Fr\u00fchjahr 2019 eine Filiale in der Luzerner Altstadt er\u00f6ffnen &#8211; dort, wo sich derzeit noch das Modehaus Schild befindet. <\/p>","protected":false},"author":3,"featured_media":8300,"comment_status":"closed","ping_status":"open","sticky":false,"template":"","format":"standard","meta":{"_acf_changed":false,"_yoast_wpseo_focuskw":"Maxi Bazar","_yoast_wpseo_title":"","_yoast_wpseo_metadesc":"Die Handelskette Maxi Bazar wird laut einem Medienbericht im Fr\u00fchjahr 2019 eine Filiale in der Luzerner Altstadt er\u00f6ffnen.","_yoast_wpseo_linkdex":70,"pgc_sgb_lightbox_settings":"","footnotes":""},"categories":[985],"tags":[1459,1645],"class_list":["post-15344","post","type-post","status-publish","format-standard","has-post-thumbnail","hentry","category-regionen","tag-luzern","tag-retailflaechen"],"acf":[],"yoast_head":"<!-- This site is optimized with the Yoast SEO plugin v27.4 - https:\/\/yoast.com\/product\/yoast-seo-wordpress\/ -->\n<title>Luzern: Maxi Bazar zieht ins Schild-Geb\u00e4ude - IMMOBILIEN Business<\/title>\n<meta name=\"description\" content=\"Die Handelskette Maxi Bazar wird laut einem Medienbericht im Fr\u00fchjahr 2019 eine Filiale in der Luzerner Altstadt er\u00f6ffnen.\" \/>\n<meta name=\"robots\" content=\"index, follow, max-snippet:-1, max-image-preview:large, max-video-preview:-1\" \/>\n<link rel=\"canonical\" href=\"https:\/\/www.immobilienbusiness.ch\/it\/regionen\/2018-12-21\/luzern-maxi-bazar-zieht-ins-schild-gebaeude\/\" \/>\n<meta property=\"og:locale\" content=\"it_IT\" \/>\n<meta property=\"og:type\" content=\"article\" \/>\n<meta property=\"og:title\" content=\"Luzern: Maxi Bazar zieht ins Schild-Geb\u00e4ude - IMMOBILIEN Business\" \/>\n<meta property=\"og:description\" content=\"Die Handelskette Maxi Bazar wird laut einem Medienbericht im Fr\u00fchjahr 2019 eine Filiale in der Luzerner Altstadt er\u00f6ffnen.\" \/>\n<meta property=\"og:url\" content=\"https:\/\/www.immobilienbusiness.ch\/it\/regionen\/2018-12-21\/luzern-maxi-bazar-zieht-ins-schild-gebaeude\/\" \/>\n<meta property=\"og:site_name\" content=\"IMMOBILIEN Business\" \/>\n<meta property=\"article:publisher\" content=\"https:\/\/www.facebook.com\/immobilienbusiness\/\" \/>\n<meta property=\"article:published_time\" content=\"2018-12-21T06:25:40+00:00\" \/>\n<meta property=\"og:image\" content=\"https:\/\/www.immobilienbusiness.ch\/wp-content\/uploads\/2017\/07\/Immobilien-News-20170711_Luzern-c-Depositphotos.jpg\" \/>\n\t<meta property=\"og:image:width\" content=\"680\" \/>\n\t<meta property=\"og:image:height\" content=\"441\" \/>\n\t<meta property=\"og:image:type\" content=\"image\/jpeg\" \/>\n<meta name=\"author\" content=\"anja.hall\" \/>\n<meta name=\"twitter:card\" content=\"summary_large_image\" \/>\n<meta name=\"twitter:image\" content=\"https:\/\/www.immobilienbusiness.ch\/wp-content\/uploads\/2017\/07\/Immobilien-News-20170711_Luzern-c-Depositphotos.jpg\" \/>\n<script type=\"application\/ld+json\" class=\"yoast-schema-graph\">{\"@context\":\"https:\\\/\\\/schema.org\",\"@graph\":[{\"@type\":\"Article\",\"@id\":\"https:\\\/\\\/www.immobilienbusiness.ch\\\/regionen\\\/2018-12-21\\\/luzern-maxi-bazar-zieht-ins-schild-gebaeude\\\/#article\",\"isPartOf\":{\"@id\":\"https:\\\/\\\/www.immobilienbusiness.ch\\\/regionen\\\/2018-12-21\\\/luzern-maxi-bazar-zieht-ins-schild-gebaeude\\\/\"},\"author\":{\"name\":\"anja.hall\",\"@id\":\"https:\\\/\\\/www.immobilienbusiness.ch\\\/#\\\/schema\\\/person\\\/3fc036297b10b9f42d6db5ee932af8c8\"},\"headline\":\"Luzern: Maxi Bazar zieht ins Schild-Geb\u00e4ude\",\"datePublished\":\"2018-12-21T06:25:40+00:00\",\"mainEntityOfPage\":{\"@id\":\"https:\\\/\\\/www.immobilienbusiness.ch\\\/regionen\\\/2018-12-21\\\/luzern-maxi-bazar-zieht-ins-schild-gebaeude\\\/\"},\"wordCount\":151,\"publisher\":{\"@id\":\"https:\\\/\\\/www.immobilienbusiness.ch\\\/#organization\"},\"image\":{\"@id\":\"https:\\\/\\\/www.immobilienbusiness.ch\\\/regionen\\\/2018-12-21\\\/luzern-maxi-bazar-zieht-ins-schild-gebaeude\\\/#primaryimage\"},\"thumbnailUrl\":\"https:\\\/\\\/www.immobilienbusiness.ch\\\/wp-content\\\/uploads\\\/2017\\\/07\\\/Immobilien-News-20170711_Luzern-c-Depositphotos.jpg\",\"keywords\":[\"Luzern\",\"Retailfl\u00e4chen\"],\"articleSection\":[\"REGIONEN\"],\"inLanguage\":\"it-IT\"},{\"@type\":\"WebPage\",\"@id\":\"https:\\\/\\\/www.immobilienbusiness.ch\\\/regionen\\\/2018-12-21\\\/luzern-maxi-bazar-zieht-ins-schild-gebaeude\\\/\",\"url\":\"https:\\\/\\\/www.immobilienbusiness.ch\\\/regionen\\\/2018-12-21\\\/luzern-maxi-bazar-zieht-ins-schild-gebaeude\\\/\",\"name\":\"Luzern: Maxi Bazar zieht ins Schild-Geb\u00e4ude - IMMOBILIEN Business\",\"isPartOf\":{\"@id\":\"https:\\\/\\\/www.immobilienbusiness.ch\\\/#website\"},\"primaryImageOfPage\":{\"@id\":\"https:\\\/\\\/www.immobilienbusiness.ch\\\/regionen\\\/2018-12-21\\\/luzern-maxi-bazar-zieht-ins-schild-gebaeude\\\/#primaryimage\"},\"image\":{\"@id\":\"https:\\\/\\\/www.immobilienbusiness.ch\\\/regionen\\\/2018-12-21\\\/luzern-maxi-bazar-zieht-ins-schild-gebaeude\\\/#primaryimage\"},\"thumbnailUrl\":\"https:\\\/\\\/www.immobilienbusiness.ch\\\/wp-content\\\/uploads\\\/2017\\\/07\\\/Immobilien-News-20170711_Luzern-c-Depositphotos.jpg\",\"datePublished\":\"2018-12-21T06:25:40+00:00\",\"description\":\"Die Handelskette Maxi Bazar wird laut einem Medienbericht im Fr\u00fchjahr 2019 eine Filiale in der Luzerner Altstadt er\u00f6ffnen.\",\"breadcrumb\":{\"@id\":\"https:\\\/\\\/www.immobilienbusiness.ch\\\/regionen\\\/2018-12-21\\\/luzern-maxi-bazar-zieht-ins-schild-gebaeude\\\/#breadcrumb\"},\"inLanguage\":\"it-IT\",\"potentialAction\":[{\"@type\":\"ReadAction\",\"target\":[\"https:\\\/\\\/www.immobilienbusiness.ch\\\/regionen\\\/2018-12-21\\\/luzern-maxi-bazar-zieht-ins-schild-gebaeude\\\/\"]}]},{\"@type\":\"ImageObject\",\"inLanguage\":\"it-IT\",\"@id\":\"https:\\\/\\\/www.immobilienbusiness.ch\\\/regionen\\\/2018-12-21\\\/luzern-maxi-bazar-zieht-ins-schild-gebaeude\\\/#primaryimage\",\"url\":\"https:\\\/\\\/www.immobilienbusiness.ch\\\/wp-content\\\/uploads\\\/2017\\\/07\\\/Immobilien-News-20170711_Luzern-c-Depositphotos.jpg\",\"contentUrl\":\"https:\\\/\\\/www.immobilienbusiness.ch\\\/wp-content\\\/uploads\\\/2017\\\/07\\\/Immobilien-News-20170711_Luzern-c-Depositphotos.jpg\",\"width\":680,\"height\":441,\"caption\":\"Der Kanton Luzern plant eine 333-Millionen-Investition in den Campus Horw (Foto: olgysha \u2013 depositphotos)\"},{\"@type\":\"BreadcrumbList\",\"@id\":\"https:\\\/\\\/www.immobilienbusiness.ch\\\/regionen\\\/2018-12-21\\\/luzern-maxi-bazar-zieht-ins-schild-gebaeude\\\/#breadcrumb\",\"itemListElement\":[{\"@type\":\"ListItem\",\"position\":1,\"name\":\"Home\",\"item\":\"https:\\\/\\\/www.immobilienbusiness.ch\\\/\"},{\"@type\":\"ListItem\",\"position\":2,\"name\":\"Luzern: Maxi Bazar zieht ins Schild-Geb\u00e4ude\"}]},{\"@type\":\"WebSite\",\"@id\":\"https:\\\/\\\/www.immobilienbusiness.ch\\\/#website\",\"url\":\"https:\\\/\\\/www.immobilienbusiness.ch\\\/\",\"name\":\"IMMOBILIEN Business\",\"description\":\"Unabh\u00e4ngiges Schweizer Wirtschaftsmagazin mit Fokus auf Immobilien, Architektur- und Bau sowie Investment- und Finanzierung.\",\"publisher\":{\"@id\":\"https:\\\/\\\/www.immobilienbusiness.ch\\\/#organization\"},\"potentialAction\":[{\"@type\":\"SearchAction\",\"target\":{\"@type\":\"EntryPoint\",\"urlTemplate\":\"https:\\\/\\\/www.immobilienbusiness.ch\\\/?s={search_term_string}\"},\"query-input\":{\"@type\":\"PropertyValueSpecification\",\"valueRequired\":true,\"valueName\":\"search_term_string\"}}],\"inLanguage\":\"it-IT\"},{\"@type\":\"Organization\",\"@id\":\"https:\\\/\\\/www.immobilienbusiness.ch\\\/#organization\",\"name\":\"IMMOBILIEN Business\",\"url\":\"https:\\\/\\\/www.immobilienbusiness.ch\\\/\",\"logo\":{\"@type\":\"ImageObject\",\"inLanguage\":\"it-IT\",\"@id\":\"https:\\\/\\\/www.immobilienbusiness.ch\\\/#\\\/schema\\\/logo\\\/image\\\/\",\"url\":\"https:\\\/\\\/www.immobilienbusiness.ch\\\/wp-content\\\/uploads\\\/2021\\\/07\\\/logo_ib.png\",\"contentUrl\":\"https:\\\/\\\/www.immobilienbusiness.ch\\\/wp-content\\\/uploads\\\/2021\\\/07\\\/logo_ib.png\",\"width\":800,\"height\":181,\"caption\":\"IMMOBILIEN Business\"},\"image\":{\"@id\":\"https:\\\/\\\/www.immobilienbusiness.ch\\\/#\\\/schema\\\/logo\\\/image\\\/\"},\"sameAs\":[\"https:\\\/\\\/www.facebook.com\\\/immobilienbusiness\\\/\"]},{\"@type\":\"Person\",\"@id\":\"https:\\\/\\\/www.immobilienbusiness.ch\\\/#\\\/schema\\\/person\\\/3fc036297b10b9f42d6db5ee932af8c8\",\"name\":\"anja.hall\",\"image\":{\"@type\":\"ImageObject\",\"inLanguage\":\"it-IT\",\"@id\":\"https:\\\/\\\/secure.gravatar.com\\\/avatar\\\/066b5a0d447013502c71a5782f4f3469f03cfe595cc2329fb94652fe47511bfb?s=96&d=mm&r=g\",\"url\":\"https:\\\/\\\/secure.gravatar.com\\\/avatar\\\/066b5a0d447013502c71a5782f4f3469f03cfe595cc2329fb94652fe47511bfb?s=96&d=mm&r=g\",\"contentUrl\":\"https:\\\/\\\/secure.gravatar.com\\\/avatar\\\/066b5a0d447013502c71a5782f4f3469f03cfe595cc2329fb94652fe47511bfb?s=96&d=mm&r=g\",\"caption\":\"anja.hall\"},\"url\":\"https:\\\/\\\/www.immobilienbusiness.ch\\\/it\\\/author\\\/anja-hall\\\/\"}]}<\/script>\n<!-- \/ Yoast SEO plugin. -->","yoast_head_json":{"title":"Luzern: Maxi Bazar zieht ins Schild-Geb\u00e4ude - IMMOBILIEN Business","description":"Die Handelskette Maxi Bazar wird laut einem Medienbericht im Fr\u00fchjahr 2019 eine Filiale in der Luzerner Altstadt er\u00f6ffnen.","robots":{"index":"index","follow":"follow","max-snippet":"max-snippet:-1","max-image-preview":"max-image-preview:large","max-video-preview":"max-video-preview:-1"},"canonical":"https:\/\/www.immobilienbusiness.ch\/it\/regionen\/2018-12-21\/luzern-maxi-bazar-zieht-ins-schild-gebaeude\/","og_locale":"it_IT","og_type":"article","og_title":"Luzern: Maxi Bazar zieht ins Schild-Geb\u00e4ude - IMMOBILIEN Business","og_description":"Die Handelskette Maxi Bazar wird laut einem Medienbericht im Fr\u00fchjahr 2019 eine Filiale in der Luzerner Altstadt er\u00f6ffnen.","og_url":"https:\/\/www.immobilienbusiness.ch\/it\/regionen\/2018-12-21\/luzern-maxi-bazar-zieht-ins-schild-gebaeude\/","og_site_name":"IMMOBILIEN Business","article_publisher":"https:\/\/www.facebook.com\/immobilienbusiness\/","article_published_time":"2018-12-21T06:25:40+00:00","og_image":[{"width":680,"height":441,"url":"https:\/\/www.immobilienbusiness.ch\/wp-content\/uploads\/2017\/07\/Immobilien-News-20170711_Luzern-c-Depositphotos.jpg","type":"image\/jpeg"}],"author":"anja.hall","twitter_card":"summary_large_image","twitter_image":"https:\/\/www.immobilienbusiness.ch\/wp-content\/uploads\/2017\/07\/Immobilien-News-20170711_Luzern-c-Depositphotos.jpg","schema":{"@context":"https:\/\/schema.org","@graph":[{"@type":"Article","@id":"https:\/\/www.immobilienbusiness.ch\/regionen\/2018-12-21\/luzern-maxi-bazar-zieht-ins-schild-gebaeude\/#article","isPartOf":{"@id":"https:\/\/www.immobilienbusiness.ch\/regionen\/2018-12-21\/luzern-maxi-bazar-zieht-ins-schild-gebaeude\/"},"author":{"name":"anja.hall","@id":"https:\/\/www.immobilienbusiness.ch\/#\/schema\/person\/3fc036297b10b9f42d6db5ee932af8c8"},"headline":"Luzern: Maxi Bazar zieht ins Schild-Geb\u00e4ude","datePublished":"2018-12-21T06:25:40+00:00","mainEntityOfPage":{"@id":"https:\/\/www.immobilienbusiness.ch\/regionen\/2018-12-21\/luzern-maxi-bazar-zieht-ins-schild-gebaeude\/"},"wordCount":151,"publisher":{"@id":"https:\/\/www.immobilienbusiness.ch\/#organization"},"image":{"@id":"https:\/\/www.immobilienbusiness.ch\/regionen\/2018-12-21\/luzern-maxi-bazar-zieht-ins-schild-gebaeude\/#primaryimage"},"thumbnailUrl":"https:\/\/www.immobilienbusiness.ch\/wp-content\/uploads\/2017\/07\/Immobilien-News-20170711_Luzern-c-Depositphotos.jpg","keywords":["Luzern","Retailfl\u00e4chen"],"articleSection":["REGIONEN"],"inLanguage":"it-IT"},{"@type":"WebPage","@id":"https:\/\/www.immobilienbusiness.ch\/regionen\/2018-12-21\/luzern-maxi-bazar-zieht-ins-schild-gebaeude\/","url":"https:\/\/www.immobilienbusiness.ch\/regionen\/2018-12-21\/luzern-maxi-bazar-zieht-ins-schild-gebaeude\/","name":"Luzern: Maxi Bazar zieht ins Schild-Geb\u00e4ude - IMMOBILIEN Business","isPartOf":{"@id":"https:\/\/www.immobilienbusiness.ch\/#website"},"primaryImageOfPage":{"@id":"https:\/\/www.immobilienbusiness.ch\/regionen\/2018-12-21\/luzern-maxi-bazar-zieht-ins-schild-gebaeude\/#primaryimage"},"image":{"@id":"https:\/\/www.immobilienbusiness.ch\/regionen\/2018-12-21\/luzern-maxi-bazar-zieht-ins-schild-gebaeude\/#primaryimage"},"thumbnailUrl":"https:\/\/www.immobilienbusiness.ch\/wp-content\/uploads\/2017\/07\/Immobilien-News-20170711_Luzern-c-Depositphotos.jpg","datePublished":"2018-12-21T06:25:40+00:00","description":"Die Handelskette Maxi Bazar wird laut einem Medienbericht im Fr\u00fchjahr 2019 eine Filiale in der Luzerner Altstadt er\u00f6ffnen.","breadcrumb":{"@id":"https:\/\/www.immobilienbusiness.ch\/regionen\/2018-12-21\/luzern-maxi-bazar-zieht-ins-schild-gebaeude\/#breadcrumb"},"inLanguage":"it-IT","potentialAction":[{"@type":"ReadAction","target":["https:\/\/www.immobilienbusiness.ch\/regionen\/2018-12-21\/luzern-maxi-bazar-zieht-ins-schild-gebaeude\/"]}]},{"@type":"ImageObject","inLanguage":"it-IT","@id":"https:\/\/www.immobilienbusiness.ch\/regionen\/2018-12-21\/luzern-maxi-bazar-zieht-ins-schild-gebaeude\/#primaryimage","url":"https:\/\/www.immobilienbusiness.ch\/wp-content\/uploads\/2017\/07\/Immobilien-News-20170711_Luzern-c-Depositphotos.jpg","contentUrl":"https:\/\/www.immobilienbusiness.ch\/wp-content\/uploads\/2017\/07\/Immobilien-News-20170711_Luzern-c-Depositphotos.jpg","width":680,"height":441,"caption":"Der Kanton Luzern plant eine 333-Millionen-Investition in den Campus Horw (Foto: olgysha \u2013 depositphotos)"},{"@type":"BreadcrumbList","@id":"https:\/\/www.immobilienbusiness.ch\/regionen\/2018-12-21\/luzern-maxi-bazar-zieht-ins-schild-gebaeude\/#breadcrumb","itemListElement":[{"@type":"ListItem","position":1,"name":"Home","item":"https:\/\/www.immobilienbusiness.ch\/"},{"@type":"ListItem","position":2,"name":"Luzern: Maxi Bazar zieht ins Schild-Geb\u00e4ude"}]},{"@type":"WebSite","@id":"https:\/\/www.immobilienbusiness.ch\/#website","url":"https:\/\/www.immobilienbusiness.ch\/","name":"Affari immobiliari","description":"Rivista economica indipendente svizzera che si concentra sul settore immobiliare, l'architettura e la costruzione, nonch\u00e9 sugli investimenti e i finanziamenti.","publisher":{"@id":"https:\/\/www.immobilienbusiness.ch\/#organization"},"potentialAction":[{"@type":"SearchAction","target":{"@type":"EntryPoint","urlTemplate":"https:\/\/www.immobilienbusiness.ch\/?s={search_term_string}"},"query-input":{"@type":"PropertyValueSpecification","valueRequired":true,"valueName":"search_term_string"}}],"inLanguage":"it-IT"},{"@type":"Organization","@id":"https:\/\/www.immobilienbusiness.ch\/#organization","name":"Affari immobiliari","url":"https:\/\/www.immobilienbusiness.ch\/","logo":{"@type":"ImageObject","inLanguage":"it-IT","@id":"https:\/\/www.immobilienbusiness.ch\/#\/schema\/logo\/image\/","url":"https:\/\/www.immobilienbusiness.ch\/wp-content\/uploads\/2021\/07\/logo_ib.png","contentUrl":"https:\/\/www.immobilienbusiness.ch\/wp-content\/uploads\/2021\/07\/logo_ib.png","width":800,"height":181,"caption":"IMMOBILIEN Business"},"image":{"@id":"https:\/\/www.immobilienbusiness.ch\/#\/schema\/logo\/image\/"},"sameAs":["https:\/\/www.facebook.com\/immobilienbusiness\/"]},{"@type":"Person","@id":"https:\/\/www.immobilienbusiness.ch\/#\/schema\/person\/3fc036297b10b9f42d6db5ee932af8c8","name":"anja.hall","image":{"@type":"ImageObject","inLanguage":"it-IT","@id":"https:\/\/secure.gravatar.com\/avatar\/066b5a0d447013502c71a5782f4f3469f03cfe595cc2329fb94652fe47511bfb?s=96&d=mm&r=g","url":"https:\/\/secure.gravatar.com\/avatar\/066b5a0d447013502c71a5782f4f3469f03cfe595cc2329fb94652fe47511bfb?s=96&d=mm&r=g","contentUrl":"https:\/\/secure.gravatar.com\/avatar\/066b5a0d447013502c71a5782f4f3469f03cfe595cc2329fb94652fe47511bfb?s=96&d=mm&r=g","caption":"anja.hall"},"url":"https:\/\/www.immobilienbusiness.ch\/it\/author\/anja-hall\/"}]}},"_links":{"self":[{"href":"https:\/\/www.immobilienbusiness.ch\/it\/wp-json\/wp\/v2\/posts\/15344","targetHints":{"allow":["GET"]}}],"collection":[{"href":"https:\/\/www.immobilienbusiness.ch\/it\/wp-json\/wp\/v2\/posts"}],"about":[{"href":"https:\/\/www.immobilienbusiness.ch\/it\/wp-json\/wp\/v2\/types\/post"}],"author":[{"embeddable":true,"href":"https:\/\/www.immobilienbusiness.ch\/it\/wp-json\/wp\/v2\/users\/3"}],"replies":[{"embeddable":true,"href":"https:\/\/www.immobilienbusiness.ch\/it\/wp-json\/wp\/v2\/comments?post=15344"}],"version-history":[{"count":0,"href":"https:\/\/www.immobilienbusiness.ch\/it\/wp-json\/wp\/v2\/posts\/15344\/revisions"}],"wp:featuredmedia":[{"embeddable":true,"href":"https:\/\/www.immobilienbusiness.ch\/it\/wp-json\/wp\/v2\/media\/8300"}],"wp:attachment":[{"href":"https:\/\/www.immobilienbusiness.ch\/it\/wp-json\/wp\/v2\/media?parent=15344"}],"wp:term":[{"taxonomy":"category","embeddable":true,"href":"https:\/\/www.immobilienbusiness.ch\/it\/wp-json\/wp\/v2\/categories?post=15344"},{"taxonomy":"post_tag","embeddable":true,"href":"https:\/\/www.immobilienbusiness.ch\/it\/wp-json\/wp\/v2\/tags?post=15344"}],"curies":[{"name":"wp","href":"https:\/\/api.w.org\/{rel}","templated":true}]}}