{"id":15197,"date":"2018-12-13T08:42:53","date_gmt":"2018-12-13T07:42:53","guid":{"rendered":"https:\/\/www.immobilienbusiness.ch\/?p=15197"},"modified":"2018-12-13T08:42:53","modified_gmt":"2018-12-13T07:42:53","slug":"mall-of-switzerland-unter-neuer-leitung","status":"publish","type":"post","link":"https:\/\/www.immobilienbusiness.ch\/it\/retail\/2018-12-13\/mall-of-switzerland-unter-neuer-leitung\/","title":{"rendered":"Mall of Switzerland sotto nuova gestione"},"content":{"rendered":"<figure id=\"attachment_15199\" aria-describedby=\"caption-attachment-15199\" style=\"width: 680px\" class=\"wp-caption alignnone\"><img loading=\"lazy\" decoding=\"async\" class=\"size-medium wp-image-15199\" src=\"https:\/\/www.immobilienbusiness.ch\/wp-content\/uploads\/2018\/12\/mall-of-switzerland.png\" alt=\"\" width=\"680\" height=\"367\" srcset=\"https:\/\/www.immobilienbusiness.ch\/wp-content\/uploads\/2018\/12\/mall-of-switzerland.png 1350w, https:\/\/www.immobilienbusiness.ch\/wp-content\/uploads\/2018\/12\/mall-of-switzerland-300x162.png 300w, https:\/\/www.immobilienbusiness.ch\/wp-content\/uploads\/2018\/12\/mall-of-switzerland-1024x552.png 1024w, https:\/\/www.immobilienbusiness.ch\/wp-content\/uploads\/2018\/12\/mall-of-switzerland-768x414.png 768w, https:\/\/www.immobilienbusiness.ch\/wp-content\/uploads\/2018\/12\/mall-of-switzerland-16x9.png 16w, https:\/\/www.immobilienbusiness.ch\/wp-content\/uploads\/2018\/12\/mall-of-switzerland-325x175.png 325w, https:\/\/www.immobilienbusiness.ch\/wp-content\/uploads\/2018\/12\/mall-of-switzerland-649x350.png 649w, https:\/\/www.immobilienbusiness.ch\/wp-content\/uploads\/2018\/12\/mall-of-switzerland-920x496.png 920w\" sizes=\"auto, (max-width: 680px) 100vw, 680px\" \/><figcaption id=\"caption-attachment-15199\" class=\"wp-caption-text\">Peter Triner (Immagine: Mall of Switzerland)<\/figcaption><\/figure>\n<p>Peter Triner, della Svizzera centrale, lavora da 25 anni nel settore del commercio al dettaglio ed \u00e8 stato, tra l'altro, responsabile dell'assistenza ai rivenditori di macchine da cucire e della gestione dei negozi dell'azienda come amministratore delegato di Bernina Svizzera. In precedenza, \u00e8 stato per oltre dieci anni CEO dell'organizzazione svizzera di vendita e marketing del produttore di biancheria intima Triumph.<\/p>\n<p>Triner assume la gestione del centro commerciale da Jan Wengeler. Fino al passaggio di consegne ufficiale, Triner e Wengeler gestiranno insieme il centro commerciale. Jean-Herv\u00e9 Bouyer, direttore LSGI Suisse (SCC), ha ringraziato Wengeler a nome della propriet\u00e0 per il suo impegno: \"Sia l'apertura di successo del Mall of Switzerland alla fine del 2017 che il primo anno di successo non sarebbero stati possibili senza il suo grande impegno.\" Il suo successore Triner \"aprir\u00e0 il prossimo capitolo della storia di successo del Mall of Switzerland\". Wengeler dice che vuole affrontare nuove sfide. I cambiamenti strutturali che sono comunque previsti sono proprio il momento giusto per questo, dice.<\/p>\n<p>Oltre al cambiamento al vertice del centro commerciale, il centro e l'asset management saranno riuniti in una sola mano in futuro. Nella prima met\u00e0 dell'anno, il precedente gestore del centro CBRE passer\u00e0 quindi questi compiti all'asset manager LSGI Suisse (SCC). La decisione segue un'analisi completa del primo anno del Mall of Switzerland, secondo un comunicato. Tra le altre cose, \u00e8 arrivato alla conclusione che un bundling ha senso sia strategicamente che operativamente, perch\u00e9 l'organizzazione diventer\u00e0 pi\u00f9 snella, pi\u00f9 agile e pi\u00f9 potente. <em>(ah)<\/em><\/p>","protected":false},"excerpt":{"rendered":"<p>A partire dal nuovo anno, Peter Triner assumer\u00e0 la direzione del Mall of Switzerland di Ebikon. Il precedente capo del centro commerciale Jan Wengeler dice di voler affrontare nuove sfide professionali.<\/p>","protected":false},"author":3,"featured_media":15199,"comment_status":"closed","ping_status":"open","sticky":false,"template":"","format":"standard","meta":{"_acf_changed":false,"_yoast_wpseo_focuskw":"Triner","_yoast_wpseo_title":"","_yoast_wpseo_metadesc":"Zum neuen Jahr \u00fcbernimmt Peter Triner die Leitung der Mall of Switzerland in Ebikon von Jan Wengeler.","_yoast_wpseo_linkdex":71,"pgc_sgb_lightbox_settings":"","footnotes":""},"categories":[987],"tags":[1459,1461,1563,1697],"class_list":["post-15197","post","type-post","status-publish","format-standard","has-post-thumbnail","hentry","category-retail","tag-luzern","tag-mall-of-switzerland","tag-personalia","tag-shopping-center"],"acf":[],"yoast_head":"<!-- This site is optimized with the Yoast SEO plugin v27.4 - https:\/\/yoast.com\/product\/yoast-seo-wordpress\/ -->\n<title>Mall of Switzerland unter neuer Leitung - IMMOBILIEN Business<\/title>\n<meta name=\"description\" content=\"Zum neuen Jahr \u00fcbernimmt Peter Triner die Leitung der Mall of Switzerland in Ebikon von Jan Wengeler.\" \/>\n<meta name=\"robots\" content=\"index, follow, max-snippet:-1, max-image-preview:large, max-video-preview:-1\" \/>\n<link rel=\"canonical\" href=\"https:\/\/www.immobilienbusiness.ch\/it\/retail\/2018-12-13\/mall-of-switzerland-unter-neuer-leitung\/\" \/>\n<meta property=\"og:locale\" content=\"it_IT\" \/>\n<meta property=\"og:type\" content=\"article\" \/>\n<meta property=\"og:title\" content=\"Mall of Switzerland unter neuer Leitung - IMMOBILIEN Business\" \/>\n<meta property=\"og:description\" content=\"Zum neuen Jahr \u00fcbernimmt Peter Triner die Leitung der Mall of Switzerland in Ebikon von Jan Wengeler.\" \/>\n<meta property=\"og:url\" content=\"https:\/\/www.immobilienbusiness.ch\/it\/retail\/2018-12-13\/mall-of-switzerland-unter-neuer-leitung\/\" \/>\n<meta property=\"og:site_name\" content=\"IMMOBILIEN Business\" \/>\n<meta property=\"article:publisher\" content=\"https:\/\/www.facebook.com\/immobilienbusiness\/\" \/>\n<meta property=\"article:published_time\" content=\"2018-12-13T07:42:53+00:00\" \/>\n<meta property=\"og:image\" content=\"https:\/\/www.immobilienbusiness.ch\/wp-content\/uploads\/2018\/12\/mall-of-switzerland.png\" \/>\n\t<meta property=\"og:image:width\" content=\"1350\" \/>\n\t<meta property=\"og:image:height\" content=\"728\" \/>\n\t<meta property=\"og:image:type\" content=\"image\/png\" \/>\n<meta name=\"author\" content=\"anja.hall\" \/>\n<meta name=\"twitter:card\" content=\"summary_large_image\" \/>\n<meta name=\"twitter:image\" content=\"https:\/\/www.immobilienbusiness.ch\/wp-content\/uploads\/2018\/12\/mall-of-switzerland.png\" \/>\n<script type=\"application\/ld+json\" class=\"yoast-schema-graph\">{\"@context\":\"https:\\\/\\\/schema.org\",\"@graph\":[{\"@type\":\"Article\",\"@id\":\"https:\\\/\\\/www.immobilienbusiness.ch\\\/retail\\\/2018-12-13\\\/mall-of-switzerland-unter-neuer-leitung\\\/#article\",\"isPartOf\":{\"@id\":\"https:\\\/\\\/www.immobilienbusiness.ch\\\/retail\\\/2018-12-13\\\/mall-of-switzerland-unter-neuer-leitung\\\/\"},\"author\":{\"name\":\"anja.hall\",\"@id\":\"https:\\\/\\\/www.immobilienbusiness.ch\\\/#\\\/schema\\\/person\\\/3fc036297b10b9f42d6db5ee932af8c8\"},\"headline\":\"Mall of Switzerland unter neuer Leitung\",\"datePublished\":\"2018-12-13T07:42:53+00:00\",\"mainEntityOfPage\":{\"@id\":\"https:\\\/\\\/www.immobilienbusiness.ch\\\/retail\\\/2018-12-13\\\/mall-of-switzerland-unter-neuer-leitung\\\/\"},\"wordCount\":274,\"publisher\":{\"@id\":\"https:\\\/\\\/www.immobilienbusiness.ch\\\/#organization\"},\"image\":{\"@id\":\"https:\\\/\\\/www.immobilienbusiness.ch\\\/retail\\\/2018-12-13\\\/mall-of-switzerland-unter-neuer-leitung\\\/#primaryimage\"},\"thumbnailUrl\":\"https:\\\/\\\/www.immobilienbusiness.ch\\\/wp-content\\\/uploads\\\/2018\\\/12\\\/mall-of-switzerland.png\",\"keywords\":[\"Luzern\",\"Mall of Switzerland\",\"Personalia\",\"Shopping Center\"],\"articleSection\":[\"RETAIL\"],\"inLanguage\":\"it-IT\"},{\"@type\":\"WebPage\",\"@id\":\"https:\\\/\\\/www.immobilienbusiness.ch\\\/retail\\\/2018-12-13\\\/mall-of-switzerland-unter-neuer-leitung\\\/\",\"url\":\"https:\\\/\\\/www.immobilienbusiness.ch\\\/retail\\\/2018-12-13\\\/mall-of-switzerland-unter-neuer-leitung\\\/\",\"name\":\"Mall of Switzerland unter neuer Leitung - IMMOBILIEN Business\",\"isPartOf\":{\"@id\":\"https:\\\/\\\/www.immobilienbusiness.ch\\\/#website\"},\"primaryImageOfPage\":{\"@id\":\"https:\\\/\\\/www.immobilienbusiness.ch\\\/retail\\\/2018-12-13\\\/mall-of-switzerland-unter-neuer-leitung\\\/#primaryimage\"},\"image\":{\"@id\":\"https:\\\/\\\/www.immobilienbusiness.ch\\\/retail\\\/2018-12-13\\\/mall-of-switzerland-unter-neuer-leitung\\\/#primaryimage\"},\"thumbnailUrl\":\"https:\\\/\\\/www.immobilienbusiness.ch\\\/wp-content\\\/uploads\\\/2018\\\/12\\\/mall-of-switzerland.png\",\"datePublished\":\"2018-12-13T07:42:53+00:00\",\"description\":\"Zum neuen Jahr \u00fcbernimmt Peter Triner die Leitung der Mall of Switzerland in Ebikon von Jan Wengeler.\",\"breadcrumb\":{\"@id\":\"https:\\\/\\\/www.immobilienbusiness.ch\\\/retail\\\/2018-12-13\\\/mall-of-switzerland-unter-neuer-leitung\\\/#breadcrumb\"},\"inLanguage\":\"it-IT\",\"potentialAction\":[{\"@type\":\"ReadAction\",\"target\":[\"https:\\\/\\\/www.immobilienbusiness.ch\\\/retail\\\/2018-12-13\\\/mall-of-switzerland-unter-neuer-leitung\\\/\"]}]},{\"@type\":\"ImageObject\",\"inLanguage\":\"it-IT\",\"@id\":\"https:\\\/\\\/www.immobilienbusiness.ch\\\/retail\\\/2018-12-13\\\/mall-of-switzerland-unter-neuer-leitung\\\/#primaryimage\",\"url\":\"https:\\\/\\\/www.immobilienbusiness.ch\\\/wp-content\\\/uploads\\\/2018\\\/12\\\/mall-of-switzerland.png\",\"contentUrl\":\"https:\\\/\\\/www.immobilienbusiness.ch\\\/wp-content\\\/uploads\\\/2018\\\/12\\\/mall-of-switzerland.png\",\"width\":1350,\"height\":728,\"caption\":\"(Bild: Mall of Switzerland)\"},{\"@type\":\"BreadcrumbList\",\"@id\":\"https:\\\/\\\/www.immobilienbusiness.ch\\\/retail\\\/2018-12-13\\\/mall-of-switzerland-unter-neuer-leitung\\\/#breadcrumb\",\"itemListElement\":[{\"@type\":\"ListItem\",\"position\":1,\"name\":\"Home\",\"item\":\"https:\\\/\\\/www.immobilienbusiness.ch\\\/\"},{\"@type\":\"ListItem\",\"position\":2,\"name\":\"Mall of Switzerland unter neuer Leitung\"}]},{\"@type\":\"WebSite\",\"@id\":\"https:\\\/\\\/www.immobilienbusiness.ch\\\/#website\",\"url\":\"https:\\\/\\\/www.immobilienbusiness.ch\\\/\",\"name\":\"IMMOBILIEN Business\",\"description\":\"Unabh\u00e4ngiges Schweizer Wirtschaftsmagazin mit Fokus auf Immobilien, Architektur- und Bau sowie Investment- und Finanzierung.\",\"publisher\":{\"@id\":\"https:\\\/\\\/www.immobilienbusiness.ch\\\/#organization\"},\"potentialAction\":[{\"@type\":\"SearchAction\",\"target\":{\"@type\":\"EntryPoint\",\"urlTemplate\":\"https:\\\/\\\/www.immobilienbusiness.ch\\\/?s={search_term_string}\"},\"query-input\":{\"@type\":\"PropertyValueSpecification\",\"valueRequired\":true,\"valueName\":\"search_term_string\"}}],\"inLanguage\":\"it-IT\"},{\"@type\":\"Organization\",\"@id\":\"https:\\\/\\\/www.immobilienbusiness.ch\\\/#organization\",\"name\":\"IMMOBILIEN Business\",\"url\":\"https:\\\/\\\/www.immobilienbusiness.ch\\\/\",\"logo\":{\"@type\":\"ImageObject\",\"inLanguage\":\"it-IT\",\"@id\":\"https:\\\/\\\/www.immobilienbusiness.ch\\\/#\\\/schema\\\/logo\\\/image\\\/\",\"url\":\"https:\\\/\\\/www.immobilienbusiness.ch\\\/wp-content\\\/uploads\\\/2021\\\/07\\\/logo_ib.png\",\"contentUrl\":\"https:\\\/\\\/www.immobilienbusiness.ch\\\/wp-content\\\/uploads\\\/2021\\\/07\\\/logo_ib.png\",\"width\":800,\"height\":181,\"caption\":\"IMMOBILIEN Business\"},\"image\":{\"@id\":\"https:\\\/\\\/www.immobilienbusiness.ch\\\/#\\\/schema\\\/logo\\\/image\\\/\"},\"sameAs\":[\"https:\\\/\\\/www.facebook.com\\\/immobilienbusiness\\\/\"]},{\"@type\":\"Person\",\"@id\":\"https:\\\/\\\/www.immobilienbusiness.ch\\\/#\\\/schema\\\/person\\\/3fc036297b10b9f42d6db5ee932af8c8\",\"name\":\"anja.hall\",\"image\":{\"@type\":\"ImageObject\",\"inLanguage\":\"it-IT\",\"@id\":\"https:\\\/\\\/secure.gravatar.com\\\/avatar\\\/066b5a0d447013502c71a5782f4f3469f03cfe595cc2329fb94652fe47511bfb?s=96&d=mm&r=g\",\"url\":\"https:\\\/\\\/secure.gravatar.com\\\/avatar\\\/066b5a0d447013502c71a5782f4f3469f03cfe595cc2329fb94652fe47511bfb?s=96&d=mm&r=g\",\"contentUrl\":\"https:\\\/\\\/secure.gravatar.com\\\/avatar\\\/066b5a0d447013502c71a5782f4f3469f03cfe595cc2329fb94652fe47511bfb?s=96&d=mm&r=g\",\"caption\":\"anja.hall\"},\"url\":\"https:\\\/\\\/www.immobilienbusiness.ch\\\/it\\\/author\\\/anja-hall\\\/\"}]}<\/script>\n<!-- \/ Yoast SEO plugin. -->","yoast_head_json":{"title":"Mall of Switzerland unter neuer Leitung - IMMOBILIEN Business","description":"Zum neuen Jahr \u00fcbernimmt Peter Triner die Leitung der Mall of Switzerland in Ebikon von Jan Wengeler.","robots":{"index":"index","follow":"follow","max-snippet":"max-snippet:-1","max-image-preview":"max-image-preview:large","max-video-preview":"max-video-preview:-1"},"canonical":"https:\/\/www.immobilienbusiness.ch\/it\/retail\/2018-12-13\/mall-of-switzerland-unter-neuer-leitung\/","og_locale":"it_IT","og_type":"article","og_title":"Mall of Switzerland unter neuer Leitung - IMMOBILIEN Business","og_description":"Zum neuen Jahr \u00fcbernimmt Peter Triner die Leitung der Mall of Switzerland in Ebikon von Jan Wengeler.","og_url":"https:\/\/www.immobilienbusiness.ch\/it\/retail\/2018-12-13\/mall-of-switzerland-unter-neuer-leitung\/","og_site_name":"IMMOBILIEN Business","article_publisher":"https:\/\/www.facebook.com\/immobilienbusiness\/","article_published_time":"2018-12-13T07:42:53+00:00","og_image":[{"width":1350,"height":728,"url":"https:\/\/www.immobilienbusiness.ch\/wp-content\/uploads\/2018\/12\/mall-of-switzerland.png","type":"image\/png"}],"author":"anja.hall","twitter_card":"summary_large_image","twitter_image":"https:\/\/www.immobilienbusiness.ch\/wp-content\/uploads\/2018\/12\/mall-of-switzerland.png","schema":{"@context":"https:\/\/schema.org","@graph":[{"@type":"Article","@id":"https:\/\/www.immobilienbusiness.ch\/retail\/2018-12-13\/mall-of-switzerland-unter-neuer-leitung\/#article","isPartOf":{"@id":"https:\/\/www.immobilienbusiness.ch\/retail\/2018-12-13\/mall-of-switzerland-unter-neuer-leitung\/"},"author":{"name":"anja.hall","@id":"https:\/\/www.immobilienbusiness.ch\/#\/schema\/person\/3fc036297b10b9f42d6db5ee932af8c8"},"headline":"Mall of Switzerland unter neuer Leitung","datePublished":"2018-12-13T07:42:53+00:00","mainEntityOfPage":{"@id":"https:\/\/www.immobilienbusiness.ch\/retail\/2018-12-13\/mall-of-switzerland-unter-neuer-leitung\/"},"wordCount":274,"publisher":{"@id":"https:\/\/www.immobilienbusiness.ch\/#organization"},"image":{"@id":"https:\/\/www.immobilienbusiness.ch\/retail\/2018-12-13\/mall-of-switzerland-unter-neuer-leitung\/#primaryimage"},"thumbnailUrl":"https:\/\/www.immobilienbusiness.ch\/wp-content\/uploads\/2018\/12\/mall-of-switzerland.png","keywords":["Luzern","Mall of Switzerland","Personalia","Shopping Center"],"articleSection":["RETAIL"],"inLanguage":"it-IT"},{"@type":"WebPage","@id":"https:\/\/www.immobilienbusiness.ch\/retail\/2018-12-13\/mall-of-switzerland-unter-neuer-leitung\/","url":"https:\/\/www.immobilienbusiness.ch\/retail\/2018-12-13\/mall-of-switzerland-unter-neuer-leitung\/","name":"Mall of Switzerland unter neuer Leitung - IMMOBILIEN Business","isPartOf":{"@id":"https:\/\/www.immobilienbusiness.ch\/#website"},"primaryImageOfPage":{"@id":"https:\/\/www.immobilienbusiness.ch\/retail\/2018-12-13\/mall-of-switzerland-unter-neuer-leitung\/#primaryimage"},"image":{"@id":"https:\/\/www.immobilienbusiness.ch\/retail\/2018-12-13\/mall-of-switzerland-unter-neuer-leitung\/#primaryimage"},"thumbnailUrl":"https:\/\/www.immobilienbusiness.ch\/wp-content\/uploads\/2018\/12\/mall-of-switzerland.png","datePublished":"2018-12-13T07:42:53+00:00","description":"Zum neuen Jahr \u00fcbernimmt Peter Triner die Leitung der Mall of Switzerland in Ebikon von Jan Wengeler.","breadcrumb":{"@id":"https:\/\/www.immobilienbusiness.ch\/retail\/2018-12-13\/mall-of-switzerland-unter-neuer-leitung\/#breadcrumb"},"inLanguage":"it-IT","potentialAction":[{"@type":"ReadAction","target":["https:\/\/www.immobilienbusiness.ch\/retail\/2018-12-13\/mall-of-switzerland-unter-neuer-leitung\/"]}]},{"@type":"ImageObject","inLanguage":"it-IT","@id":"https:\/\/www.immobilienbusiness.ch\/retail\/2018-12-13\/mall-of-switzerland-unter-neuer-leitung\/#primaryimage","url":"https:\/\/www.immobilienbusiness.ch\/wp-content\/uploads\/2018\/12\/mall-of-switzerland.png","contentUrl":"https:\/\/www.immobilienbusiness.ch\/wp-content\/uploads\/2018\/12\/mall-of-switzerland.png","width":1350,"height":728,"caption":"(Bild: Mall of Switzerland)"},{"@type":"BreadcrumbList","@id":"https:\/\/www.immobilienbusiness.ch\/retail\/2018-12-13\/mall-of-switzerland-unter-neuer-leitung\/#breadcrumb","itemListElement":[{"@type":"ListItem","position":1,"name":"Home","item":"https:\/\/www.immobilienbusiness.ch\/"},{"@type":"ListItem","position":2,"name":"Mall of Switzerland unter neuer Leitung"}]},{"@type":"WebSite","@id":"https:\/\/www.immobilienbusiness.ch\/#website","url":"https:\/\/www.immobilienbusiness.ch\/","name":"Affari immobiliari","description":"Rivista economica indipendente svizzera che si concentra sul settore immobiliare, l'architettura e la costruzione, nonch\u00e9 sugli investimenti e i finanziamenti.","publisher":{"@id":"https:\/\/www.immobilienbusiness.ch\/#organization"},"potentialAction":[{"@type":"SearchAction","target":{"@type":"EntryPoint","urlTemplate":"https:\/\/www.immobilienbusiness.ch\/?s={search_term_string}"},"query-input":{"@type":"PropertyValueSpecification","valueRequired":true,"valueName":"search_term_string"}}],"inLanguage":"it-IT"},{"@type":"Organization","@id":"https:\/\/www.immobilienbusiness.ch\/#organization","name":"Affari immobiliari","url":"https:\/\/www.immobilienbusiness.ch\/","logo":{"@type":"ImageObject","inLanguage":"it-IT","@id":"https:\/\/www.immobilienbusiness.ch\/#\/schema\/logo\/image\/","url":"https:\/\/www.immobilienbusiness.ch\/wp-content\/uploads\/2021\/07\/logo_ib.png","contentUrl":"https:\/\/www.immobilienbusiness.ch\/wp-content\/uploads\/2021\/07\/logo_ib.png","width":800,"height":181,"caption":"IMMOBILIEN Business"},"image":{"@id":"https:\/\/www.immobilienbusiness.ch\/#\/schema\/logo\/image\/"},"sameAs":["https:\/\/www.facebook.com\/immobilienbusiness\/"]},{"@type":"Person","@id":"https:\/\/www.immobilienbusiness.ch\/#\/schema\/person\/3fc036297b10b9f42d6db5ee932af8c8","name":"anja.hall","image":{"@type":"ImageObject","inLanguage":"it-IT","@id":"https:\/\/secure.gravatar.com\/avatar\/066b5a0d447013502c71a5782f4f3469f03cfe595cc2329fb94652fe47511bfb?s=96&d=mm&r=g","url":"https:\/\/secure.gravatar.com\/avatar\/066b5a0d447013502c71a5782f4f3469f03cfe595cc2329fb94652fe47511bfb?s=96&d=mm&r=g","contentUrl":"https:\/\/secure.gravatar.com\/avatar\/066b5a0d447013502c71a5782f4f3469f03cfe595cc2329fb94652fe47511bfb?s=96&d=mm&r=g","caption":"anja.hall"},"url":"https:\/\/www.immobilienbusiness.ch\/it\/author\/anja-hall\/"}]}},"_links":{"self":[{"href":"https:\/\/www.immobilienbusiness.ch\/it\/wp-json\/wp\/v2\/posts\/15197","targetHints":{"allow":["GET"]}}],"collection":[{"href":"https:\/\/www.immobilienbusiness.ch\/it\/wp-json\/wp\/v2\/posts"}],"about":[{"href":"https:\/\/www.immobilienbusiness.ch\/it\/wp-json\/wp\/v2\/types\/post"}],"author":[{"embeddable":true,"href":"https:\/\/www.immobilienbusiness.ch\/it\/wp-json\/wp\/v2\/users\/3"}],"replies":[{"embeddable":true,"href":"https:\/\/www.immobilienbusiness.ch\/it\/wp-json\/wp\/v2\/comments?post=15197"}],"version-history":[{"count":0,"href":"https:\/\/www.immobilienbusiness.ch\/it\/wp-json\/wp\/v2\/posts\/15197\/revisions"}],"wp:featuredmedia":[{"embeddable":true,"href":"https:\/\/www.immobilienbusiness.ch\/it\/wp-json\/wp\/v2\/media\/15199"}],"wp:attachment":[{"href":"https:\/\/www.immobilienbusiness.ch\/it\/wp-json\/wp\/v2\/media?parent=15197"}],"wp:term":[{"taxonomy":"category","embeddable":true,"href":"https:\/\/www.immobilienbusiness.ch\/it\/wp-json\/wp\/v2\/categories?post=15197"},{"taxonomy":"post_tag","embeddable":true,"href":"https:\/\/www.immobilienbusiness.ch\/it\/wp-json\/wp\/v2\/tags?post=15197"}],"curies":[{"name":"wp","href":"https:\/\/api.w.org\/{rel}","templated":true}]}}