{"id":14884,"date":"2018-11-14T08:33:57","date_gmt":"2018-11-14T07:33:57","guid":{"rendered":"https:\/\/www.immobilienbusiness.ch\/?p=14884"},"modified":"2018-11-14T08:33:57","modified_gmt":"2018-11-14T07:33:57","slug":"implenia-erweitert-verwaltungsrat-mit-barbara-lambert","status":"publish","type":"post","link":"https:\/\/www.immobilienbusiness.ch\/it\/unternehmen\/2018-11-14\/implenia-erweitert-verwaltungsrat-mit-barbara-lambert\/","title":{"rendered":"Implenia espande il consiglio di amministrazione"},"content":{"rendered":"<figure id=\"attachment_14888\" aria-describedby=\"caption-attachment-14888\" style=\"width: 680px\" class=\"wp-caption alignnone\"><img loading=\"lazy\" decoding=\"async\" class=\"size-medium wp-image-14888\" src=\"https:\/\/www.immobilienbusiness.ch\/wp-content\/uploads\/2018\/11\/Implenia-1.jpg\" alt=\"\" width=\"680\" height=\"680\" srcset=\"https:\/\/www.immobilienbusiness.ch\/wp-content\/uploads\/2018\/11\/Implenia-1.jpg 2560w, https:\/\/www.immobilienbusiness.ch\/wp-content\/uploads\/2018\/11\/Implenia-1-300x300.jpg 300w, https:\/\/www.immobilienbusiness.ch\/wp-content\/uploads\/2018\/11\/Implenia-1-1024x1024.jpg 1024w, https:\/\/www.immobilienbusiness.ch\/wp-content\/uploads\/2018\/11\/Implenia-1-150x150.jpg 150w, https:\/\/www.immobilienbusiness.ch\/wp-content\/uploads\/2018\/11\/Implenia-1-768x768.jpg 768w, https:\/\/www.immobilienbusiness.ch\/wp-content\/uploads\/2018\/11\/Implenia-1-1536x1536.jpg 1536w, https:\/\/www.immobilienbusiness.ch\/wp-content\/uploads\/2018\/11\/Implenia-1-2048x2048.jpg 2048w, https:\/\/www.immobilienbusiness.ch\/wp-content\/uploads\/2018\/11\/Implenia-1-12x12.jpg 12w, https:\/\/www.immobilienbusiness.ch\/wp-content\/uploads\/2018\/11\/Implenia-1-175x175.jpg 175w, https:\/\/www.immobilienbusiness.ch\/wp-content\/uploads\/2018\/11\/Implenia-1-350x350.jpg 350w, https:\/\/www.immobilienbusiness.ch\/wp-content\/uploads\/2018\/11\/Implenia-1-800x800.jpg 800w, https:\/\/www.immobilienbusiness.ch\/wp-content\/uploads\/2018\/11\/Implenia-1-920x920.jpg 920w, https:\/\/www.immobilienbusiness.ch\/wp-content\/uploads\/2018\/11\/Implenia-1-1400x1400.jpg 1400w, https:\/\/www.immobilienbusiness.ch\/wp-content\/uploads\/2018\/11\/Implenia-1-250x250.jpg 250w, https:\/\/www.immobilienbusiness.ch\/wp-content\/uploads\/2018\/11\/Implenia-1-100x100.jpg 100w\" sizes=\"auto, (max-width: 680px) 100vw, 680px\" \/><figcaption id=\"caption-attachment-14888\" class=\"wp-caption-text\">Barbara Lambert (Immagine: Implenia)<\/figcaption><\/figure>\n<p>&nbsp;<\/p>\n<p>Sulla base della raccomandazione del Comitato di nomina, il Consiglio di amministrazione ha deciso di proporre all'Assemblea generale annuale l'elezione di Barbara Lambert al Consiglio di amministrazione, ha annunciato Implenia.<\/p>\n<p>Barbara Lambert \u00e8 stata per molti anni partner di Arthur Andersen\/Ernst &amp; Young. Ha diretto le attivit\u00e0 di revisione contabile nel settore finanziario presso Ernst &amp; Young Svizzera ed \u00e8 stata revisore contabile presso una grande banca svizzera, secondo quanto riportato da Implenia. Fino al 31 marzo 2018 \u00e8 stata membro del Comitato esecutivo e Group Chief Risk Officer di Banque Pictet &amp; Cie; dal 1\u00b0 aprile Lambert \u00e8 membro del Consiglio di amministrazione della banca. Dal 16 maggio \u00e8 anche membro del Consiglio di sorveglianza, del Comitato rischi e presidente del Comitato di revisione di Deutsche B\u00f6rse.<\/p>\n<p>Con l'elezione di Lambert, il Consiglio di Amministrazione sar\u00e0 nuovamente composto da sette membri, ha annunciato Implenia. Questa scelta risponde alle crescenti esigenze del Consiglio di amministrazione in relazione alla crescita del Gruppo e rafforzer\u00e0 la diversit\u00e0 all'interno del Consiglio. A medio termine, Lambert assumer\u00e0 la presidenza del Comitato di revisione e rischio. <em>(ah)<\/em><\/p>","protected":false},"excerpt":{"rendered":"<p>Die ehemalige Ernst &#038; Young-Partnerin Barbara Lambert soll in den Verwaltungsrat von Implenia einziehen. <\/p>","protected":false},"author":3,"featured_media":14888,"comment_status":"open","ping_status":"open","sticky":false,"template":"","format":"standard","meta":{"_acf_changed":false,"_yoast_wpseo_focuskw":"Barbara Lambert","_yoast_wpseo_title":"","_yoast_wpseo_metadesc":"Die ehemalige Ernst & Young-Partnerin Barbara Lambert soll in den Verwaltungsrat von Implenia einziehen.","_yoast_wpseo_linkdex":62,"pgc_sgb_lightbox_settings":"","footnotes":""},"categories":[988],"tags":[1359,1563,1834],"class_list":["post-14884","post","type-post","status-publish","format-standard","has-post-thumbnail","hentry","category-unternehmen","tag-implenia","tag-personalia","tag-verwaltungsrat"],"acf":[],"yoast_head":"<!-- This site is optimized with the Yoast SEO plugin v27.5 - https:\/\/yoast.com\/product\/yoast-seo-wordpress\/ -->\n<title>Implenia erweitert Verwaltungsrat - IMMOBILIEN Business<\/title>\n<meta name=\"description\" content=\"Die ehemalige Ernst &amp; Young-Partnerin Barbara Lambert soll in den Verwaltungsrat von Implenia einziehen.\" \/>\n<meta name=\"robots\" content=\"index, follow, max-snippet:-1, max-image-preview:large, max-video-preview:-1\" \/>\n<link rel=\"canonical\" href=\"https:\/\/www.immobilienbusiness.ch\/it\/unternehmen\/2018-11-14\/implenia-erweitert-verwaltungsrat-mit-barbara-lambert\/\" \/>\n<meta property=\"og:locale\" content=\"it_IT\" \/>\n<meta property=\"og:type\" content=\"article\" \/>\n<meta property=\"og:title\" content=\"Implenia erweitert Verwaltungsrat - IMMOBILIEN Business\" \/>\n<meta property=\"og:description\" content=\"Die ehemalige Ernst &amp; Young-Partnerin Barbara Lambert soll in den Verwaltungsrat von Implenia einziehen.\" \/>\n<meta property=\"og:url\" content=\"https:\/\/www.immobilienbusiness.ch\/it\/unternehmen\/2018-11-14\/implenia-erweitert-verwaltungsrat-mit-barbara-lambert\/\" \/>\n<meta property=\"og:site_name\" content=\"IMMOBILIEN Business\" \/>\n<meta property=\"article:publisher\" content=\"https:\/\/www.facebook.com\/immobilienbusiness\/\" \/>\n<meta property=\"article:published_time\" content=\"2018-11-14T07:33:57+00:00\" \/>\n<meta property=\"og:image\" content=\"https:\/\/www.immobilienbusiness.ch\/wp-content\/uploads\/2018\/11\/Implenia-1.jpg\" \/>\n\t<meta property=\"og:image:width\" content=\"2560\" \/>\n\t<meta property=\"og:image:height\" content=\"2560\" \/>\n\t<meta property=\"og:image:type\" content=\"image\/jpeg\" \/>\n<meta name=\"author\" content=\"anja.hall\" \/>\n<meta name=\"twitter:card\" content=\"summary_large_image\" \/>\n<meta name=\"twitter:image\" content=\"https:\/\/www.immobilienbusiness.ch\/wp-content\/uploads\/2018\/11\/Implenia-1.jpg\" \/>\n<script type=\"application\/ld+json\" class=\"yoast-schema-graph\">{\"@context\":\"https:\\\/\\\/schema.org\",\"@graph\":[{\"@type\":\"Article\",\"@id\":\"https:\\\/\\\/www.immobilienbusiness.ch\\\/unternehmen\\\/2018-11-14\\\/implenia-erweitert-verwaltungsrat-mit-barbara-lambert\\\/#article\",\"isPartOf\":{\"@id\":\"https:\\\/\\\/www.immobilienbusiness.ch\\\/unternehmen\\\/2018-11-14\\\/implenia-erweitert-verwaltungsrat-mit-barbara-lambert\\\/\"},\"author\":{\"name\":\"anja.hall\",\"@id\":\"https:\\\/\\\/www.immobilienbusiness.ch\\\/#\\\/schema\\\/person\\\/3fc036297b10b9f42d6db5ee932af8c8\"},\"headline\":\"Implenia erweitert Verwaltungsrat\",\"datePublished\":\"2018-11-14T07:33:57+00:00\",\"mainEntityOfPage\":{\"@id\":\"https:\\\/\\\/www.immobilienbusiness.ch\\\/unternehmen\\\/2018-11-14\\\/implenia-erweitert-verwaltungsrat-mit-barbara-lambert\\\/\"},\"wordCount\":185,\"commentCount\":0,\"publisher\":{\"@id\":\"https:\\\/\\\/www.immobilienbusiness.ch\\\/#organization\"},\"image\":{\"@id\":\"https:\\\/\\\/www.immobilienbusiness.ch\\\/unternehmen\\\/2018-11-14\\\/implenia-erweitert-verwaltungsrat-mit-barbara-lambert\\\/#primaryimage\"},\"thumbnailUrl\":\"https:\\\/\\\/www.immobilienbusiness.ch\\\/wp-content\\\/uploads\\\/2018\\\/11\\\/Implenia-1.jpg\",\"keywords\":[\"Implenia\",\"Personalia\",\"Verwaltungsrat\"],\"articleSection\":[\"UNTERNEHMEN\"],\"inLanguage\":\"it-IT\"},{\"@type\":\"WebPage\",\"@id\":\"https:\\\/\\\/www.immobilienbusiness.ch\\\/unternehmen\\\/2018-11-14\\\/implenia-erweitert-verwaltungsrat-mit-barbara-lambert\\\/\",\"url\":\"https:\\\/\\\/www.immobilienbusiness.ch\\\/unternehmen\\\/2018-11-14\\\/implenia-erweitert-verwaltungsrat-mit-barbara-lambert\\\/\",\"name\":\"Implenia erweitert Verwaltungsrat - IMMOBILIEN Business\",\"isPartOf\":{\"@id\":\"https:\\\/\\\/www.immobilienbusiness.ch\\\/#website\"},\"primaryImageOfPage\":{\"@id\":\"https:\\\/\\\/www.immobilienbusiness.ch\\\/unternehmen\\\/2018-11-14\\\/implenia-erweitert-verwaltungsrat-mit-barbara-lambert\\\/#primaryimage\"},\"image\":{\"@id\":\"https:\\\/\\\/www.immobilienbusiness.ch\\\/unternehmen\\\/2018-11-14\\\/implenia-erweitert-verwaltungsrat-mit-barbara-lambert\\\/#primaryimage\"},\"thumbnailUrl\":\"https:\\\/\\\/www.immobilienbusiness.ch\\\/wp-content\\\/uploads\\\/2018\\\/11\\\/Implenia-1.jpg\",\"datePublished\":\"2018-11-14T07:33:57+00:00\",\"description\":\"Die ehemalige Ernst & Young-Partnerin Barbara Lambert soll in den Verwaltungsrat von Implenia einziehen.\",\"breadcrumb\":{\"@id\":\"https:\\\/\\\/www.immobilienbusiness.ch\\\/unternehmen\\\/2018-11-14\\\/implenia-erweitert-verwaltungsrat-mit-barbara-lambert\\\/#breadcrumb\"},\"inLanguage\":\"it-IT\",\"potentialAction\":[{\"@type\":\"ReadAction\",\"target\":[\"https:\\\/\\\/www.immobilienbusiness.ch\\\/unternehmen\\\/2018-11-14\\\/implenia-erweitert-verwaltungsrat-mit-barbara-lambert\\\/\"]}]},{\"@type\":\"ImageObject\",\"inLanguage\":\"it-IT\",\"@id\":\"https:\\\/\\\/www.immobilienbusiness.ch\\\/unternehmen\\\/2018-11-14\\\/implenia-erweitert-verwaltungsrat-mit-barbara-lambert\\\/#primaryimage\",\"url\":\"https:\\\/\\\/www.immobilienbusiness.ch\\\/wp-content\\\/uploads\\\/2018\\\/11\\\/Implenia-1.jpg\",\"contentUrl\":\"https:\\\/\\\/www.immobilienbusiness.ch\\\/wp-content\\\/uploads\\\/2018\\\/11\\\/Implenia-1.jpg\",\"width\":2560,\"height\":2560,\"caption\":\"Barbara Lambert (Bild: Implenia)\"},{\"@type\":\"BreadcrumbList\",\"@id\":\"https:\\\/\\\/www.immobilienbusiness.ch\\\/unternehmen\\\/2018-11-14\\\/implenia-erweitert-verwaltungsrat-mit-barbara-lambert\\\/#breadcrumb\",\"itemListElement\":[{\"@type\":\"ListItem\",\"position\":1,\"name\":\"Home\",\"item\":\"https:\\\/\\\/www.immobilienbusiness.ch\\\/\"},{\"@type\":\"ListItem\",\"position\":2,\"name\":\"Implenia erweitert Verwaltungsrat\"}]},{\"@type\":\"WebSite\",\"@id\":\"https:\\\/\\\/www.immobilienbusiness.ch\\\/#website\",\"url\":\"https:\\\/\\\/www.immobilienbusiness.ch\\\/\",\"name\":\"IMMOBILIEN Business\",\"description\":\"Unabh\u00e4ngiges Schweizer Wirtschaftsmagazin mit Fokus auf Immobilien, Architektur- und Bau sowie Investment- und Finanzierung.\",\"publisher\":{\"@id\":\"https:\\\/\\\/www.immobilienbusiness.ch\\\/#organization\"},\"potentialAction\":[{\"@type\":\"SearchAction\",\"target\":{\"@type\":\"EntryPoint\",\"urlTemplate\":\"https:\\\/\\\/www.immobilienbusiness.ch\\\/?s={search_term_string}\"},\"query-input\":{\"@type\":\"PropertyValueSpecification\",\"valueRequired\":true,\"valueName\":\"search_term_string\"}}],\"inLanguage\":\"it-IT\"},{\"@type\":\"Organization\",\"@id\":\"https:\\\/\\\/www.immobilienbusiness.ch\\\/#organization\",\"name\":\"IMMOBILIEN Business\",\"url\":\"https:\\\/\\\/www.immobilienbusiness.ch\\\/\",\"logo\":{\"@type\":\"ImageObject\",\"inLanguage\":\"it-IT\",\"@id\":\"https:\\\/\\\/www.immobilienbusiness.ch\\\/#\\\/schema\\\/logo\\\/image\\\/\",\"url\":\"https:\\\/\\\/www.immobilienbusiness.ch\\\/wp-content\\\/uploads\\\/2021\\\/07\\\/logo_ib.png\",\"contentUrl\":\"https:\\\/\\\/www.immobilienbusiness.ch\\\/wp-content\\\/uploads\\\/2021\\\/07\\\/logo_ib.png\",\"width\":800,\"height\":181,\"caption\":\"IMMOBILIEN Business\"},\"image\":{\"@id\":\"https:\\\/\\\/www.immobilienbusiness.ch\\\/#\\\/schema\\\/logo\\\/image\\\/\"},\"sameAs\":[\"https:\\\/\\\/www.facebook.com\\\/immobilienbusiness\\\/\"]},{\"@type\":\"Person\",\"@id\":\"https:\\\/\\\/www.immobilienbusiness.ch\\\/#\\\/schema\\\/person\\\/3fc036297b10b9f42d6db5ee932af8c8\",\"name\":\"anja.hall\",\"image\":{\"@type\":\"ImageObject\",\"inLanguage\":\"it-IT\",\"@id\":\"https:\\\/\\\/secure.gravatar.com\\\/avatar\\\/066b5a0d447013502c71a5782f4f3469f03cfe595cc2329fb94652fe47511bfb?s=96&d=mm&r=g\",\"url\":\"https:\\\/\\\/secure.gravatar.com\\\/avatar\\\/066b5a0d447013502c71a5782f4f3469f03cfe595cc2329fb94652fe47511bfb?s=96&d=mm&r=g\",\"contentUrl\":\"https:\\\/\\\/secure.gravatar.com\\\/avatar\\\/066b5a0d447013502c71a5782f4f3469f03cfe595cc2329fb94652fe47511bfb?s=96&d=mm&r=g\",\"caption\":\"anja.hall\"},\"url\":\"https:\\\/\\\/www.immobilienbusiness.ch\\\/it\\\/author\\\/anja-hall\\\/\"}]}<\/script>\n<!-- \/ Yoast SEO plugin. -->","yoast_head_json":{"title":"Implenia erweitert Verwaltungsrat - IMMOBILIEN Business","description":"Die ehemalige Ernst & Young-Partnerin Barbara Lambert soll in den Verwaltungsrat von Implenia einziehen.","robots":{"index":"index","follow":"follow","max-snippet":"max-snippet:-1","max-image-preview":"max-image-preview:large","max-video-preview":"max-video-preview:-1"},"canonical":"https:\/\/www.immobilienbusiness.ch\/it\/unternehmen\/2018-11-14\/implenia-erweitert-verwaltungsrat-mit-barbara-lambert\/","og_locale":"it_IT","og_type":"article","og_title":"Implenia erweitert Verwaltungsrat - IMMOBILIEN Business","og_description":"Die ehemalige Ernst & Young-Partnerin Barbara Lambert soll in den Verwaltungsrat von Implenia einziehen.","og_url":"https:\/\/www.immobilienbusiness.ch\/it\/unternehmen\/2018-11-14\/implenia-erweitert-verwaltungsrat-mit-barbara-lambert\/","og_site_name":"IMMOBILIEN Business","article_publisher":"https:\/\/www.facebook.com\/immobilienbusiness\/","article_published_time":"2018-11-14T07:33:57+00:00","og_image":[{"width":2560,"height":2560,"url":"https:\/\/www.immobilienbusiness.ch\/wp-content\/uploads\/2018\/11\/Implenia-1.jpg","type":"image\/jpeg"}],"author":"anja.hall","twitter_card":"summary_large_image","twitter_image":"https:\/\/www.immobilienbusiness.ch\/wp-content\/uploads\/2018\/11\/Implenia-1.jpg","schema":{"@context":"https:\/\/schema.org","@graph":[{"@type":"Article","@id":"https:\/\/www.immobilienbusiness.ch\/unternehmen\/2018-11-14\/implenia-erweitert-verwaltungsrat-mit-barbara-lambert\/#article","isPartOf":{"@id":"https:\/\/www.immobilienbusiness.ch\/unternehmen\/2018-11-14\/implenia-erweitert-verwaltungsrat-mit-barbara-lambert\/"},"author":{"name":"anja.hall","@id":"https:\/\/www.immobilienbusiness.ch\/#\/schema\/person\/3fc036297b10b9f42d6db5ee932af8c8"},"headline":"Implenia erweitert Verwaltungsrat","datePublished":"2018-11-14T07:33:57+00:00","mainEntityOfPage":{"@id":"https:\/\/www.immobilienbusiness.ch\/unternehmen\/2018-11-14\/implenia-erweitert-verwaltungsrat-mit-barbara-lambert\/"},"wordCount":185,"commentCount":0,"publisher":{"@id":"https:\/\/www.immobilienbusiness.ch\/#organization"},"image":{"@id":"https:\/\/www.immobilienbusiness.ch\/unternehmen\/2018-11-14\/implenia-erweitert-verwaltungsrat-mit-barbara-lambert\/#primaryimage"},"thumbnailUrl":"https:\/\/www.immobilienbusiness.ch\/wp-content\/uploads\/2018\/11\/Implenia-1.jpg","keywords":["Implenia","Personalia","Verwaltungsrat"],"articleSection":["UNTERNEHMEN"],"inLanguage":"it-IT"},{"@type":"WebPage","@id":"https:\/\/www.immobilienbusiness.ch\/unternehmen\/2018-11-14\/implenia-erweitert-verwaltungsrat-mit-barbara-lambert\/","url":"https:\/\/www.immobilienbusiness.ch\/unternehmen\/2018-11-14\/implenia-erweitert-verwaltungsrat-mit-barbara-lambert\/","name":"Implenia erweitert Verwaltungsrat - IMMOBILIEN Business","isPartOf":{"@id":"https:\/\/www.immobilienbusiness.ch\/#website"},"primaryImageOfPage":{"@id":"https:\/\/www.immobilienbusiness.ch\/unternehmen\/2018-11-14\/implenia-erweitert-verwaltungsrat-mit-barbara-lambert\/#primaryimage"},"image":{"@id":"https:\/\/www.immobilienbusiness.ch\/unternehmen\/2018-11-14\/implenia-erweitert-verwaltungsrat-mit-barbara-lambert\/#primaryimage"},"thumbnailUrl":"https:\/\/www.immobilienbusiness.ch\/wp-content\/uploads\/2018\/11\/Implenia-1.jpg","datePublished":"2018-11-14T07:33:57+00:00","description":"Die ehemalige Ernst & Young-Partnerin Barbara Lambert soll in den Verwaltungsrat von Implenia einziehen.","breadcrumb":{"@id":"https:\/\/www.immobilienbusiness.ch\/unternehmen\/2018-11-14\/implenia-erweitert-verwaltungsrat-mit-barbara-lambert\/#breadcrumb"},"inLanguage":"it-IT","potentialAction":[{"@type":"ReadAction","target":["https:\/\/www.immobilienbusiness.ch\/unternehmen\/2018-11-14\/implenia-erweitert-verwaltungsrat-mit-barbara-lambert\/"]}]},{"@type":"ImageObject","inLanguage":"it-IT","@id":"https:\/\/www.immobilienbusiness.ch\/unternehmen\/2018-11-14\/implenia-erweitert-verwaltungsrat-mit-barbara-lambert\/#primaryimage","url":"https:\/\/www.immobilienbusiness.ch\/wp-content\/uploads\/2018\/11\/Implenia-1.jpg","contentUrl":"https:\/\/www.immobilienbusiness.ch\/wp-content\/uploads\/2018\/11\/Implenia-1.jpg","width":2560,"height":2560,"caption":"Barbara Lambert (Bild: Implenia)"},{"@type":"BreadcrumbList","@id":"https:\/\/www.immobilienbusiness.ch\/unternehmen\/2018-11-14\/implenia-erweitert-verwaltungsrat-mit-barbara-lambert\/#breadcrumb","itemListElement":[{"@type":"ListItem","position":1,"name":"Home","item":"https:\/\/www.immobilienbusiness.ch\/"},{"@type":"ListItem","position":2,"name":"Implenia erweitert Verwaltungsrat"}]},{"@type":"WebSite","@id":"https:\/\/www.immobilienbusiness.ch\/#website","url":"https:\/\/www.immobilienbusiness.ch\/","name":"Affari immobiliari","description":"Rivista economica indipendente svizzera che si concentra sul settore immobiliare, l'architettura e la costruzione, nonch\u00e9 sugli investimenti e i finanziamenti.","publisher":{"@id":"https:\/\/www.immobilienbusiness.ch\/#organization"},"potentialAction":[{"@type":"SearchAction","target":{"@type":"EntryPoint","urlTemplate":"https:\/\/www.immobilienbusiness.ch\/?s={search_term_string}"},"query-input":{"@type":"PropertyValueSpecification","valueRequired":true,"valueName":"search_term_string"}}],"inLanguage":"it-IT"},{"@type":"Organization","@id":"https:\/\/www.immobilienbusiness.ch\/#organization","name":"Affari immobiliari","url":"https:\/\/www.immobilienbusiness.ch\/","logo":{"@type":"ImageObject","inLanguage":"it-IT","@id":"https:\/\/www.immobilienbusiness.ch\/#\/schema\/logo\/image\/","url":"https:\/\/www.immobilienbusiness.ch\/wp-content\/uploads\/2021\/07\/logo_ib.png","contentUrl":"https:\/\/www.immobilienbusiness.ch\/wp-content\/uploads\/2021\/07\/logo_ib.png","width":800,"height":181,"caption":"IMMOBILIEN Business"},"image":{"@id":"https:\/\/www.immobilienbusiness.ch\/#\/schema\/logo\/image\/"},"sameAs":["https:\/\/www.facebook.com\/immobilienbusiness\/"]},{"@type":"Person","@id":"https:\/\/www.immobilienbusiness.ch\/#\/schema\/person\/3fc036297b10b9f42d6db5ee932af8c8","name":"anja.hall","image":{"@type":"ImageObject","inLanguage":"it-IT","@id":"https:\/\/secure.gravatar.com\/avatar\/066b5a0d447013502c71a5782f4f3469f03cfe595cc2329fb94652fe47511bfb?s=96&d=mm&r=g","url":"https:\/\/secure.gravatar.com\/avatar\/066b5a0d447013502c71a5782f4f3469f03cfe595cc2329fb94652fe47511bfb?s=96&d=mm&r=g","contentUrl":"https:\/\/secure.gravatar.com\/avatar\/066b5a0d447013502c71a5782f4f3469f03cfe595cc2329fb94652fe47511bfb?s=96&d=mm&r=g","caption":"anja.hall"},"url":"https:\/\/www.immobilienbusiness.ch\/it\/author\/anja-hall\/"}]}},"_links":{"self":[{"href":"https:\/\/www.immobilienbusiness.ch\/it\/wp-json\/wp\/v2\/posts\/14884","targetHints":{"allow":["GET"]}}],"collection":[{"href":"https:\/\/www.immobilienbusiness.ch\/it\/wp-json\/wp\/v2\/posts"}],"about":[{"href":"https:\/\/www.immobilienbusiness.ch\/it\/wp-json\/wp\/v2\/types\/post"}],"author":[{"embeddable":true,"href":"https:\/\/www.immobilienbusiness.ch\/it\/wp-json\/wp\/v2\/users\/3"}],"replies":[{"embeddable":true,"href":"https:\/\/www.immobilienbusiness.ch\/it\/wp-json\/wp\/v2\/comments?post=14884"}],"version-history":[{"count":0,"href":"https:\/\/www.immobilienbusiness.ch\/it\/wp-json\/wp\/v2\/posts\/14884\/revisions"}],"wp:featuredmedia":[{"embeddable":true,"href":"https:\/\/www.immobilienbusiness.ch\/it\/wp-json\/wp\/v2\/media\/14888"}],"wp:attachment":[{"href":"https:\/\/www.immobilienbusiness.ch\/it\/wp-json\/wp\/v2\/media?parent=14884"}],"wp:term":[{"taxonomy":"category","embeddable":true,"href":"https:\/\/www.immobilienbusiness.ch\/it\/wp-json\/wp\/v2\/categories?post=14884"},{"taxonomy":"post_tag","embeddable":true,"href":"https:\/\/www.immobilienbusiness.ch\/it\/wp-json\/wp\/v2\/tags?post=14884"}],"curies":[{"name":"wp","href":"https:\/\/api.w.org\/{rel}","templated":true}]}}